{"id":3898,"date":"2019-04-03T14:57:58","date_gmt":"2019-04-03T17:57:58","guid":{"rendered":"https:\/\/www.projetopack.com.br\/2020\/?p=3898"},"modified":"2021-09-11T15:52:45","modified_gmt":"2021-09-11T18:52:45","slug":"x-rite-anuncia-novidades-para-nova-versao-do-color-imatch","status":"publish","type":"post","link":"https:\/\/projetopack.com.br\/en\/x-rite-anuncia-novidades-para-nova-versao-do-color-imatch\/","title":{"rendered":"X-Rite anuncia novidades para nova vers\u00e3o do Color iMatch"},"content":{"rendered":"<p>A <strong>X-Rite<\/strong> anunciou novidades para a nova vers\u00e3o do <strong>Color iMatch<\/strong>, software de formula\u00e7\u00e3o de tintas e revestimentos que, agora, passa a contar com recursos ampliados para aplica\u00e7\u00f5es em pl\u00e1sticos e tecidos.<\/p>\n<p>A nova vers\u00e3o apresenta um mecanismo de correspond\u00eancia mais inteligente, com novo algoritmo correto que permite uma melhor utiliza\u00e7\u00e3o de dados capturados. Assim, os gerentes de laborat\u00f3rio e profissionais de formula\u00e7\u00e3o podem agilizar fluxos de trabalho complicados e fornecer melhores correspond\u00eancias de cores em menos etapas, para tempos de formula\u00e7\u00e3o mais r\u00e1pidos, redu\u00e7\u00e3o de custos e redu\u00e7\u00e3o de desperd\u00edcio.<\/p>\n<p>Entre os novos recursos, merecem destaque as <strong>ferramentas de busca a corre\u00e7\u00e3o<\/strong>, que usam algoritmo de pesquisa mais preciso para identificar f\u00f3rmulas que cont\u00eam &nbsp; &nbsp; &nbsp; &nbsp; &nbsp; as combina\u00e7\u00f5es de pigmentos mais assertivas para agilizar os processos de formula\u00e7\u00e3o; <strong>indicadores de desempenho de pigmentos<\/strong> e <strong>recursos de corre\u00e7\u00e3o din\u00e2micos<\/strong> baseados em hist\u00f3ricos para otimizar o processo de formula\u00e7\u00e3o e reduzir as etapas de corre\u00e7\u00e3o; <strong>recurso Editor de Sortimento de Colorantes<\/strong> atualizado para especifica\u00e7\u00e3o confi\u00e1vel na previs\u00e3o da correspond\u00eancia de cores; <strong>novas Regras de Formula\u00e7\u00e3o Din\u00e2micas e recursos de Processamento em Lote<\/strong> que permitem aos usu\u00e1rios rapidamente padronizar processos entre trabalhos, materiais e especifica\u00e7\u00f5es dos clientes; o <strong>Visualizador de Gama<\/strong>, que avalia visualmente a capacidade de aplica\u00e7\u00e3o de uma cor atrav\u00e9s da sobreposi\u00e7\u00e3o entre pigmento e substrato, auxiliando na escolha mais assertiva e nas corre\u00e7\u00f5es necess\u00e1rias; e uma interface mais moderna e intuitiva, que reduz o tempo de aprendizado e treinamento.<\/p>\n<p>&#8220;No atual ambiente de produ\u00e7\u00e3o just-in-time, \u00e9 fundamental que se tenha tecnologias assertivas para assegurar a melhor combina\u00e7\u00e3o de cores em materiais como pl\u00e1stico, revestimento ou tecido, de modo a ajudar o cliente em seus neg\u00f3cios &#8220;, disse Richard Knapp, gerente de produtos da X-Rite e Pantone. \u201cA velocidade e a precis\u00e3o s\u00e3o essenciais &#8211; mesmo quando se t\u00eam paletas de cores maiores, materiais complexos e acabamentos de efeito, de modo a agregar ganho de tempo ao processo de formula\u00e7\u00e3o. Reprojetamos o mecanismo de formula\u00e7\u00e3o no Color iMatch para melhorar significativamente o desempenho inicial de correspond\u00eancia e corre\u00e7\u00e3o, o que pode permitir reduzir o n\u00famero de etapas pela metade para obter uma correspond\u00eancia de cores aprovada. Isso proporciona uma vantagem competitiva significativa aos fornecedores de resina, corante e pigmento, ajudando-os a enviar propostas rapidamente e conquistar novos neg\u00f3cios.\u201d<\/p>","protected":false},"excerpt":{"rendered":"<p>A X-Rite anunciou novidades para a nova vers\u00e3o do Color iMatch, software de formula\u00e7\u00e3o de tintas e revestimentos que, agora, passa a contar com recursos ampliados para aplica\u00e7\u00f5es em pl\u00e1sticos e tamb\u00e9m em tecidos.<\/p>","protected":false},"author":2,"featured_media":0,"comment_status":"open","ping_status":"open","sticky":false,"template":"","format":"standard","meta":{"footnotes":""},"categories":[877],"tags":[246,247,211],"class_list":["post-3898","post","type-post","status-publish","format-standard","hentry","category-arquivo","tag-color-match","tag-imatch","tag-x-rite"],"yoast_head":"<!-- This site is optimized with the Yoast SEO Premium plugin v27.1 (Yoast SEO v27.1.1) - https:\/\/yoast.com\/product\/yoast-seo-premium-wordpress\/ -->\n<title>X-Rite anuncia novidades para nova vers\u00e3o do Color iMatch - ProjetoPack<\/title>\n<meta name=\"description\" content=\"Confira o melhor conte\u00fado sobre tecnologia, design e gest\u00e3o de embalagens flex\u00edveis, r\u00f3tulos e impress\u00e3o.\" \/>\n<meta name=\"robots\" content=\"index, follow, max-snippet:-1, max-image-preview:large, max-video-preview:-1\" \/>\n<link rel=\"canonical\" href=\"https:\/\/projetopack.com.br\/en\/x-rite-anuncia-novidades-para-nova-versao-do-color-imatch\/\" \/>\n<meta property=\"og:locale\" content=\"en_US\" \/>\n<meta property=\"og:type\" content=\"article\" \/>\n<meta property=\"og:title\" content=\"X-Rite anuncia novidades para nova vers\u00e3o do Color iMatch\" \/>\n<meta property=\"og:description\" content=\"Confira o melhor conte\u00fado sobre tecnologia, design e gest\u00e3o de embalagens flex\u00edveis, r\u00f3tulos e impress\u00e3o.\" \/>\n<meta property=\"og:url\" content=\"https:\/\/projetopack.com.br\/en\/x-rite-anuncia-novidades-para-nova-versao-do-color-imatch\/\" \/>\n<meta property=\"og:site_name\" content=\"ProjetoPack\" \/>\n<meta property=\"article:published_time\" content=\"2019-04-03T17:57:58+00:00\" \/>\n<meta property=\"article:modified_time\" content=\"2021-09-11T18:52:45+00:00\" \/>\n<meta property=\"og:image\" content=\"https:\/\/projetopack.com.br\/wp-content\/uploads\/2020\/06\/Capa-1200x630-1.png\" \/>\n\t<meta property=\"og:image:width\" content=\"1200\" \/>\n\t<meta property=\"og:image:height\" content=\"630\" \/>\n\t<meta property=\"og:image:type\" content=\"image\/png\" \/>\n<meta name=\"author\" content=\"Aislan Baer\" \/>\n<meta name=\"twitter:card\" content=\"summary_large_image\" \/>\n<meta name=\"twitter:creator\" content=\"@ProjetoPack\" \/>\n<meta name=\"twitter:site\" content=\"@ProjetoPack\" \/>\n<meta name=\"twitter:label1\" content=\"Written by\" \/>\n\t<meta name=\"twitter:data1\" content=\"Aislan Baer\" \/>\n\t<meta name=\"twitter:label2\" content=\"Est. reading time\" \/>\n\t<meta name=\"twitter:data2\" content=\"2 minutes\" \/>\n<script type=\"application\/ld+json\" class=\"yoast-schema-graph\">{\"@context\":\"https:\/\/schema.org\",\"@graph\":[{\"@type\":\"Article\",\"@id\":\"https:\/\/projetopack.com.br\/en\/x-rite-anuncia-novidades-para-nova-versao-do-color-imatch\/#article\",\"isPartOf\":{\"@id\":\"https:\/\/projetopack.com.br\/en\/x-rite-anuncia-novidades-para-nova-versao-do-color-imatch\/\"},\"author\":{\"name\":\"Aislan Baer\",\"@id\":\"https:\/\/projetopack.com.br\/#\/schema\/person\/87cbd7d1e244880886d457815ebd2490\"},\"headline\":\"X-Rite anuncia novidades para nova vers\u00e3o do Color iMatch\",\"datePublished\":\"2019-04-03T17:57:58+00:00\",\"dateModified\":\"2021-09-11T18:52:45+00:00\",\"mainEntityOfPage\":{\"@id\":\"https:\/\/projetopack.com.br\/en\/x-rite-anuncia-novidades-para-nova-versao-do-color-imatch\/\"},\"wordCount\":441,\"commentCount\":0,\"publisher\":{\"@id\":\"https:\/\/projetopack.com.br\/#organization\"},\"keywords\":[\"color match\",\"imatch\",\"x-rite\"],\"articleSection\":[\"Arquivo\"],\"inLanguage\":\"en-US\",\"potentialAction\":[{\"@type\":\"CommentAction\",\"name\":\"Comment\",\"target\":[\"https:\/\/projetopack.com.br\/en\/x-rite-anuncia-novidades-para-nova-versao-do-color-imatch\/#respond\"]}]},{\"@type\":\"WebPage\",\"@id\":\"https:\/\/projetopack.com.br\/en\/x-rite-anuncia-novidades-para-nova-versao-do-color-imatch\/\",\"url\":\"https:\/\/projetopack.com.br\/en\/x-rite-anuncia-novidades-para-nova-versao-do-color-imatch\/\",\"name\":\"X-Rite anuncia novidades para nova vers\u00e3o do Color iMatch - ProjetoPack\",\"isPartOf\":{\"@id\":\"https:\/\/projetopack.com.br\/#website\"},\"datePublished\":\"2019-04-03T17:57:58+00:00\",\"dateModified\":\"2021-09-11T18:52:45+00:00\",\"description\":\"Confira o melhor conte\u00fado sobre tecnologia, design e gest\u00e3o de embalagens flex\u00edveis, r\u00f3tulos e impress\u00e3o.\",\"breadcrumb\":{\"@id\":\"https:\/\/projetopack.com.br\/en\/x-rite-anuncia-novidades-para-nova-versao-do-color-imatch\/#breadcrumb\"},\"inLanguage\":\"en-US\",\"potentialAction\":[{\"@type\":\"ReadAction\",\"target\":[\"https:\/\/projetopack.com.br\/en\/x-rite-anuncia-novidades-para-nova-versao-do-color-imatch\/\"]}]},{\"@type\":\"BreadcrumbList\",\"@id\":\"https:\/\/projetopack.com.br\/en\/x-rite-anuncia-novidades-para-nova-versao-do-color-imatch\/#breadcrumb\",\"itemListElement\":[{\"@type\":\"ListItem\",\"position\":1,\"name\":\"P\u00e1gina Inicial\",\"item\":\"https:\/\/projetopack.com.br\/\"},{\"@type\":\"ListItem\",\"position\":2,\"name\":\"Arquivo\",\"item\":\"https:\/\/projetopack.com.br\/en\/category\/arquivo\/\"},{\"@type\":\"ListItem\",\"position\":3,\"name\":\"X-Rite anuncia novidades para nova vers\u00e3o do Color iMatch\"}]},{\"@type\":\"WebSite\",\"@id\":\"https:\/\/projetopack.com.br\/#website\",\"url\":\"https:\/\/projetopack.com.br\/\",\"name\":\"ProjetoPack\",\"description\":\"Consultoria e servi\u00e7os para embalagens, r\u00f3tulos, etiquetas e processos de impress\u00e3o\",\"publisher\":{\"@id\":\"https:\/\/projetopack.com.br\/#organization\"},\"potentialAction\":[{\"@type\":\"SearchAction\",\"target\":{\"@type\":\"EntryPoint\",\"urlTemplate\":\"https:\/\/projetopack.com.br\/?s={search_term_string}\"},\"query-input\":{\"@type\":\"PropertyValueSpecification\",\"valueRequired\":true,\"valueName\":\"search_term_string\"}}],\"inLanguage\":\"en-US\"},{\"@type\":\"Organization\",\"@id\":\"https:\/\/projetopack.com.br\/#organization\",\"name\":\"ProjetoPack & Associados\",\"url\":\"https:\/\/projetopack.com.br\/\",\"logo\":{\"@type\":\"ImageObject\",\"inLanguage\":\"en-US\",\"@id\":\"https:\/\/projetopack.com.br\/#\/schema\/logo\/image\/\",\"url\":\"https:\/\/projetopack.com.br\/wp-content\/uploads\/2020\/09\/projetopack.png\",\"contentUrl\":\"https:\/\/projetopack.com.br\/wp-content\/uploads\/2020\/09\/projetopack.png\",\"width\":200,\"height\":200,\"caption\":\"ProjetoPack & Associados\"},\"image\":{\"@id\":\"https:\/\/projetopack.com.br\/#\/schema\/logo\/image\/\"},\"sameAs\":[\"https:\/\/x.com\/ProjetoPack\",\"https:\/\/www.linkedin.com\/company\/projetopack\/\"]},{\"@type\":\"Person\",\"@id\":\"https:\/\/projetopack.com.br\/#\/schema\/person\/87cbd7d1e244880886d457815ebd2490\",\"name\":\"Aislan Baer\",\"image\":{\"@type\":\"ImageObject\",\"inLanguage\":\"en-US\",\"@id\":\"https:\/\/projetopack.com.br\/#\/schema\/person\/image\/\",\"url\":\"https:\/\/projetopack.com.br\/wp-content\/uploads\/2021\/08\/Aislan-Busto-p-100x100.jpg\",\"contentUrl\":\"https:\/\/projetopack.com.br\/wp-content\/uploads\/2021\/08\/Aislan-Busto-p-100x100.jpg\",\"caption\":\"Aislan Baer\"},\"description\":\"Desde os \u00faltimos 20 anos, meu time e eu ajudamos mais de 300 empresas brasileiras e estrangeiras (algumas delas, l\u00edderes mundiais) a produzir embalagens flex\u00edveis e r\u00f3tulos com maior efici\u00eancia, menores custos e maior apelo visual, bem como centenas de donos de marcas a comprar suas embalagens flex\u00edveis e material impresso com um crit\u00e9rio mais t\u00e9cnico e assertivo. Ao mesmo tempo, gra\u00e7as \u00e0 nossa consultoria, muitas destas empresas melhoraram significativamente o seu processo de Impress\u00e3o (Impress\u00e3o de embalagens, Impress\u00e3o industrial, Impress\u00e3o funcional e, mais recentemente, bio impress\u00e3o e manufatura aditiva ou simplesmente Impress\u00e3o 3D). Se a sua empresa tem um problema relacionado a embalagens flex\u00edveis, r\u00f3tulos ou Impress\u00e3o, por mais insol\u00favel que lhe pare\u00e7a, aguardamos ansiosos a sua liga\u00e7\u00e3o ou e-mail. Este \u00e9 nosso trabalho e tamb\u00e9m a nossa paix\u00e3o.\",\"sameAs\":[\"http:\/\/www.projetopack.com\",\"https:\/\/www.linkedin.com\/in\/aislanbaer\/\"],\"jobTitle\":\"CEO @ ProjetoPack | L\u00edder em M&A no Setor de Impress\u00e3o e Embalagens no Brasil | Cofundador da Inovagraf e Neuraflow | Especialista em Inova\u00e7\u00e3o com IA na Impress\u00e3o | Printing Legacy Initiative | Empreendedor Serial\",\"url\":\"https:\/\/projetopack.com.br\/en\/author\/aislan\/\"}]}<\/script>\n<!-- \/ Yoast SEO Premium plugin. -->","yoast_head_json":{"title":"X-Rite anuncia novidades para nova vers\u00e3o do Color iMatch - ProjetoPack","description":"Confira o melhor conte\u00fado sobre tecnologia, design e gest\u00e3o de embalagens flex\u00edveis, r\u00f3tulos e impress\u00e3o.","robots":{"index":"index","follow":"follow","max-snippet":"max-snippet:-1","max-image-preview":"max-image-preview:large","max-video-preview":"max-video-preview:-1"},"canonical":"https:\/\/projetopack.com.br\/en\/x-rite-anuncia-novidades-para-nova-versao-do-color-imatch\/","og_locale":"en_US","og_type":"article","og_title":"X-Rite anuncia novidades para nova vers\u00e3o do Color iMatch","og_description":"Confira o melhor conte\u00fado sobre tecnologia, design e gest\u00e3o de embalagens flex\u00edveis, r\u00f3tulos e impress\u00e3o.","og_url":"https:\/\/projetopack.com.br\/en\/x-rite-anuncia-novidades-para-nova-versao-do-color-imatch\/","og_site_name":"ProjetoPack","article_published_time":"2019-04-03T17:57:58+00:00","article_modified_time":"2021-09-11T18:52:45+00:00","og_image":[{"width":1200,"height":630,"url":"https:\/\/projetopack.com.br\/wp-content\/uploads\/2020\/06\/Capa-1200x630-1.png","type":"image\/png"}],"author":"Aislan Baer","twitter_card":"summary_large_image","twitter_creator":"@ProjetoPack","twitter_site":"@ProjetoPack","twitter_misc":{"Written by":"Aislan Baer","Est. reading time":"2 minutes"},"schema":{"@context":"https:\/\/schema.org","@graph":[{"@type":"Article","@id":"https:\/\/projetopack.com.br\/en\/x-rite-anuncia-novidades-para-nova-versao-do-color-imatch\/#article","isPartOf":{"@id":"https:\/\/projetopack.com.br\/en\/x-rite-anuncia-novidades-para-nova-versao-do-color-imatch\/"},"author":{"name":"Aislan Baer","@id":"https:\/\/projetopack.com.br\/#\/schema\/person\/87cbd7d1e244880886d457815ebd2490"},"headline":"X-Rite anuncia novidades para nova vers\u00e3o do Color iMatch","datePublished":"2019-04-03T17:57:58+00:00","dateModified":"2021-09-11T18:52:45+00:00","mainEntityOfPage":{"@id":"https:\/\/projetopack.com.br\/en\/x-rite-anuncia-novidades-para-nova-versao-do-color-imatch\/"},"wordCount":441,"commentCount":0,"publisher":{"@id":"https:\/\/projetopack.com.br\/#organization"},"keywords":["color match","imatch","x-rite"],"articleSection":["Arquivo"],"inLanguage":"en-US","potentialAction":[{"@type":"CommentAction","name":"Comment","target":["https:\/\/projetopack.com.br\/en\/x-rite-anuncia-novidades-para-nova-versao-do-color-imatch\/#respond"]}]},{"@type":"WebPage","@id":"https:\/\/projetopack.com.br\/en\/x-rite-anuncia-novidades-para-nova-versao-do-color-imatch\/","url":"https:\/\/projetopack.com.br\/en\/x-rite-anuncia-novidades-para-nova-versao-do-color-imatch\/","name":"X-Rite anuncia novidades para nova vers\u00e3o do Color iMatch - ProjetoPack","isPartOf":{"@id":"https:\/\/projetopack.com.br\/#website"},"datePublished":"2019-04-03T17:57:58+00:00","dateModified":"2021-09-11T18:52:45+00:00","description":"Confira o melhor conte\u00fado sobre tecnologia, design e gest\u00e3o de embalagens flex\u00edveis, r\u00f3tulos e impress\u00e3o.","breadcrumb":{"@id":"https:\/\/projetopack.com.br\/en\/x-rite-anuncia-novidades-para-nova-versao-do-color-imatch\/#breadcrumb"},"inLanguage":"en-US","potentialAction":[{"@type":"ReadAction","target":["https:\/\/projetopack.com.br\/en\/x-rite-anuncia-novidades-para-nova-versao-do-color-imatch\/"]}]},{"@type":"BreadcrumbList","@id":"https:\/\/projetopack.com.br\/en\/x-rite-anuncia-novidades-para-nova-versao-do-color-imatch\/#breadcrumb","itemListElement":[{"@type":"ListItem","position":1,"name":"P\u00e1gina Inicial","item":"https:\/\/projetopack.com.br\/"},{"@type":"ListItem","position":2,"name":"Arquivo","item":"https:\/\/projetopack.com.br\/en\/category\/arquivo\/"},{"@type":"ListItem","position":3,"name":"X-Rite anuncia novidades para nova vers\u00e3o do Color iMatch"}]},{"@type":"WebSite","@id":"https:\/\/projetopack.com.br\/#website","url":"https:\/\/projetopack.com.br\/","name":"ProjetoPack","description":"Consultoria e servi\u00e7os para embalagens, r\u00f3tulos, etiquetas e processos de impress\u00e3o","publisher":{"@id":"https:\/\/projetopack.com.br\/#organization"},"potentialAction":[{"@type":"SearchAction","target":{"@type":"EntryPoint","urlTemplate":"https:\/\/projetopack.com.br\/?s={search_term_string}"},"query-input":{"@type":"PropertyValueSpecification","valueRequired":true,"valueName":"search_term_string"}}],"inLanguage":"en-US"},{"@type":"Organization","@id":"https:\/\/projetopack.com.br\/#organization","name":"ProjetoPack & Associados","url":"https:\/\/projetopack.com.br\/","logo":{"@type":"ImageObject","inLanguage":"en-US","@id":"https:\/\/projetopack.com.br\/#\/schema\/logo\/image\/","url":"https:\/\/projetopack.com.br\/wp-content\/uploads\/2020\/09\/projetopack.png","contentUrl":"https:\/\/projetopack.com.br\/wp-content\/uploads\/2020\/09\/projetopack.png","width":200,"height":200,"caption":"ProjetoPack & Associados"},"image":{"@id":"https:\/\/projetopack.com.br\/#\/schema\/logo\/image\/"},"sameAs":["https:\/\/x.com\/ProjetoPack","https:\/\/www.linkedin.com\/company\/projetopack\/"]},{"@type":"Person","@id":"https:\/\/projetopack.com.br\/#\/schema\/person\/87cbd7d1e244880886d457815ebd2490","name":"Aislan Baer","image":{"@type":"ImageObject","inLanguage":"en-US","@id":"https:\/\/projetopack.com.br\/#\/schema\/person\/image\/","url":"https:\/\/projetopack.com.br\/wp-content\/uploads\/2021\/08\/Aislan-Busto-p-100x100.jpg","contentUrl":"https:\/\/projetopack.com.br\/wp-content\/uploads\/2021\/08\/Aislan-Busto-p-100x100.jpg","caption":"Aislan Baer"},"description":"Desde os \u00faltimos 20 anos, meu time e eu ajudamos mais de 300 empresas brasileiras e estrangeiras (algumas delas, l\u00edderes mundiais) a produzir embalagens flex\u00edveis e r\u00f3tulos com maior efici\u00eancia, menores custos e maior apelo visual, bem como centenas de donos de marcas a comprar suas embalagens flex\u00edveis e material impresso com um crit\u00e9rio mais t\u00e9cnico e assertivo. Ao mesmo tempo, gra\u00e7as \u00e0 nossa consultoria, muitas destas empresas melhoraram significativamente o seu processo de Impress\u00e3o (Impress\u00e3o de embalagens, Impress\u00e3o industrial, Impress\u00e3o funcional e, mais recentemente, bio impress\u00e3o e manufatura aditiva ou simplesmente Impress\u00e3o 3D). Se a sua empresa tem um problema relacionado a embalagens flex\u00edveis, r\u00f3tulos ou Impress\u00e3o, por mais insol\u00favel que lhe pare\u00e7a, aguardamos ansiosos a sua liga\u00e7\u00e3o ou e-mail. Este \u00e9 nosso trabalho e tamb\u00e9m a nossa paix\u00e3o.","sameAs":["http:\/\/www.projetopack.com","https:\/\/www.linkedin.com\/in\/aislanbaer\/"],"jobTitle":"CEO @ ProjetoPack | L\u00edder em M&A no Setor de Impress\u00e3o e Embalagens no Brasil | Cofundador da Inovagraf e Neuraflow | Especialista em Inova\u00e7\u00e3o com IA na Impress\u00e3o | Printing Legacy Initiative | Empreendedor Serial","url":"https:\/\/projetopack.com.br\/en\/author\/aislan\/"}]}},"_links":{"self":[{"href":"https:\/\/projetopack.com.br\/en\/wp-json\/wp\/v2\/posts\/3898","targetHints":{"allow":["GET"]}}],"collection":[{"href":"https:\/\/projetopack.com.br\/en\/wp-json\/wp\/v2\/posts"}],"about":[{"href":"https:\/\/projetopack.com.br\/en\/wp-json\/wp\/v2\/types\/post"}],"author":[{"embeddable":true,"href":"https:\/\/projetopack.com.br\/en\/wp-json\/wp\/v2\/users\/2"}],"replies":[{"embeddable":true,"href":"https:\/\/projetopack.com.br\/en\/wp-json\/wp\/v2\/comments?post=3898"}],"version-history":[{"count":0,"href":"https:\/\/projetopack.com.br\/en\/wp-json\/wp\/v2\/posts\/3898\/revisions"}],"wp:attachment":[{"href":"https:\/\/projetopack.com.br\/en\/wp-json\/wp\/v2\/media?parent=3898"}],"wp:term":[{"taxonomy":"category","embeddable":true,"href":"https:\/\/projetopack.com.br\/en\/wp-json\/wp\/v2\/categories?post=3898"},{"taxonomy":"post_tag","embeddable":true,"href":"https:\/\/projetopack.com.br\/en\/wp-json\/wp\/v2\/tags?post=3898"}],"curies":[{"name":"wp","href":"https:\/\/api.w.org\/{rel}","templated":true}]}}