{"id":39417,"date":"2024-01-22T18:21:49","date_gmt":"2024-01-22T21:21:49","guid":{"rendered":"https:\/\/www.projetopack.com.br\/?p=39417"},"modified":"2026-03-16T16:48:01","modified_gmt":"2026-03-16T19:48:01","slug":"etiqueta-desenvolvida-pela-paa-label-para-dar-maior-praticidade-destaque-e-seguranca-ao-seu-produto","status":"publish","type":"post","link":"https:\/\/projetopack.com.br\/en\/etiqueta-desenvolvida-pela-paa-label-para-dar-maior-praticidade-destaque-e-seguranca-ao-seu-produto\/","title":{"rendered":"Etiqueta desenvolvida pela PAA Label para dar maior praticidade, destaque e seguran\u00e7a ao seu produto."},"content":{"rendered":"<p>Estas etiquetas s\u00e3o ideais para uso na ind\u00fastria de&nbsp;<strong>aparelhos el\u00e9trico eletr\u00f4nicos<\/strong>,&nbsp;<strong>bens dur\u00e1veis<\/strong>,&nbsp;<strong>auto pe\u00e7as<\/strong>, etc. Podem ser&nbsp;<strong>personalizadas<\/strong>&nbsp;e a estrutura utilizada \u00e9 de&nbsp;<strong>filme de BOPP metalizado&nbsp;<\/strong>de alta adesividade e blindada com&nbsp;<strong>filme de BOPP transparente<\/strong>.<\/p>\n\n\n\n<p><strong>A PAA Label&nbsp;<\/strong>\u00e9 licenciada para usar a&nbsp;<strong>Tecnologia<\/strong>&nbsp;desenvolvida e patenteada pela Identilabel para produ\u00e7\u00e3o e comercializa\u00e7\u00e3o de etiquetas e r\u00f3tulos autoadesivos para&nbsp;<strong>marca\u00e7\u00e3o de dados vari\u00e1veis&nbsp;<\/strong>com&nbsp;<strong>laser<\/strong>. Neste processo existem in\u00fameras vantagens como a elimina\u00e7\u00e3o de qualquer tipo de consum\u00edveis (Ribbon, tinta etc.) e o processo n\u00e3o deixa nenhum tipo de res\u00edduos como o ribbon utilizado no processo de termo transfer\u00eancia cujo res\u00edduo descartado exp\u00f5e as informa\u00e7\u00f5es vari\u00e1veis impressas que podem ser sigilosas.<\/p>\n\n\n\n<p>Nas etiquetas dur\u00e1veis&nbsp;<strong>DURAPRINT<\/strong>&nbsp;com&nbsp;<strong>grava\u00e7\u00e3o de dados vari\u00e1veis a laser<\/strong>, s\u00e3o utilizadas etiquetas pr\u00e9-impressas com campos para impress\u00e3o dos dados vari\u00e1veis (c\u00f3digo vari\u00e1vel, data de fabrica\u00e7\u00e3o, data de validade,&nbsp;<strong>QR Code<\/strong>, c\u00f3digo de barra etc.) al\u00e9m de serem indel\u00e9veis.<\/p>\n\n\n\n<p>A&nbsp;<strong>marca\u00e7\u00e3o a laser&nbsp;<\/strong>possibilita o uso de&nbsp;<strong>microtextos invis\u00edveis&nbsp;<\/strong>a olho nu como item de seguran\u00e7a. O material usado na fabrica\u00e7\u00e3o destas etiquetas consiste na lamina\u00e7\u00e3o de dois filmes de BOPP com uma camada intermedi\u00e1ria de adesivo sens\u00edvel a marca\u00e7\u00e3o a laser, processo patenteado. Sendo que no&nbsp;<strong>MLN<\/strong>&nbsp;um filme \u00e9 pr\u00e9-impresso e o segundo transparente utilizado para prote\u00e7\u00e3o da impress\u00e3o e dos dados vari\u00e1veis j\u00e1 que a marca\u00e7\u00e3o a laser fica interna e blindada podendo ser submetidas a intemp\u00e9ries, tem alta resist\u00eancia a abras\u00e3o e ao ataque de uma grande quantidade de produtos qu\u00edmicos sem perder sua legibilidade al\u00e9m de evitar qualquer tipo de adultera\u00e7\u00e3o ou falsifica\u00e7\u00e3o apesar da marca\u00e7\u00e3o a laser ter sido feita ap\u00f3s o material j\u00e1 ter sido impresso com os dados fixos e laminado com o filme de BOPP transparente utilizado como blindagem.<\/p>\n\n\n\n<figure class=\"wp-block-image size-full\"><img fetchpriority=\"high\" decoding=\"async\" width=\"721\" height=\"478\" src=\"https:\/\/projetopack.com.br\/wp-content\/uploads\/2024\/01\/IMAGEM-2.png\" alt=\"\" class=\"wp-image-39419\" srcset=\"https:\/\/projetopack.com.br\/wp-content\/uploads\/2024\/01\/IMAGEM-2.png 721w, https:\/\/projetopack.com.br\/wp-content\/uploads\/2024\/01\/IMAGEM-2-768x509.png 768w, https:\/\/projetopack.com.br\/wp-content\/uploads\/2024\/01\/IMAGEM-2-18x12.png 18w, https:\/\/projetopack.com.br\/wp-content\/uploads\/2024\/01\/IMAGEM-2-300x198.png 300w, https:\/\/projetopack.com.br\/wp-content\/uploads\/2024\/01\/IMAGEM-2-600x397.png 600w\" sizes=\"(max-width: 721px) 100vw, 721px\" \/><\/figure>\n\n\n\n<p>Clique aqui e conhe\u00e7a o processo de marca\u00e7\u00e3o MLN. Entre em contato conosco para que possamos agendar uma reuni\u00e3o quando poderemos demonstrar o processo.<\/p>\n\n\n\n<p>A PAA Label \u00e9 fabricante de etiquetas e r\u00f3tulos autoadesivos para todos as finalidades como<strong>: R\u00f3tulos Bula, Bula Adesiva, Promocionais<\/strong>&nbsp;(figurinhas, Dry Peel, Hang Tag, etc.). Acesse o nosso site:&nbsp;<a href=\"http:\/\/www.paalabel.com.br\/\">www.paalabel.com.br<\/a>&nbsp;e conhe\u00e7a a nossa empresa e nossos produtos.<\/p>\n\n\n\n<p>Todos os nossos&nbsp;<strong>laminados autoadesivos&nbsp;<\/strong>s\u00e3o de fabrica\u00e7\u00e3o pr\u00f3pria e utilizam&nbsp;<strong>liner de BOPP&nbsp;<\/strong>o qual, \u00e9 100% recicl\u00e1vel e conhe\u00e7a tamb\u00e9m a nossa proposta de&nbsp;<strong>Economia Circular&nbsp;<\/strong>onde oferecemos a nossos clientes a recompra dos res\u00edduos de liner que ser\u00e3o reciclados e reinseridos na cadeia produtiva.<\/p>","protected":false},"excerpt":{"rendered":"<p>Estas etiquetas s\u00e3o ideais para uso na ind\u00fastria de&nbsp;aparelhos el\u00e9trico eletr\u00f4nicos,&nbsp;bens dur\u00e1veis,&nbsp;auto pe\u00e7as, etc. Podem ser&nbsp;personalizadas&nbsp;e a estrutura utilizada \u00e9 de&nbsp;filme de BOPP metalizado&nbsp;de alta adesividade e blindada com&nbsp;filme de BOPP transparente. A PAA Label&nbsp;\u00e9 licenciada para usar a&nbsp;Tecnologia&nbsp;desenvolvida e patenteada pela Identilabel para produ\u00e7\u00e3o e comercializa\u00e7\u00e3o de etiquetas e r\u00f3tulos autoadesivos para&nbsp;marca\u00e7\u00e3o de dados [&hellip;]<\/p>\n","protected":false},"author":2,"featured_media":39418,"comment_status":"open","ping_status":"closed","sticky":false,"template":"","format":"standard","meta":{"footnotes":""},"categories":[99],"tags":[],"class_list":["post-39417","post","type-post","status-publish","format-standard","has-post-thumbnail","hentry","category-artigos"],"yoast_head":"<!-- This site is optimized with the Yoast SEO Premium plugin v27.1 (Yoast SEO v27.1.1) - https:\/\/yoast.com\/product\/yoast-seo-premium-wordpress\/ -->\n<title>Etiqueta desenvolvida pela PAA Label para dar maior praticidade, destaque e seguran\u00e7a ao seu produto. - ProjetoPack<\/title>\n<meta name=\"description\" content=\"Confira o melhor conte\u00fado sobre tecnologia, design e gest\u00e3o de embalagens flex\u00edveis, r\u00f3tulos e impress\u00e3o.\" \/>\n<meta name=\"robots\" content=\"index, follow, max-snippet:-1, max-image-preview:large, max-video-preview:-1\" \/>\n<link rel=\"canonical\" href=\"https:\/\/projetopack.com.br\/en\/etiqueta-desenvolvida-pela-paa-label-para-dar-maior-praticidade-destaque-e-seguranca-ao-seu-produto\/\" \/>\n<meta property=\"og:locale\" content=\"en_US\" \/>\n<meta property=\"og:type\" content=\"article\" \/>\n<meta property=\"og:title\" content=\"Etiqueta desenvolvida pela PAA Label para dar maior praticidade, destaque e seguran\u00e7a ao seu produto.\" \/>\n<meta property=\"og:description\" content=\"Confira o melhor conte\u00fado sobre tecnologia, design e gest\u00e3o de embalagens flex\u00edveis, r\u00f3tulos e impress\u00e3o.\" \/>\n<meta property=\"og:url\" content=\"https:\/\/projetopack.com.br\/en\/etiqueta-desenvolvida-pela-paa-label-para-dar-maior-praticidade-destaque-e-seguranca-ao-seu-produto\/\" \/>\n<meta property=\"og:site_name\" content=\"ProjetoPack\" \/>\n<meta property=\"article:published_time\" content=\"2024-01-22T21:21:49+00:00\" \/>\n<meta property=\"article:modified_time\" content=\"2026-03-16T19:48:01+00:00\" \/>\n<meta property=\"og:image\" content=\"https:\/\/projetopack.com.br\/wp-content\/uploads\/2024\/01\/IMAGEM-1.png\" \/>\n\t<meta property=\"og:image:width\" content=\"1080\" \/>\n\t<meta property=\"og:image:height\" content=\"1350\" \/>\n\t<meta property=\"og:image:type\" content=\"image\/png\" \/>\n<meta name=\"author\" content=\"Aislan Baer\" \/>\n<meta name=\"twitter:card\" content=\"summary_large_image\" \/>\n<meta name=\"twitter:creator\" content=\"@ProjetoPack\" \/>\n<meta name=\"twitter:site\" content=\"@ProjetoPack\" \/>\n<meta name=\"twitter:label1\" content=\"Written by\" \/>\n\t<meta name=\"twitter:data1\" content=\"Aislan Baer\" \/>\n\t<meta name=\"twitter:label2\" content=\"Est. reading time\" \/>\n\t<meta name=\"twitter:data2\" content=\"3 minutes\" \/>\n<script type=\"application\/ld+json\" class=\"yoast-schema-graph\">{\"@context\":\"https:\/\/schema.org\",\"@graph\":[{\"@type\":\"Article\",\"@id\":\"https:\/\/projetopack.com.br\/etiqueta-desenvolvida-pela-paa-label-para-dar-maior-praticidade-destaque-e-seguranca-ao-seu-produto\/#article\",\"isPartOf\":{\"@id\":\"https:\/\/projetopack.com.br\/etiqueta-desenvolvida-pela-paa-label-para-dar-maior-praticidade-destaque-e-seguranca-ao-seu-produto\/\"},\"author\":{\"name\":\"Aislan Baer\",\"@id\":\"https:\/\/projetopack.com.br\/#\/schema\/person\/87cbd7d1e244880886d457815ebd2490\"},\"headline\":\"Etiqueta desenvolvida pela PAA Label para dar maior praticidade, destaque e seguran\u00e7a ao seu produto.\",\"datePublished\":\"2024-01-22T21:21:49+00:00\",\"dateModified\":\"2026-03-16T19:48:01+00:00\",\"mainEntityOfPage\":{\"@id\":\"https:\/\/projetopack.com.br\/etiqueta-desenvolvida-pela-paa-label-para-dar-maior-praticidade-destaque-e-seguranca-ao-seu-produto\/\"},\"wordCount\":521,\"commentCount\":0,\"publisher\":{\"@id\":\"https:\/\/projetopack.com.br\/#organization\"},\"image\":{\"@id\":\"https:\/\/projetopack.com.br\/etiqueta-desenvolvida-pela-paa-label-para-dar-maior-praticidade-destaque-e-seguranca-ao-seu-produto\/#primaryimage\"},\"thumbnailUrl\":\"https:\/\/projetopack.com.br\/wp-content\/uploads\/2024\/01\/IMAGEM-1.png\",\"articleSection\":[\"Artigos\"],\"inLanguage\":\"en-US\",\"potentialAction\":[{\"@type\":\"CommentAction\",\"name\":\"Comment\",\"target\":[\"https:\/\/projetopack.com.br\/etiqueta-desenvolvida-pela-paa-label-para-dar-maior-praticidade-destaque-e-seguranca-ao-seu-produto\/#respond\"]}]},{\"@type\":\"WebPage\",\"@id\":\"https:\/\/projetopack.com.br\/etiqueta-desenvolvida-pela-paa-label-para-dar-maior-praticidade-destaque-e-seguranca-ao-seu-produto\/\",\"url\":\"https:\/\/projetopack.com.br\/etiqueta-desenvolvida-pela-paa-label-para-dar-maior-praticidade-destaque-e-seguranca-ao-seu-produto\/\",\"name\":\"Etiqueta desenvolvida pela PAA Label para dar maior praticidade, destaque e seguran\u00e7a ao seu produto. - ProjetoPack\",\"isPartOf\":{\"@id\":\"https:\/\/projetopack.com.br\/#website\"},\"primaryImageOfPage\":{\"@id\":\"https:\/\/projetopack.com.br\/etiqueta-desenvolvida-pela-paa-label-para-dar-maior-praticidade-destaque-e-seguranca-ao-seu-produto\/#primaryimage\"},\"image\":{\"@id\":\"https:\/\/projetopack.com.br\/etiqueta-desenvolvida-pela-paa-label-para-dar-maior-praticidade-destaque-e-seguranca-ao-seu-produto\/#primaryimage\"},\"thumbnailUrl\":\"https:\/\/projetopack.com.br\/wp-content\/uploads\/2024\/01\/IMAGEM-1.png\",\"datePublished\":\"2024-01-22T21:21:49+00:00\",\"dateModified\":\"2026-03-16T19:48:01+00:00\",\"description\":\"Confira o melhor conte\u00fado sobre tecnologia, design e gest\u00e3o de embalagens flex\u00edveis, r\u00f3tulos e impress\u00e3o.\",\"breadcrumb\":{\"@id\":\"https:\/\/projetopack.com.br\/etiqueta-desenvolvida-pela-paa-label-para-dar-maior-praticidade-destaque-e-seguranca-ao-seu-produto\/#breadcrumb\"},\"inLanguage\":\"en-US\",\"potentialAction\":[{\"@type\":\"ReadAction\",\"target\":[\"https:\/\/projetopack.com.br\/etiqueta-desenvolvida-pela-paa-label-para-dar-maior-praticidade-destaque-e-seguranca-ao-seu-produto\/\"]}]},{\"@type\":\"ImageObject\",\"inLanguage\":\"en-US\",\"@id\":\"https:\/\/projetopack.com.br\/etiqueta-desenvolvida-pela-paa-label-para-dar-maior-praticidade-destaque-e-seguranca-ao-seu-produto\/#primaryimage\",\"url\":\"https:\/\/projetopack.com.br\/wp-content\/uploads\/2024\/01\/IMAGEM-1.png\",\"contentUrl\":\"https:\/\/projetopack.com.br\/wp-content\/uploads\/2024\/01\/IMAGEM-1.png\",\"width\":1080,\"height\":1350},{\"@type\":\"BreadcrumbList\",\"@id\":\"https:\/\/projetopack.com.br\/etiqueta-desenvolvida-pela-paa-label-para-dar-maior-praticidade-destaque-e-seguranca-ao-seu-produto\/#breadcrumb\",\"itemListElement\":[{\"@type\":\"ListItem\",\"position\":1,\"name\":\"P\u00e1gina Inicial\",\"item\":\"https:\/\/projetopack.com.br\/\"},{\"@type\":\"ListItem\",\"position\":2,\"name\":\"Artigos\",\"item\":\"https:\/\/projetopack.com.br\/category\/artigos\/\"},{\"@type\":\"ListItem\",\"position\":3,\"name\":\"Etiqueta desenvolvida pela PAA Label para dar maior praticidade, destaque e seguran\u00e7a ao seu produto.\"}]},{\"@type\":\"WebSite\",\"@id\":\"https:\/\/projetopack.com.br\/#website\",\"url\":\"https:\/\/projetopack.com.br\/\",\"name\":\"ProjetoPack\",\"description\":\"Consultoria e servi\u00e7os para embalagens, r\u00f3tulos, etiquetas e processos de impress\u00e3o\",\"publisher\":{\"@id\":\"https:\/\/projetopack.com.br\/#organization\"},\"potentialAction\":[{\"@type\":\"SearchAction\",\"target\":{\"@type\":\"EntryPoint\",\"urlTemplate\":\"https:\/\/projetopack.com.br\/?s={search_term_string}\"},\"query-input\":{\"@type\":\"PropertyValueSpecification\",\"valueRequired\":true,\"valueName\":\"search_term_string\"}}],\"inLanguage\":\"en-US\"},{\"@type\":\"Organization\",\"@id\":\"https:\/\/projetopack.com.br\/#organization\",\"name\":\"ProjetoPack & Associados\",\"url\":\"https:\/\/projetopack.com.br\/\",\"logo\":{\"@type\":\"ImageObject\",\"inLanguage\":\"en-US\",\"@id\":\"https:\/\/projetopack.com.br\/#\/schema\/logo\/image\/\",\"url\":\"https:\/\/projetopack.com.br\/wp-content\/uploads\/2020\/09\/projetopack.png\",\"contentUrl\":\"https:\/\/projetopack.com.br\/wp-content\/uploads\/2020\/09\/projetopack.png\",\"width\":200,\"height\":200,\"caption\":\"ProjetoPack & Associados\"},\"image\":{\"@id\":\"https:\/\/projetopack.com.br\/#\/schema\/logo\/image\/\"},\"sameAs\":[\"https:\/\/x.com\/ProjetoPack\",\"https:\/\/www.linkedin.com\/company\/projetopack\/\"]},{\"@type\":\"Person\",\"@id\":\"https:\/\/projetopack.com.br\/#\/schema\/person\/87cbd7d1e244880886d457815ebd2490\",\"name\":\"Aislan Baer\",\"image\":{\"@type\":\"ImageObject\",\"inLanguage\":\"en-US\",\"@id\":\"https:\/\/projetopack.com.br\/#\/schema\/person\/image\/\",\"url\":\"https:\/\/projetopack.com.br\/wp-content\/uploads\/2021\/08\/Aislan-Busto-p-100x100.jpg\",\"contentUrl\":\"https:\/\/projetopack.com.br\/wp-content\/uploads\/2021\/08\/Aislan-Busto-p-100x100.jpg\",\"caption\":\"Aislan Baer\"},\"description\":\"Desde os \u00faltimos 20 anos, meu time e eu ajudamos mais de 300 empresas brasileiras e estrangeiras (algumas delas, l\u00edderes mundiais) a produzir embalagens flex\u00edveis e r\u00f3tulos com maior efici\u00eancia, menores custos e maior apelo visual, bem como centenas de donos de marcas a comprar suas embalagens flex\u00edveis e material impresso com um crit\u00e9rio mais t\u00e9cnico e assertivo. Ao mesmo tempo, gra\u00e7as \u00e0 nossa consultoria, muitas destas empresas melhoraram significativamente o seu processo de Impress\u00e3o (Impress\u00e3o de embalagens, Impress\u00e3o industrial, Impress\u00e3o funcional e, mais recentemente, bio impress\u00e3o e manufatura aditiva ou simplesmente Impress\u00e3o 3D). Se a sua empresa tem um problema relacionado a embalagens flex\u00edveis, r\u00f3tulos ou Impress\u00e3o, por mais insol\u00favel que lhe pare\u00e7a, aguardamos ansiosos a sua liga\u00e7\u00e3o ou e-mail. Este \u00e9 nosso trabalho e tamb\u00e9m a nossa paix\u00e3o.\",\"sameAs\":[\"http:\/\/www.projetopack.com\",\"https:\/\/www.linkedin.com\/in\/aislanbaer\/\"],\"jobTitle\":\"CEO @ ProjetoPack | L\u00edder em M&A no Setor de Impress\u00e3o e Embalagens no Brasil | Cofundador da Inovagraf e Neuraflow | Especialista em Inova\u00e7\u00e3o com IA na Impress\u00e3o | Printing Legacy Initiative | Empreendedor Serial\",\"url\":\"https:\/\/projetopack.com.br\/en\/author\/aislan\/\"}]}<\/script>\n<!-- \/ Yoast SEO Premium plugin. -->","yoast_head_json":{"title":"Etiqueta desenvolvida pela PAA Label para dar maior praticidade, destaque e seguran\u00e7a ao seu produto. - ProjetoPack","description":"Confira o melhor conte\u00fado sobre tecnologia, design e gest\u00e3o de embalagens flex\u00edveis, r\u00f3tulos e impress\u00e3o.","robots":{"index":"index","follow":"follow","max-snippet":"max-snippet:-1","max-image-preview":"max-image-preview:large","max-video-preview":"max-video-preview:-1"},"canonical":"https:\/\/projetopack.com.br\/en\/etiqueta-desenvolvida-pela-paa-label-para-dar-maior-praticidade-destaque-e-seguranca-ao-seu-produto\/","og_locale":"en_US","og_type":"article","og_title":"Etiqueta desenvolvida pela PAA Label para dar maior praticidade, destaque e seguran\u00e7a ao seu produto.","og_description":"Confira o melhor conte\u00fado sobre tecnologia, design e gest\u00e3o de embalagens flex\u00edveis, r\u00f3tulos e impress\u00e3o.","og_url":"https:\/\/projetopack.com.br\/en\/etiqueta-desenvolvida-pela-paa-label-para-dar-maior-praticidade-destaque-e-seguranca-ao-seu-produto\/","og_site_name":"ProjetoPack","article_published_time":"2024-01-22T21:21:49+00:00","article_modified_time":"2026-03-16T19:48:01+00:00","og_image":[{"width":1080,"height":1350,"url":"https:\/\/projetopack.com.br\/wp-content\/uploads\/2024\/01\/IMAGEM-1.png","type":"image\/png"}],"author":"Aislan Baer","twitter_card":"summary_large_image","twitter_creator":"@ProjetoPack","twitter_site":"@ProjetoPack","twitter_misc":{"Written by":"Aislan Baer","Est. reading time":"3 minutes"},"schema":{"@context":"https:\/\/schema.org","@graph":[{"@type":"Article","@id":"https:\/\/projetopack.com.br\/etiqueta-desenvolvida-pela-paa-label-para-dar-maior-praticidade-destaque-e-seguranca-ao-seu-produto\/#article","isPartOf":{"@id":"https:\/\/projetopack.com.br\/etiqueta-desenvolvida-pela-paa-label-para-dar-maior-praticidade-destaque-e-seguranca-ao-seu-produto\/"},"author":{"name":"Aislan Baer","@id":"https:\/\/projetopack.com.br\/#\/schema\/person\/87cbd7d1e244880886d457815ebd2490"},"headline":"Etiqueta desenvolvida pela PAA Label para dar maior praticidade, destaque e seguran\u00e7a ao seu produto.","datePublished":"2024-01-22T21:21:49+00:00","dateModified":"2026-03-16T19:48:01+00:00","mainEntityOfPage":{"@id":"https:\/\/projetopack.com.br\/etiqueta-desenvolvida-pela-paa-label-para-dar-maior-praticidade-destaque-e-seguranca-ao-seu-produto\/"},"wordCount":521,"commentCount":0,"publisher":{"@id":"https:\/\/projetopack.com.br\/#organization"},"image":{"@id":"https:\/\/projetopack.com.br\/etiqueta-desenvolvida-pela-paa-label-para-dar-maior-praticidade-destaque-e-seguranca-ao-seu-produto\/#primaryimage"},"thumbnailUrl":"https:\/\/projetopack.com.br\/wp-content\/uploads\/2024\/01\/IMAGEM-1.png","articleSection":["Artigos"],"inLanguage":"en-US","potentialAction":[{"@type":"CommentAction","name":"Comment","target":["https:\/\/projetopack.com.br\/etiqueta-desenvolvida-pela-paa-label-para-dar-maior-praticidade-destaque-e-seguranca-ao-seu-produto\/#respond"]}]},{"@type":"WebPage","@id":"https:\/\/projetopack.com.br\/etiqueta-desenvolvida-pela-paa-label-para-dar-maior-praticidade-destaque-e-seguranca-ao-seu-produto\/","url":"https:\/\/projetopack.com.br\/etiqueta-desenvolvida-pela-paa-label-para-dar-maior-praticidade-destaque-e-seguranca-ao-seu-produto\/","name":"Etiqueta desenvolvida pela PAA Label para dar maior praticidade, destaque e seguran\u00e7a ao seu produto. - ProjetoPack","isPartOf":{"@id":"https:\/\/projetopack.com.br\/#website"},"primaryImageOfPage":{"@id":"https:\/\/projetopack.com.br\/etiqueta-desenvolvida-pela-paa-label-para-dar-maior-praticidade-destaque-e-seguranca-ao-seu-produto\/#primaryimage"},"image":{"@id":"https:\/\/projetopack.com.br\/etiqueta-desenvolvida-pela-paa-label-para-dar-maior-praticidade-destaque-e-seguranca-ao-seu-produto\/#primaryimage"},"thumbnailUrl":"https:\/\/projetopack.com.br\/wp-content\/uploads\/2024\/01\/IMAGEM-1.png","datePublished":"2024-01-22T21:21:49+00:00","dateModified":"2026-03-16T19:48:01+00:00","description":"Confira o melhor conte\u00fado sobre tecnologia, design e gest\u00e3o de embalagens flex\u00edveis, r\u00f3tulos e impress\u00e3o.","breadcrumb":{"@id":"https:\/\/projetopack.com.br\/etiqueta-desenvolvida-pela-paa-label-para-dar-maior-praticidade-destaque-e-seguranca-ao-seu-produto\/#breadcrumb"},"inLanguage":"en-US","potentialAction":[{"@type":"ReadAction","target":["https:\/\/projetopack.com.br\/etiqueta-desenvolvida-pela-paa-label-para-dar-maior-praticidade-destaque-e-seguranca-ao-seu-produto\/"]}]},{"@type":"ImageObject","inLanguage":"en-US","@id":"https:\/\/projetopack.com.br\/etiqueta-desenvolvida-pela-paa-label-para-dar-maior-praticidade-destaque-e-seguranca-ao-seu-produto\/#primaryimage","url":"https:\/\/projetopack.com.br\/wp-content\/uploads\/2024\/01\/IMAGEM-1.png","contentUrl":"https:\/\/projetopack.com.br\/wp-content\/uploads\/2024\/01\/IMAGEM-1.png","width":1080,"height":1350},{"@type":"BreadcrumbList","@id":"https:\/\/projetopack.com.br\/etiqueta-desenvolvida-pela-paa-label-para-dar-maior-praticidade-destaque-e-seguranca-ao-seu-produto\/#breadcrumb","itemListElement":[{"@type":"ListItem","position":1,"name":"P\u00e1gina Inicial","item":"https:\/\/projetopack.com.br\/"},{"@type":"ListItem","position":2,"name":"Artigos","item":"https:\/\/projetopack.com.br\/category\/artigos\/"},{"@type":"ListItem","position":3,"name":"Etiqueta desenvolvida pela PAA Label para dar maior praticidade, destaque e seguran\u00e7a ao seu produto."}]},{"@type":"WebSite","@id":"https:\/\/projetopack.com.br\/#website","url":"https:\/\/projetopack.com.br\/","name":"ProjetoPack","description":"Consultoria e servi\u00e7os para embalagens, r\u00f3tulos, etiquetas e processos de impress\u00e3o","publisher":{"@id":"https:\/\/projetopack.com.br\/#organization"},"potentialAction":[{"@type":"SearchAction","target":{"@type":"EntryPoint","urlTemplate":"https:\/\/projetopack.com.br\/?s={search_term_string}"},"query-input":{"@type":"PropertyValueSpecification","valueRequired":true,"valueName":"search_term_string"}}],"inLanguage":"en-US"},{"@type":"Organization","@id":"https:\/\/projetopack.com.br\/#organization","name":"ProjetoPack & Associados","url":"https:\/\/projetopack.com.br\/","logo":{"@type":"ImageObject","inLanguage":"en-US","@id":"https:\/\/projetopack.com.br\/#\/schema\/logo\/image\/","url":"https:\/\/projetopack.com.br\/wp-content\/uploads\/2020\/09\/projetopack.png","contentUrl":"https:\/\/projetopack.com.br\/wp-content\/uploads\/2020\/09\/projetopack.png","width":200,"height":200,"caption":"ProjetoPack & Associados"},"image":{"@id":"https:\/\/projetopack.com.br\/#\/schema\/logo\/image\/"},"sameAs":["https:\/\/x.com\/ProjetoPack","https:\/\/www.linkedin.com\/company\/projetopack\/"]},{"@type":"Person","@id":"https:\/\/projetopack.com.br\/#\/schema\/person\/87cbd7d1e244880886d457815ebd2490","name":"Aislan Baer","image":{"@type":"ImageObject","inLanguage":"en-US","@id":"https:\/\/projetopack.com.br\/#\/schema\/person\/image\/","url":"https:\/\/projetopack.com.br\/wp-content\/uploads\/2021\/08\/Aislan-Busto-p-100x100.jpg","contentUrl":"https:\/\/projetopack.com.br\/wp-content\/uploads\/2021\/08\/Aislan-Busto-p-100x100.jpg","caption":"Aislan Baer"},"description":"Desde os \u00faltimos 20 anos, meu time e eu ajudamos mais de 300 empresas brasileiras e estrangeiras (algumas delas, l\u00edderes mundiais) a produzir embalagens flex\u00edveis e r\u00f3tulos com maior efici\u00eancia, menores custos e maior apelo visual, bem como centenas de donos de marcas a comprar suas embalagens flex\u00edveis e material impresso com um crit\u00e9rio mais t\u00e9cnico e assertivo. Ao mesmo tempo, gra\u00e7as \u00e0 nossa consultoria, muitas destas empresas melhoraram significativamente o seu processo de Impress\u00e3o (Impress\u00e3o de embalagens, Impress\u00e3o industrial, Impress\u00e3o funcional e, mais recentemente, bio impress\u00e3o e manufatura aditiva ou simplesmente Impress\u00e3o 3D). Se a sua empresa tem um problema relacionado a embalagens flex\u00edveis, r\u00f3tulos ou Impress\u00e3o, por mais insol\u00favel que lhe pare\u00e7a, aguardamos ansiosos a sua liga\u00e7\u00e3o ou e-mail. Este \u00e9 nosso trabalho e tamb\u00e9m a nossa paix\u00e3o.","sameAs":["http:\/\/www.projetopack.com","https:\/\/www.linkedin.com\/in\/aislanbaer\/"],"jobTitle":"CEO @ ProjetoPack | L\u00edder em M&A no Setor de Impress\u00e3o e Embalagens no Brasil | Cofundador da Inovagraf e Neuraflow | Especialista em Inova\u00e7\u00e3o com IA na Impress\u00e3o | Printing Legacy Initiative | Empreendedor Serial","url":"https:\/\/projetopack.com.br\/en\/author\/aislan\/"}]}},"_links":{"self":[{"href":"https:\/\/projetopack.com.br\/en\/wp-json\/wp\/v2\/posts\/39417","targetHints":{"allow":["GET"]}}],"collection":[{"href":"https:\/\/projetopack.com.br\/en\/wp-json\/wp\/v2\/posts"}],"about":[{"href":"https:\/\/projetopack.com.br\/en\/wp-json\/wp\/v2\/types\/post"}],"author":[{"embeddable":true,"href":"https:\/\/projetopack.com.br\/en\/wp-json\/wp\/v2\/users\/2"}],"replies":[{"embeddable":true,"href":"https:\/\/projetopack.com.br\/en\/wp-json\/wp\/v2\/comments?post=39417"}],"version-history":[{"count":0,"href":"https:\/\/projetopack.com.br\/en\/wp-json\/wp\/v2\/posts\/39417\/revisions"}],"wp:featuredmedia":[{"embeddable":true,"href":"https:\/\/projetopack.com.br\/en\/wp-json\/wp\/v2\/media\/39418"}],"wp:attachment":[{"href":"https:\/\/projetopack.com.br\/en\/wp-json\/wp\/v2\/media?parent=39417"}],"wp:term":[{"taxonomy":"category","embeddable":true,"href":"https:\/\/projetopack.com.br\/en\/wp-json\/wp\/v2\/categories?post=39417"},{"taxonomy":"post_tag","embeddable":true,"href":"https:\/\/projetopack.com.br\/en\/wp-json\/wp\/v2\/tags?post=39417"}],"curies":[{"name":"wp","href":"https:\/\/api.w.org\/{rel}","templated":true}]}}