{"id":3947,"date":"2019-06-25T11:55:48","date_gmt":"2019-06-25T14:55:48","guid":{"rendered":"https:\/\/www.projetopack.com.br\/2020\/?p=3947"},"modified":"2021-09-11T16:10:16","modified_gmt":"2021-09-11T19:10:16","slug":"alpha-clicheria-completa-20-anos","status":"publish","type":"post","link":"https:\/\/projetopack.com.br\/en\/alpha-clicheria-completa-20-anos\/","title":{"rendered":"Alpha Clicheria completa 20 anos!"},"content":{"rendered":"<div><\/div>\n<div>S\u00e3o 20 anos de hist\u00f3ria para contar.&nbsp;A Alpha Clicheria come\u00e7ou&nbsp;em Valinhos\/SP, desbravando o mercado da \u00e9poca com servi\u00e7os de pr\u00e9-impress\u00e3o flexogr\u00e1fica e com uma perspectiva de que havia muito a se conquistar. Da\u00ed em diante,&nbsp;cresceu&nbsp;e seguiu a todo vapor. Dez anos depois, j\u00e1&nbsp;era&nbsp;uma das mais representativas empresas de pr\u00e9-impress\u00e3o e clicheria do pa\u00eds.<\/div>\n<div>Sua&nbsp;primeira filial em Aparecida de Goi\u00e2nia\/GO&nbsp;trouxe grandes expectativas e, depois dela, mais 3 filiais foram fazendo parte dessa jornada. E h\u00e1 dois anos seu&nbsp;maior investimento se concretizou em Valinhos\/SP, em uma nova estrutura, moderna e compar\u00e1vel \u00e0s maiores empresas da Europa.<\/div>\n<div>Hoje&nbsp;a Alpha Clicheria gera&nbsp;mais de 120 empregos diretos&nbsp;e segue&#8230;..Rumo ao futuro da flexografia e das embalagens!<\/div>\n<div><\/div>\n<div><\/div>\n<div><\/div>\n<div><img fetchpriority=\"high\" decoding=\"async\" class=\"aligncenter size-medium wp-image-3952\" src=\"https:\/\/projetopack.com.br\/wp-content\/uploads\/2019\/06\/Alpha-20-anos-pg3-300x229.png\" alt=\"\" width=\"300\" height=\"229\" srcset=\"https:\/\/projetopack.com.br\/wp-content\/uploads\/2019\/06\/Alpha-20-anos-pg3-300x229.png 300w, https:\/\/projetopack.com.br\/wp-content\/uploads\/2019\/06\/Alpha-20-anos-pg3-600x459.png 600w, https:\/\/projetopack.com.br\/wp-content\/uploads\/2019\/06\/Alpha-20-anos-pg3-768x587.png 768w, https:\/\/projetopack.com.br\/wp-content\/uploads\/2019\/06\/Alpha-20-anos-pg3-1024x783.png 1024w, https:\/\/projetopack.com.br\/wp-content\/uploads\/2019\/06\/Alpha-20-anos-pg3.png 2008w\" sizes=\"(max-width: 300px) 100vw, 300px\" \/><\/div>\n<div><\/div>\n<div><\/div>\n<div><\/div>\n<h6>Fonte: Andr\u00e9 Tirapelle &#8211; Marketing &#8211; Alpha Clicheria<\/h6>","protected":false},"excerpt":{"rendered":"<p>A Alpha Clicheria come\u00e7ou em Valinhos\/SP, desbravando o mercado da \u00e9poca com servi\u00e7os de pr\u00e9-impress\u00e3o flexogr\u00e1fica e com uma perspectiva de que havia muito a se conquistar.<\/p>","protected":false},"author":18,"featured_media":0,"comment_status":"open","ping_status":"open","sticky":false,"template":"","format":"standard","meta":{"footnotes":""},"categories":[877],"tags":[264,252],"class_list":["post-3947","post","type-post","status-publish","format-standard","hentry","category-arquivo","tag-alpha-clicheria","tag-clicheria"],"yoast_head":"<!-- This site is optimized with the Yoast SEO Premium plugin v27.1 (Yoast SEO v27.1.1) - https:\/\/yoast.com\/product\/yoast-seo-premium-wordpress\/ -->\n<title>Alpha Clicheria completa 20 anos! - ProjetoPack<\/title>\n<meta name=\"description\" content=\"Confira o melhor conte\u00fado sobre tecnologia, design e gest\u00e3o de embalagens flex\u00edveis, r\u00f3tulos e impress\u00e3o.\" \/>\n<meta name=\"robots\" content=\"index, follow, max-snippet:-1, max-image-preview:large, max-video-preview:-1\" \/>\n<link rel=\"canonical\" href=\"https:\/\/projetopack.com.br\/en\/alpha-clicheria-completa-20-anos\/\" \/>\n<meta property=\"og:locale\" content=\"en_US\" \/>\n<meta property=\"og:type\" content=\"article\" \/>\n<meta property=\"og:title\" content=\"Alpha Clicheria completa 20 anos!\" \/>\n<meta property=\"og:description\" content=\"Confira o melhor conte\u00fado sobre tecnologia, design e gest\u00e3o de embalagens flex\u00edveis, r\u00f3tulos e impress\u00e3o.\" \/>\n<meta property=\"og:url\" content=\"https:\/\/projetopack.com.br\/en\/alpha-clicheria-completa-20-anos\/\" \/>\n<meta property=\"og:site_name\" content=\"ProjetoPack\" \/>\n<meta property=\"article:published_time\" content=\"2019-06-25T14:55:48+00:00\" \/>\n<meta property=\"article:modified_time\" content=\"2021-09-11T19:10:16+00:00\" \/>\n<meta property=\"og:image\" content=\"https:\/\/projetopack.com.br\/wp-content\/uploads\/2019\/06\/Alpha-20-anos-pg3-300x229.png\" \/>\n<meta name=\"author\" content=\"Andrea\" \/>\n<meta name=\"twitter:card\" content=\"summary_large_image\" \/>\n<meta name=\"twitter:creator\" content=\"@ProjetoPack\" \/>\n<meta name=\"twitter:site\" content=\"@ProjetoPack\" \/>\n<meta name=\"twitter:label1\" content=\"Written by\" \/>\n\t<meta name=\"twitter:data1\" content=\"Andrea\" \/>\n\t<meta name=\"twitter:label2\" content=\"Est. reading time\" \/>\n\t<meta name=\"twitter:data2\" content=\"1 minute\" \/>\n<script type=\"application\/ld+json\" class=\"yoast-schema-graph\">{\"@context\":\"https:\/\/schema.org\",\"@graph\":[{\"@type\":\"Article\",\"@id\":\"https:\/\/projetopack.com.br\/en\/alpha-clicheria-completa-20-anos\/#article\",\"isPartOf\":{\"@id\":\"https:\/\/projetopack.com.br\/en\/alpha-clicheria-completa-20-anos\/\"},\"author\":{\"name\":\"Andrea\",\"@id\":\"https:\/\/projetopack.com.br\/#\/schema\/person\/d17c72a4bc2b7e461496dd8a14d4cef1\"},\"headline\":\"Alpha Clicheria completa 20 anos!\",\"datePublished\":\"2019-06-25T14:55:48+00:00\",\"dateModified\":\"2021-09-11T19:10:16+00:00\",\"mainEntityOfPage\":{\"@id\":\"https:\/\/projetopack.com.br\/en\/alpha-clicheria-completa-20-anos\/\"},\"wordCount\":159,\"commentCount\":0,\"publisher\":{\"@id\":\"https:\/\/projetopack.com.br\/#organization\"},\"image\":{\"@id\":\"https:\/\/projetopack.com.br\/en\/alpha-clicheria-completa-20-anos\/#primaryimage\"},\"thumbnailUrl\":\"https:\/\/projetopack.com.br\/wp-content\/uploads\/2019\/06\/Alpha-20-anos-pg3-300x229.png\",\"keywords\":[\"alpha clicheria\",\"clicheria\"],\"articleSection\":[\"Arquivo\"],\"inLanguage\":\"en-US\",\"potentialAction\":[{\"@type\":\"CommentAction\",\"name\":\"Comment\",\"target\":[\"https:\/\/projetopack.com.br\/en\/alpha-clicheria-completa-20-anos\/#respond\"]}]},{\"@type\":\"WebPage\",\"@id\":\"https:\/\/projetopack.com.br\/en\/alpha-clicheria-completa-20-anos\/\",\"url\":\"https:\/\/projetopack.com.br\/en\/alpha-clicheria-completa-20-anos\/\",\"name\":\"Alpha Clicheria completa 20 anos! - ProjetoPack\",\"isPartOf\":{\"@id\":\"https:\/\/projetopack.com.br\/#website\"},\"primaryImageOfPage\":{\"@id\":\"https:\/\/projetopack.com.br\/en\/alpha-clicheria-completa-20-anos\/#primaryimage\"},\"image\":{\"@id\":\"https:\/\/projetopack.com.br\/en\/alpha-clicheria-completa-20-anos\/#primaryimage\"},\"thumbnailUrl\":\"https:\/\/projetopack.com.br\/wp-content\/uploads\/2019\/06\/Alpha-20-anos-pg3-300x229.png\",\"datePublished\":\"2019-06-25T14:55:48+00:00\",\"dateModified\":\"2021-09-11T19:10:16+00:00\",\"description\":\"Confira o melhor conte\u00fado sobre tecnologia, design e gest\u00e3o de embalagens flex\u00edveis, r\u00f3tulos e impress\u00e3o.\",\"breadcrumb\":{\"@id\":\"https:\/\/projetopack.com.br\/en\/alpha-clicheria-completa-20-anos\/#breadcrumb\"},\"inLanguage\":\"en-US\",\"potentialAction\":[{\"@type\":\"ReadAction\",\"target\":[\"https:\/\/projetopack.com.br\/en\/alpha-clicheria-completa-20-anos\/\"]}]},{\"@type\":\"ImageObject\",\"inLanguage\":\"en-US\",\"@id\":\"https:\/\/projetopack.com.br\/en\/alpha-clicheria-completa-20-anos\/#primaryimage\",\"url\":\"https:\/\/projetopack.com.br\/wp-content\/uploads\/2019\/06\/Alpha-20-anos-pg3-300x229.png\",\"contentUrl\":\"https:\/\/projetopack.com.br\/wp-content\/uploads\/2019\/06\/Alpha-20-anos-pg3-300x229.png\"},{\"@type\":\"BreadcrumbList\",\"@id\":\"https:\/\/projetopack.com.br\/en\/alpha-clicheria-completa-20-anos\/#breadcrumb\",\"itemListElement\":[{\"@type\":\"ListItem\",\"position\":1,\"name\":\"P\u00e1gina Inicial\",\"item\":\"https:\/\/projetopack.com.br\/\"},{\"@type\":\"ListItem\",\"position\":2,\"name\":\"Arquivo\",\"item\":\"https:\/\/projetopack.com.br\/en\/category\/arquivo\/\"},{\"@type\":\"ListItem\",\"position\":3,\"name\":\"Alpha Clicheria completa 20 anos!\"}]},{\"@type\":\"WebSite\",\"@id\":\"https:\/\/projetopack.com.br\/#website\",\"url\":\"https:\/\/projetopack.com.br\/\",\"name\":\"ProjetoPack\",\"description\":\"Consultoria e servi\u00e7os para embalagens, r\u00f3tulos, etiquetas e processos de impress\u00e3o\",\"publisher\":{\"@id\":\"https:\/\/projetopack.com.br\/#organization\"},\"potentialAction\":[{\"@type\":\"SearchAction\",\"target\":{\"@type\":\"EntryPoint\",\"urlTemplate\":\"https:\/\/projetopack.com.br\/?s={search_term_string}\"},\"query-input\":{\"@type\":\"PropertyValueSpecification\",\"valueRequired\":true,\"valueName\":\"search_term_string\"}}],\"inLanguage\":\"en-US\"},{\"@type\":\"Organization\",\"@id\":\"https:\/\/projetopack.com.br\/#organization\",\"name\":\"ProjetoPack & Associados\",\"url\":\"https:\/\/projetopack.com.br\/\",\"logo\":{\"@type\":\"ImageObject\",\"inLanguage\":\"en-US\",\"@id\":\"https:\/\/projetopack.com.br\/#\/schema\/logo\/image\/\",\"url\":\"https:\/\/projetopack.com.br\/wp-content\/uploads\/2020\/09\/projetopack.png\",\"contentUrl\":\"https:\/\/projetopack.com.br\/wp-content\/uploads\/2020\/09\/projetopack.png\",\"width\":200,\"height\":200,\"caption\":\"ProjetoPack & Associados\"},\"image\":{\"@id\":\"https:\/\/projetopack.com.br\/#\/schema\/logo\/image\/\"},\"sameAs\":[\"https:\/\/x.com\/ProjetoPack\",\"https:\/\/www.linkedin.com\/company\/projetopack\/\"]},{\"@type\":\"Person\",\"@id\":\"https:\/\/projetopack.com.br\/#\/schema\/person\/d17c72a4bc2b7e461496dd8a14d4cef1\",\"name\":\"Andrea\",\"image\":{\"@type\":\"ImageObject\",\"inLanguage\":\"en-US\",\"@id\":\"https:\/\/projetopack.com.br\/#\/schema\/person\/image\/\",\"url\":\"https:\/\/projetopack.com.br\/wp-content\/uploads\/2026\/03\/eu-150x150.jpg\",\"contentUrl\":\"https:\/\/projetopack.com.br\/wp-content\/uploads\/2026\/03\/eu-150x150.jpg\",\"caption\":\"Andrea\"},\"url\":\"https:\/\/projetopack.com.br\/en\/author\/andrea\/\"}]}<\/script>\n<!-- \/ Yoast SEO Premium plugin. -->","yoast_head_json":{"title":"Alpha Clicheria completa 20 anos! - ProjetoPack","description":"Confira o melhor conte\u00fado sobre tecnologia, design e gest\u00e3o de embalagens flex\u00edveis, r\u00f3tulos e impress\u00e3o.","robots":{"index":"index","follow":"follow","max-snippet":"max-snippet:-1","max-image-preview":"max-image-preview:large","max-video-preview":"max-video-preview:-1"},"canonical":"https:\/\/projetopack.com.br\/en\/alpha-clicheria-completa-20-anos\/","og_locale":"en_US","og_type":"article","og_title":"Alpha Clicheria completa 20 anos!","og_description":"Confira o melhor conte\u00fado sobre tecnologia, design e gest\u00e3o de embalagens flex\u00edveis, r\u00f3tulos e impress\u00e3o.","og_url":"https:\/\/projetopack.com.br\/en\/alpha-clicheria-completa-20-anos\/","og_site_name":"ProjetoPack","article_published_time":"2019-06-25T14:55:48+00:00","article_modified_time":"2021-09-11T19:10:16+00:00","og_image":[{"url":"https:\/\/projetopack.com.br\/wp-content\/uploads\/2019\/06\/Alpha-20-anos-pg3-300x229.png","type":"","width":"","height":""}],"author":"Andrea","twitter_card":"summary_large_image","twitter_creator":"@ProjetoPack","twitter_site":"@ProjetoPack","twitter_misc":{"Written by":"Andrea","Est. reading time":"1 minute"},"schema":{"@context":"https:\/\/schema.org","@graph":[{"@type":"Article","@id":"https:\/\/projetopack.com.br\/en\/alpha-clicheria-completa-20-anos\/#article","isPartOf":{"@id":"https:\/\/projetopack.com.br\/en\/alpha-clicheria-completa-20-anos\/"},"author":{"name":"Andrea","@id":"https:\/\/projetopack.com.br\/#\/schema\/person\/d17c72a4bc2b7e461496dd8a14d4cef1"},"headline":"Alpha Clicheria completa 20 anos!","datePublished":"2019-06-25T14:55:48+00:00","dateModified":"2021-09-11T19:10:16+00:00","mainEntityOfPage":{"@id":"https:\/\/projetopack.com.br\/en\/alpha-clicheria-completa-20-anos\/"},"wordCount":159,"commentCount":0,"publisher":{"@id":"https:\/\/projetopack.com.br\/#organization"},"image":{"@id":"https:\/\/projetopack.com.br\/en\/alpha-clicheria-completa-20-anos\/#primaryimage"},"thumbnailUrl":"https:\/\/projetopack.com.br\/wp-content\/uploads\/2019\/06\/Alpha-20-anos-pg3-300x229.png","keywords":["alpha clicheria","clicheria"],"articleSection":["Arquivo"],"inLanguage":"en-US","potentialAction":[{"@type":"CommentAction","name":"Comment","target":["https:\/\/projetopack.com.br\/en\/alpha-clicheria-completa-20-anos\/#respond"]}]},{"@type":"WebPage","@id":"https:\/\/projetopack.com.br\/en\/alpha-clicheria-completa-20-anos\/","url":"https:\/\/projetopack.com.br\/en\/alpha-clicheria-completa-20-anos\/","name":"Alpha Clicheria completa 20 anos! - ProjetoPack","isPartOf":{"@id":"https:\/\/projetopack.com.br\/#website"},"primaryImageOfPage":{"@id":"https:\/\/projetopack.com.br\/en\/alpha-clicheria-completa-20-anos\/#primaryimage"},"image":{"@id":"https:\/\/projetopack.com.br\/en\/alpha-clicheria-completa-20-anos\/#primaryimage"},"thumbnailUrl":"https:\/\/projetopack.com.br\/wp-content\/uploads\/2019\/06\/Alpha-20-anos-pg3-300x229.png","datePublished":"2019-06-25T14:55:48+00:00","dateModified":"2021-09-11T19:10:16+00:00","description":"Confira o melhor conte\u00fado sobre tecnologia, design e gest\u00e3o de embalagens flex\u00edveis, r\u00f3tulos e impress\u00e3o.","breadcrumb":{"@id":"https:\/\/projetopack.com.br\/en\/alpha-clicheria-completa-20-anos\/#breadcrumb"},"inLanguage":"en-US","potentialAction":[{"@type":"ReadAction","target":["https:\/\/projetopack.com.br\/en\/alpha-clicheria-completa-20-anos\/"]}]},{"@type":"ImageObject","inLanguage":"en-US","@id":"https:\/\/projetopack.com.br\/en\/alpha-clicheria-completa-20-anos\/#primaryimage","url":"https:\/\/projetopack.com.br\/wp-content\/uploads\/2019\/06\/Alpha-20-anos-pg3-300x229.png","contentUrl":"https:\/\/projetopack.com.br\/wp-content\/uploads\/2019\/06\/Alpha-20-anos-pg3-300x229.png"},{"@type":"BreadcrumbList","@id":"https:\/\/projetopack.com.br\/en\/alpha-clicheria-completa-20-anos\/#breadcrumb","itemListElement":[{"@type":"ListItem","position":1,"name":"P\u00e1gina Inicial","item":"https:\/\/projetopack.com.br\/"},{"@type":"ListItem","position":2,"name":"Arquivo","item":"https:\/\/projetopack.com.br\/en\/category\/arquivo\/"},{"@type":"ListItem","position":3,"name":"Alpha Clicheria completa 20 anos!"}]},{"@type":"WebSite","@id":"https:\/\/projetopack.com.br\/#website","url":"https:\/\/projetopack.com.br\/","name":"ProjetoPack","description":"Consultoria e servi\u00e7os para embalagens, r\u00f3tulos, etiquetas e processos de impress\u00e3o","publisher":{"@id":"https:\/\/projetopack.com.br\/#organization"},"potentialAction":[{"@type":"SearchAction","target":{"@type":"EntryPoint","urlTemplate":"https:\/\/projetopack.com.br\/?s={search_term_string}"},"query-input":{"@type":"PropertyValueSpecification","valueRequired":true,"valueName":"search_term_string"}}],"inLanguage":"en-US"},{"@type":"Organization","@id":"https:\/\/projetopack.com.br\/#organization","name":"ProjetoPack & Associados","url":"https:\/\/projetopack.com.br\/","logo":{"@type":"ImageObject","inLanguage":"en-US","@id":"https:\/\/projetopack.com.br\/#\/schema\/logo\/image\/","url":"https:\/\/projetopack.com.br\/wp-content\/uploads\/2020\/09\/projetopack.png","contentUrl":"https:\/\/projetopack.com.br\/wp-content\/uploads\/2020\/09\/projetopack.png","width":200,"height":200,"caption":"ProjetoPack & Associados"},"image":{"@id":"https:\/\/projetopack.com.br\/#\/schema\/logo\/image\/"},"sameAs":["https:\/\/x.com\/ProjetoPack","https:\/\/www.linkedin.com\/company\/projetopack\/"]},{"@type":"Person","@id":"https:\/\/projetopack.com.br\/#\/schema\/person\/d17c72a4bc2b7e461496dd8a14d4cef1","name":"Andrea","image":{"@type":"ImageObject","inLanguage":"en-US","@id":"https:\/\/projetopack.com.br\/#\/schema\/person\/image\/","url":"https:\/\/projetopack.com.br\/wp-content\/uploads\/2026\/03\/eu-150x150.jpg","contentUrl":"https:\/\/projetopack.com.br\/wp-content\/uploads\/2026\/03\/eu-150x150.jpg","caption":"Andrea"},"url":"https:\/\/projetopack.com.br\/en\/author\/andrea\/"}]}},"_links":{"self":[{"href":"https:\/\/projetopack.com.br\/en\/wp-json\/wp\/v2\/posts\/3947","targetHints":{"allow":["GET"]}}],"collection":[{"href":"https:\/\/projetopack.com.br\/en\/wp-json\/wp\/v2\/posts"}],"about":[{"href":"https:\/\/projetopack.com.br\/en\/wp-json\/wp\/v2\/types\/post"}],"author":[{"embeddable":true,"href":"https:\/\/projetopack.com.br\/en\/wp-json\/wp\/v2\/users\/18"}],"replies":[{"embeddable":true,"href":"https:\/\/projetopack.com.br\/en\/wp-json\/wp\/v2\/comments?post=3947"}],"version-history":[{"count":0,"href":"https:\/\/projetopack.com.br\/en\/wp-json\/wp\/v2\/posts\/3947\/revisions"}],"wp:attachment":[{"href":"https:\/\/projetopack.com.br\/en\/wp-json\/wp\/v2\/media?parent=3947"}],"wp:term":[{"taxonomy":"category","embeddable":true,"href":"https:\/\/projetopack.com.br\/en\/wp-json\/wp\/v2\/categories?post=3947"},{"taxonomy":"post_tag","embeddable":true,"href":"https:\/\/projetopack.com.br\/en\/wp-json\/wp\/v2\/tags?post=3947"}],"curies":[{"name":"wp","href":"https:\/\/api.w.org\/{rel}","templated":true}]}}