{"id":39719,"date":"2024-02-05T13:21:32","date_gmt":"2024-02-05T16:21:32","guid":{"rendered":"https:\/\/www.projetopack.com.br\/?p=39719"},"modified":"2026-03-16T16:47:59","modified_gmt":"2026-03-16T19:47:59","slug":"alpha-clicheria-inaugura-filial-nos-eua-e-comemora-sua-expansao","status":"publish","type":"post","link":"https:\/\/projetopack.com.br\/en\/alpha-clicheria-inaugura-filial-nos-eua-e-comemora-sua-expansao\/","title":{"rendered":"Alpha Clicheria inaugura filial nos EUA e comemora sua expans\u00e3o"},"content":{"rendered":"<p style=\"font-style:normal;font-weight:400\">A <a href=\"http:\/\/alphaclicheria.com.br\/\" target=\"_blank\" rel=\"noreferrer noopener\"><strong>Alpha Clicheria<\/strong><\/a> comunica o in\u00edcio de uma nova opera\u00e7\u00e3o, sua primeira filial nos EUA.<\/p>\n\n\n\n<p style=\"font-style:normal;font-weight:400\">A subsidi\u00e1ria americana est\u00e1 localizada na cidade de Findlay, no estado de Ohio, uma regi\u00e3o que concentra ind\u00fastrias de bens de consumo, empresas do setor de \u00f3leo\/g\u00e1s e uma relevante Universidade.<\/p>\n\n\n\n<p style=\"font-style:normal;font-weight:400\">Nas palavras de <strong>Marcelo<\/strong>, executivo da Alpha: \u201cEstamos entrando nesta nova fase com humildade e determina\u00e7\u00e3o e a abertura da nossa primeira f\u00e1brica internacional n\u00e3o \u00e9 apenas um marco para n\u00f3s, mas tamb\u00e9m um sinal do nosso compromisso duradouro com a qualidade, inova\u00e7\u00e3o e excelentes n\u00edveis de servi\u00e7o para com os nossos clientes.\u201d<\/p>\n\n\n\n<p class=\"has-pale-cyan-blue-background-color has-background\" style=\"font-style:normal;font-weight:400\">A opera\u00e7\u00e3o americana \u00e9 uma novidade importante e relevante para a empresa e um desafio, de estar no maior mercado de consumo das Am\u00e9ricas, com uma clicheria estruturada com os mais modernos equipamentos para atender \u00e0s demandas de convertedores de embalagens do pa\u00eds.<\/p>\n\n\n\n<p style=\"font-style:normal;font-weight:400\">A Alpha Clicheria se orgulha de ser um exemplo de empresa de vanguarda e refer\u00eancia de servi\u00e7os de ponta para o mercado flexogr\u00e1fico e espera, com esses novos investimentos, dar mais um passo em dire\u00e7\u00e3o a atender seus clientes com maior efici\u00eancia.<\/p>\n\n\n\n<h2 class=\"wp-block-heading\" id=\"h-sobre-a-alpha-clicheria\"><strong>Sobre a Alpha Clicheria<\/strong><\/h2>\n\n\n\n<p style=\"font-style:normal;font-weight:400\">No mercado desde 1999, a Alpha Clicheria \u00e9 especializada em tecnologias, inova\u00e7\u00f5es e conhecimentos sobre pr\u00e9-impress\u00e3o e impress\u00e3o flexogr\u00e1fica. Sendo uma das mais importantes e representativas companhias do segmento, com mais de 160 funcion\u00e1rios, filiais em quatro Estados e atua\u00e7\u00e3o em todo o territ\u00f3rio nacional e agora com uma nova opera\u00e7\u00e3o nos EUA, a companhia disponibiliza ao mercado completa gama de servi\u00e7os como a inovadora ret\u00edcula Bellissima al\u00e9m de pr\u00e9-impress\u00e3o especializada, gerenciamento de cores, sistemas Esko CDI e XPS Crystal, Esko HD Flexo, Kodak NX, G7, Alpha Gamut Plus (gama expandida), prova de cor digital e tamb\u00e9m o trabalho de Clicheria In House, que desenvolve uma estrutura de clicheria dentro do cliente, com opera\u00e7\u00e3o pr\u00f3pria.<\/p>\n\n\n\n<p class=\"has-light-green-cyan-background-color has-background\" style=\"font-style:normal;font-weight:400\">A sede da Alpha Clicheria est\u00e1 na Alameda Itatinga, 1471, Joapiranga, Valinhos\/SP. Voc\u00ea pode contatar a empresa atrav\u00e9s do telefone (19) 3869 -5943 ou pelo e-mail <a href=\"mailto:vendas@alphaclicheria.com.br\">vendas@alphaclicheria.com.br<\/a>. Pode ainda seguir a empresa no LinkedIn www.linkedin.com\/company\/alpha-clicheria.<\/p>\n\n\n\n<p>Leia mais em nosso blog:<\/p>\n\n\n\n<p><a href=\"https:\/\/projetopack.com.br\/en\/alpha-clicheria-completa-20-anos\/\" target=\"_blank\" rel=\"noreferrer noopener\">A<\/a><a href=\"https:\/\/projetopack.com.br\/en\/alpha-clicheria-completa-20-anos\/\">lpha Clicheria comemora 20 anos<\/a><\/p>","protected":false},"excerpt":{"rendered":"<p>A Alpha Clicheria comunica o in\u00edcio de uma nova opera\u00e7\u00e3o, sua primeira filial nos EUA. A subsidi\u00e1ria americana est\u00e1 localizada na cidade de Findlay, no estado de Ohio, uma regi\u00e3o que concentra ind\u00fastrias de bens de consumo, empresas do setor de \u00f3leo\/g\u00e1s e uma relevante Universidade. Nas palavras de Marcelo, executivo da Alpha: \u201cEstamos entrando [&hellip;]<\/p>\n","protected":false},"author":2,"featured_media":39720,"comment_status":"open","ping_status":"closed","sticky":true,"template":"","format":"standard","meta":{"footnotes":""},"categories":[458],"tags":[],"class_list":["post-39719","post","type-post","status-publish","format-standard","has-post-thumbnail","hentry","category-lancamentos"],"yoast_head":"<!-- This site is optimized with the Yoast SEO Premium plugin v27.1 (Yoast SEO v27.1.1) - https:\/\/yoast.com\/product\/yoast-seo-premium-wordpress\/ -->\n<title>Alpha Clicheria inaugura filial nos EUA e comemora sua expans\u00e3o - ProjetoPack<\/title>\n<meta name=\"description\" content=\"A Alpha Clicheria se orgulha de ser um exemplo de empresa de vanguarda e refer\u00eancia de servi\u00e7os de ponta para o mercado flexogr\u00e1fico\" \/>\n<meta name=\"robots\" content=\"index, follow, max-snippet:-1, max-image-preview:large, max-video-preview:-1\" \/>\n<link rel=\"canonical\" href=\"https:\/\/projetopack.com.br\/en\/alpha-clicheria-inaugura-filial-nos-eua-e-comemora-sua-expansao\/\" \/>\n<meta property=\"og:locale\" content=\"en_US\" \/>\n<meta property=\"og:type\" content=\"article\" \/>\n<meta property=\"og:title\" content=\"Alpha Clicheria inaugura filial nos EUA e comemora sua expans\u00e3o\" \/>\n<meta property=\"og:description\" content=\"A Alpha Clicheria se orgulha de ser um exemplo de empresa de vanguarda e refer\u00eancia de servi\u00e7os de ponta para o mercado flexogr\u00e1fico\" \/>\n<meta property=\"og:url\" content=\"https:\/\/projetopack.com.br\/en\/alpha-clicheria-inaugura-filial-nos-eua-e-comemora-sua-expansao\/\" \/>\n<meta property=\"og:site_name\" content=\"ProjetoPack\" \/>\n<meta property=\"article:published_time\" content=\"2024-02-05T16:21:32+00:00\" \/>\n<meta property=\"article:modified_time\" content=\"2026-03-16T19:47:59+00:00\" \/>\n<meta property=\"og:image\" content=\"https:\/\/projetopack.com.br\/wp-content\/uploads\/2024\/02\/597-161-Filial-Ohio.png\" \/>\n\t<meta property=\"og:image:width\" content=\"1080\" \/>\n\t<meta property=\"og:image:height\" content=\"1080\" \/>\n\t<meta property=\"og:image:type\" content=\"image\/png\" \/>\n<meta name=\"author\" content=\"Aislan Baer\" \/>\n<meta name=\"twitter:card\" content=\"summary_large_image\" \/>\n<meta name=\"twitter:creator\" content=\"@ProjetoPack\" \/>\n<meta name=\"twitter:site\" content=\"@ProjetoPack\" \/>\n<meta name=\"twitter:label1\" content=\"Written by\" \/>\n\t<meta name=\"twitter:data1\" content=\"Aislan Baer\" \/>\n\t<meta name=\"twitter:label2\" content=\"Est. reading time\" \/>\n\t<meta name=\"twitter:data2\" content=\"3 minutes\" \/>\n<script type=\"application\/ld+json\" class=\"yoast-schema-graph\">{\"@context\":\"https:\/\/schema.org\",\"@graph\":[{\"@type\":\"Article\",\"@id\":\"https:\/\/projetopack.com.br\/alpha-clicheria-inaugura-filial-nos-eua-e-comemora-sua-expansao\/#article\",\"isPartOf\":{\"@id\":\"https:\/\/projetopack.com.br\/alpha-clicheria-inaugura-filial-nos-eua-e-comemora-sua-expansao\/\"},\"author\":{\"name\":\"Aislan Baer\",\"@id\":\"https:\/\/projetopack.com.br\/#\/schema\/person\/87cbd7d1e244880886d457815ebd2490\"},\"headline\":\"Alpha Clicheria inaugura filial nos EUA e comemora sua expans\u00e3o\",\"datePublished\":\"2024-02-05T16:21:32+00:00\",\"dateModified\":\"2026-03-16T19:47:59+00:00\",\"mainEntityOfPage\":{\"@id\":\"https:\/\/projetopack.com.br\/alpha-clicheria-inaugura-filial-nos-eua-e-comemora-sua-expansao\/\"},\"wordCount\":400,\"commentCount\":0,\"publisher\":{\"@id\":\"https:\/\/projetopack.com.br\/#organization\"},\"image\":{\"@id\":\"https:\/\/projetopack.com.br\/alpha-clicheria-inaugura-filial-nos-eua-e-comemora-sua-expansao\/#primaryimage\"},\"thumbnailUrl\":\"https:\/\/projetopack.com.br\/wp-content\/uploads\/2024\/02\/597-161-Filial-Ohio.png\",\"articleSection\":[\"Lan\u00e7amentos\"],\"inLanguage\":\"en-US\",\"potentialAction\":[{\"@type\":\"CommentAction\",\"name\":\"Comment\",\"target\":[\"https:\/\/projetopack.com.br\/alpha-clicheria-inaugura-filial-nos-eua-e-comemora-sua-expansao\/#respond\"]}]},{\"@type\":\"WebPage\",\"@id\":\"https:\/\/projetopack.com.br\/alpha-clicheria-inaugura-filial-nos-eua-e-comemora-sua-expansao\/\",\"url\":\"https:\/\/projetopack.com.br\/alpha-clicheria-inaugura-filial-nos-eua-e-comemora-sua-expansao\/\",\"name\":\"Alpha Clicheria inaugura filial nos EUA e comemora sua expans\u00e3o - ProjetoPack\",\"isPartOf\":{\"@id\":\"https:\/\/projetopack.com.br\/#website\"},\"primaryImageOfPage\":{\"@id\":\"https:\/\/projetopack.com.br\/alpha-clicheria-inaugura-filial-nos-eua-e-comemora-sua-expansao\/#primaryimage\"},\"image\":{\"@id\":\"https:\/\/projetopack.com.br\/alpha-clicheria-inaugura-filial-nos-eua-e-comemora-sua-expansao\/#primaryimage\"},\"thumbnailUrl\":\"https:\/\/projetopack.com.br\/wp-content\/uploads\/2024\/02\/597-161-Filial-Ohio.png\",\"datePublished\":\"2024-02-05T16:21:32+00:00\",\"dateModified\":\"2026-03-16T19:47:59+00:00\",\"description\":\"A Alpha Clicheria se orgulha de ser um exemplo de empresa de vanguarda e refer\u00eancia de servi\u00e7os de ponta para o mercado flexogr\u00e1fico\",\"breadcrumb\":{\"@id\":\"https:\/\/projetopack.com.br\/alpha-clicheria-inaugura-filial-nos-eua-e-comemora-sua-expansao\/#breadcrumb\"},\"inLanguage\":\"en-US\",\"potentialAction\":[{\"@type\":\"ReadAction\",\"target\":[\"https:\/\/projetopack.com.br\/alpha-clicheria-inaugura-filial-nos-eua-e-comemora-sua-expansao\/\"]}]},{\"@type\":\"ImageObject\",\"inLanguage\":\"en-US\",\"@id\":\"https:\/\/projetopack.com.br\/alpha-clicheria-inaugura-filial-nos-eua-e-comemora-sua-expansao\/#primaryimage\",\"url\":\"https:\/\/projetopack.com.br\/wp-content\/uploads\/2024\/02\/597-161-Filial-Ohio.png\",\"contentUrl\":\"https:\/\/projetopack.com.br\/wp-content\/uploads\/2024\/02\/597-161-Filial-Ohio.png\",\"width\":1080,\"height\":1080,\"caption\":\"alpha clicheria EUA\"},{\"@type\":\"BreadcrumbList\",\"@id\":\"https:\/\/projetopack.com.br\/alpha-clicheria-inaugura-filial-nos-eua-e-comemora-sua-expansao\/#breadcrumb\",\"itemListElement\":[{\"@type\":\"ListItem\",\"position\":1,\"name\":\"P\u00e1gina Inicial\",\"item\":\"https:\/\/projetopack.com.br\/\"},{\"@type\":\"ListItem\",\"position\":2,\"name\":\"Lan\u00e7amentos\",\"item\":\"https:\/\/projetopack.com.br\/category\/lancamentos\/\"},{\"@type\":\"ListItem\",\"position\":3,\"name\":\"Alpha Clicheria inaugura filial nos EUA e comemora sua expans\u00e3o\"}]},{\"@type\":\"WebSite\",\"@id\":\"https:\/\/projetopack.com.br\/#website\",\"url\":\"https:\/\/projetopack.com.br\/\",\"name\":\"ProjetoPack\",\"description\":\"Consultoria e servi\u00e7os para embalagens, r\u00f3tulos, etiquetas e processos de impress\u00e3o\",\"publisher\":{\"@id\":\"https:\/\/projetopack.com.br\/#organization\"},\"potentialAction\":[{\"@type\":\"SearchAction\",\"target\":{\"@type\":\"EntryPoint\",\"urlTemplate\":\"https:\/\/projetopack.com.br\/?s={search_term_string}\"},\"query-input\":{\"@type\":\"PropertyValueSpecification\",\"valueRequired\":true,\"valueName\":\"search_term_string\"}}],\"inLanguage\":\"en-US\"},{\"@type\":\"Organization\",\"@id\":\"https:\/\/projetopack.com.br\/#organization\",\"name\":\"ProjetoPack & Associados\",\"url\":\"https:\/\/projetopack.com.br\/\",\"logo\":{\"@type\":\"ImageObject\",\"inLanguage\":\"en-US\",\"@id\":\"https:\/\/projetopack.com.br\/#\/schema\/logo\/image\/\",\"url\":\"https:\/\/projetopack.com.br\/wp-content\/uploads\/2020\/09\/projetopack.png\",\"contentUrl\":\"https:\/\/projetopack.com.br\/wp-content\/uploads\/2020\/09\/projetopack.png\",\"width\":200,\"height\":200,\"caption\":\"ProjetoPack & Associados\"},\"image\":{\"@id\":\"https:\/\/projetopack.com.br\/#\/schema\/logo\/image\/\"},\"sameAs\":[\"https:\/\/x.com\/ProjetoPack\",\"https:\/\/www.linkedin.com\/company\/projetopack\/\"]},{\"@type\":\"Person\",\"@id\":\"https:\/\/projetopack.com.br\/#\/schema\/person\/87cbd7d1e244880886d457815ebd2490\",\"name\":\"Aislan Baer\",\"image\":{\"@type\":\"ImageObject\",\"inLanguage\":\"en-US\",\"@id\":\"https:\/\/projetopack.com.br\/#\/schema\/person\/image\/\",\"url\":\"https:\/\/projetopack.com.br\/wp-content\/uploads\/2021\/08\/Aislan-Busto-p-100x100.jpg\",\"contentUrl\":\"https:\/\/projetopack.com.br\/wp-content\/uploads\/2021\/08\/Aislan-Busto-p-100x100.jpg\",\"caption\":\"Aislan Baer\"},\"description\":\"Desde os \u00faltimos 20 anos, meu time e eu ajudamos mais de 300 empresas brasileiras e estrangeiras (algumas delas, l\u00edderes mundiais) a produzir embalagens flex\u00edveis e r\u00f3tulos com maior efici\u00eancia, menores custos e maior apelo visual, bem como centenas de donos de marcas a comprar suas embalagens flex\u00edveis e material impresso com um crit\u00e9rio mais t\u00e9cnico e assertivo. Ao mesmo tempo, gra\u00e7as \u00e0 nossa consultoria, muitas destas empresas melhoraram significativamente o seu processo de Impress\u00e3o (Impress\u00e3o de embalagens, Impress\u00e3o industrial, Impress\u00e3o funcional e, mais recentemente, bio impress\u00e3o e manufatura aditiva ou simplesmente Impress\u00e3o 3D). Se a sua empresa tem um problema relacionado a embalagens flex\u00edveis, r\u00f3tulos ou Impress\u00e3o, por mais insol\u00favel que lhe pare\u00e7a, aguardamos ansiosos a sua liga\u00e7\u00e3o ou e-mail. Este \u00e9 nosso trabalho e tamb\u00e9m a nossa paix\u00e3o.\",\"sameAs\":[\"http:\/\/www.projetopack.com\",\"https:\/\/www.linkedin.com\/in\/aislanbaer\/\"],\"jobTitle\":\"CEO @ ProjetoPack | L\u00edder em M&A no Setor de Impress\u00e3o e Embalagens no Brasil | Cofundador da Inovagraf e Neuraflow | Especialista em Inova\u00e7\u00e3o com IA na Impress\u00e3o | Printing Legacy Initiative | Empreendedor Serial\",\"url\":\"https:\/\/projetopack.com.br\/en\/author\/aislan\/\"}]}<\/script>\n<!-- \/ Yoast SEO Premium plugin. -->","yoast_head_json":{"title":"Alpha Clicheria inaugura filial nos EUA e comemora sua expans\u00e3o - ProjetoPack","description":"A Alpha Clicheria se orgulha de ser um exemplo de empresa de vanguarda e refer\u00eancia de servi\u00e7os de ponta para o mercado flexogr\u00e1fico","robots":{"index":"index","follow":"follow","max-snippet":"max-snippet:-1","max-image-preview":"max-image-preview:large","max-video-preview":"max-video-preview:-1"},"canonical":"https:\/\/projetopack.com.br\/en\/alpha-clicheria-inaugura-filial-nos-eua-e-comemora-sua-expansao\/","og_locale":"en_US","og_type":"article","og_title":"Alpha Clicheria inaugura filial nos EUA e comemora sua expans\u00e3o","og_description":"A Alpha Clicheria se orgulha de ser um exemplo de empresa de vanguarda e refer\u00eancia de servi\u00e7os de ponta para o mercado flexogr\u00e1fico","og_url":"https:\/\/projetopack.com.br\/en\/alpha-clicheria-inaugura-filial-nos-eua-e-comemora-sua-expansao\/","og_site_name":"ProjetoPack","article_published_time":"2024-02-05T16:21:32+00:00","article_modified_time":"2026-03-16T19:47:59+00:00","og_image":[{"width":1080,"height":1080,"url":"https:\/\/projetopack.com.br\/wp-content\/uploads\/2024\/02\/597-161-Filial-Ohio.png","type":"image\/png"}],"author":"Aislan Baer","twitter_card":"summary_large_image","twitter_creator":"@ProjetoPack","twitter_site":"@ProjetoPack","twitter_misc":{"Written by":"Aislan Baer","Est. reading time":"3 minutes"},"schema":{"@context":"https:\/\/schema.org","@graph":[{"@type":"Article","@id":"https:\/\/projetopack.com.br\/alpha-clicheria-inaugura-filial-nos-eua-e-comemora-sua-expansao\/#article","isPartOf":{"@id":"https:\/\/projetopack.com.br\/alpha-clicheria-inaugura-filial-nos-eua-e-comemora-sua-expansao\/"},"author":{"name":"Aislan Baer","@id":"https:\/\/projetopack.com.br\/#\/schema\/person\/87cbd7d1e244880886d457815ebd2490"},"headline":"Alpha Clicheria inaugura filial nos EUA e comemora sua expans\u00e3o","datePublished":"2024-02-05T16:21:32+00:00","dateModified":"2026-03-16T19:47:59+00:00","mainEntityOfPage":{"@id":"https:\/\/projetopack.com.br\/alpha-clicheria-inaugura-filial-nos-eua-e-comemora-sua-expansao\/"},"wordCount":400,"commentCount":0,"publisher":{"@id":"https:\/\/projetopack.com.br\/#organization"},"image":{"@id":"https:\/\/projetopack.com.br\/alpha-clicheria-inaugura-filial-nos-eua-e-comemora-sua-expansao\/#primaryimage"},"thumbnailUrl":"https:\/\/projetopack.com.br\/wp-content\/uploads\/2024\/02\/597-161-Filial-Ohio.png","articleSection":["Lan\u00e7amentos"],"inLanguage":"en-US","potentialAction":[{"@type":"CommentAction","name":"Comment","target":["https:\/\/projetopack.com.br\/alpha-clicheria-inaugura-filial-nos-eua-e-comemora-sua-expansao\/#respond"]}]},{"@type":"WebPage","@id":"https:\/\/projetopack.com.br\/alpha-clicheria-inaugura-filial-nos-eua-e-comemora-sua-expansao\/","url":"https:\/\/projetopack.com.br\/alpha-clicheria-inaugura-filial-nos-eua-e-comemora-sua-expansao\/","name":"Alpha Clicheria inaugura filial nos EUA e comemora sua expans\u00e3o - ProjetoPack","isPartOf":{"@id":"https:\/\/projetopack.com.br\/#website"},"primaryImageOfPage":{"@id":"https:\/\/projetopack.com.br\/alpha-clicheria-inaugura-filial-nos-eua-e-comemora-sua-expansao\/#primaryimage"},"image":{"@id":"https:\/\/projetopack.com.br\/alpha-clicheria-inaugura-filial-nos-eua-e-comemora-sua-expansao\/#primaryimage"},"thumbnailUrl":"https:\/\/projetopack.com.br\/wp-content\/uploads\/2024\/02\/597-161-Filial-Ohio.png","datePublished":"2024-02-05T16:21:32+00:00","dateModified":"2026-03-16T19:47:59+00:00","description":"A Alpha Clicheria se orgulha de ser um exemplo de empresa de vanguarda e refer\u00eancia de servi\u00e7os de ponta para o mercado flexogr\u00e1fico","breadcrumb":{"@id":"https:\/\/projetopack.com.br\/alpha-clicheria-inaugura-filial-nos-eua-e-comemora-sua-expansao\/#breadcrumb"},"inLanguage":"en-US","potentialAction":[{"@type":"ReadAction","target":["https:\/\/projetopack.com.br\/alpha-clicheria-inaugura-filial-nos-eua-e-comemora-sua-expansao\/"]}]},{"@type":"ImageObject","inLanguage":"en-US","@id":"https:\/\/projetopack.com.br\/alpha-clicheria-inaugura-filial-nos-eua-e-comemora-sua-expansao\/#primaryimage","url":"https:\/\/projetopack.com.br\/wp-content\/uploads\/2024\/02\/597-161-Filial-Ohio.png","contentUrl":"https:\/\/projetopack.com.br\/wp-content\/uploads\/2024\/02\/597-161-Filial-Ohio.png","width":1080,"height":1080,"caption":"alpha clicheria EUA"},{"@type":"BreadcrumbList","@id":"https:\/\/projetopack.com.br\/alpha-clicheria-inaugura-filial-nos-eua-e-comemora-sua-expansao\/#breadcrumb","itemListElement":[{"@type":"ListItem","position":1,"name":"P\u00e1gina Inicial","item":"https:\/\/projetopack.com.br\/"},{"@type":"ListItem","position":2,"name":"Lan\u00e7amentos","item":"https:\/\/projetopack.com.br\/category\/lancamentos\/"},{"@type":"ListItem","position":3,"name":"Alpha Clicheria inaugura filial nos EUA e comemora sua expans\u00e3o"}]},{"@type":"WebSite","@id":"https:\/\/projetopack.com.br\/#website","url":"https:\/\/projetopack.com.br\/","name":"ProjetoPack","description":"Consultoria e servi\u00e7os para embalagens, r\u00f3tulos, etiquetas e processos de impress\u00e3o","publisher":{"@id":"https:\/\/projetopack.com.br\/#organization"},"potentialAction":[{"@type":"SearchAction","target":{"@type":"EntryPoint","urlTemplate":"https:\/\/projetopack.com.br\/?s={search_term_string}"},"query-input":{"@type":"PropertyValueSpecification","valueRequired":true,"valueName":"search_term_string"}}],"inLanguage":"en-US"},{"@type":"Organization","@id":"https:\/\/projetopack.com.br\/#organization","name":"ProjetoPack & Associados","url":"https:\/\/projetopack.com.br\/","logo":{"@type":"ImageObject","inLanguage":"en-US","@id":"https:\/\/projetopack.com.br\/#\/schema\/logo\/image\/","url":"https:\/\/projetopack.com.br\/wp-content\/uploads\/2020\/09\/projetopack.png","contentUrl":"https:\/\/projetopack.com.br\/wp-content\/uploads\/2020\/09\/projetopack.png","width":200,"height":200,"caption":"ProjetoPack & Associados"},"image":{"@id":"https:\/\/projetopack.com.br\/#\/schema\/logo\/image\/"},"sameAs":["https:\/\/x.com\/ProjetoPack","https:\/\/www.linkedin.com\/company\/projetopack\/"]},{"@type":"Person","@id":"https:\/\/projetopack.com.br\/#\/schema\/person\/87cbd7d1e244880886d457815ebd2490","name":"Aislan Baer","image":{"@type":"ImageObject","inLanguage":"en-US","@id":"https:\/\/projetopack.com.br\/#\/schema\/person\/image\/","url":"https:\/\/projetopack.com.br\/wp-content\/uploads\/2021\/08\/Aislan-Busto-p-100x100.jpg","contentUrl":"https:\/\/projetopack.com.br\/wp-content\/uploads\/2021\/08\/Aislan-Busto-p-100x100.jpg","caption":"Aislan Baer"},"description":"Desde os \u00faltimos 20 anos, meu time e eu ajudamos mais de 300 empresas brasileiras e estrangeiras (algumas delas, l\u00edderes mundiais) a produzir embalagens flex\u00edveis e r\u00f3tulos com maior efici\u00eancia, menores custos e maior apelo visual, bem como centenas de donos de marcas a comprar suas embalagens flex\u00edveis e material impresso com um crit\u00e9rio mais t\u00e9cnico e assertivo. Ao mesmo tempo, gra\u00e7as \u00e0 nossa consultoria, muitas destas empresas melhoraram significativamente o seu processo de Impress\u00e3o (Impress\u00e3o de embalagens, Impress\u00e3o industrial, Impress\u00e3o funcional e, mais recentemente, bio impress\u00e3o e manufatura aditiva ou simplesmente Impress\u00e3o 3D). Se a sua empresa tem um problema relacionado a embalagens flex\u00edveis, r\u00f3tulos ou Impress\u00e3o, por mais insol\u00favel que lhe pare\u00e7a, aguardamos ansiosos a sua liga\u00e7\u00e3o ou e-mail. Este \u00e9 nosso trabalho e tamb\u00e9m a nossa paix\u00e3o.","sameAs":["http:\/\/www.projetopack.com","https:\/\/www.linkedin.com\/in\/aislanbaer\/"],"jobTitle":"CEO @ ProjetoPack | L\u00edder em M&A no Setor de Impress\u00e3o e Embalagens no Brasil | Cofundador da Inovagraf e Neuraflow | Especialista em Inova\u00e7\u00e3o com IA na Impress\u00e3o | Printing Legacy Initiative | Empreendedor Serial","url":"https:\/\/projetopack.com.br\/en\/author\/aislan\/"}]}},"_links":{"self":[{"href":"https:\/\/projetopack.com.br\/en\/wp-json\/wp\/v2\/posts\/39719","targetHints":{"allow":["GET"]}}],"collection":[{"href":"https:\/\/projetopack.com.br\/en\/wp-json\/wp\/v2\/posts"}],"about":[{"href":"https:\/\/projetopack.com.br\/en\/wp-json\/wp\/v2\/types\/post"}],"author":[{"embeddable":true,"href":"https:\/\/projetopack.com.br\/en\/wp-json\/wp\/v2\/users\/2"}],"replies":[{"embeddable":true,"href":"https:\/\/projetopack.com.br\/en\/wp-json\/wp\/v2\/comments?post=39719"}],"version-history":[{"count":0,"href":"https:\/\/projetopack.com.br\/en\/wp-json\/wp\/v2\/posts\/39719\/revisions"}],"wp:featuredmedia":[{"embeddable":true,"href":"https:\/\/projetopack.com.br\/en\/wp-json\/wp\/v2\/media\/39720"}],"wp:attachment":[{"href":"https:\/\/projetopack.com.br\/en\/wp-json\/wp\/v2\/media?parent=39719"}],"wp:term":[{"taxonomy":"category","embeddable":true,"href":"https:\/\/projetopack.com.br\/en\/wp-json\/wp\/v2\/categories?post=39719"},{"taxonomy":"post_tag","embeddable":true,"href":"https:\/\/projetopack.com.br\/en\/wp-json\/wp\/v2\/tags?post=39719"}],"curies":[{"name":"wp","href":"https:\/\/api.w.org\/{rel}","templated":true}]}}