{"id":39837,"date":"2024-02-09T17:41:18","date_gmt":"2024-02-09T20:41:18","guid":{"rendered":"https:\/\/www.projetopack.com.br\/?p=39837"},"modified":"2026-03-16T16:47:59","modified_gmt":"2026-03-16T19:47:59","slug":"vinilsul-e-a-nova-distribuidora-autorizada-avery-dennison","status":"publish","type":"post","link":"https:\/\/projetopack.com.br\/en\/vinilsul-e-a-nova-distribuidora-autorizada-avery-dennison\/","title":{"rendered":"VinilSul \u00e9 a nova distribuidora autorizada Avery Dennison"},"content":{"rendered":"<p style=\"font-style:normal;font-weight:400\">A <a href=\"https:\/\/www.vinilsul.com.br\/\" target=\"_blank\" rel=\"noreferrer noopener\"><strong>Vini<\/strong><\/a><a href=\"https:\/\/www.vinilsul.com.br\/\"><strong>lSul<\/strong><\/a>, uma das maiores distribuidoras de solu\u00e7\u00f5es de equipamentos e insumos para os segmentos de comunica\u00e7\u00e3o visual, estamparia digital e r\u00f3tulos digitais da Am\u00e9rica Latina, acaba de ampliar sua gama de parceiros. <\/p>\n\n\n\n<p class=\"has-light-green-cyan-background-color has-background\" style=\"font-style:normal;font-weight:400\">Por meio de sua Divis\u00e3o <strong>VS Labels<\/strong>, a empresa VinilSul \u00e9 a nova distribuidora autorizada da <strong><a href=\"https:\/\/www.averydennison.com\/pt\/home.html\" target=\"_blank\" rel=\"noreferrer noopener\">Aver<\/a><a href=\"https:\/\/www.averydennison.com\/pt\/home.html\">y Dennison<\/a> <\/strong>para sua linha de labels. A empresa \u00e9\u00a0refer\u00eancia mundial na fabrica\u00e7\u00e3o de solu\u00e7\u00f5es autoadesivas.\u00a0<\/p>\n\n\n\n<p style=\"font-style:normal;font-weight:400\">Entre as linhas que passam a estar dispon\u00edveis para comercializa\u00e7\u00e3o atrav\u00e9s da Divis\u00e3o VS Labels est\u00e3o autoadesivos <strong>BOPP branco NTC<\/strong> e <strong>TC<\/strong>, <strong>BOPP transparente NTC<\/strong> e <strong>TC<\/strong>, <strong>BOPP metalizado NTC<\/strong> e <strong>TC<\/strong>, e <strong>papel couch\u00e9 Ecoprint<\/strong>. Os produtos podem ser adquiridos em rolos de 220, 250 e 330 mm de largura.\u00a0<\/p>\n\n\n\n<p style=\"font-style:normal;font-weight:400\">A nova parceria vai de encontro com a\u00a0 expans\u00e3o dos neg\u00f3cios da VinilSul para o segmento de r\u00f3tulos e etiquetas autoadesivas, que teve in\u00edcio com a cria\u00e7\u00e3o da nova Divis\u00e3o VS Labels. No final de 2023, a empresa anunciou diversas parcerias importantes com empresas globais de atua\u00e7\u00e3o mundial, como a <strong>Vorey<\/strong>, <strong>JETSCI<\/strong>, <strong>Anytron<\/strong> e <strong>Darui<\/strong>.\u00a0<\/p>\n\n\n\n<blockquote class=\"wp-block-quote is-layout-flow wp-block-quote-is-layout-flow\">\n<p style=\"font-style:normal;font-weight:400\">\u201cFicamos muito felizes pela confian\u00e7a depositada pela Avery Dennison em\u00a0 n\u00f3s, cuja marca e qualidade dos produtos s\u00e3o refer\u00eancias mundiais. Com as novas linhas de solu\u00e7\u00f5es autoadesivas que passam a fazer parte de nosso portf\u00f3lio, a Divis\u00e3o VS Labels capacita-se ainda mais para oferecer uma solu\u00e7\u00e3o completa ao mercado, com todo o diferencial de estrutura e atendimento que j\u00e1 consagrou a VinilSul nos segmentos em que j\u00e1 atua\u201d, <\/p>\n<cite>disse Marcelo Fontes, respons\u00e1vel comercial pela Divis\u00e3o VS Labels.\u00a0<\/cite><\/blockquote>\n\n\n\n<p class=\"has-light-green-cyan-background-color has-background\" style=\"font-style:normal;font-weight:400\">\u201cA Avery Dennison tem como valores a excel\u00eancia e o foco externo. A Vinilsul j\u00e1 \u00e9 nossa distribuidora para materiais de envelopamento e comunica\u00e7\u00e3o visual e, a partir de agora, tamb\u00e9m as solu\u00e7\u00f5es autoadesivas para r\u00f3tulos e etiquetas. Estamos confiantes que esta nova distribui\u00e7\u00e3o ir\u00e1 fortalecer, ainda mais a nossa parceria e, oferecer ao mercado um portf\u00f3lio mais completo de solu\u00e7\u00f5es&#8221;, afirma <strong>Vinicius Altran<\/strong>, gerente nacional de vendas da Avery Dennison, empresa que completa 50 anos no Brasil.<\/p>\n\n\n\n<p style=\"font-style:normal;font-weight:400\">Segundo Marcelo, a empresa trabalhar\u00e1, inicialmente, com estoques nas suas unidades de S\u00e3o Paulo, Goi\u00e2nia e Curitiba com pronta entrega e, nas demais regi\u00f5es, com prazos de embarques r\u00e1pidos e sem exig\u00eancia de quantidades m\u00ednimas.<\/p>\n\n\n\n<p>Leia mais em nosso blog:<\/p>\n\n\n\n<p><a href=\"https:\/\/projetopack.com.br\/etiqueta-desenvolvida-pela-paa-label-para-dar-maior-praticidade-destaque-e-seguranca-ao-seu-produto\/\">Etiqueta desenvolvida pela PAA Label para dar maior praticidade, destaque e seguran\u00e7a ao produt<\/a><a href=\"https:\/\/projetopack.com.br\/etiqueta-desenvolvida-pela-paa-label-para-dar-maior-praticidade-destaque-e-seguranca-ao-seu-produto\/\" target=\"_blank\" rel=\"noreferrer noopener\">o<\/a><\/p>","protected":false},"excerpt":{"rendered":"<p>A VinilSul, uma das maiores distribuidoras de solu\u00e7\u00f5es de equipamentos e insumos para os segmentos de comunica\u00e7\u00e3o visual, estamparia digital e r\u00f3tulos digitais da Am\u00e9rica Latina, acaba de ampliar sua gama de parceiros. Por meio de sua Divis\u00e3o VS Labels, a empresa VinilSul \u00e9 a nova distribuidora autorizada da Avery Dennison para sua linha de [&hellip;]<\/p>\n","protected":false},"author":2,"featured_media":39838,"comment_status":"open","ping_status":"closed","sticky":true,"template":"","format":"standard","meta":{"footnotes":""},"categories":[458],"tags":[1136,170,1137],"class_list":["post-39837","post","type-post","status-publish","format-standard","has-post-thumbnail","hentry","category-lancamentos","tag-avery-dennison","tag-rotulos-e-etiquetas","tag-vs-labels"],"yoast_head":"<!-- This site is optimized with the Yoast SEO Premium plugin v27.1 (Yoast SEO v27.1.1) - https:\/\/yoast.com\/product\/yoast-seo-premium-wordpress\/ -->\n<title>VinilSul \u00e9 a nova distribuidora autorizada Avery Dennison - ProjetoPack<\/title>\n<meta name=\"description\" content=\"VinilSul \u00e9 a nova distribuidora autorizada Avery Dennison para m\u00eddias autoadesivas ao mercado de r\u00f3tulos e etiquetas\" \/>\n<meta name=\"robots\" content=\"index, follow, max-snippet:-1, max-image-preview:large, max-video-preview:-1\" \/>\n<link rel=\"canonical\" href=\"https:\/\/projetopack.com.br\/en\/vinilsul-e-a-nova-distribuidora-autorizada-avery-dennison\/\" \/>\n<meta property=\"og:locale\" content=\"en_US\" \/>\n<meta property=\"og:type\" content=\"article\" \/>\n<meta property=\"og:title\" content=\"VinilSul \u00e9 a nova distribuidora autorizada Avery Dennison\" \/>\n<meta property=\"og:description\" content=\"VinilSul \u00e9 a nova distribuidora autorizada Avery Dennison para m\u00eddias autoadesivas ao mercado de r\u00f3tulos e etiquetas\" \/>\n<meta property=\"og:url\" content=\"https:\/\/projetopack.com.br\/en\/vinilsul-e-a-nova-distribuidora-autorizada-avery-dennison\/\" \/>\n<meta property=\"og:site_name\" content=\"ProjetoPack\" \/>\n<meta property=\"article:published_time\" content=\"2024-02-09T20:41:18+00:00\" \/>\n<meta property=\"article:modified_time\" content=\"2026-03-16T19:47:59+00:00\" \/>\n<meta property=\"og:image\" content=\"https:\/\/projetopack.com.br\/wp-content\/uploads\/2024\/02\/VinilSul-e-parceria-com-a-Avery-Dennison.jpg\" \/>\n\t<meta property=\"og:image:width\" content=\"1600\" \/>\n\t<meta property=\"og:image:height\" content=\"1200\" \/>\n\t<meta property=\"og:image:type\" content=\"image\/jpeg\" \/>\n<meta name=\"author\" content=\"Aislan Baer\" \/>\n<meta name=\"twitter:card\" content=\"summary_large_image\" \/>\n<meta name=\"twitter:creator\" content=\"@ProjetoPack\" \/>\n<meta name=\"twitter:site\" content=\"@ProjetoPack\" \/>\n<meta name=\"twitter:label1\" content=\"Written by\" \/>\n\t<meta name=\"twitter:data1\" content=\"Aislan Baer\" \/>\n\t<meta name=\"twitter:label2\" content=\"Est. reading time\" \/>\n\t<meta name=\"twitter:data2\" content=\"2 minutes\" \/>\n<script type=\"application\/ld+json\" class=\"yoast-schema-graph\">{\"@context\":\"https:\/\/schema.org\",\"@graph\":[{\"@type\":\"Article\",\"@id\":\"https:\/\/projetopack.com.br\/vinilsul-e-a-nova-distribuidora-autorizada-avery-dennison\/#article\",\"isPartOf\":{\"@id\":\"https:\/\/projetopack.com.br\/vinilsul-e-a-nova-distribuidora-autorizada-avery-dennison\/\"},\"author\":{\"name\":\"Aislan Baer\",\"@id\":\"https:\/\/projetopack.com.br\/#\/schema\/person\/87cbd7d1e244880886d457815ebd2490\"},\"headline\":\"VinilSul \u00e9 a nova distribuidora autorizada Avery Dennison\",\"datePublished\":\"2024-02-09T20:41:18+00:00\",\"dateModified\":\"2026-03-16T19:47:59+00:00\",\"mainEntityOfPage\":{\"@id\":\"https:\/\/projetopack.com.br\/vinilsul-e-a-nova-distribuidora-autorizada-avery-dennison\/\"},\"wordCount\":428,\"commentCount\":0,\"publisher\":{\"@id\":\"https:\/\/projetopack.com.br\/#organization\"},\"image\":{\"@id\":\"https:\/\/projetopack.com.br\/vinilsul-e-a-nova-distribuidora-autorizada-avery-dennison\/#primaryimage\"},\"thumbnailUrl\":\"https:\/\/projetopack.com.br\/wp-content\/uploads\/2024\/02\/VinilSul-e-parceria-com-a-Avery-Dennison.jpg\",\"keywords\":[\"avery dennison\",\"r\u00f3tulos e etiquetas\",\"vs labels\"],\"articleSection\":[\"Lan\u00e7amentos\"],\"inLanguage\":\"en-US\",\"potentialAction\":[{\"@type\":\"CommentAction\",\"name\":\"Comment\",\"target\":[\"https:\/\/projetopack.com.br\/vinilsul-e-a-nova-distribuidora-autorizada-avery-dennison\/#respond\"]}]},{\"@type\":\"WebPage\",\"@id\":\"https:\/\/projetopack.com.br\/vinilsul-e-a-nova-distribuidora-autorizada-avery-dennison\/\",\"url\":\"https:\/\/projetopack.com.br\/vinilsul-e-a-nova-distribuidora-autorizada-avery-dennison\/\",\"name\":\"VinilSul \u00e9 a nova distribuidora autorizada Avery Dennison - ProjetoPack\",\"isPartOf\":{\"@id\":\"https:\/\/projetopack.com.br\/#website\"},\"primaryImageOfPage\":{\"@id\":\"https:\/\/projetopack.com.br\/vinilsul-e-a-nova-distribuidora-autorizada-avery-dennison\/#primaryimage\"},\"image\":{\"@id\":\"https:\/\/projetopack.com.br\/vinilsul-e-a-nova-distribuidora-autorizada-avery-dennison\/#primaryimage\"},\"thumbnailUrl\":\"https:\/\/projetopack.com.br\/wp-content\/uploads\/2024\/02\/VinilSul-e-parceria-com-a-Avery-Dennison.jpg\",\"datePublished\":\"2024-02-09T20:41:18+00:00\",\"dateModified\":\"2026-03-16T19:47:59+00:00\",\"description\":\"VinilSul \u00e9 a nova distribuidora autorizada Avery Dennison para m\u00eddias autoadesivas ao mercado de r\u00f3tulos e etiquetas\",\"breadcrumb\":{\"@id\":\"https:\/\/projetopack.com.br\/vinilsul-e-a-nova-distribuidora-autorizada-avery-dennison\/#breadcrumb\"},\"inLanguage\":\"en-US\",\"potentialAction\":[{\"@type\":\"ReadAction\",\"target\":[\"https:\/\/projetopack.com.br\/vinilsul-e-a-nova-distribuidora-autorizada-avery-dennison\/\"]}]},{\"@type\":\"ImageObject\",\"inLanguage\":\"en-US\",\"@id\":\"https:\/\/projetopack.com.br\/vinilsul-e-a-nova-distribuidora-autorizada-avery-dennison\/#primaryimage\",\"url\":\"https:\/\/projetopack.com.br\/wp-content\/uploads\/2024\/02\/VinilSul-e-parceria-com-a-Avery-Dennison.jpg\",\"contentUrl\":\"https:\/\/projetopack.com.br\/wp-content\/uploads\/2024\/02\/VinilSul-e-parceria-com-a-Avery-Dennison.jpg\",\"width\":1600,\"height\":1200,\"caption\":\"VinilSul e Avery Dennison\"},{\"@type\":\"BreadcrumbList\",\"@id\":\"https:\/\/projetopack.com.br\/vinilsul-e-a-nova-distribuidora-autorizada-avery-dennison\/#breadcrumb\",\"itemListElement\":[{\"@type\":\"ListItem\",\"position\":1,\"name\":\"P\u00e1gina Inicial\",\"item\":\"https:\/\/projetopack.com.br\/\"},{\"@type\":\"ListItem\",\"position\":2,\"name\":\"Lan\u00e7amentos\",\"item\":\"https:\/\/projetopack.com.br\/category\/lancamentos\/\"},{\"@type\":\"ListItem\",\"position\":3,\"name\":\"VinilSul \u00e9 a nova distribuidora autorizada Avery Dennison\"}]},{\"@type\":\"WebSite\",\"@id\":\"https:\/\/projetopack.com.br\/#website\",\"url\":\"https:\/\/projetopack.com.br\/\",\"name\":\"ProjetoPack\",\"description\":\"Consultoria e servi\u00e7os para embalagens, r\u00f3tulos, etiquetas e processos de impress\u00e3o\",\"publisher\":{\"@id\":\"https:\/\/projetopack.com.br\/#organization\"},\"potentialAction\":[{\"@type\":\"SearchAction\",\"target\":{\"@type\":\"EntryPoint\",\"urlTemplate\":\"https:\/\/projetopack.com.br\/?s={search_term_string}\"},\"query-input\":{\"@type\":\"PropertyValueSpecification\",\"valueRequired\":true,\"valueName\":\"search_term_string\"}}],\"inLanguage\":\"en-US\"},{\"@type\":\"Organization\",\"@id\":\"https:\/\/projetopack.com.br\/#organization\",\"name\":\"ProjetoPack & Associados\",\"url\":\"https:\/\/projetopack.com.br\/\",\"logo\":{\"@type\":\"ImageObject\",\"inLanguage\":\"en-US\",\"@id\":\"https:\/\/projetopack.com.br\/#\/schema\/logo\/image\/\",\"url\":\"https:\/\/projetopack.com.br\/wp-content\/uploads\/2020\/09\/projetopack.png\",\"contentUrl\":\"https:\/\/projetopack.com.br\/wp-content\/uploads\/2020\/09\/projetopack.png\",\"width\":200,\"height\":200,\"caption\":\"ProjetoPack & Associados\"},\"image\":{\"@id\":\"https:\/\/projetopack.com.br\/#\/schema\/logo\/image\/\"},\"sameAs\":[\"https:\/\/x.com\/ProjetoPack\",\"https:\/\/www.linkedin.com\/company\/projetopack\/\"]},{\"@type\":\"Person\",\"@id\":\"https:\/\/projetopack.com.br\/#\/schema\/person\/87cbd7d1e244880886d457815ebd2490\",\"name\":\"Aislan Baer\",\"image\":{\"@type\":\"ImageObject\",\"inLanguage\":\"en-US\",\"@id\":\"https:\/\/projetopack.com.br\/#\/schema\/person\/image\/\",\"url\":\"https:\/\/projetopack.com.br\/wp-content\/uploads\/2021\/08\/Aislan-Busto-p-100x100.jpg\",\"contentUrl\":\"https:\/\/projetopack.com.br\/wp-content\/uploads\/2021\/08\/Aislan-Busto-p-100x100.jpg\",\"caption\":\"Aislan Baer\"},\"description\":\"Desde os \u00faltimos 20 anos, meu time e eu ajudamos mais de 300 empresas brasileiras e estrangeiras (algumas delas, l\u00edderes mundiais) a produzir embalagens flex\u00edveis e r\u00f3tulos com maior efici\u00eancia, menores custos e maior apelo visual, bem como centenas de donos de marcas a comprar suas embalagens flex\u00edveis e material impresso com um crit\u00e9rio mais t\u00e9cnico e assertivo. Ao mesmo tempo, gra\u00e7as \u00e0 nossa consultoria, muitas destas empresas melhoraram significativamente o seu processo de Impress\u00e3o (Impress\u00e3o de embalagens, Impress\u00e3o industrial, Impress\u00e3o funcional e, mais recentemente, bio impress\u00e3o e manufatura aditiva ou simplesmente Impress\u00e3o 3D). Se a sua empresa tem um problema relacionado a embalagens flex\u00edveis, r\u00f3tulos ou Impress\u00e3o, por mais insol\u00favel que lhe pare\u00e7a, aguardamos ansiosos a sua liga\u00e7\u00e3o ou e-mail. Este \u00e9 nosso trabalho e tamb\u00e9m a nossa paix\u00e3o.\",\"sameAs\":[\"http:\/\/www.projetopack.com\",\"https:\/\/www.linkedin.com\/in\/aislanbaer\/\"],\"jobTitle\":\"CEO @ ProjetoPack | L\u00edder em M&A no Setor de Impress\u00e3o e Embalagens no Brasil | Cofundador da Inovagraf e Neuraflow | Especialista em Inova\u00e7\u00e3o com IA na Impress\u00e3o | Printing Legacy Initiative | Empreendedor Serial\",\"url\":\"https:\/\/projetopack.com.br\/en\/author\/aislan\/\"}]}<\/script>\n<!-- \/ Yoast SEO Premium plugin. -->","yoast_head_json":{"title":"VinilSul \u00e9 a nova distribuidora autorizada Avery Dennison - ProjetoPack","description":"VinilSul \u00e9 a nova distribuidora autorizada Avery Dennison para m\u00eddias autoadesivas ao mercado de r\u00f3tulos e etiquetas","robots":{"index":"index","follow":"follow","max-snippet":"max-snippet:-1","max-image-preview":"max-image-preview:large","max-video-preview":"max-video-preview:-1"},"canonical":"https:\/\/projetopack.com.br\/en\/vinilsul-e-a-nova-distribuidora-autorizada-avery-dennison\/","og_locale":"en_US","og_type":"article","og_title":"VinilSul \u00e9 a nova distribuidora autorizada Avery Dennison","og_description":"VinilSul \u00e9 a nova distribuidora autorizada Avery Dennison para m\u00eddias autoadesivas ao mercado de r\u00f3tulos e etiquetas","og_url":"https:\/\/projetopack.com.br\/en\/vinilsul-e-a-nova-distribuidora-autorizada-avery-dennison\/","og_site_name":"ProjetoPack","article_published_time":"2024-02-09T20:41:18+00:00","article_modified_time":"2026-03-16T19:47:59+00:00","og_image":[{"width":1600,"height":1200,"url":"https:\/\/projetopack.com.br\/wp-content\/uploads\/2024\/02\/VinilSul-e-parceria-com-a-Avery-Dennison.jpg","type":"image\/jpeg"}],"author":"Aislan Baer","twitter_card":"summary_large_image","twitter_creator":"@ProjetoPack","twitter_site":"@ProjetoPack","twitter_misc":{"Written by":"Aislan Baer","Est. reading time":"2 minutes"},"schema":{"@context":"https:\/\/schema.org","@graph":[{"@type":"Article","@id":"https:\/\/projetopack.com.br\/vinilsul-e-a-nova-distribuidora-autorizada-avery-dennison\/#article","isPartOf":{"@id":"https:\/\/projetopack.com.br\/vinilsul-e-a-nova-distribuidora-autorizada-avery-dennison\/"},"author":{"name":"Aislan Baer","@id":"https:\/\/projetopack.com.br\/#\/schema\/person\/87cbd7d1e244880886d457815ebd2490"},"headline":"VinilSul \u00e9 a nova distribuidora autorizada Avery Dennison","datePublished":"2024-02-09T20:41:18+00:00","dateModified":"2026-03-16T19:47:59+00:00","mainEntityOfPage":{"@id":"https:\/\/projetopack.com.br\/vinilsul-e-a-nova-distribuidora-autorizada-avery-dennison\/"},"wordCount":428,"commentCount":0,"publisher":{"@id":"https:\/\/projetopack.com.br\/#organization"},"image":{"@id":"https:\/\/projetopack.com.br\/vinilsul-e-a-nova-distribuidora-autorizada-avery-dennison\/#primaryimage"},"thumbnailUrl":"https:\/\/projetopack.com.br\/wp-content\/uploads\/2024\/02\/VinilSul-e-parceria-com-a-Avery-Dennison.jpg","keywords":["avery dennison","r\u00f3tulos e etiquetas","vs labels"],"articleSection":["Lan\u00e7amentos"],"inLanguage":"en-US","potentialAction":[{"@type":"CommentAction","name":"Comment","target":["https:\/\/projetopack.com.br\/vinilsul-e-a-nova-distribuidora-autorizada-avery-dennison\/#respond"]}]},{"@type":"WebPage","@id":"https:\/\/projetopack.com.br\/vinilsul-e-a-nova-distribuidora-autorizada-avery-dennison\/","url":"https:\/\/projetopack.com.br\/vinilsul-e-a-nova-distribuidora-autorizada-avery-dennison\/","name":"VinilSul \u00e9 a nova distribuidora autorizada Avery Dennison - ProjetoPack","isPartOf":{"@id":"https:\/\/projetopack.com.br\/#website"},"primaryImageOfPage":{"@id":"https:\/\/projetopack.com.br\/vinilsul-e-a-nova-distribuidora-autorizada-avery-dennison\/#primaryimage"},"image":{"@id":"https:\/\/projetopack.com.br\/vinilsul-e-a-nova-distribuidora-autorizada-avery-dennison\/#primaryimage"},"thumbnailUrl":"https:\/\/projetopack.com.br\/wp-content\/uploads\/2024\/02\/VinilSul-e-parceria-com-a-Avery-Dennison.jpg","datePublished":"2024-02-09T20:41:18+00:00","dateModified":"2026-03-16T19:47:59+00:00","description":"VinilSul \u00e9 a nova distribuidora autorizada Avery Dennison para m\u00eddias autoadesivas ao mercado de r\u00f3tulos e etiquetas","breadcrumb":{"@id":"https:\/\/projetopack.com.br\/vinilsul-e-a-nova-distribuidora-autorizada-avery-dennison\/#breadcrumb"},"inLanguage":"en-US","potentialAction":[{"@type":"ReadAction","target":["https:\/\/projetopack.com.br\/vinilsul-e-a-nova-distribuidora-autorizada-avery-dennison\/"]}]},{"@type":"ImageObject","inLanguage":"en-US","@id":"https:\/\/projetopack.com.br\/vinilsul-e-a-nova-distribuidora-autorizada-avery-dennison\/#primaryimage","url":"https:\/\/projetopack.com.br\/wp-content\/uploads\/2024\/02\/VinilSul-e-parceria-com-a-Avery-Dennison.jpg","contentUrl":"https:\/\/projetopack.com.br\/wp-content\/uploads\/2024\/02\/VinilSul-e-parceria-com-a-Avery-Dennison.jpg","width":1600,"height":1200,"caption":"VinilSul e Avery Dennison"},{"@type":"BreadcrumbList","@id":"https:\/\/projetopack.com.br\/vinilsul-e-a-nova-distribuidora-autorizada-avery-dennison\/#breadcrumb","itemListElement":[{"@type":"ListItem","position":1,"name":"P\u00e1gina Inicial","item":"https:\/\/projetopack.com.br\/"},{"@type":"ListItem","position":2,"name":"Lan\u00e7amentos","item":"https:\/\/projetopack.com.br\/category\/lancamentos\/"},{"@type":"ListItem","position":3,"name":"VinilSul \u00e9 a nova distribuidora autorizada Avery Dennison"}]},{"@type":"WebSite","@id":"https:\/\/projetopack.com.br\/#website","url":"https:\/\/projetopack.com.br\/","name":"ProjetoPack","description":"Consultoria e servi\u00e7os para embalagens, r\u00f3tulos, etiquetas e processos de impress\u00e3o","publisher":{"@id":"https:\/\/projetopack.com.br\/#organization"},"potentialAction":[{"@type":"SearchAction","target":{"@type":"EntryPoint","urlTemplate":"https:\/\/projetopack.com.br\/?s={search_term_string}"},"query-input":{"@type":"PropertyValueSpecification","valueRequired":true,"valueName":"search_term_string"}}],"inLanguage":"en-US"},{"@type":"Organization","@id":"https:\/\/projetopack.com.br\/#organization","name":"ProjetoPack & Associados","url":"https:\/\/projetopack.com.br\/","logo":{"@type":"ImageObject","inLanguage":"en-US","@id":"https:\/\/projetopack.com.br\/#\/schema\/logo\/image\/","url":"https:\/\/projetopack.com.br\/wp-content\/uploads\/2020\/09\/projetopack.png","contentUrl":"https:\/\/projetopack.com.br\/wp-content\/uploads\/2020\/09\/projetopack.png","width":200,"height":200,"caption":"ProjetoPack & Associados"},"image":{"@id":"https:\/\/projetopack.com.br\/#\/schema\/logo\/image\/"},"sameAs":["https:\/\/x.com\/ProjetoPack","https:\/\/www.linkedin.com\/company\/projetopack\/"]},{"@type":"Person","@id":"https:\/\/projetopack.com.br\/#\/schema\/person\/87cbd7d1e244880886d457815ebd2490","name":"Aislan Baer","image":{"@type":"ImageObject","inLanguage":"en-US","@id":"https:\/\/projetopack.com.br\/#\/schema\/person\/image\/","url":"https:\/\/projetopack.com.br\/wp-content\/uploads\/2021\/08\/Aislan-Busto-p-100x100.jpg","contentUrl":"https:\/\/projetopack.com.br\/wp-content\/uploads\/2021\/08\/Aislan-Busto-p-100x100.jpg","caption":"Aislan Baer"},"description":"Desde os \u00faltimos 20 anos, meu time e eu ajudamos mais de 300 empresas brasileiras e estrangeiras (algumas delas, l\u00edderes mundiais) a produzir embalagens flex\u00edveis e r\u00f3tulos com maior efici\u00eancia, menores custos e maior apelo visual, bem como centenas de donos de marcas a comprar suas embalagens flex\u00edveis e material impresso com um crit\u00e9rio mais t\u00e9cnico e assertivo. Ao mesmo tempo, gra\u00e7as \u00e0 nossa consultoria, muitas destas empresas melhoraram significativamente o seu processo de Impress\u00e3o (Impress\u00e3o de embalagens, Impress\u00e3o industrial, Impress\u00e3o funcional e, mais recentemente, bio impress\u00e3o e manufatura aditiva ou simplesmente Impress\u00e3o 3D). Se a sua empresa tem um problema relacionado a embalagens flex\u00edveis, r\u00f3tulos ou Impress\u00e3o, por mais insol\u00favel que lhe pare\u00e7a, aguardamos ansiosos a sua liga\u00e7\u00e3o ou e-mail. Este \u00e9 nosso trabalho e tamb\u00e9m a nossa paix\u00e3o.","sameAs":["http:\/\/www.projetopack.com","https:\/\/www.linkedin.com\/in\/aislanbaer\/"],"jobTitle":"CEO @ ProjetoPack | L\u00edder em M&A no Setor de Impress\u00e3o e Embalagens no Brasil | Cofundador da Inovagraf e Neuraflow | Especialista em Inova\u00e7\u00e3o com IA na Impress\u00e3o | Printing Legacy Initiative | Empreendedor Serial","url":"https:\/\/projetopack.com.br\/en\/author\/aislan\/"}]}},"_links":{"self":[{"href":"https:\/\/projetopack.com.br\/en\/wp-json\/wp\/v2\/posts\/39837","targetHints":{"allow":["GET"]}}],"collection":[{"href":"https:\/\/projetopack.com.br\/en\/wp-json\/wp\/v2\/posts"}],"about":[{"href":"https:\/\/projetopack.com.br\/en\/wp-json\/wp\/v2\/types\/post"}],"author":[{"embeddable":true,"href":"https:\/\/projetopack.com.br\/en\/wp-json\/wp\/v2\/users\/2"}],"replies":[{"embeddable":true,"href":"https:\/\/projetopack.com.br\/en\/wp-json\/wp\/v2\/comments?post=39837"}],"version-history":[{"count":0,"href":"https:\/\/projetopack.com.br\/en\/wp-json\/wp\/v2\/posts\/39837\/revisions"}],"wp:featuredmedia":[{"embeddable":true,"href":"https:\/\/projetopack.com.br\/en\/wp-json\/wp\/v2\/media\/39838"}],"wp:attachment":[{"href":"https:\/\/projetopack.com.br\/en\/wp-json\/wp\/v2\/media?parent=39837"}],"wp:term":[{"taxonomy":"category","embeddable":true,"href":"https:\/\/projetopack.com.br\/en\/wp-json\/wp\/v2\/categories?post=39837"},{"taxonomy":"post_tag","embeddable":true,"href":"https:\/\/projetopack.com.br\/en\/wp-json\/wp\/v2\/tags?post=39837"}],"curies":[{"name":"wp","href":"https:\/\/api.w.org\/{rel}","templated":true}]}}