{"id":3984,"date":"2019-07-17T15:57:36","date_gmt":"2019-07-17T18:57:36","guid":{"rendered":"https:\/\/www.projetopack.com.br\/2020\/?p=3984"},"modified":"2021-09-11T16:18:54","modified_gmt":"2021-09-11T19:18:54","slug":"x-rite-lanca-solucao-para-medicao-de-cores-em-superficies-curvas","status":"publish","type":"post","link":"https:\/\/projetopack.com.br\/en\/x-rite-lanca-solucao-para-medicao-de-cores-em-superficies-curvas\/","title":{"rendered":"X-Rite lan\u00e7a solu\u00e7\u00e3o para medi\u00e7\u00e3o de cores em superf\u00edcies curvas"},"content":{"rendered":"<p>&nbsp;<\/p>\n<p><img decoding=\"async\" class=\"aligncenter size-medium wp-image-3985\" src=\"https:\/\/projetopack.com.br\/wp-content\/uploads\/2019\/07\/xrite-300x150.jpg\" alt=\"\" width=\"300\" height=\"150\" srcset=\"https:\/\/projetopack.com.br\/wp-content\/uploads\/2019\/07\/xrite-300x150.jpg 300w, https:\/\/projetopack.com.br\/wp-content\/uploads\/2019\/07\/xrite-600x300.jpg 600w, https:\/\/projetopack.com.br\/wp-content\/uploads\/2019\/07\/xrite.jpg 700w\" sizes=\"(max-width: 300px) 100vw, 300px\" \/><\/p>\n<p>&nbsp;<\/p>\n<p>A <strong>X-Rite<\/strong> anunciou o lan\u00e7amento de uma nova solu\u00e7\u00e3o para captura e medi\u00e7\u00e3o de cores em superf\u00edcies curvas em itens pl\u00e1sticos, vidro (copos, garrafas etc.), tubos etc. Chamada de <strong>Cup and Cilinder Fixture<\/strong>, a solu\u00e7\u00e3o \u00e9 compat\u00edvel aos espectrofot\u00f4metros port\u00e1teis das fam\u00edlias <strong>eXact<\/strong> e <strong>Ci6x<\/strong>, permitindo realizar medi\u00e7\u00f5es precisar sem a necessidade de danificar ou destruir a amostra.<\/p>\n<p>A solu\u00e7\u00e3o completa inclui um bra\u00e7o de posicionamento de amostra para mant\u00ea-la na altura e no \u00e2ngulo corretos, levando em conta a espessura. Tamb\u00e9m inclui uma bancada para alinhar o instrumento X-Rite ao plano de medi\u00e7\u00e3o. O aparelho pode ser personalizado para suportar amostras de v\u00e1rias espessuras e garante que o eXact ou Ci6x fique no suporte com a abertura alinhada sobre a amostra. O bra\u00e7o de posicionamento permite, ainda, que o operador mova a amostra ou gire-a para medir diferentes pontos.<\/p>\n<p>&nbsp;<\/p>\n<p>&nbsp;<\/p>\n<h6>Fonte: Parla! Assessoria em Comunica\u00e7\u00e3o &amp; Jornalismo Empresarial &#8211;&nbsp;<b><span style=\"color: #808080; font-family: Arial; font-size: medium;\">Contato:<\/span><\/b> 11 3413-4416 \/ <a href=\"http:\/\/www.parlaassessoria.com.br\/v2\/contato@parlaassessoria.com.br\">contato@parlaassessoria.com.br<\/a><\/h6>","protected":false},"excerpt":{"rendered":"<p>A X-Rite anunciou o lan\u00e7amento de uma nova solu\u00e7\u00e3o para captura e medi\u00e7\u00e3o de cores em superf\u00edcies curvas em itens pl\u00e1sticos, vidro (copos, garrafas etc.), tubos etc, chamada de Cup and Cilinder Fixture.<\/p>","protected":false},"author":18,"featured_media":0,"comment_status":"open","ping_status":"open","sticky":false,"template":"","format":"standard","meta":{"footnotes":""},"categories":[877],"tags":[276,277,211],"class_list":["post-3984","post","type-post","status-publish","format-standard","hentry","category-arquivo","tag-cup-and-cilinder-fixture","tag-medicao-de-cores","tag-x-rite"],"yoast_head":"<!-- This site is optimized with the Yoast SEO Premium plugin v27.1 (Yoast SEO v27.1.1) - https:\/\/yoast.com\/product\/yoast-seo-premium-wordpress\/ -->\n<title>X-Rite lan\u00e7a solu\u00e7\u00e3o para medi\u00e7\u00e3o de cores em superf\u00edcies curvas - ProjetoPack<\/title>\n<meta name=\"description\" content=\"Confira o melhor conte\u00fado sobre tecnologia, design e gest\u00e3o de embalagens flex\u00edveis, r\u00f3tulos e impress\u00e3o.\" \/>\n<meta name=\"robots\" content=\"index, follow, max-snippet:-1, max-image-preview:large, max-video-preview:-1\" \/>\n<link rel=\"canonical\" href=\"https:\/\/projetopack.com.br\/en\/x-rite-lanca-solucao-para-medicao-de-cores-em-superficies-curvas\/\" \/>\n<meta property=\"og:locale\" content=\"en_US\" \/>\n<meta property=\"og:type\" content=\"article\" \/>\n<meta property=\"og:title\" content=\"X-Rite lan\u00e7a solu\u00e7\u00e3o para medi\u00e7\u00e3o de cores em superf\u00edcies curvas\" \/>\n<meta property=\"og:description\" content=\"Confira o melhor conte\u00fado sobre tecnologia, design e gest\u00e3o de embalagens flex\u00edveis, r\u00f3tulos e impress\u00e3o.\" \/>\n<meta property=\"og:url\" content=\"https:\/\/projetopack.com.br\/en\/x-rite-lanca-solucao-para-medicao-de-cores-em-superficies-curvas\/\" \/>\n<meta property=\"og:site_name\" content=\"ProjetoPack\" \/>\n<meta property=\"article:published_time\" content=\"2019-07-17T18:57:36+00:00\" \/>\n<meta property=\"article:modified_time\" content=\"2021-09-11T19:18:54+00:00\" \/>\n<meta property=\"og:image\" content=\"https:\/\/projetopack.com.br\/wp-content\/uploads\/2019\/07\/xrite-300x150.jpg\" \/>\n<meta name=\"author\" content=\"Andrea\" \/>\n<meta name=\"twitter:card\" content=\"summary_large_image\" \/>\n<meta name=\"twitter:creator\" content=\"@ProjetoPack\" \/>\n<meta name=\"twitter:site\" content=\"@ProjetoPack\" \/>\n<meta name=\"twitter:label1\" content=\"Written by\" \/>\n\t<meta name=\"twitter:data1\" content=\"Andrea\" \/>\n\t<meta name=\"twitter:label2\" content=\"Est. reading time\" \/>\n\t<meta name=\"twitter:data2\" content=\"1 minute\" \/>\n<script type=\"application\/ld+json\" class=\"yoast-schema-graph\">{\"@context\":\"https:\/\/schema.org\",\"@graph\":[{\"@type\":\"Article\",\"@id\":\"https:\/\/projetopack.com.br\/en\/x-rite-lanca-solucao-para-medicao-de-cores-em-superficies-curvas\/#article\",\"isPartOf\":{\"@id\":\"https:\/\/projetopack.com.br\/en\/x-rite-lanca-solucao-para-medicao-de-cores-em-superficies-curvas\/\"},\"author\":{\"name\":\"Andrea\",\"@id\":\"https:\/\/projetopack.com.br\/#\/schema\/person\/d17c72a4bc2b7e461496dd8a14d4cef1\"},\"headline\":\"X-Rite lan\u00e7a solu\u00e7\u00e3o para medi\u00e7\u00e3o de cores em superf\u00edcies curvas\",\"datePublished\":\"2019-07-17T18:57:36+00:00\",\"dateModified\":\"2021-09-11T19:18:54+00:00\",\"mainEntityOfPage\":{\"@id\":\"https:\/\/projetopack.com.br\/en\/x-rite-lanca-solucao-para-medicao-de-cores-em-superficies-curvas\/\"},\"wordCount\":194,\"commentCount\":0,\"publisher\":{\"@id\":\"https:\/\/projetopack.com.br\/#organization\"},\"image\":{\"@id\":\"https:\/\/projetopack.com.br\/en\/x-rite-lanca-solucao-para-medicao-de-cores-em-superficies-curvas\/#primaryimage\"},\"thumbnailUrl\":\"https:\/\/projetopack.com.br\/wp-content\/uploads\/2019\/07\/xrite-300x150.jpg\",\"keywords\":[\"Cup and Cilinder Fixture\",\"medi\u00e7\u00e3o de cores\",\"x-rite\"],\"articleSection\":[\"Arquivo\"],\"inLanguage\":\"en-US\",\"potentialAction\":[{\"@type\":\"CommentAction\",\"name\":\"Comment\",\"target\":[\"https:\/\/projetopack.com.br\/en\/x-rite-lanca-solucao-para-medicao-de-cores-em-superficies-curvas\/#respond\"]}]},{\"@type\":\"WebPage\",\"@id\":\"https:\/\/projetopack.com.br\/en\/x-rite-lanca-solucao-para-medicao-de-cores-em-superficies-curvas\/\",\"url\":\"https:\/\/projetopack.com.br\/en\/x-rite-lanca-solucao-para-medicao-de-cores-em-superficies-curvas\/\",\"name\":\"X-Rite lan\u00e7a solu\u00e7\u00e3o para medi\u00e7\u00e3o de cores em superf\u00edcies curvas - ProjetoPack\",\"isPartOf\":{\"@id\":\"https:\/\/projetopack.com.br\/#website\"},\"primaryImageOfPage\":{\"@id\":\"https:\/\/projetopack.com.br\/en\/x-rite-lanca-solucao-para-medicao-de-cores-em-superficies-curvas\/#primaryimage\"},\"image\":{\"@id\":\"https:\/\/projetopack.com.br\/en\/x-rite-lanca-solucao-para-medicao-de-cores-em-superficies-curvas\/#primaryimage\"},\"thumbnailUrl\":\"https:\/\/projetopack.com.br\/wp-content\/uploads\/2019\/07\/xrite-300x150.jpg\",\"datePublished\":\"2019-07-17T18:57:36+00:00\",\"dateModified\":\"2021-09-11T19:18:54+00:00\",\"description\":\"Confira o melhor conte\u00fado sobre tecnologia, design e gest\u00e3o de embalagens flex\u00edveis, r\u00f3tulos e impress\u00e3o.\",\"breadcrumb\":{\"@id\":\"https:\/\/projetopack.com.br\/en\/x-rite-lanca-solucao-para-medicao-de-cores-em-superficies-curvas\/#breadcrumb\"},\"inLanguage\":\"en-US\",\"potentialAction\":[{\"@type\":\"ReadAction\",\"target\":[\"https:\/\/projetopack.com.br\/en\/x-rite-lanca-solucao-para-medicao-de-cores-em-superficies-curvas\/\"]}]},{\"@type\":\"ImageObject\",\"inLanguage\":\"en-US\",\"@id\":\"https:\/\/projetopack.com.br\/en\/x-rite-lanca-solucao-para-medicao-de-cores-em-superficies-curvas\/#primaryimage\",\"url\":\"https:\/\/projetopack.com.br\/wp-content\/uploads\/2019\/07\/xrite-300x150.jpg\",\"contentUrl\":\"https:\/\/projetopack.com.br\/wp-content\/uploads\/2019\/07\/xrite-300x150.jpg\"},{\"@type\":\"BreadcrumbList\",\"@id\":\"https:\/\/projetopack.com.br\/en\/x-rite-lanca-solucao-para-medicao-de-cores-em-superficies-curvas\/#breadcrumb\",\"itemListElement\":[{\"@type\":\"ListItem\",\"position\":1,\"name\":\"P\u00e1gina Inicial\",\"item\":\"https:\/\/projetopack.com.br\/\"},{\"@type\":\"ListItem\",\"position\":2,\"name\":\"Arquivo\",\"item\":\"https:\/\/projetopack.com.br\/en\/category\/arquivo\/\"},{\"@type\":\"ListItem\",\"position\":3,\"name\":\"X-Rite lan\u00e7a solu\u00e7\u00e3o para medi\u00e7\u00e3o de cores em superf\u00edcies curvas\"}]},{\"@type\":\"WebSite\",\"@id\":\"https:\/\/projetopack.com.br\/#website\",\"url\":\"https:\/\/projetopack.com.br\/\",\"name\":\"ProjetoPack\",\"description\":\"Consultoria e servi\u00e7os para embalagens, r\u00f3tulos, etiquetas e processos de impress\u00e3o\",\"publisher\":{\"@id\":\"https:\/\/projetopack.com.br\/#organization\"},\"potentialAction\":[{\"@type\":\"SearchAction\",\"target\":{\"@type\":\"EntryPoint\",\"urlTemplate\":\"https:\/\/projetopack.com.br\/?s={search_term_string}\"},\"query-input\":{\"@type\":\"PropertyValueSpecification\",\"valueRequired\":true,\"valueName\":\"search_term_string\"}}],\"inLanguage\":\"en-US\"},{\"@type\":\"Organization\",\"@id\":\"https:\/\/projetopack.com.br\/#organization\",\"name\":\"ProjetoPack & Associados\",\"url\":\"https:\/\/projetopack.com.br\/\",\"logo\":{\"@type\":\"ImageObject\",\"inLanguage\":\"en-US\",\"@id\":\"https:\/\/projetopack.com.br\/#\/schema\/logo\/image\/\",\"url\":\"https:\/\/projetopack.com.br\/wp-content\/uploads\/2020\/09\/projetopack.png\",\"contentUrl\":\"https:\/\/projetopack.com.br\/wp-content\/uploads\/2020\/09\/projetopack.png\",\"width\":200,\"height\":200,\"caption\":\"ProjetoPack & Associados\"},\"image\":{\"@id\":\"https:\/\/projetopack.com.br\/#\/schema\/logo\/image\/\"},\"sameAs\":[\"https:\/\/x.com\/ProjetoPack\",\"https:\/\/www.linkedin.com\/company\/projetopack\/\"]},{\"@type\":\"Person\",\"@id\":\"https:\/\/projetopack.com.br\/#\/schema\/person\/d17c72a4bc2b7e461496dd8a14d4cef1\",\"name\":\"Andrea\",\"image\":{\"@type\":\"ImageObject\",\"inLanguage\":\"en-US\",\"@id\":\"https:\/\/projetopack.com.br\/#\/schema\/person\/image\/\",\"url\":\"https:\/\/projetopack.com.br\/wp-content\/uploads\/2026\/03\/eu-150x150.jpg\",\"contentUrl\":\"https:\/\/projetopack.com.br\/wp-content\/uploads\/2026\/03\/eu-150x150.jpg\",\"caption\":\"Andrea\"},\"url\":\"https:\/\/projetopack.com.br\/en\/author\/andrea\/\"}]}<\/script>\n<!-- \/ Yoast SEO Premium plugin. -->","yoast_head_json":{"title":"X-Rite lan\u00e7a solu\u00e7\u00e3o para medi\u00e7\u00e3o de cores em superf\u00edcies curvas - ProjetoPack","description":"Confira o melhor conte\u00fado sobre tecnologia, design e gest\u00e3o de embalagens flex\u00edveis, r\u00f3tulos e impress\u00e3o.","robots":{"index":"index","follow":"follow","max-snippet":"max-snippet:-1","max-image-preview":"max-image-preview:large","max-video-preview":"max-video-preview:-1"},"canonical":"https:\/\/projetopack.com.br\/en\/x-rite-lanca-solucao-para-medicao-de-cores-em-superficies-curvas\/","og_locale":"en_US","og_type":"article","og_title":"X-Rite lan\u00e7a solu\u00e7\u00e3o para medi\u00e7\u00e3o de cores em superf\u00edcies curvas","og_description":"Confira o melhor conte\u00fado sobre tecnologia, design e gest\u00e3o de embalagens flex\u00edveis, r\u00f3tulos e impress\u00e3o.","og_url":"https:\/\/projetopack.com.br\/en\/x-rite-lanca-solucao-para-medicao-de-cores-em-superficies-curvas\/","og_site_name":"ProjetoPack","article_published_time":"2019-07-17T18:57:36+00:00","article_modified_time":"2021-09-11T19:18:54+00:00","og_image":[{"url":"https:\/\/projetopack.com.br\/wp-content\/uploads\/2019\/07\/xrite-300x150.jpg","type":"","width":"","height":""}],"author":"Andrea","twitter_card":"summary_large_image","twitter_creator":"@ProjetoPack","twitter_site":"@ProjetoPack","twitter_misc":{"Written by":"Andrea","Est. reading time":"1 minute"},"schema":{"@context":"https:\/\/schema.org","@graph":[{"@type":"Article","@id":"https:\/\/projetopack.com.br\/en\/x-rite-lanca-solucao-para-medicao-de-cores-em-superficies-curvas\/#article","isPartOf":{"@id":"https:\/\/projetopack.com.br\/en\/x-rite-lanca-solucao-para-medicao-de-cores-em-superficies-curvas\/"},"author":{"name":"Andrea","@id":"https:\/\/projetopack.com.br\/#\/schema\/person\/d17c72a4bc2b7e461496dd8a14d4cef1"},"headline":"X-Rite lan\u00e7a solu\u00e7\u00e3o para medi\u00e7\u00e3o de cores em superf\u00edcies curvas","datePublished":"2019-07-17T18:57:36+00:00","dateModified":"2021-09-11T19:18:54+00:00","mainEntityOfPage":{"@id":"https:\/\/projetopack.com.br\/en\/x-rite-lanca-solucao-para-medicao-de-cores-em-superficies-curvas\/"},"wordCount":194,"commentCount":0,"publisher":{"@id":"https:\/\/projetopack.com.br\/#organization"},"image":{"@id":"https:\/\/projetopack.com.br\/en\/x-rite-lanca-solucao-para-medicao-de-cores-em-superficies-curvas\/#primaryimage"},"thumbnailUrl":"https:\/\/projetopack.com.br\/wp-content\/uploads\/2019\/07\/xrite-300x150.jpg","keywords":["Cup and Cilinder Fixture","medi\u00e7\u00e3o de cores","x-rite"],"articleSection":["Arquivo"],"inLanguage":"en-US","potentialAction":[{"@type":"CommentAction","name":"Comment","target":["https:\/\/projetopack.com.br\/en\/x-rite-lanca-solucao-para-medicao-de-cores-em-superficies-curvas\/#respond"]}]},{"@type":"WebPage","@id":"https:\/\/projetopack.com.br\/en\/x-rite-lanca-solucao-para-medicao-de-cores-em-superficies-curvas\/","url":"https:\/\/projetopack.com.br\/en\/x-rite-lanca-solucao-para-medicao-de-cores-em-superficies-curvas\/","name":"X-Rite lan\u00e7a solu\u00e7\u00e3o para medi\u00e7\u00e3o de cores em superf\u00edcies curvas - ProjetoPack","isPartOf":{"@id":"https:\/\/projetopack.com.br\/#website"},"primaryImageOfPage":{"@id":"https:\/\/projetopack.com.br\/en\/x-rite-lanca-solucao-para-medicao-de-cores-em-superficies-curvas\/#primaryimage"},"image":{"@id":"https:\/\/projetopack.com.br\/en\/x-rite-lanca-solucao-para-medicao-de-cores-em-superficies-curvas\/#primaryimage"},"thumbnailUrl":"https:\/\/projetopack.com.br\/wp-content\/uploads\/2019\/07\/xrite-300x150.jpg","datePublished":"2019-07-17T18:57:36+00:00","dateModified":"2021-09-11T19:18:54+00:00","description":"Confira o melhor conte\u00fado sobre tecnologia, design e gest\u00e3o de embalagens flex\u00edveis, r\u00f3tulos e impress\u00e3o.","breadcrumb":{"@id":"https:\/\/projetopack.com.br\/en\/x-rite-lanca-solucao-para-medicao-de-cores-em-superficies-curvas\/#breadcrumb"},"inLanguage":"en-US","potentialAction":[{"@type":"ReadAction","target":["https:\/\/projetopack.com.br\/en\/x-rite-lanca-solucao-para-medicao-de-cores-em-superficies-curvas\/"]}]},{"@type":"ImageObject","inLanguage":"en-US","@id":"https:\/\/projetopack.com.br\/en\/x-rite-lanca-solucao-para-medicao-de-cores-em-superficies-curvas\/#primaryimage","url":"https:\/\/projetopack.com.br\/wp-content\/uploads\/2019\/07\/xrite-300x150.jpg","contentUrl":"https:\/\/projetopack.com.br\/wp-content\/uploads\/2019\/07\/xrite-300x150.jpg"},{"@type":"BreadcrumbList","@id":"https:\/\/projetopack.com.br\/en\/x-rite-lanca-solucao-para-medicao-de-cores-em-superficies-curvas\/#breadcrumb","itemListElement":[{"@type":"ListItem","position":1,"name":"P\u00e1gina Inicial","item":"https:\/\/projetopack.com.br\/"},{"@type":"ListItem","position":2,"name":"Arquivo","item":"https:\/\/projetopack.com.br\/en\/category\/arquivo\/"},{"@type":"ListItem","position":3,"name":"X-Rite lan\u00e7a solu\u00e7\u00e3o para medi\u00e7\u00e3o de cores em superf\u00edcies curvas"}]},{"@type":"WebSite","@id":"https:\/\/projetopack.com.br\/#website","url":"https:\/\/projetopack.com.br\/","name":"ProjetoPack","description":"Consultoria e servi\u00e7os para embalagens, r\u00f3tulos, etiquetas e processos de impress\u00e3o","publisher":{"@id":"https:\/\/projetopack.com.br\/#organization"},"potentialAction":[{"@type":"SearchAction","target":{"@type":"EntryPoint","urlTemplate":"https:\/\/projetopack.com.br\/?s={search_term_string}"},"query-input":{"@type":"PropertyValueSpecification","valueRequired":true,"valueName":"search_term_string"}}],"inLanguage":"en-US"},{"@type":"Organization","@id":"https:\/\/projetopack.com.br\/#organization","name":"ProjetoPack & Associados","url":"https:\/\/projetopack.com.br\/","logo":{"@type":"ImageObject","inLanguage":"en-US","@id":"https:\/\/projetopack.com.br\/#\/schema\/logo\/image\/","url":"https:\/\/projetopack.com.br\/wp-content\/uploads\/2020\/09\/projetopack.png","contentUrl":"https:\/\/projetopack.com.br\/wp-content\/uploads\/2020\/09\/projetopack.png","width":200,"height":200,"caption":"ProjetoPack & Associados"},"image":{"@id":"https:\/\/projetopack.com.br\/#\/schema\/logo\/image\/"},"sameAs":["https:\/\/x.com\/ProjetoPack","https:\/\/www.linkedin.com\/company\/projetopack\/"]},{"@type":"Person","@id":"https:\/\/projetopack.com.br\/#\/schema\/person\/d17c72a4bc2b7e461496dd8a14d4cef1","name":"Andrea","image":{"@type":"ImageObject","inLanguage":"en-US","@id":"https:\/\/projetopack.com.br\/#\/schema\/person\/image\/","url":"https:\/\/projetopack.com.br\/wp-content\/uploads\/2026\/03\/eu-150x150.jpg","contentUrl":"https:\/\/projetopack.com.br\/wp-content\/uploads\/2026\/03\/eu-150x150.jpg","caption":"Andrea"},"url":"https:\/\/projetopack.com.br\/en\/author\/andrea\/"}]}},"_links":{"self":[{"href":"https:\/\/projetopack.com.br\/en\/wp-json\/wp\/v2\/posts\/3984","targetHints":{"allow":["GET"]}}],"collection":[{"href":"https:\/\/projetopack.com.br\/en\/wp-json\/wp\/v2\/posts"}],"about":[{"href":"https:\/\/projetopack.com.br\/en\/wp-json\/wp\/v2\/types\/post"}],"author":[{"embeddable":true,"href":"https:\/\/projetopack.com.br\/en\/wp-json\/wp\/v2\/users\/18"}],"replies":[{"embeddable":true,"href":"https:\/\/projetopack.com.br\/en\/wp-json\/wp\/v2\/comments?post=3984"}],"version-history":[{"count":0,"href":"https:\/\/projetopack.com.br\/en\/wp-json\/wp\/v2\/posts\/3984\/revisions"}],"wp:attachment":[{"href":"https:\/\/projetopack.com.br\/en\/wp-json\/wp\/v2\/media?parent=3984"}],"wp:term":[{"taxonomy":"category","embeddable":true,"href":"https:\/\/projetopack.com.br\/en\/wp-json\/wp\/v2\/categories?post=3984"},{"taxonomy":"post_tag","embeddable":true,"href":"https:\/\/projetopack.com.br\/en\/wp-json\/wp\/v2\/tags?post=3984"}],"curies":[{"name":"wp","href":"https:\/\/api.w.org\/{rel}","templated":true}]}}