{"id":3992,"date":"2019-08-09T11:50:17","date_gmt":"2019-08-09T14:50:17","guid":{"rendered":"https:\/\/www.projetopack.com.br\/2020\/?p=3992"},"modified":"2021-09-11T16:21:16","modified_gmt":"2021-09-11T19:21:16","slug":"terphane-realiza-100-evento-tecnico-que-abordara-sustentabilidade-inovacao-e-tendencias-em-embalagens-flexiveis","status":"publish","type":"post","link":"https:\/\/projetopack.com.br\/en\/terphane-realiza-100-evento-tecnico-que-abordara-sustentabilidade-inovacao-e-tendencias-em-embalagens-flexiveis\/","title":{"rendered":"Terphane realiza 10\u00ba evento t\u00e9cnico que abordar\u00e1 Sustentabilidade, Inova\u00e7\u00e3o e Tend\u00eancias em Embalagens Flex\u00edveis"},"content":{"rendered":"<h2 style=\"text-align: center;\"><span style=\"font-size: 10.0pt; font-family: 'Verdana',sans-serif;\"><b><i>O evento acontece na pr\u00f3xima ter\u00e7a-feira, dia 13, em S\u00e3o Paulo.<\/i><\/b><\/span><\/h2>\n<p>&nbsp;<\/p>\n<p><img decoding=\"async\" class=\"aligncenter size-full wp-image-3993\" src=\"https:\/\/projetopack.com.br\/wp-content\/uploads\/2019\/08\/terphane.jpg\" alt=\"\" width=\"286\" height=\"159\"><\/p>\n<p>Com a proposta de atualizar os elos da cadeia de valor das embalagens flex\u00edveis sobre Sustentabilidade, Inova\u00e7\u00e3o e Tend\u00eancias, a <strong>Terphane (<a href=\"http:\/\/www.terphane.com\/\">www.terphane.com<\/a>)<\/strong>, l\u00edder em filmes PET (poli\u00e9ster) na Am\u00e9rica Latina e um importante <em>player<\/em> mundial, realizar\u00e1 a 10<u>\u00aa<\/u> edi\u00e7\u00e3o de seu tradicional Evento T\u00e9cnico, no dia 13 de Agosto, no Espa\u00e7o APESP (S\u00e3o Paulo). A ideia, como conta Andr\u00e9 Gani, Diretor de Vendas &amp; Marketing da <strong>Terphane<\/strong>, \u201c\u00e9 reunir os diversos elos desta cadeia para apresentar conceitos atualizados e cases de sucesso sobre estes tr\u00eas grandes temas estrat\u00e9gicos para a ind\u00fastria de embalagens pl\u00e1sticas flex\u00edveis, com \u00eanfase \u00e0s inova\u00e7\u00f5es em filmes PET (poli\u00e9ster)\u201d.<\/p>\n<p>&nbsp;<\/p>\n<p>Os grandes temas, Inova\u00e7\u00e3o e Tend\u00eancias, ser\u00e3o abordados por palestrantes locais e internacionais que al\u00e9m de apresentarem exemplos e mega tend\u00eancias globais, focar\u00e3o nas embalagens flex\u00edveis para produtos prontos para o consumo (<em>ready to eat<\/em>) e para consumo em movimento (<em>on-the-go<\/em>). \u201cO importante \u00e9 que a embalagem proteja o produto e garanta praticidade, funcionalidade e uma experi\u00eancia inovadora para o consumidor final, al\u00e9m de ser eficiente nas linhas de transforma\u00e7\u00e3o e de convers\u00e3o.\u201d<\/p>\n<p>&nbsp;<\/p>\n<p>O ponto alto do tema Sustentabilidade ser\u00e1 a apresenta\u00e7\u00e3o da linha <strong>Ecophane<\/strong> de filmes sustent\u00e1veis. Os novos filmes da <strong>Terphane<\/strong> est\u00e3o alinhados \u00e0 uma demanda crescente do mercado global por filmes que garantam a produ\u00e7\u00e3o de embalagens recicl\u00e1veis e com conte\u00fado reciclado. \u201cA linha <strong>Ecophane<\/strong> \u00e9 o resultado de extensivas pesquisas e muita tecnologia de ponta aplicada ao seu desenvolvimento. Conseguimos criar um filme PET com no m\u00ednimo 30% de PCR (PET reciclado p\u00f3s consumo) em sua composi\u00e7\u00e3o. E n\u00e3o paramos por a\u00ed, outras novidades ser\u00e3o anunciadas no Evento e outras j\u00e1 est\u00e3o em desenvolvimento\u201d, explica C\u00e9lia Freitas, Gerente de Desenvolvimento de Neg\u00f3cios da <strong>Terphane<\/strong>.<\/p>\n<p>&nbsp;<\/p>\n<p>Esta expertise tecnol\u00f3gica resultou em mais de 10 tipos de filmes da linha <strong>Ecophane<\/strong>, dispon\u00edveis para as mais diversas aplica\u00e7\u00f5es. Al\u00e9m de garantirem um menor uso de mat\u00e9rias-primas virgens, os novos filmes da linha <strong>Ecophane<\/strong>, da <strong>Terphane<\/strong>, est\u00e3o inseridos no conceito de Economia Circular: o PET descartado na forma de embalagens ou outros itens \u00e9 coletado, reciclado e volta a ser embalagem.<\/p>\n<p>&nbsp;<\/p>\n<p>&nbsp;<\/p>\n<p>&nbsp;<\/p>\n<h5>Fonte:&nbsp;<strong>Liliam Benzi <\/strong>&#8211; tel:&nbsp;<strong>(11) 99989-1597<\/strong> &#8211; email:&nbsp;<strong>ldbcom@uol.com.br<\/strong><\/h5>","protected":false},"excerpt":{"rendered":"<p>Com a proposta de atualizar os elos da cadeia de valor das embalagens flex\u00edveis sobre Sustentabilidade, Inova\u00e7\u00e3o e Tend\u00eancias, a Terphane, l\u00edder em filmes PET (poli\u00e9ster) na Am\u00e9rica Latina,realizar\u00e1 a 10\u00aa edi\u00e7\u00e3o de seu tradicional Evento T\u00e9cnico, no dia 13 de Agosto, no Espa\u00e7o APESP (S\u00e3o Paulo).<\/p>","protected":false},"author":18,"featured_media":0,"comment_status":"open","ping_status":"open","sticky":false,"template":"","format":"standard","meta":{"footnotes":""},"categories":[877],"tags":[45,279,134],"class_list":["post-3992","post","type-post","status-publish","format-standard","hentry","category-arquivo","tag-embalagens-flexiveis","tag-sustentabilidade","tag-terphane"],"yoast_head":"<!-- This site is optimized with the Yoast SEO Premium plugin v27.1 (Yoast SEO v27.1.1) - https:\/\/yoast.com\/product\/yoast-seo-premium-wordpress\/ -->\n<title>Terphane realiza 10\u00ba evento t\u00e9cnico que abordar\u00e1 Sustentabilidade, Inova\u00e7\u00e3o e Tend\u00eancias em Embalagens Flex\u00edveis - ProjetoPack<\/title>\n<meta name=\"description\" content=\"Confira o melhor conte\u00fado sobre tecnologia, design e gest\u00e3o de embalagens flex\u00edveis, r\u00f3tulos e impress\u00e3o.\" \/>\n<meta name=\"robots\" content=\"index, follow, max-snippet:-1, max-image-preview:large, max-video-preview:-1\" \/>\n<link rel=\"canonical\" href=\"https:\/\/projetopack.com.br\/en\/terphane-realiza-100-evento-tecnico-que-abordara-sustentabilidade-inovacao-e-tendencias-em-embalagens-flexiveis\/\" \/>\n<meta property=\"og:locale\" content=\"en_US\" \/>\n<meta property=\"og:type\" content=\"article\" \/>\n<meta property=\"og:title\" content=\"Terphane realiza 10\u00ba evento t\u00e9cnico que abordar\u00e1 Sustentabilidade, Inova\u00e7\u00e3o e Tend\u00eancias em Embalagens Flex\u00edveis\" \/>\n<meta property=\"og:description\" content=\"Confira o melhor conte\u00fado sobre tecnologia, design e gest\u00e3o de embalagens flex\u00edveis, r\u00f3tulos e impress\u00e3o.\" \/>\n<meta property=\"og:url\" content=\"https:\/\/projetopack.com.br\/en\/terphane-realiza-100-evento-tecnico-que-abordara-sustentabilidade-inovacao-e-tendencias-em-embalagens-flexiveis\/\" \/>\n<meta property=\"og:site_name\" content=\"ProjetoPack\" \/>\n<meta property=\"article:published_time\" content=\"2019-08-09T14:50:17+00:00\" \/>\n<meta property=\"article:modified_time\" content=\"2021-09-11T19:21:16+00:00\" \/>\n<meta property=\"og:image\" content=\"https:\/\/projetopack.com.br\/wp-content\/uploads\/2019\/08\/terphane.jpg\" \/>\n<meta name=\"author\" content=\"Andrea\" \/>\n<meta name=\"twitter:card\" content=\"summary_large_image\" \/>\n<meta name=\"twitter:creator\" content=\"@ProjetoPack\" \/>\n<meta name=\"twitter:site\" content=\"@ProjetoPack\" \/>\n<meta name=\"twitter:label1\" content=\"Written by\" \/>\n\t<meta name=\"twitter:data1\" content=\"Andrea\" \/>\n\t<meta name=\"twitter:label2\" content=\"Est. reading time\" \/>\n\t<meta name=\"twitter:data2\" content=\"2 minutes\" \/>\n<script type=\"application\/ld+json\" class=\"yoast-schema-graph\">{\"@context\":\"https:\/\/schema.org\",\"@graph\":[{\"@type\":\"Article\",\"@id\":\"https:\/\/projetopack.com.br\/en\/terphane-realiza-100-evento-tecnico-que-abordara-sustentabilidade-inovacao-e-tendencias-em-embalagens-flexiveis\/#article\",\"isPartOf\":{\"@id\":\"https:\/\/projetopack.com.br\/en\/terphane-realiza-100-evento-tecnico-que-abordara-sustentabilidade-inovacao-e-tendencias-em-embalagens-flexiveis\/\"},\"author\":{\"name\":\"Andrea\",\"@id\":\"https:\/\/projetopack.com.br\/#\/schema\/person\/d17c72a4bc2b7e461496dd8a14d4cef1\"},\"headline\":\"Terphane realiza 10\u00ba evento t\u00e9cnico que abordar\u00e1 Sustentabilidade, Inova\u00e7\u00e3o e Tend\u00eancias em Embalagens Flex\u00edveis\",\"datePublished\":\"2019-08-09T14:50:17+00:00\",\"dateModified\":\"2021-09-11T19:21:16+00:00\",\"mainEntityOfPage\":{\"@id\":\"https:\/\/projetopack.com.br\/en\/terphane-realiza-100-evento-tecnico-que-abordara-sustentabilidade-inovacao-e-tendencias-em-embalagens-flexiveis\/\"},\"wordCount\":436,\"commentCount\":0,\"publisher\":{\"@id\":\"https:\/\/projetopack.com.br\/#organization\"},\"image\":{\"@id\":\"https:\/\/projetopack.com.br\/en\/terphane-realiza-100-evento-tecnico-que-abordara-sustentabilidade-inovacao-e-tendencias-em-embalagens-flexiveis\/#primaryimage\"},\"thumbnailUrl\":\"https:\/\/projetopack.com.br\/wp-content\/uploads\/2019\/08\/terphane.jpg\",\"keywords\":[\"Embalagens flex\u00edveis\",\"Sustentabilidade\",\"Terphane\"],\"articleSection\":[\"Arquivo\"],\"inLanguage\":\"en-US\",\"potentialAction\":[{\"@type\":\"CommentAction\",\"name\":\"Comment\",\"target\":[\"https:\/\/projetopack.com.br\/en\/terphane-realiza-100-evento-tecnico-que-abordara-sustentabilidade-inovacao-e-tendencias-em-embalagens-flexiveis\/#respond\"]}]},{\"@type\":\"WebPage\",\"@id\":\"https:\/\/projetopack.com.br\/en\/terphane-realiza-100-evento-tecnico-que-abordara-sustentabilidade-inovacao-e-tendencias-em-embalagens-flexiveis\/\",\"url\":\"https:\/\/projetopack.com.br\/en\/terphane-realiza-100-evento-tecnico-que-abordara-sustentabilidade-inovacao-e-tendencias-em-embalagens-flexiveis\/\",\"name\":\"Terphane realiza 10\u00ba evento t\u00e9cnico que abordar\u00e1 Sustentabilidade, Inova\u00e7\u00e3o e Tend\u00eancias em Embalagens Flex\u00edveis - ProjetoPack\",\"isPartOf\":{\"@id\":\"https:\/\/projetopack.com.br\/#website\"},\"primaryImageOfPage\":{\"@id\":\"https:\/\/projetopack.com.br\/en\/terphane-realiza-100-evento-tecnico-que-abordara-sustentabilidade-inovacao-e-tendencias-em-embalagens-flexiveis\/#primaryimage\"},\"image\":{\"@id\":\"https:\/\/projetopack.com.br\/en\/terphane-realiza-100-evento-tecnico-que-abordara-sustentabilidade-inovacao-e-tendencias-em-embalagens-flexiveis\/#primaryimage\"},\"thumbnailUrl\":\"https:\/\/projetopack.com.br\/wp-content\/uploads\/2019\/08\/terphane.jpg\",\"datePublished\":\"2019-08-09T14:50:17+00:00\",\"dateModified\":\"2021-09-11T19:21:16+00:00\",\"description\":\"Confira o melhor conte\u00fado sobre tecnologia, design e gest\u00e3o de embalagens flex\u00edveis, r\u00f3tulos e impress\u00e3o.\",\"breadcrumb\":{\"@id\":\"https:\/\/projetopack.com.br\/en\/terphane-realiza-100-evento-tecnico-que-abordara-sustentabilidade-inovacao-e-tendencias-em-embalagens-flexiveis\/#breadcrumb\"},\"inLanguage\":\"en-US\",\"potentialAction\":[{\"@type\":\"ReadAction\",\"target\":[\"https:\/\/projetopack.com.br\/en\/terphane-realiza-100-evento-tecnico-que-abordara-sustentabilidade-inovacao-e-tendencias-em-embalagens-flexiveis\/\"]}]},{\"@type\":\"ImageObject\",\"inLanguage\":\"en-US\",\"@id\":\"https:\/\/projetopack.com.br\/en\/terphane-realiza-100-evento-tecnico-que-abordara-sustentabilidade-inovacao-e-tendencias-em-embalagens-flexiveis\/#primaryimage\",\"url\":\"https:\/\/projetopack.com.br\/wp-content\/uploads\/2019\/08\/terphane.jpg\",\"contentUrl\":\"https:\/\/projetopack.com.br\/wp-content\/uploads\/2019\/08\/terphane.jpg\"},{\"@type\":\"BreadcrumbList\",\"@id\":\"https:\/\/projetopack.com.br\/en\/terphane-realiza-100-evento-tecnico-que-abordara-sustentabilidade-inovacao-e-tendencias-em-embalagens-flexiveis\/#breadcrumb\",\"itemListElement\":[{\"@type\":\"ListItem\",\"position\":1,\"name\":\"P\u00e1gina Inicial\",\"item\":\"https:\/\/projetopack.com.br\/\"},{\"@type\":\"ListItem\",\"position\":2,\"name\":\"Arquivo\",\"item\":\"https:\/\/projetopack.com.br\/en\/category\/arquivo\/\"},{\"@type\":\"ListItem\",\"position\":3,\"name\":\"Terphane realiza 10\u00ba evento t\u00e9cnico que abordar\u00e1 Sustentabilidade, Inova\u00e7\u00e3o e Tend\u00eancias em Embalagens Flex\u00edveis\"}]},{\"@type\":\"WebSite\",\"@id\":\"https:\/\/projetopack.com.br\/#website\",\"url\":\"https:\/\/projetopack.com.br\/\",\"name\":\"ProjetoPack\",\"description\":\"Consultoria e servi\u00e7os para embalagens, r\u00f3tulos, etiquetas e processos de impress\u00e3o\",\"publisher\":{\"@id\":\"https:\/\/projetopack.com.br\/#organization\"},\"potentialAction\":[{\"@type\":\"SearchAction\",\"target\":{\"@type\":\"EntryPoint\",\"urlTemplate\":\"https:\/\/projetopack.com.br\/?s={search_term_string}\"},\"query-input\":{\"@type\":\"PropertyValueSpecification\",\"valueRequired\":true,\"valueName\":\"search_term_string\"}}],\"inLanguage\":\"en-US\"},{\"@type\":\"Organization\",\"@id\":\"https:\/\/projetopack.com.br\/#organization\",\"name\":\"ProjetoPack & Associados\",\"url\":\"https:\/\/projetopack.com.br\/\",\"logo\":{\"@type\":\"ImageObject\",\"inLanguage\":\"en-US\",\"@id\":\"https:\/\/projetopack.com.br\/#\/schema\/logo\/image\/\",\"url\":\"https:\/\/projetopack.com.br\/wp-content\/uploads\/2020\/09\/projetopack.png\",\"contentUrl\":\"https:\/\/projetopack.com.br\/wp-content\/uploads\/2020\/09\/projetopack.png\",\"width\":200,\"height\":200,\"caption\":\"ProjetoPack & Associados\"},\"image\":{\"@id\":\"https:\/\/projetopack.com.br\/#\/schema\/logo\/image\/\"},\"sameAs\":[\"https:\/\/x.com\/ProjetoPack\",\"https:\/\/www.linkedin.com\/company\/projetopack\/\"]},{\"@type\":\"Person\",\"@id\":\"https:\/\/projetopack.com.br\/#\/schema\/person\/d17c72a4bc2b7e461496dd8a14d4cef1\",\"name\":\"Andrea\",\"image\":{\"@type\":\"ImageObject\",\"inLanguage\":\"en-US\",\"@id\":\"https:\/\/projetopack.com.br\/#\/schema\/person\/image\/\",\"url\":\"https:\/\/projetopack.com.br\/wp-content\/uploads\/2026\/03\/eu-150x150.jpg\",\"contentUrl\":\"https:\/\/projetopack.com.br\/wp-content\/uploads\/2026\/03\/eu-150x150.jpg\",\"caption\":\"Andrea\"},\"url\":\"https:\/\/projetopack.com.br\/en\/author\/andrea\/\"}]}<\/script>\n<!-- \/ Yoast SEO Premium plugin. -->","yoast_head_json":{"title":"Terphane realiza 10\u00ba evento t\u00e9cnico que abordar\u00e1 Sustentabilidade, Inova\u00e7\u00e3o e Tend\u00eancias em Embalagens Flex\u00edveis - ProjetoPack","description":"Confira o melhor conte\u00fado sobre tecnologia, design e gest\u00e3o de embalagens flex\u00edveis, r\u00f3tulos e impress\u00e3o.","robots":{"index":"index","follow":"follow","max-snippet":"max-snippet:-1","max-image-preview":"max-image-preview:large","max-video-preview":"max-video-preview:-1"},"canonical":"https:\/\/projetopack.com.br\/en\/terphane-realiza-100-evento-tecnico-que-abordara-sustentabilidade-inovacao-e-tendencias-em-embalagens-flexiveis\/","og_locale":"en_US","og_type":"article","og_title":"Terphane realiza 10\u00ba evento t\u00e9cnico que abordar\u00e1 Sustentabilidade, Inova\u00e7\u00e3o e Tend\u00eancias em Embalagens Flex\u00edveis","og_description":"Confira o melhor conte\u00fado sobre tecnologia, design e gest\u00e3o de embalagens flex\u00edveis, r\u00f3tulos e impress\u00e3o.","og_url":"https:\/\/projetopack.com.br\/en\/terphane-realiza-100-evento-tecnico-que-abordara-sustentabilidade-inovacao-e-tendencias-em-embalagens-flexiveis\/","og_site_name":"ProjetoPack","article_published_time":"2019-08-09T14:50:17+00:00","article_modified_time":"2021-09-11T19:21:16+00:00","og_image":[{"url":"https:\/\/projetopack.com.br\/wp-content\/uploads\/2019\/08\/terphane.jpg","type":"","width":"","height":""}],"author":"Andrea","twitter_card":"summary_large_image","twitter_creator":"@ProjetoPack","twitter_site":"@ProjetoPack","twitter_misc":{"Written by":"Andrea","Est. reading time":"2 minutes"},"schema":{"@context":"https:\/\/schema.org","@graph":[{"@type":"Article","@id":"https:\/\/projetopack.com.br\/en\/terphane-realiza-100-evento-tecnico-que-abordara-sustentabilidade-inovacao-e-tendencias-em-embalagens-flexiveis\/#article","isPartOf":{"@id":"https:\/\/projetopack.com.br\/en\/terphane-realiza-100-evento-tecnico-que-abordara-sustentabilidade-inovacao-e-tendencias-em-embalagens-flexiveis\/"},"author":{"name":"Andrea","@id":"https:\/\/projetopack.com.br\/#\/schema\/person\/d17c72a4bc2b7e461496dd8a14d4cef1"},"headline":"Terphane realiza 10\u00ba evento t\u00e9cnico que abordar\u00e1 Sustentabilidade, Inova\u00e7\u00e3o e Tend\u00eancias em Embalagens Flex\u00edveis","datePublished":"2019-08-09T14:50:17+00:00","dateModified":"2021-09-11T19:21:16+00:00","mainEntityOfPage":{"@id":"https:\/\/projetopack.com.br\/en\/terphane-realiza-100-evento-tecnico-que-abordara-sustentabilidade-inovacao-e-tendencias-em-embalagens-flexiveis\/"},"wordCount":436,"commentCount":0,"publisher":{"@id":"https:\/\/projetopack.com.br\/#organization"},"image":{"@id":"https:\/\/projetopack.com.br\/en\/terphane-realiza-100-evento-tecnico-que-abordara-sustentabilidade-inovacao-e-tendencias-em-embalagens-flexiveis\/#primaryimage"},"thumbnailUrl":"https:\/\/projetopack.com.br\/wp-content\/uploads\/2019\/08\/terphane.jpg","keywords":["Embalagens flex\u00edveis","Sustentabilidade","Terphane"],"articleSection":["Arquivo"],"inLanguage":"en-US","potentialAction":[{"@type":"CommentAction","name":"Comment","target":["https:\/\/projetopack.com.br\/en\/terphane-realiza-100-evento-tecnico-que-abordara-sustentabilidade-inovacao-e-tendencias-em-embalagens-flexiveis\/#respond"]}]},{"@type":"WebPage","@id":"https:\/\/projetopack.com.br\/en\/terphane-realiza-100-evento-tecnico-que-abordara-sustentabilidade-inovacao-e-tendencias-em-embalagens-flexiveis\/","url":"https:\/\/projetopack.com.br\/en\/terphane-realiza-100-evento-tecnico-que-abordara-sustentabilidade-inovacao-e-tendencias-em-embalagens-flexiveis\/","name":"Terphane realiza 10\u00ba evento t\u00e9cnico que abordar\u00e1 Sustentabilidade, Inova\u00e7\u00e3o e Tend\u00eancias em Embalagens Flex\u00edveis - ProjetoPack","isPartOf":{"@id":"https:\/\/projetopack.com.br\/#website"},"primaryImageOfPage":{"@id":"https:\/\/projetopack.com.br\/en\/terphane-realiza-100-evento-tecnico-que-abordara-sustentabilidade-inovacao-e-tendencias-em-embalagens-flexiveis\/#primaryimage"},"image":{"@id":"https:\/\/projetopack.com.br\/en\/terphane-realiza-100-evento-tecnico-que-abordara-sustentabilidade-inovacao-e-tendencias-em-embalagens-flexiveis\/#primaryimage"},"thumbnailUrl":"https:\/\/projetopack.com.br\/wp-content\/uploads\/2019\/08\/terphane.jpg","datePublished":"2019-08-09T14:50:17+00:00","dateModified":"2021-09-11T19:21:16+00:00","description":"Confira o melhor conte\u00fado sobre tecnologia, design e gest\u00e3o de embalagens flex\u00edveis, r\u00f3tulos e impress\u00e3o.","breadcrumb":{"@id":"https:\/\/projetopack.com.br\/en\/terphane-realiza-100-evento-tecnico-que-abordara-sustentabilidade-inovacao-e-tendencias-em-embalagens-flexiveis\/#breadcrumb"},"inLanguage":"en-US","potentialAction":[{"@type":"ReadAction","target":["https:\/\/projetopack.com.br\/en\/terphane-realiza-100-evento-tecnico-que-abordara-sustentabilidade-inovacao-e-tendencias-em-embalagens-flexiveis\/"]}]},{"@type":"ImageObject","inLanguage":"en-US","@id":"https:\/\/projetopack.com.br\/en\/terphane-realiza-100-evento-tecnico-que-abordara-sustentabilidade-inovacao-e-tendencias-em-embalagens-flexiveis\/#primaryimage","url":"https:\/\/projetopack.com.br\/wp-content\/uploads\/2019\/08\/terphane.jpg","contentUrl":"https:\/\/projetopack.com.br\/wp-content\/uploads\/2019\/08\/terphane.jpg"},{"@type":"BreadcrumbList","@id":"https:\/\/projetopack.com.br\/en\/terphane-realiza-100-evento-tecnico-que-abordara-sustentabilidade-inovacao-e-tendencias-em-embalagens-flexiveis\/#breadcrumb","itemListElement":[{"@type":"ListItem","position":1,"name":"P\u00e1gina Inicial","item":"https:\/\/projetopack.com.br\/"},{"@type":"ListItem","position":2,"name":"Arquivo","item":"https:\/\/projetopack.com.br\/en\/category\/arquivo\/"},{"@type":"ListItem","position":3,"name":"Terphane realiza 10\u00ba evento t\u00e9cnico que abordar\u00e1 Sustentabilidade, Inova\u00e7\u00e3o e Tend\u00eancias em Embalagens Flex\u00edveis"}]},{"@type":"WebSite","@id":"https:\/\/projetopack.com.br\/#website","url":"https:\/\/projetopack.com.br\/","name":"ProjetoPack","description":"Consultoria e servi\u00e7os para embalagens, r\u00f3tulos, etiquetas e processos de impress\u00e3o","publisher":{"@id":"https:\/\/projetopack.com.br\/#organization"},"potentialAction":[{"@type":"SearchAction","target":{"@type":"EntryPoint","urlTemplate":"https:\/\/projetopack.com.br\/?s={search_term_string}"},"query-input":{"@type":"PropertyValueSpecification","valueRequired":true,"valueName":"search_term_string"}}],"inLanguage":"en-US"},{"@type":"Organization","@id":"https:\/\/projetopack.com.br\/#organization","name":"ProjetoPack & Associados","url":"https:\/\/projetopack.com.br\/","logo":{"@type":"ImageObject","inLanguage":"en-US","@id":"https:\/\/projetopack.com.br\/#\/schema\/logo\/image\/","url":"https:\/\/projetopack.com.br\/wp-content\/uploads\/2020\/09\/projetopack.png","contentUrl":"https:\/\/projetopack.com.br\/wp-content\/uploads\/2020\/09\/projetopack.png","width":200,"height":200,"caption":"ProjetoPack & Associados"},"image":{"@id":"https:\/\/projetopack.com.br\/#\/schema\/logo\/image\/"},"sameAs":["https:\/\/x.com\/ProjetoPack","https:\/\/www.linkedin.com\/company\/projetopack\/"]},{"@type":"Person","@id":"https:\/\/projetopack.com.br\/#\/schema\/person\/d17c72a4bc2b7e461496dd8a14d4cef1","name":"Andrea","image":{"@type":"ImageObject","inLanguage":"en-US","@id":"https:\/\/projetopack.com.br\/#\/schema\/person\/image\/","url":"https:\/\/projetopack.com.br\/wp-content\/uploads\/2026\/03\/eu-150x150.jpg","contentUrl":"https:\/\/projetopack.com.br\/wp-content\/uploads\/2026\/03\/eu-150x150.jpg","caption":"Andrea"},"url":"https:\/\/projetopack.com.br\/en\/author\/andrea\/"}]}},"_links":{"self":[{"href":"https:\/\/projetopack.com.br\/en\/wp-json\/wp\/v2\/posts\/3992","targetHints":{"allow":["GET"]}}],"collection":[{"href":"https:\/\/projetopack.com.br\/en\/wp-json\/wp\/v2\/posts"}],"about":[{"href":"https:\/\/projetopack.com.br\/en\/wp-json\/wp\/v2\/types\/post"}],"author":[{"embeddable":true,"href":"https:\/\/projetopack.com.br\/en\/wp-json\/wp\/v2\/users\/18"}],"replies":[{"embeddable":true,"href":"https:\/\/projetopack.com.br\/en\/wp-json\/wp\/v2\/comments?post=3992"}],"version-history":[{"count":0,"href":"https:\/\/projetopack.com.br\/en\/wp-json\/wp\/v2\/posts\/3992\/revisions"}],"wp:attachment":[{"href":"https:\/\/projetopack.com.br\/en\/wp-json\/wp\/v2\/media?parent=3992"}],"wp:term":[{"taxonomy":"category","embeddable":true,"href":"https:\/\/projetopack.com.br\/en\/wp-json\/wp\/v2\/categories?post=3992"},{"taxonomy":"post_tag","embeddable":true,"href":"https:\/\/projetopack.com.br\/en\/wp-json\/wp\/v2\/tags?post=3992"}],"curies":[{"name":"wp","href":"https:\/\/api.w.org\/{rel}","templated":true}]}}