{"id":40244,"date":"2024-02-23T13:12:05","date_gmt":"2024-02-23T16:12:05","guid":{"rendered":"https:\/\/www.projetopack.com.br\/?p=40244"},"modified":"2026-01-21T10:19:45","modified_gmt":"2026-01-21T13:19:45","slug":"growlabel-investe-em-tau-330","status":"publish","type":"post","link":"https:\/\/projetopack.com.br\/en\/growlabel-investe-em-tau-330\/","title":{"rendered":"GrowLabel investe em Tau 330 RSC para produ\u00e7\u00e3o de r\u00f3tulos em escala industrial"},"content":{"rendered":"<p style=\"font-style:normal;font-weight:400\">Sediada na zona sul de S\u00e3o Paulo, a <strong><a href=\"https:\/\/growlabel.com.br\/\" target=\"_blank\" rel=\"noreferrer noopener\">GrowLa<\/a><a href=\"https:\/\/growlabel.com.br\/\">bel<\/a><\/strong>, fundada em 2008 por <strong>Jos\u00e9 Barboza da Silva<\/strong>, nasceu inicialmente para atender o segmento de agroneg\u00f3cios no fornecimento de r\u00f3tulos, etiquetas adesivas e impress\u00e3o de dados vari\u00e1veis. Por\u00e9m, com o tempo e o crescimento da empresa, novas tecnologias foram sendo agregadas, como a flexografia e outros neg\u00f3cios que est\u00e3o sendo prospectados.<\/p>\n\n\n\n<blockquote class=\"wp-block-quote is-layout-flow wp-block-quote-is-layout-flow\">\n<p style=\"font-style:normal;font-weight:400\">\u201cNosso pai j\u00e1 vinha do segmento e tinha muitos contatos. Foi ele que, desde o in\u00edcio, expandiu os neg\u00f3cios da empresa prospectando novas oportunidades em outros nichos\u201d, <\/p>\n<cite>diz Alessandra Gaspari, diretora administrativa da GrowLabel.<\/cite><\/blockquote>\n\n\n\n<p style=\"font-style:normal;font-weight:400\">E, como parte dessas mudan\u00e7as e expans\u00f5es, havia chegado a hora de investir na tecnologia de impress\u00e3o digital para produ\u00e7\u00e3o de r\u00f3tulos. \u201cH\u00e1 uma tend\u00eancia de maior velocidade da impress\u00e3o, com queda de tiragens e aumento no n\u00famero de SKUs do mesmo cliente\u201d, frisa <strong>Raphael Bigal<\/strong>, diretor comercial da GrowLabel. \u201cTamb\u00e9m temos a exig\u00eancia de prazos de entrega cada vez mais r\u00e1pidos, no que nos levou a pensar no digital como possibilidade.\u201d<\/p>\n\n\n\n<p class=\"has-light-green-cyan-background-color has-background\" style=\"font-style:normal;font-weight:400\">E n\u00e3o \u00e9 de hoje que a empresa analisa a viabilidade de agregar a impress\u00e3o digital ao seu parque produtivo. Em 2016, em uma visita \u00e0 Drupa, Raphael conheceu pela primeira vez a plataforma <strong>Tau 330 RSC<\/strong>, da <strong>Durst<\/strong>. \u201cFomos na feira especificamente para ver o stand da Durst. Por\u00e9m, n\u00e3o era o momento de investir naquele ano\u201d, frisa. \u201cNa \u00e9poca, t\u00ednhamos a necessidade de realizar outros investimentos pr\u00e9vios para viabilizar a tecnologia digital de modo consistente.\u201d<\/p>\n\n\n\n<p style=\"font-style:normal;font-weight:400\">\u201cNesse meio tempo, investimos muito em gest\u00e3o e avalia\u00e7\u00e3o de resultados, margem de neg\u00f3cios, m\u00e9tricas precisas e outros aspectos que, hoje, nos deram seguran\u00e7a de investir em uma nova tecnologia, como era o digital para n\u00f3s\u201d, refor\u00e7a Alessandra.<\/p>\n\n\n\n<figure class=\"wp-block-pullquote\"><blockquote><p>Agora, com a decis\u00e3o de investir tomada, finalmente a Tau 330 RSC chegou ao parque de impress\u00e3o da GrowLabel. \u201cPor qu\u00ea Durst? A resposta \u00e9 \u00f3bvia. A qualidade e todo o suporte por tr\u00e1s da empresa, coisas que nenhuma outra empresa oferece\u201d, <\/p><cite>diz Raphael.<\/cite><\/blockquote><\/figure>\n\n\n\n<p style=\"font-style:normal;font-weight:400\">J\u00e1 em opera\u00e7\u00e3o, a Tau 330 RSC est\u00e1 em plena produ\u00e7\u00e3o \u2013 e mostrando resultados. \u201cH\u00e1 trabalhos em que tivemos um ganho de velocidade e economia de at\u00e9 50%\u201d, diz Raphael. \u201cEm rela\u00e7\u00e3o \u00e0 velocidade de entrega, chegamos a ganhar at\u00e9 uma semana de prazo em rela\u00e7\u00e3o \u00e0 flexografia.\u201d<\/p>\n\n\n\n<p style=\"font-style:normal;font-weight:400\">\u201cHoje, atendemos segmentos cujo n\u00edvel de qualidade \u00e9 enorme, como o farmac\u00eautico, aliment\u00edcio e de suplementa\u00e7\u00e3o. Ou seja, precisamos de qualidade e a Tau 330 RSC nos permitir\u00e1 atingir esse grau de exig\u00eancia, com os benef\u00edcios da impress\u00e3o digital\u201d, completa Raphael.<\/p>\n\n\n\n<p>Leia mais em nosso blog:<\/p>\n\n\n\n<p><a href=\"https:\/\/projetopack.com.br\/en\/a-tau-330-rsc-tem-sido-um-verdadeiro-diferencial-para-a-vr-label\/\"><strong>A Tau 330 RSC tem sido um verdadeiro diferencial para a VR Label<\/strong><\/a><\/p>","protected":false},"excerpt":{"rendered":"<p>Sediada na zona sul de S\u00e3o Paulo, a GrowLabel, fundada em 2008 por Jos\u00e9 Barboza da Silva, nasceu inicialmente para atender o segmento de agroneg\u00f3cios no fornecimento de r\u00f3tulos, etiquetas adesivas e impress\u00e3o de dados vari\u00e1veis. Por\u00e9m, com o tempo e o crescimento da empresa, novas tecnologias foram sendo agregadas, como a flexografia e outros [&hellip;]<\/p>\n","protected":false},"author":2,"featured_media":40245,"comment_status":"open","ping_status":"closed","sticky":true,"template":"","format":"standard","meta":{"footnotes":""},"categories":[458],"tags":[],"class_list":["post-40244","post","type-post","status-publish","format-standard","has-post-thumbnail","hentry","category-lancamentos"],"yoast_head":"<!-- This site is optimized with the Yoast SEO Premium plugin v27.1 (Yoast SEO v27.1.1) - https:\/\/yoast.com\/product\/yoast-seo-premium-wordpress\/ -->\n<title>GrowLabel investe em Tau 330 RSC para produ\u00e7\u00e3o de r\u00f3tulos em escala industrial - ProjetoPack<\/title>\n<meta name=\"description\" content=\"H\u00e1 uma tend\u00eancia de maior velocidade da impress\u00e3o, com queda de tiragens e aumento no n\u00famero de SKUs do mesmo cliente\" \/>\n<meta name=\"robots\" content=\"index, follow, max-snippet:-1, max-image-preview:large, max-video-preview:-1\" \/>\n<link rel=\"canonical\" href=\"https:\/\/projetopack.com.br\/en\/growlabel-investe-em-tau-330\/\" \/>\n<meta property=\"og:locale\" content=\"en_US\" \/>\n<meta property=\"og:type\" content=\"article\" \/>\n<meta property=\"og:title\" content=\"GrowLabel investe em Tau 330 RSC para produ\u00e7\u00e3o de r\u00f3tulos em escala industrial\" \/>\n<meta property=\"og:description\" content=\"H\u00e1 uma tend\u00eancia de maior velocidade da impress\u00e3o, com queda de tiragens e aumento no n\u00famero de SKUs do mesmo cliente\" \/>\n<meta property=\"og:url\" content=\"https:\/\/projetopack.com.br\/en\/growlabel-investe-em-tau-330\/\" \/>\n<meta property=\"og:site_name\" content=\"ProjetoPack\" \/>\n<meta property=\"article:published_time\" content=\"2024-02-23T16:12:05+00:00\" \/>\n<meta property=\"article:modified_time\" content=\"2026-01-21T13:19:45+00:00\" \/>\n<meta property=\"og:image\" content=\"https:\/\/projetopack.com.br\/wp-content\/uploads\/2024\/02\/Fernando-Bortolim-Durst-ao-lado-de-Alessandra-e-Raphael-scaled.jpg\" \/>\n\t<meta property=\"og:image:width\" content=\"2560\" \/>\n\t<meta property=\"og:image:height\" content=\"1814\" \/>\n\t<meta property=\"og:image:type\" content=\"image\/jpeg\" \/>\n<meta name=\"author\" content=\"Aislan Baer\" \/>\n<meta name=\"twitter:card\" content=\"summary_large_image\" \/>\n<meta name=\"twitter:creator\" content=\"@ProjetoPack\" \/>\n<meta name=\"twitter:site\" content=\"@ProjetoPack\" \/>\n<meta name=\"twitter:label1\" content=\"Written by\" \/>\n\t<meta name=\"twitter:data1\" content=\"Aislan Baer\" \/>\n\t<meta name=\"twitter:label2\" content=\"Est. reading time\" \/>\n\t<meta name=\"twitter:data2\" content=\"3 minutes\" \/>\n<script type=\"application\/ld+json\" class=\"yoast-schema-graph\">{\"@context\":\"https:\/\/schema.org\",\"@graph\":[{\"@type\":\"Article\",\"@id\":\"https:\/\/projetopack.com.br\/growlabel-investe-em-tau-330\/#article\",\"isPartOf\":{\"@id\":\"https:\/\/projetopack.com.br\/growlabel-investe-em-tau-330\/\"},\"author\":{\"name\":\"Aislan Baer\",\"@id\":\"https:\/\/projetopack.com.br\/#\/schema\/person\/87cbd7d1e244880886d457815ebd2490\"},\"headline\":\"GrowLabel investe em Tau 330 RSC para produ\u00e7\u00e3o de r\u00f3tulos em escala industrial\",\"datePublished\":\"2024-02-23T16:12:05+00:00\",\"dateModified\":\"2026-01-21T13:19:45+00:00\",\"mainEntityOfPage\":{\"@id\":\"https:\/\/projetopack.com.br\/growlabel-investe-em-tau-330\/\"},\"wordCount\":481,\"commentCount\":0,\"publisher\":{\"@id\":\"https:\/\/projetopack.com.br\/#organization\"},\"image\":{\"@id\":\"https:\/\/projetopack.com.br\/growlabel-investe-em-tau-330\/#primaryimage\"},\"thumbnailUrl\":\"https:\/\/projetopack.com.br\/wp-content\/uploads\/2024\/02\/Fernando-Bortolim-Durst-ao-lado-de-Alessandra-e-Raphael-scaled.jpg\",\"articleSection\":[\"Lan\u00e7amentos\"],\"inLanguage\":\"en-US\",\"potentialAction\":[{\"@type\":\"CommentAction\",\"name\":\"Comment\",\"target\":[\"https:\/\/projetopack.com.br\/growlabel-investe-em-tau-330\/#respond\"]}]},{\"@type\":\"WebPage\",\"@id\":\"https:\/\/projetopack.com.br\/growlabel-investe-em-tau-330\/\",\"url\":\"https:\/\/projetopack.com.br\/growlabel-investe-em-tau-330\/\",\"name\":\"GrowLabel investe em Tau 330 RSC para produ\u00e7\u00e3o de r\u00f3tulos em escala industrial - ProjetoPack\",\"isPartOf\":{\"@id\":\"https:\/\/projetopack.com.br\/#website\"},\"primaryImageOfPage\":{\"@id\":\"https:\/\/projetopack.com.br\/growlabel-investe-em-tau-330\/#primaryimage\"},\"image\":{\"@id\":\"https:\/\/projetopack.com.br\/growlabel-investe-em-tau-330\/#primaryimage\"},\"thumbnailUrl\":\"https:\/\/projetopack.com.br\/wp-content\/uploads\/2024\/02\/Fernando-Bortolim-Durst-ao-lado-de-Alessandra-e-Raphael-scaled.jpg\",\"datePublished\":\"2024-02-23T16:12:05+00:00\",\"dateModified\":\"2026-01-21T13:19:45+00:00\",\"description\":\"H\u00e1 uma tend\u00eancia de maior velocidade da impress\u00e3o, com queda de tiragens e aumento no n\u00famero de SKUs do mesmo cliente\",\"breadcrumb\":{\"@id\":\"https:\/\/projetopack.com.br\/growlabel-investe-em-tau-330\/#breadcrumb\"},\"inLanguage\":\"en-US\",\"potentialAction\":[{\"@type\":\"ReadAction\",\"target\":[\"https:\/\/projetopack.com.br\/growlabel-investe-em-tau-330\/\"]}]},{\"@type\":\"ImageObject\",\"inLanguage\":\"en-US\",\"@id\":\"https:\/\/projetopack.com.br\/growlabel-investe-em-tau-330\/#primaryimage\",\"url\":\"https:\/\/projetopack.com.br\/wp-content\/uploads\/2024\/02\/Fernando-Bortolim-Durst-ao-lado-de-Alessandra-e-Raphael-scaled.jpg\",\"contentUrl\":\"https:\/\/projetopack.com.br\/wp-content\/uploads\/2024\/02\/Fernando-Bortolim-Durst-ao-lado-de-Alessandra-e-Raphael-scaled.jpg\",\"width\":2560,\"height\":1814,\"caption\":\"Equipe GrowLabel recebendo nova Durst\"},{\"@type\":\"BreadcrumbList\",\"@id\":\"https:\/\/projetopack.com.br\/growlabel-investe-em-tau-330\/#breadcrumb\",\"itemListElement\":[{\"@type\":\"ListItem\",\"position\":1,\"name\":\"P\u00e1gina Inicial\",\"item\":\"https:\/\/projetopack.com.br\/\"},{\"@type\":\"ListItem\",\"position\":2,\"name\":\"Lan\u00e7amentos\",\"item\":\"https:\/\/projetopack.com.br\/category\/lancamentos\/\"},{\"@type\":\"ListItem\",\"position\":3,\"name\":\"GrowLabel investe em Tau 330 RSC para produ\u00e7\u00e3o de r\u00f3tulos em escala industrial\"}]},{\"@type\":\"WebSite\",\"@id\":\"https:\/\/projetopack.com.br\/#website\",\"url\":\"https:\/\/projetopack.com.br\/\",\"name\":\"ProjetoPack\",\"description\":\"Consultoria e servi\u00e7os para embalagens, r\u00f3tulos, etiquetas e processos de impress\u00e3o\",\"publisher\":{\"@id\":\"https:\/\/projetopack.com.br\/#organization\"},\"potentialAction\":[{\"@type\":\"SearchAction\",\"target\":{\"@type\":\"EntryPoint\",\"urlTemplate\":\"https:\/\/projetopack.com.br\/?s={search_term_string}\"},\"query-input\":{\"@type\":\"PropertyValueSpecification\",\"valueRequired\":true,\"valueName\":\"search_term_string\"}}],\"inLanguage\":\"en-US\"},{\"@type\":\"Organization\",\"@id\":\"https:\/\/projetopack.com.br\/#organization\",\"name\":\"ProjetoPack & Associados\",\"url\":\"https:\/\/projetopack.com.br\/\",\"logo\":{\"@type\":\"ImageObject\",\"inLanguage\":\"en-US\",\"@id\":\"https:\/\/projetopack.com.br\/#\/schema\/logo\/image\/\",\"url\":\"https:\/\/projetopack.com.br\/wp-content\/uploads\/2020\/09\/projetopack.png\",\"contentUrl\":\"https:\/\/projetopack.com.br\/wp-content\/uploads\/2020\/09\/projetopack.png\",\"width\":200,\"height\":200,\"caption\":\"ProjetoPack & Associados\"},\"image\":{\"@id\":\"https:\/\/projetopack.com.br\/#\/schema\/logo\/image\/\"},\"sameAs\":[\"https:\/\/x.com\/ProjetoPack\",\"https:\/\/www.linkedin.com\/company\/projetopack\/\"]},{\"@type\":\"Person\",\"@id\":\"https:\/\/projetopack.com.br\/#\/schema\/person\/87cbd7d1e244880886d457815ebd2490\",\"name\":\"Aislan Baer\",\"image\":{\"@type\":\"ImageObject\",\"inLanguage\":\"en-US\",\"@id\":\"https:\/\/projetopack.com.br\/#\/schema\/person\/image\/\",\"url\":\"https:\/\/projetopack.com.br\/wp-content\/uploads\/2021\/08\/Aislan-Busto-p-100x100.jpg\",\"contentUrl\":\"https:\/\/projetopack.com.br\/wp-content\/uploads\/2021\/08\/Aislan-Busto-p-100x100.jpg\",\"caption\":\"Aislan Baer\"},\"description\":\"Desde os \u00faltimos 20 anos, meu time e eu ajudamos mais de 300 empresas brasileiras e estrangeiras (algumas delas, l\u00edderes mundiais) a produzir embalagens flex\u00edveis e r\u00f3tulos com maior efici\u00eancia, menores custos e maior apelo visual, bem como centenas de donos de marcas a comprar suas embalagens flex\u00edveis e material impresso com um crit\u00e9rio mais t\u00e9cnico e assertivo. Ao mesmo tempo, gra\u00e7as \u00e0 nossa consultoria, muitas destas empresas melhoraram significativamente o seu processo de Impress\u00e3o (Impress\u00e3o de embalagens, Impress\u00e3o industrial, Impress\u00e3o funcional e, mais recentemente, bio impress\u00e3o e manufatura aditiva ou simplesmente Impress\u00e3o 3D). Se a sua empresa tem um problema relacionado a embalagens flex\u00edveis, r\u00f3tulos ou Impress\u00e3o, por mais insol\u00favel que lhe pare\u00e7a, aguardamos ansiosos a sua liga\u00e7\u00e3o ou e-mail. Este \u00e9 nosso trabalho e tamb\u00e9m a nossa paix\u00e3o.\",\"sameAs\":[\"http:\/\/www.projetopack.com\",\"https:\/\/www.linkedin.com\/in\/aislanbaer\/\"],\"jobTitle\":\"CEO @ ProjetoPack | L\u00edder em M&A no Setor de Impress\u00e3o e Embalagens no Brasil | Cofundador da Inovagraf e Neuraflow | Especialista em Inova\u00e7\u00e3o com IA na Impress\u00e3o | Printing Legacy Initiative | Empreendedor Serial\",\"url\":\"https:\/\/projetopack.com.br\/en\/author\/aislan\/\"}]}<\/script>\n<!-- \/ Yoast SEO Premium plugin. -->","yoast_head_json":{"title":"GrowLabel investe em Tau 330 RSC para produ\u00e7\u00e3o de r\u00f3tulos em escala industrial - ProjetoPack","description":"H\u00e1 uma tend\u00eancia de maior velocidade da impress\u00e3o, com queda de tiragens e aumento no n\u00famero de SKUs do mesmo cliente","robots":{"index":"index","follow":"follow","max-snippet":"max-snippet:-1","max-image-preview":"max-image-preview:large","max-video-preview":"max-video-preview:-1"},"canonical":"https:\/\/projetopack.com.br\/en\/growlabel-investe-em-tau-330\/","og_locale":"en_US","og_type":"article","og_title":"GrowLabel investe em Tau 330 RSC para produ\u00e7\u00e3o de r\u00f3tulos em escala industrial","og_description":"H\u00e1 uma tend\u00eancia de maior velocidade da impress\u00e3o, com queda de tiragens e aumento no n\u00famero de SKUs do mesmo cliente","og_url":"https:\/\/projetopack.com.br\/en\/growlabel-investe-em-tau-330\/","og_site_name":"ProjetoPack","article_published_time":"2024-02-23T16:12:05+00:00","article_modified_time":"2026-01-21T13:19:45+00:00","og_image":[{"width":2560,"height":1814,"url":"https:\/\/projetopack.com.br\/wp-content\/uploads\/2024\/02\/Fernando-Bortolim-Durst-ao-lado-de-Alessandra-e-Raphael-scaled.jpg","type":"image\/jpeg"}],"author":"Aislan Baer","twitter_card":"summary_large_image","twitter_creator":"@ProjetoPack","twitter_site":"@ProjetoPack","twitter_misc":{"Written by":"Aislan Baer","Est. reading time":"3 minutes"},"schema":{"@context":"https:\/\/schema.org","@graph":[{"@type":"Article","@id":"https:\/\/projetopack.com.br\/growlabel-investe-em-tau-330\/#article","isPartOf":{"@id":"https:\/\/projetopack.com.br\/growlabel-investe-em-tau-330\/"},"author":{"name":"Aislan Baer","@id":"https:\/\/projetopack.com.br\/#\/schema\/person\/87cbd7d1e244880886d457815ebd2490"},"headline":"GrowLabel investe em Tau 330 RSC para produ\u00e7\u00e3o de r\u00f3tulos em escala industrial","datePublished":"2024-02-23T16:12:05+00:00","dateModified":"2026-01-21T13:19:45+00:00","mainEntityOfPage":{"@id":"https:\/\/projetopack.com.br\/growlabel-investe-em-tau-330\/"},"wordCount":481,"commentCount":0,"publisher":{"@id":"https:\/\/projetopack.com.br\/#organization"},"image":{"@id":"https:\/\/projetopack.com.br\/growlabel-investe-em-tau-330\/#primaryimage"},"thumbnailUrl":"https:\/\/projetopack.com.br\/wp-content\/uploads\/2024\/02\/Fernando-Bortolim-Durst-ao-lado-de-Alessandra-e-Raphael-scaled.jpg","articleSection":["Lan\u00e7amentos"],"inLanguage":"en-US","potentialAction":[{"@type":"CommentAction","name":"Comment","target":["https:\/\/projetopack.com.br\/growlabel-investe-em-tau-330\/#respond"]}]},{"@type":"WebPage","@id":"https:\/\/projetopack.com.br\/growlabel-investe-em-tau-330\/","url":"https:\/\/projetopack.com.br\/growlabel-investe-em-tau-330\/","name":"GrowLabel investe em Tau 330 RSC para produ\u00e7\u00e3o de r\u00f3tulos em escala industrial - ProjetoPack","isPartOf":{"@id":"https:\/\/projetopack.com.br\/#website"},"primaryImageOfPage":{"@id":"https:\/\/projetopack.com.br\/growlabel-investe-em-tau-330\/#primaryimage"},"image":{"@id":"https:\/\/projetopack.com.br\/growlabel-investe-em-tau-330\/#primaryimage"},"thumbnailUrl":"https:\/\/projetopack.com.br\/wp-content\/uploads\/2024\/02\/Fernando-Bortolim-Durst-ao-lado-de-Alessandra-e-Raphael-scaled.jpg","datePublished":"2024-02-23T16:12:05+00:00","dateModified":"2026-01-21T13:19:45+00:00","description":"H\u00e1 uma tend\u00eancia de maior velocidade da impress\u00e3o, com queda de tiragens e aumento no n\u00famero de SKUs do mesmo cliente","breadcrumb":{"@id":"https:\/\/projetopack.com.br\/growlabel-investe-em-tau-330\/#breadcrumb"},"inLanguage":"en-US","potentialAction":[{"@type":"ReadAction","target":["https:\/\/projetopack.com.br\/growlabel-investe-em-tau-330\/"]}]},{"@type":"ImageObject","inLanguage":"en-US","@id":"https:\/\/projetopack.com.br\/growlabel-investe-em-tau-330\/#primaryimage","url":"https:\/\/projetopack.com.br\/wp-content\/uploads\/2024\/02\/Fernando-Bortolim-Durst-ao-lado-de-Alessandra-e-Raphael-scaled.jpg","contentUrl":"https:\/\/projetopack.com.br\/wp-content\/uploads\/2024\/02\/Fernando-Bortolim-Durst-ao-lado-de-Alessandra-e-Raphael-scaled.jpg","width":2560,"height":1814,"caption":"Equipe GrowLabel recebendo nova Durst"},{"@type":"BreadcrumbList","@id":"https:\/\/projetopack.com.br\/growlabel-investe-em-tau-330\/#breadcrumb","itemListElement":[{"@type":"ListItem","position":1,"name":"P\u00e1gina Inicial","item":"https:\/\/projetopack.com.br\/"},{"@type":"ListItem","position":2,"name":"Lan\u00e7amentos","item":"https:\/\/projetopack.com.br\/category\/lancamentos\/"},{"@type":"ListItem","position":3,"name":"GrowLabel investe em Tau 330 RSC para produ\u00e7\u00e3o de r\u00f3tulos em escala industrial"}]},{"@type":"WebSite","@id":"https:\/\/projetopack.com.br\/#website","url":"https:\/\/projetopack.com.br\/","name":"ProjetoPack","description":"Consultoria e servi\u00e7os para embalagens, r\u00f3tulos, etiquetas e processos de impress\u00e3o","publisher":{"@id":"https:\/\/projetopack.com.br\/#organization"},"potentialAction":[{"@type":"SearchAction","target":{"@type":"EntryPoint","urlTemplate":"https:\/\/projetopack.com.br\/?s={search_term_string}"},"query-input":{"@type":"PropertyValueSpecification","valueRequired":true,"valueName":"search_term_string"}}],"inLanguage":"en-US"},{"@type":"Organization","@id":"https:\/\/projetopack.com.br\/#organization","name":"ProjetoPack & Associados","url":"https:\/\/projetopack.com.br\/","logo":{"@type":"ImageObject","inLanguage":"en-US","@id":"https:\/\/projetopack.com.br\/#\/schema\/logo\/image\/","url":"https:\/\/projetopack.com.br\/wp-content\/uploads\/2020\/09\/projetopack.png","contentUrl":"https:\/\/projetopack.com.br\/wp-content\/uploads\/2020\/09\/projetopack.png","width":200,"height":200,"caption":"ProjetoPack & Associados"},"image":{"@id":"https:\/\/projetopack.com.br\/#\/schema\/logo\/image\/"},"sameAs":["https:\/\/x.com\/ProjetoPack","https:\/\/www.linkedin.com\/company\/projetopack\/"]},{"@type":"Person","@id":"https:\/\/projetopack.com.br\/#\/schema\/person\/87cbd7d1e244880886d457815ebd2490","name":"Aislan Baer","image":{"@type":"ImageObject","inLanguage":"en-US","@id":"https:\/\/projetopack.com.br\/#\/schema\/person\/image\/","url":"https:\/\/projetopack.com.br\/wp-content\/uploads\/2021\/08\/Aislan-Busto-p-100x100.jpg","contentUrl":"https:\/\/projetopack.com.br\/wp-content\/uploads\/2021\/08\/Aislan-Busto-p-100x100.jpg","caption":"Aislan Baer"},"description":"Desde os \u00faltimos 20 anos, meu time e eu ajudamos mais de 300 empresas brasileiras e estrangeiras (algumas delas, l\u00edderes mundiais) a produzir embalagens flex\u00edveis e r\u00f3tulos com maior efici\u00eancia, menores custos e maior apelo visual, bem como centenas de donos de marcas a comprar suas embalagens flex\u00edveis e material impresso com um crit\u00e9rio mais t\u00e9cnico e assertivo. Ao mesmo tempo, gra\u00e7as \u00e0 nossa consultoria, muitas destas empresas melhoraram significativamente o seu processo de Impress\u00e3o (Impress\u00e3o de embalagens, Impress\u00e3o industrial, Impress\u00e3o funcional e, mais recentemente, bio impress\u00e3o e manufatura aditiva ou simplesmente Impress\u00e3o 3D). Se a sua empresa tem um problema relacionado a embalagens flex\u00edveis, r\u00f3tulos ou Impress\u00e3o, por mais insol\u00favel que lhe pare\u00e7a, aguardamos ansiosos a sua liga\u00e7\u00e3o ou e-mail. Este \u00e9 nosso trabalho e tamb\u00e9m a nossa paix\u00e3o.","sameAs":["http:\/\/www.projetopack.com","https:\/\/www.linkedin.com\/in\/aislanbaer\/"],"jobTitle":"CEO @ ProjetoPack | L\u00edder em M&A no Setor de Impress\u00e3o e Embalagens no Brasil | Cofundador da Inovagraf e Neuraflow | Especialista em Inova\u00e7\u00e3o com IA na Impress\u00e3o | Printing Legacy Initiative | Empreendedor Serial","url":"https:\/\/projetopack.com.br\/en\/author\/aislan\/"}]}},"_links":{"self":[{"href":"https:\/\/projetopack.com.br\/en\/wp-json\/wp\/v2\/posts\/40244","targetHints":{"allow":["GET"]}}],"collection":[{"href":"https:\/\/projetopack.com.br\/en\/wp-json\/wp\/v2\/posts"}],"about":[{"href":"https:\/\/projetopack.com.br\/en\/wp-json\/wp\/v2\/types\/post"}],"author":[{"embeddable":true,"href":"https:\/\/projetopack.com.br\/en\/wp-json\/wp\/v2\/users\/2"}],"replies":[{"embeddable":true,"href":"https:\/\/projetopack.com.br\/en\/wp-json\/wp\/v2\/comments?post=40244"}],"version-history":[{"count":0,"href":"https:\/\/projetopack.com.br\/en\/wp-json\/wp\/v2\/posts\/40244\/revisions"}],"wp:featuredmedia":[{"embeddable":true,"href":"https:\/\/projetopack.com.br\/en\/wp-json\/wp\/v2\/media\/40245"}],"wp:attachment":[{"href":"https:\/\/projetopack.com.br\/en\/wp-json\/wp\/v2\/media?parent=40244"}],"wp:term":[{"taxonomy":"category","embeddable":true,"href":"https:\/\/projetopack.com.br\/en\/wp-json\/wp\/v2\/categories?post=40244"},{"taxonomy":"post_tag","embeddable":true,"href":"https:\/\/projetopack.com.br\/en\/wp-json\/wp\/v2\/tags?post=40244"}],"curies":[{"name":"wp","href":"https:\/\/api.w.org\/{rel}","templated":true}]}}