{"id":4030,"date":"2019-09-20T12:25:42","date_gmt":"2019-09-20T15:25:42","guid":{"rendered":"https:\/\/www.projetopack.com.br\/2020\/?p=4030"},"modified":"2021-09-11T16:31:43","modified_gmt":"2021-09-11T19:31:43","slug":"bobst-latinoamerica-do-sul-marca-oficialmente-construcao-de-suas-novas-instalacoes-em-itatiba-sao-paulo","status":"publish","type":"post","link":"https:\/\/projetopack.com.br\/en\/bobst-latinoamerica-do-sul-marca-oficialmente-construcao-de-suas-novas-instalacoes-em-itatiba-sao-paulo\/","title":{"rendered":"Bobst Latinoamerica do Sul marca oficialmente a constru\u00e7\u00e3o de suas novas instala\u00e7\u00f5es em Itatiba, S\u00e3o Paulo"},"content":{"rendered":"<div class=\"post-block line-present\">\n<div id=\"cw_headline\" class=\"headline\">\n<p>A Bobst Latinoamerica do Sul comemorou o in\u00edcio da constru\u00e7\u00e3o de suas novas instala\u00e7\u00f5es em Itatiba, S\u00e3o Paulo, com um evento para marcar a primeira pedra fundamental.&nbsp;V\u00e1rios convidados, incluindo o prefeito de Itatiba, Sr. Douglas Oliveira, e outros representantes da administra\u00e7\u00e3o do munic\u00edpio, foram recebidos pela equipe respons\u00e1vel pelo desenvolvimento e convidados a ver os planos ambiciosos para si mesmos.<\/p>\n<\/div>\n<\/div>\n<div class=\"box\">\n<div class=\"block\">\n<div class=\"news-single-item row\">\n<div class=\"col-md-12\">\n<figure class=\"csc-textpic-image main-image-wrapper\"><picture class=\"main-image\"><source srcset=\"\/fileadmin\/_processed_\/c\/0\/csm_2978_New_Facilities_Itatiba_01_343552e8e7.jpg\" media=\"(-webkit-min-device-pixel-ratio: 1.5),(min-resolution: 144dpi)\"><source srcset=\"\/fileadmin\/_processed_\/c\/0\/csm_2978_New_Facilities_Itatiba_01_e187ec57be.jpg\" media=\"(max-width: 767px)\"><source srcset=\"\/fileadmin\/_processed_\/c\/0\/csm_2978_New_Facilities_Itatiba_01_7b3e50e2d8.jpg\" media=\"(max-width: 767px) and (-webkit-min-device-pixel-ratio: 1.5),(min-resolution: 144dpi)\"><img fetchpriority=\"high\" decoding=\"async\" class=\"aligncenter size-medium wp-image-4031\" src=\"https:\/\/projetopack.com.br\/wp-content\/uploads\/2019\/09\/bobst1-300x169.jpg\" alt=\"\" width=\"300\" height=\"169\" srcset=\"https:\/\/projetopack.com.br\/wp-content\/uploads\/2019\/09\/bobst1-300x169.jpg 300w, https:\/\/projetopack.com.br\/wp-content\/uploads\/2019\/09\/bobst1-600x338.jpg 600w, https:\/\/projetopack.com.br\/wp-content\/uploads\/2019\/09\/bobst1-768x433.jpg 768w, https:\/\/projetopack.com.br\/wp-content\/uploads\/2019\/09\/bobst1-1024x577.jpg 1024w, https:\/\/projetopack.com.br\/wp-content\/uploads\/2019\/09\/bobst1.jpg 1170w\" sizes=\"(max-width: 300px) 100vw, 300px\" \/><\/picture><picture class=\"main-image\"><img decoding=\"async\" title=\"\" src=\"https:\/\/media.bobst.com\/fileadmin\/_processed_\/c\/0\/csm_2978_New_Facilities_Itatiba_01_578bf155d2.jpg\" srcset=\"\/fileadmin\/_processed_\/c\/0\/csm_2978_New_Facilities_Itatiba_01_578bf155d2.jpg\" alt=\"\" width=\"100%\" height=\"auto\"><\/picture><figcaption class=\"csc-textpic-caption\"><\/figcaption><\/figure>\n<p>O Sr. Oliveira agradeceu \u00e0 BOBST pela parceria e seu compromisso de longa data com a cidade.&nbsp;O Sr. Oliveira observou que, ao investir no munic\u00edpio, a empresa contribui para o crescimento sustent\u00e1vel da cidade, gerando benef\u00edcios econ\u00f4micos e oportunidades de trabalho para sua popula\u00e7\u00e3o, direta e indiretamente.&nbsp;\u201c\u00c9 um marco para a cidade, em tempos de desacelera\u00e7\u00e3o econ\u00f4mica, que uma empresa como a BOBST, depois de tantos anos no mercado e em Itatiba, continue investindo na cidade, em um novo site moderno e tecnol\u00f3gico, mostrando que Itatiba \u00e9 um grande cidade para investir e tamb\u00e9m contribuir para o crescimento econ\u00f4mico da cidade \u201d, declarou o prefeito.<\/p>\n<p>O Sr. Eduardo Petroni, CEO da Bobst Latinoamerica do Sul, elogiou a infraestrutura que a cidade de Itatiba fornece \u00e0s empresas que operam e investem nela.&nbsp;Como parte do evento, o Sr. Petroni informou os convidados sobre os prazos esperados e as etapas significativas do projeto.&nbsp;O empreendimento inclui uma s\u00e9rie de iniciativas distintas, incluindo otimiza\u00e7\u00e3o de processos de produ\u00e7\u00e3o, \u00e1reas para fornecer treinamento dedicado a clientes e parceiros, al\u00e9m de espa\u00e7os inspiradores para os funcion\u00e1rios.&nbsp;Com constru\u00e7\u00e3o de alta tecnologia, o pr\u00e9dio deve se tornar uma das instala\u00e7\u00f5es BOBST mais ambientalmente sustent\u00e1veis \u200b\u200bdo mundo.&nbsp;\u201cNossa perspectiva para o pr\u00f3ximo ano e as pr\u00f3ximas \u00e9 de crescimento em nossos neg\u00f3cios.&nbsp;Acreditamos n\u00e3o apenas no crescimento do BOBST, mas tamb\u00e9m na recupera\u00e7\u00e3o total do Brasil. \u201d, Mencionou Eduardo Petroni.<\/p>\n<p>Durante o evento, o Sr. Petroni esclareceu que a transfer\u00eancia das opera\u00e7\u00f5es das instala\u00e7\u00f5es existentes da empresa para as novas havia sido planejada para um impacto m\u00ednimo e uma transi\u00e7\u00e3o suave, reduzindo poss\u00edveis interrup\u00e7\u00f5es para clientes e parceiros.<\/p>\n<p>Respons\u00e1vel pela constru\u00e7\u00e3o do projeto, o Sr. Luciano Consolini Filho reafirmou seu compromisso com a BOBST em entregar um edif\u00edcio com os mais altos padr\u00f5es de qualidade.&nbsp;Al\u00e9m disso, o Sr. Consolini comentou que estava extremamente orgulhoso por ter sido selecionado como parceiro da empresa nesse empreendimento.&nbsp;\u201cEstou muito orgulhoso da conquista do BOBST.&nbsp;\u00c9 uma semente plantada j\u00e1 com muito sucesso, com uma constru\u00e7\u00e3o espec\u00edfica na ind\u00fastria.&nbsp;Ser\u00e1 um espa\u00e7o de bem-estar para seus funcion\u00e1rios e tamb\u00e9m abrange muita tecnologia. \u201d, Diz Consolini.<\/p>\n<p>O arquiteto respons\u00e1vel pelo projeto, Sr. Augusto Silveira Franco, referiu-se a ele com \u00eanfase nos aspectos de sustentabilidade.&nbsp;\u201cO projeto foi concebido pensando em sustentabilidade, e tudo se desenvolveu de forma r\u00e1pida e pr\u00e1tica, com materiais de alta qualidade.&nbsp;Estamos buscando continuamente uma arquitetura moderna, avan\u00e7ada e funcional, olhando para os resultados a longo prazo. \u201dEle comentou.<\/p>\n<p><img decoding=\"async\" class=\"aligncenter size-medium wp-image-4032\" src=\"https:\/\/projetopack.com.br\/wp-content\/uploads\/2019\/09\/bobst2-300x169.jpg\" alt=\"\" width=\"300\" height=\"169\" srcset=\"https:\/\/projetopack.com.br\/wp-content\/uploads\/2019\/09\/bobst2-300x169.jpg 300w, https:\/\/projetopack.com.br\/wp-content\/uploads\/2019\/09\/bobst2-600x338.jpg 600w, https:\/\/projetopack.com.br\/wp-content\/uploads\/2019\/09\/bobst2-768x432.jpg 768w, https:\/\/projetopack.com.br\/wp-content\/uploads\/2019\/09\/bobst2-1024x576.jpg 1024w, https:\/\/projetopack.com.br\/wp-content\/uploads\/2019\/09\/bobst2.jpg 1534w\" sizes=\"(max-width: 300px) 100vw, 300px\" \/><\/p>\n<div class=\"news-contents-wrapper\">\n<div id=\"c89327\" class=\"box blue_box\">\n<div class=\"block\">\n<div class=\"csc-textpic csc-textpic-center csc-textpic-above\">\n<div class=\"csc-textpic-imagewrap\" data-csc-cols=\"2\" data-csc-images=\"1\">\n<div class=\"csc-textpic-center-outer\">\n<div class=\"csc-textpic-center-inner\">\n<figure class=\"csc-textpic-image csc-textpic-last\"><img decoding=\"async\" class=\"img-retina\" title=\"\" src=\"https:\/\/media.bobst.com\/fileadmin\/user_upload\/News\/2019\/2978_New_Facilities_Itatiba_02.jpg\" sizes=\"100%\" srcset=\"\/fileadmin\/_processed_\/6\/8\/csm_2978_New_Facilities_Itatiba_02_b6f9f73053.jpg 479w, \/fileadmin\/_processed_\/6\/8\/csm_2978_New_Facilities_Itatiba_02_a40fd45863.jpg 958w, \/fileadmin\/_processed_\/6\/8\/csm_2978_New_Facilities_Itatiba_02_2e667f9af9.jpg 767w, \/fileadmin\/_processed_\/6\/8\/csm_2978_New_Facilities_Itatiba_02_4ee7725979.jpg 1534w, \/fileadmin\/_processed_\/6\/8\/csm_2978_New_Facilities_Itatiba_02_91cef182fa.jpg 940w, \/fileadmin\/_processed_\/6\/8\/csm_2978_New_Facilities_Itatiba_02_4e06c154e6.jpg 1880w\" alt=\"\" width=\"940\"><\/figure>\n<\/div>\n<\/div>\n<\/div>\n<div class=\"csc-textpic-text\">\n<p>Uma das partes mais empolgadas do p\u00fablico foi a Equipe do Projeto BOBST, que compreende v\u00e1rias \u00e1reas departamentais da empresa.&nbsp;Comemorando o in\u00edcio oficial da constru\u00e7\u00e3o, o Sr. Petroni acrescentou: \u201cEsta equipe trabalha sem parar desde o an\u00fancio do projeto, para que todos os detalhes sejam tratados com cuidado.&nbsp;A nova unidade transmite verdadeiramente a cultura e os valores que fazem da BOBST um nome t\u00e3o estabelecido &#8211; Confian\u00e7a, Respeito, Paix\u00e3o e Desempenho! \u201d<\/p>\n<p>O canteiro de obras tamb\u00e9m recebeu uma b\u00ean\u00e7\u00e3o do Padre Genildo, da Par\u00f3quia de Santa Rita, que serve a regi\u00e3o onde as novas instala\u00e7\u00f5es ser\u00e3o localizadas.<\/p>\n<p>\u201cEm cada etapa do projeto, aplicamos os padr\u00f5es de excel\u00eancia da BOBST a tudo o que fazemos.&nbsp;Estamos extremamente orgulhosos do forte crescimento do BOBST na regi\u00e3o e nossa nova instala\u00e7\u00e3o de ponta \u00e9 uma adi\u00e7\u00e3o marcante \u00e0 hist\u00f3ria \u201d, concluiu o Sr. Petroni.<\/p>\n<p>A constru\u00e7\u00e3o da nova instala\u00e7\u00e3o est\u00e1 prevista para ser conclu\u00edda no segundo trimestre de 2020, quando as opera\u00e7\u00f5es da BOBST na cidade de Itatiba ser\u00e3o transferidas para o novo local.<\/p>\n<p>&nbsp;<\/p>\n<p>&nbsp;<\/p>\n<p><em>Fonte: Marketing Bobst Latinoamerica do Sul, Brasil<\/em><\/p>\n<p>&nbsp;<\/p>\n<\/div>\n<\/div>\n<\/div>\n<\/div>\n<\/div>\n<\/div>\n<\/div>\n<\/div>\n<\/div>","protected":false},"excerpt":{"rendered":"<p>A Bobst Latinoamerica do Sul comemorou o in\u00edcio da constru\u00e7\u00e3o de suas novas instala\u00e7\u00f5es em Itatiba, S\u00e3o Paulo, com um evento para marcar a primeira pedra fundamental. V\u00e1rios convidados, incluindo o prefeito de Itatiba, Sr. Douglas Oliveira, e outros representantes da administra\u00e7\u00e3o do munic\u00edpio, foram recebidos pela equipe respons\u00e1vel pelo desenvolvimento e convidados a ver os planos ambiciosos para si mesmos.<\/p>","protected":false},"author":18,"featured_media":0,"comment_status":"open","ping_status":"open","sticky":false,"template":"","format":"standard","meta":{"footnotes":""},"categories":[877],"tags":[271],"class_list":["post-4030","post","type-post","status-publish","format-standard","hentry","category-arquivo","tag-bobst"],"yoast_head":"<!-- This site is optimized with the Yoast SEO Premium plugin v27.1 (Yoast SEO v27.1.1) - https:\/\/yoast.com\/product\/yoast-seo-premium-wordpress\/ -->\n<title>Bobst Latinoamerica do Sul marca oficialmente a constru\u00e7\u00e3o de suas novas instala\u00e7\u00f5es em Itatiba, S\u00e3o Paulo - ProjetoPack<\/title>\n<meta name=\"description\" content=\"Confira o melhor conte\u00fado sobre tecnologia, design e gest\u00e3o de embalagens flex\u00edveis, r\u00f3tulos e impress\u00e3o.\" \/>\n<meta name=\"robots\" content=\"index, follow, max-snippet:-1, max-image-preview:large, max-video-preview:-1\" \/>\n<link rel=\"canonical\" href=\"https:\/\/projetopack.com.br\/en\/bobst-latinoamerica-do-sul-marca-oficialmente-construcao-de-suas-novas-instalacoes-em-itatiba-sao-paulo\/\" \/>\n<meta property=\"og:locale\" content=\"en_US\" \/>\n<meta property=\"og:type\" content=\"article\" \/>\n<meta property=\"og:title\" content=\"Bobst Latinoamerica do Sul marca oficialmente a constru\u00e7\u00e3o de suas novas instala\u00e7\u00f5es em Itatiba, S\u00e3o Paulo\" \/>\n<meta property=\"og:description\" content=\"Confira o melhor conte\u00fado sobre tecnologia, design e gest\u00e3o de embalagens flex\u00edveis, r\u00f3tulos e impress\u00e3o.\" \/>\n<meta property=\"og:url\" content=\"https:\/\/projetopack.com.br\/en\/bobst-latinoamerica-do-sul-marca-oficialmente-construcao-de-suas-novas-instalacoes-em-itatiba-sao-paulo\/\" \/>\n<meta property=\"og:site_name\" content=\"ProjetoPack\" \/>\n<meta property=\"article:published_time\" content=\"2019-09-20T15:25:42+00:00\" \/>\n<meta property=\"article:modified_time\" content=\"2021-09-11T19:31:43+00:00\" \/>\n<meta property=\"og:image\" content=\"https:\/\/projetopack.com.br\/wp-content\/uploads\/2019\/09\/bobst1-300x169.jpg\" \/>\n<meta name=\"author\" content=\"Andrea\" \/>\n<meta name=\"twitter:card\" content=\"summary_large_image\" \/>\n<meta name=\"twitter:creator\" content=\"@ProjetoPack\" \/>\n<meta name=\"twitter:site\" content=\"@ProjetoPack\" \/>\n<meta name=\"twitter:label1\" content=\"Written by\" \/>\n\t<meta name=\"twitter:data1\" content=\"Andrea\" \/>\n\t<meta name=\"twitter:label2\" content=\"Est. reading time\" \/>\n\t<meta name=\"twitter:data2\" content=\"4 minutes\" \/>\n<script type=\"application\/ld+json\" class=\"yoast-schema-graph\">{\"@context\":\"https:\/\/schema.org\",\"@graph\":[{\"@type\":\"Article\",\"@id\":\"https:\/\/projetopack.com.br\/en\/bobst-latinoamerica-do-sul-marca-oficialmente-construcao-de-suas-novas-instalacoes-em-itatiba-sao-paulo\/#article\",\"isPartOf\":{\"@id\":\"https:\/\/projetopack.com.br\/en\/bobst-latinoamerica-do-sul-marca-oficialmente-construcao-de-suas-novas-instalacoes-em-itatiba-sao-paulo\/\"},\"author\":{\"name\":\"Andrea\",\"@id\":\"https:\/\/projetopack.com.br\/#\/schema\/person\/d17c72a4bc2b7e461496dd8a14d4cef1\"},\"headline\":\"Bobst Latinoamerica do Sul marca oficialmente a constru\u00e7\u00e3o de suas novas instala\u00e7\u00f5es em Itatiba, S\u00e3o Paulo\",\"datePublished\":\"2019-09-20T15:25:42+00:00\",\"dateModified\":\"2021-09-11T19:31:43+00:00\",\"mainEntityOfPage\":{\"@id\":\"https:\/\/projetopack.com.br\/en\/bobst-latinoamerica-do-sul-marca-oficialmente-construcao-de-suas-novas-instalacoes-em-itatiba-sao-paulo\/\"},\"wordCount\":764,\"commentCount\":0,\"publisher\":{\"@id\":\"https:\/\/projetopack.com.br\/#organization\"},\"image\":{\"@id\":\"https:\/\/projetopack.com.br\/en\/bobst-latinoamerica-do-sul-marca-oficialmente-construcao-de-suas-novas-instalacoes-em-itatiba-sao-paulo\/#primaryimage\"},\"thumbnailUrl\":\"https:\/\/projetopack.com.br\/wp-content\/uploads\/2019\/09\/bobst1-300x169.jpg\",\"keywords\":[\"bobst\"],\"articleSection\":[\"Arquivo\"],\"inLanguage\":\"en-US\",\"potentialAction\":[{\"@type\":\"CommentAction\",\"name\":\"Comment\",\"target\":[\"https:\/\/projetopack.com.br\/en\/bobst-latinoamerica-do-sul-marca-oficialmente-construcao-de-suas-novas-instalacoes-em-itatiba-sao-paulo\/#respond\"]}]},{\"@type\":\"WebPage\",\"@id\":\"https:\/\/projetopack.com.br\/en\/bobst-latinoamerica-do-sul-marca-oficialmente-construcao-de-suas-novas-instalacoes-em-itatiba-sao-paulo\/\",\"url\":\"https:\/\/projetopack.com.br\/en\/bobst-latinoamerica-do-sul-marca-oficialmente-construcao-de-suas-novas-instalacoes-em-itatiba-sao-paulo\/\",\"name\":\"Bobst Latinoamerica do Sul marca oficialmente a constru\u00e7\u00e3o de suas novas instala\u00e7\u00f5es em Itatiba, S\u00e3o Paulo - ProjetoPack\",\"isPartOf\":{\"@id\":\"https:\/\/projetopack.com.br\/#website\"},\"primaryImageOfPage\":{\"@id\":\"https:\/\/projetopack.com.br\/en\/bobst-latinoamerica-do-sul-marca-oficialmente-construcao-de-suas-novas-instalacoes-em-itatiba-sao-paulo\/#primaryimage\"},\"image\":{\"@id\":\"https:\/\/projetopack.com.br\/en\/bobst-latinoamerica-do-sul-marca-oficialmente-construcao-de-suas-novas-instalacoes-em-itatiba-sao-paulo\/#primaryimage\"},\"thumbnailUrl\":\"https:\/\/projetopack.com.br\/wp-content\/uploads\/2019\/09\/bobst1-300x169.jpg\",\"datePublished\":\"2019-09-20T15:25:42+00:00\",\"dateModified\":\"2021-09-11T19:31:43+00:00\",\"description\":\"Confira o melhor conte\u00fado sobre tecnologia, design e gest\u00e3o de embalagens flex\u00edveis, r\u00f3tulos e impress\u00e3o.\",\"breadcrumb\":{\"@id\":\"https:\/\/projetopack.com.br\/en\/bobst-latinoamerica-do-sul-marca-oficialmente-construcao-de-suas-novas-instalacoes-em-itatiba-sao-paulo\/#breadcrumb\"},\"inLanguage\":\"en-US\",\"potentialAction\":[{\"@type\":\"ReadAction\",\"target\":[\"https:\/\/projetopack.com.br\/en\/bobst-latinoamerica-do-sul-marca-oficialmente-construcao-de-suas-novas-instalacoes-em-itatiba-sao-paulo\/\"]}]},{\"@type\":\"ImageObject\",\"inLanguage\":\"en-US\",\"@id\":\"https:\/\/projetopack.com.br\/en\/bobst-latinoamerica-do-sul-marca-oficialmente-construcao-de-suas-novas-instalacoes-em-itatiba-sao-paulo\/#primaryimage\",\"url\":\"https:\/\/projetopack.com.br\/wp-content\/uploads\/2019\/09\/bobst1-300x169.jpg\",\"contentUrl\":\"https:\/\/projetopack.com.br\/wp-content\/uploads\/2019\/09\/bobst1-300x169.jpg\"},{\"@type\":\"BreadcrumbList\",\"@id\":\"https:\/\/projetopack.com.br\/en\/bobst-latinoamerica-do-sul-marca-oficialmente-construcao-de-suas-novas-instalacoes-em-itatiba-sao-paulo\/#breadcrumb\",\"itemListElement\":[{\"@type\":\"ListItem\",\"position\":1,\"name\":\"P\u00e1gina Inicial\",\"item\":\"https:\/\/projetopack.com.br\/\"},{\"@type\":\"ListItem\",\"position\":2,\"name\":\"Arquivo\",\"item\":\"https:\/\/projetopack.com.br\/en\/category\/arquivo\/\"},{\"@type\":\"ListItem\",\"position\":3,\"name\":\"Bobst Latinoamerica do Sul marca oficialmente a constru\u00e7\u00e3o de suas novas instala\u00e7\u00f5es em Itatiba, S\u00e3o Paulo\"}]},{\"@type\":\"WebSite\",\"@id\":\"https:\/\/projetopack.com.br\/#website\",\"url\":\"https:\/\/projetopack.com.br\/\",\"name\":\"ProjetoPack\",\"description\":\"Consultoria e servi\u00e7os para embalagens, r\u00f3tulos, etiquetas e processos de impress\u00e3o\",\"publisher\":{\"@id\":\"https:\/\/projetopack.com.br\/#organization\"},\"potentialAction\":[{\"@type\":\"SearchAction\",\"target\":{\"@type\":\"EntryPoint\",\"urlTemplate\":\"https:\/\/projetopack.com.br\/?s={search_term_string}\"},\"query-input\":{\"@type\":\"PropertyValueSpecification\",\"valueRequired\":true,\"valueName\":\"search_term_string\"}}],\"inLanguage\":\"en-US\"},{\"@type\":\"Organization\",\"@id\":\"https:\/\/projetopack.com.br\/#organization\",\"name\":\"ProjetoPack & Associados\",\"url\":\"https:\/\/projetopack.com.br\/\",\"logo\":{\"@type\":\"ImageObject\",\"inLanguage\":\"en-US\",\"@id\":\"https:\/\/projetopack.com.br\/#\/schema\/logo\/image\/\",\"url\":\"https:\/\/projetopack.com.br\/wp-content\/uploads\/2020\/09\/projetopack.png\",\"contentUrl\":\"https:\/\/projetopack.com.br\/wp-content\/uploads\/2020\/09\/projetopack.png\",\"width\":200,\"height\":200,\"caption\":\"ProjetoPack & Associados\"},\"image\":{\"@id\":\"https:\/\/projetopack.com.br\/#\/schema\/logo\/image\/\"},\"sameAs\":[\"https:\/\/x.com\/ProjetoPack\",\"https:\/\/www.linkedin.com\/company\/projetopack\/\"]},{\"@type\":\"Person\",\"@id\":\"https:\/\/projetopack.com.br\/#\/schema\/person\/d17c72a4bc2b7e461496dd8a14d4cef1\",\"name\":\"Andrea\",\"image\":{\"@type\":\"ImageObject\",\"inLanguage\":\"en-US\",\"@id\":\"https:\/\/projetopack.com.br\/#\/schema\/person\/image\/\",\"url\":\"https:\/\/projetopack.com.br\/wp-content\/uploads\/2026\/03\/eu-150x150.jpg\",\"contentUrl\":\"https:\/\/projetopack.com.br\/wp-content\/uploads\/2026\/03\/eu-150x150.jpg\",\"caption\":\"Andrea\"},\"url\":\"https:\/\/projetopack.com.br\/en\/author\/andrea\/\"}]}<\/script>\n<!-- \/ Yoast SEO Premium plugin. -->","yoast_head_json":{"title":"Bobst Latinoamerica do Sul marca oficialmente a constru\u00e7\u00e3o de suas novas instala\u00e7\u00f5es em Itatiba, S\u00e3o Paulo - ProjetoPack","description":"Confira o melhor conte\u00fado sobre tecnologia, design e gest\u00e3o de embalagens flex\u00edveis, r\u00f3tulos e impress\u00e3o.","robots":{"index":"index","follow":"follow","max-snippet":"max-snippet:-1","max-image-preview":"max-image-preview:large","max-video-preview":"max-video-preview:-1"},"canonical":"https:\/\/projetopack.com.br\/en\/bobst-latinoamerica-do-sul-marca-oficialmente-construcao-de-suas-novas-instalacoes-em-itatiba-sao-paulo\/","og_locale":"en_US","og_type":"article","og_title":"Bobst Latinoamerica do Sul marca oficialmente a constru\u00e7\u00e3o de suas novas instala\u00e7\u00f5es em Itatiba, S\u00e3o Paulo","og_description":"Confira o melhor conte\u00fado sobre tecnologia, design e gest\u00e3o de embalagens flex\u00edveis, r\u00f3tulos e impress\u00e3o.","og_url":"https:\/\/projetopack.com.br\/en\/bobst-latinoamerica-do-sul-marca-oficialmente-construcao-de-suas-novas-instalacoes-em-itatiba-sao-paulo\/","og_site_name":"ProjetoPack","article_published_time":"2019-09-20T15:25:42+00:00","article_modified_time":"2021-09-11T19:31:43+00:00","og_image":[{"url":"https:\/\/projetopack.com.br\/wp-content\/uploads\/2019\/09\/bobst1-300x169.jpg","type":"","width":"","height":""}],"author":"Andrea","twitter_card":"summary_large_image","twitter_creator":"@ProjetoPack","twitter_site":"@ProjetoPack","twitter_misc":{"Written by":"Andrea","Est. reading time":"4 minutes"},"schema":{"@context":"https:\/\/schema.org","@graph":[{"@type":"Article","@id":"https:\/\/projetopack.com.br\/en\/bobst-latinoamerica-do-sul-marca-oficialmente-construcao-de-suas-novas-instalacoes-em-itatiba-sao-paulo\/#article","isPartOf":{"@id":"https:\/\/projetopack.com.br\/en\/bobst-latinoamerica-do-sul-marca-oficialmente-construcao-de-suas-novas-instalacoes-em-itatiba-sao-paulo\/"},"author":{"name":"Andrea","@id":"https:\/\/projetopack.com.br\/#\/schema\/person\/d17c72a4bc2b7e461496dd8a14d4cef1"},"headline":"Bobst Latinoamerica do Sul marca oficialmente a constru\u00e7\u00e3o de suas novas instala\u00e7\u00f5es em Itatiba, S\u00e3o Paulo","datePublished":"2019-09-20T15:25:42+00:00","dateModified":"2021-09-11T19:31:43+00:00","mainEntityOfPage":{"@id":"https:\/\/projetopack.com.br\/en\/bobst-latinoamerica-do-sul-marca-oficialmente-construcao-de-suas-novas-instalacoes-em-itatiba-sao-paulo\/"},"wordCount":764,"commentCount":0,"publisher":{"@id":"https:\/\/projetopack.com.br\/#organization"},"image":{"@id":"https:\/\/projetopack.com.br\/en\/bobst-latinoamerica-do-sul-marca-oficialmente-construcao-de-suas-novas-instalacoes-em-itatiba-sao-paulo\/#primaryimage"},"thumbnailUrl":"https:\/\/projetopack.com.br\/wp-content\/uploads\/2019\/09\/bobst1-300x169.jpg","keywords":["bobst"],"articleSection":["Arquivo"],"inLanguage":"en-US","potentialAction":[{"@type":"CommentAction","name":"Comment","target":["https:\/\/projetopack.com.br\/en\/bobst-latinoamerica-do-sul-marca-oficialmente-construcao-de-suas-novas-instalacoes-em-itatiba-sao-paulo\/#respond"]}]},{"@type":"WebPage","@id":"https:\/\/projetopack.com.br\/en\/bobst-latinoamerica-do-sul-marca-oficialmente-construcao-de-suas-novas-instalacoes-em-itatiba-sao-paulo\/","url":"https:\/\/projetopack.com.br\/en\/bobst-latinoamerica-do-sul-marca-oficialmente-construcao-de-suas-novas-instalacoes-em-itatiba-sao-paulo\/","name":"Bobst Latinoamerica do Sul marca oficialmente a constru\u00e7\u00e3o de suas novas instala\u00e7\u00f5es em Itatiba, S\u00e3o Paulo - ProjetoPack","isPartOf":{"@id":"https:\/\/projetopack.com.br\/#website"},"primaryImageOfPage":{"@id":"https:\/\/projetopack.com.br\/en\/bobst-latinoamerica-do-sul-marca-oficialmente-construcao-de-suas-novas-instalacoes-em-itatiba-sao-paulo\/#primaryimage"},"image":{"@id":"https:\/\/projetopack.com.br\/en\/bobst-latinoamerica-do-sul-marca-oficialmente-construcao-de-suas-novas-instalacoes-em-itatiba-sao-paulo\/#primaryimage"},"thumbnailUrl":"https:\/\/projetopack.com.br\/wp-content\/uploads\/2019\/09\/bobst1-300x169.jpg","datePublished":"2019-09-20T15:25:42+00:00","dateModified":"2021-09-11T19:31:43+00:00","description":"Confira o melhor conte\u00fado sobre tecnologia, design e gest\u00e3o de embalagens flex\u00edveis, r\u00f3tulos e impress\u00e3o.","breadcrumb":{"@id":"https:\/\/projetopack.com.br\/en\/bobst-latinoamerica-do-sul-marca-oficialmente-construcao-de-suas-novas-instalacoes-em-itatiba-sao-paulo\/#breadcrumb"},"inLanguage":"en-US","potentialAction":[{"@type":"ReadAction","target":["https:\/\/projetopack.com.br\/en\/bobst-latinoamerica-do-sul-marca-oficialmente-construcao-de-suas-novas-instalacoes-em-itatiba-sao-paulo\/"]}]},{"@type":"ImageObject","inLanguage":"en-US","@id":"https:\/\/projetopack.com.br\/en\/bobst-latinoamerica-do-sul-marca-oficialmente-construcao-de-suas-novas-instalacoes-em-itatiba-sao-paulo\/#primaryimage","url":"https:\/\/projetopack.com.br\/wp-content\/uploads\/2019\/09\/bobst1-300x169.jpg","contentUrl":"https:\/\/projetopack.com.br\/wp-content\/uploads\/2019\/09\/bobst1-300x169.jpg"},{"@type":"BreadcrumbList","@id":"https:\/\/projetopack.com.br\/en\/bobst-latinoamerica-do-sul-marca-oficialmente-construcao-de-suas-novas-instalacoes-em-itatiba-sao-paulo\/#breadcrumb","itemListElement":[{"@type":"ListItem","position":1,"name":"P\u00e1gina Inicial","item":"https:\/\/projetopack.com.br\/"},{"@type":"ListItem","position":2,"name":"Arquivo","item":"https:\/\/projetopack.com.br\/en\/category\/arquivo\/"},{"@type":"ListItem","position":3,"name":"Bobst Latinoamerica do Sul marca oficialmente a constru\u00e7\u00e3o de suas novas instala\u00e7\u00f5es em Itatiba, S\u00e3o Paulo"}]},{"@type":"WebSite","@id":"https:\/\/projetopack.com.br\/#website","url":"https:\/\/projetopack.com.br\/","name":"ProjetoPack","description":"Consultoria e servi\u00e7os para embalagens, r\u00f3tulos, etiquetas e processos de impress\u00e3o","publisher":{"@id":"https:\/\/projetopack.com.br\/#organization"},"potentialAction":[{"@type":"SearchAction","target":{"@type":"EntryPoint","urlTemplate":"https:\/\/projetopack.com.br\/?s={search_term_string}"},"query-input":{"@type":"PropertyValueSpecification","valueRequired":true,"valueName":"search_term_string"}}],"inLanguage":"en-US"},{"@type":"Organization","@id":"https:\/\/projetopack.com.br\/#organization","name":"ProjetoPack & Associados","url":"https:\/\/projetopack.com.br\/","logo":{"@type":"ImageObject","inLanguage":"en-US","@id":"https:\/\/projetopack.com.br\/#\/schema\/logo\/image\/","url":"https:\/\/projetopack.com.br\/wp-content\/uploads\/2020\/09\/projetopack.png","contentUrl":"https:\/\/projetopack.com.br\/wp-content\/uploads\/2020\/09\/projetopack.png","width":200,"height":200,"caption":"ProjetoPack & Associados"},"image":{"@id":"https:\/\/projetopack.com.br\/#\/schema\/logo\/image\/"},"sameAs":["https:\/\/x.com\/ProjetoPack","https:\/\/www.linkedin.com\/company\/projetopack\/"]},{"@type":"Person","@id":"https:\/\/projetopack.com.br\/#\/schema\/person\/d17c72a4bc2b7e461496dd8a14d4cef1","name":"Andrea","image":{"@type":"ImageObject","inLanguage":"en-US","@id":"https:\/\/projetopack.com.br\/#\/schema\/person\/image\/","url":"https:\/\/projetopack.com.br\/wp-content\/uploads\/2026\/03\/eu-150x150.jpg","contentUrl":"https:\/\/projetopack.com.br\/wp-content\/uploads\/2026\/03\/eu-150x150.jpg","caption":"Andrea"},"url":"https:\/\/projetopack.com.br\/en\/author\/andrea\/"}]}},"_links":{"self":[{"href":"https:\/\/projetopack.com.br\/en\/wp-json\/wp\/v2\/posts\/4030","targetHints":{"allow":["GET"]}}],"collection":[{"href":"https:\/\/projetopack.com.br\/en\/wp-json\/wp\/v2\/posts"}],"about":[{"href":"https:\/\/projetopack.com.br\/en\/wp-json\/wp\/v2\/types\/post"}],"author":[{"embeddable":true,"href":"https:\/\/projetopack.com.br\/en\/wp-json\/wp\/v2\/users\/18"}],"replies":[{"embeddable":true,"href":"https:\/\/projetopack.com.br\/en\/wp-json\/wp\/v2\/comments?post=4030"}],"version-history":[{"count":0,"href":"https:\/\/projetopack.com.br\/en\/wp-json\/wp\/v2\/posts\/4030\/revisions"}],"wp:attachment":[{"href":"https:\/\/projetopack.com.br\/en\/wp-json\/wp\/v2\/media?parent=4030"}],"wp:term":[{"taxonomy":"category","embeddable":true,"href":"https:\/\/projetopack.com.br\/en\/wp-json\/wp\/v2\/categories?post=4030"},{"taxonomy":"post_tag","embeddable":true,"href":"https:\/\/projetopack.com.br\/en\/wp-json\/wp\/v2\/tags?post=4030"}],"curies":[{"name":"wp","href":"https:\/\/api.w.org\/{rel}","templated":true}]}}