{"id":4042,"date":"2019-09-24T17:48:54","date_gmt":"2019-09-24T20:48:54","guid":{"rendered":"https:\/\/www.projetopack.com.br\/2020\/?p=4042"},"modified":"2021-09-11T16:55:49","modified_gmt":"2021-09-11T19:55:49","slug":"sunnyvale-leva-empresarios-brasileiros-para-visita-tecnica-em-empresa-de-rotulos-na-belgica","status":"publish","type":"post","link":"https:\/\/projetopack.com.br\/en\/sunnyvale-leva-empresarios-brasileiros-para-visita-tecnica-em-empresa-de-rotulos-na-belgica\/","title":{"rendered":"Sunnyvale leva empres\u00e1rios brasileiros para visita t\u00e9cnica em empresa de r\u00f3tulos na B\u00e9lgica"},"content":{"rendered":"<h4 style=\"text-align: center;\">\n<em>O grupo p\u00f4de conhecer mais sobre a ASQ Labels, uma das principais empresas impressoras de r\u00f3tulos e etiquetas da Europa, e conferir a qualidade da plataforma digital Domino N610i e K600i em opera\u00e7\u00e3o na companhia<\/em><\/h4>\n<p>&nbsp;<\/p>\n<p>De 24 a 27 de setembro Bruxelas, capital da B\u00e9lgica, torna-se o centro mundial do mercado de label devido \u00e0 realiza\u00e7\u00e3o de mais uma edi\u00e7\u00e3o da <strong>Labelexpo Europe<\/strong>.<\/p>\n<p>Contudo, antes mesmo de o evento come\u00e7ar, a <strong>Sunnyvale<\/strong>, que marca presen\u00e7a na feira no stand da Domino, sua parceira comercial no pa\u00eds, apresentou novidades para os empres\u00e1rios brasileiros que viajaram \u00e0 Europa.<\/p>\n<p>Um grupo de empres\u00e1rios do Brasil teve a oportunidade de conhecer de perto uma das principais gr\u00e1ficas de r\u00f3tulos autoadesivos e etiquetas da Europa, a <strong>ASQ Labels<\/strong>, sediada em Wellen, em um tour tecnol\u00f3gico acompanhado por Roberto Pereira, supervisor de vendas da Sunnyvale para as solu\u00e7\u00f5es de impress\u00e3o Domino para label, com apoio da Lisboa Turismo e da Abiea (Associa\u00e7\u00e3o Brasileira das Ind\u00fastrias de Etiquetas e R\u00f3tulos Adesivos).<\/p>\n<p>Ao longo da tarde do dia 23, o grupo visitou as instala\u00e7\u00f5es da ASQ Labels, e, entre outros t\u00f3picos inclusos na programa\u00e7\u00e3o, p\u00f4de conferir de perto o funcionamento da impressora digital para r\u00f3tulos <strong>Domino N610i<\/strong> (em opera\u00e7\u00e3o na gr\u00e1fica desde 2014) e a <strong>K600i<\/strong>, usada para impress\u00e3o de dados vari\u00e1veis na cor preta, instalada em um equipamento offline. Separados em tr\u00eas grupos de dez pessoas aproximadamente, os empres\u00e1rios puderam, ainda, esclarecer d\u00favidas e conferir a qualidade de impress\u00e3o dos equipamentos.<\/p>\n<p>A ASQ Labels possui 25 anos de mercado, combinando tradi\u00e7\u00e3o, investimento em tecnologia de ponta e alta qualidade na produ\u00e7\u00e3o de r\u00f3tulos autoadesivos, atendendo todo o mercado europeu.<\/p>\n<p>\u201cFoi um momento de imers\u00e3o em muita tecnologia no qual os empres\u00e1rios puderam conferir a alta qualidade e possibilidades de aplica\u00e7\u00f5es das solu\u00e7\u00f5es de impress\u00e3o digital da Domino\u201d, disse Roberto.<\/p>\n<p><strong>Impress\u00e3o<\/strong><\/p>\n<p>A Domino K600i ser\u00e1 um dos grandes destaques da empresa na Labelexpo Europe 2019. Na ocasi\u00e3o, ser\u00e1 apresentado o equipamento em configura\u00e7\u00e3o \u201cdoble bar\u201d (barra dupla de impress\u00e3o) que conta com 455 mm de largura e que, na feira, estar\u00e1 integrada a um m\u00f3dulo de slitter, rebobina\u00e7\u00e3o e inspe\u00e7\u00e3o.<\/p>\n<p>Sua arquitetura \u00e9 baseada na mesma plataforma utilizada no equipamento de barra individual K600i e na impressora digital multicolor Domino N610i, que possuem mais de 600 instala\u00e7\u00f5es em todo o mundo.<\/p>\n<p>Contudo, agora, a configura\u00e7\u00e3o com duas barras permite dobrar a velocidade de impress\u00e3o, a um custo ainda menor &#8211; o equipamento permitir\u00e1 imprimir a 150 m\/min a 600&#215;600 dpi, assegurando imagens de alta qualidade e defini\u00e7\u00e3o para produzir r\u00f3tulos com os mais elevados n\u00edveis de exig\u00eancia.<\/p>\n<p>Por sua vez, a Domino N610i \u00e9 equipamento digital colorido para produ\u00e7\u00e3o de r\u00f3tulos com&nbsp; configura\u00e7\u00e3o rolo a rolo, sistema de impress\u00e3o para at\u00e9 sete cores, capacidade para m\u00eddias de at\u00e9 330 mm de largura, velocidade estimada de at\u00e9 70 metros\/minuto, e opera\u00e7\u00e3o extremamente automatizada, a qual reduz a necessidade de interven\u00e7\u00f5es manuais do operador para ajustes e limpeza, minimizando, assim, erros operacionais humanos. Um dos exemplos dos recursos automatizados do equipamento \u00e9 o sistema de limpeza inteligente I-Tech CleanCap, por meio do qual s\u00e3o realizadas automaticamente a limpeza e selagem de todos os cabe\u00e7otes ap\u00f3s uso.<\/p>\n<p>A N610i oferece resolu\u00e7\u00e3o de 600&#215;600 dpi, o que assegura a impress\u00e3o de imagens com detalhes e tra\u00e7ados de alta qualidade, indo ao encontro das demandas mais exigentes do mercado de r\u00f3tulos no mundo todo (inclusive, no Brasil). Al\u00e9m da resolu\u00e7\u00e3o, essa qualidade tamb\u00e9m \u00e9 garantida pelo inovador sistema ActiFlow, que promove a circula\u00e7\u00e3o constante da tinta, fazendo com que esta fique em uma temperatura constante, otimizando assim a performance e os resultados visuais dos impressos.<\/p>\n<p>Tamb\u00e9m merece destaque o sistema i-Tech StitchLink, que calibra automaticamente os cabe\u00e7otes usando controladores de micromotores para um alinhamento preciso dos conjuntos de jatos de impress\u00e3o em n\u00edveis de precis\u00e3o milim\u00e9tricos. Isso permite que se tenha uma impress\u00e3o perfeita, sem linha de jun\u00e7\u00e3o vis\u00edvel.<\/p>\n<p><img fetchpriority=\"high\" decoding=\"async\" class=\"aligncenter size-medium wp-image-4043\" src=\"https:\/\/projetopack.com.br\/wp-content\/uploads\/2019\/09\/Sunnyvale_B\u00e9lgica-300x225.jpg\" alt=\"\" width=\"300\" height=\"225\"><\/p>\n<h6><\/h6>\n<h6>Fonte: PARLA! Assessoria &#8211; Paulo Stucchi &#8211; tel: 11 3413-4416<\/h6>","protected":false},"excerpt":{"rendered":"<p>Um grupo de empres\u00e1rios do Brasil teve a oportunidade de conhecer de perto uma das principais gr\u00e1ficas de r\u00f3tulos autoadesivos e etiquetas da Europa, a ASQ Labels, sediada em Wellen, em um tour tecnol\u00f3gico acompanhado por Roberto Pereira, supervisor de vendas da Sunnyvale para as solu\u00e7\u00f5es de impress\u00e3o Domino para label, com apoio da Lisboa Turismo e da Abiea (Associa\u00e7\u00e3o Brasileira das Ind\u00fastrias de Etiquetas e R\u00f3tulos Adesivos).<\/p>","protected":false},"author":18,"featured_media":0,"comment_status":"open","ping_status":"open","sticky":false,"template":"","format":"standard","meta":{"footnotes":""},"categories":[877],"tags":[291,292,168],"class_list":["post-4042","post","type-post","status-publish","format-standard","hentry","category-arquivo","tag-asq-labels","tag-labelexpo-europe","tag-sunnyvale"],"yoast_head":"<!-- This site is optimized with the Yoast SEO Premium plugin v27.1 (Yoast SEO v27.1.1) - https:\/\/yoast.com\/product\/yoast-seo-premium-wordpress\/ -->\n<title>Sunnyvale leva empres\u00e1rios brasileiros para visita t\u00e9cnica em empresa de r\u00f3tulos na B\u00e9lgica - ProjetoPack<\/title>\n<meta name=\"description\" content=\"Confira o melhor conte\u00fado sobre tecnologia, design e gest\u00e3o de embalagens flex\u00edveis, r\u00f3tulos e impress\u00e3o.\" \/>\n<meta name=\"robots\" content=\"index, follow, max-snippet:-1, max-image-preview:large, max-video-preview:-1\" \/>\n<link rel=\"canonical\" href=\"https:\/\/projetopack.com.br\/en\/sunnyvale-leva-empresarios-brasileiros-para-visita-tecnica-em-empresa-de-rotulos-na-belgica\/\" \/>\n<meta property=\"og:locale\" content=\"en_US\" \/>\n<meta property=\"og:type\" content=\"article\" \/>\n<meta property=\"og:title\" content=\"Sunnyvale leva empres\u00e1rios brasileiros para visita t\u00e9cnica em empresa de r\u00f3tulos na B\u00e9lgica\" \/>\n<meta property=\"og:description\" content=\"Confira o melhor conte\u00fado sobre tecnologia, design e gest\u00e3o de embalagens flex\u00edveis, r\u00f3tulos e impress\u00e3o.\" \/>\n<meta property=\"og:url\" content=\"https:\/\/projetopack.com.br\/en\/sunnyvale-leva-empresarios-brasileiros-para-visita-tecnica-em-empresa-de-rotulos-na-belgica\/\" \/>\n<meta property=\"og:site_name\" content=\"ProjetoPack\" \/>\n<meta property=\"article:published_time\" content=\"2019-09-24T20:48:54+00:00\" \/>\n<meta property=\"article:modified_time\" content=\"2021-09-11T19:55:49+00:00\" \/>\n<meta property=\"og:image\" content=\"https:\/\/projetopack.com.br\/wp-content\/uploads\/2019\/09\/Sunnyvale_B\u00e9lgica-300x225.jpg\" \/>\n<meta name=\"author\" content=\"Andrea\" \/>\n<meta name=\"twitter:card\" content=\"summary_large_image\" \/>\n<meta name=\"twitter:creator\" content=\"@ProjetoPack\" \/>\n<meta name=\"twitter:site\" content=\"@ProjetoPack\" \/>\n<meta name=\"twitter:label1\" content=\"Written by\" \/>\n\t<meta name=\"twitter:data1\" content=\"Andrea\" \/>\n\t<meta name=\"twitter:label2\" content=\"Est. reading time\" \/>\n\t<meta name=\"twitter:data2\" content=\"4 minutes\" \/>\n<script type=\"application\/ld+json\" class=\"yoast-schema-graph\">{\"@context\":\"https:\/\/schema.org\",\"@graph\":[{\"@type\":\"Article\",\"@id\":\"https:\/\/projetopack.com.br\/en\/sunnyvale-leva-empresarios-brasileiros-para-visita-tecnica-em-empresa-de-rotulos-na-belgica\/#article\",\"isPartOf\":{\"@id\":\"https:\/\/projetopack.com.br\/en\/sunnyvale-leva-empresarios-brasileiros-para-visita-tecnica-em-empresa-de-rotulos-na-belgica\/\"},\"author\":{\"name\":\"Andrea\",\"@id\":\"https:\/\/projetopack.com.br\/#\/schema\/person\/d17c72a4bc2b7e461496dd8a14d4cef1\"},\"headline\":\"Sunnyvale leva empres\u00e1rios brasileiros para visita t\u00e9cnica em empresa de r\u00f3tulos na B\u00e9lgica\",\"datePublished\":\"2019-09-24T20:48:54+00:00\",\"dateModified\":\"2021-09-11T19:55:49+00:00\",\"mainEntityOfPage\":{\"@id\":\"https:\/\/projetopack.com.br\/en\/sunnyvale-leva-empresarios-brasileiros-para-visita-tecnica-em-empresa-de-rotulos-na-belgica\/\"},\"wordCount\":749,\"commentCount\":0,\"publisher\":{\"@id\":\"https:\/\/projetopack.com.br\/#organization\"},\"keywords\":[\"ASQ Labels\",\"Labelexpo Europe\",\"sunnyvale\"],\"articleSection\":[\"Arquivo\"],\"inLanguage\":\"en-US\",\"potentialAction\":[{\"@type\":\"CommentAction\",\"name\":\"Comment\",\"target\":[\"https:\/\/projetopack.com.br\/en\/sunnyvale-leva-empresarios-brasileiros-para-visita-tecnica-em-empresa-de-rotulos-na-belgica\/#respond\"]}]},{\"@type\":\"WebPage\",\"@id\":\"https:\/\/projetopack.com.br\/en\/sunnyvale-leva-empresarios-brasileiros-para-visita-tecnica-em-empresa-de-rotulos-na-belgica\/\",\"url\":\"https:\/\/projetopack.com.br\/en\/sunnyvale-leva-empresarios-brasileiros-para-visita-tecnica-em-empresa-de-rotulos-na-belgica\/\",\"name\":\"Sunnyvale leva empres\u00e1rios brasileiros para visita t\u00e9cnica em empresa de r\u00f3tulos na B\u00e9lgica - ProjetoPack\",\"isPartOf\":{\"@id\":\"https:\/\/projetopack.com.br\/#website\"},\"datePublished\":\"2019-09-24T20:48:54+00:00\",\"dateModified\":\"2021-09-11T19:55:49+00:00\",\"description\":\"Confira o melhor conte\u00fado sobre tecnologia, design e gest\u00e3o de embalagens flex\u00edveis, r\u00f3tulos e impress\u00e3o.\",\"breadcrumb\":{\"@id\":\"https:\/\/projetopack.com.br\/en\/sunnyvale-leva-empresarios-brasileiros-para-visita-tecnica-em-empresa-de-rotulos-na-belgica\/#breadcrumb\"},\"inLanguage\":\"en-US\",\"potentialAction\":[{\"@type\":\"ReadAction\",\"target\":[\"https:\/\/projetopack.com.br\/en\/sunnyvale-leva-empresarios-brasileiros-para-visita-tecnica-em-empresa-de-rotulos-na-belgica\/\"]}]},{\"@type\":\"BreadcrumbList\",\"@id\":\"https:\/\/projetopack.com.br\/en\/sunnyvale-leva-empresarios-brasileiros-para-visita-tecnica-em-empresa-de-rotulos-na-belgica\/#breadcrumb\",\"itemListElement\":[{\"@type\":\"ListItem\",\"position\":1,\"name\":\"P\u00e1gina Inicial\",\"item\":\"https:\/\/projetopack.com.br\/\"},{\"@type\":\"ListItem\",\"position\":2,\"name\":\"Arquivo\",\"item\":\"https:\/\/projetopack.com.br\/en\/category\/arquivo\/\"},{\"@type\":\"ListItem\",\"position\":3,\"name\":\"Sunnyvale leva empres\u00e1rios brasileiros para visita t\u00e9cnica em empresa de r\u00f3tulos na B\u00e9lgica\"}]},{\"@type\":\"WebSite\",\"@id\":\"https:\/\/projetopack.com.br\/#website\",\"url\":\"https:\/\/projetopack.com.br\/\",\"name\":\"ProjetoPack\",\"description\":\"Consultoria e servi\u00e7os para embalagens, r\u00f3tulos, etiquetas e processos de impress\u00e3o\",\"publisher\":{\"@id\":\"https:\/\/projetopack.com.br\/#organization\"},\"potentialAction\":[{\"@type\":\"SearchAction\",\"target\":{\"@type\":\"EntryPoint\",\"urlTemplate\":\"https:\/\/projetopack.com.br\/?s={search_term_string}\"},\"query-input\":{\"@type\":\"PropertyValueSpecification\",\"valueRequired\":true,\"valueName\":\"search_term_string\"}}],\"inLanguage\":\"en-US\"},{\"@type\":\"Organization\",\"@id\":\"https:\/\/projetopack.com.br\/#organization\",\"name\":\"ProjetoPack & Associados\",\"url\":\"https:\/\/projetopack.com.br\/\",\"logo\":{\"@type\":\"ImageObject\",\"inLanguage\":\"en-US\",\"@id\":\"https:\/\/projetopack.com.br\/#\/schema\/logo\/image\/\",\"url\":\"https:\/\/projetopack.com.br\/wp-content\/uploads\/2020\/09\/projetopack.png\",\"contentUrl\":\"https:\/\/projetopack.com.br\/wp-content\/uploads\/2020\/09\/projetopack.png\",\"width\":200,\"height\":200,\"caption\":\"ProjetoPack & Associados\"},\"image\":{\"@id\":\"https:\/\/projetopack.com.br\/#\/schema\/logo\/image\/\"},\"sameAs\":[\"https:\/\/x.com\/ProjetoPack\",\"https:\/\/www.linkedin.com\/company\/projetopack\/\"]},{\"@type\":\"Person\",\"@id\":\"https:\/\/projetopack.com.br\/#\/schema\/person\/d17c72a4bc2b7e461496dd8a14d4cef1\",\"name\":\"Andrea\",\"image\":{\"@type\":\"ImageObject\",\"inLanguage\":\"en-US\",\"@id\":\"https:\/\/projetopack.com.br\/#\/schema\/person\/image\/\",\"url\":\"https:\/\/projetopack.com.br\/wp-content\/uploads\/2026\/03\/eu-150x150.jpg\",\"contentUrl\":\"https:\/\/projetopack.com.br\/wp-content\/uploads\/2026\/03\/eu-150x150.jpg\",\"caption\":\"Andrea\"},\"url\":\"https:\/\/projetopack.com.br\/en\/author\/andrea\/\"}]}<\/script>\n<!-- \/ Yoast SEO Premium plugin. -->","yoast_head_json":{"title":"Sunnyvale leva empres\u00e1rios brasileiros para visita t\u00e9cnica em empresa de r\u00f3tulos na B\u00e9lgica - ProjetoPack","description":"Confira o melhor conte\u00fado sobre tecnologia, design e gest\u00e3o de embalagens flex\u00edveis, r\u00f3tulos e impress\u00e3o.","robots":{"index":"index","follow":"follow","max-snippet":"max-snippet:-1","max-image-preview":"max-image-preview:large","max-video-preview":"max-video-preview:-1"},"canonical":"https:\/\/projetopack.com.br\/en\/sunnyvale-leva-empresarios-brasileiros-para-visita-tecnica-em-empresa-de-rotulos-na-belgica\/","og_locale":"en_US","og_type":"article","og_title":"Sunnyvale leva empres\u00e1rios brasileiros para visita t\u00e9cnica em empresa de r\u00f3tulos na B\u00e9lgica","og_description":"Confira o melhor conte\u00fado sobre tecnologia, design e gest\u00e3o de embalagens flex\u00edveis, r\u00f3tulos e impress\u00e3o.","og_url":"https:\/\/projetopack.com.br\/en\/sunnyvale-leva-empresarios-brasileiros-para-visita-tecnica-em-empresa-de-rotulos-na-belgica\/","og_site_name":"ProjetoPack","article_published_time":"2019-09-24T20:48:54+00:00","article_modified_time":"2021-09-11T19:55:49+00:00","og_image":[{"url":"https:\/\/projetopack.com.br\/wp-content\/uploads\/2019\/09\/Sunnyvale_B\u00e9lgica-300x225.jpg","type":"","width":"","height":""}],"author":"Andrea","twitter_card":"summary_large_image","twitter_creator":"@ProjetoPack","twitter_site":"@ProjetoPack","twitter_misc":{"Written by":"Andrea","Est. reading time":"4 minutes"},"schema":{"@context":"https:\/\/schema.org","@graph":[{"@type":"Article","@id":"https:\/\/projetopack.com.br\/en\/sunnyvale-leva-empresarios-brasileiros-para-visita-tecnica-em-empresa-de-rotulos-na-belgica\/#article","isPartOf":{"@id":"https:\/\/projetopack.com.br\/en\/sunnyvale-leva-empresarios-brasileiros-para-visita-tecnica-em-empresa-de-rotulos-na-belgica\/"},"author":{"name":"Andrea","@id":"https:\/\/projetopack.com.br\/#\/schema\/person\/d17c72a4bc2b7e461496dd8a14d4cef1"},"headline":"Sunnyvale leva empres\u00e1rios brasileiros para visita t\u00e9cnica em empresa de r\u00f3tulos na B\u00e9lgica","datePublished":"2019-09-24T20:48:54+00:00","dateModified":"2021-09-11T19:55:49+00:00","mainEntityOfPage":{"@id":"https:\/\/projetopack.com.br\/en\/sunnyvale-leva-empresarios-brasileiros-para-visita-tecnica-em-empresa-de-rotulos-na-belgica\/"},"wordCount":749,"commentCount":0,"publisher":{"@id":"https:\/\/projetopack.com.br\/#organization"},"keywords":["ASQ Labels","Labelexpo Europe","sunnyvale"],"articleSection":["Arquivo"],"inLanguage":"en-US","potentialAction":[{"@type":"CommentAction","name":"Comment","target":["https:\/\/projetopack.com.br\/en\/sunnyvale-leva-empresarios-brasileiros-para-visita-tecnica-em-empresa-de-rotulos-na-belgica\/#respond"]}]},{"@type":"WebPage","@id":"https:\/\/projetopack.com.br\/en\/sunnyvale-leva-empresarios-brasileiros-para-visita-tecnica-em-empresa-de-rotulos-na-belgica\/","url":"https:\/\/projetopack.com.br\/en\/sunnyvale-leva-empresarios-brasileiros-para-visita-tecnica-em-empresa-de-rotulos-na-belgica\/","name":"Sunnyvale leva empres\u00e1rios brasileiros para visita t\u00e9cnica em empresa de r\u00f3tulos na B\u00e9lgica - ProjetoPack","isPartOf":{"@id":"https:\/\/projetopack.com.br\/#website"},"datePublished":"2019-09-24T20:48:54+00:00","dateModified":"2021-09-11T19:55:49+00:00","description":"Confira o melhor conte\u00fado sobre tecnologia, design e gest\u00e3o de embalagens flex\u00edveis, r\u00f3tulos e impress\u00e3o.","breadcrumb":{"@id":"https:\/\/projetopack.com.br\/en\/sunnyvale-leva-empresarios-brasileiros-para-visita-tecnica-em-empresa-de-rotulos-na-belgica\/#breadcrumb"},"inLanguage":"en-US","potentialAction":[{"@type":"ReadAction","target":["https:\/\/projetopack.com.br\/en\/sunnyvale-leva-empresarios-brasileiros-para-visita-tecnica-em-empresa-de-rotulos-na-belgica\/"]}]},{"@type":"BreadcrumbList","@id":"https:\/\/projetopack.com.br\/en\/sunnyvale-leva-empresarios-brasileiros-para-visita-tecnica-em-empresa-de-rotulos-na-belgica\/#breadcrumb","itemListElement":[{"@type":"ListItem","position":1,"name":"P\u00e1gina Inicial","item":"https:\/\/projetopack.com.br\/"},{"@type":"ListItem","position":2,"name":"Arquivo","item":"https:\/\/projetopack.com.br\/en\/category\/arquivo\/"},{"@type":"ListItem","position":3,"name":"Sunnyvale leva empres\u00e1rios brasileiros para visita t\u00e9cnica em empresa de r\u00f3tulos na B\u00e9lgica"}]},{"@type":"WebSite","@id":"https:\/\/projetopack.com.br\/#website","url":"https:\/\/projetopack.com.br\/","name":"ProjetoPack","description":"Consultoria e servi\u00e7os para embalagens, r\u00f3tulos, etiquetas e processos de impress\u00e3o","publisher":{"@id":"https:\/\/projetopack.com.br\/#organization"},"potentialAction":[{"@type":"SearchAction","target":{"@type":"EntryPoint","urlTemplate":"https:\/\/projetopack.com.br\/?s={search_term_string}"},"query-input":{"@type":"PropertyValueSpecification","valueRequired":true,"valueName":"search_term_string"}}],"inLanguage":"en-US"},{"@type":"Organization","@id":"https:\/\/projetopack.com.br\/#organization","name":"ProjetoPack & Associados","url":"https:\/\/projetopack.com.br\/","logo":{"@type":"ImageObject","inLanguage":"en-US","@id":"https:\/\/projetopack.com.br\/#\/schema\/logo\/image\/","url":"https:\/\/projetopack.com.br\/wp-content\/uploads\/2020\/09\/projetopack.png","contentUrl":"https:\/\/projetopack.com.br\/wp-content\/uploads\/2020\/09\/projetopack.png","width":200,"height":200,"caption":"ProjetoPack & Associados"},"image":{"@id":"https:\/\/projetopack.com.br\/#\/schema\/logo\/image\/"},"sameAs":["https:\/\/x.com\/ProjetoPack","https:\/\/www.linkedin.com\/company\/projetopack\/"]},{"@type":"Person","@id":"https:\/\/projetopack.com.br\/#\/schema\/person\/d17c72a4bc2b7e461496dd8a14d4cef1","name":"Andrea","image":{"@type":"ImageObject","inLanguage":"en-US","@id":"https:\/\/projetopack.com.br\/#\/schema\/person\/image\/","url":"https:\/\/projetopack.com.br\/wp-content\/uploads\/2026\/03\/eu-150x150.jpg","contentUrl":"https:\/\/projetopack.com.br\/wp-content\/uploads\/2026\/03\/eu-150x150.jpg","caption":"Andrea"},"url":"https:\/\/projetopack.com.br\/en\/author\/andrea\/"}]}},"_links":{"self":[{"href":"https:\/\/projetopack.com.br\/en\/wp-json\/wp\/v2\/posts\/4042","targetHints":{"allow":["GET"]}}],"collection":[{"href":"https:\/\/projetopack.com.br\/en\/wp-json\/wp\/v2\/posts"}],"about":[{"href":"https:\/\/projetopack.com.br\/en\/wp-json\/wp\/v2\/types\/post"}],"author":[{"embeddable":true,"href":"https:\/\/projetopack.com.br\/en\/wp-json\/wp\/v2\/users\/18"}],"replies":[{"embeddable":true,"href":"https:\/\/projetopack.com.br\/en\/wp-json\/wp\/v2\/comments?post=4042"}],"version-history":[{"count":0,"href":"https:\/\/projetopack.com.br\/en\/wp-json\/wp\/v2\/posts\/4042\/revisions"}],"wp:attachment":[{"href":"https:\/\/projetopack.com.br\/en\/wp-json\/wp\/v2\/media?parent=4042"}],"wp:term":[{"taxonomy":"category","embeddable":true,"href":"https:\/\/projetopack.com.br\/en\/wp-json\/wp\/v2\/categories?post=4042"},{"taxonomy":"post_tag","embeddable":true,"href":"https:\/\/projetopack.com.br\/en\/wp-json\/wp\/v2\/tags?post=4042"}],"curies":[{"name":"wp","href":"https:\/\/api.w.org\/{rel}","templated":true}]}}