{"id":4067,"date":"2019-10-22T14:13:34","date_gmt":"2019-10-22T17:13:34","guid":{"rendered":"https:\/\/www.projetopack.com.br\/2020\/?p=4067"},"modified":"2021-09-11T17:05:25","modified_gmt":"2021-09-11T20:05:25","slug":"x-rite-mostra-novas-tecnologias-e-aplicacoes-de-cores-para-industria-de-plasticos-na-k-2019","status":"publish","type":"post","link":"https:\/\/projetopack.com.br\/en\/x-rite-mostra-novas-tecnologias-e-aplicacoes-de-cores-para-industria-de-plasticos-na-k-2019\/","title":{"rendered":"X-Rite mostra novas tecnologias e aplica\u00e7\u00f5es de cores para a ind\u00fastria de pl\u00e1sticos na K 2019"},"content":{"rendered":"<figure class=\"wp-block-image size-large\"><img fetchpriority=\"high\" decoding=\"async\" width=\"900\" height=\"250\" src=\"https:\/\/projetopack.com.br\/wp-content\/uploads\/2018\/10\/Banner-logo-x-rite.png\" alt=\"\" class=\"wp-image-3443\" srcset=\"https:\/\/projetopack.com.br\/wp-content\/uploads\/2018\/10\/Banner-logo-x-rite.png 900w, https:\/\/projetopack.com.br\/wp-content\/uploads\/2018\/10\/Banner-logo-x-rite-300x83.png 300w, https:\/\/projetopack.com.br\/wp-content\/uploads\/2018\/10\/Banner-logo-x-rite-600x167.png 600w, https:\/\/projetopack.com.br\/wp-content\/uploads\/2018\/10\/Banner-logo-x-rite-768x213.png 768w\" sizes=\"(max-width: 900px) 100vw, 900px\" \/><\/figure>\n\n\n<p style=\"text-align: center;\"><em>Evento acontece em D\u00fcsseldorf e \u00e9 focado nas inova\u00e7\u00f5es para o setor industrial<\/em><\/p>\n<p><\/p>\n<p>De 16 a 23 de outubro est\u00e1 acontecendo em D\u00fcsseldorf, Alemanha, a K 2019, feira voltada ao segmento da ind\u00fastria de pl\u00e1sticos e borracha. A X-Rite est\u00e1 participando diretamente com um stand no qual apresenta as novidades e a alta tecnologia para gerenciamento de cores em linhas industriais de produ\u00e7\u00e3o, incluindo solu\u00e7\u00f5es de workflow, formula\u00e7\u00e3o, medi\u00e7\u00e3o e visualiza\u00e7\u00e3o 3D.<\/p>\n<p>Entre os destaques est\u00e1 o <strong>PantoneLIVE Production para pl\u00e1sticos, revestimentos e tecidos<\/strong>, uma solu\u00e7\u00e3o baseada em nuvem que otimiza a comunica\u00e7\u00e3o de dados de cores em toda a cadeia de produ\u00e7\u00e3o, de modo que donos de marcas, fabricantes e fornecedores podem acessar dados colorim\u00e9tricos do Pantone Matching System (PMS) e assegurar que as cores aplicadas em seus produtos estejam de acordo com as especifica\u00e7\u00f5es, ganhando tempo com aprova\u00e7\u00f5es e tamb\u00e9m evitando erros.<\/p>\n<p>Outro destaque \u00e9 o <strong>Color iMatch<\/strong>, software usado para formula\u00e7\u00e3o de cores que permite obter a compatibilidade ideal entre as cores de um produto rapidamente, resultando em mais economia, menos desperd\u00edcio e criando um processo de produ\u00e7\u00e3o mais sustent\u00e1vel.<\/p>\n<p>Entre as novidades, est\u00e1 sendo apresentado o novo <strong>MA-5QC<\/strong>, um espectrofot\u00f4metro multiangular que permite realizar medi\u00e7\u00f5es em superf\u00edcies met\u00e1licas ou que contenham efeitos; trata-se de um equipamento robusto e veloz, cerca de 60% mais r\u00e1pido do que seus concorrentes, e, ao mesmo tempo, uma solu\u00e7\u00e3o compacta e port\u00e1til para a realiza\u00e7\u00e3o de medi\u00e7\u00f5es com grande flexibilidade.<\/p>\n<p>Al\u00e9m disso, est\u00e1 sendo apresentado o espectrofot\u00f4metro <strong>Ci64<\/strong> <strong>com suporte para medi\u00e7\u00e3o de superf\u00edcies cil\u00edndricas<\/strong>, ideal para uso em materiais pl\u00e1sticos, garrafas e outros objetos curvos em que a cor seja elemento cr\u00edtico.<\/p>\n<p>Por fim, para ambientes e laborat\u00f3rios de an\u00e1lise de qualidade, a X-Rite apresenta sua fam\u00edlia de cabines de luz <strong>Virtual Light Booth (VLB),<\/strong> que permite analisar a compatibilidade entre um projeto ou prot\u00f3tipo em visualiza\u00e7\u00e3o 3D. Assim, \u00e9 poss\u00edvel obter maior precis\u00e3o na visualiza\u00e7\u00e3o de elementos como cor, textura, transpar\u00eancia, efeitos especiais e refletividade antes que a produ\u00e7\u00e3o tenha in\u00edcio.<\/p>\n<p><img decoding=\"async\" class=\"aligncenter size-medium wp-image-4068\" src=\"https:\/\/projetopack.com.br\/wp-content\/uploads\/2019\/10\/K-2019-300x150.jpg\" alt=\"\" width=\"300\" height=\"150\" srcset=\"https:\/\/projetopack.com.br\/wp-content\/uploads\/2019\/10\/K-2019-300x150.jpg 300w, https:\/\/projetopack.com.br\/wp-content\/uploads\/2019\/10\/K-2019-600x300.jpg 600w, https:\/\/projetopack.com.br\/wp-content\/uploads\/2019\/10\/K-2019.jpg 700w\" sizes=\"(max-width: 300px) 100vw, 300px\" \/><\/p>\n<p><\/p>\n<h5>FONTE: PARLA! Assessoria &#8211; Paulo Stycchi &#8211; tel: 11 3413-4416<\/h5>","protected":false},"excerpt":{"rendered":"<p>De 16 a 23 de outubro est\u00e1 acontecendo em D\u00fcsseldorf, Alemanha, a K 2019, feria voltada ao segmento da ind\u00fastria de pl\u00e1sticos e borracha. A X-Rite est\u00e1 participando diretamente com um stand no qual apresenta as novidades e a alta tecnologia para gerenciamento de cores em linhas industriais de produ\u00e7\u00e3o, incluindo solu\u00e7\u00f5es de workflow, formula\u00e7\u00e3o, medi\u00e7\u00e3o e visualiza\u00e7\u00e3o 3D.<\/p>","protected":false},"author":2,"featured_media":0,"comment_status":"open","ping_status":"open","sticky":false,"template":"","format":"standard","meta":{"footnotes":""},"categories":[877],"tags":[302,232,300,298,301,303,211],"class_list":["post-4067","post","type-post","status-publish","format-standard","hentry","category-arquivo","tag-ci64","tag-color-imatch","tag-k-2019","tag-ma-5qc","tag-pantonelive-production","tag-virtual-light-booth","tag-x-rite"],"yoast_head":"<!-- This site is optimized with the Yoast SEO Premium plugin v27.1 (Yoast SEO v27.1.1) - https:\/\/yoast.com\/product\/yoast-seo-premium-wordpress\/ -->\n<title>X-Rite mostra novas tecnologias e aplica\u00e7\u00f5es de cores para a ind\u00fastria de pl\u00e1sticos na K 2019 - ProjetoPack<\/title>\n<meta name=\"description\" content=\"Confira o melhor conte\u00fado sobre tecnologia, design e gest\u00e3o de embalagens flex\u00edveis, r\u00f3tulos e impress\u00e3o.\" \/>\n<meta name=\"robots\" content=\"index, follow, max-snippet:-1, max-image-preview:large, max-video-preview:-1\" \/>\n<link rel=\"canonical\" href=\"https:\/\/projetopack.com.br\/en\/x-rite-mostra-novas-tecnologias-e-aplicacoes-de-cores-para-industria-de-plasticos-na-k-2019\/\" \/>\n<meta property=\"og:locale\" content=\"en_US\" \/>\n<meta property=\"og:type\" content=\"article\" \/>\n<meta property=\"og:title\" content=\"X-Rite mostra novas tecnologias e aplica\u00e7\u00f5es de cores para a ind\u00fastria de pl\u00e1sticos na K 2019\" \/>\n<meta property=\"og:description\" content=\"Confira o melhor conte\u00fado sobre tecnologia, design e gest\u00e3o de embalagens flex\u00edveis, r\u00f3tulos e impress\u00e3o.\" \/>\n<meta property=\"og:url\" content=\"https:\/\/projetopack.com.br\/en\/x-rite-mostra-novas-tecnologias-e-aplicacoes-de-cores-para-industria-de-plasticos-na-k-2019\/\" \/>\n<meta property=\"og:site_name\" content=\"ProjetoPack\" \/>\n<meta property=\"article:published_time\" content=\"2019-10-22T17:13:34+00:00\" \/>\n<meta property=\"article:modified_time\" content=\"2021-09-11T20:05:25+00:00\" \/>\n<meta property=\"og:image\" content=\"https:\/\/projetopack.com.br\/wp-content\/uploads\/2018\/10\/Banner-logo-x-rite.png\" \/>\n<meta name=\"author\" content=\"Aislan Baer\" \/>\n<meta name=\"twitter:card\" content=\"summary_large_image\" \/>\n<meta name=\"twitter:creator\" content=\"@ProjetoPack\" \/>\n<meta name=\"twitter:site\" content=\"@ProjetoPack\" \/>\n<meta name=\"twitter:label1\" content=\"Written by\" \/>\n\t<meta name=\"twitter:data1\" content=\"Aislan Baer\" \/>\n\t<meta name=\"twitter:label2\" content=\"Est. reading time\" \/>\n\t<meta name=\"twitter:data2\" content=\"2 minutes\" \/>\n<script type=\"application\/ld+json\" class=\"yoast-schema-graph\">{\"@context\":\"https:\/\/schema.org\",\"@graph\":[{\"@type\":\"Article\",\"@id\":\"https:\/\/projetopack.com.br\/en\/x-rite-mostra-novas-tecnologias-e-aplicacoes-de-cores-para-industria-de-plasticos-na-k-2019\/#article\",\"isPartOf\":{\"@id\":\"https:\/\/projetopack.com.br\/en\/x-rite-mostra-novas-tecnologias-e-aplicacoes-de-cores-para-industria-de-plasticos-na-k-2019\/\"},\"author\":{\"name\":\"Aislan Baer\",\"@id\":\"https:\/\/projetopack.com.br\/#\/schema\/person\/87cbd7d1e244880886d457815ebd2490\"},\"headline\":\"X-Rite mostra novas tecnologias e aplica\u00e7\u00f5es de cores para a ind\u00fastria de pl\u00e1sticos na K 2019\",\"datePublished\":\"2019-10-22T17:13:34+00:00\",\"dateModified\":\"2021-09-11T20:05:25+00:00\",\"mainEntityOfPage\":{\"@id\":\"https:\/\/projetopack.com.br\/en\/x-rite-mostra-novas-tecnologias-e-aplicacoes-de-cores-para-industria-de-plasticos-na-k-2019\/\"},\"wordCount\":402,\"commentCount\":0,\"publisher\":{\"@id\":\"https:\/\/projetopack.com.br\/#organization\"},\"image\":{\"@id\":\"https:\/\/projetopack.com.br\/en\/x-rite-mostra-novas-tecnologias-e-aplicacoes-de-cores-para-industria-de-plasticos-na-k-2019\/#primaryimage\"},\"thumbnailUrl\":\"https:\/\/projetopack.com.br\/wp-content\/uploads\/2018\/10\/Banner-logo-x-rite.png\",\"keywords\":[\"Ci64\",\"Color iMatch\",\"K 2019\",\"MA-5QC\",\"PantoneLIVE Production\",\"Virtual Light Booth\",\"x-rite\"],\"articleSection\":[\"Arquivo\"],\"inLanguage\":\"en-US\",\"potentialAction\":[{\"@type\":\"CommentAction\",\"name\":\"Comment\",\"target\":[\"https:\/\/projetopack.com.br\/en\/x-rite-mostra-novas-tecnologias-e-aplicacoes-de-cores-para-industria-de-plasticos-na-k-2019\/#respond\"]}]},{\"@type\":\"WebPage\",\"@id\":\"https:\/\/projetopack.com.br\/en\/x-rite-mostra-novas-tecnologias-e-aplicacoes-de-cores-para-industria-de-plasticos-na-k-2019\/\",\"url\":\"https:\/\/projetopack.com.br\/en\/x-rite-mostra-novas-tecnologias-e-aplicacoes-de-cores-para-industria-de-plasticos-na-k-2019\/\",\"name\":\"X-Rite mostra novas tecnologias e aplica\u00e7\u00f5es de cores para a ind\u00fastria de pl\u00e1sticos na K 2019 - ProjetoPack\",\"isPartOf\":{\"@id\":\"https:\/\/projetopack.com.br\/#website\"},\"primaryImageOfPage\":{\"@id\":\"https:\/\/projetopack.com.br\/en\/x-rite-mostra-novas-tecnologias-e-aplicacoes-de-cores-para-industria-de-plasticos-na-k-2019\/#primaryimage\"},\"image\":{\"@id\":\"https:\/\/projetopack.com.br\/en\/x-rite-mostra-novas-tecnologias-e-aplicacoes-de-cores-para-industria-de-plasticos-na-k-2019\/#primaryimage\"},\"thumbnailUrl\":\"https:\/\/projetopack.com.br\/wp-content\/uploads\/2018\/10\/Banner-logo-x-rite.png\",\"datePublished\":\"2019-10-22T17:13:34+00:00\",\"dateModified\":\"2021-09-11T20:05:25+00:00\",\"description\":\"Confira o melhor conte\u00fado sobre tecnologia, design e gest\u00e3o de embalagens flex\u00edveis, r\u00f3tulos e impress\u00e3o.\",\"breadcrumb\":{\"@id\":\"https:\/\/projetopack.com.br\/en\/x-rite-mostra-novas-tecnologias-e-aplicacoes-de-cores-para-industria-de-plasticos-na-k-2019\/#breadcrumb\"},\"inLanguage\":\"en-US\",\"potentialAction\":[{\"@type\":\"ReadAction\",\"target\":[\"https:\/\/projetopack.com.br\/en\/x-rite-mostra-novas-tecnologias-e-aplicacoes-de-cores-para-industria-de-plasticos-na-k-2019\/\"]}]},{\"@type\":\"ImageObject\",\"inLanguage\":\"en-US\",\"@id\":\"https:\/\/projetopack.com.br\/en\/x-rite-mostra-novas-tecnologias-e-aplicacoes-de-cores-para-industria-de-plasticos-na-k-2019\/#primaryimage\",\"url\":\"https:\/\/projetopack.com.br\/wp-content\/uploads\/2018\/10\/Banner-logo-x-rite.png\",\"contentUrl\":\"https:\/\/projetopack.com.br\/wp-content\/uploads\/2018\/10\/Banner-logo-x-rite.png\"},{\"@type\":\"BreadcrumbList\",\"@id\":\"https:\/\/projetopack.com.br\/en\/x-rite-mostra-novas-tecnologias-e-aplicacoes-de-cores-para-industria-de-plasticos-na-k-2019\/#breadcrumb\",\"itemListElement\":[{\"@type\":\"ListItem\",\"position\":1,\"name\":\"P\u00e1gina Inicial\",\"item\":\"https:\/\/projetopack.com.br\/\"},{\"@type\":\"ListItem\",\"position\":2,\"name\":\"Arquivo\",\"item\":\"https:\/\/projetopack.com.br\/en\/category\/arquivo\/\"},{\"@type\":\"ListItem\",\"position\":3,\"name\":\"X-Rite mostra novas tecnologias e aplica\u00e7\u00f5es de cores para a ind\u00fastria de pl\u00e1sticos na K 2019\"}]},{\"@type\":\"WebSite\",\"@id\":\"https:\/\/projetopack.com.br\/#website\",\"url\":\"https:\/\/projetopack.com.br\/\",\"name\":\"ProjetoPack\",\"description\":\"Consultoria e servi\u00e7os para embalagens, r\u00f3tulos, etiquetas e processos de impress\u00e3o\",\"publisher\":{\"@id\":\"https:\/\/projetopack.com.br\/#organization\"},\"potentialAction\":[{\"@type\":\"SearchAction\",\"target\":{\"@type\":\"EntryPoint\",\"urlTemplate\":\"https:\/\/projetopack.com.br\/?s={search_term_string}\"},\"query-input\":{\"@type\":\"PropertyValueSpecification\",\"valueRequired\":true,\"valueName\":\"search_term_string\"}}],\"inLanguage\":\"en-US\"},{\"@type\":\"Organization\",\"@id\":\"https:\/\/projetopack.com.br\/#organization\",\"name\":\"ProjetoPack & Associados\",\"url\":\"https:\/\/projetopack.com.br\/\",\"logo\":{\"@type\":\"ImageObject\",\"inLanguage\":\"en-US\",\"@id\":\"https:\/\/projetopack.com.br\/#\/schema\/logo\/image\/\",\"url\":\"https:\/\/projetopack.com.br\/wp-content\/uploads\/2020\/09\/projetopack.png\",\"contentUrl\":\"https:\/\/projetopack.com.br\/wp-content\/uploads\/2020\/09\/projetopack.png\",\"width\":200,\"height\":200,\"caption\":\"ProjetoPack & Associados\"},\"image\":{\"@id\":\"https:\/\/projetopack.com.br\/#\/schema\/logo\/image\/\"},\"sameAs\":[\"https:\/\/x.com\/ProjetoPack\",\"https:\/\/www.linkedin.com\/company\/projetopack\/\"]},{\"@type\":\"Person\",\"@id\":\"https:\/\/projetopack.com.br\/#\/schema\/person\/87cbd7d1e244880886d457815ebd2490\",\"name\":\"Aislan Baer\",\"image\":{\"@type\":\"ImageObject\",\"inLanguage\":\"en-US\",\"@id\":\"https:\/\/projetopack.com.br\/#\/schema\/person\/image\/\",\"url\":\"https:\/\/projetopack.com.br\/wp-content\/uploads\/2021\/08\/Aislan-Busto-p-100x100.jpg\",\"contentUrl\":\"https:\/\/projetopack.com.br\/wp-content\/uploads\/2021\/08\/Aislan-Busto-p-100x100.jpg\",\"caption\":\"Aislan Baer\"},\"description\":\"Desde os \u00faltimos 20 anos, meu time e eu ajudamos mais de 300 empresas brasileiras e estrangeiras (algumas delas, l\u00edderes mundiais) a produzir embalagens flex\u00edveis e r\u00f3tulos com maior efici\u00eancia, menores custos e maior apelo visual, bem como centenas de donos de marcas a comprar suas embalagens flex\u00edveis e material impresso com um crit\u00e9rio mais t\u00e9cnico e assertivo. Ao mesmo tempo, gra\u00e7as \u00e0 nossa consultoria, muitas destas empresas melhoraram significativamente o seu processo de Impress\u00e3o (Impress\u00e3o de embalagens, Impress\u00e3o industrial, Impress\u00e3o funcional e, mais recentemente, bio impress\u00e3o e manufatura aditiva ou simplesmente Impress\u00e3o 3D). Se a sua empresa tem um problema relacionado a embalagens flex\u00edveis, r\u00f3tulos ou Impress\u00e3o, por mais insol\u00favel que lhe pare\u00e7a, aguardamos ansiosos a sua liga\u00e7\u00e3o ou e-mail. Este \u00e9 nosso trabalho e tamb\u00e9m a nossa paix\u00e3o.\",\"sameAs\":[\"http:\/\/www.projetopack.com\",\"https:\/\/www.linkedin.com\/in\/aislanbaer\/\"],\"jobTitle\":\"CEO @ ProjetoPack | L\u00edder em M&A no Setor de Impress\u00e3o e Embalagens no Brasil | Cofundador da Inovagraf e Neuraflow | Especialista em Inova\u00e7\u00e3o com IA na Impress\u00e3o | Printing Legacy Initiative | Empreendedor Serial\",\"url\":\"https:\/\/projetopack.com.br\/en\/author\/aislan\/\"}]}<\/script>\n<!-- \/ Yoast SEO Premium plugin. -->","yoast_head_json":{"title":"X-Rite mostra novas tecnologias e aplica\u00e7\u00f5es de cores para a ind\u00fastria de pl\u00e1sticos na K 2019 - ProjetoPack","description":"Confira o melhor conte\u00fado sobre tecnologia, design e gest\u00e3o de embalagens flex\u00edveis, r\u00f3tulos e impress\u00e3o.","robots":{"index":"index","follow":"follow","max-snippet":"max-snippet:-1","max-image-preview":"max-image-preview:large","max-video-preview":"max-video-preview:-1"},"canonical":"https:\/\/projetopack.com.br\/en\/x-rite-mostra-novas-tecnologias-e-aplicacoes-de-cores-para-industria-de-plasticos-na-k-2019\/","og_locale":"en_US","og_type":"article","og_title":"X-Rite mostra novas tecnologias e aplica\u00e7\u00f5es de cores para a ind\u00fastria de pl\u00e1sticos na K 2019","og_description":"Confira o melhor conte\u00fado sobre tecnologia, design e gest\u00e3o de embalagens flex\u00edveis, r\u00f3tulos e impress\u00e3o.","og_url":"https:\/\/projetopack.com.br\/en\/x-rite-mostra-novas-tecnologias-e-aplicacoes-de-cores-para-industria-de-plasticos-na-k-2019\/","og_site_name":"ProjetoPack","article_published_time":"2019-10-22T17:13:34+00:00","article_modified_time":"2021-09-11T20:05:25+00:00","og_image":[{"url":"https:\/\/projetopack.com.br\/wp-content\/uploads\/2018\/10\/Banner-logo-x-rite.png","type":"","width":"","height":""}],"author":"Aislan Baer","twitter_card":"summary_large_image","twitter_creator":"@ProjetoPack","twitter_site":"@ProjetoPack","twitter_misc":{"Written by":"Aislan Baer","Est. reading time":"2 minutes"},"schema":{"@context":"https:\/\/schema.org","@graph":[{"@type":"Article","@id":"https:\/\/projetopack.com.br\/en\/x-rite-mostra-novas-tecnologias-e-aplicacoes-de-cores-para-industria-de-plasticos-na-k-2019\/#article","isPartOf":{"@id":"https:\/\/projetopack.com.br\/en\/x-rite-mostra-novas-tecnologias-e-aplicacoes-de-cores-para-industria-de-plasticos-na-k-2019\/"},"author":{"name":"Aislan Baer","@id":"https:\/\/projetopack.com.br\/#\/schema\/person\/87cbd7d1e244880886d457815ebd2490"},"headline":"X-Rite mostra novas tecnologias e aplica\u00e7\u00f5es de cores para a ind\u00fastria de pl\u00e1sticos na K 2019","datePublished":"2019-10-22T17:13:34+00:00","dateModified":"2021-09-11T20:05:25+00:00","mainEntityOfPage":{"@id":"https:\/\/projetopack.com.br\/en\/x-rite-mostra-novas-tecnologias-e-aplicacoes-de-cores-para-industria-de-plasticos-na-k-2019\/"},"wordCount":402,"commentCount":0,"publisher":{"@id":"https:\/\/projetopack.com.br\/#organization"},"image":{"@id":"https:\/\/projetopack.com.br\/en\/x-rite-mostra-novas-tecnologias-e-aplicacoes-de-cores-para-industria-de-plasticos-na-k-2019\/#primaryimage"},"thumbnailUrl":"https:\/\/projetopack.com.br\/wp-content\/uploads\/2018\/10\/Banner-logo-x-rite.png","keywords":["Ci64","Color iMatch","K 2019","MA-5QC","PantoneLIVE Production","Virtual Light Booth","x-rite"],"articleSection":["Arquivo"],"inLanguage":"en-US","potentialAction":[{"@type":"CommentAction","name":"Comment","target":["https:\/\/projetopack.com.br\/en\/x-rite-mostra-novas-tecnologias-e-aplicacoes-de-cores-para-industria-de-plasticos-na-k-2019\/#respond"]}]},{"@type":"WebPage","@id":"https:\/\/projetopack.com.br\/en\/x-rite-mostra-novas-tecnologias-e-aplicacoes-de-cores-para-industria-de-plasticos-na-k-2019\/","url":"https:\/\/projetopack.com.br\/en\/x-rite-mostra-novas-tecnologias-e-aplicacoes-de-cores-para-industria-de-plasticos-na-k-2019\/","name":"X-Rite mostra novas tecnologias e aplica\u00e7\u00f5es de cores para a ind\u00fastria de pl\u00e1sticos na K 2019 - ProjetoPack","isPartOf":{"@id":"https:\/\/projetopack.com.br\/#website"},"primaryImageOfPage":{"@id":"https:\/\/projetopack.com.br\/en\/x-rite-mostra-novas-tecnologias-e-aplicacoes-de-cores-para-industria-de-plasticos-na-k-2019\/#primaryimage"},"image":{"@id":"https:\/\/projetopack.com.br\/en\/x-rite-mostra-novas-tecnologias-e-aplicacoes-de-cores-para-industria-de-plasticos-na-k-2019\/#primaryimage"},"thumbnailUrl":"https:\/\/projetopack.com.br\/wp-content\/uploads\/2018\/10\/Banner-logo-x-rite.png","datePublished":"2019-10-22T17:13:34+00:00","dateModified":"2021-09-11T20:05:25+00:00","description":"Confira o melhor conte\u00fado sobre tecnologia, design e gest\u00e3o de embalagens flex\u00edveis, r\u00f3tulos e impress\u00e3o.","breadcrumb":{"@id":"https:\/\/projetopack.com.br\/en\/x-rite-mostra-novas-tecnologias-e-aplicacoes-de-cores-para-industria-de-plasticos-na-k-2019\/#breadcrumb"},"inLanguage":"en-US","potentialAction":[{"@type":"ReadAction","target":["https:\/\/projetopack.com.br\/en\/x-rite-mostra-novas-tecnologias-e-aplicacoes-de-cores-para-industria-de-plasticos-na-k-2019\/"]}]},{"@type":"ImageObject","inLanguage":"en-US","@id":"https:\/\/projetopack.com.br\/en\/x-rite-mostra-novas-tecnologias-e-aplicacoes-de-cores-para-industria-de-plasticos-na-k-2019\/#primaryimage","url":"https:\/\/projetopack.com.br\/wp-content\/uploads\/2018\/10\/Banner-logo-x-rite.png","contentUrl":"https:\/\/projetopack.com.br\/wp-content\/uploads\/2018\/10\/Banner-logo-x-rite.png"},{"@type":"BreadcrumbList","@id":"https:\/\/projetopack.com.br\/en\/x-rite-mostra-novas-tecnologias-e-aplicacoes-de-cores-para-industria-de-plasticos-na-k-2019\/#breadcrumb","itemListElement":[{"@type":"ListItem","position":1,"name":"P\u00e1gina Inicial","item":"https:\/\/projetopack.com.br\/"},{"@type":"ListItem","position":2,"name":"Arquivo","item":"https:\/\/projetopack.com.br\/en\/category\/arquivo\/"},{"@type":"ListItem","position":3,"name":"X-Rite mostra novas tecnologias e aplica\u00e7\u00f5es de cores para a ind\u00fastria de pl\u00e1sticos na K 2019"}]},{"@type":"WebSite","@id":"https:\/\/projetopack.com.br\/#website","url":"https:\/\/projetopack.com.br\/","name":"ProjetoPack","description":"Consultoria e servi\u00e7os para embalagens, r\u00f3tulos, etiquetas e processos de impress\u00e3o","publisher":{"@id":"https:\/\/projetopack.com.br\/#organization"},"potentialAction":[{"@type":"SearchAction","target":{"@type":"EntryPoint","urlTemplate":"https:\/\/projetopack.com.br\/?s={search_term_string}"},"query-input":{"@type":"PropertyValueSpecification","valueRequired":true,"valueName":"search_term_string"}}],"inLanguage":"en-US"},{"@type":"Organization","@id":"https:\/\/projetopack.com.br\/#organization","name":"ProjetoPack & Associados","url":"https:\/\/projetopack.com.br\/","logo":{"@type":"ImageObject","inLanguage":"en-US","@id":"https:\/\/projetopack.com.br\/#\/schema\/logo\/image\/","url":"https:\/\/projetopack.com.br\/wp-content\/uploads\/2020\/09\/projetopack.png","contentUrl":"https:\/\/projetopack.com.br\/wp-content\/uploads\/2020\/09\/projetopack.png","width":200,"height":200,"caption":"ProjetoPack & Associados"},"image":{"@id":"https:\/\/projetopack.com.br\/#\/schema\/logo\/image\/"},"sameAs":["https:\/\/x.com\/ProjetoPack","https:\/\/www.linkedin.com\/company\/projetopack\/"]},{"@type":"Person","@id":"https:\/\/projetopack.com.br\/#\/schema\/person\/87cbd7d1e244880886d457815ebd2490","name":"Aislan Baer","image":{"@type":"ImageObject","inLanguage":"en-US","@id":"https:\/\/projetopack.com.br\/#\/schema\/person\/image\/","url":"https:\/\/projetopack.com.br\/wp-content\/uploads\/2021\/08\/Aislan-Busto-p-100x100.jpg","contentUrl":"https:\/\/projetopack.com.br\/wp-content\/uploads\/2021\/08\/Aislan-Busto-p-100x100.jpg","caption":"Aislan Baer"},"description":"Desde os \u00faltimos 20 anos, meu time e eu ajudamos mais de 300 empresas brasileiras e estrangeiras (algumas delas, l\u00edderes mundiais) a produzir embalagens flex\u00edveis e r\u00f3tulos com maior efici\u00eancia, menores custos e maior apelo visual, bem como centenas de donos de marcas a comprar suas embalagens flex\u00edveis e material impresso com um crit\u00e9rio mais t\u00e9cnico e assertivo. Ao mesmo tempo, gra\u00e7as \u00e0 nossa consultoria, muitas destas empresas melhoraram significativamente o seu processo de Impress\u00e3o (Impress\u00e3o de embalagens, Impress\u00e3o industrial, Impress\u00e3o funcional e, mais recentemente, bio impress\u00e3o e manufatura aditiva ou simplesmente Impress\u00e3o 3D). Se a sua empresa tem um problema relacionado a embalagens flex\u00edveis, r\u00f3tulos ou Impress\u00e3o, por mais insol\u00favel que lhe pare\u00e7a, aguardamos ansiosos a sua liga\u00e7\u00e3o ou e-mail. Este \u00e9 nosso trabalho e tamb\u00e9m a nossa paix\u00e3o.","sameAs":["http:\/\/www.projetopack.com","https:\/\/www.linkedin.com\/in\/aislanbaer\/"],"jobTitle":"CEO @ ProjetoPack | L\u00edder em M&A no Setor de Impress\u00e3o e Embalagens no Brasil | Cofundador da Inovagraf e Neuraflow | Especialista em Inova\u00e7\u00e3o com IA na Impress\u00e3o | Printing Legacy Initiative | Empreendedor Serial","url":"https:\/\/projetopack.com.br\/en\/author\/aislan\/"}]}},"_links":{"self":[{"href":"https:\/\/projetopack.com.br\/en\/wp-json\/wp\/v2\/posts\/4067","targetHints":{"allow":["GET"]}}],"collection":[{"href":"https:\/\/projetopack.com.br\/en\/wp-json\/wp\/v2\/posts"}],"about":[{"href":"https:\/\/projetopack.com.br\/en\/wp-json\/wp\/v2\/types\/post"}],"author":[{"embeddable":true,"href":"https:\/\/projetopack.com.br\/en\/wp-json\/wp\/v2\/users\/2"}],"replies":[{"embeddable":true,"href":"https:\/\/projetopack.com.br\/en\/wp-json\/wp\/v2\/comments?post=4067"}],"version-history":[{"count":0,"href":"https:\/\/projetopack.com.br\/en\/wp-json\/wp\/v2\/posts\/4067\/revisions"}],"wp:attachment":[{"href":"https:\/\/projetopack.com.br\/en\/wp-json\/wp\/v2\/media?parent=4067"}],"wp:term":[{"taxonomy":"category","embeddable":true,"href":"https:\/\/projetopack.com.br\/en\/wp-json\/wp\/v2\/categories?post=4067"},{"taxonomy":"post_tag","embeddable":true,"href":"https:\/\/projetopack.com.br\/en\/wp-json\/wp\/v2\/tags?post=4067"}],"curies":[{"name":"wp","href":"https:\/\/api.w.org\/{rel}","templated":true}]}}