{"id":44941,"date":"2024-10-05T12:22:44","date_gmt":"2024-10-05T15:22:44","guid":{"rendered":"https:\/\/www.projetopack.com.br\/?p=44941"},"modified":"2024-10-05T12:22:51","modified_gmt":"2024-10-05T15:22:51","slug":"innova-anuncia-aquisicao-da-polo-films","status":"publish","type":"post","link":"https:\/\/projetopack.com.br\/en\/innova-anuncia-aquisicao-da-polo-films\/","title":{"rendered":"Innova anuncia aquisi\u00e7\u00e3o da Polo Films"},"content":{"rendered":"<p>A <a href=\"https:\/\/www.innova.com.br\/\" target=\"_blank\" rel=\"noreferrer noopener\">Innova<\/a>, ind\u00fastria brasileira petroqu\u00edmica e de transformados pl\u00e1sticos, anuncia a assinatura de contrato para a aquisi\u00e7\u00e3o da <a href=\"https:\/\/polofilms.com.br\/\" target=\"_blank\" rel=\"noreferrer noopener\">Polo Films<\/a>, fabricante de filmes de polipropileno biorientado (BOPP) em Montenegro (RS).<\/p>\n\n\n\n<p class=\"has-light-green-cyan-background-color has-background\">A opera\u00e7\u00e3o pretende ampliar sua presen\u00e7a no segmento de BOPP, produzido pela companhia desde 2012 em Manaus (AM) e, com a conclus\u00e3o da aquisi\u00e7\u00e3o da Polo Films, tamb\u00e9m presente no Rio Grande do Sul.<\/p>\n\n\n\n<p>O investimento da Innova segue estrat\u00e9gia j\u00e1 anteriormente adotada nos neg\u00f3cios petroqu\u00edmicos, com plantas industriais situadas em Manaus (AM) e Triunfo (RS), norte e sul do pa\u00eds: esse modelo permitir\u00e1 maior flexibilidade no atendimento aos clientes de BOPP nacionais e internacionais, que ter\u00e3o \u00e0 disposi\u00e7\u00e3o unidades produtivas nos dois extremos do pa\u00eds. <\/p>\n\n\n\n<p>O objetivo \u00e9 aumentar o n\u00edvel de servi\u00e7o na produ\u00e7\u00e3o e entrega aos clientes, garantindo maior disponibilidade do produto, inclusive frente \u00e0s dificuldades clim\u00e1ticas vivenciadas nos \u00faltimos anos.<\/p>\n\n\n\n<p>A transa\u00e7\u00e3o est\u00e1 sujeita \u00e0 aprova\u00e7\u00e3o do Conselho Administrativo de Defesa Econ\u00f4mica (CADE), bem como outras condi\u00e7\u00f5es negociadas entre as partes.<\/p>\n\n\n\n<h2 class=\"wp-block-heading\" id=\"h-sobre-a-innova\">Sobre a Innova<\/h2>\n\n\n\n<p>A companhia tem 36 anos de exist\u00eancia, oriunda do segmento de suportes f\u00edsicos para m\u00eddias audiovisuais. Ao longo de suas sucessivas reinven\u00e7\u00f5es, avan\u00e7ou aos neg\u00f3cios petroqu\u00edmicos e de transformados pl\u00e1sticos.<\/p>\n\n\n\n<p>Na \u00e1rea petroqu\u00edmica, atua no segmento de produtos estir\u00eanicos, fabricando o etilbenzeno (EB), o mon\u00f4mero de estireno (SM), o tolueno e os poliestirenos de uso geral (GPPS), alto impacto (HIPS), expans\u00edvel (EPS) e ECO-PS\u00ae.<\/p>\n\n\n\n<p>Na \u00e1rea da transforma\u00e7\u00e3o pl\u00e1stica, fabrica os filmes de polipropileno biorientado (BOPP), laminados em bobinas de poliestireno (PS) e polipropileno (PP), bem como tampas pl\u00e1sticas para garrafas PET de \u00e1guas minerais, sucos e refrigerantes. Todos os produtos se destinam a ind\u00fastrias e est\u00e3o no centro da economia e da cadeia produtiva.<\/p>\n\n\n\n<p><strong>Leia mais em nosso blog:<\/strong><\/p>\n\n\n\n<p><a href=\"https:\/\/projetopack.com.br\/en\/bopp-metalizado-de-ultra-barreira\/\">BOPP metalizado de ultra barreira<\/a><\/p>","protected":false},"excerpt":{"rendered":"<p>Innova d\u00e1 mais um passo na consolida\u00e7\u00e3o do mercado de BOPP para convers\u00e3o no pa\u00eds<\/p>","protected":false},"author":18,"featured_media":44942,"comment_status":"open","ping_status":"closed","sticky":true,"template":"","format":"standard","meta":{"footnotes":""},"categories":[782],"tags":[1151,1155,1154,1153],"class_list":["post-44941","post","type-post","status-publish","format-standard","has-post-thumbnail","hentry","category-fusoes-e-aquisicoes","tag-bopp","tag-polo","tag-polofilms","tag-videolar"],"yoast_head":"<!-- This site is optimized with the Yoast SEO Premium plugin v27.1 (Yoast SEO v27.1.1) - https:\/\/yoast.com\/product\/yoast-seo-premium-wordpress\/ -->\n<title>Innova anuncia aquisi\u00e7\u00e3o da Polo Films - ProjetoPack<\/title>\n<meta name=\"description\" content=\"A opera\u00e7\u00e3o pretende ampliar sua presen\u00e7a no segmento de BOPP, produzido pela companhia desde 2012 em Manaus\" \/>\n<meta name=\"robots\" content=\"index, follow, max-snippet:-1, max-image-preview:large, max-video-preview:-1\" \/>\n<link rel=\"canonical\" href=\"https:\/\/projetopack.com.br\/en\/innova-anuncia-aquisicao-da-polo-films\/\" \/>\n<meta property=\"og:locale\" content=\"en_US\" \/>\n<meta property=\"og:type\" content=\"article\" \/>\n<meta property=\"og:title\" content=\"Innova anuncia aquisi\u00e7\u00e3o da Polo Films\" \/>\n<meta property=\"og:description\" content=\"A opera\u00e7\u00e3o pretende ampliar sua presen\u00e7a no segmento de BOPP, produzido pela companhia desde 2012 em Manaus\" \/>\n<meta property=\"og:url\" content=\"https:\/\/projetopack.com.br\/en\/innova-anuncia-aquisicao-da-polo-films\/\" \/>\n<meta property=\"og:site_name\" content=\"ProjetoPack\" \/>\n<meta property=\"article:published_time\" content=\"2024-10-05T15:22:44+00:00\" \/>\n<meta property=\"article:modified_time\" content=\"2024-10-05T15:22:51+00:00\" \/>\n<meta property=\"og:image\" content=\"https:\/\/projetopack.com.br\/wp-content\/uploads\/2024\/10\/90ddd033adbacbc47f28ffbd6d83d4ac.jpg\" \/>\n\t<meta property=\"og:image:width\" content=\"662\" \/>\n\t<meta property=\"og:image:height\" content=\"444\" \/>\n\t<meta property=\"og:image:type\" content=\"image\/jpeg\" \/>\n<meta name=\"author\" content=\"Andrea\" \/>\n<meta name=\"twitter:card\" content=\"summary_large_image\" \/>\n<meta name=\"twitter:creator\" content=\"@ProjetoPack\" \/>\n<meta name=\"twitter:site\" content=\"@ProjetoPack\" \/>\n<meta name=\"twitter:label1\" content=\"Written by\" \/>\n\t<meta name=\"twitter:data1\" content=\"Andrea\" \/>\n\t<meta name=\"twitter:label2\" content=\"Est. reading time\" \/>\n\t<meta name=\"twitter:data2\" content=\"2 minutes\" \/>\n<script type=\"application\/ld+json\" class=\"yoast-schema-graph\">{\"@context\":\"https:\/\/schema.org\",\"@graph\":[{\"@type\":\"Article\",\"@id\":\"https:\/\/projetopack.com.br\/innova-anuncia-aquisicao-da-polo-films\/#article\",\"isPartOf\":{\"@id\":\"https:\/\/projetopack.com.br\/innova-anuncia-aquisicao-da-polo-films\/\"},\"author\":{\"name\":\"Andrea\",\"@id\":\"https:\/\/projetopack.com.br\/#\/schema\/person\/d17c72a4bc2b7e461496dd8a14d4cef1\"},\"headline\":\"Innova anuncia aquisi\u00e7\u00e3o da Polo Films\",\"datePublished\":\"2024-10-05T15:22:44+00:00\",\"dateModified\":\"2024-10-05T15:22:51+00:00\",\"mainEntityOfPage\":{\"@id\":\"https:\/\/projetopack.com.br\/innova-anuncia-aquisicao-da-polo-films\/\"},\"wordCount\":336,\"commentCount\":0,\"publisher\":{\"@id\":\"https:\/\/projetopack.com.br\/#organization\"},\"image\":{\"@id\":\"https:\/\/projetopack.com.br\/innova-anuncia-aquisicao-da-polo-films\/#primaryimage\"},\"thumbnailUrl\":\"https:\/\/projetopack.com.br\/wp-content\/uploads\/2024\/10\/90ddd033adbacbc47f28ffbd6d83d4ac.jpg\",\"keywords\":[\"bopp\",\"polo\",\"polofilms\",\"videolar\"],\"articleSection\":[\"Fus\u00f5es e aquisi\u00e7\u00f5es\"],\"inLanguage\":\"en-US\",\"potentialAction\":[{\"@type\":\"CommentAction\",\"name\":\"Comment\",\"target\":[\"https:\/\/projetopack.com.br\/innova-anuncia-aquisicao-da-polo-films\/#respond\"]}]},{\"@type\":\"WebPage\",\"@id\":\"https:\/\/projetopack.com.br\/innova-anuncia-aquisicao-da-polo-films\/\",\"url\":\"https:\/\/projetopack.com.br\/innova-anuncia-aquisicao-da-polo-films\/\",\"name\":\"Innova anuncia aquisi\u00e7\u00e3o da Polo Films - ProjetoPack\",\"isPartOf\":{\"@id\":\"https:\/\/projetopack.com.br\/#website\"},\"primaryImageOfPage\":{\"@id\":\"https:\/\/projetopack.com.br\/innova-anuncia-aquisicao-da-polo-films\/#primaryimage\"},\"image\":{\"@id\":\"https:\/\/projetopack.com.br\/innova-anuncia-aquisicao-da-polo-films\/#primaryimage\"},\"thumbnailUrl\":\"https:\/\/projetopack.com.br\/wp-content\/uploads\/2024\/10\/90ddd033adbacbc47f28ffbd6d83d4ac.jpg\",\"datePublished\":\"2024-10-05T15:22:44+00:00\",\"dateModified\":\"2024-10-05T15:22:51+00:00\",\"description\":\"A opera\u00e7\u00e3o pretende ampliar sua presen\u00e7a no segmento de BOPP, produzido pela companhia desde 2012 em Manaus\",\"breadcrumb\":{\"@id\":\"https:\/\/projetopack.com.br\/innova-anuncia-aquisicao-da-polo-films\/#breadcrumb\"},\"inLanguage\":\"en-US\",\"potentialAction\":[{\"@type\":\"ReadAction\",\"target\":[\"https:\/\/projetopack.com.br\/innova-anuncia-aquisicao-da-polo-films\/\"]}]},{\"@type\":\"ImageObject\",\"inLanguage\":\"en-US\",\"@id\":\"https:\/\/projetopack.com.br\/innova-anuncia-aquisicao-da-polo-films\/#primaryimage\",\"url\":\"https:\/\/projetopack.com.br\/wp-content\/uploads\/2024\/10\/90ddd033adbacbc47f28ffbd6d83d4ac.jpg\",\"contentUrl\":\"https:\/\/projetopack.com.br\/wp-content\/uploads\/2024\/10\/90ddd033adbacbc47f28ffbd6d83d4ac.jpg\",\"width\":662,\"height\":444,\"caption\":\"bopp polo\"},{\"@type\":\"BreadcrumbList\",\"@id\":\"https:\/\/projetopack.com.br\/innova-anuncia-aquisicao-da-polo-films\/#breadcrumb\",\"itemListElement\":[{\"@type\":\"ListItem\",\"position\":1,\"name\":\"P\u00e1gina Inicial\",\"item\":\"https:\/\/projetopack.com.br\/\"},{\"@type\":\"ListItem\",\"position\":2,\"name\":\"Fus\u00f5es e aquisi\u00e7\u00f5es\",\"item\":\"https:\/\/projetopack.com.br\/en\/category\/fusoes-e-aquisicoes\/\"},{\"@type\":\"ListItem\",\"position\":3,\"name\":\"Innova anuncia aquisi\u00e7\u00e3o da Polo Films\"}]},{\"@type\":\"WebSite\",\"@id\":\"https:\/\/projetopack.com.br\/#website\",\"url\":\"https:\/\/projetopack.com.br\/\",\"name\":\"ProjetoPack\",\"description\":\"Consultoria e servi\u00e7os para embalagens, r\u00f3tulos, etiquetas e processos de impress\u00e3o\",\"publisher\":{\"@id\":\"https:\/\/projetopack.com.br\/#organization\"},\"potentialAction\":[{\"@type\":\"SearchAction\",\"target\":{\"@type\":\"EntryPoint\",\"urlTemplate\":\"https:\/\/projetopack.com.br\/?s={search_term_string}\"},\"query-input\":{\"@type\":\"PropertyValueSpecification\",\"valueRequired\":true,\"valueName\":\"search_term_string\"}}],\"inLanguage\":\"en-US\"},{\"@type\":\"Organization\",\"@id\":\"https:\/\/projetopack.com.br\/#organization\",\"name\":\"ProjetoPack & Associados\",\"url\":\"https:\/\/projetopack.com.br\/\",\"logo\":{\"@type\":\"ImageObject\",\"inLanguage\":\"en-US\",\"@id\":\"https:\/\/projetopack.com.br\/#\/schema\/logo\/image\/\",\"url\":\"https:\/\/projetopack.com.br\/wp-content\/uploads\/2020\/09\/projetopack.png\",\"contentUrl\":\"https:\/\/projetopack.com.br\/wp-content\/uploads\/2020\/09\/projetopack.png\",\"width\":200,\"height\":200,\"caption\":\"ProjetoPack & Associados\"},\"image\":{\"@id\":\"https:\/\/projetopack.com.br\/#\/schema\/logo\/image\/\"},\"sameAs\":[\"https:\/\/x.com\/ProjetoPack\",\"https:\/\/www.linkedin.com\/company\/projetopack\/\"]},{\"@type\":\"Person\",\"@id\":\"https:\/\/projetopack.com.br\/#\/schema\/person\/d17c72a4bc2b7e461496dd8a14d4cef1\",\"name\":\"Andrea\",\"image\":{\"@type\":\"ImageObject\",\"inLanguage\":\"en-US\",\"@id\":\"https:\/\/projetopack.com.br\/#\/schema\/person\/image\/\",\"url\":\"https:\/\/projetopack.com.br\/wp-content\/uploads\/2026\/03\/eu-150x150.jpg\",\"contentUrl\":\"https:\/\/projetopack.com.br\/wp-content\/uploads\/2026\/03\/eu-150x150.jpg\",\"caption\":\"Andrea\"},\"url\":\"https:\/\/projetopack.com.br\/en\/author\/andrea\/\"}]}<\/script>\n<!-- \/ Yoast SEO Premium plugin. -->","yoast_head_json":{"title":"Innova anuncia aquisi\u00e7\u00e3o da Polo Films - ProjetoPack","description":"A opera\u00e7\u00e3o pretende ampliar sua presen\u00e7a no segmento de BOPP, produzido pela companhia desde 2012 em Manaus","robots":{"index":"index","follow":"follow","max-snippet":"max-snippet:-1","max-image-preview":"max-image-preview:large","max-video-preview":"max-video-preview:-1"},"canonical":"https:\/\/projetopack.com.br\/en\/innova-anuncia-aquisicao-da-polo-films\/","og_locale":"en_US","og_type":"article","og_title":"Innova anuncia aquisi\u00e7\u00e3o da Polo Films","og_description":"A opera\u00e7\u00e3o pretende ampliar sua presen\u00e7a no segmento de BOPP, produzido pela companhia desde 2012 em Manaus","og_url":"https:\/\/projetopack.com.br\/en\/innova-anuncia-aquisicao-da-polo-films\/","og_site_name":"ProjetoPack","article_published_time":"2024-10-05T15:22:44+00:00","article_modified_time":"2024-10-05T15:22:51+00:00","og_image":[{"width":662,"height":444,"url":"https:\/\/projetopack.com.br\/wp-content\/uploads\/2024\/10\/90ddd033adbacbc47f28ffbd6d83d4ac.jpg","type":"image\/jpeg"}],"author":"Andrea","twitter_card":"summary_large_image","twitter_creator":"@ProjetoPack","twitter_site":"@ProjetoPack","twitter_misc":{"Written by":"Andrea","Est. reading time":"2 minutes"},"schema":{"@context":"https:\/\/schema.org","@graph":[{"@type":"Article","@id":"https:\/\/projetopack.com.br\/innova-anuncia-aquisicao-da-polo-films\/#article","isPartOf":{"@id":"https:\/\/projetopack.com.br\/innova-anuncia-aquisicao-da-polo-films\/"},"author":{"name":"Andrea","@id":"https:\/\/projetopack.com.br\/#\/schema\/person\/d17c72a4bc2b7e461496dd8a14d4cef1"},"headline":"Innova anuncia aquisi\u00e7\u00e3o da Polo Films","datePublished":"2024-10-05T15:22:44+00:00","dateModified":"2024-10-05T15:22:51+00:00","mainEntityOfPage":{"@id":"https:\/\/projetopack.com.br\/innova-anuncia-aquisicao-da-polo-films\/"},"wordCount":336,"commentCount":0,"publisher":{"@id":"https:\/\/projetopack.com.br\/#organization"},"image":{"@id":"https:\/\/projetopack.com.br\/innova-anuncia-aquisicao-da-polo-films\/#primaryimage"},"thumbnailUrl":"https:\/\/projetopack.com.br\/wp-content\/uploads\/2024\/10\/90ddd033adbacbc47f28ffbd6d83d4ac.jpg","keywords":["bopp","polo","polofilms","videolar"],"articleSection":["Fus\u00f5es e aquisi\u00e7\u00f5es"],"inLanguage":"en-US","potentialAction":[{"@type":"CommentAction","name":"Comment","target":["https:\/\/projetopack.com.br\/innova-anuncia-aquisicao-da-polo-films\/#respond"]}]},{"@type":"WebPage","@id":"https:\/\/projetopack.com.br\/innova-anuncia-aquisicao-da-polo-films\/","url":"https:\/\/projetopack.com.br\/innova-anuncia-aquisicao-da-polo-films\/","name":"Innova anuncia aquisi\u00e7\u00e3o da Polo Films - ProjetoPack","isPartOf":{"@id":"https:\/\/projetopack.com.br\/#website"},"primaryImageOfPage":{"@id":"https:\/\/projetopack.com.br\/innova-anuncia-aquisicao-da-polo-films\/#primaryimage"},"image":{"@id":"https:\/\/projetopack.com.br\/innova-anuncia-aquisicao-da-polo-films\/#primaryimage"},"thumbnailUrl":"https:\/\/projetopack.com.br\/wp-content\/uploads\/2024\/10\/90ddd033adbacbc47f28ffbd6d83d4ac.jpg","datePublished":"2024-10-05T15:22:44+00:00","dateModified":"2024-10-05T15:22:51+00:00","description":"A opera\u00e7\u00e3o pretende ampliar sua presen\u00e7a no segmento de BOPP, produzido pela companhia desde 2012 em Manaus","breadcrumb":{"@id":"https:\/\/projetopack.com.br\/innova-anuncia-aquisicao-da-polo-films\/#breadcrumb"},"inLanguage":"en-US","potentialAction":[{"@type":"ReadAction","target":["https:\/\/projetopack.com.br\/innova-anuncia-aquisicao-da-polo-films\/"]}]},{"@type":"ImageObject","inLanguage":"en-US","@id":"https:\/\/projetopack.com.br\/innova-anuncia-aquisicao-da-polo-films\/#primaryimage","url":"https:\/\/projetopack.com.br\/wp-content\/uploads\/2024\/10\/90ddd033adbacbc47f28ffbd6d83d4ac.jpg","contentUrl":"https:\/\/projetopack.com.br\/wp-content\/uploads\/2024\/10\/90ddd033adbacbc47f28ffbd6d83d4ac.jpg","width":662,"height":444,"caption":"bopp polo"},{"@type":"BreadcrumbList","@id":"https:\/\/projetopack.com.br\/innova-anuncia-aquisicao-da-polo-films\/#breadcrumb","itemListElement":[{"@type":"ListItem","position":1,"name":"P\u00e1gina Inicial","item":"https:\/\/projetopack.com.br\/"},{"@type":"ListItem","position":2,"name":"Fus\u00f5es e aquisi\u00e7\u00f5es","item":"https:\/\/projetopack.com.br\/en\/category\/fusoes-e-aquisicoes\/"},{"@type":"ListItem","position":3,"name":"Innova anuncia aquisi\u00e7\u00e3o da Polo Films"}]},{"@type":"WebSite","@id":"https:\/\/projetopack.com.br\/#website","url":"https:\/\/projetopack.com.br\/","name":"ProjetoPack","description":"Consultoria e servi\u00e7os para embalagens, r\u00f3tulos, etiquetas e processos de impress\u00e3o","publisher":{"@id":"https:\/\/projetopack.com.br\/#organization"},"potentialAction":[{"@type":"SearchAction","target":{"@type":"EntryPoint","urlTemplate":"https:\/\/projetopack.com.br\/?s={search_term_string}"},"query-input":{"@type":"PropertyValueSpecification","valueRequired":true,"valueName":"search_term_string"}}],"inLanguage":"en-US"},{"@type":"Organization","@id":"https:\/\/projetopack.com.br\/#organization","name":"ProjetoPack & Associados","url":"https:\/\/projetopack.com.br\/","logo":{"@type":"ImageObject","inLanguage":"en-US","@id":"https:\/\/projetopack.com.br\/#\/schema\/logo\/image\/","url":"https:\/\/projetopack.com.br\/wp-content\/uploads\/2020\/09\/projetopack.png","contentUrl":"https:\/\/projetopack.com.br\/wp-content\/uploads\/2020\/09\/projetopack.png","width":200,"height":200,"caption":"ProjetoPack & Associados"},"image":{"@id":"https:\/\/projetopack.com.br\/#\/schema\/logo\/image\/"},"sameAs":["https:\/\/x.com\/ProjetoPack","https:\/\/www.linkedin.com\/company\/projetopack\/"]},{"@type":"Person","@id":"https:\/\/projetopack.com.br\/#\/schema\/person\/d17c72a4bc2b7e461496dd8a14d4cef1","name":"Andrea","image":{"@type":"ImageObject","inLanguage":"en-US","@id":"https:\/\/projetopack.com.br\/#\/schema\/person\/image\/","url":"https:\/\/projetopack.com.br\/wp-content\/uploads\/2026\/03\/eu-150x150.jpg","contentUrl":"https:\/\/projetopack.com.br\/wp-content\/uploads\/2026\/03\/eu-150x150.jpg","caption":"Andrea"},"url":"https:\/\/projetopack.com.br\/en\/author\/andrea\/"}]}},"_links":{"self":[{"href":"https:\/\/projetopack.com.br\/en\/wp-json\/wp\/v2\/posts\/44941","targetHints":{"allow":["GET"]}}],"collection":[{"href":"https:\/\/projetopack.com.br\/en\/wp-json\/wp\/v2\/posts"}],"about":[{"href":"https:\/\/projetopack.com.br\/en\/wp-json\/wp\/v2\/types\/post"}],"author":[{"embeddable":true,"href":"https:\/\/projetopack.com.br\/en\/wp-json\/wp\/v2\/users\/18"}],"replies":[{"embeddable":true,"href":"https:\/\/projetopack.com.br\/en\/wp-json\/wp\/v2\/comments?post=44941"}],"version-history":[{"count":0,"href":"https:\/\/projetopack.com.br\/en\/wp-json\/wp\/v2\/posts\/44941\/revisions"}],"wp:featuredmedia":[{"embeddable":true,"href":"https:\/\/projetopack.com.br\/en\/wp-json\/wp\/v2\/media\/44942"}],"wp:attachment":[{"href":"https:\/\/projetopack.com.br\/en\/wp-json\/wp\/v2\/media?parent=44941"}],"wp:term":[{"taxonomy":"category","embeddable":true,"href":"https:\/\/projetopack.com.br\/en\/wp-json\/wp\/v2\/categories?post=44941"},{"taxonomy":"post_tag","embeddable":true,"href":"https:\/\/projetopack.com.br\/en\/wp-json\/wp\/v2\/tags?post=44941"}],"curies":[{"name":"wp","href":"https:\/\/api.w.org\/{rel}","templated":true}]}}