{"id":48614,"date":"2025-01-13T12:32:05","date_gmt":"2025-01-13T15:32:05","guid":{"rendered":"https:\/\/www.projetopack.com.br\/?p=48614"},"modified":"2026-01-21T10:18:59","modified_gmt":"2026-01-21T13:18:59","slug":"zanatto-solucoes-graficas-inaugura-demo-center-focado-no-segmento-de-embalagens","status":"publish","type":"post","link":"https:\/\/projetopack.com.br\/en\/zanatto-solucoes-graficas-inaugura-demo-center-focado-no-segmento-de-embalagens\/","title":{"rendered":"Zanatto Solu\u00e7\u00f5es Gr\u00e1ficas inaugura demo center focado no segmento de embalagens"},"content":{"rendered":"<p>A <a href=\"https:\/\/www.zanatto.com.br\/\">Zanatto Solu\u00e7\u00f5es Gr\u00e1ficas<\/a> inaugurou seu <strong>Centro de Demonstra\u00e7\u00f5es<\/strong> especialmente focado no mercado de embalagens. <\/p>\n\n\n\n<p><strong>Adair Zanatto<\/strong>, presidente da empresa, <strong>Edison Jos\u00e9 Gon\u00e7alves<\/strong>, diretor geral, e <strong>Robson Andr\u00e9 Esperan\u00e7a<\/strong>, gerente de flexografia, deram as boas-vindas a parceiros e fornecedores que estiveram em Curitiba para conhecer o novo espa\u00e7o.<\/p>\n\n\n\n<p class=\"has-light-green-cyan-background-color has-background\">No novo Centro de Demonstra\u00e7\u00f5es, os clientes poder\u00e3o conhecer de perto as tecnologias que a Zanatto comercializa para o segmento de embalagens, tanto flexogr\u00e1fica, como offset, o qual atualmente representa 80% dos neg\u00f3cios da empresa.<\/p>\n\n\n\n<p>Essas solu\u00e7\u00f5es incluem os softwares para edi\u00e7\u00e3o e gerenciamento de workflow <strong><a href=\"https:\/\/www.hybridsoftware.com\/\">Hybrid Software<\/a><\/strong>, os softwares da linha <strong><a href=\"https:\/\/gmgcolor.com\/\">GMG Color<\/a><\/strong>, as solu\u00e7\u00f5es para gerenciamento de cores <strong><a href=\"https:\/\/www.xrite.com\/\">X-Rite<\/a><\/strong>, as chapas flexogr\u00e1ficas <strong><a href=\"https:\/\/www.miraclon.com\/\">Miraclon Corporation<\/a><\/strong>, a celebra\u00e7\u00e3o da nova parceria com a fabricante francesa <strong><a href=\"https:\/\/www.vianord.com\/\">Vianord Engineering<\/a><\/strong>, e as novas tecnologias para grava\u00e7\u00e3o, exposi\u00e7\u00e3o e processamento da marca <strong>RiseFlexo<\/strong>, da pr\u00f3pria Zanatto.<\/p>\n\n\n\n<blockquote class=\"wp-block-quote is-layout-flow wp-block-quote-is-layout-flow\">\n<figure class=\"wp-block-pullquote\"><blockquote><p>&#8220;Esse novo espa\u00e7o foi totalmente pensado para receber nossos clientes do segmento de embalagens, mostrando nosso comprometimento com esse importante mercado e criando um ambiente onde se poder\u00e1 ver, de modo integrado, todas as solu\u00e7\u00f5es que Zanatto comercializa, da pr\u00e9-impress\u00e3o \u00e0 grava\u00e7\u00e3o das chapas. H\u00e1 21 anos vendemos nossa primeira chapa flexogr\u00e1fica e hoje, constru\u00edmos uma s\u00f3lida reputa\u00e7\u00e3o no mercado comercializando solu\u00e7\u00f5es e tecnologias que s\u00e3o refer\u00eancias mundiais de qualidade e confiabilidade&#8221;<\/p><cite>disse Robson Andr\u00e9 Esperan\u00e7a, acerca da iniciativa.<\/cite><\/blockquote><\/figure>\n<\/blockquote>\n\n\n\n<blockquote class=\"wp-block-quote is-layout-flow wp-block-quote-is-layout-flow\">\n<blockquote class=\"wp-block-quote is-layout-flow wp-block-quote-is-layout-flow\">\n<p>&#8220;\u00c9 uma alegria receber todos voc\u00eas aqui. H\u00e1 mais de duas d\u00e9cadas temos investido no mercado de embalagens e flexografia, e este \u00e9 mais um passo importante que renova a trajet\u00f3ria da Zanatto!&#8221;, salientou <em>Adair Zanatto<\/em>.<\/p>\n<\/blockquote>\n\n\n\n<p class=\"has-light-green-cyan-background-color has-background\">&#8220;Quero dar os parab\u00e9ns \u00e0 Zanatto por este novo Centro de Demonstra\u00e7\u00f5es. Trata-se de uma quebra de paradigmas, j\u00e1 que \u00e9 o primeiro espa\u00e7o do tipo fora da Miraclon, feito em parceria com um distribuidor. Hoje, os clientes do Brasil e da Am\u00e9rica do Sul t\u00eam um espa\u00e7o acess\u00edvel e de alta qualidade para ver de perto nossas solu\u00e7\u00f5es.&#8221;, destacou <strong>F\u00e1bio Rocha<\/strong>, especialista de aplica\u00e7\u00f5es flexogr\u00e1ficas da Miraclon.<\/p>\n<\/blockquote>\n\n\n\n<p>&#8220;Desde o ano passado temos conversado com a Zanatto sobre a possibilidade deste projeto. Conhe\u00e7o a Zanatto h\u00e1 muitos anos, \u00e9 uma empresa muito, muito s\u00e9ria. Era realmente necess\u00e1rio ter um Centro de Demonstra\u00e7\u00f5es de processamento para chapas flexo e hoje, isso \u00e9 uma realidade; a realidade do futuro da flexografia no Brasil, para que os clientes vejam de perto as solu\u00e7\u00f5es e, sobretudo, para a educa\u00e7\u00e3o e conhecimento do mercado.&#8221;, salientou <strong>Mauricio Contreras<\/strong>, gerente comercial para Am\u00e9rica Latina e \u00c1sia da Vianord Engineering.<\/p>\n\n\n\n<p>&#8220;A regi\u00e3o Sul possui grandes clicherias e convertedores e, sem d\u00favidas, precisava de um espa\u00e7o como este. Nossa parceria com a Zanatto \u00e9 muito boa e \u00e9 uma alegria fazer parte desse projeto com as solu\u00e7\u00f5es da GMG Color e Hybrid, ajudando os clientes a terem uma vis\u00e3o ampla de todo processo em um \u00fanico local&#8221;, disse Sidney <strong>Mauricio Silveira<\/strong>, da <a href=\"https:\/\/www.instagram.com\/wrr_starlaser\/\">WRR STARLASER<\/a>.<\/p>\n\n\n\n<p><strong>Leia mais em nosso blog:<\/strong><\/p>\n\n\n\n<p><strong><a href=\"https:\/\/projetopack.com.br\/en\/durst-inaugura-nova-sede-e-customer-experience-center-na-italia\/\">Durst inaugura nova sede e Customer Experience Center na It\u00e1lia<\/a><\/strong><\/p>","protected":false},"excerpt":{"rendered":"<p>A Zanatto Solu\u00e7\u00f5es Gr\u00e1ficas inaugurou seu Centro de Demonstra\u00e7\u00f5es especialmente focado no mercado de embalagens. Adair Zanatto, presidente da empresa, Edison Jos\u00e9 Gon\u00e7alves, diretor geral, e Robson Andr\u00e9 Esperan\u00e7a, gerente de flexografia, deram as boas-vindas a parceiros e fornecedores que estiveram em Curitiba para conhecer o novo espa\u00e7o. No novo Centro de Demonstra\u00e7\u00f5es, os clientes [&hellip;]<\/p>\n","protected":false},"author":2,"featured_media":48617,"comment_status":"open","ping_status":"closed","sticky":false,"template":"","format":"standard","meta":{"footnotes":""},"categories":[458],"tags":[252,111,149],"class_list":["post-48614","post","type-post","status-publish","format-standard","has-post-thumbnail","hentry","category-lancamentos","tag-clicheria","tag-flexografia","tag-prepress"],"yoast_head":"<!-- This site is optimized with the Yoast SEO Premium plugin v27.1 (Yoast SEO v27.1.1) - https:\/\/yoast.com\/product\/yoast-seo-premium-wordpress\/ -->\n<title>Zanatto Solu\u00e7\u00f5es Gr\u00e1ficas inaugura demo center focado no segmento de embalagens - ProjetoPack<\/title>\n<meta name=\"description\" content=\"A Zanatto Solu\u00e7\u00f5es Gr\u00e1ficas inaugurou seu Centro de Demonstra\u00e7\u00f5es especialmente focado no mercado de embalagens\" \/>\n<meta name=\"robots\" content=\"index, follow, max-snippet:-1, max-image-preview:large, max-video-preview:-1\" \/>\n<link rel=\"canonical\" href=\"https:\/\/projetopack.com.br\/en\/zanatto-solucoes-graficas-inaugura-demo-center-focado-no-segmento-de-embalagens\/\" \/>\n<meta property=\"og:locale\" content=\"en_US\" \/>\n<meta property=\"og:type\" content=\"article\" \/>\n<meta property=\"og:title\" content=\"Zanatto Solu\u00e7\u00f5es Gr\u00e1ficas inaugura demo center focado no segmento de embalagens\" \/>\n<meta property=\"og:description\" content=\"A Zanatto Solu\u00e7\u00f5es Gr\u00e1ficas inaugurou seu Centro de Demonstra\u00e7\u00f5es especialmente focado no mercado de embalagens\" \/>\n<meta property=\"og:url\" content=\"https:\/\/projetopack.com.br\/en\/zanatto-solucoes-graficas-inaugura-demo-center-focado-no-segmento-de-embalagens\/\" \/>\n<meta property=\"og:site_name\" content=\"ProjetoPack\" \/>\n<meta property=\"article:published_time\" content=\"2025-01-13T15:32:05+00:00\" \/>\n<meta property=\"article:modified_time\" content=\"2026-01-21T13:18:59+00:00\" \/>\n<meta property=\"og:image\" content=\"https:\/\/projetopack.com.br\/wp-content\/uploads\/2025\/01\/zantto_demo_center.png\" \/>\n\t<meta property=\"og:image:width\" content=\"900\" \/>\n\t<meta property=\"og:image:height\" content=\"675\" \/>\n\t<meta property=\"og:image:type\" content=\"image\/png\" \/>\n<meta name=\"author\" content=\"Aislan Baer\" \/>\n<meta name=\"twitter:card\" content=\"summary_large_image\" \/>\n<meta name=\"twitter:creator\" content=\"@ProjetoPack\" \/>\n<meta name=\"twitter:site\" content=\"@ProjetoPack\" \/>\n<meta name=\"twitter:label1\" content=\"Written by\" \/>\n\t<meta name=\"twitter:data1\" content=\"Aislan Baer\" \/>\n\t<meta name=\"twitter:label2\" content=\"Est. reading time\" \/>\n\t<meta name=\"twitter:data2\" content=\"2 minutes\" \/>\n<script type=\"application\/ld+json\" class=\"yoast-schema-graph\">{\"@context\":\"https:\/\/schema.org\",\"@graph\":[{\"@type\":\"Article\",\"@id\":\"https:\/\/projetopack.com.br\/zanatto-solucoes-graficas-inaugura-demo-center-focado-no-segmento-de-embalagens\/#article\",\"isPartOf\":{\"@id\":\"https:\/\/projetopack.com.br\/zanatto-solucoes-graficas-inaugura-demo-center-focado-no-segmento-de-embalagens\/\"},\"author\":{\"name\":\"Aislan Baer\",\"@id\":\"https:\/\/projetopack.com.br\/#\/schema\/person\/87cbd7d1e244880886d457815ebd2490\"},\"headline\":\"Zanatto Solu\u00e7\u00f5es Gr\u00e1ficas inaugura demo center focado no segmento de embalagens\",\"datePublished\":\"2025-01-13T15:32:05+00:00\",\"dateModified\":\"2026-01-21T13:18:59+00:00\",\"mainEntityOfPage\":{\"@id\":\"https:\/\/projetopack.com.br\/zanatto-solucoes-graficas-inaugura-demo-center-focado-no-segmento-de-embalagens\/\"},\"wordCount\":545,\"commentCount\":0,\"publisher\":{\"@id\":\"https:\/\/projetopack.com.br\/#organization\"},\"image\":{\"@id\":\"https:\/\/projetopack.com.br\/zanatto-solucoes-graficas-inaugura-demo-center-focado-no-segmento-de-embalagens\/#primaryimage\"},\"thumbnailUrl\":\"https:\/\/projetopack.com.br\/wp-content\/uploads\/2025\/01\/zantto_demo_center.png\",\"keywords\":[\"clicheria\",\"flexografia\",\"prepress\"],\"articleSection\":[\"Lan\u00e7amentos\"],\"inLanguage\":\"en-US\",\"potentialAction\":[{\"@type\":\"CommentAction\",\"name\":\"Comment\",\"target\":[\"https:\/\/projetopack.com.br\/zanatto-solucoes-graficas-inaugura-demo-center-focado-no-segmento-de-embalagens\/#respond\"]}]},{\"@type\":\"WebPage\",\"@id\":\"https:\/\/projetopack.com.br\/zanatto-solucoes-graficas-inaugura-demo-center-focado-no-segmento-de-embalagens\/\",\"url\":\"https:\/\/projetopack.com.br\/zanatto-solucoes-graficas-inaugura-demo-center-focado-no-segmento-de-embalagens\/\",\"name\":\"Zanatto Solu\u00e7\u00f5es Gr\u00e1ficas inaugura demo center focado no segmento de embalagens - ProjetoPack\",\"isPartOf\":{\"@id\":\"https:\/\/projetopack.com.br\/#website\"},\"primaryImageOfPage\":{\"@id\":\"https:\/\/projetopack.com.br\/zanatto-solucoes-graficas-inaugura-demo-center-focado-no-segmento-de-embalagens\/#primaryimage\"},\"image\":{\"@id\":\"https:\/\/projetopack.com.br\/zanatto-solucoes-graficas-inaugura-demo-center-focado-no-segmento-de-embalagens\/#primaryimage\"},\"thumbnailUrl\":\"https:\/\/projetopack.com.br\/wp-content\/uploads\/2025\/01\/zantto_demo_center.png\",\"datePublished\":\"2025-01-13T15:32:05+00:00\",\"dateModified\":\"2026-01-21T13:18:59+00:00\",\"description\":\"A Zanatto Solu\u00e7\u00f5es Gr\u00e1ficas inaugurou seu Centro de Demonstra\u00e7\u00f5es especialmente focado no mercado de embalagens\",\"breadcrumb\":{\"@id\":\"https:\/\/projetopack.com.br\/zanatto-solucoes-graficas-inaugura-demo-center-focado-no-segmento-de-embalagens\/#breadcrumb\"},\"inLanguage\":\"en-US\",\"potentialAction\":[{\"@type\":\"ReadAction\",\"target\":[\"https:\/\/projetopack.com.br\/zanatto-solucoes-graficas-inaugura-demo-center-focado-no-segmento-de-embalagens\/\"]}]},{\"@type\":\"ImageObject\",\"inLanguage\":\"en-US\",\"@id\":\"https:\/\/projetopack.com.br\/zanatto-solucoes-graficas-inaugura-demo-center-focado-no-segmento-de-embalagens\/#primaryimage\",\"url\":\"https:\/\/projetopack.com.br\/wp-content\/uploads\/2025\/01\/zantto_demo_center.png\",\"contentUrl\":\"https:\/\/projetopack.com.br\/wp-content\/uploads\/2025\/01\/zantto_demo_center.png\",\"width\":900,\"height\":675,\"caption\":\"Novo demo center Zanatto\"},{\"@type\":\"BreadcrumbList\",\"@id\":\"https:\/\/projetopack.com.br\/zanatto-solucoes-graficas-inaugura-demo-center-focado-no-segmento-de-embalagens\/#breadcrumb\",\"itemListElement\":[{\"@type\":\"ListItem\",\"position\":1,\"name\":\"P\u00e1gina Inicial\",\"item\":\"https:\/\/projetopack.com.br\/\"},{\"@type\":\"ListItem\",\"position\":2,\"name\":\"Lan\u00e7amentos\",\"item\":\"https:\/\/projetopack.com.br\/category\/lancamentos\/\"},{\"@type\":\"ListItem\",\"position\":3,\"name\":\"Zanatto Solu\u00e7\u00f5es Gr\u00e1ficas inaugura demo center focado no segmento de embalagens\"}]},{\"@type\":\"WebSite\",\"@id\":\"https:\/\/projetopack.com.br\/#website\",\"url\":\"https:\/\/projetopack.com.br\/\",\"name\":\"ProjetoPack\",\"description\":\"Consultoria e servi\u00e7os para embalagens, r\u00f3tulos, etiquetas e processos de impress\u00e3o\",\"publisher\":{\"@id\":\"https:\/\/projetopack.com.br\/#organization\"},\"potentialAction\":[{\"@type\":\"SearchAction\",\"target\":{\"@type\":\"EntryPoint\",\"urlTemplate\":\"https:\/\/projetopack.com.br\/?s={search_term_string}\"},\"query-input\":{\"@type\":\"PropertyValueSpecification\",\"valueRequired\":true,\"valueName\":\"search_term_string\"}}],\"inLanguage\":\"en-US\"},{\"@type\":\"Organization\",\"@id\":\"https:\/\/projetopack.com.br\/#organization\",\"name\":\"ProjetoPack & Associados\",\"url\":\"https:\/\/projetopack.com.br\/\",\"logo\":{\"@type\":\"ImageObject\",\"inLanguage\":\"en-US\",\"@id\":\"https:\/\/projetopack.com.br\/#\/schema\/logo\/image\/\",\"url\":\"https:\/\/projetopack.com.br\/wp-content\/uploads\/2020\/09\/projetopack.png\",\"contentUrl\":\"https:\/\/projetopack.com.br\/wp-content\/uploads\/2020\/09\/projetopack.png\",\"width\":200,\"height\":200,\"caption\":\"ProjetoPack & Associados\"},\"image\":{\"@id\":\"https:\/\/projetopack.com.br\/#\/schema\/logo\/image\/\"},\"sameAs\":[\"https:\/\/x.com\/ProjetoPack\",\"https:\/\/www.linkedin.com\/company\/projetopack\/\"]},{\"@type\":\"Person\",\"@id\":\"https:\/\/projetopack.com.br\/#\/schema\/person\/87cbd7d1e244880886d457815ebd2490\",\"name\":\"Aislan Baer\",\"image\":{\"@type\":\"ImageObject\",\"inLanguage\":\"en-US\",\"@id\":\"https:\/\/projetopack.com.br\/#\/schema\/person\/image\/\",\"url\":\"https:\/\/projetopack.com.br\/wp-content\/uploads\/2021\/08\/Aislan-Busto-p-100x100.jpg\",\"contentUrl\":\"https:\/\/projetopack.com.br\/wp-content\/uploads\/2021\/08\/Aislan-Busto-p-100x100.jpg\",\"caption\":\"Aislan Baer\"},\"description\":\"Desde os \u00faltimos 20 anos, meu time e eu ajudamos mais de 300 empresas brasileiras e estrangeiras (algumas delas, l\u00edderes mundiais) a produzir embalagens flex\u00edveis e r\u00f3tulos com maior efici\u00eancia, menores custos e maior apelo visual, bem como centenas de donos de marcas a comprar suas embalagens flex\u00edveis e material impresso com um crit\u00e9rio mais t\u00e9cnico e assertivo. Ao mesmo tempo, gra\u00e7as \u00e0 nossa consultoria, muitas destas empresas melhoraram significativamente o seu processo de Impress\u00e3o (Impress\u00e3o de embalagens, Impress\u00e3o industrial, Impress\u00e3o funcional e, mais recentemente, bio impress\u00e3o e manufatura aditiva ou simplesmente Impress\u00e3o 3D). Se a sua empresa tem um problema relacionado a embalagens flex\u00edveis, r\u00f3tulos ou Impress\u00e3o, por mais insol\u00favel que lhe pare\u00e7a, aguardamos ansiosos a sua liga\u00e7\u00e3o ou e-mail. Este \u00e9 nosso trabalho e tamb\u00e9m a nossa paix\u00e3o.\",\"sameAs\":[\"http:\/\/www.projetopack.com\",\"https:\/\/www.linkedin.com\/in\/aislanbaer\/\"],\"jobTitle\":\"CEO @ ProjetoPack | L\u00edder em M&A no Setor de Impress\u00e3o e Embalagens no Brasil | Cofundador da Inovagraf e Neuraflow | Especialista em Inova\u00e7\u00e3o com IA na Impress\u00e3o | Printing Legacy Initiative | Empreendedor Serial\",\"url\":\"https:\/\/projetopack.com.br\/en\/author\/aislan\/\"}]}<\/script>\n<!-- \/ Yoast SEO Premium plugin. -->","yoast_head_json":{"title":"Zanatto Solu\u00e7\u00f5es Gr\u00e1ficas inaugura demo center focado no segmento de embalagens - ProjetoPack","description":"A Zanatto Solu\u00e7\u00f5es Gr\u00e1ficas inaugurou seu Centro de Demonstra\u00e7\u00f5es especialmente focado no mercado de embalagens","robots":{"index":"index","follow":"follow","max-snippet":"max-snippet:-1","max-image-preview":"max-image-preview:large","max-video-preview":"max-video-preview:-1"},"canonical":"https:\/\/projetopack.com.br\/en\/zanatto-solucoes-graficas-inaugura-demo-center-focado-no-segmento-de-embalagens\/","og_locale":"en_US","og_type":"article","og_title":"Zanatto Solu\u00e7\u00f5es Gr\u00e1ficas inaugura demo center focado no segmento de embalagens","og_description":"A Zanatto Solu\u00e7\u00f5es Gr\u00e1ficas inaugurou seu Centro de Demonstra\u00e7\u00f5es especialmente focado no mercado de embalagens","og_url":"https:\/\/projetopack.com.br\/en\/zanatto-solucoes-graficas-inaugura-demo-center-focado-no-segmento-de-embalagens\/","og_site_name":"ProjetoPack","article_published_time":"2025-01-13T15:32:05+00:00","article_modified_time":"2026-01-21T13:18:59+00:00","og_image":[{"width":900,"height":675,"url":"https:\/\/projetopack.com.br\/wp-content\/uploads\/2025\/01\/zantto_demo_center.png","type":"image\/png"}],"author":"Aislan Baer","twitter_card":"summary_large_image","twitter_creator":"@ProjetoPack","twitter_site":"@ProjetoPack","twitter_misc":{"Written by":"Aislan Baer","Est. reading time":"2 minutes"},"schema":{"@context":"https:\/\/schema.org","@graph":[{"@type":"Article","@id":"https:\/\/projetopack.com.br\/zanatto-solucoes-graficas-inaugura-demo-center-focado-no-segmento-de-embalagens\/#article","isPartOf":{"@id":"https:\/\/projetopack.com.br\/zanatto-solucoes-graficas-inaugura-demo-center-focado-no-segmento-de-embalagens\/"},"author":{"name":"Aislan Baer","@id":"https:\/\/projetopack.com.br\/#\/schema\/person\/87cbd7d1e244880886d457815ebd2490"},"headline":"Zanatto Solu\u00e7\u00f5es Gr\u00e1ficas inaugura demo center focado no segmento de embalagens","datePublished":"2025-01-13T15:32:05+00:00","dateModified":"2026-01-21T13:18:59+00:00","mainEntityOfPage":{"@id":"https:\/\/projetopack.com.br\/zanatto-solucoes-graficas-inaugura-demo-center-focado-no-segmento-de-embalagens\/"},"wordCount":545,"commentCount":0,"publisher":{"@id":"https:\/\/projetopack.com.br\/#organization"},"image":{"@id":"https:\/\/projetopack.com.br\/zanatto-solucoes-graficas-inaugura-demo-center-focado-no-segmento-de-embalagens\/#primaryimage"},"thumbnailUrl":"https:\/\/projetopack.com.br\/wp-content\/uploads\/2025\/01\/zantto_demo_center.png","keywords":["clicheria","flexografia","prepress"],"articleSection":["Lan\u00e7amentos"],"inLanguage":"en-US","potentialAction":[{"@type":"CommentAction","name":"Comment","target":["https:\/\/projetopack.com.br\/zanatto-solucoes-graficas-inaugura-demo-center-focado-no-segmento-de-embalagens\/#respond"]}]},{"@type":"WebPage","@id":"https:\/\/projetopack.com.br\/zanatto-solucoes-graficas-inaugura-demo-center-focado-no-segmento-de-embalagens\/","url":"https:\/\/projetopack.com.br\/zanatto-solucoes-graficas-inaugura-demo-center-focado-no-segmento-de-embalagens\/","name":"Zanatto Solu\u00e7\u00f5es Gr\u00e1ficas inaugura demo center focado no segmento de embalagens - ProjetoPack","isPartOf":{"@id":"https:\/\/projetopack.com.br\/#website"},"primaryImageOfPage":{"@id":"https:\/\/projetopack.com.br\/zanatto-solucoes-graficas-inaugura-demo-center-focado-no-segmento-de-embalagens\/#primaryimage"},"image":{"@id":"https:\/\/projetopack.com.br\/zanatto-solucoes-graficas-inaugura-demo-center-focado-no-segmento-de-embalagens\/#primaryimage"},"thumbnailUrl":"https:\/\/projetopack.com.br\/wp-content\/uploads\/2025\/01\/zantto_demo_center.png","datePublished":"2025-01-13T15:32:05+00:00","dateModified":"2026-01-21T13:18:59+00:00","description":"A Zanatto Solu\u00e7\u00f5es Gr\u00e1ficas inaugurou seu Centro de Demonstra\u00e7\u00f5es especialmente focado no mercado de embalagens","breadcrumb":{"@id":"https:\/\/projetopack.com.br\/zanatto-solucoes-graficas-inaugura-demo-center-focado-no-segmento-de-embalagens\/#breadcrumb"},"inLanguage":"en-US","potentialAction":[{"@type":"ReadAction","target":["https:\/\/projetopack.com.br\/zanatto-solucoes-graficas-inaugura-demo-center-focado-no-segmento-de-embalagens\/"]}]},{"@type":"ImageObject","inLanguage":"en-US","@id":"https:\/\/projetopack.com.br\/zanatto-solucoes-graficas-inaugura-demo-center-focado-no-segmento-de-embalagens\/#primaryimage","url":"https:\/\/projetopack.com.br\/wp-content\/uploads\/2025\/01\/zantto_demo_center.png","contentUrl":"https:\/\/projetopack.com.br\/wp-content\/uploads\/2025\/01\/zantto_demo_center.png","width":900,"height":675,"caption":"Novo demo center Zanatto"},{"@type":"BreadcrumbList","@id":"https:\/\/projetopack.com.br\/zanatto-solucoes-graficas-inaugura-demo-center-focado-no-segmento-de-embalagens\/#breadcrumb","itemListElement":[{"@type":"ListItem","position":1,"name":"P\u00e1gina Inicial","item":"https:\/\/projetopack.com.br\/"},{"@type":"ListItem","position":2,"name":"Lan\u00e7amentos","item":"https:\/\/projetopack.com.br\/category\/lancamentos\/"},{"@type":"ListItem","position":3,"name":"Zanatto Solu\u00e7\u00f5es Gr\u00e1ficas inaugura demo center focado no segmento de embalagens"}]},{"@type":"WebSite","@id":"https:\/\/projetopack.com.br\/#website","url":"https:\/\/projetopack.com.br\/","name":"ProjetoPack","description":"Consultoria e servi\u00e7os para embalagens, r\u00f3tulos, etiquetas e processos de impress\u00e3o","publisher":{"@id":"https:\/\/projetopack.com.br\/#organization"},"potentialAction":[{"@type":"SearchAction","target":{"@type":"EntryPoint","urlTemplate":"https:\/\/projetopack.com.br\/?s={search_term_string}"},"query-input":{"@type":"PropertyValueSpecification","valueRequired":true,"valueName":"search_term_string"}}],"inLanguage":"en-US"},{"@type":"Organization","@id":"https:\/\/projetopack.com.br\/#organization","name":"ProjetoPack & Associados","url":"https:\/\/projetopack.com.br\/","logo":{"@type":"ImageObject","inLanguage":"en-US","@id":"https:\/\/projetopack.com.br\/#\/schema\/logo\/image\/","url":"https:\/\/projetopack.com.br\/wp-content\/uploads\/2020\/09\/projetopack.png","contentUrl":"https:\/\/projetopack.com.br\/wp-content\/uploads\/2020\/09\/projetopack.png","width":200,"height":200,"caption":"ProjetoPack & Associados"},"image":{"@id":"https:\/\/projetopack.com.br\/#\/schema\/logo\/image\/"},"sameAs":["https:\/\/x.com\/ProjetoPack","https:\/\/www.linkedin.com\/company\/projetopack\/"]},{"@type":"Person","@id":"https:\/\/projetopack.com.br\/#\/schema\/person\/87cbd7d1e244880886d457815ebd2490","name":"Aislan Baer","image":{"@type":"ImageObject","inLanguage":"en-US","@id":"https:\/\/projetopack.com.br\/#\/schema\/person\/image\/","url":"https:\/\/projetopack.com.br\/wp-content\/uploads\/2021\/08\/Aislan-Busto-p-100x100.jpg","contentUrl":"https:\/\/projetopack.com.br\/wp-content\/uploads\/2021\/08\/Aislan-Busto-p-100x100.jpg","caption":"Aislan Baer"},"description":"Desde os \u00faltimos 20 anos, meu time e eu ajudamos mais de 300 empresas brasileiras e estrangeiras (algumas delas, l\u00edderes mundiais) a produzir embalagens flex\u00edveis e r\u00f3tulos com maior efici\u00eancia, menores custos e maior apelo visual, bem como centenas de donos de marcas a comprar suas embalagens flex\u00edveis e material impresso com um crit\u00e9rio mais t\u00e9cnico e assertivo. Ao mesmo tempo, gra\u00e7as \u00e0 nossa consultoria, muitas destas empresas melhoraram significativamente o seu processo de Impress\u00e3o (Impress\u00e3o de embalagens, Impress\u00e3o industrial, Impress\u00e3o funcional e, mais recentemente, bio impress\u00e3o e manufatura aditiva ou simplesmente Impress\u00e3o 3D). Se a sua empresa tem um problema relacionado a embalagens flex\u00edveis, r\u00f3tulos ou Impress\u00e3o, por mais insol\u00favel que lhe pare\u00e7a, aguardamos ansiosos a sua liga\u00e7\u00e3o ou e-mail. Este \u00e9 nosso trabalho e tamb\u00e9m a nossa paix\u00e3o.","sameAs":["http:\/\/www.projetopack.com","https:\/\/www.linkedin.com\/in\/aislanbaer\/"],"jobTitle":"CEO @ ProjetoPack | L\u00edder em M&A no Setor de Impress\u00e3o e Embalagens no Brasil | Cofundador da Inovagraf e Neuraflow | Especialista em Inova\u00e7\u00e3o com IA na Impress\u00e3o | Printing Legacy Initiative | Empreendedor Serial","url":"https:\/\/projetopack.com.br\/en\/author\/aislan\/"}]}},"_links":{"self":[{"href":"https:\/\/projetopack.com.br\/en\/wp-json\/wp\/v2\/posts\/48614","targetHints":{"allow":["GET"]}}],"collection":[{"href":"https:\/\/projetopack.com.br\/en\/wp-json\/wp\/v2\/posts"}],"about":[{"href":"https:\/\/projetopack.com.br\/en\/wp-json\/wp\/v2\/types\/post"}],"author":[{"embeddable":true,"href":"https:\/\/projetopack.com.br\/en\/wp-json\/wp\/v2\/users\/2"}],"replies":[{"embeddable":true,"href":"https:\/\/projetopack.com.br\/en\/wp-json\/wp\/v2\/comments?post=48614"}],"version-history":[{"count":0,"href":"https:\/\/projetopack.com.br\/en\/wp-json\/wp\/v2\/posts\/48614\/revisions"}],"wp:featuredmedia":[{"embeddable":true,"href":"https:\/\/projetopack.com.br\/en\/wp-json\/wp\/v2\/media\/48617"}],"wp:attachment":[{"href":"https:\/\/projetopack.com.br\/en\/wp-json\/wp\/v2\/media?parent=48614"}],"wp:term":[{"taxonomy":"category","embeddable":true,"href":"https:\/\/projetopack.com.br\/en\/wp-json\/wp\/v2\/categories?post=48614"},{"taxonomy":"post_tag","embeddable":true,"href":"https:\/\/projetopack.com.br\/en\/wp-json\/wp\/v2\/tags?post=48614"}],"curies":[{"name":"wp","href":"https:\/\/api.w.org\/{rel}","templated":true}]}}