{"id":5348,"date":"2020-02-27T15:06:24","date_gmt":"2020-02-27T18:06:24","guid":{"rendered":"http:\/\/www.projetopack.com.br\/2020\/?p=5348"},"modified":"2021-09-11T17:13:17","modified_gmt":"2021-09-11T20:13:17","slug":"projetopack-em-revista-dedica-todo-o-ano-a-pauta-especial-de-sustentabilidade-na-cadeia-de-embalagens-flexiveis","status":"publish","type":"post","link":"https:\/\/projetopack.com.br\/en\/projetopack-em-revista-dedica-todo-o-ano-a-pauta-especial-de-sustentabilidade-na-cadeia-de-embalagens-flexiveis\/","title":{"rendered":"ProjetoPack em Revista dedica todo o ano \u00e0 pauta especial de sustentabilidade na cadeia de embalagens flex\u00edveis."},"content":{"rendered":"<p>Come\u00e7amos o ano de 2020 bastante motivados em dar sequ\u00eancia \u00e0 pauta especial de sustentabilidade na cadeia de embalagens flex\u00edveis, etiquetas e r\u00f3tulos \u2013 muito embora os conceitos sejam universais no \u00e2mbito de quaisquer ind\u00fastrias gr\u00e1ficas e convertedoras.<\/p>\n\n\n\n<p>N\u00e3o temos a pretens\u00e3o de trazer respostas definitivas a esta intrincada quest\u00e3o do pl\u00e1stico e do meio-ambiente, mas contribuir positivamente \u00e0 discuss\u00e3o, abordando pontos de vista complementares ou antag\u00f4nicos oriundos dos diversos participantes da cadeia, esmiu\u00e7ando detalhes de tecnologia e buscando sempre o contradit\u00f3rio. Nossos quase dezoito anos de consultoria no ch\u00e3o-de-f\u00e1brica nos ensinaram que \u00e9 no contradit\u00f3rio \u2013 no ponto fora da curva \u2013 que se encontra a mat\u00e9ria-prima para a gera\u00e7\u00e3o de ideias disruptivas.<\/p>\n\n\n\n<p>Assim sendo, o primeiro artigo central desta pauta delicada suscita a reflex\u00e3o acerca de um dos tr\u00eas pilares dos chamados 3R\u2019s \u2013 o ato de \u201cReduzir\u201d (os outros s\u00e3o Reutilizar e Reciclar; mais recentemente, um quarto R tem sido apresentado \u2013 o \u201cRepensar\u201d).<\/p>\n\n\n\n<p>Quando falamos de embalagens, a primeira onda de sustentabilidade \u00e9 a redu\u00e7\u00e3o: diminuir a \u00e1rea e a espessura totais. Espessura cada vez mais fina \u00e9 um pedido t\u00e3o recorrente dos donos das marcas, que se tornou quase um mantra. Mas ser\u00e1 que essa \u201canorexia\u201d das embalagens tamb\u00e9m n\u00e3o resultaria em alguns efeitos colaterais nocivos? Entregar embalagens finas demais poderia, de alguma forma, comprometer a integridade do produto ou reduzir o seu tempo-de-vida em prateleira? Ou ainda, gerar um \u00edndice de aparas na convers\u00e3o maior, por conta da dificuldade operacional em manter, por exemplo, acurado controle de tens\u00e3o no manuseio de pel\u00edculas t\u00e3o finas? E, se isso de fato ocorre, o modelo de avalia\u00e7\u00e3o da sustentabilidade adotado pelo comprador n\u00e3o deveria considerar estas quest\u00f5es?<\/p>\n\n\n\n<p>\u201cTudo o que \u00e9 excessivo, traz preju\u00edzos \u00e0 sa\u00fade\u201d, j\u00e1 diziam sabiamente as nossas m\u00e3es.<\/p>\n\n\n\n<p>Temos tantos outros artigos interessantes nesta e nas pr\u00f3ximas edi\u00e7\u00f5es, que voc\u00ea n\u00e3o pode perder. Avise aos amigos do trabalho e colegas de profiss\u00e3o. Quando mais gente debatendo, mais positiva e sensata ser\u00e1 a concilia\u00e7\u00e3o entre meio-ambiente, pl\u00e1stico e embalagens.<\/p>\n\n\n\n<p>Por fim, iniciamos tamb\u00e9m um projeto especial junto a parceiros da cadeia. Os convertedores Camargo Embalagens e Lamine, juntamente com outros colaboradores diretos e indiretos, aventuraram-se conosco na concep\u00e7\u00e3o e produ\u00e7\u00e3o de envelopes para a ProjetoPack em Revista, com materiais especiais \u2013 desde filmes mais finos at\u00e9 os compost\u00e1veis, os quais acompanhar\u00e3o a revista a cada edi\u00e7\u00e3o. N\u00e3o percam.<\/p>\n\n\n\n<p>Os nossos assinantes poder\u00e3o baixar o aplicativo gratuito Ready4AR na Google Play ou Apple Store \u2013 \u00e9 f\u00e1cil e r\u00e1pido. Em seguida, abrir o aplicativo e a c\u00e2mera do seu dispositivo m\u00f3vel para a face frontal do envelope e assistir o v\u00eddeo, especialmente produzido para explicar os detalhes do projeto e da pauta de sustentabilidade de 2020. Para voc\u00ea que \u00e9 tamb\u00e9m nosso parceiro e acompanha de perto o nosso trabalho, assista o v\u00eddeo aqui!<\/p>\n\n\n\n<figure class=\"wp-block-video\"><video controls src=\"https:\/\/projetopack.com.br\/wp-content\/uploads\/2020\/02\/VID-20200207-WA0024.mp4\"><\/video><\/figure>","protected":false},"excerpt":{"rendered":"<p>Come\u00e7amos o ano de 2020 bastante motivados em dar sequ\u00eancia \u00e0 pauta especial de sustentabilidade na cadeia de embalagens flex\u00edveis, etiquetas e r\u00f3tulos \u2013 muito embora os conceitos sejam universais no \u00e2mbito de quaisquer ind\u00fastrias gr\u00e1ficas e convertedoras. N\u00e3o temos a pretens\u00e3o de trazer respostas definitivas a esta intrincada quest\u00e3o do pl\u00e1stico e do meio-ambiente, [&hellip;]<\/p>\n","protected":false},"author":12,"featured_media":0,"comment_status":"open","ping_status":"open","sticky":false,"template":"","format":"standard","meta":{"footnotes":""},"categories":[877,236],"tags":[],"class_list":["post-5348","post","type-post","status-publish","format-standard","hentry","category-arquivo","category-projetopack-em-revista"],"yoast_head":"<!-- This site is optimized with the Yoast SEO Premium plugin v27.1 (Yoast SEO v27.1.1) - https:\/\/yoast.com\/product\/yoast-seo-premium-wordpress\/ -->\n<title>ProjetoPack em Revista dedica todo o ano \u00e0 pauta especial de sustentabilidade na cadeia de embalagens flex\u00edveis. - ProjetoPack<\/title>\n<meta name=\"description\" content=\"Confira o melhor conte\u00fado sobre tecnologia, design e gest\u00e3o de embalagens flex\u00edveis, r\u00f3tulos e impress\u00e3o.\" \/>\n<meta name=\"robots\" content=\"index, follow, max-snippet:-1, max-image-preview:large, max-video-preview:-1\" \/>\n<link rel=\"canonical\" href=\"https:\/\/projetopack.com.br\/en\/projetopack-em-revista-dedica-todo-o-ano-a-pauta-especial-de-sustentabilidade-na-cadeia-de-embalagens-flexiveis\/\" \/>\n<meta property=\"og:locale\" content=\"en_US\" \/>\n<meta property=\"og:type\" content=\"article\" \/>\n<meta property=\"og:title\" content=\"ProjetoPack em Revista dedica todo o ano \u00e0 pauta especial de sustentabilidade na cadeia de embalagens flex\u00edveis.\" \/>\n<meta property=\"og:description\" content=\"Confira o melhor conte\u00fado sobre tecnologia, design e gest\u00e3o de embalagens flex\u00edveis, r\u00f3tulos e impress\u00e3o.\" \/>\n<meta property=\"og:url\" content=\"https:\/\/projetopack.com.br\/en\/projetopack-em-revista-dedica-todo-o-ano-a-pauta-especial-de-sustentabilidade-na-cadeia-de-embalagens-flexiveis\/\" \/>\n<meta property=\"og:site_name\" content=\"ProjetoPack\" \/>\n<meta property=\"article:published_time\" content=\"2020-02-27T18:06:24+00:00\" \/>\n<meta property=\"article:modified_time\" content=\"2021-09-11T20:13:17+00:00\" \/>\n<meta property=\"og:image\" content=\"https:\/\/projetopack.com.br\/wp-content\/uploads\/2020\/06\/Capa-1200x630-1.png\" \/>\n\t<meta property=\"og:image:width\" content=\"1200\" \/>\n\t<meta property=\"og:image:height\" content=\"630\" \/>\n\t<meta property=\"og:image:type\" content=\"image\/png\" \/>\n<meta name=\"author\" content=\"Murilo Pinto Pereira\" \/>\n<meta name=\"twitter:card\" content=\"summary_large_image\" \/>\n<meta name=\"twitter:creator\" content=\"@ProjetoPack\" \/>\n<meta name=\"twitter:site\" content=\"@ProjetoPack\" \/>\n<meta name=\"twitter:label1\" content=\"Written by\" \/>\n\t<meta name=\"twitter:data1\" content=\"Murilo Pinto Pereira\" \/>\n\t<meta name=\"twitter:label2\" content=\"Est. reading time\" \/>\n\t<meta name=\"twitter:data2\" content=\"3 minutes\" \/>\n<script type=\"application\/ld+json\" class=\"yoast-schema-graph\">{\"@context\":\"https:\/\/schema.org\",\"@graph\":[{\"@type\":\"Article\",\"@id\":\"https:\/\/projetopack.com.br\/en\/projetopack-em-revista-dedica-todo-o-ano-a-pauta-especial-de-sustentabilidade-na-cadeia-de-embalagens-flexiveis\/#article\",\"isPartOf\":{\"@id\":\"https:\/\/projetopack.com.br\/en\/projetopack-em-revista-dedica-todo-o-ano-a-pauta-especial-de-sustentabilidade-na-cadeia-de-embalagens-flexiveis\/\"},\"author\":{\"name\":\"Murilo Pinto Pereira\",\"@id\":\"https:\/\/projetopack.com.br\/#\/schema\/person\/6e860f8340d3f2e089f05382c00b3e4b\"},\"headline\":\"ProjetoPack em Revista dedica todo o ano \u00e0 pauta especial de sustentabilidade na cadeia de embalagens flex\u00edveis.\",\"datePublished\":\"2020-02-27T18:06:24+00:00\",\"dateModified\":\"2021-09-11T20:13:17+00:00\",\"mainEntityOfPage\":{\"@id\":\"https:\/\/projetopack.com.br\/en\/projetopack-em-revista-dedica-todo-o-ano-a-pauta-especial-de-sustentabilidade-na-cadeia-de-embalagens-flexiveis\/\"},\"wordCount\":527,\"commentCount\":0,\"publisher\":{\"@id\":\"https:\/\/projetopack.com.br\/#organization\"},\"articleSection\":[\"Arquivo\",\"ProjetoPack em revista\"],\"inLanguage\":\"en-US\",\"potentialAction\":[{\"@type\":\"CommentAction\",\"name\":\"Comment\",\"target\":[\"https:\/\/projetopack.com.br\/en\/projetopack-em-revista-dedica-todo-o-ano-a-pauta-especial-de-sustentabilidade-na-cadeia-de-embalagens-flexiveis\/#respond\"]}]},{\"@type\":\"WebPage\",\"@id\":\"https:\/\/projetopack.com.br\/en\/projetopack-em-revista-dedica-todo-o-ano-a-pauta-especial-de-sustentabilidade-na-cadeia-de-embalagens-flexiveis\/\",\"url\":\"https:\/\/projetopack.com.br\/en\/projetopack-em-revista-dedica-todo-o-ano-a-pauta-especial-de-sustentabilidade-na-cadeia-de-embalagens-flexiveis\/\",\"name\":\"ProjetoPack em Revista dedica todo o ano \u00e0 pauta especial de sustentabilidade na cadeia de embalagens flex\u00edveis. - ProjetoPack\",\"isPartOf\":{\"@id\":\"https:\/\/projetopack.com.br\/#website\"},\"datePublished\":\"2020-02-27T18:06:24+00:00\",\"dateModified\":\"2021-09-11T20:13:17+00:00\",\"description\":\"Confira o melhor conte\u00fado sobre tecnologia, design e gest\u00e3o de embalagens flex\u00edveis, r\u00f3tulos e impress\u00e3o.\",\"breadcrumb\":{\"@id\":\"https:\/\/projetopack.com.br\/en\/projetopack-em-revista-dedica-todo-o-ano-a-pauta-especial-de-sustentabilidade-na-cadeia-de-embalagens-flexiveis\/#breadcrumb\"},\"inLanguage\":\"en-US\",\"potentialAction\":[{\"@type\":\"ReadAction\",\"target\":[\"https:\/\/projetopack.com.br\/en\/projetopack-em-revista-dedica-todo-o-ano-a-pauta-especial-de-sustentabilidade-na-cadeia-de-embalagens-flexiveis\/\"]}]},{\"@type\":\"BreadcrumbList\",\"@id\":\"https:\/\/projetopack.com.br\/en\/projetopack-em-revista-dedica-todo-o-ano-a-pauta-especial-de-sustentabilidade-na-cadeia-de-embalagens-flexiveis\/#breadcrumb\",\"itemListElement\":[{\"@type\":\"ListItem\",\"position\":1,\"name\":\"P\u00e1gina Inicial\",\"item\":\"https:\/\/projetopack.com.br\/\"},{\"@type\":\"ListItem\",\"position\":2,\"name\":\"ProjetoPack em revista\",\"item\":\"https:\/\/projetopack.com.br\/en\/category\/projetopack-em-revista\/\"},{\"@type\":\"ListItem\",\"position\":3,\"name\":\"ProjetoPack em Revista dedica todo o ano \u00e0 pauta especial de sustentabilidade na cadeia de embalagens flex\u00edveis.\"}]},{\"@type\":\"WebSite\",\"@id\":\"https:\/\/projetopack.com.br\/#website\",\"url\":\"https:\/\/projetopack.com.br\/\",\"name\":\"ProjetoPack\",\"description\":\"Consultoria e servi\u00e7os para embalagens, r\u00f3tulos, etiquetas e processos de impress\u00e3o\",\"publisher\":{\"@id\":\"https:\/\/projetopack.com.br\/#organization\"},\"potentialAction\":[{\"@type\":\"SearchAction\",\"target\":{\"@type\":\"EntryPoint\",\"urlTemplate\":\"https:\/\/projetopack.com.br\/?s={search_term_string}\"},\"query-input\":{\"@type\":\"PropertyValueSpecification\",\"valueRequired\":true,\"valueName\":\"search_term_string\"}}],\"inLanguage\":\"en-US\"},{\"@type\":\"Organization\",\"@id\":\"https:\/\/projetopack.com.br\/#organization\",\"name\":\"ProjetoPack & Associados\",\"url\":\"https:\/\/projetopack.com.br\/\",\"logo\":{\"@type\":\"ImageObject\",\"inLanguage\":\"en-US\",\"@id\":\"https:\/\/projetopack.com.br\/#\/schema\/logo\/image\/\",\"url\":\"https:\/\/projetopack.com.br\/wp-content\/uploads\/2020\/09\/projetopack.png\",\"contentUrl\":\"https:\/\/projetopack.com.br\/wp-content\/uploads\/2020\/09\/projetopack.png\",\"width\":200,\"height\":200,\"caption\":\"ProjetoPack & Associados\"},\"image\":{\"@id\":\"https:\/\/projetopack.com.br\/#\/schema\/logo\/image\/\"},\"sameAs\":[\"https:\/\/x.com\/ProjetoPack\",\"https:\/\/www.linkedin.com\/company\/projetopack\/\"]},{\"@type\":\"Person\",\"@id\":\"https:\/\/projetopack.com.br\/#\/schema\/person\/6e860f8340d3f2e089f05382c00b3e4b\",\"name\":\"Murilo Pinto Pereira\",\"image\":{\"@type\":\"ImageObject\",\"inLanguage\":\"en-US\",\"@id\":\"https:\/\/projetopack.com.br\/#\/schema\/person\/image\/\",\"url\":\"https:\/\/secure.gravatar.com\/avatar\/e88bd6a2108abef484e059b32103eaab8e51ed452ebb33926c80dea054c7e6c7?s=96&d=mm&r=g\",\"contentUrl\":\"https:\/\/secure.gravatar.com\/avatar\/e88bd6a2108abef484e059b32103eaab8e51ed452ebb33926c80dea054c7e6c7?s=96&d=mm&r=g\",\"caption\":\"Murilo Pinto Pereira\"},\"sameAs\":[\"http:\/\/murilopereira.com.br\/\"],\"url\":\"https:\/\/projetopack.com.br\/en\/author\/murilo\/\"}]}<\/script>\n<!-- \/ Yoast SEO Premium plugin. -->","yoast_head_json":{"title":"ProjetoPack em Revista dedica todo o ano \u00e0 pauta especial de sustentabilidade na cadeia de embalagens flex\u00edveis. - ProjetoPack","description":"Confira o melhor conte\u00fado sobre tecnologia, design e gest\u00e3o de embalagens flex\u00edveis, r\u00f3tulos e impress\u00e3o.","robots":{"index":"index","follow":"follow","max-snippet":"max-snippet:-1","max-image-preview":"max-image-preview:large","max-video-preview":"max-video-preview:-1"},"canonical":"https:\/\/projetopack.com.br\/en\/projetopack-em-revista-dedica-todo-o-ano-a-pauta-especial-de-sustentabilidade-na-cadeia-de-embalagens-flexiveis\/","og_locale":"en_US","og_type":"article","og_title":"ProjetoPack em Revista dedica todo o ano \u00e0 pauta especial de sustentabilidade na cadeia de embalagens flex\u00edveis.","og_description":"Confira o melhor conte\u00fado sobre tecnologia, design e gest\u00e3o de embalagens flex\u00edveis, r\u00f3tulos e impress\u00e3o.","og_url":"https:\/\/projetopack.com.br\/en\/projetopack-em-revista-dedica-todo-o-ano-a-pauta-especial-de-sustentabilidade-na-cadeia-de-embalagens-flexiveis\/","og_site_name":"ProjetoPack","article_published_time":"2020-02-27T18:06:24+00:00","article_modified_time":"2021-09-11T20:13:17+00:00","og_image":[{"width":1200,"height":630,"url":"https:\/\/projetopack.com.br\/wp-content\/uploads\/2020\/06\/Capa-1200x630-1.png","type":"image\/png"}],"author":"Murilo Pinto Pereira","twitter_card":"summary_large_image","twitter_creator":"@ProjetoPack","twitter_site":"@ProjetoPack","twitter_misc":{"Written by":"Murilo Pinto Pereira","Est. reading time":"3 minutes"},"schema":{"@context":"https:\/\/schema.org","@graph":[{"@type":"Article","@id":"https:\/\/projetopack.com.br\/en\/projetopack-em-revista-dedica-todo-o-ano-a-pauta-especial-de-sustentabilidade-na-cadeia-de-embalagens-flexiveis\/#article","isPartOf":{"@id":"https:\/\/projetopack.com.br\/en\/projetopack-em-revista-dedica-todo-o-ano-a-pauta-especial-de-sustentabilidade-na-cadeia-de-embalagens-flexiveis\/"},"author":{"name":"Murilo Pinto Pereira","@id":"https:\/\/projetopack.com.br\/#\/schema\/person\/6e860f8340d3f2e089f05382c00b3e4b"},"headline":"ProjetoPack em Revista dedica todo o ano \u00e0 pauta especial de sustentabilidade na cadeia de embalagens flex\u00edveis.","datePublished":"2020-02-27T18:06:24+00:00","dateModified":"2021-09-11T20:13:17+00:00","mainEntityOfPage":{"@id":"https:\/\/projetopack.com.br\/en\/projetopack-em-revista-dedica-todo-o-ano-a-pauta-especial-de-sustentabilidade-na-cadeia-de-embalagens-flexiveis\/"},"wordCount":527,"commentCount":0,"publisher":{"@id":"https:\/\/projetopack.com.br\/#organization"},"articleSection":["Arquivo","ProjetoPack em revista"],"inLanguage":"en-US","potentialAction":[{"@type":"CommentAction","name":"Comment","target":["https:\/\/projetopack.com.br\/en\/projetopack-em-revista-dedica-todo-o-ano-a-pauta-especial-de-sustentabilidade-na-cadeia-de-embalagens-flexiveis\/#respond"]}]},{"@type":"WebPage","@id":"https:\/\/projetopack.com.br\/en\/projetopack-em-revista-dedica-todo-o-ano-a-pauta-especial-de-sustentabilidade-na-cadeia-de-embalagens-flexiveis\/","url":"https:\/\/projetopack.com.br\/en\/projetopack-em-revista-dedica-todo-o-ano-a-pauta-especial-de-sustentabilidade-na-cadeia-de-embalagens-flexiveis\/","name":"ProjetoPack em Revista dedica todo o ano \u00e0 pauta especial de sustentabilidade na cadeia de embalagens flex\u00edveis. - ProjetoPack","isPartOf":{"@id":"https:\/\/projetopack.com.br\/#website"},"datePublished":"2020-02-27T18:06:24+00:00","dateModified":"2021-09-11T20:13:17+00:00","description":"Confira o melhor conte\u00fado sobre tecnologia, design e gest\u00e3o de embalagens flex\u00edveis, r\u00f3tulos e impress\u00e3o.","breadcrumb":{"@id":"https:\/\/projetopack.com.br\/en\/projetopack-em-revista-dedica-todo-o-ano-a-pauta-especial-de-sustentabilidade-na-cadeia-de-embalagens-flexiveis\/#breadcrumb"},"inLanguage":"en-US","potentialAction":[{"@type":"ReadAction","target":["https:\/\/projetopack.com.br\/en\/projetopack-em-revista-dedica-todo-o-ano-a-pauta-especial-de-sustentabilidade-na-cadeia-de-embalagens-flexiveis\/"]}]},{"@type":"BreadcrumbList","@id":"https:\/\/projetopack.com.br\/en\/projetopack-em-revista-dedica-todo-o-ano-a-pauta-especial-de-sustentabilidade-na-cadeia-de-embalagens-flexiveis\/#breadcrumb","itemListElement":[{"@type":"ListItem","position":1,"name":"P\u00e1gina Inicial","item":"https:\/\/projetopack.com.br\/"},{"@type":"ListItem","position":2,"name":"ProjetoPack em revista","item":"https:\/\/projetopack.com.br\/en\/category\/projetopack-em-revista\/"},{"@type":"ListItem","position":3,"name":"ProjetoPack em Revista dedica todo o ano \u00e0 pauta especial de sustentabilidade na cadeia de embalagens flex\u00edveis."}]},{"@type":"WebSite","@id":"https:\/\/projetopack.com.br\/#website","url":"https:\/\/projetopack.com.br\/","name":"ProjetoPack","description":"Consultoria e servi\u00e7os para embalagens, r\u00f3tulos, etiquetas e processos de impress\u00e3o","publisher":{"@id":"https:\/\/projetopack.com.br\/#organization"},"potentialAction":[{"@type":"SearchAction","target":{"@type":"EntryPoint","urlTemplate":"https:\/\/projetopack.com.br\/?s={search_term_string}"},"query-input":{"@type":"PropertyValueSpecification","valueRequired":true,"valueName":"search_term_string"}}],"inLanguage":"en-US"},{"@type":"Organization","@id":"https:\/\/projetopack.com.br\/#organization","name":"ProjetoPack & Associados","url":"https:\/\/projetopack.com.br\/","logo":{"@type":"ImageObject","inLanguage":"en-US","@id":"https:\/\/projetopack.com.br\/#\/schema\/logo\/image\/","url":"https:\/\/projetopack.com.br\/wp-content\/uploads\/2020\/09\/projetopack.png","contentUrl":"https:\/\/projetopack.com.br\/wp-content\/uploads\/2020\/09\/projetopack.png","width":200,"height":200,"caption":"ProjetoPack & Associados"},"image":{"@id":"https:\/\/projetopack.com.br\/#\/schema\/logo\/image\/"},"sameAs":["https:\/\/x.com\/ProjetoPack","https:\/\/www.linkedin.com\/company\/projetopack\/"]},{"@type":"Person","@id":"https:\/\/projetopack.com.br\/#\/schema\/person\/6e860f8340d3f2e089f05382c00b3e4b","name":"Murilo Pinto Pereira","image":{"@type":"ImageObject","inLanguage":"en-US","@id":"https:\/\/projetopack.com.br\/#\/schema\/person\/image\/","url":"https:\/\/secure.gravatar.com\/avatar\/e88bd6a2108abef484e059b32103eaab8e51ed452ebb33926c80dea054c7e6c7?s=96&d=mm&r=g","contentUrl":"https:\/\/secure.gravatar.com\/avatar\/e88bd6a2108abef484e059b32103eaab8e51ed452ebb33926c80dea054c7e6c7?s=96&d=mm&r=g","caption":"Murilo Pinto Pereira"},"sameAs":["http:\/\/murilopereira.com.br\/"],"url":"https:\/\/projetopack.com.br\/en\/author\/murilo\/"}]}},"_links":{"self":[{"href":"https:\/\/projetopack.com.br\/en\/wp-json\/wp\/v2\/posts\/5348","targetHints":{"allow":["GET"]}}],"collection":[{"href":"https:\/\/projetopack.com.br\/en\/wp-json\/wp\/v2\/posts"}],"about":[{"href":"https:\/\/projetopack.com.br\/en\/wp-json\/wp\/v2\/types\/post"}],"author":[{"embeddable":true,"href":"https:\/\/projetopack.com.br\/en\/wp-json\/wp\/v2\/users\/12"}],"replies":[{"embeddable":true,"href":"https:\/\/projetopack.com.br\/en\/wp-json\/wp\/v2\/comments?post=5348"}],"version-history":[{"count":0,"href":"https:\/\/projetopack.com.br\/en\/wp-json\/wp\/v2\/posts\/5348\/revisions"}],"wp:attachment":[{"href":"https:\/\/projetopack.com.br\/en\/wp-json\/wp\/v2\/media?parent=5348"}],"wp:term":[{"taxonomy":"category","embeddable":true,"href":"https:\/\/projetopack.com.br\/en\/wp-json\/wp\/v2\/categories?post=5348"},{"taxonomy":"post_tag","embeddable":true,"href":"https:\/\/projetopack.com.br\/en\/wp-json\/wp\/v2\/tags?post=5348"}],"curies":[{"name":"wp","href":"https:\/\/api.w.org\/{rel}","templated":true}]}}