{"id":5353,"date":"2020-04-07T15:30:00","date_gmt":"2020-04-07T18:30:00","guid":{"rendered":"http:\/\/www.projetopack.com.br\/2020\/?p=5353"},"modified":"2020-05-14T19:56:28","modified_gmt":"2020-05-14T22:56:28","slug":"estudos-apontam-que-eventos-estarao-esvaziados-ate-meados-de-novembro","status":"publish","type":"post","link":"https:\/\/projetopack.com.br\/en\/estudos-apontam-que-eventos-estarao-esvaziados-ate-meados-de-novembro\/","title":{"rendered":"Estudos apontam que eventos estar\u00e3o esvaziados at\u00e9 meados de novembro"},"content":{"rendered":"<p> Enquanto feiras em diversos segmentos (o que inclui o segmento gr\u00e1fico e de embalagens) continuam sendo adiadas todos os dias &#8211; a mais recente, a&nbsp;<a rel=\"noreferrer noopener\" href=\"https:\/\/www.expopack.com.mx\/\" target=\"_blank\">ExpoPack M\u00e9xico<\/a>&nbsp;(2 a 5 de junho) &#8211; algumas organizadoras continuam firmemente posicionadas em datas relativamente pr\u00f3ximas de feiras e congressos. <\/p>\n\n\n\n<div class=\"wp-block-image\"><figure class=\"aligncenter size-full\"><img fetchpriority=\"high\" decoding=\"async\" width=\"1080\" height=\"947\" src=\"https:\/\/projetopack.com.br\/wp-content\/uploads\/2020\/04\/racional-de-recuperacao-por-setores-pos-crise.jpeg\" alt=\"\" class=\"wp-image-5354\" srcset=\"https:\/\/projetopack.com.br\/wp-content\/uploads\/2020\/04\/racional-de-recuperacao-por-setores-pos-crise.jpeg 1080w, https:\/\/projetopack.com.br\/wp-content\/uploads\/2020\/04\/racional-de-recuperacao-por-setores-pos-crise-300x263.jpeg 300w, https:\/\/projetopack.com.br\/wp-content\/uploads\/2020\/04\/racional-de-recuperacao-por-setores-pos-crise-600x526.jpeg 600w, https:\/\/projetopack.com.br\/wp-content\/uploads\/2020\/04\/racional-de-recuperacao-por-setores-pos-crise-768x673.jpeg 768w\" sizes=\"(max-width: 1080px) 100vw, 1080px\" \/><\/figure><\/div>\n\n\n\n<p>Neste racional sobre o ciclo de isolamento, restri\u00e7\u00f5es, estabiliza\u00e7\u00e3o e recupera\u00e7\u00e3o do mercado divulgado recentemente pela&nbsp;<a href=\"https:\/\/www2.deloitte.com\/br\/pt.html\" target=\"_blank\" rel=\"noreferrer noopener\">consultoria Deloitte<\/a>, h\u00e1 uma previs\u00e3o inicial de que a &#8220;sensa\u00e7\u00e3o de higiene progressiva&#8221;, compreendida inicialmente no per\u00edodo entre setembro e outubro, possa fazer com que as pessoas se sintam novamente confort\u00e1veis para visita a locais p\u00fablicos com aglomera\u00e7\u00f5es a partir de novembro.<\/p>\n\n\n\n<p>Muitas empresas investiram recursos importantes em feiras internacionais como a Drupa, por exemplo. Todo um calend\u00e1rio de lan\u00e7amento de solu\u00e7\u00f5es foi congelado por tempo indeterminado. Uma boa parte das grandes companhias expositoras tem encontrado uma forma de avan\u00e7ar, a despeito das feiras postergadas, com confer\u00eancias e apresenta\u00e7\u00f5es online aos clientes, a exemplo da&nbsp;<a href=\"http:\/\/whattheythink.com\/video\/100236-frank-goes-viral\/\" target=\"_blank\" rel=\"noreferrer noopener\">bastante elogiada confer\u00eancia da HP<\/a>.<\/p>\n\n\n\n<p>Outro desafio nos aguarda em 2021: o de equacionar a agenda das feiras e eventos. Al\u00e9m dos j\u00e1 programados naturalmente para o ano, haver\u00e1 ainda toda a leva dos adiados em 2020. \u00c9 preciso ter aten\u00e7\u00e3o redobrada, tanto do visitante, quanto do expositor. uma vez que nem todos os organizadores t\u00eam responsabilidade ou vis\u00e3o sist\u00eamica na hora de programar seus eventos adiados e overlaps ser\u00e3o inevit\u00e1veis.<\/p>","protected":false},"excerpt":{"rendered":"<p>Enquanto feiras em diversos segmentos (o que inclui o segmento gr\u00e1fico e de embalagens) continuam sendo adiadas todos os dias &#8211; a mais recente, a&nbsp;ExpoPack M\u00e9xico&nbsp;(2 a 5 de junho) &#8211; algumas organizadoras continuam firmemente posicionadas em datas relativamente pr\u00f3ximas de feiras e congressos. Neste racional sobre o ciclo de isolamento, restri\u00e7\u00f5es, estabiliza\u00e7\u00e3o e recupera\u00e7\u00e3o [&hellip;]<\/p>\n","protected":false},"author":2,"featured_media":5354,"comment_status":"open","ping_status":"open","sticky":false,"template":"","format":"standard","meta":{"footnotes":""},"categories":[4],"tags":[322,323,359,321,320,192,26],"class_list":["post-5353","post","type-post","status-publish","format-standard","has-post-thumbnail","hentry","category-infopack","tag-corona","tag-coronavirus","tag-covid","tag-covid19","tag-embalagens","tag-plastico","tag-projetopack"],"yoast_head":"<!-- This site is optimized with the Yoast SEO Premium plugin v27.1 (Yoast SEO v27.1.1) - https:\/\/yoast.com\/product\/yoast-seo-premium-wordpress\/ -->\n<title>Estudos apontam que eventos estar\u00e3o esvaziados at\u00e9 meados de novembro - ProjetoPack<\/title>\n<meta name=\"description\" content=\"Confira o melhor conte\u00fado sobre tecnologia, design e gest\u00e3o de embalagens flex\u00edveis, r\u00f3tulos e impress\u00e3o.\" \/>\n<meta name=\"robots\" content=\"index, follow, max-snippet:-1, max-image-preview:large, max-video-preview:-1\" \/>\n<link rel=\"canonical\" href=\"https:\/\/projetopack.com.br\/en\/estudos-apontam-que-eventos-estarao-esvaziados-ate-meados-de-novembro\/\" \/>\n<meta property=\"og:locale\" content=\"en_US\" \/>\n<meta property=\"og:type\" content=\"article\" \/>\n<meta property=\"og:title\" content=\"Estudos apontam que eventos estar\u00e3o esvaziados at\u00e9 meados de novembro\" \/>\n<meta property=\"og:description\" content=\"Confira o melhor conte\u00fado sobre tecnologia, design e gest\u00e3o de embalagens flex\u00edveis, r\u00f3tulos e impress\u00e3o.\" \/>\n<meta property=\"og:url\" content=\"https:\/\/projetopack.com.br\/en\/estudos-apontam-que-eventos-estarao-esvaziados-ate-meados-de-novembro\/\" \/>\n<meta property=\"og:site_name\" content=\"ProjetoPack\" \/>\n<meta property=\"article:published_time\" content=\"2020-04-07T18:30:00+00:00\" \/>\n<meta property=\"article:modified_time\" content=\"2020-05-14T22:56:28+00:00\" \/>\n<meta property=\"og:image\" content=\"https:\/\/projetopack.com.br\/wp-content\/uploads\/2020\/04\/racional-de-recuperacao-por-setores-pos-crise.jpeg\" \/>\n\t<meta property=\"og:image:width\" content=\"1080\" \/>\n\t<meta property=\"og:image:height\" content=\"947\" \/>\n\t<meta property=\"og:image:type\" content=\"image\/jpeg\" \/>\n<meta name=\"author\" content=\"Aislan Baer\" \/>\n<meta name=\"twitter:card\" content=\"summary_large_image\" \/>\n<meta name=\"twitter:creator\" content=\"@ProjetoPack\" \/>\n<meta name=\"twitter:site\" content=\"@ProjetoPack\" \/>\n<meta name=\"twitter:label1\" content=\"Written by\" \/>\n\t<meta name=\"twitter:data1\" content=\"Aislan Baer\" \/>\n\t<meta name=\"twitter:label2\" content=\"Est. reading time\" \/>\n\t<meta name=\"twitter:data2\" content=\"1 minute\" \/>\n<script type=\"application\/ld+json\" class=\"yoast-schema-graph\">{\"@context\":\"https:\/\/schema.org\",\"@graph\":[{\"@type\":\"Article\",\"@id\":\"https:\/\/projetopack.com.br\/en\/estudos-apontam-que-eventos-estarao-esvaziados-ate-meados-de-novembro\/#article\",\"isPartOf\":{\"@id\":\"https:\/\/projetopack.com.br\/en\/estudos-apontam-que-eventos-estarao-esvaziados-ate-meados-de-novembro\/\"},\"author\":{\"name\":\"Aislan Baer\",\"@id\":\"https:\/\/projetopack.com.br\/#\/schema\/person\/87cbd7d1e244880886d457815ebd2490\"},\"headline\":\"Estudos apontam que eventos estar\u00e3o esvaziados at\u00e9 meados de novembro\",\"datePublished\":\"2020-04-07T18:30:00+00:00\",\"dateModified\":\"2020-05-14T22:56:28+00:00\",\"mainEntityOfPage\":{\"@id\":\"https:\/\/projetopack.com.br\/en\/estudos-apontam-que-eventos-estarao-esvaziados-ate-meados-de-novembro\/\"},\"wordCount\":264,\"commentCount\":0,\"publisher\":{\"@id\":\"https:\/\/projetopack.com.br\/#organization\"},\"image\":{\"@id\":\"https:\/\/projetopack.com.br\/en\/estudos-apontam-que-eventos-estarao-esvaziados-ate-meados-de-novembro\/#primaryimage\"},\"thumbnailUrl\":\"https:\/\/projetopack.com.br\/wp-content\/uploads\/2020\/04\/racional-de-recuperacao-por-setores-pos-crise.jpeg\",\"keywords\":[\"corona\",\"coronavirus\",\"covid\",\"covid19\",\"embalagens\",\"PL\u00c1STICO\",\"ProjetoPack\"],\"articleSection\":[\"Infopack\"],\"inLanguage\":\"en-US\",\"potentialAction\":[{\"@type\":\"CommentAction\",\"name\":\"Comment\",\"target\":[\"https:\/\/projetopack.com.br\/en\/estudos-apontam-que-eventos-estarao-esvaziados-ate-meados-de-novembro\/#respond\"]}]},{\"@type\":\"WebPage\",\"@id\":\"https:\/\/projetopack.com.br\/en\/estudos-apontam-que-eventos-estarao-esvaziados-ate-meados-de-novembro\/\",\"url\":\"https:\/\/projetopack.com.br\/en\/estudos-apontam-que-eventos-estarao-esvaziados-ate-meados-de-novembro\/\",\"name\":\"Estudos apontam que eventos estar\u00e3o esvaziados at\u00e9 meados de novembro - ProjetoPack\",\"isPartOf\":{\"@id\":\"https:\/\/projetopack.com.br\/#website\"},\"primaryImageOfPage\":{\"@id\":\"https:\/\/projetopack.com.br\/en\/estudos-apontam-que-eventos-estarao-esvaziados-ate-meados-de-novembro\/#primaryimage\"},\"image\":{\"@id\":\"https:\/\/projetopack.com.br\/en\/estudos-apontam-que-eventos-estarao-esvaziados-ate-meados-de-novembro\/#primaryimage\"},\"thumbnailUrl\":\"https:\/\/projetopack.com.br\/wp-content\/uploads\/2020\/04\/racional-de-recuperacao-por-setores-pos-crise.jpeg\",\"datePublished\":\"2020-04-07T18:30:00+00:00\",\"dateModified\":\"2020-05-14T22:56:28+00:00\",\"description\":\"Confira o melhor conte\u00fado sobre tecnologia, design e gest\u00e3o de embalagens flex\u00edveis, r\u00f3tulos e impress\u00e3o.\",\"breadcrumb\":{\"@id\":\"https:\/\/projetopack.com.br\/en\/estudos-apontam-que-eventos-estarao-esvaziados-ate-meados-de-novembro\/#breadcrumb\"},\"inLanguage\":\"en-US\",\"potentialAction\":[{\"@type\":\"ReadAction\",\"target\":[\"https:\/\/projetopack.com.br\/en\/estudos-apontam-que-eventos-estarao-esvaziados-ate-meados-de-novembro\/\"]}]},{\"@type\":\"ImageObject\",\"inLanguage\":\"en-US\",\"@id\":\"https:\/\/projetopack.com.br\/en\/estudos-apontam-que-eventos-estarao-esvaziados-ate-meados-de-novembro\/#primaryimage\",\"url\":\"https:\/\/projetopack.com.br\/wp-content\/uploads\/2020\/04\/racional-de-recuperacao-por-setores-pos-crise.jpeg\",\"contentUrl\":\"https:\/\/projetopack.com.br\/wp-content\/uploads\/2020\/04\/racional-de-recuperacao-por-setores-pos-crise.jpeg\",\"width\":1080,\"height\":947},{\"@type\":\"BreadcrumbList\",\"@id\":\"https:\/\/projetopack.com.br\/en\/estudos-apontam-que-eventos-estarao-esvaziados-ate-meados-de-novembro\/#breadcrumb\",\"itemListElement\":[{\"@type\":\"ListItem\",\"position\":1,\"name\":\"P\u00e1gina Inicial\",\"item\":\"https:\/\/projetopack.com.br\/\"},{\"@type\":\"ListItem\",\"position\":2,\"name\":\"Infopack\",\"item\":\"https:\/\/projetopack.com.br\/category\/infopack\/\"},{\"@type\":\"ListItem\",\"position\":3,\"name\":\"Estudos apontam que eventos estar\u00e3o esvaziados at\u00e9 meados de novembro\"}]},{\"@type\":\"WebSite\",\"@id\":\"https:\/\/projetopack.com.br\/#website\",\"url\":\"https:\/\/projetopack.com.br\/\",\"name\":\"ProjetoPack\",\"description\":\"Consultoria e servi\u00e7os para embalagens, r\u00f3tulos, etiquetas e processos de impress\u00e3o\",\"publisher\":{\"@id\":\"https:\/\/projetopack.com.br\/#organization\"},\"potentialAction\":[{\"@type\":\"SearchAction\",\"target\":{\"@type\":\"EntryPoint\",\"urlTemplate\":\"https:\/\/projetopack.com.br\/?s={search_term_string}\"},\"query-input\":{\"@type\":\"PropertyValueSpecification\",\"valueRequired\":true,\"valueName\":\"search_term_string\"}}],\"inLanguage\":\"en-US\"},{\"@type\":\"Organization\",\"@id\":\"https:\/\/projetopack.com.br\/#organization\",\"name\":\"ProjetoPack & Associados\",\"url\":\"https:\/\/projetopack.com.br\/\",\"logo\":{\"@type\":\"ImageObject\",\"inLanguage\":\"en-US\",\"@id\":\"https:\/\/projetopack.com.br\/#\/schema\/logo\/image\/\",\"url\":\"https:\/\/projetopack.com.br\/wp-content\/uploads\/2020\/09\/projetopack.png\",\"contentUrl\":\"https:\/\/projetopack.com.br\/wp-content\/uploads\/2020\/09\/projetopack.png\",\"width\":200,\"height\":200,\"caption\":\"ProjetoPack & Associados\"},\"image\":{\"@id\":\"https:\/\/projetopack.com.br\/#\/schema\/logo\/image\/\"},\"sameAs\":[\"https:\/\/x.com\/ProjetoPack\",\"https:\/\/www.linkedin.com\/company\/projetopack\/\"]},{\"@type\":\"Person\",\"@id\":\"https:\/\/projetopack.com.br\/#\/schema\/person\/87cbd7d1e244880886d457815ebd2490\",\"name\":\"Aislan Baer\",\"image\":{\"@type\":\"ImageObject\",\"inLanguage\":\"en-US\",\"@id\":\"https:\/\/projetopack.com.br\/#\/schema\/person\/image\/\",\"url\":\"https:\/\/projetopack.com.br\/wp-content\/uploads\/2021\/08\/Aislan-Busto-p-100x100.jpg\",\"contentUrl\":\"https:\/\/projetopack.com.br\/wp-content\/uploads\/2021\/08\/Aislan-Busto-p-100x100.jpg\",\"caption\":\"Aislan Baer\"},\"description\":\"Desde os \u00faltimos 20 anos, meu time e eu ajudamos mais de 300 empresas brasileiras e estrangeiras (algumas delas, l\u00edderes mundiais) a produzir embalagens flex\u00edveis e r\u00f3tulos com maior efici\u00eancia, menores custos e maior apelo visual, bem como centenas de donos de marcas a comprar suas embalagens flex\u00edveis e material impresso com um crit\u00e9rio mais t\u00e9cnico e assertivo. Ao mesmo tempo, gra\u00e7as \u00e0 nossa consultoria, muitas destas empresas melhoraram significativamente o seu processo de Impress\u00e3o (Impress\u00e3o de embalagens, Impress\u00e3o industrial, Impress\u00e3o funcional e, mais recentemente, bio impress\u00e3o e manufatura aditiva ou simplesmente Impress\u00e3o 3D). Se a sua empresa tem um problema relacionado a embalagens flex\u00edveis, r\u00f3tulos ou Impress\u00e3o, por mais insol\u00favel que lhe pare\u00e7a, aguardamos ansiosos a sua liga\u00e7\u00e3o ou e-mail. Este \u00e9 nosso trabalho e tamb\u00e9m a nossa paix\u00e3o.\",\"sameAs\":[\"http:\/\/www.projetopack.com\",\"https:\/\/www.linkedin.com\/in\/aislanbaer\/\"],\"jobTitle\":\"CEO @ ProjetoPack | L\u00edder em M&A no Setor de Impress\u00e3o e Embalagens no Brasil | Cofundador da Inovagraf e Neuraflow | Especialista em Inova\u00e7\u00e3o com IA na Impress\u00e3o | Printing Legacy Initiative | Empreendedor Serial\",\"url\":\"https:\/\/projetopack.com.br\/en\/author\/aislan\/\"}]}<\/script>\n<!-- \/ Yoast SEO Premium plugin. -->","yoast_head_json":{"title":"Estudos apontam que eventos estar\u00e3o esvaziados at\u00e9 meados de novembro - ProjetoPack","description":"Confira o melhor conte\u00fado sobre tecnologia, design e gest\u00e3o de embalagens flex\u00edveis, r\u00f3tulos e impress\u00e3o.","robots":{"index":"index","follow":"follow","max-snippet":"max-snippet:-1","max-image-preview":"max-image-preview:large","max-video-preview":"max-video-preview:-1"},"canonical":"https:\/\/projetopack.com.br\/en\/estudos-apontam-que-eventos-estarao-esvaziados-ate-meados-de-novembro\/","og_locale":"en_US","og_type":"article","og_title":"Estudos apontam que eventos estar\u00e3o esvaziados at\u00e9 meados de novembro","og_description":"Confira o melhor conte\u00fado sobre tecnologia, design e gest\u00e3o de embalagens flex\u00edveis, r\u00f3tulos e impress\u00e3o.","og_url":"https:\/\/projetopack.com.br\/en\/estudos-apontam-que-eventos-estarao-esvaziados-ate-meados-de-novembro\/","og_site_name":"ProjetoPack","article_published_time":"2020-04-07T18:30:00+00:00","article_modified_time":"2020-05-14T22:56:28+00:00","og_image":[{"width":1080,"height":947,"url":"https:\/\/projetopack.com.br\/wp-content\/uploads\/2020\/04\/racional-de-recuperacao-por-setores-pos-crise.jpeg","type":"image\/jpeg"}],"author":"Aislan Baer","twitter_card":"summary_large_image","twitter_creator":"@ProjetoPack","twitter_site":"@ProjetoPack","twitter_misc":{"Written by":"Aislan Baer","Est. reading time":"1 minute"},"schema":{"@context":"https:\/\/schema.org","@graph":[{"@type":"Article","@id":"https:\/\/projetopack.com.br\/en\/estudos-apontam-que-eventos-estarao-esvaziados-ate-meados-de-novembro\/#article","isPartOf":{"@id":"https:\/\/projetopack.com.br\/en\/estudos-apontam-que-eventos-estarao-esvaziados-ate-meados-de-novembro\/"},"author":{"name":"Aislan Baer","@id":"https:\/\/projetopack.com.br\/#\/schema\/person\/87cbd7d1e244880886d457815ebd2490"},"headline":"Estudos apontam que eventos estar\u00e3o esvaziados at\u00e9 meados de novembro","datePublished":"2020-04-07T18:30:00+00:00","dateModified":"2020-05-14T22:56:28+00:00","mainEntityOfPage":{"@id":"https:\/\/projetopack.com.br\/en\/estudos-apontam-que-eventos-estarao-esvaziados-ate-meados-de-novembro\/"},"wordCount":264,"commentCount":0,"publisher":{"@id":"https:\/\/projetopack.com.br\/#organization"},"image":{"@id":"https:\/\/projetopack.com.br\/en\/estudos-apontam-que-eventos-estarao-esvaziados-ate-meados-de-novembro\/#primaryimage"},"thumbnailUrl":"https:\/\/projetopack.com.br\/wp-content\/uploads\/2020\/04\/racional-de-recuperacao-por-setores-pos-crise.jpeg","keywords":["corona","coronavirus","covid","covid19","embalagens","PL\u00c1STICO","ProjetoPack"],"articleSection":["Infopack"],"inLanguage":"en-US","potentialAction":[{"@type":"CommentAction","name":"Comment","target":["https:\/\/projetopack.com.br\/en\/estudos-apontam-que-eventos-estarao-esvaziados-ate-meados-de-novembro\/#respond"]}]},{"@type":"WebPage","@id":"https:\/\/projetopack.com.br\/en\/estudos-apontam-que-eventos-estarao-esvaziados-ate-meados-de-novembro\/","url":"https:\/\/projetopack.com.br\/en\/estudos-apontam-que-eventos-estarao-esvaziados-ate-meados-de-novembro\/","name":"Estudos apontam que eventos estar\u00e3o esvaziados at\u00e9 meados de novembro - ProjetoPack","isPartOf":{"@id":"https:\/\/projetopack.com.br\/#website"},"primaryImageOfPage":{"@id":"https:\/\/projetopack.com.br\/en\/estudos-apontam-que-eventos-estarao-esvaziados-ate-meados-de-novembro\/#primaryimage"},"image":{"@id":"https:\/\/projetopack.com.br\/en\/estudos-apontam-que-eventos-estarao-esvaziados-ate-meados-de-novembro\/#primaryimage"},"thumbnailUrl":"https:\/\/projetopack.com.br\/wp-content\/uploads\/2020\/04\/racional-de-recuperacao-por-setores-pos-crise.jpeg","datePublished":"2020-04-07T18:30:00+00:00","dateModified":"2020-05-14T22:56:28+00:00","description":"Confira o melhor conte\u00fado sobre tecnologia, design e gest\u00e3o de embalagens flex\u00edveis, r\u00f3tulos e impress\u00e3o.","breadcrumb":{"@id":"https:\/\/projetopack.com.br\/en\/estudos-apontam-que-eventos-estarao-esvaziados-ate-meados-de-novembro\/#breadcrumb"},"inLanguage":"en-US","potentialAction":[{"@type":"ReadAction","target":["https:\/\/projetopack.com.br\/en\/estudos-apontam-que-eventos-estarao-esvaziados-ate-meados-de-novembro\/"]}]},{"@type":"ImageObject","inLanguage":"en-US","@id":"https:\/\/projetopack.com.br\/en\/estudos-apontam-que-eventos-estarao-esvaziados-ate-meados-de-novembro\/#primaryimage","url":"https:\/\/projetopack.com.br\/wp-content\/uploads\/2020\/04\/racional-de-recuperacao-por-setores-pos-crise.jpeg","contentUrl":"https:\/\/projetopack.com.br\/wp-content\/uploads\/2020\/04\/racional-de-recuperacao-por-setores-pos-crise.jpeg","width":1080,"height":947},{"@type":"BreadcrumbList","@id":"https:\/\/projetopack.com.br\/en\/estudos-apontam-que-eventos-estarao-esvaziados-ate-meados-de-novembro\/#breadcrumb","itemListElement":[{"@type":"ListItem","position":1,"name":"P\u00e1gina Inicial","item":"https:\/\/projetopack.com.br\/"},{"@type":"ListItem","position":2,"name":"Infopack","item":"https:\/\/projetopack.com.br\/category\/infopack\/"},{"@type":"ListItem","position":3,"name":"Estudos apontam que eventos estar\u00e3o esvaziados at\u00e9 meados de novembro"}]},{"@type":"WebSite","@id":"https:\/\/projetopack.com.br\/#website","url":"https:\/\/projetopack.com.br\/","name":"ProjetoPack","description":"Consultoria e servi\u00e7os para embalagens, r\u00f3tulos, etiquetas e processos de impress\u00e3o","publisher":{"@id":"https:\/\/projetopack.com.br\/#organization"},"potentialAction":[{"@type":"SearchAction","target":{"@type":"EntryPoint","urlTemplate":"https:\/\/projetopack.com.br\/?s={search_term_string}"},"query-input":{"@type":"PropertyValueSpecification","valueRequired":true,"valueName":"search_term_string"}}],"inLanguage":"en-US"},{"@type":"Organization","@id":"https:\/\/projetopack.com.br\/#organization","name":"ProjetoPack & Associados","url":"https:\/\/projetopack.com.br\/","logo":{"@type":"ImageObject","inLanguage":"en-US","@id":"https:\/\/projetopack.com.br\/#\/schema\/logo\/image\/","url":"https:\/\/projetopack.com.br\/wp-content\/uploads\/2020\/09\/projetopack.png","contentUrl":"https:\/\/projetopack.com.br\/wp-content\/uploads\/2020\/09\/projetopack.png","width":200,"height":200,"caption":"ProjetoPack & Associados"},"image":{"@id":"https:\/\/projetopack.com.br\/#\/schema\/logo\/image\/"},"sameAs":["https:\/\/x.com\/ProjetoPack","https:\/\/www.linkedin.com\/company\/projetopack\/"]},{"@type":"Person","@id":"https:\/\/projetopack.com.br\/#\/schema\/person\/87cbd7d1e244880886d457815ebd2490","name":"Aislan Baer","image":{"@type":"ImageObject","inLanguage":"en-US","@id":"https:\/\/projetopack.com.br\/#\/schema\/person\/image\/","url":"https:\/\/projetopack.com.br\/wp-content\/uploads\/2021\/08\/Aislan-Busto-p-100x100.jpg","contentUrl":"https:\/\/projetopack.com.br\/wp-content\/uploads\/2021\/08\/Aislan-Busto-p-100x100.jpg","caption":"Aislan Baer"},"description":"Desde os \u00faltimos 20 anos, meu time e eu ajudamos mais de 300 empresas brasileiras e estrangeiras (algumas delas, l\u00edderes mundiais) a produzir embalagens flex\u00edveis e r\u00f3tulos com maior efici\u00eancia, menores custos e maior apelo visual, bem como centenas de donos de marcas a comprar suas embalagens flex\u00edveis e material impresso com um crit\u00e9rio mais t\u00e9cnico e assertivo. Ao mesmo tempo, gra\u00e7as \u00e0 nossa consultoria, muitas destas empresas melhoraram significativamente o seu processo de Impress\u00e3o (Impress\u00e3o de embalagens, Impress\u00e3o industrial, Impress\u00e3o funcional e, mais recentemente, bio impress\u00e3o e manufatura aditiva ou simplesmente Impress\u00e3o 3D). Se a sua empresa tem um problema relacionado a embalagens flex\u00edveis, r\u00f3tulos ou Impress\u00e3o, por mais insol\u00favel que lhe pare\u00e7a, aguardamos ansiosos a sua liga\u00e7\u00e3o ou e-mail. Este \u00e9 nosso trabalho e tamb\u00e9m a nossa paix\u00e3o.","sameAs":["http:\/\/www.projetopack.com","https:\/\/www.linkedin.com\/in\/aislanbaer\/"],"jobTitle":"CEO @ ProjetoPack | L\u00edder em M&A no Setor de Impress\u00e3o e Embalagens no Brasil | Cofundador da Inovagraf e Neuraflow | Especialista em Inova\u00e7\u00e3o com IA na Impress\u00e3o | Printing Legacy Initiative | Empreendedor Serial","url":"https:\/\/projetopack.com.br\/en\/author\/aislan\/"}]}},"_links":{"self":[{"href":"https:\/\/projetopack.com.br\/en\/wp-json\/wp\/v2\/posts\/5353","targetHints":{"allow":["GET"]}}],"collection":[{"href":"https:\/\/projetopack.com.br\/en\/wp-json\/wp\/v2\/posts"}],"about":[{"href":"https:\/\/projetopack.com.br\/en\/wp-json\/wp\/v2\/types\/post"}],"author":[{"embeddable":true,"href":"https:\/\/projetopack.com.br\/en\/wp-json\/wp\/v2\/users\/2"}],"replies":[{"embeddable":true,"href":"https:\/\/projetopack.com.br\/en\/wp-json\/wp\/v2\/comments?post=5353"}],"version-history":[{"count":0,"href":"https:\/\/projetopack.com.br\/en\/wp-json\/wp\/v2\/posts\/5353\/revisions"}],"wp:featuredmedia":[{"embeddable":true,"href":"https:\/\/projetopack.com.br\/en\/wp-json\/wp\/v2\/media\/5354"}],"wp:attachment":[{"href":"https:\/\/projetopack.com.br\/en\/wp-json\/wp\/v2\/media?parent=5353"}],"wp:term":[{"taxonomy":"category","embeddable":true,"href":"https:\/\/projetopack.com.br\/en\/wp-json\/wp\/v2\/categories?post=5353"},{"taxonomy":"post_tag","embeddable":true,"href":"https:\/\/projetopack.com.br\/en\/wp-json\/wp\/v2\/tags?post=5353"}],"curies":[{"name":"wp","href":"https:\/\/api.w.org\/{rel}","templated":true}]}}