{"id":5367,"date":"2020-03-27T16:03:00","date_gmt":"2020-03-27T19:03:00","guid":{"rendered":"http:\/\/www.projetopack.com.br\/2020\/?p=5367"},"modified":"2020-05-15T10:39:17","modified_gmt":"2020-05-15T13:39:17","slug":"publique-na-projetopack-em-revista-para-suprir-a-reducao-da-atividade-comercial-de-representantes-e-vendedores-durante-a-pandemia","status":"publish","type":"post","link":"https:\/\/projetopack.com.br\/en\/publique-na-projetopack-em-revista-para-suprir-a-reducao-da-atividade-comercial-de-representantes-e-vendedores-durante-a-pandemia\/","title":{"rendered":"Publique na ProjetoPack em Revista para suprir a redu\u00e7\u00e3o da atividade comercial de representantes e vendedores durante a pandemia"},"content":{"rendered":"<p>O mundo j\u00e1 enfrentou diversas crises econ\u00f4micas ao longo de sua hist\u00f3ria. Vivenciamos a altern\u00e2ncia, em per\u00edodos cada vez mais curtos de tempo, de expans\u00e3o e retra\u00e7\u00e3o acompanhados de efeitos colaterais como recess\u00e3o, infla\u00e7\u00e3o e estagfla\u00e7\u00e3o.<\/p>\n\n\n\n<p>Crises como o &#8220;crack de 29&#8221;, o fim do padr\u00e3o ouro em 1971, o embargo do petr\u00f3leo no conflito \u00e1rabe-israelense de 1973, a revolu\u00e7\u00e3o iraniana de 1979, a invas\u00e3o do Ir\u00e3 pelo Iraque (1980), a &#8220;segunda-feira negra&#8221; de 1987, a crise do peso mexicano em 1994, a crise dos gigantes asi\u00e1ticos de 1997, a crise do rublo de 1998, a bolha das pontocom em 2000, o atentado \u00e0s Torres G\u00eameas (2001), a crise argentina (2002), a grande recess\u00e3o em 2008 (ou a crise do &#8220;subprime&#8221;), a crise da d\u00edvida europ\u00e9ia (2009) e, agora, a crise do coronavirus (apenas um palpite de como chamar\u00e3o este epis\u00f3dio nos livros de hist\u00f3ria).<\/p>\n\n\n\n<p>Esta crise tem um componente um pouco distinto: ela acompanha um temor pela vida e sa\u00fade das pessoas e seus entes queridos.<\/p>\n\n\n\n<p>N\u00e3o \u00e9 preciso ser um especialista em economia para inferir que tal temor se traduz em maior irracionalidade dos mercados; enquanto escrevemos estas linhas, um grande portal de not\u00edcias norte-americano divulga que em alguns hospitais da Nig\u00e9ria, foram diagnosticados os primeiros casos de envenenamento por superdosagem de hidroxicloroquina, um medicamento que foi mencionado pelo presidente dos Estados Unidos Donald Trump como um \u201cposs\u00edvel aliado\u201d no tratamento de infectados com o Covid-19.<\/p>\n\n\n\n<p>No Brasil, em menos de 24h, o medicamento esgotou nas farm\u00e1cias, deixando pacientes de l\u00fapus, que fazem uso cont\u00ednuo do mesmo, absolutamente desamparados.<\/p>\n\n\n\n<p>Outra diferen\u00e7a importante nas crises que enfrentamos desde a hipotec\u00e1ria dos anos 2008 \u00e9 a grande disponibilidade de tr\u00eas recursos no planeta: smartphones, redes sociais e servi\u00e7os mensageiros como o WhatsApp.<\/p>\n\n\n\n<p>A dissemina\u00e7\u00e3o de not\u00edcias falsas, que geram p\u00e2nico na popula\u00e7\u00e3o se propaga a taxas sensivelmente mais altas do que qualquer v\u00edrus existente.<\/p>\n\n\n\n<p>Numa conjuntura t\u00e3o estressante quanto a que estamos experimentando, as pessoas est\u00e3o mais suscet\u00edveis \u00e0s chamadas fake news.<\/p>\n\n\n\n<p><strong>Isso s\u00f3 reitera a imensa responsabilidade dos ve\u00edculos de comunica\u00e7\u00e3o<\/strong>. Em primeiro lugar, responsabilidade em trazer os fatos de forma t\u00e9cnica, isenta e abrangente, para que o leitor tenha o conhecimento necess\u00e1rio para tomar decis\u00f5es e tecer julgamentos sem \u201ccabrestos\u201d.<\/p>\n\n\n\n<p>E a obriga\u00e7\u00e3o junto aos seus anunciantes, de que suas marcas e empresas n\u00e3o ser\u00e3o vinculadas \u00e0 desinforma\u00e7\u00e3o.<\/p>\n\n\n\n<p>Infelizmente, jornais e revistas&nbsp;<em>mainstream<\/em>&nbsp;isentas no pa\u00eds \u00e9 algo raro &#8211; embora talvez, para um ve\u00edculo t\u00e9cnico e de nicho como a ProjetoPack em Revista, seja c\u00f4modo fazer estas constata\u00e7\u00f5es, uma vez que o \u201cjogo\u201d \u00e9 muit\u00edssimo mais ameno (temos consci\u00eancia plena dessa situa\u00e7\u00e3o privilegiada).<\/p>\n\n\n\n<blockquote class=\"wp-block-quote has-text-align-center is-style-large is-layout-flow wp-block-quote-is-layout-flow\"><p>Seja como for, o momento pede aten\u00e7\u00e3o redobrada. O isolamento \u00e9 um ambiente prop\u00edcio para a desinforma\u00e7\u00e3o.<\/p><\/blockquote>\n\n\n\n<p>Por este motivo, al\u00e9m da ProjetoPack em Revista impressa, que segue normalmente este ano, estamos lan\u00e7ando o&nbsp;<strong>aplicativo da revista<\/strong>, para&nbsp;<a href=\"https:\/\/play.google.com\/store\/apps\/details?id=br.com.projetopack&amp;hl=pt_BR\" target=\"_blank\" rel=\"noreferrer noopener\">Android<\/a>&nbsp;e iOS \u2013 os conte\u00fados ser\u00e3o disponibilizados gratuitamente at\u00e9 o fim desse per\u00edodo conturbado, a todos os interessados e ao nosso maling de mais de 18 mil profissionais do setor de embalagens, etiquetas, r\u00f3tulos e impress\u00e3o.<\/p>\n\n\n\n<p>Em parceria in\u00e9dita com o&nbsp;<a href=\"http:\/\/br.linkedin.com\/\" target=\"_blank\" rel=\"noreferrer noopener\">LinkedIn<\/a>, maior rede social profissional do mundo, lan\u00e7amos o Infopack na semana passada \u2013 um informativo eletr\u00f4nico semanal com atualiza\u00e7\u00f5es e not\u00edcias que impactem diretamente as empresas do nosso segmento.&nbsp;<strong>A assinatura \u00e9 gratuita<\/strong>.<\/p>\n\n\n\n<p>O pr\u00f3prio&nbsp;<a href=\"https:\/\/projetopack.com.br\/\" target=\"_blank\" rel=\"noreferrer noopener\">site institucional da ProjetoPack<\/a>&nbsp;est\u00e1 sendo completamente reformulado e ser\u00e1 atualizado na primeira semana de abril, com um blog de not\u00edcias bastante completo.<\/p>\n\n\n\n<p>A todas as empresas anunciantes (e ex-anunciantes) da ProjetoPack em Revista, disponibilizaremos espa\u00e7o gratuito na publica\u00e7\u00e3o, de forma que possam veicular informa\u00e7\u00f5es inerentes ao seu planejamento para enfrentar a situa\u00e7\u00e3o do covid-19.<\/p>\n\n\n\n<p>Temas como novos hor\u00e1rios de funcionamento, lay-offs ou ainda, contingenciamento de problemas log\u00edsticos. Basta nos enviar uma nota que revisaremos, adequaremos e publicaremos sem custo.<\/p>\n\n\n\n<p>Por fim, e n\u00e3o menos importante, a pandemia diminuiu e deve reduzir ainda mais nas pr\u00f3ximas semanas a atividade comercial de vendedores e representantes das empresas. Estar presente na revista (impressa e online) \u00e9 uma oportunidade grande de manter contato frequente com clientes e prospects.<br><\/p>\n\n\n\n<blockquote class=\"wp-block-quote has-text-align-center is-style-large is-layout-flow wp-block-quote-is-layout-flow\"><p> <em>N\u00e3o apenas uma oportunidade, mas uma vantagem comercial que pode se revelar vital no curso dos pr\u00f3ximos meses.<\/em> <\/p><\/blockquote>\n\n\n\n<p>Pensando nisso, se voc\u00ea&nbsp;ainda&nbsp;n\u00e3o \u00e9 anunciante da ProjetoPack em Revista, nos procure. Vamos ajudar a sua empresa a ingressar na revista e manter contato com os clientes, fornecedores e mercado.<\/p>\n\n\n\n<p>Se voc\u00ea \u00e9 nosso anunciante, reiteramos o compromisso n\u00e3o s\u00f3 de que a revista segue normalmente, mas de que vamos inclusive&nbsp;<strong>aumentar a circula\u00e7\u00e3o e a presen\u00e7a digital em diversas plataformas neste per\u00edodo conturbado<\/strong>.<\/p>\n\n\n\n<p><em>A ambos, anunciantes e futuros anunciantes, garantimos o tradicional esmero t\u00e9cnico e a confiabilidade das informa\u00e7\u00f5es publicadas<\/em>.<\/p>","protected":false},"excerpt":{"rendered":"<p>O mundo j\u00e1 enfrentou diversas crises econ\u00f4micas ao longo de sua hist\u00f3ria. Vivenciamos a altern\u00e2ncia, em per\u00edodos cada vez mais curtos de tempo, de expans\u00e3o e retra\u00e7\u00e3o acompanhados de efeitos colaterais como recess\u00e3o, infla\u00e7\u00e3o e estagfla\u00e7\u00e3o. Crises como o &#8220;crack de 29&#8221;, o fim do padr\u00e3o ouro em 1971, o embargo do petr\u00f3leo no conflito [&hellip;]<\/p>\n","protected":false},"author":2,"featured_media":5368,"comment_status":"open","ping_status":"open","sticky":false,"template":"","format":"standard","meta":{"footnotes":""},"categories":[99],"tags":[135,320,357,115,350,163,26,389,249],"class_list":["post-5367","post","type-post","status-publish","format-standard","has-post-thumbnail","hentry","category-artigos","tag-embalagem","tag-embalagens","tag-embalagensflexiveis","tag-etiquetas","tag-flexo","tag-impressao","tag-projetopack","tag-rotogravura","tag-rotulos"],"yoast_head":"<!-- This site is optimized with the Yoast SEO Premium plugin v27.1 (Yoast SEO v27.1.1) - https:\/\/yoast.com\/product\/yoast-seo-premium-wordpress\/ -->\n<title>Publique na ProjetoPack em Revista para suprir a redu\u00e7\u00e3o da atividade comercial de representantes e vendedores durante a pandemia - ProjetoPack<\/title>\n<meta name=\"description\" content=\"Confira o melhor conte\u00fado sobre tecnologia, design e gest\u00e3o de embalagens flex\u00edveis, r\u00f3tulos e impress\u00e3o.\" \/>\n<meta name=\"robots\" content=\"index, follow, max-snippet:-1, max-image-preview:large, max-video-preview:-1\" \/>\n<link rel=\"canonical\" href=\"https:\/\/projetopack.com.br\/en\/publique-na-projetopack-em-revista-para-suprir-a-reducao-da-atividade-comercial-de-representantes-e-vendedores-durante-a-pandemia\/\" \/>\n<meta property=\"og:locale\" content=\"en_US\" \/>\n<meta property=\"og:type\" content=\"article\" \/>\n<meta property=\"og:title\" content=\"Publique na ProjetoPack em Revista para suprir a redu\u00e7\u00e3o da atividade comercial de representantes e vendedores durante a pandemia\" \/>\n<meta property=\"og:description\" content=\"Confira o melhor conte\u00fado sobre tecnologia, design e gest\u00e3o de embalagens flex\u00edveis, r\u00f3tulos e impress\u00e3o.\" \/>\n<meta property=\"og:url\" content=\"https:\/\/projetopack.com.br\/en\/publique-na-projetopack-em-revista-para-suprir-a-reducao-da-atividade-comercial-de-representantes-e-vendedores-durante-a-pandemia\/\" \/>\n<meta property=\"og:site_name\" content=\"ProjetoPack\" \/>\n<meta property=\"article:published_time\" content=\"2020-03-27T19:03:00+00:00\" \/>\n<meta property=\"article:modified_time\" content=\"2020-05-15T13:39:17+00:00\" \/>\n<meta property=\"og:image\" content=\"https:\/\/projetopack.com.br\/wp-content\/uploads\/2020\/04\/publique.jpeg\" \/>\n\t<meta property=\"og:image:width\" content=\"880\" \/>\n\t<meta property=\"og:image:height\" content=\"300\" \/>\n\t<meta property=\"og:image:type\" content=\"image\/jpeg\" \/>\n<meta name=\"author\" content=\"Aislan Baer\" \/>\n<meta name=\"twitter:card\" content=\"summary_large_image\" \/>\n<meta name=\"twitter:creator\" content=\"@ProjetoPack\" \/>\n<meta name=\"twitter:site\" content=\"@ProjetoPack\" \/>\n<meta name=\"twitter:label1\" content=\"Written by\" \/>\n\t<meta name=\"twitter:data1\" content=\"Aislan Baer\" \/>\n\t<meta name=\"twitter:label2\" content=\"Est. reading time\" \/>\n\t<meta name=\"twitter:data2\" content=\"4 minutes\" \/>\n<script type=\"application\/ld+json\" class=\"yoast-schema-graph\">{\"@context\":\"https:\/\/schema.org\",\"@graph\":[{\"@type\":\"Article\",\"@id\":\"https:\/\/projetopack.com.br\/en\/publique-na-projetopack-em-revista-para-suprir-a-reducao-da-atividade-comercial-de-representantes-e-vendedores-durante-a-pandemia\/#article\",\"isPartOf\":{\"@id\":\"https:\/\/projetopack.com.br\/en\/publique-na-projetopack-em-revista-para-suprir-a-reducao-da-atividade-comercial-de-representantes-e-vendedores-durante-a-pandemia\/\"},\"author\":{\"name\":\"Aislan Baer\",\"@id\":\"https:\/\/projetopack.com.br\/#\/schema\/person\/87cbd7d1e244880886d457815ebd2490\"},\"headline\":\"Publique na ProjetoPack em Revista para suprir a redu\u00e7\u00e3o da atividade comercial de representantes e vendedores durante a pandemia\",\"datePublished\":\"2020-03-27T19:03:00+00:00\",\"dateModified\":\"2020-05-15T13:39:17+00:00\",\"mainEntityOfPage\":{\"@id\":\"https:\/\/projetopack.com.br\/en\/publique-na-projetopack-em-revista-para-suprir-a-reducao-da-atividade-comercial-de-representantes-e-vendedores-durante-a-pandemia\/\"},\"wordCount\":874,\"commentCount\":0,\"publisher\":{\"@id\":\"https:\/\/projetopack.com.br\/#organization\"},\"image\":{\"@id\":\"https:\/\/projetopack.com.br\/en\/publique-na-projetopack-em-revista-para-suprir-a-reducao-da-atividade-comercial-de-representantes-e-vendedores-durante-a-pandemia\/#primaryimage\"},\"thumbnailUrl\":\"https:\/\/projetopack.com.br\/wp-content\/uploads\/2020\/04\/publique.jpeg\",\"keywords\":[\"Embalagem\",\"embalagens\",\"embalagensflex\u00edveis\",\"etiquetas\",\"flexo\",\"impress\u00e3o\",\"ProjetoPack\",\"rotogravura\",\"r\u00f3tulos\"],\"articleSection\":[\"Artigos\"],\"inLanguage\":\"en-US\",\"potentialAction\":[{\"@type\":\"CommentAction\",\"name\":\"Comment\",\"target\":[\"https:\/\/projetopack.com.br\/en\/publique-na-projetopack-em-revista-para-suprir-a-reducao-da-atividade-comercial-de-representantes-e-vendedores-durante-a-pandemia\/#respond\"]}]},{\"@type\":\"WebPage\",\"@id\":\"https:\/\/projetopack.com.br\/en\/publique-na-projetopack-em-revista-para-suprir-a-reducao-da-atividade-comercial-de-representantes-e-vendedores-durante-a-pandemia\/\",\"url\":\"https:\/\/projetopack.com.br\/en\/publique-na-projetopack-em-revista-para-suprir-a-reducao-da-atividade-comercial-de-representantes-e-vendedores-durante-a-pandemia\/\",\"name\":\"Publique na ProjetoPack em Revista para suprir a redu\u00e7\u00e3o da atividade comercial de representantes e vendedores durante a pandemia - ProjetoPack\",\"isPartOf\":{\"@id\":\"https:\/\/projetopack.com.br\/#website\"},\"primaryImageOfPage\":{\"@id\":\"https:\/\/projetopack.com.br\/en\/publique-na-projetopack-em-revista-para-suprir-a-reducao-da-atividade-comercial-de-representantes-e-vendedores-durante-a-pandemia\/#primaryimage\"},\"image\":{\"@id\":\"https:\/\/projetopack.com.br\/en\/publique-na-projetopack-em-revista-para-suprir-a-reducao-da-atividade-comercial-de-representantes-e-vendedores-durante-a-pandemia\/#primaryimage\"},\"thumbnailUrl\":\"https:\/\/projetopack.com.br\/wp-content\/uploads\/2020\/04\/publique.jpeg\",\"datePublished\":\"2020-03-27T19:03:00+00:00\",\"dateModified\":\"2020-05-15T13:39:17+00:00\",\"description\":\"Confira o melhor conte\u00fado sobre tecnologia, design e gest\u00e3o de embalagens flex\u00edveis, r\u00f3tulos e impress\u00e3o.\",\"breadcrumb\":{\"@id\":\"https:\/\/projetopack.com.br\/en\/publique-na-projetopack-em-revista-para-suprir-a-reducao-da-atividade-comercial-de-representantes-e-vendedores-durante-a-pandemia\/#breadcrumb\"},\"inLanguage\":\"en-US\",\"potentialAction\":[{\"@type\":\"ReadAction\",\"target\":[\"https:\/\/projetopack.com.br\/en\/publique-na-projetopack-em-revista-para-suprir-a-reducao-da-atividade-comercial-de-representantes-e-vendedores-durante-a-pandemia\/\"]}]},{\"@type\":\"ImageObject\",\"inLanguage\":\"en-US\",\"@id\":\"https:\/\/projetopack.com.br\/en\/publique-na-projetopack-em-revista-para-suprir-a-reducao-da-atividade-comercial-de-representantes-e-vendedores-durante-a-pandemia\/#primaryimage\",\"url\":\"https:\/\/projetopack.com.br\/wp-content\/uploads\/2020\/04\/publique.jpeg\",\"contentUrl\":\"https:\/\/projetopack.com.br\/wp-content\/uploads\/2020\/04\/publique.jpeg\",\"width\":880,\"height\":300},{\"@type\":\"BreadcrumbList\",\"@id\":\"https:\/\/projetopack.com.br\/en\/publique-na-projetopack-em-revista-para-suprir-a-reducao-da-atividade-comercial-de-representantes-e-vendedores-durante-a-pandemia\/#breadcrumb\",\"itemListElement\":[{\"@type\":\"ListItem\",\"position\":1,\"name\":\"P\u00e1gina Inicial\",\"item\":\"https:\/\/projetopack.com.br\/\"},{\"@type\":\"ListItem\",\"position\":2,\"name\":\"Artigos\",\"item\":\"https:\/\/projetopack.com.br\/category\/artigos\/\"},{\"@type\":\"ListItem\",\"position\":3,\"name\":\"Publique na ProjetoPack em Revista para suprir a redu\u00e7\u00e3o da atividade comercial de representantes e vendedores durante a pandemia\"}]},{\"@type\":\"WebSite\",\"@id\":\"https:\/\/projetopack.com.br\/#website\",\"url\":\"https:\/\/projetopack.com.br\/\",\"name\":\"ProjetoPack\",\"description\":\"Consultoria e servi\u00e7os para embalagens, r\u00f3tulos, etiquetas e processos de impress\u00e3o\",\"publisher\":{\"@id\":\"https:\/\/projetopack.com.br\/#organization\"},\"potentialAction\":[{\"@type\":\"SearchAction\",\"target\":{\"@type\":\"EntryPoint\",\"urlTemplate\":\"https:\/\/projetopack.com.br\/?s={search_term_string}\"},\"query-input\":{\"@type\":\"PropertyValueSpecification\",\"valueRequired\":true,\"valueName\":\"search_term_string\"}}],\"inLanguage\":\"en-US\"},{\"@type\":\"Organization\",\"@id\":\"https:\/\/projetopack.com.br\/#organization\",\"name\":\"ProjetoPack & Associados\",\"url\":\"https:\/\/projetopack.com.br\/\",\"logo\":{\"@type\":\"ImageObject\",\"inLanguage\":\"en-US\",\"@id\":\"https:\/\/projetopack.com.br\/#\/schema\/logo\/image\/\",\"url\":\"https:\/\/projetopack.com.br\/wp-content\/uploads\/2020\/09\/projetopack.png\",\"contentUrl\":\"https:\/\/projetopack.com.br\/wp-content\/uploads\/2020\/09\/projetopack.png\",\"width\":200,\"height\":200,\"caption\":\"ProjetoPack & Associados\"},\"image\":{\"@id\":\"https:\/\/projetopack.com.br\/#\/schema\/logo\/image\/\"},\"sameAs\":[\"https:\/\/x.com\/ProjetoPack\",\"https:\/\/www.linkedin.com\/company\/projetopack\/\"]},{\"@type\":\"Person\",\"@id\":\"https:\/\/projetopack.com.br\/#\/schema\/person\/87cbd7d1e244880886d457815ebd2490\",\"name\":\"Aislan Baer\",\"image\":{\"@type\":\"ImageObject\",\"inLanguage\":\"en-US\",\"@id\":\"https:\/\/projetopack.com.br\/#\/schema\/person\/image\/\",\"url\":\"https:\/\/projetopack.com.br\/wp-content\/uploads\/2021\/08\/Aislan-Busto-p-100x100.jpg\",\"contentUrl\":\"https:\/\/projetopack.com.br\/wp-content\/uploads\/2021\/08\/Aislan-Busto-p-100x100.jpg\",\"caption\":\"Aislan Baer\"},\"description\":\"Desde os \u00faltimos 20 anos, meu time e eu ajudamos mais de 300 empresas brasileiras e estrangeiras (algumas delas, l\u00edderes mundiais) a produzir embalagens flex\u00edveis e r\u00f3tulos com maior efici\u00eancia, menores custos e maior apelo visual, bem como centenas de donos de marcas a comprar suas embalagens flex\u00edveis e material impresso com um crit\u00e9rio mais t\u00e9cnico e assertivo. Ao mesmo tempo, gra\u00e7as \u00e0 nossa consultoria, muitas destas empresas melhoraram significativamente o seu processo de Impress\u00e3o (Impress\u00e3o de embalagens, Impress\u00e3o industrial, Impress\u00e3o funcional e, mais recentemente, bio impress\u00e3o e manufatura aditiva ou simplesmente Impress\u00e3o 3D). Se a sua empresa tem um problema relacionado a embalagens flex\u00edveis, r\u00f3tulos ou Impress\u00e3o, por mais insol\u00favel que lhe pare\u00e7a, aguardamos ansiosos a sua liga\u00e7\u00e3o ou e-mail. Este \u00e9 nosso trabalho e tamb\u00e9m a nossa paix\u00e3o.\",\"sameAs\":[\"http:\/\/www.projetopack.com\",\"https:\/\/www.linkedin.com\/in\/aislanbaer\/\"],\"jobTitle\":\"CEO @ ProjetoPack | L\u00edder em M&A no Setor de Impress\u00e3o e Embalagens no Brasil | Cofundador da Inovagraf e Neuraflow | Especialista em Inova\u00e7\u00e3o com IA na Impress\u00e3o | Printing Legacy Initiative | Empreendedor Serial\",\"url\":\"https:\/\/projetopack.com.br\/en\/author\/aislan\/\"}]}<\/script>\n<!-- \/ Yoast SEO Premium plugin. -->","yoast_head_json":{"title":"Publique na ProjetoPack em Revista para suprir a redu\u00e7\u00e3o da atividade comercial de representantes e vendedores durante a pandemia - ProjetoPack","description":"Confira o melhor conte\u00fado sobre tecnologia, design e gest\u00e3o de embalagens flex\u00edveis, r\u00f3tulos e impress\u00e3o.","robots":{"index":"index","follow":"follow","max-snippet":"max-snippet:-1","max-image-preview":"max-image-preview:large","max-video-preview":"max-video-preview:-1"},"canonical":"https:\/\/projetopack.com.br\/en\/publique-na-projetopack-em-revista-para-suprir-a-reducao-da-atividade-comercial-de-representantes-e-vendedores-durante-a-pandemia\/","og_locale":"en_US","og_type":"article","og_title":"Publique na ProjetoPack em Revista para suprir a redu\u00e7\u00e3o da atividade comercial de representantes e vendedores durante a pandemia","og_description":"Confira o melhor conte\u00fado sobre tecnologia, design e gest\u00e3o de embalagens flex\u00edveis, r\u00f3tulos e impress\u00e3o.","og_url":"https:\/\/projetopack.com.br\/en\/publique-na-projetopack-em-revista-para-suprir-a-reducao-da-atividade-comercial-de-representantes-e-vendedores-durante-a-pandemia\/","og_site_name":"ProjetoPack","article_published_time":"2020-03-27T19:03:00+00:00","article_modified_time":"2020-05-15T13:39:17+00:00","og_image":[{"width":880,"height":300,"url":"https:\/\/projetopack.com.br\/wp-content\/uploads\/2020\/04\/publique.jpeg","type":"image\/jpeg"}],"author":"Aislan Baer","twitter_card":"summary_large_image","twitter_creator":"@ProjetoPack","twitter_site":"@ProjetoPack","twitter_misc":{"Written by":"Aislan Baer","Est. reading time":"4 minutes"},"schema":{"@context":"https:\/\/schema.org","@graph":[{"@type":"Article","@id":"https:\/\/projetopack.com.br\/en\/publique-na-projetopack-em-revista-para-suprir-a-reducao-da-atividade-comercial-de-representantes-e-vendedores-durante-a-pandemia\/#article","isPartOf":{"@id":"https:\/\/projetopack.com.br\/en\/publique-na-projetopack-em-revista-para-suprir-a-reducao-da-atividade-comercial-de-representantes-e-vendedores-durante-a-pandemia\/"},"author":{"name":"Aislan Baer","@id":"https:\/\/projetopack.com.br\/#\/schema\/person\/87cbd7d1e244880886d457815ebd2490"},"headline":"Publique na ProjetoPack em Revista para suprir a redu\u00e7\u00e3o da atividade comercial de representantes e vendedores durante a pandemia","datePublished":"2020-03-27T19:03:00+00:00","dateModified":"2020-05-15T13:39:17+00:00","mainEntityOfPage":{"@id":"https:\/\/projetopack.com.br\/en\/publique-na-projetopack-em-revista-para-suprir-a-reducao-da-atividade-comercial-de-representantes-e-vendedores-durante-a-pandemia\/"},"wordCount":874,"commentCount":0,"publisher":{"@id":"https:\/\/projetopack.com.br\/#organization"},"image":{"@id":"https:\/\/projetopack.com.br\/en\/publique-na-projetopack-em-revista-para-suprir-a-reducao-da-atividade-comercial-de-representantes-e-vendedores-durante-a-pandemia\/#primaryimage"},"thumbnailUrl":"https:\/\/projetopack.com.br\/wp-content\/uploads\/2020\/04\/publique.jpeg","keywords":["Embalagem","embalagens","embalagensflex\u00edveis","etiquetas","flexo","impress\u00e3o","ProjetoPack","rotogravura","r\u00f3tulos"],"articleSection":["Artigos"],"inLanguage":"en-US","potentialAction":[{"@type":"CommentAction","name":"Comment","target":["https:\/\/projetopack.com.br\/en\/publique-na-projetopack-em-revista-para-suprir-a-reducao-da-atividade-comercial-de-representantes-e-vendedores-durante-a-pandemia\/#respond"]}]},{"@type":"WebPage","@id":"https:\/\/projetopack.com.br\/en\/publique-na-projetopack-em-revista-para-suprir-a-reducao-da-atividade-comercial-de-representantes-e-vendedores-durante-a-pandemia\/","url":"https:\/\/projetopack.com.br\/en\/publique-na-projetopack-em-revista-para-suprir-a-reducao-da-atividade-comercial-de-representantes-e-vendedores-durante-a-pandemia\/","name":"Publique na ProjetoPack em Revista para suprir a redu\u00e7\u00e3o da atividade comercial de representantes e vendedores durante a pandemia - ProjetoPack","isPartOf":{"@id":"https:\/\/projetopack.com.br\/#website"},"primaryImageOfPage":{"@id":"https:\/\/projetopack.com.br\/en\/publique-na-projetopack-em-revista-para-suprir-a-reducao-da-atividade-comercial-de-representantes-e-vendedores-durante-a-pandemia\/#primaryimage"},"image":{"@id":"https:\/\/projetopack.com.br\/en\/publique-na-projetopack-em-revista-para-suprir-a-reducao-da-atividade-comercial-de-representantes-e-vendedores-durante-a-pandemia\/#primaryimage"},"thumbnailUrl":"https:\/\/projetopack.com.br\/wp-content\/uploads\/2020\/04\/publique.jpeg","datePublished":"2020-03-27T19:03:00+00:00","dateModified":"2020-05-15T13:39:17+00:00","description":"Confira o melhor conte\u00fado sobre tecnologia, design e gest\u00e3o de embalagens flex\u00edveis, r\u00f3tulos e impress\u00e3o.","breadcrumb":{"@id":"https:\/\/projetopack.com.br\/en\/publique-na-projetopack-em-revista-para-suprir-a-reducao-da-atividade-comercial-de-representantes-e-vendedores-durante-a-pandemia\/#breadcrumb"},"inLanguage":"en-US","potentialAction":[{"@type":"ReadAction","target":["https:\/\/projetopack.com.br\/en\/publique-na-projetopack-em-revista-para-suprir-a-reducao-da-atividade-comercial-de-representantes-e-vendedores-durante-a-pandemia\/"]}]},{"@type":"ImageObject","inLanguage":"en-US","@id":"https:\/\/projetopack.com.br\/en\/publique-na-projetopack-em-revista-para-suprir-a-reducao-da-atividade-comercial-de-representantes-e-vendedores-durante-a-pandemia\/#primaryimage","url":"https:\/\/projetopack.com.br\/wp-content\/uploads\/2020\/04\/publique.jpeg","contentUrl":"https:\/\/projetopack.com.br\/wp-content\/uploads\/2020\/04\/publique.jpeg","width":880,"height":300},{"@type":"BreadcrumbList","@id":"https:\/\/projetopack.com.br\/en\/publique-na-projetopack-em-revista-para-suprir-a-reducao-da-atividade-comercial-de-representantes-e-vendedores-durante-a-pandemia\/#breadcrumb","itemListElement":[{"@type":"ListItem","position":1,"name":"P\u00e1gina Inicial","item":"https:\/\/projetopack.com.br\/"},{"@type":"ListItem","position":2,"name":"Artigos","item":"https:\/\/projetopack.com.br\/category\/artigos\/"},{"@type":"ListItem","position":3,"name":"Publique na ProjetoPack em Revista para suprir a redu\u00e7\u00e3o da atividade comercial de representantes e vendedores durante a pandemia"}]},{"@type":"WebSite","@id":"https:\/\/projetopack.com.br\/#website","url":"https:\/\/projetopack.com.br\/","name":"ProjetoPack","description":"Consultoria e servi\u00e7os para embalagens, r\u00f3tulos, etiquetas e processos de impress\u00e3o","publisher":{"@id":"https:\/\/projetopack.com.br\/#organization"},"potentialAction":[{"@type":"SearchAction","target":{"@type":"EntryPoint","urlTemplate":"https:\/\/projetopack.com.br\/?s={search_term_string}"},"query-input":{"@type":"PropertyValueSpecification","valueRequired":true,"valueName":"search_term_string"}}],"inLanguage":"en-US"},{"@type":"Organization","@id":"https:\/\/projetopack.com.br\/#organization","name":"ProjetoPack & Associados","url":"https:\/\/projetopack.com.br\/","logo":{"@type":"ImageObject","inLanguage":"en-US","@id":"https:\/\/projetopack.com.br\/#\/schema\/logo\/image\/","url":"https:\/\/projetopack.com.br\/wp-content\/uploads\/2020\/09\/projetopack.png","contentUrl":"https:\/\/projetopack.com.br\/wp-content\/uploads\/2020\/09\/projetopack.png","width":200,"height":200,"caption":"ProjetoPack & Associados"},"image":{"@id":"https:\/\/projetopack.com.br\/#\/schema\/logo\/image\/"},"sameAs":["https:\/\/x.com\/ProjetoPack","https:\/\/www.linkedin.com\/company\/projetopack\/"]},{"@type":"Person","@id":"https:\/\/projetopack.com.br\/#\/schema\/person\/87cbd7d1e244880886d457815ebd2490","name":"Aislan Baer","image":{"@type":"ImageObject","inLanguage":"en-US","@id":"https:\/\/projetopack.com.br\/#\/schema\/person\/image\/","url":"https:\/\/projetopack.com.br\/wp-content\/uploads\/2021\/08\/Aislan-Busto-p-100x100.jpg","contentUrl":"https:\/\/projetopack.com.br\/wp-content\/uploads\/2021\/08\/Aislan-Busto-p-100x100.jpg","caption":"Aislan Baer"},"description":"Desde os \u00faltimos 20 anos, meu time e eu ajudamos mais de 300 empresas brasileiras e estrangeiras (algumas delas, l\u00edderes mundiais) a produzir embalagens flex\u00edveis e r\u00f3tulos com maior efici\u00eancia, menores custos e maior apelo visual, bem como centenas de donos de marcas a comprar suas embalagens flex\u00edveis e material impresso com um crit\u00e9rio mais t\u00e9cnico e assertivo. Ao mesmo tempo, gra\u00e7as \u00e0 nossa consultoria, muitas destas empresas melhoraram significativamente o seu processo de Impress\u00e3o (Impress\u00e3o de embalagens, Impress\u00e3o industrial, Impress\u00e3o funcional e, mais recentemente, bio impress\u00e3o e manufatura aditiva ou simplesmente Impress\u00e3o 3D). Se a sua empresa tem um problema relacionado a embalagens flex\u00edveis, r\u00f3tulos ou Impress\u00e3o, por mais insol\u00favel que lhe pare\u00e7a, aguardamos ansiosos a sua liga\u00e7\u00e3o ou e-mail. Este \u00e9 nosso trabalho e tamb\u00e9m a nossa paix\u00e3o.","sameAs":["http:\/\/www.projetopack.com","https:\/\/www.linkedin.com\/in\/aislanbaer\/"],"jobTitle":"CEO @ ProjetoPack | L\u00edder em M&A no Setor de Impress\u00e3o e Embalagens no Brasil | Cofundador da Inovagraf e Neuraflow | Especialista em Inova\u00e7\u00e3o com IA na Impress\u00e3o | Printing Legacy Initiative | Empreendedor Serial","url":"https:\/\/projetopack.com.br\/en\/author\/aislan\/"}]}},"_links":{"self":[{"href":"https:\/\/projetopack.com.br\/en\/wp-json\/wp\/v2\/posts\/5367","targetHints":{"allow":["GET"]}}],"collection":[{"href":"https:\/\/projetopack.com.br\/en\/wp-json\/wp\/v2\/posts"}],"about":[{"href":"https:\/\/projetopack.com.br\/en\/wp-json\/wp\/v2\/types\/post"}],"author":[{"embeddable":true,"href":"https:\/\/projetopack.com.br\/en\/wp-json\/wp\/v2\/users\/2"}],"replies":[{"embeddable":true,"href":"https:\/\/projetopack.com.br\/en\/wp-json\/wp\/v2\/comments?post=5367"}],"version-history":[{"count":0,"href":"https:\/\/projetopack.com.br\/en\/wp-json\/wp\/v2\/posts\/5367\/revisions"}],"wp:featuredmedia":[{"embeddable":true,"href":"https:\/\/projetopack.com.br\/en\/wp-json\/wp\/v2\/media\/5368"}],"wp:attachment":[{"href":"https:\/\/projetopack.com.br\/en\/wp-json\/wp\/v2\/media?parent=5367"}],"wp:term":[{"taxonomy":"category","embeddable":true,"href":"https:\/\/projetopack.com.br\/en\/wp-json\/wp\/v2\/categories?post=5367"},{"taxonomy":"post_tag","embeddable":true,"href":"https:\/\/projetopack.com.br\/en\/wp-json\/wp\/v2\/tags?post=5367"}],"curies":[{"name":"wp","href":"https:\/\/api.w.org\/{rel}","templated":true}]}}