{"id":5370,"date":"2020-03-25T16:06:00","date_gmt":"2020-03-25T19:06:00","guid":{"rendered":"http:\/\/www.projetopack.com.br\/2020\/?p=5370"},"modified":"2020-05-15T10:47:48","modified_gmt":"2020-05-15T13:47:48","slug":"dicas-para-reduzir-a-disseminacao-da-covid-19-nas-industrias-graficas-e-convertedoras","status":"publish","type":"post","link":"https:\/\/projetopack.com.br\/en\/dicas-para-reduzir-a-disseminacao-da-covid-19-nas-industrias-graficas-e-convertedoras\/","title":{"rendered":"Dicas para reduzir a dissemina\u00e7\u00e3o da COVID-19 nas ind\u00fastrias gr\u00e1ficas e convertedoras"},"content":{"rendered":"<p class=\"has-text-align-center\"> <em>Compartilhe este news. Ele pode ajudar algu\u00e9m a informar-se melhor e evitar a dissemina\u00e7\u00e3o do v\u00edrus.<\/em> <\/p>\n\n\n\n<p>Embora os impressores, ajudantes, coloristas, preparadores e outros colaboradores trabalhem a maior parte do tempo, mais &#8220;isolados&#8221; em seus equipamentos, alguns cuidados podem ajudar a reduzir a dissemina\u00e7\u00e3o do cont\u00e1gio.<\/p>\n\n\n\n<p><em>A ind\u00fastria gr\u00e1fica, de r\u00f3tulos, etiquetas e embalagens s\u00e3o vitais \u00e0 sociedade &#8211; sem elas n\u00e3o haver\u00e1 nem medicamentos, nem alimentos abastecendo a popula\u00e7\u00e3o<\/em>. Tentamos compilar aqui algumas dicas que possam ajudar no combate ao COVID-19:<\/p>\n\n\n\n<ul class=\"wp-block-list\"><li>Assepsia das m\u00e3os \u00e9 parte da cultura das empresas do nosso segmento, principalmente as que fornecem materiais \u00e0s ind\u00fastrias aliment\u00edcias. Mas \u00e9 preciso refor\u00e7ar a necessidade de manter as m\u00e3os limpas adequadamente; \u00e9 preciso disponibilizar desinfetantes a base de \u00e1lcool nos postos de trabalho e lembrar-se de que pain\u00e9is das m\u00e1quinas (o que inclui controles wireless, telas do tipo&nbsp;<em>touch<\/em>&nbsp;e intrumentos de medi\u00e7\u00e3o como espectrodensit\u00f4metros, que n\u00e3o podem ser manuseados com luvas nitr\u00edlicas) devem ser desinfetados antes e ap\u00f3s o uso;<\/li><li>Trabalhadores que estiverem se sentindo mal e com sintomas de gripe ou resfriado devem permanecer em casa (ou que possuam membros da fam\u00edlia com os sintomas);<\/li><li>\u00c9 preciso encorajar a &#8220;etiqueta respirat\u00f3ria&#8221;, o que inclui cobrir o rosto no caso de tosse ou espirro e manter uma dist\u00e2ncia segura (3 metros) ao falar com o colega;<\/li><li>Os tr\u00eas momentos mais cr\u00edticos, com maior fluxo de colaboradores na produ\u00e7\u00e3o s\u00e3o os setups, aprova\u00e7\u00f5es e trocas de turno. Cuidado redobrado e observa\u00e7\u00e3o das dist\u00e2ncias seguras;<\/li><li>Em caso de d\u00favida do impressor nas aprova\u00e7\u00f5es, ao chamar o supervisor ou inspetor de qualidade, deixe a amostra na cabine de luz, afaste-se para a avalia\u00e7\u00e3o do outro profissional;<\/li><li>Nos setups, demarcar (algo que j\u00e1 deveria ocorrer normalmente) um local de pr\u00e9-setup e solicitar que os auxiliares ou equipe de apoio entregue as pe\u00e7as, tintas e f\u00f4rmas, previamente checadas, no espa\u00e7o designado. Empresas que n\u00e3o possuem uma sistem\u00e1tica de setup baseada em produ\u00e7\u00e3o enxuta tem maior fluxo de pessoas, de forma atabalhoada, entrando e saindo dos decks da impressora e esbarrando umas nas outras;<\/li><li>Celulares e outros itens pessoais devem ser mantidos nos arm\u00e1rios e n\u00e3o devem ser levados \u00e0 f\u00e1brica. Evidentemente, precisam ser limpos e desinfectados antes e depois do uso;<\/li><li>Reforce as pol\u00edticas de 5S (busca, procura e espera resultam em maior manipula\u00e7\u00e3o de objetos e superf\u00edcies) em toda a empresa, desde a portaria at\u00e9 a prensagem de aparas;<\/li><li>Crie um procedimento de auditoria di\u00e1ria para identificar e isolar colaboradores doentes e com os sintomas da COVID-19. Distribua material educativo a respeito a todos os funcion\u00e1rios; o uso de m\u00e1scaras pode ajudar a retardar a dissemina\u00e7\u00e3o do v\u00edrus;<\/li><li>Restrinja o acesso \u00e0 f\u00e1brica. A movimenta\u00e7\u00e3o intersetorial deve ocorrer somente em caso de necessidade;<\/li><li>Intensifique a gest\u00e3o visual. Mais gest\u00e3o visual significa menos necessidade de contato direto para transmiss\u00e3o de ordens e orienta\u00e7\u00f5es, al\u00e9m de diminuir a ansiedade e o nervosismo;<\/li><li>Intensifique a sinaliza\u00e7\u00e3o, pelo mesmo motivo. Espalhe instru\u00e7\u00f5es impressas (cartazes) de como lavar as m\u00e3os, reconhecer sintomas da infec\u00e7\u00e3o e o que se deve ou n\u00e3o fazer;<\/li><li>Se poss\u00edvel, dar orienta\u00e7\u00f5es nutricionais aos colaboradores de como melhorar a sua dieta para refor\u00e7ar a imunidade e, no caso de alimenta\u00e7\u00e3o na empresa, reavaliar o card\u00e1pio com o mesmo fim.<\/li><\/ul>","protected":false},"excerpt":{"rendered":"<p>Compartilhe este news. Ele pode ajudar algu\u00e9m a informar-se melhor e evitar a dissemina\u00e7\u00e3o do v\u00edrus. Embora os impressores, ajudantes, coloristas, preparadores e outros colaboradores trabalhem a maior parte do tempo, mais &#8220;isolados&#8221; em seus equipamentos, alguns cuidados podem ajudar a reduzir a dissemina\u00e7\u00e3o do cont\u00e1gio. A ind\u00fastria gr\u00e1fica, de r\u00f3tulos, etiquetas e embalagens s\u00e3o [&hellip;]<\/p>\n","protected":false},"author":2,"featured_media":5371,"comment_status":"open","ping_status":"open","sticky":false,"template":"","format":"standard","meta":{"footnotes":""},"categories":[99],"tags":[322,323,359,321,135,320,350,111,163,249],"class_list":["post-5370","post","type-post","status-publish","format-standard","has-post-thumbnail","hentry","category-artigos","tag-corona","tag-coronavirus","tag-covid","tag-covid19","tag-embalagem","tag-embalagens","tag-flexo","tag-flexografia","tag-impressao","tag-rotulos"],"yoast_head":"<!-- This site is optimized with the Yoast SEO Premium plugin v27.1 (Yoast SEO v27.1.1) - https:\/\/yoast.com\/product\/yoast-seo-premium-wordpress\/ -->\n<title>Dicas para reduzir a dissemina\u00e7\u00e3o da COVID-19 nas ind\u00fastrias gr\u00e1ficas e convertedoras - ProjetoPack<\/title>\n<meta name=\"description\" content=\"Confira o melhor conte\u00fado sobre tecnologia, design e gest\u00e3o de embalagens flex\u00edveis, r\u00f3tulos e impress\u00e3o.\" \/>\n<meta name=\"robots\" content=\"index, follow, max-snippet:-1, max-image-preview:large, max-video-preview:-1\" \/>\n<link rel=\"canonical\" href=\"https:\/\/projetopack.com.br\/en\/dicas-para-reduzir-a-disseminacao-da-covid-19-nas-industrias-graficas-e-convertedoras\/\" \/>\n<meta property=\"og:locale\" content=\"en_US\" \/>\n<meta property=\"og:type\" content=\"article\" \/>\n<meta property=\"og:title\" content=\"Dicas para reduzir a dissemina\u00e7\u00e3o da COVID-19 nas ind\u00fastrias gr\u00e1ficas e convertedoras\" \/>\n<meta property=\"og:description\" content=\"Confira o melhor conte\u00fado sobre tecnologia, design e gest\u00e3o de embalagens flex\u00edveis, r\u00f3tulos e impress\u00e3o.\" \/>\n<meta property=\"og:url\" content=\"https:\/\/projetopack.com.br\/en\/dicas-para-reduzir-a-disseminacao-da-covid-19-nas-industrias-graficas-e-convertedoras\/\" \/>\n<meta property=\"og:site_name\" content=\"ProjetoPack\" \/>\n<meta property=\"article:published_time\" content=\"2020-03-25T19:06:00+00:00\" \/>\n<meta property=\"article:modified_time\" content=\"2020-05-15T13:47:48+00:00\" \/>\n<meta property=\"og:image\" content=\"https:\/\/projetopack.com.br\/wp-content\/uploads\/2020\/04\/covid-19.jpeg\" \/>\n\t<meta property=\"og:image:width\" content=\"1597\" \/>\n\t<meta property=\"og:image:height\" content=\"898\" \/>\n\t<meta property=\"og:image:type\" content=\"image\/jpeg\" \/>\n<meta name=\"author\" content=\"Aislan Baer\" \/>\n<meta name=\"twitter:card\" content=\"summary_large_image\" \/>\n<meta name=\"twitter:creator\" content=\"@ProjetoPack\" \/>\n<meta name=\"twitter:site\" content=\"@ProjetoPack\" \/>\n<meta name=\"twitter:label1\" content=\"Written by\" \/>\n\t<meta name=\"twitter:data1\" content=\"Aislan Baer\" \/>\n\t<meta name=\"twitter:label2\" content=\"Est. reading time\" \/>\n\t<meta name=\"twitter:data2\" content=\"3 minutes\" \/>\n<script type=\"application\/ld+json\" class=\"yoast-schema-graph\">{\"@context\":\"https:\/\/schema.org\",\"@graph\":[{\"@type\":\"Article\",\"@id\":\"https:\/\/projetopack.com.br\/en\/dicas-para-reduzir-a-disseminacao-da-covid-19-nas-industrias-graficas-e-convertedoras\/#article\",\"isPartOf\":{\"@id\":\"https:\/\/projetopack.com.br\/en\/dicas-para-reduzir-a-disseminacao-da-covid-19-nas-industrias-graficas-e-convertedoras\/\"},\"author\":{\"name\":\"Aislan Baer\",\"@id\":\"https:\/\/projetopack.com.br\/#\/schema\/person\/87cbd7d1e244880886d457815ebd2490\"},\"headline\":\"Dicas para reduzir a dissemina\u00e7\u00e3o da COVID-19 nas ind\u00fastrias gr\u00e1ficas e convertedoras\",\"datePublished\":\"2020-03-25T19:06:00+00:00\",\"dateModified\":\"2020-05-15T13:47:48+00:00\",\"mainEntityOfPage\":{\"@id\":\"https:\/\/projetopack.com.br\/en\/dicas-para-reduzir-a-disseminacao-da-covid-19-nas-industrias-graficas-e-convertedoras\/\"},\"wordCount\":618,\"commentCount\":0,\"publisher\":{\"@id\":\"https:\/\/projetopack.com.br\/#organization\"},\"image\":{\"@id\":\"https:\/\/projetopack.com.br\/en\/dicas-para-reduzir-a-disseminacao-da-covid-19-nas-industrias-graficas-e-convertedoras\/#primaryimage\"},\"thumbnailUrl\":\"https:\/\/projetopack.com.br\/wp-content\/uploads\/2020\/04\/covid-19.jpeg\",\"keywords\":[\"corona\",\"coronavirus\",\"covid\",\"covid19\",\"Embalagem\",\"embalagens\",\"flexo\",\"flexografia\",\"impress\u00e3o\",\"r\u00f3tulos\"],\"articleSection\":[\"Artigos\"],\"inLanguage\":\"en-US\",\"potentialAction\":[{\"@type\":\"CommentAction\",\"name\":\"Comment\",\"target\":[\"https:\/\/projetopack.com.br\/en\/dicas-para-reduzir-a-disseminacao-da-covid-19-nas-industrias-graficas-e-convertedoras\/#respond\"]}]},{\"@type\":\"WebPage\",\"@id\":\"https:\/\/projetopack.com.br\/en\/dicas-para-reduzir-a-disseminacao-da-covid-19-nas-industrias-graficas-e-convertedoras\/\",\"url\":\"https:\/\/projetopack.com.br\/en\/dicas-para-reduzir-a-disseminacao-da-covid-19-nas-industrias-graficas-e-convertedoras\/\",\"name\":\"Dicas para reduzir a dissemina\u00e7\u00e3o da COVID-19 nas ind\u00fastrias gr\u00e1ficas e convertedoras - ProjetoPack\",\"isPartOf\":{\"@id\":\"https:\/\/projetopack.com.br\/#website\"},\"primaryImageOfPage\":{\"@id\":\"https:\/\/projetopack.com.br\/en\/dicas-para-reduzir-a-disseminacao-da-covid-19-nas-industrias-graficas-e-convertedoras\/#primaryimage\"},\"image\":{\"@id\":\"https:\/\/projetopack.com.br\/en\/dicas-para-reduzir-a-disseminacao-da-covid-19-nas-industrias-graficas-e-convertedoras\/#primaryimage\"},\"thumbnailUrl\":\"https:\/\/projetopack.com.br\/wp-content\/uploads\/2020\/04\/covid-19.jpeg\",\"datePublished\":\"2020-03-25T19:06:00+00:00\",\"dateModified\":\"2020-05-15T13:47:48+00:00\",\"description\":\"Confira o melhor conte\u00fado sobre tecnologia, design e gest\u00e3o de embalagens flex\u00edveis, r\u00f3tulos e impress\u00e3o.\",\"breadcrumb\":{\"@id\":\"https:\/\/projetopack.com.br\/en\/dicas-para-reduzir-a-disseminacao-da-covid-19-nas-industrias-graficas-e-convertedoras\/#breadcrumb\"},\"inLanguage\":\"en-US\",\"potentialAction\":[{\"@type\":\"ReadAction\",\"target\":[\"https:\/\/projetopack.com.br\/en\/dicas-para-reduzir-a-disseminacao-da-covid-19-nas-industrias-graficas-e-convertedoras\/\"]}]},{\"@type\":\"ImageObject\",\"inLanguage\":\"en-US\",\"@id\":\"https:\/\/projetopack.com.br\/en\/dicas-para-reduzir-a-disseminacao-da-covid-19-nas-industrias-graficas-e-convertedoras\/#primaryimage\",\"url\":\"https:\/\/projetopack.com.br\/wp-content\/uploads\/2020\/04\/covid-19.jpeg\",\"contentUrl\":\"https:\/\/projetopack.com.br\/wp-content\/uploads\/2020\/04\/covid-19.jpeg\",\"width\":1597,\"height\":898},{\"@type\":\"BreadcrumbList\",\"@id\":\"https:\/\/projetopack.com.br\/en\/dicas-para-reduzir-a-disseminacao-da-covid-19-nas-industrias-graficas-e-convertedoras\/#breadcrumb\",\"itemListElement\":[{\"@type\":\"ListItem\",\"position\":1,\"name\":\"P\u00e1gina Inicial\",\"item\":\"https:\/\/projetopack.com.br\/\"},{\"@type\":\"ListItem\",\"position\":2,\"name\":\"Artigos\",\"item\":\"https:\/\/projetopack.com.br\/category\/artigos\/\"},{\"@type\":\"ListItem\",\"position\":3,\"name\":\"Dicas para reduzir a dissemina\u00e7\u00e3o da COVID-19 nas ind\u00fastrias gr\u00e1ficas e convertedoras\"}]},{\"@type\":\"WebSite\",\"@id\":\"https:\/\/projetopack.com.br\/#website\",\"url\":\"https:\/\/projetopack.com.br\/\",\"name\":\"ProjetoPack\",\"description\":\"Consultoria e servi\u00e7os para embalagens, r\u00f3tulos, etiquetas e processos de impress\u00e3o\",\"publisher\":{\"@id\":\"https:\/\/projetopack.com.br\/#organization\"},\"potentialAction\":[{\"@type\":\"SearchAction\",\"target\":{\"@type\":\"EntryPoint\",\"urlTemplate\":\"https:\/\/projetopack.com.br\/?s={search_term_string}\"},\"query-input\":{\"@type\":\"PropertyValueSpecification\",\"valueRequired\":true,\"valueName\":\"search_term_string\"}}],\"inLanguage\":\"en-US\"},{\"@type\":\"Organization\",\"@id\":\"https:\/\/projetopack.com.br\/#organization\",\"name\":\"ProjetoPack & Associados\",\"url\":\"https:\/\/projetopack.com.br\/\",\"logo\":{\"@type\":\"ImageObject\",\"inLanguage\":\"en-US\",\"@id\":\"https:\/\/projetopack.com.br\/#\/schema\/logo\/image\/\",\"url\":\"https:\/\/projetopack.com.br\/wp-content\/uploads\/2020\/09\/projetopack.png\",\"contentUrl\":\"https:\/\/projetopack.com.br\/wp-content\/uploads\/2020\/09\/projetopack.png\",\"width\":200,\"height\":200,\"caption\":\"ProjetoPack & Associados\"},\"image\":{\"@id\":\"https:\/\/projetopack.com.br\/#\/schema\/logo\/image\/\"},\"sameAs\":[\"https:\/\/x.com\/ProjetoPack\",\"https:\/\/www.linkedin.com\/company\/projetopack\/\"]},{\"@type\":\"Person\",\"@id\":\"https:\/\/projetopack.com.br\/#\/schema\/person\/87cbd7d1e244880886d457815ebd2490\",\"name\":\"Aislan Baer\",\"image\":{\"@type\":\"ImageObject\",\"inLanguage\":\"en-US\",\"@id\":\"https:\/\/projetopack.com.br\/#\/schema\/person\/image\/\",\"url\":\"https:\/\/projetopack.com.br\/wp-content\/uploads\/2021\/08\/Aislan-Busto-p-100x100.jpg\",\"contentUrl\":\"https:\/\/projetopack.com.br\/wp-content\/uploads\/2021\/08\/Aislan-Busto-p-100x100.jpg\",\"caption\":\"Aislan Baer\"},\"description\":\"Desde os \u00faltimos 20 anos, meu time e eu ajudamos mais de 300 empresas brasileiras e estrangeiras (algumas delas, l\u00edderes mundiais) a produzir embalagens flex\u00edveis e r\u00f3tulos com maior efici\u00eancia, menores custos e maior apelo visual, bem como centenas de donos de marcas a comprar suas embalagens flex\u00edveis e material impresso com um crit\u00e9rio mais t\u00e9cnico e assertivo. Ao mesmo tempo, gra\u00e7as \u00e0 nossa consultoria, muitas destas empresas melhoraram significativamente o seu processo de Impress\u00e3o (Impress\u00e3o de embalagens, Impress\u00e3o industrial, Impress\u00e3o funcional e, mais recentemente, bio impress\u00e3o e manufatura aditiva ou simplesmente Impress\u00e3o 3D). Se a sua empresa tem um problema relacionado a embalagens flex\u00edveis, r\u00f3tulos ou Impress\u00e3o, por mais insol\u00favel que lhe pare\u00e7a, aguardamos ansiosos a sua liga\u00e7\u00e3o ou e-mail. Este \u00e9 nosso trabalho e tamb\u00e9m a nossa paix\u00e3o.\",\"sameAs\":[\"http:\/\/www.projetopack.com\",\"https:\/\/www.linkedin.com\/in\/aislanbaer\/\"],\"jobTitle\":\"CEO @ ProjetoPack | L\u00edder em M&A no Setor de Impress\u00e3o e Embalagens no Brasil | Cofundador da Inovagraf e Neuraflow | Especialista em Inova\u00e7\u00e3o com IA na Impress\u00e3o | Printing Legacy Initiative | Empreendedor Serial\",\"url\":\"https:\/\/projetopack.com.br\/en\/author\/aislan\/\"}]}<\/script>\n<!-- \/ Yoast SEO Premium plugin. -->","yoast_head_json":{"title":"Dicas para reduzir a dissemina\u00e7\u00e3o da COVID-19 nas ind\u00fastrias gr\u00e1ficas e convertedoras - ProjetoPack","description":"Confira o melhor conte\u00fado sobre tecnologia, design e gest\u00e3o de embalagens flex\u00edveis, r\u00f3tulos e impress\u00e3o.","robots":{"index":"index","follow":"follow","max-snippet":"max-snippet:-1","max-image-preview":"max-image-preview:large","max-video-preview":"max-video-preview:-1"},"canonical":"https:\/\/projetopack.com.br\/en\/dicas-para-reduzir-a-disseminacao-da-covid-19-nas-industrias-graficas-e-convertedoras\/","og_locale":"en_US","og_type":"article","og_title":"Dicas para reduzir a dissemina\u00e7\u00e3o da COVID-19 nas ind\u00fastrias gr\u00e1ficas e convertedoras","og_description":"Confira o melhor conte\u00fado sobre tecnologia, design e gest\u00e3o de embalagens flex\u00edveis, r\u00f3tulos e impress\u00e3o.","og_url":"https:\/\/projetopack.com.br\/en\/dicas-para-reduzir-a-disseminacao-da-covid-19-nas-industrias-graficas-e-convertedoras\/","og_site_name":"ProjetoPack","article_published_time":"2020-03-25T19:06:00+00:00","article_modified_time":"2020-05-15T13:47:48+00:00","og_image":[{"width":1597,"height":898,"url":"https:\/\/projetopack.com.br\/wp-content\/uploads\/2020\/04\/covid-19.jpeg","type":"image\/jpeg"}],"author":"Aislan Baer","twitter_card":"summary_large_image","twitter_creator":"@ProjetoPack","twitter_site":"@ProjetoPack","twitter_misc":{"Written by":"Aislan Baer","Est. reading time":"3 minutes"},"schema":{"@context":"https:\/\/schema.org","@graph":[{"@type":"Article","@id":"https:\/\/projetopack.com.br\/en\/dicas-para-reduzir-a-disseminacao-da-covid-19-nas-industrias-graficas-e-convertedoras\/#article","isPartOf":{"@id":"https:\/\/projetopack.com.br\/en\/dicas-para-reduzir-a-disseminacao-da-covid-19-nas-industrias-graficas-e-convertedoras\/"},"author":{"name":"Aislan Baer","@id":"https:\/\/projetopack.com.br\/#\/schema\/person\/87cbd7d1e244880886d457815ebd2490"},"headline":"Dicas para reduzir a dissemina\u00e7\u00e3o da COVID-19 nas ind\u00fastrias gr\u00e1ficas e convertedoras","datePublished":"2020-03-25T19:06:00+00:00","dateModified":"2020-05-15T13:47:48+00:00","mainEntityOfPage":{"@id":"https:\/\/projetopack.com.br\/en\/dicas-para-reduzir-a-disseminacao-da-covid-19-nas-industrias-graficas-e-convertedoras\/"},"wordCount":618,"commentCount":0,"publisher":{"@id":"https:\/\/projetopack.com.br\/#organization"},"image":{"@id":"https:\/\/projetopack.com.br\/en\/dicas-para-reduzir-a-disseminacao-da-covid-19-nas-industrias-graficas-e-convertedoras\/#primaryimage"},"thumbnailUrl":"https:\/\/projetopack.com.br\/wp-content\/uploads\/2020\/04\/covid-19.jpeg","keywords":["corona","coronavirus","covid","covid19","Embalagem","embalagens","flexo","flexografia","impress\u00e3o","r\u00f3tulos"],"articleSection":["Artigos"],"inLanguage":"en-US","potentialAction":[{"@type":"CommentAction","name":"Comment","target":["https:\/\/projetopack.com.br\/en\/dicas-para-reduzir-a-disseminacao-da-covid-19-nas-industrias-graficas-e-convertedoras\/#respond"]}]},{"@type":"WebPage","@id":"https:\/\/projetopack.com.br\/en\/dicas-para-reduzir-a-disseminacao-da-covid-19-nas-industrias-graficas-e-convertedoras\/","url":"https:\/\/projetopack.com.br\/en\/dicas-para-reduzir-a-disseminacao-da-covid-19-nas-industrias-graficas-e-convertedoras\/","name":"Dicas para reduzir a dissemina\u00e7\u00e3o da COVID-19 nas ind\u00fastrias gr\u00e1ficas e convertedoras - ProjetoPack","isPartOf":{"@id":"https:\/\/projetopack.com.br\/#website"},"primaryImageOfPage":{"@id":"https:\/\/projetopack.com.br\/en\/dicas-para-reduzir-a-disseminacao-da-covid-19-nas-industrias-graficas-e-convertedoras\/#primaryimage"},"image":{"@id":"https:\/\/projetopack.com.br\/en\/dicas-para-reduzir-a-disseminacao-da-covid-19-nas-industrias-graficas-e-convertedoras\/#primaryimage"},"thumbnailUrl":"https:\/\/projetopack.com.br\/wp-content\/uploads\/2020\/04\/covid-19.jpeg","datePublished":"2020-03-25T19:06:00+00:00","dateModified":"2020-05-15T13:47:48+00:00","description":"Confira o melhor conte\u00fado sobre tecnologia, design e gest\u00e3o de embalagens flex\u00edveis, r\u00f3tulos e impress\u00e3o.","breadcrumb":{"@id":"https:\/\/projetopack.com.br\/en\/dicas-para-reduzir-a-disseminacao-da-covid-19-nas-industrias-graficas-e-convertedoras\/#breadcrumb"},"inLanguage":"en-US","potentialAction":[{"@type":"ReadAction","target":["https:\/\/projetopack.com.br\/en\/dicas-para-reduzir-a-disseminacao-da-covid-19-nas-industrias-graficas-e-convertedoras\/"]}]},{"@type":"ImageObject","inLanguage":"en-US","@id":"https:\/\/projetopack.com.br\/en\/dicas-para-reduzir-a-disseminacao-da-covid-19-nas-industrias-graficas-e-convertedoras\/#primaryimage","url":"https:\/\/projetopack.com.br\/wp-content\/uploads\/2020\/04\/covid-19.jpeg","contentUrl":"https:\/\/projetopack.com.br\/wp-content\/uploads\/2020\/04\/covid-19.jpeg","width":1597,"height":898},{"@type":"BreadcrumbList","@id":"https:\/\/projetopack.com.br\/en\/dicas-para-reduzir-a-disseminacao-da-covid-19-nas-industrias-graficas-e-convertedoras\/#breadcrumb","itemListElement":[{"@type":"ListItem","position":1,"name":"P\u00e1gina Inicial","item":"https:\/\/projetopack.com.br\/"},{"@type":"ListItem","position":2,"name":"Artigos","item":"https:\/\/projetopack.com.br\/category\/artigos\/"},{"@type":"ListItem","position":3,"name":"Dicas para reduzir a dissemina\u00e7\u00e3o da COVID-19 nas ind\u00fastrias gr\u00e1ficas e convertedoras"}]},{"@type":"WebSite","@id":"https:\/\/projetopack.com.br\/#website","url":"https:\/\/projetopack.com.br\/","name":"ProjetoPack","description":"Consultoria e servi\u00e7os para embalagens, r\u00f3tulos, etiquetas e processos de impress\u00e3o","publisher":{"@id":"https:\/\/projetopack.com.br\/#organization"},"potentialAction":[{"@type":"SearchAction","target":{"@type":"EntryPoint","urlTemplate":"https:\/\/projetopack.com.br\/?s={search_term_string}"},"query-input":{"@type":"PropertyValueSpecification","valueRequired":true,"valueName":"search_term_string"}}],"inLanguage":"en-US"},{"@type":"Organization","@id":"https:\/\/projetopack.com.br\/#organization","name":"ProjetoPack & Associados","url":"https:\/\/projetopack.com.br\/","logo":{"@type":"ImageObject","inLanguage":"en-US","@id":"https:\/\/projetopack.com.br\/#\/schema\/logo\/image\/","url":"https:\/\/projetopack.com.br\/wp-content\/uploads\/2020\/09\/projetopack.png","contentUrl":"https:\/\/projetopack.com.br\/wp-content\/uploads\/2020\/09\/projetopack.png","width":200,"height":200,"caption":"ProjetoPack & Associados"},"image":{"@id":"https:\/\/projetopack.com.br\/#\/schema\/logo\/image\/"},"sameAs":["https:\/\/x.com\/ProjetoPack","https:\/\/www.linkedin.com\/company\/projetopack\/"]},{"@type":"Person","@id":"https:\/\/projetopack.com.br\/#\/schema\/person\/87cbd7d1e244880886d457815ebd2490","name":"Aislan Baer","image":{"@type":"ImageObject","inLanguage":"en-US","@id":"https:\/\/projetopack.com.br\/#\/schema\/person\/image\/","url":"https:\/\/projetopack.com.br\/wp-content\/uploads\/2021\/08\/Aislan-Busto-p-100x100.jpg","contentUrl":"https:\/\/projetopack.com.br\/wp-content\/uploads\/2021\/08\/Aislan-Busto-p-100x100.jpg","caption":"Aislan Baer"},"description":"Desde os \u00faltimos 20 anos, meu time e eu ajudamos mais de 300 empresas brasileiras e estrangeiras (algumas delas, l\u00edderes mundiais) a produzir embalagens flex\u00edveis e r\u00f3tulos com maior efici\u00eancia, menores custos e maior apelo visual, bem como centenas de donos de marcas a comprar suas embalagens flex\u00edveis e material impresso com um crit\u00e9rio mais t\u00e9cnico e assertivo. Ao mesmo tempo, gra\u00e7as \u00e0 nossa consultoria, muitas destas empresas melhoraram significativamente o seu processo de Impress\u00e3o (Impress\u00e3o de embalagens, Impress\u00e3o industrial, Impress\u00e3o funcional e, mais recentemente, bio impress\u00e3o e manufatura aditiva ou simplesmente Impress\u00e3o 3D). Se a sua empresa tem um problema relacionado a embalagens flex\u00edveis, r\u00f3tulos ou Impress\u00e3o, por mais insol\u00favel que lhe pare\u00e7a, aguardamos ansiosos a sua liga\u00e7\u00e3o ou e-mail. Este \u00e9 nosso trabalho e tamb\u00e9m a nossa paix\u00e3o.","sameAs":["http:\/\/www.projetopack.com","https:\/\/www.linkedin.com\/in\/aislanbaer\/"],"jobTitle":"CEO @ ProjetoPack | L\u00edder em M&A no Setor de Impress\u00e3o e Embalagens no Brasil | Cofundador da Inovagraf e Neuraflow | Especialista em Inova\u00e7\u00e3o com IA na Impress\u00e3o | Printing Legacy Initiative | Empreendedor Serial","url":"https:\/\/projetopack.com.br\/en\/author\/aislan\/"}]}},"_links":{"self":[{"href":"https:\/\/projetopack.com.br\/en\/wp-json\/wp\/v2\/posts\/5370","targetHints":{"allow":["GET"]}}],"collection":[{"href":"https:\/\/projetopack.com.br\/en\/wp-json\/wp\/v2\/posts"}],"about":[{"href":"https:\/\/projetopack.com.br\/en\/wp-json\/wp\/v2\/types\/post"}],"author":[{"embeddable":true,"href":"https:\/\/projetopack.com.br\/en\/wp-json\/wp\/v2\/users\/2"}],"replies":[{"embeddable":true,"href":"https:\/\/projetopack.com.br\/en\/wp-json\/wp\/v2\/comments?post=5370"}],"version-history":[{"count":0,"href":"https:\/\/projetopack.com.br\/en\/wp-json\/wp\/v2\/posts\/5370\/revisions"}],"wp:featuredmedia":[{"embeddable":true,"href":"https:\/\/projetopack.com.br\/en\/wp-json\/wp\/v2\/media\/5371"}],"wp:attachment":[{"href":"https:\/\/projetopack.com.br\/en\/wp-json\/wp\/v2\/media?parent=5370"}],"wp:term":[{"taxonomy":"category","embeddable":true,"href":"https:\/\/projetopack.com.br\/en\/wp-json\/wp\/v2\/categories?post=5370"},{"taxonomy":"post_tag","embeddable":true,"href":"https:\/\/projetopack.com.br\/en\/wp-json\/wp\/v2\/tags?post=5370"}],"curies":[{"name":"wp","href":"https:\/\/api.w.org\/{rel}","templated":true}]}}