{"id":5734,"date":"2020-04-21T10:50:00","date_gmt":"2020-04-21T13:50:00","guid":{"rendered":"http:\/\/www.projetopack.com.br\/2020\/?p=5734"},"modified":"2020-05-14T18:34:47","modified_gmt":"2020-05-14T21:34:47","slug":"demanda-por-embalagens-flexiveis-aumenta-durante-a-pandemia","status":"publish","type":"post","link":"https:\/\/projetopack.com.br\/en\/demanda-por-embalagens-flexiveis-aumenta-durante-a-pandemia\/","title":{"rendered":"Demanda por embalagens flex\u00edveis aumenta durante a pandemia"},"content":{"rendered":"<p>Mais uma boa not\u00edcia, caro leitor. Acho que vale compartilhar na sua rede um pouco de positividade, n\u00e3o?<\/p>\n\n\n\n<p>As medidas de isolamento tomadas por v\u00e1rios governos mudaram diversos h\u00e1bitos do consumo. Um deles, imediato, foi a redu\u00e7\u00e3o dr\u00e1stica da alimenta\u00e7\u00e3o fora do lar. Estamos tendo que cozinhar &#8211; ou pedir comida em casa. Na maioria das vezes e para a maior parte do p\u00fablico, &#8220;o que for mais barato&#8221;.<\/p>\n\n\n\n<p>Aumentou o volume de compra de comida processada. Em alguns casos, como massas para preparo no microondas, esse volume chegou a triplicar no per\u00edodo do covid19. Algumas indulg\u00eancias &#8211; como biscoitos, snacks e chocolates &#8211; tamb\u00e9m cresceram bem em algumas regi\u00f5es. \u00c9 um pr\u00eamio de consola\u00e7\u00e3o por ficar trancado tanto tempo em casa assistindo Netflix, certo?<br><\/p>\n\n\n\n<figure class=\"wp-block-pullquote\"><blockquote><p>Nos EUA, o consumo de caf\u00e9 subiu 50% e com ele, toda a produ\u00e7\u00e3o das sofisticadas embalagens laminadas com ou sem v\u00e1vulas especiais. Ser\u00e1 que o aumento sem precedentes de trabalhadores em home office tem alguma liga\u00e7\u00e3o com todo esse caf\u00e9? \ud83d\ude42<\/p><\/blockquote><\/figure>\n\n\n\n<p>\u00c9 evidente que, no que tange aos produtos para cuidados com o lar, n\u00e3o aumentamos s\u00f3 o consumo de \u00e1lcool em gel. Toda a \u00e1rea de sanitizantes e detergentes est\u00e1 a plena carga. Agora as pessoas precisam lavar a roupa (diminuiu o servi\u00e7o do tipo Lave e Pegue), a lou\u00e7a (que antes o restaurante lavava) e a casa com mais frequencia, para &#8220;descontaminar&#8221;.<\/p>\n\n\n\n<p>Na Europa, o volume pode crescer 5% este ano. Nos EUA, algo pr\u00f3ximo disso. Esperemos que o Brasil siga a mesma linha. Dedos cruzados aqui.<\/p>","protected":false},"excerpt":{"rendered":"<p>Mais uma boa not\u00edcia, caro leitor. Acho que vale compartilhar na sua rede um pouco de positividade, n\u00e3o? As medidas de isolamento tomadas por v\u00e1rios governos mudaram diversos h\u00e1bitos do consumo. Um deles, imediato, foi a redu\u00e7\u00e3o dr\u00e1stica da alimenta\u00e7\u00e3o fora do lar. Estamos tendo que cozinhar &#8211; ou pedir comida em casa. Na maioria [&hellip;]<\/p>\n","protected":false},"author":2,"featured_media":5737,"comment_status":"open","ping_status":"closed","sticky":false,"template":"","format":"standard","meta":{"footnotes":""},"categories":[4],"tags":[322,323,359,321,135,320,163,360,361,26],"class_list":["post-5734","post","type-post","status-publish","format-standard","has-post-thumbnail","hentry","category-infopack","tag-corona","tag-coronavirus","tag-covid","tag-covid19","tag-embalagem","tag-embalagens","tag-impressao","tag-industriagrafica","tag-infopack","tag-projetopack"],"yoast_head":"<!-- This site is optimized with the Yoast SEO Premium plugin v27.1 (Yoast SEO v27.1.1) - https:\/\/yoast.com\/product\/yoast-seo-premium-wordpress\/ -->\n<title>Demanda por embalagens flex\u00edveis aumenta durante a pandemia - ProjetoPack<\/title>\n<meta name=\"description\" content=\"Confira o melhor conte\u00fado sobre tecnologia, design e gest\u00e3o de embalagens flex\u00edveis, r\u00f3tulos e impress\u00e3o.\" \/>\n<meta name=\"robots\" content=\"index, follow, max-snippet:-1, max-image-preview:large, max-video-preview:-1\" \/>\n<link rel=\"canonical\" href=\"https:\/\/projetopack.com.br\/en\/demanda-por-embalagens-flexiveis-aumenta-durante-a-pandemia\/\" \/>\n<meta property=\"og:locale\" content=\"en_US\" \/>\n<meta property=\"og:type\" content=\"article\" \/>\n<meta property=\"og:title\" content=\"Demanda por embalagens flex\u00edveis aumenta durante a pandemia\" \/>\n<meta property=\"og:description\" content=\"Confira o melhor conte\u00fado sobre tecnologia, design e gest\u00e3o de embalagens flex\u00edveis, r\u00f3tulos e impress\u00e3o.\" \/>\n<meta property=\"og:url\" content=\"https:\/\/projetopack.com.br\/en\/demanda-por-embalagens-flexiveis-aumenta-durante-a-pandemia\/\" \/>\n<meta property=\"og:site_name\" content=\"ProjetoPack\" \/>\n<meta property=\"article:published_time\" content=\"2020-04-21T13:50:00+00:00\" \/>\n<meta property=\"article:modified_time\" content=\"2020-05-14T21:34:47+00:00\" \/>\n<meta property=\"og:image\" content=\"https:\/\/projetopack.com.br\/wp-content\/uploads\/2020\/04\/Demanda-por-embalagens-flexiveis-aumenta-durante-a-pandemia.png\" \/>\n\t<meta property=\"og:image:width\" content=\"1800\" \/>\n\t<meta property=\"og:image:height\" content=\"1080\" \/>\n\t<meta property=\"og:image:type\" content=\"image\/png\" \/>\n<meta name=\"author\" content=\"Aislan Baer\" \/>\n<meta name=\"twitter:card\" content=\"summary_large_image\" \/>\n<meta name=\"twitter:creator\" content=\"@ProjetoPack\" \/>\n<meta name=\"twitter:site\" content=\"@ProjetoPack\" \/>\n<meta name=\"twitter:label1\" content=\"Written by\" \/>\n\t<meta name=\"twitter:data1\" content=\"Aislan Baer\" \/>\n\t<meta name=\"twitter:label2\" content=\"Est. reading time\" \/>\n\t<meta name=\"twitter:data2\" content=\"1 minute\" \/>\n<script type=\"application\/ld+json\" class=\"yoast-schema-graph\">{\"@context\":\"https:\/\/schema.org\",\"@graph\":[{\"@type\":\"Article\",\"@id\":\"https:\/\/projetopack.com.br\/en\/demanda-por-embalagens-flexiveis-aumenta-durante-a-pandemia\/#article\",\"isPartOf\":{\"@id\":\"https:\/\/projetopack.com.br\/en\/demanda-por-embalagens-flexiveis-aumenta-durante-a-pandemia\/\"},\"author\":{\"name\":\"Aislan Baer\",\"@id\":\"https:\/\/projetopack.com.br\/#\/schema\/person\/87cbd7d1e244880886d457815ebd2490\"},\"headline\":\"Demanda por embalagens flex\u00edveis aumenta durante a pandemia\",\"datePublished\":\"2020-04-21T13:50:00+00:00\",\"dateModified\":\"2020-05-14T21:34:47+00:00\",\"mainEntityOfPage\":{\"@id\":\"https:\/\/projetopack.com.br\/en\/demanda-por-embalagens-flexiveis-aumenta-durante-a-pandemia\/\"},\"wordCount\":280,\"commentCount\":0,\"publisher\":{\"@id\":\"https:\/\/projetopack.com.br\/#organization\"},\"image\":{\"@id\":\"https:\/\/projetopack.com.br\/en\/demanda-por-embalagens-flexiveis-aumenta-durante-a-pandemia\/#primaryimage\"},\"thumbnailUrl\":\"https:\/\/projetopack.com.br\/wp-content\/uploads\/2020\/04\/Demanda-por-embalagens-flexiveis-aumenta-durante-a-pandemia.png\",\"keywords\":[\"corona\",\"coronavirus\",\"covid\",\"covid19\",\"Embalagem\",\"embalagens\",\"impress\u00e3o\",\"industriagr\u00e1fica\",\"infopack\",\"ProjetoPack\"],\"articleSection\":[\"Infopack\"],\"inLanguage\":\"en-US\",\"potentialAction\":[{\"@type\":\"CommentAction\",\"name\":\"Comment\",\"target\":[\"https:\/\/projetopack.com.br\/en\/demanda-por-embalagens-flexiveis-aumenta-durante-a-pandemia\/#respond\"]}]},{\"@type\":\"WebPage\",\"@id\":\"https:\/\/projetopack.com.br\/en\/demanda-por-embalagens-flexiveis-aumenta-durante-a-pandemia\/\",\"url\":\"https:\/\/projetopack.com.br\/en\/demanda-por-embalagens-flexiveis-aumenta-durante-a-pandemia\/\",\"name\":\"Demanda por embalagens flex\u00edveis aumenta durante a pandemia - ProjetoPack\",\"isPartOf\":{\"@id\":\"https:\/\/projetopack.com.br\/#website\"},\"primaryImageOfPage\":{\"@id\":\"https:\/\/projetopack.com.br\/en\/demanda-por-embalagens-flexiveis-aumenta-durante-a-pandemia\/#primaryimage\"},\"image\":{\"@id\":\"https:\/\/projetopack.com.br\/en\/demanda-por-embalagens-flexiveis-aumenta-durante-a-pandemia\/#primaryimage\"},\"thumbnailUrl\":\"https:\/\/projetopack.com.br\/wp-content\/uploads\/2020\/04\/Demanda-por-embalagens-flexiveis-aumenta-durante-a-pandemia.png\",\"datePublished\":\"2020-04-21T13:50:00+00:00\",\"dateModified\":\"2020-05-14T21:34:47+00:00\",\"description\":\"Confira o melhor conte\u00fado sobre tecnologia, design e gest\u00e3o de embalagens flex\u00edveis, r\u00f3tulos e impress\u00e3o.\",\"breadcrumb\":{\"@id\":\"https:\/\/projetopack.com.br\/en\/demanda-por-embalagens-flexiveis-aumenta-durante-a-pandemia\/#breadcrumb\"},\"inLanguage\":\"en-US\",\"potentialAction\":[{\"@type\":\"ReadAction\",\"target\":[\"https:\/\/projetopack.com.br\/en\/demanda-por-embalagens-flexiveis-aumenta-durante-a-pandemia\/\"]}]},{\"@type\":\"ImageObject\",\"inLanguage\":\"en-US\",\"@id\":\"https:\/\/projetopack.com.br\/en\/demanda-por-embalagens-flexiveis-aumenta-durante-a-pandemia\/#primaryimage\",\"url\":\"https:\/\/projetopack.com.br\/wp-content\/uploads\/2020\/04\/Demanda-por-embalagens-flexiveis-aumenta-durante-a-pandemia.png\",\"contentUrl\":\"https:\/\/projetopack.com.br\/wp-content\/uploads\/2020\/04\/Demanda-por-embalagens-flexiveis-aumenta-durante-a-pandemia.png\",\"width\":1800,\"height\":1080},{\"@type\":\"BreadcrumbList\",\"@id\":\"https:\/\/projetopack.com.br\/en\/demanda-por-embalagens-flexiveis-aumenta-durante-a-pandemia\/#breadcrumb\",\"itemListElement\":[{\"@type\":\"ListItem\",\"position\":1,\"name\":\"P\u00e1gina Inicial\",\"item\":\"https:\/\/projetopack.com.br\/\"},{\"@type\":\"ListItem\",\"position\":2,\"name\":\"Infopack\",\"item\":\"https:\/\/projetopack.com.br\/category\/infopack\/\"},{\"@type\":\"ListItem\",\"position\":3,\"name\":\"Demanda por embalagens flex\u00edveis aumenta durante a pandemia\"}]},{\"@type\":\"WebSite\",\"@id\":\"https:\/\/projetopack.com.br\/#website\",\"url\":\"https:\/\/projetopack.com.br\/\",\"name\":\"ProjetoPack\",\"description\":\"Consultoria e servi\u00e7os para embalagens, r\u00f3tulos, etiquetas e processos de impress\u00e3o\",\"publisher\":{\"@id\":\"https:\/\/projetopack.com.br\/#organization\"},\"potentialAction\":[{\"@type\":\"SearchAction\",\"target\":{\"@type\":\"EntryPoint\",\"urlTemplate\":\"https:\/\/projetopack.com.br\/?s={search_term_string}\"},\"query-input\":{\"@type\":\"PropertyValueSpecification\",\"valueRequired\":true,\"valueName\":\"search_term_string\"}}],\"inLanguage\":\"en-US\"},{\"@type\":\"Organization\",\"@id\":\"https:\/\/projetopack.com.br\/#organization\",\"name\":\"ProjetoPack & Associados\",\"url\":\"https:\/\/projetopack.com.br\/\",\"logo\":{\"@type\":\"ImageObject\",\"inLanguage\":\"en-US\",\"@id\":\"https:\/\/projetopack.com.br\/#\/schema\/logo\/image\/\",\"url\":\"https:\/\/projetopack.com.br\/wp-content\/uploads\/2020\/09\/projetopack.png\",\"contentUrl\":\"https:\/\/projetopack.com.br\/wp-content\/uploads\/2020\/09\/projetopack.png\",\"width\":200,\"height\":200,\"caption\":\"ProjetoPack & Associados\"},\"image\":{\"@id\":\"https:\/\/projetopack.com.br\/#\/schema\/logo\/image\/\"},\"sameAs\":[\"https:\/\/x.com\/ProjetoPack\",\"https:\/\/www.linkedin.com\/company\/projetopack\/\"]},{\"@type\":\"Person\",\"@id\":\"https:\/\/projetopack.com.br\/#\/schema\/person\/87cbd7d1e244880886d457815ebd2490\",\"name\":\"Aislan Baer\",\"image\":{\"@type\":\"ImageObject\",\"inLanguage\":\"en-US\",\"@id\":\"https:\/\/projetopack.com.br\/#\/schema\/person\/image\/\",\"url\":\"https:\/\/projetopack.com.br\/wp-content\/uploads\/2021\/08\/Aislan-Busto-p-100x100.jpg\",\"contentUrl\":\"https:\/\/projetopack.com.br\/wp-content\/uploads\/2021\/08\/Aislan-Busto-p-100x100.jpg\",\"caption\":\"Aislan Baer\"},\"description\":\"Desde os \u00faltimos 20 anos, meu time e eu ajudamos mais de 300 empresas brasileiras e estrangeiras (algumas delas, l\u00edderes mundiais) a produzir embalagens flex\u00edveis e r\u00f3tulos com maior efici\u00eancia, menores custos e maior apelo visual, bem como centenas de donos de marcas a comprar suas embalagens flex\u00edveis e material impresso com um crit\u00e9rio mais t\u00e9cnico e assertivo. Ao mesmo tempo, gra\u00e7as \u00e0 nossa consultoria, muitas destas empresas melhoraram significativamente o seu processo de Impress\u00e3o (Impress\u00e3o de embalagens, Impress\u00e3o industrial, Impress\u00e3o funcional e, mais recentemente, bio impress\u00e3o e manufatura aditiva ou simplesmente Impress\u00e3o 3D). Se a sua empresa tem um problema relacionado a embalagens flex\u00edveis, r\u00f3tulos ou Impress\u00e3o, por mais insol\u00favel que lhe pare\u00e7a, aguardamos ansiosos a sua liga\u00e7\u00e3o ou e-mail. Este \u00e9 nosso trabalho e tamb\u00e9m a nossa paix\u00e3o.\",\"sameAs\":[\"http:\/\/www.projetopack.com\",\"https:\/\/www.linkedin.com\/in\/aislanbaer\/\"],\"jobTitle\":\"CEO @ ProjetoPack | L\u00edder em M&A no Setor de Impress\u00e3o e Embalagens no Brasil | Cofundador da Inovagraf e Neuraflow | Especialista em Inova\u00e7\u00e3o com IA na Impress\u00e3o | Printing Legacy Initiative | Empreendedor Serial\",\"url\":\"https:\/\/projetopack.com.br\/en\/author\/aislan\/\"}]}<\/script>\n<!-- \/ Yoast SEO Premium plugin. -->","yoast_head_json":{"title":"Demanda por embalagens flex\u00edveis aumenta durante a pandemia - ProjetoPack","description":"Confira o melhor conte\u00fado sobre tecnologia, design e gest\u00e3o de embalagens flex\u00edveis, r\u00f3tulos e impress\u00e3o.","robots":{"index":"index","follow":"follow","max-snippet":"max-snippet:-1","max-image-preview":"max-image-preview:large","max-video-preview":"max-video-preview:-1"},"canonical":"https:\/\/projetopack.com.br\/en\/demanda-por-embalagens-flexiveis-aumenta-durante-a-pandemia\/","og_locale":"en_US","og_type":"article","og_title":"Demanda por embalagens flex\u00edveis aumenta durante a pandemia","og_description":"Confira o melhor conte\u00fado sobre tecnologia, design e gest\u00e3o de embalagens flex\u00edveis, r\u00f3tulos e impress\u00e3o.","og_url":"https:\/\/projetopack.com.br\/en\/demanda-por-embalagens-flexiveis-aumenta-durante-a-pandemia\/","og_site_name":"ProjetoPack","article_published_time":"2020-04-21T13:50:00+00:00","article_modified_time":"2020-05-14T21:34:47+00:00","og_image":[{"width":1800,"height":1080,"url":"https:\/\/projetopack.com.br\/wp-content\/uploads\/2020\/04\/Demanda-por-embalagens-flexiveis-aumenta-durante-a-pandemia.png","type":"image\/png"}],"author":"Aislan Baer","twitter_card":"summary_large_image","twitter_creator":"@ProjetoPack","twitter_site":"@ProjetoPack","twitter_misc":{"Written by":"Aislan Baer","Est. reading time":"1 minute"},"schema":{"@context":"https:\/\/schema.org","@graph":[{"@type":"Article","@id":"https:\/\/projetopack.com.br\/en\/demanda-por-embalagens-flexiveis-aumenta-durante-a-pandemia\/#article","isPartOf":{"@id":"https:\/\/projetopack.com.br\/en\/demanda-por-embalagens-flexiveis-aumenta-durante-a-pandemia\/"},"author":{"name":"Aislan Baer","@id":"https:\/\/projetopack.com.br\/#\/schema\/person\/87cbd7d1e244880886d457815ebd2490"},"headline":"Demanda por embalagens flex\u00edveis aumenta durante a pandemia","datePublished":"2020-04-21T13:50:00+00:00","dateModified":"2020-05-14T21:34:47+00:00","mainEntityOfPage":{"@id":"https:\/\/projetopack.com.br\/en\/demanda-por-embalagens-flexiveis-aumenta-durante-a-pandemia\/"},"wordCount":280,"commentCount":0,"publisher":{"@id":"https:\/\/projetopack.com.br\/#organization"},"image":{"@id":"https:\/\/projetopack.com.br\/en\/demanda-por-embalagens-flexiveis-aumenta-durante-a-pandemia\/#primaryimage"},"thumbnailUrl":"https:\/\/projetopack.com.br\/wp-content\/uploads\/2020\/04\/Demanda-por-embalagens-flexiveis-aumenta-durante-a-pandemia.png","keywords":["corona","coronavirus","covid","covid19","Embalagem","embalagens","impress\u00e3o","industriagr\u00e1fica","infopack","ProjetoPack"],"articleSection":["Infopack"],"inLanguage":"en-US","potentialAction":[{"@type":"CommentAction","name":"Comment","target":["https:\/\/projetopack.com.br\/en\/demanda-por-embalagens-flexiveis-aumenta-durante-a-pandemia\/#respond"]}]},{"@type":"WebPage","@id":"https:\/\/projetopack.com.br\/en\/demanda-por-embalagens-flexiveis-aumenta-durante-a-pandemia\/","url":"https:\/\/projetopack.com.br\/en\/demanda-por-embalagens-flexiveis-aumenta-durante-a-pandemia\/","name":"Demanda por embalagens flex\u00edveis aumenta durante a pandemia - ProjetoPack","isPartOf":{"@id":"https:\/\/projetopack.com.br\/#website"},"primaryImageOfPage":{"@id":"https:\/\/projetopack.com.br\/en\/demanda-por-embalagens-flexiveis-aumenta-durante-a-pandemia\/#primaryimage"},"image":{"@id":"https:\/\/projetopack.com.br\/en\/demanda-por-embalagens-flexiveis-aumenta-durante-a-pandemia\/#primaryimage"},"thumbnailUrl":"https:\/\/projetopack.com.br\/wp-content\/uploads\/2020\/04\/Demanda-por-embalagens-flexiveis-aumenta-durante-a-pandemia.png","datePublished":"2020-04-21T13:50:00+00:00","dateModified":"2020-05-14T21:34:47+00:00","description":"Confira o melhor conte\u00fado sobre tecnologia, design e gest\u00e3o de embalagens flex\u00edveis, r\u00f3tulos e impress\u00e3o.","breadcrumb":{"@id":"https:\/\/projetopack.com.br\/en\/demanda-por-embalagens-flexiveis-aumenta-durante-a-pandemia\/#breadcrumb"},"inLanguage":"en-US","potentialAction":[{"@type":"ReadAction","target":["https:\/\/projetopack.com.br\/en\/demanda-por-embalagens-flexiveis-aumenta-durante-a-pandemia\/"]}]},{"@type":"ImageObject","inLanguage":"en-US","@id":"https:\/\/projetopack.com.br\/en\/demanda-por-embalagens-flexiveis-aumenta-durante-a-pandemia\/#primaryimage","url":"https:\/\/projetopack.com.br\/wp-content\/uploads\/2020\/04\/Demanda-por-embalagens-flexiveis-aumenta-durante-a-pandemia.png","contentUrl":"https:\/\/projetopack.com.br\/wp-content\/uploads\/2020\/04\/Demanda-por-embalagens-flexiveis-aumenta-durante-a-pandemia.png","width":1800,"height":1080},{"@type":"BreadcrumbList","@id":"https:\/\/projetopack.com.br\/en\/demanda-por-embalagens-flexiveis-aumenta-durante-a-pandemia\/#breadcrumb","itemListElement":[{"@type":"ListItem","position":1,"name":"P\u00e1gina Inicial","item":"https:\/\/projetopack.com.br\/"},{"@type":"ListItem","position":2,"name":"Infopack","item":"https:\/\/projetopack.com.br\/category\/infopack\/"},{"@type":"ListItem","position":3,"name":"Demanda por embalagens flex\u00edveis aumenta durante a pandemia"}]},{"@type":"WebSite","@id":"https:\/\/projetopack.com.br\/#website","url":"https:\/\/projetopack.com.br\/","name":"ProjetoPack","description":"Consultoria e servi\u00e7os para embalagens, r\u00f3tulos, etiquetas e processos de impress\u00e3o","publisher":{"@id":"https:\/\/projetopack.com.br\/#organization"},"potentialAction":[{"@type":"SearchAction","target":{"@type":"EntryPoint","urlTemplate":"https:\/\/projetopack.com.br\/?s={search_term_string}"},"query-input":{"@type":"PropertyValueSpecification","valueRequired":true,"valueName":"search_term_string"}}],"inLanguage":"en-US"},{"@type":"Organization","@id":"https:\/\/projetopack.com.br\/#organization","name":"ProjetoPack & Associados","url":"https:\/\/projetopack.com.br\/","logo":{"@type":"ImageObject","inLanguage":"en-US","@id":"https:\/\/projetopack.com.br\/#\/schema\/logo\/image\/","url":"https:\/\/projetopack.com.br\/wp-content\/uploads\/2020\/09\/projetopack.png","contentUrl":"https:\/\/projetopack.com.br\/wp-content\/uploads\/2020\/09\/projetopack.png","width":200,"height":200,"caption":"ProjetoPack & Associados"},"image":{"@id":"https:\/\/projetopack.com.br\/#\/schema\/logo\/image\/"},"sameAs":["https:\/\/x.com\/ProjetoPack","https:\/\/www.linkedin.com\/company\/projetopack\/"]},{"@type":"Person","@id":"https:\/\/projetopack.com.br\/#\/schema\/person\/87cbd7d1e244880886d457815ebd2490","name":"Aislan Baer","image":{"@type":"ImageObject","inLanguage":"en-US","@id":"https:\/\/projetopack.com.br\/#\/schema\/person\/image\/","url":"https:\/\/projetopack.com.br\/wp-content\/uploads\/2021\/08\/Aislan-Busto-p-100x100.jpg","contentUrl":"https:\/\/projetopack.com.br\/wp-content\/uploads\/2021\/08\/Aislan-Busto-p-100x100.jpg","caption":"Aislan Baer"},"description":"Desde os \u00faltimos 20 anos, meu time e eu ajudamos mais de 300 empresas brasileiras e estrangeiras (algumas delas, l\u00edderes mundiais) a produzir embalagens flex\u00edveis e r\u00f3tulos com maior efici\u00eancia, menores custos e maior apelo visual, bem como centenas de donos de marcas a comprar suas embalagens flex\u00edveis e material impresso com um crit\u00e9rio mais t\u00e9cnico e assertivo. Ao mesmo tempo, gra\u00e7as \u00e0 nossa consultoria, muitas destas empresas melhoraram significativamente o seu processo de Impress\u00e3o (Impress\u00e3o de embalagens, Impress\u00e3o industrial, Impress\u00e3o funcional e, mais recentemente, bio impress\u00e3o e manufatura aditiva ou simplesmente Impress\u00e3o 3D). Se a sua empresa tem um problema relacionado a embalagens flex\u00edveis, r\u00f3tulos ou Impress\u00e3o, por mais insol\u00favel que lhe pare\u00e7a, aguardamos ansiosos a sua liga\u00e7\u00e3o ou e-mail. Este \u00e9 nosso trabalho e tamb\u00e9m a nossa paix\u00e3o.","sameAs":["http:\/\/www.projetopack.com","https:\/\/www.linkedin.com\/in\/aislanbaer\/"],"jobTitle":"CEO @ ProjetoPack | L\u00edder em M&A no Setor de Impress\u00e3o e Embalagens no Brasil | Cofundador da Inovagraf e Neuraflow | Especialista em Inova\u00e7\u00e3o com IA na Impress\u00e3o | Printing Legacy Initiative | Empreendedor Serial","url":"https:\/\/projetopack.com.br\/en\/author\/aislan\/"}]}},"_links":{"self":[{"href":"https:\/\/projetopack.com.br\/en\/wp-json\/wp\/v2\/posts\/5734","targetHints":{"allow":["GET"]}}],"collection":[{"href":"https:\/\/projetopack.com.br\/en\/wp-json\/wp\/v2\/posts"}],"about":[{"href":"https:\/\/projetopack.com.br\/en\/wp-json\/wp\/v2\/types\/post"}],"author":[{"embeddable":true,"href":"https:\/\/projetopack.com.br\/en\/wp-json\/wp\/v2\/users\/2"}],"replies":[{"embeddable":true,"href":"https:\/\/projetopack.com.br\/en\/wp-json\/wp\/v2\/comments?post=5734"}],"version-history":[{"count":0,"href":"https:\/\/projetopack.com.br\/en\/wp-json\/wp\/v2\/posts\/5734\/revisions"}],"wp:featuredmedia":[{"embeddable":true,"href":"https:\/\/projetopack.com.br\/en\/wp-json\/wp\/v2\/media\/5737"}],"wp:attachment":[{"href":"https:\/\/projetopack.com.br\/en\/wp-json\/wp\/v2\/media?parent=5734"}],"wp:term":[{"taxonomy":"category","embeddable":true,"href":"https:\/\/projetopack.com.br\/en\/wp-json\/wp\/v2\/categories?post=5734"},{"taxonomy":"post_tag","embeddable":true,"href":"https:\/\/projetopack.com.br\/en\/wp-json\/wp\/v2\/tags?post=5734"}],"curies":[{"name":"wp","href":"https:\/\/api.w.org\/{rel}","templated":true}]}}