{"id":5736,"date":"2020-04-21T10:50:00","date_gmt":"2020-04-21T13:50:00","guid":{"rendered":"http:\/\/www.projetopack.com.br\/2020\/?p=5736"},"modified":"2020-05-26T14:15:04","modified_gmt":"2020-05-26T17:15:04","slug":"abigraf-lanca-video-sobre-a-importancia-da-industria-grafica-durante-a-pandemia","status":"publish","type":"post","link":"https:\/\/projetopack.com.br\/en\/abigraf-lanca-video-sobre-a-importancia-da-industria-grafica-durante-a-pandemia\/","title":{"rendered":"Abigraf lan\u00e7a v\u00eddeo sobre a import\u00e2ncia da ind\u00fastria gr\u00e1fica durante a pandemia"},"content":{"rendered":"<blockquote class=\"wp-block-quote is-layout-flow wp-block-quote-is-layout-flow\"><p> &#8220;Para mostrar a relev\u00e2ncia do nosso setor ao mercado e at\u00e9 mesmo \u00e0s esferas governamentais, a&nbsp;<a rel=\"noreferrer noopener\" href=\"http:\/\/www.abigraf.org.br\/\" target=\"_blank\">ABIGRAF<\/a>&nbsp;faz mais uma a\u00e7\u00e3o de comunica\u00e7\u00e3o frente \u00e0 pandemia COVID-19: o lan\u00e7amento do v\u00eddeo que valoriza a atua\u00e7\u00e3o da Ind\u00fastria Gr\u00e1fica Brasileira, principalmente agora em um momento econ\u00f4mico t\u00e3o fr\u00e1gil, mas que mantemos, de forma incessante, nossas atividades com as devidas recomenda\u00e7\u00f5es do Minist\u00e9rio da Sa\u00fade porque imprimimos o que \u00e9 fundamental para o bem-estar e desenvolvimento da sociedade e do pa\u00eds.&#8221; <\/p><\/blockquote>\n\n\n\n<figure class=\"wp-block-embed-youtube wp-block-embed is-type-video is-provider-youtube wp-embed-aspect-16-9 wp-has-aspect-ratio\"><div class=\"wp-block-embed__wrapper\">\n<iframe title=\"V\u00eddeo ABIGRAF - Import\u00e2ncia da Ind\u00fastria Gr\u00e1fica durante a Pandemia COVID-19\" width=\"800\" height=\"450\" src=\"https:\/\/www.youtube.com\/embed\/WU2FpyIzJ5o?feature=oembed\" frameborder=\"0\" allow=\"accelerometer; autoplay; encrypted-media; gyroscope; picture-in-picture\" allowfullscreen><\/iframe>\n<\/div><\/figure>","protected":false},"excerpt":{"rendered":"<p>&#8220;Para mostrar a relev\u00e2ncia do nosso setor ao mercado e at\u00e9 mesmo \u00e0s esferas governamentais, a&nbsp;ABIGRAF&nbsp;faz mais uma a\u00e7\u00e3o de comunica\u00e7\u00e3o frente \u00e0 pandemia COVID-19: o lan\u00e7amento do v\u00eddeo que valoriza a atua\u00e7\u00e3o da Ind\u00fastria Gr\u00e1fica Brasileira, principalmente agora em um momento econ\u00f4mico t\u00e3o fr\u00e1gil, mas que mantemos, de forma incessante, nossas atividades com as [&hellip;]<\/p>\n","protected":false},"author":2,"featured_media":5742,"comment_status":"open","ping_status":"closed","sticky":false,"template":"","format":"standard","meta":{"footnotes":""},"categories":[1],"tags":[322,323,359,321],"class_list":["post-5736","post","type-post","status-publish","format-standard","has-post-thumbnail","hentry","category-outros","tag-corona","tag-coronavirus","tag-covid","tag-covid19"],"yoast_head":"<!-- This site is optimized with the Yoast SEO Premium plugin v27.1 (Yoast SEO v27.1.1) - https:\/\/yoast.com\/product\/yoast-seo-premium-wordpress\/ -->\n<title>Abigraf lan\u00e7a v\u00eddeo sobre a import\u00e2ncia da ind\u00fastria gr\u00e1fica durante a pandemia - ProjetoPack<\/title>\n<meta name=\"description\" content=\"Confira o melhor conte\u00fado sobre tecnologia, design e gest\u00e3o de embalagens flex\u00edveis, r\u00f3tulos e impress\u00e3o.\" \/>\n<meta name=\"robots\" content=\"index, follow, max-snippet:-1, max-image-preview:large, max-video-preview:-1\" \/>\n<link rel=\"canonical\" href=\"https:\/\/projetopack.com.br\/en\/abigraf-lanca-video-sobre-a-importancia-da-industria-grafica-durante-a-pandemia\/\" \/>\n<meta property=\"og:locale\" content=\"en_US\" \/>\n<meta property=\"og:type\" content=\"article\" \/>\n<meta property=\"og:title\" content=\"Abigraf lan\u00e7a v\u00eddeo sobre a import\u00e2ncia da ind\u00fastria gr\u00e1fica durante a pandemia\" \/>\n<meta property=\"og:description\" content=\"Confira o melhor conte\u00fado sobre tecnologia, design e gest\u00e3o de embalagens flex\u00edveis, r\u00f3tulos e impress\u00e3o.\" \/>\n<meta property=\"og:url\" content=\"https:\/\/projetopack.com.br\/en\/abigraf-lanca-video-sobre-a-importancia-da-industria-grafica-durante-a-pandemia\/\" \/>\n<meta property=\"og:site_name\" content=\"ProjetoPack\" \/>\n<meta property=\"article:published_time\" content=\"2020-04-21T13:50:00+00:00\" \/>\n<meta property=\"article:modified_time\" content=\"2020-05-26T17:15:04+00:00\" \/>\n<meta property=\"og:image\" content=\"https:\/\/projetopack.com.br\/wp-content\/uploads\/2020\/04\/abigraf.png\" \/>\n\t<meta property=\"og:image:width\" content=\"676\" \/>\n\t<meta property=\"og:image:height\" content=\"389\" \/>\n\t<meta property=\"og:image:type\" content=\"image\/png\" \/>\n<meta name=\"author\" content=\"Aislan Baer\" \/>\n<meta name=\"twitter:card\" content=\"summary_large_image\" \/>\n<meta name=\"twitter:creator\" content=\"@ProjetoPack\" \/>\n<meta name=\"twitter:site\" content=\"@ProjetoPack\" \/>\n<meta name=\"twitter:label1\" content=\"Written by\" \/>\n\t<meta name=\"twitter:data1\" content=\"Aislan Baer\" \/>\n\t<meta name=\"twitter:label2\" content=\"Est. reading time\" \/>\n\t<meta name=\"twitter:data2\" content=\"1 minute\" \/>\n<script type=\"application\/ld+json\" class=\"yoast-schema-graph\">{\"@context\":\"https:\/\/schema.org\",\"@graph\":[{\"@type\":\"Article\",\"@id\":\"https:\/\/projetopack.com.br\/en\/abigraf-lanca-video-sobre-a-importancia-da-industria-grafica-durante-a-pandemia\/#article\",\"isPartOf\":{\"@id\":\"https:\/\/projetopack.com.br\/en\/abigraf-lanca-video-sobre-a-importancia-da-industria-grafica-durante-a-pandemia\/\"},\"author\":{\"name\":\"Aislan Baer\",\"@id\":\"https:\/\/projetopack.com.br\/#\/schema\/person\/87cbd7d1e244880886d457815ebd2490\"},\"headline\":\"Abigraf lan\u00e7a v\u00eddeo sobre a import\u00e2ncia da ind\u00fastria gr\u00e1fica durante a pandemia\",\"datePublished\":\"2020-04-21T13:50:00+00:00\",\"dateModified\":\"2020-05-26T17:15:04+00:00\",\"mainEntityOfPage\":{\"@id\":\"https:\/\/projetopack.com.br\/en\/abigraf-lanca-video-sobre-a-importancia-da-industria-grafica-durante-a-pandemia\/\"},\"wordCount\":124,\"commentCount\":0,\"publisher\":{\"@id\":\"https:\/\/projetopack.com.br\/#organization\"},\"image\":{\"@id\":\"https:\/\/projetopack.com.br\/en\/abigraf-lanca-video-sobre-a-importancia-da-industria-grafica-durante-a-pandemia\/#primaryimage\"},\"thumbnailUrl\":\"https:\/\/projetopack.com.br\/wp-content\/uploads\/2020\/04\/abigraf.png\",\"keywords\":[\"corona\",\"coronavirus\",\"covid\",\"covid19\"],\"articleSection\":[\"Outros\"],\"inLanguage\":\"en-US\",\"potentialAction\":[{\"@type\":\"CommentAction\",\"name\":\"Comment\",\"target\":[\"https:\/\/projetopack.com.br\/en\/abigraf-lanca-video-sobre-a-importancia-da-industria-grafica-durante-a-pandemia\/#respond\"]}]},{\"@type\":\"WebPage\",\"@id\":\"https:\/\/projetopack.com.br\/en\/abigraf-lanca-video-sobre-a-importancia-da-industria-grafica-durante-a-pandemia\/\",\"url\":\"https:\/\/projetopack.com.br\/en\/abigraf-lanca-video-sobre-a-importancia-da-industria-grafica-durante-a-pandemia\/\",\"name\":\"Abigraf lan\u00e7a v\u00eddeo sobre a import\u00e2ncia da ind\u00fastria gr\u00e1fica durante a pandemia - ProjetoPack\",\"isPartOf\":{\"@id\":\"https:\/\/projetopack.com.br\/#website\"},\"primaryImageOfPage\":{\"@id\":\"https:\/\/projetopack.com.br\/en\/abigraf-lanca-video-sobre-a-importancia-da-industria-grafica-durante-a-pandemia\/#primaryimage\"},\"image\":{\"@id\":\"https:\/\/projetopack.com.br\/en\/abigraf-lanca-video-sobre-a-importancia-da-industria-grafica-durante-a-pandemia\/#primaryimage\"},\"thumbnailUrl\":\"https:\/\/projetopack.com.br\/wp-content\/uploads\/2020\/04\/abigraf.png\",\"datePublished\":\"2020-04-21T13:50:00+00:00\",\"dateModified\":\"2020-05-26T17:15:04+00:00\",\"description\":\"Confira o melhor conte\u00fado sobre tecnologia, design e gest\u00e3o de embalagens flex\u00edveis, r\u00f3tulos e impress\u00e3o.\",\"breadcrumb\":{\"@id\":\"https:\/\/projetopack.com.br\/en\/abigraf-lanca-video-sobre-a-importancia-da-industria-grafica-durante-a-pandemia\/#breadcrumb\"},\"inLanguage\":\"en-US\",\"potentialAction\":[{\"@type\":\"ReadAction\",\"target\":[\"https:\/\/projetopack.com.br\/en\/abigraf-lanca-video-sobre-a-importancia-da-industria-grafica-durante-a-pandemia\/\"]}]},{\"@type\":\"ImageObject\",\"inLanguage\":\"en-US\",\"@id\":\"https:\/\/projetopack.com.br\/en\/abigraf-lanca-video-sobre-a-importancia-da-industria-grafica-durante-a-pandemia\/#primaryimage\",\"url\":\"https:\/\/projetopack.com.br\/wp-content\/uploads\/2020\/04\/abigraf.png\",\"contentUrl\":\"https:\/\/projetopack.com.br\/wp-content\/uploads\/2020\/04\/abigraf.png\",\"width\":676,\"height\":389},{\"@type\":\"BreadcrumbList\",\"@id\":\"https:\/\/projetopack.com.br\/en\/abigraf-lanca-video-sobre-a-importancia-da-industria-grafica-durante-a-pandemia\/#breadcrumb\",\"itemListElement\":[{\"@type\":\"ListItem\",\"position\":1,\"name\":\"P\u00e1gina Inicial\",\"item\":\"https:\/\/projetopack.com.br\/\"},{\"@type\":\"ListItem\",\"position\":2,\"name\":\"Outros\",\"item\":\"https:\/\/projetopack.com.br\/category\/outros\/\"},{\"@type\":\"ListItem\",\"position\":3,\"name\":\"Abigraf lan\u00e7a v\u00eddeo sobre a import\u00e2ncia da ind\u00fastria gr\u00e1fica durante a pandemia\"}]},{\"@type\":\"WebSite\",\"@id\":\"https:\/\/projetopack.com.br\/#website\",\"url\":\"https:\/\/projetopack.com.br\/\",\"name\":\"ProjetoPack\",\"description\":\"Consultoria e servi\u00e7os para embalagens, r\u00f3tulos, etiquetas e processos de impress\u00e3o\",\"publisher\":{\"@id\":\"https:\/\/projetopack.com.br\/#organization\"},\"potentialAction\":[{\"@type\":\"SearchAction\",\"target\":{\"@type\":\"EntryPoint\",\"urlTemplate\":\"https:\/\/projetopack.com.br\/?s={search_term_string}\"},\"query-input\":{\"@type\":\"PropertyValueSpecification\",\"valueRequired\":true,\"valueName\":\"search_term_string\"}}],\"inLanguage\":\"en-US\"},{\"@type\":\"Organization\",\"@id\":\"https:\/\/projetopack.com.br\/#organization\",\"name\":\"ProjetoPack & Associados\",\"url\":\"https:\/\/projetopack.com.br\/\",\"logo\":{\"@type\":\"ImageObject\",\"inLanguage\":\"en-US\",\"@id\":\"https:\/\/projetopack.com.br\/#\/schema\/logo\/image\/\",\"url\":\"https:\/\/projetopack.com.br\/wp-content\/uploads\/2020\/09\/projetopack.png\",\"contentUrl\":\"https:\/\/projetopack.com.br\/wp-content\/uploads\/2020\/09\/projetopack.png\",\"width\":200,\"height\":200,\"caption\":\"ProjetoPack & Associados\"},\"image\":{\"@id\":\"https:\/\/projetopack.com.br\/#\/schema\/logo\/image\/\"},\"sameAs\":[\"https:\/\/x.com\/ProjetoPack\",\"https:\/\/www.linkedin.com\/company\/projetopack\/\"]},{\"@type\":\"Person\",\"@id\":\"https:\/\/projetopack.com.br\/#\/schema\/person\/87cbd7d1e244880886d457815ebd2490\",\"name\":\"Aislan Baer\",\"image\":{\"@type\":\"ImageObject\",\"inLanguage\":\"en-US\",\"@id\":\"https:\/\/projetopack.com.br\/#\/schema\/person\/image\/\",\"url\":\"https:\/\/projetopack.com.br\/wp-content\/uploads\/2021\/08\/Aislan-Busto-p-100x100.jpg\",\"contentUrl\":\"https:\/\/projetopack.com.br\/wp-content\/uploads\/2021\/08\/Aislan-Busto-p-100x100.jpg\",\"caption\":\"Aislan Baer\"},\"description\":\"Desde os \u00faltimos 20 anos, meu time e eu ajudamos mais de 300 empresas brasileiras e estrangeiras (algumas delas, l\u00edderes mundiais) a produzir embalagens flex\u00edveis e r\u00f3tulos com maior efici\u00eancia, menores custos e maior apelo visual, bem como centenas de donos de marcas a comprar suas embalagens flex\u00edveis e material impresso com um crit\u00e9rio mais t\u00e9cnico e assertivo. Ao mesmo tempo, gra\u00e7as \u00e0 nossa consultoria, muitas destas empresas melhoraram significativamente o seu processo de Impress\u00e3o (Impress\u00e3o de embalagens, Impress\u00e3o industrial, Impress\u00e3o funcional e, mais recentemente, bio impress\u00e3o e manufatura aditiva ou simplesmente Impress\u00e3o 3D). Se a sua empresa tem um problema relacionado a embalagens flex\u00edveis, r\u00f3tulos ou Impress\u00e3o, por mais insol\u00favel que lhe pare\u00e7a, aguardamos ansiosos a sua liga\u00e7\u00e3o ou e-mail. Este \u00e9 nosso trabalho e tamb\u00e9m a nossa paix\u00e3o.\",\"sameAs\":[\"http:\/\/www.projetopack.com\",\"https:\/\/www.linkedin.com\/in\/aislanbaer\/\"],\"jobTitle\":\"CEO @ ProjetoPack | L\u00edder em M&A no Setor de Impress\u00e3o e Embalagens no Brasil | Cofundador da Inovagraf e Neuraflow | Especialista em Inova\u00e7\u00e3o com IA na Impress\u00e3o | Printing Legacy Initiative | Empreendedor Serial\",\"url\":\"https:\/\/projetopack.com.br\/en\/author\/aislan\/\"}]}<\/script>\n<!-- \/ Yoast SEO Premium plugin. -->","yoast_head_json":{"title":"Abigraf lan\u00e7a v\u00eddeo sobre a import\u00e2ncia da ind\u00fastria gr\u00e1fica durante a pandemia - ProjetoPack","description":"Confira o melhor conte\u00fado sobre tecnologia, design e gest\u00e3o de embalagens flex\u00edveis, r\u00f3tulos e impress\u00e3o.","robots":{"index":"index","follow":"follow","max-snippet":"max-snippet:-1","max-image-preview":"max-image-preview:large","max-video-preview":"max-video-preview:-1"},"canonical":"https:\/\/projetopack.com.br\/en\/abigraf-lanca-video-sobre-a-importancia-da-industria-grafica-durante-a-pandemia\/","og_locale":"en_US","og_type":"article","og_title":"Abigraf lan\u00e7a v\u00eddeo sobre a import\u00e2ncia da ind\u00fastria gr\u00e1fica durante a pandemia","og_description":"Confira o melhor conte\u00fado sobre tecnologia, design e gest\u00e3o de embalagens flex\u00edveis, r\u00f3tulos e impress\u00e3o.","og_url":"https:\/\/projetopack.com.br\/en\/abigraf-lanca-video-sobre-a-importancia-da-industria-grafica-durante-a-pandemia\/","og_site_name":"ProjetoPack","article_published_time":"2020-04-21T13:50:00+00:00","article_modified_time":"2020-05-26T17:15:04+00:00","og_image":[{"width":676,"height":389,"url":"https:\/\/projetopack.com.br\/wp-content\/uploads\/2020\/04\/abigraf.png","type":"image\/png"}],"author":"Aislan Baer","twitter_card":"summary_large_image","twitter_creator":"@ProjetoPack","twitter_site":"@ProjetoPack","twitter_misc":{"Written by":"Aislan Baer","Est. reading time":"1 minute"},"schema":{"@context":"https:\/\/schema.org","@graph":[{"@type":"Article","@id":"https:\/\/projetopack.com.br\/en\/abigraf-lanca-video-sobre-a-importancia-da-industria-grafica-durante-a-pandemia\/#article","isPartOf":{"@id":"https:\/\/projetopack.com.br\/en\/abigraf-lanca-video-sobre-a-importancia-da-industria-grafica-durante-a-pandemia\/"},"author":{"name":"Aislan Baer","@id":"https:\/\/projetopack.com.br\/#\/schema\/person\/87cbd7d1e244880886d457815ebd2490"},"headline":"Abigraf lan\u00e7a v\u00eddeo sobre a import\u00e2ncia da ind\u00fastria gr\u00e1fica durante a pandemia","datePublished":"2020-04-21T13:50:00+00:00","dateModified":"2020-05-26T17:15:04+00:00","mainEntityOfPage":{"@id":"https:\/\/projetopack.com.br\/en\/abigraf-lanca-video-sobre-a-importancia-da-industria-grafica-durante-a-pandemia\/"},"wordCount":124,"commentCount":0,"publisher":{"@id":"https:\/\/projetopack.com.br\/#organization"},"image":{"@id":"https:\/\/projetopack.com.br\/en\/abigraf-lanca-video-sobre-a-importancia-da-industria-grafica-durante-a-pandemia\/#primaryimage"},"thumbnailUrl":"https:\/\/projetopack.com.br\/wp-content\/uploads\/2020\/04\/abigraf.png","keywords":["corona","coronavirus","covid","covid19"],"articleSection":["Outros"],"inLanguage":"en-US","potentialAction":[{"@type":"CommentAction","name":"Comment","target":["https:\/\/projetopack.com.br\/en\/abigraf-lanca-video-sobre-a-importancia-da-industria-grafica-durante-a-pandemia\/#respond"]}]},{"@type":"WebPage","@id":"https:\/\/projetopack.com.br\/en\/abigraf-lanca-video-sobre-a-importancia-da-industria-grafica-durante-a-pandemia\/","url":"https:\/\/projetopack.com.br\/en\/abigraf-lanca-video-sobre-a-importancia-da-industria-grafica-durante-a-pandemia\/","name":"Abigraf lan\u00e7a v\u00eddeo sobre a import\u00e2ncia da ind\u00fastria gr\u00e1fica durante a pandemia - ProjetoPack","isPartOf":{"@id":"https:\/\/projetopack.com.br\/#website"},"primaryImageOfPage":{"@id":"https:\/\/projetopack.com.br\/en\/abigraf-lanca-video-sobre-a-importancia-da-industria-grafica-durante-a-pandemia\/#primaryimage"},"image":{"@id":"https:\/\/projetopack.com.br\/en\/abigraf-lanca-video-sobre-a-importancia-da-industria-grafica-durante-a-pandemia\/#primaryimage"},"thumbnailUrl":"https:\/\/projetopack.com.br\/wp-content\/uploads\/2020\/04\/abigraf.png","datePublished":"2020-04-21T13:50:00+00:00","dateModified":"2020-05-26T17:15:04+00:00","description":"Confira o melhor conte\u00fado sobre tecnologia, design e gest\u00e3o de embalagens flex\u00edveis, r\u00f3tulos e impress\u00e3o.","breadcrumb":{"@id":"https:\/\/projetopack.com.br\/en\/abigraf-lanca-video-sobre-a-importancia-da-industria-grafica-durante-a-pandemia\/#breadcrumb"},"inLanguage":"en-US","potentialAction":[{"@type":"ReadAction","target":["https:\/\/projetopack.com.br\/en\/abigraf-lanca-video-sobre-a-importancia-da-industria-grafica-durante-a-pandemia\/"]}]},{"@type":"ImageObject","inLanguage":"en-US","@id":"https:\/\/projetopack.com.br\/en\/abigraf-lanca-video-sobre-a-importancia-da-industria-grafica-durante-a-pandemia\/#primaryimage","url":"https:\/\/projetopack.com.br\/wp-content\/uploads\/2020\/04\/abigraf.png","contentUrl":"https:\/\/projetopack.com.br\/wp-content\/uploads\/2020\/04\/abigraf.png","width":676,"height":389},{"@type":"BreadcrumbList","@id":"https:\/\/projetopack.com.br\/en\/abigraf-lanca-video-sobre-a-importancia-da-industria-grafica-durante-a-pandemia\/#breadcrumb","itemListElement":[{"@type":"ListItem","position":1,"name":"P\u00e1gina Inicial","item":"https:\/\/projetopack.com.br\/"},{"@type":"ListItem","position":2,"name":"Outros","item":"https:\/\/projetopack.com.br\/category\/outros\/"},{"@type":"ListItem","position":3,"name":"Abigraf lan\u00e7a v\u00eddeo sobre a import\u00e2ncia da ind\u00fastria gr\u00e1fica durante a pandemia"}]},{"@type":"WebSite","@id":"https:\/\/projetopack.com.br\/#website","url":"https:\/\/projetopack.com.br\/","name":"ProjetoPack","description":"Consultoria e servi\u00e7os para embalagens, r\u00f3tulos, etiquetas e processos de impress\u00e3o","publisher":{"@id":"https:\/\/projetopack.com.br\/#organization"},"potentialAction":[{"@type":"SearchAction","target":{"@type":"EntryPoint","urlTemplate":"https:\/\/projetopack.com.br\/?s={search_term_string}"},"query-input":{"@type":"PropertyValueSpecification","valueRequired":true,"valueName":"search_term_string"}}],"inLanguage":"en-US"},{"@type":"Organization","@id":"https:\/\/projetopack.com.br\/#organization","name":"ProjetoPack & Associados","url":"https:\/\/projetopack.com.br\/","logo":{"@type":"ImageObject","inLanguage":"en-US","@id":"https:\/\/projetopack.com.br\/#\/schema\/logo\/image\/","url":"https:\/\/projetopack.com.br\/wp-content\/uploads\/2020\/09\/projetopack.png","contentUrl":"https:\/\/projetopack.com.br\/wp-content\/uploads\/2020\/09\/projetopack.png","width":200,"height":200,"caption":"ProjetoPack & Associados"},"image":{"@id":"https:\/\/projetopack.com.br\/#\/schema\/logo\/image\/"},"sameAs":["https:\/\/x.com\/ProjetoPack","https:\/\/www.linkedin.com\/company\/projetopack\/"]},{"@type":"Person","@id":"https:\/\/projetopack.com.br\/#\/schema\/person\/87cbd7d1e244880886d457815ebd2490","name":"Aislan Baer","image":{"@type":"ImageObject","inLanguage":"en-US","@id":"https:\/\/projetopack.com.br\/#\/schema\/person\/image\/","url":"https:\/\/projetopack.com.br\/wp-content\/uploads\/2021\/08\/Aislan-Busto-p-100x100.jpg","contentUrl":"https:\/\/projetopack.com.br\/wp-content\/uploads\/2021\/08\/Aislan-Busto-p-100x100.jpg","caption":"Aislan Baer"},"description":"Desde os \u00faltimos 20 anos, meu time e eu ajudamos mais de 300 empresas brasileiras e estrangeiras (algumas delas, l\u00edderes mundiais) a produzir embalagens flex\u00edveis e r\u00f3tulos com maior efici\u00eancia, menores custos e maior apelo visual, bem como centenas de donos de marcas a comprar suas embalagens flex\u00edveis e material impresso com um crit\u00e9rio mais t\u00e9cnico e assertivo. Ao mesmo tempo, gra\u00e7as \u00e0 nossa consultoria, muitas destas empresas melhoraram significativamente o seu processo de Impress\u00e3o (Impress\u00e3o de embalagens, Impress\u00e3o industrial, Impress\u00e3o funcional e, mais recentemente, bio impress\u00e3o e manufatura aditiva ou simplesmente Impress\u00e3o 3D). Se a sua empresa tem um problema relacionado a embalagens flex\u00edveis, r\u00f3tulos ou Impress\u00e3o, por mais insol\u00favel que lhe pare\u00e7a, aguardamos ansiosos a sua liga\u00e7\u00e3o ou e-mail. Este \u00e9 nosso trabalho e tamb\u00e9m a nossa paix\u00e3o.","sameAs":["http:\/\/www.projetopack.com","https:\/\/www.linkedin.com\/in\/aislanbaer\/"],"jobTitle":"CEO @ ProjetoPack | L\u00edder em M&A no Setor de Impress\u00e3o e Embalagens no Brasil | Cofundador da Inovagraf e Neuraflow | Especialista em Inova\u00e7\u00e3o com IA na Impress\u00e3o | Printing Legacy Initiative | Empreendedor Serial","url":"https:\/\/projetopack.com.br\/en\/author\/aislan\/"}]}},"_links":{"self":[{"href":"https:\/\/projetopack.com.br\/en\/wp-json\/wp\/v2\/posts\/5736","targetHints":{"allow":["GET"]}}],"collection":[{"href":"https:\/\/projetopack.com.br\/en\/wp-json\/wp\/v2\/posts"}],"about":[{"href":"https:\/\/projetopack.com.br\/en\/wp-json\/wp\/v2\/types\/post"}],"author":[{"embeddable":true,"href":"https:\/\/projetopack.com.br\/en\/wp-json\/wp\/v2\/users\/2"}],"replies":[{"embeddable":true,"href":"https:\/\/projetopack.com.br\/en\/wp-json\/wp\/v2\/comments?post=5736"}],"version-history":[{"count":0,"href":"https:\/\/projetopack.com.br\/en\/wp-json\/wp\/v2\/posts\/5736\/revisions"}],"wp:featuredmedia":[{"embeddable":true,"href":"https:\/\/projetopack.com.br\/en\/wp-json\/wp\/v2\/media\/5742"}],"wp:attachment":[{"href":"https:\/\/projetopack.com.br\/en\/wp-json\/wp\/v2\/media?parent=5736"}],"wp:term":[{"taxonomy":"category","embeddable":true,"href":"https:\/\/projetopack.com.br\/en\/wp-json\/wp\/v2\/categories?post=5736"},{"taxonomy":"post_tag","embeddable":true,"href":"https:\/\/projetopack.com.br\/en\/wp-json\/wp\/v2\/tags?post=5736"}],"curies":[{"name":"wp","href":"https:\/\/api.w.org\/{rel}","templated":true}]}}