{"id":5965,"date":"2020-03-13T17:24:00","date_gmt":"2020-03-13T20:24:00","guid":{"rendered":"http:\/\/www.projetopack.com.br\/2020\/?p=5965"},"modified":"2020-05-14T17:50:21","modified_gmt":"2020-05-14T20:50:21","slug":"corona-a-crise-economica-e-as-possiveis-solucoes-a-industria-de-embalagens-e-rotulos","status":"publish","type":"post","link":"https:\/\/projetopack.com.br\/en\/corona-a-crise-economica-e-as-possiveis-solucoes-a-industria-de-embalagens-e-rotulos\/","title":{"rendered":"Corona, a crise econ\u00f4mica e as poss\u00edveis solu\u00e7\u00f5es \u00e0 ind\u00fastria de embalagens e r\u00f3tulos"},"content":{"rendered":"<div data-elementor-type=\"wp-post\" data-elementor-id=\"5965\" class=\"elementor elementor-5965\" data-elementor-post-type=\"post\">\n\t\t\t\t\t\t<section class=\"elementor-section elementor-top-section elementor-element elementor-element-c3c1d63 elementor-section-boxed elementor-section-height-default elementor-section-height-default\" data-id=\"c3c1d63\" data-element_type=\"section\" data-e-type=\"section\" data-settings=\"{&quot;jet_parallax_layout_list&quot;:[]}\">\n\t\t\t\t\t\t<div class=\"elementor-container elementor-column-gap-default\">\n\t\t\t\t\t<div class=\"elementor-column elementor-col-100 elementor-top-column elementor-element elementor-element-34ba569\" data-id=\"34ba569\" data-element_type=\"column\" data-e-type=\"column\">\n\t\t\t<div class=\"elementor-widget-wrap elementor-element-populated\">\n\t\t\t\t\t\t<div class=\"elementor-element elementor-element-78b2371 elementor-widget elementor-widget-text-editor\" data-id=\"78b2371\" data-element_type=\"widget\" data-e-type=\"widget\" data-widget_type=\"text-editor.default\">\n\t\t\t\t\t\t\t\t\t<p>Diferentes atividades econ\u00f4micas \u2013 especialmente em \u00e2mbito industrial \u2013 requerem financiamento para sustentar suas atividades e o seu ciclo operacional, uma vez que costumeiramente as obriga\u00e7\u00f5es vencem antes da materializa\u00e7\u00e3o dos recebimentos dos clientes.<\/p>\t\t\t\t\t\t\t\t<\/div>\n\t\t\t\t<div class=\"elementor-element elementor-element-1764bab elementor-widget elementor-widget-text-editor\" data-id=\"1764bab\" data-element_type=\"widget\" data-e-type=\"widget\" data-widget_type=\"text-editor.default\">\n\t\t\t\t\t\t\t\t\t<blockquote><p>A ind\u00fastria do pl\u00e1stico \u00e9 uma das mais demandantes de capital de giro no setor industrial. E, esmiu\u00e7ando um pouco mais, as ind\u00fastrias de embalagens pl\u00e1sticas flex\u00edveis respondem por grande parte desta demanda.<\/p><\/blockquote>\t\t\t\t\t\t\t\t<\/div>\n\t\t\t\t<div class=\"elementor-element elementor-element-7fba9fc elementor-widget elementor-widget-text-editor\" data-id=\"7fba9fc\" data-element_type=\"widget\" data-e-type=\"widget\" data-widget_type=\"text-editor.default\">\n\t\t\t\t\t\t\t\t\t<p>Existe uma mir\u00edade de motivos para esta situa\u00e7\u00e3o de depend\u00eancia de financiamento das opera\u00e7\u00f5es, no caso das ind\u00fastrias de embalagens flex\u00edveis.<\/p><p>Uma delas \u00e9 a fragilidade do transformador ou convertedor na cadeia de valor, espremido por um oligop\u00f3lio de mat\u00e9rias-primas basicamente indexado a uma taxa de c\u00e2mbio historicamente desfavor\u00e1vel e flutua\u00e7\u00f5es constantes da commodity mais afetada pela pol\u00edtica em todo o mundo: o petr\u00f3leo.<\/p><p>Na outra extremidade est\u00e3o os clientes \u2013 as grandes companhias de bens de consumo de giro r\u00e1pido (alimentos corresponde a mais de 65% do volume) \u2013 um mercado cada vez mais consolidado, com estrat\u00e9gias de compara\u00e7\u00e3o de pre\u00e7os e compras globalizadas, orienta\u00e7\u00e3o Just-In-Time e cujo pilar central de marketing \u00e9 a diversifica\u00e7\u00e3o constante de p\u00fablico e premiuniza\u00e7\u00e3o de produtos, o que corrobora para tiragens cada vez menores, maior sofistica\u00e7\u00e3o e, por conseguinte, diminui\u00e7\u00e3o gradual das margens de seus fornecedores.<\/p><p>Para manter o transatl\u00e2ntico em curso, as empresas buscam financiarem-se quase sempre junto aos bancos. \u00c9 importante lembrar que o spread, a diferen\u00e7a entre os juros que os bancos pagam para tomar dinheiro no mercado e o que cobram para emprestar \u00e0s pessoas f\u00edsicas e jur\u00eddicas, \u00e9 bastante caro no Brasil.<\/p><p>T\u00e3o caro que, em 2019, o Brasil ocupou o 59\u00ba lugar em uma lista de 63 pa\u00edses num ranking de competitividade de cr\u00e9dito, perdendo somente para a Cro\u00e1cia, Argentina, Mong\u00f3lia e Venezuela.<\/p><p>As raz\u00f5es apontadas para essa condi\u00e7\u00e3o abusiva do cr\u00e9dito no Brasil s\u00e3o in\u00fameras e v\u00e3o desde as al\u00edquotas onerosas no mercado interbanc\u00e1rio (a exemplo do dep\u00f3sito compuls\u00f3rio), o monop\u00f3lio banc\u00e1rio no pa\u00eds (talvez um dos fatores mais preponderantes), as fraudes, a corrup\u00e7\u00e3o e por a\u00ed vai.<\/p><p>No quesito \u201cpor a\u00ed vai\u201d est\u00e1 a falta de conhecimento financeiro b\u00e1sico do ingresso no mercado de trabalho que, em algum dia, irradiar\u00e1 na gest\u00e3o do fluxo de caixa das empresas, uma vez que o novato um dia se tornar\u00e1 gestor e tomar\u00e1 decis\u00f5es que afetar\u00e3o a companhia onde trabalha.<\/p><p>Em mais de 17 anos de consultoria \u00e0s ind\u00fastrias de embalagens flex\u00edveis, vimos dezenas, se n\u00e3o centenas de empresas \u2013 muitas delas expoentes do setor \u2013 irem \u00e0 bancarrota. Assim como dizem que um avi\u00e3o n\u00e3o cai por um \u00fanico motivo, tamb\u00e9m as empresas n\u00e3o quebram por um fator isolado. Mas quase que na totalidade, o \u201ccome\u00e7o do fim\u201d \u00e9 uma gest\u00e3o ineficaz do fluxo de caixa, que acaba criando a depend\u00eancia de financiamento do sistema banc\u00e1rio mais caro do mundo.<\/p><p>Neste momento em que escrevemos o texto, a economia global beira o caos, potencializada por forte desacelera\u00e7\u00e3o provocada em parte pelo alastramento da epidemia \u201ccorona v\u00edrus\u201d, pela disputa pol\u00edtico-comercial que erodiu o pre\u00e7o do barril de petr\u00f3leo e derreteu bolsas de valores em todo o mundo.<\/p><p>Em que pese o fato de que a economia do planeta j\u00e1 n\u00e3o anda bem h\u00e1 tempos, operando com juros negativos, respirando por aparelhos a cada inje\u00e7\u00e3o de\u00a0<em>quantitative easing<\/em>\u00a0e corte de taxas.<\/p><p>Crise ap\u00f3s crise, as medidas estruturais necess\u00e1rias \u2013 austeridade fiscal, redu\u00e7\u00e3o do endividamento e enxugamento da m\u00e1quina \u2013 n\u00e3o s\u00e3o tomadas de acordo. A panaceia \u00e9 sempre inundar o mercado com mais liquidez, distorcendo o valor da moeda e premiando incondicionalmente os incompetentes.<\/p><p>O fato \u00e9 que nosso mercado est\u00e1 assustado. E h\u00e1 motivos, n\u00e3o para p\u00e2nico, mas para cautela. Em face a crises com grande componente especulativo, o cr\u00e9dito escasseia ainda mais. Em parte, pela maior preocupa\u00e7\u00e3o dos investidores em fazer movimentos bruscos, e porque parte da moeda est\u00e1 circulando para \u201ctapar buracos\u201d. As empresas acabam pagando o pre\u00e7o.<\/p><p>Desde o in\u00edcio do ano de 2019, a\u00a0<a href=\"https:\/\/projetopack.com.br\/\" target=\"_blank\" rel=\"nofollow noopener\">ProjetoPack &amp; Associados<\/a>\u00a0tem estudado solu\u00e7\u00f5es para ajudar os seus clientes a equacionar os problemas de giro. Clientes saud\u00e1veis t\u00eam propens\u00e3o a focar-se no m\u00e9dio e longo prazo e na estrat\u00e9gia industrial (principalmente no setor de impress\u00e3o), requerendo os nossos servi\u00e7os de consultoria e treinamento.<\/p><p>Clientes em desespero v\u00e3o focar-se no curto prazo, o que \u00e9 natural e justific\u00e1vel, e acabam tomando medidas que podem surtir algum efeito moment\u00e2neo positivo, mas que acabam se demonstrando irremediavelmente prejudiciais adiante \u2013 como a interrup\u00e7\u00e3o de projetos que visam reduzir perdas ou aumentar a efici\u00eancia de m\u00e1quinas e equipamentos, ou ainda a capacita\u00e7\u00e3o de colaboradores para diagnosticar mais assertiva e rapidamente os problemas na produ\u00e7\u00e3o.<\/p><p>Nesta saga por um parceiro que pudesse aportar bom conhecimento e prover capital de giro ou capital societ\u00e1rio de forma r\u00e1pida, t\u00e9cnica e confi\u00e1vel, nos aproximamos do Sr. Carlos Frederico Paura, CEO da Primex Finance Global, uma boutique financeira com mais de uma d\u00e9cada de experi\u00eancia e atua\u00e7\u00e3o nacional e que trabalha como um alfaiate italiano &#8220;sob misura&#8221;.<\/p><p>Diferentemente do estere\u00f3tipo destas empresas, o Sr. Carlos e sua equipe tiveram a paci\u00eancia de nos explicar e pormenorizar as in\u00fameras solu\u00e7\u00f5es de cr\u00e9dito dispon\u00edveis \u2013 que v\u00e3o desde aportes convencionais at\u00e9 sofisticados modelos que visam a \u201cdesmaterializa\u00e7\u00e3o\u201d de bens im\u00f3veis em troca de liquidez imediata.<\/p><p>Al\u00e9m destas quest\u00f5es financeiras, nos apresentaram as enormes possibilidades de &#8220;equacionarem&#8221; passivos tribut\u00e1rios das empresas &#8211; uma vez que muitas encontram-se em cont\u00ednua situa\u00e7\u00e3o de risco frente ao Le\u00e3o e, precisamente por isso, ou n\u00e3o conseguem cr\u00e9dito\/capital ou se conseguem, fazem-no a taxas de juros matadoras.<\/p>\t\t\t\t\t\t\t\t<\/div>\n\t\t\t\t<div class=\"elementor-element elementor-element-1e57d0f elementor-widget elementor-widget-text-editor\" data-id=\"1e57d0f\" data-element_type=\"widget\" data-e-type=\"widget\" data-widget_type=\"text-editor.default\">\n\t\t\t\t\t\t\t\t\t<blockquote>A maior li\u00e7\u00e3o desta exitosa parceria \u00e9 a de que a uma empresa de embalagens flex\u00edveis, etiquetas ou r\u00f3tulos, o desconhecimento dos instrumentos para financiamento das opera\u00e7\u00f5es \u00e9 quest\u00e3o de ordem e sobreviv\u00eancia, principalmente agora.<\/blockquote>\t\t\t\t\t\t\t\t<\/div>\n\t\t\t\t<div class=\"elementor-element elementor-element-a878f9f elementor-widget elementor-widget-text-editor\" data-id=\"a878f9f\" data-element_type=\"widget\" data-e-type=\"widget\" data-widget_type=\"text-editor.default\">\n\t\t\t\t\t\t\t\t\t<p>Afinal, n\u00e3o existe tecnologia no mundo que suporte uma carga tribut\u00e1ria real de quase 50% do faturamento, tampouco um setor que resista \u00e0 escassez de recursos financeiros para giro.<\/p><p>Elaboramos uma breve explana\u00e7\u00e3o t\u00e9cnica sobre as ditas possibilidades, que estamos oferecendo gratuitamente aos clientes em uma confer\u00eancia (Skype, WebEX ou outra ferramenta de prefer\u00eancia) privada.<\/p><p>Caso haja interesse, poder\u00e1 agendar esta apresenta\u00e7\u00e3o \u201cSolu\u00e7\u00f5es financeiras \u00e0s ind\u00fastrias gr\u00e1ficas e convertedoras\u201d pelo e-mail\u00a0<a href=\"http:\/\/mailto:atendimento@projetopack.com\/\" target=\"_blank\" rel=\"nofollow noopener\">atendimento@projetopack.com<\/a>.<\/p><p>N\u00e3o nos apavoremos, mas tamb\u00e9m n\u00e3o fiquemos \u00e0 merc\u00ea da mar\u00e9. \u00c9 importante atuar em duas frentes neste momento \u2013\u00a0<strong>na industrial<\/strong>, que ofertamos hoje nos nossos servi\u00e7os especializados de consultoria e treinamento para gr\u00e1ficas e convertedoras \u2013 e\u00a0<strong>na financeira<\/strong>, agora amparados com especialistas do assunto.<\/p><p>Esperamos pelo seu contato \ud83d\ude42<\/p><p>Aislan Baer<\/p><p>CEO \u2013 ProjetoPack &amp; Associados<\/p>\t\t\t\t\t\t\t\t<\/div>\n\t\t\t\t\t<\/div>\n\t\t<\/div>\n\t\t\t\t\t<\/div>\n\t\t<\/section>\n\t\t\t\t<\/div>","protected":false},"excerpt":{"rendered":"<p>Diferentes atividades econ\u00f4micas \u2013 especialmente em \u00e2mbito industrial \u2013 requerem financiamento para sustentar suas atividades e o seu ciclo operacional, uma vez que costumeiramente as obriga\u00e7\u00f5es vencem antes da materializa\u00e7\u00e3o dos recebimentos dos clientes. A ind\u00fastria do pl\u00e1stico \u00e9 uma das mais demandantes de capital de giro no setor industrial. E, esmiu\u00e7ando um pouco mais, [&hellip;]<\/p>\n","protected":false},"author":2,"featured_media":5966,"comment_status":"open","ping_status":"closed","sticky":false,"template":"","format":"standard","meta":{"footnotes":""},"categories":[344],"tags":[323,358,320,357,163,346,26],"class_list":["post-5965","post","type-post","status-publish","format-standard","has-post-thumbnail","hentry","category-opiniao","tag-coronavirus","tag-crise","tag-embalagens","tag-embalagensflexiveis","tag-impressao","tag-packaging","tag-projetopack"],"yoast_head":"<!-- This site is optimized with the Yoast SEO Premium plugin v27.1 (Yoast SEO v27.1.1) - https:\/\/yoast.com\/product\/yoast-seo-premium-wordpress\/ -->\n<title>Corona, a crise econ\u00f4mica e as poss\u00edveis solu\u00e7\u00f5es \u00e0 ind\u00fastria de embalagens e r\u00f3tulos - ProjetoPack<\/title>\n<meta name=\"description\" content=\"Confira o melhor conte\u00fado sobre tecnologia, design e gest\u00e3o de embalagens flex\u00edveis, r\u00f3tulos e impress\u00e3o.\" \/>\n<meta name=\"robots\" content=\"index, follow, max-snippet:-1, max-image-preview:large, max-video-preview:-1\" \/>\n<link rel=\"canonical\" href=\"https:\/\/projetopack.com.br\/en\/corona-a-crise-economica-e-as-possiveis-solucoes-a-industria-de-embalagens-e-rotulos\/\" \/>\n<meta property=\"og:locale\" content=\"en_US\" \/>\n<meta property=\"og:type\" content=\"article\" \/>\n<meta property=\"og:title\" content=\"Corona, a crise econ\u00f4mica e as poss\u00edveis solu\u00e7\u00f5es \u00e0 ind\u00fastria de embalagens e r\u00f3tulos\" \/>\n<meta property=\"og:description\" content=\"Confira o melhor conte\u00fado sobre tecnologia, design e gest\u00e3o de embalagens flex\u00edveis, r\u00f3tulos e impress\u00e3o.\" \/>\n<meta property=\"og:url\" content=\"https:\/\/projetopack.com.br\/en\/corona-a-crise-economica-e-as-possiveis-solucoes-a-industria-de-embalagens-e-rotulos\/\" \/>\n<meta property=\"og:site_name\" content=\"ProjetoPack\" \/>\n<meta property=\"article:published_time\" content=\"2020-03-13T20:24:00+00:00\" \/>\n<meta property=\"article:modified_time\" content=\"2020-05-14T20:50:21+00:00\" \/>\n<meta property=\"og:image\" content=\"https:\/\/projetopack.com.br\/wp-content\/uploads\/2020\/05\/Corona-a-crise-economica-e-as-possiveis-solucoes-a-industria-de-embalagens-e-rotulos.jpeg\" \/>\n\t<meta property=\"og:image:width\" content=\"640\" \/>\n\t<meta property=\"og:image:height\" content=\"480\" \/>\n\t<meta property=\"og:image:type\" content=\"image\/jpeg\" \/>\n<meta name=\"author\" content=\"Aislan Baer\" \/>\n<meta name=\"twitter:card\" content=\"summary_large_image\" \/>\n<meta name=\"twitter:creator\" content=\"@ProjetoPack\" \/>\n<meta name=\"twitter:site\" content=\"@ProjetoPack\" \/>\n<meta name=\"twitter:label1\" content=\"Written by\" \/>\n\t<meta name=\"twitter:data1\" content=\"Aislan Baer\" \/>\n\t<meta name=\"twitter:label2\" content=\"Est. reading time\" \/>\n\t<meta name=\"twitter:data2\" content=\"6 minutes\" \/>\n<script type=\"application\/ld+json\" class=\"yoast-schema-graph\">{\"@context\":\"https:\/\/schema.org\",\"@graph\":[{\"@type\":\"Article\",\"@id\":\"https:\/\/projetopack.com.br\/en\/corona-a-crise-economica-e-as-possiveis-solucoes-a-industria-de-embalagens-e-rotulos\/#article\",\"isPartOf\":{\"@id\":\"https:\/\/projetopack.com.br\/en\/corona-a-crise-economica-e-as-possiveis-solucoes-a-industria-de-embalagens-e-rotulos\/\"},\"author\":{\"name\":\"Aislan Baer\",\"@id\":\"https:\/\/projetopack.com.br\/#\/schema\/person\/87cbd7d1e244880886d457815ebd2490\"},\"headline\":\"Corona, a crise econ\u00f4mica e as poss\u00edveis solu\u00e7\u00f5es \u00e0 ind\u00fastria de embalagens e r\u00f3tulos\",\"datePublished\":\"2020-03-13T20:24:00+00:00\",\"dateModified\":\"2020-05-14T20:50:21+00:00\",\"mainEntityOfPage\":{\"@id\":\"https:\/\/projetopack.com.br\/en\/corona-a-crise-economica-e-as-possiveis-solucoes-a-industria-de-embalagens-e-rotulos\/\"},\"wordCount\":1222,\"commentCount\":0,\"publisher\":{\"@id\":\"https:\/\/projetopack.com.br\/#organization\"},\"image\":{\"@id\":\"https:\/\/projetopack.com.br\/en\/corona-a-crise-economica-e-as-possiveis-solucoes-a-industria-de-embalagens-e-rotulos\/#primaryimage\"},\"thumbnailUrl\":\"https:\/\/projetopack.com.br\/wp-content\/uploads\/2020\/05\/Corona-a-crise-economica-e-as-possiveis-solucoes-a-industria-de-embalagens-e-rotulos.jpeg\",\"keywords\":[\"coronavirus\",\"crise\",\"embalagens\",\"embalagensflex\u00edveis\",\"impress\u00e3o\",\"packaging\",\"ProjetoPack\"],\"articleSection\":[\"Opini\u00e3o\"],\"inLanguage\":\"en-US\",\"potentialAction\":[{\"@type\":\"CommentAction\",\"name\":\"Comment\",\"target\":[\"https:\/\/projetopack.com.br\/en\/corona-a-crise-economica-e-as-possiveis-solucoes-a-industria-de-embalagens-e-rotulos\/#respond\"]}]},{\"@type\":\"WebPage\",\"@id\":\"https:\/\/projetopack.com.br\/en\/corona-a-crise-economica-e-as-possiveis-solucoes-a-industria-de-embalagens-e-rotulos\/\",\"url\":\"https:\/\/projetopack.com.br\/en\/corona-a-crise-economica-e-as-possiveis-solucoes-a-industria-de-embalagens-e-rotulos\/\",\"name\":\"Corona, a crise econ\u00f4mica e as poss\u00edveis solu\u00e7\u00f5es \u00e0 ind\u00fastria de embalagens e r\u00f3tulos - ProjetoPack\",\"isPartOf\":{\"@id\":\"https:\/\/projetopack.com.br\/#website\"},\"primaryImageOfPage\":{\"@id\":\"https:\/\/projetopack.com.br\/en\/corona-a-crise-economica-e-as-possiveis-solucoes-a-industria-de-embalagens-e-rotulos\/#primaryimage\"},\"image\":{\"@id\":\"https:\/\/projetopack.com.br\/en\/corona-a-crise-economica-e-as-possiveis-solucoes-a-industria-de-embalagens-e-rotulos\/#primaryimage\"},\"thumbnailUrl\":\"https:\/\/projetopack.com.br\/wp-content\/uploads\/2020\/05\/Corona-a-crise-economica-e-as-possiveis-solucoes-a-industria-de-embalagens-e-rotulos.jpeg\",\"datePublished\":\"2020-03-13T20:24:00+00:00\",\"dateModified\":\"2020-05-14T20:50:21+00:00\",\"description\":\"Confira o melhor conte\u00fado sobre tecnologia, design e gest\u00e3o de embalagens flex\u00edveis, r\u00f3tulos e impress\u00e3o.\",\"breadcrumb\":{\"@id\":\"https:\/\/projetopack.com.br\/en\/corona-a-crise-economica-e-as-possiveis-solucoes-a-industria-de-embalagens-e-rotulos\/#breadcrumb\"},\"inLanguage\":\"en-US\",\"potentialAction\":[{\"@type\":\"ReadAction\",\"target\":[\"https:\/\/projetopack.com.br\/en\/corona-a-crise-economica-e-as-possiveis-solucoes-a-industria-de-embalagens-e-rotulos\/\"]}]},{\"@type\":\"ImageObject\",\"inLanguage\":\"en-US\",\"@id\":\"https:\/\/projetopack.com.br\/en\/corona-a-crise-economica-e-as-possiveis-solucoes-a-industria-de-embalagens-e-rotulos\/#primaryimage\",\"url\":\"https:\/\/projetopack.com.br\/wp-content\/uploads\/2020\/05\/Corona-a-crise-economica-e-as-possiveis-solucoes-a-industria-de-embalagens-e-rotulos.jpeg\",\"contentUrl\":\"https:\/\/projetopack.com.br\/wp-content\/uploads\/2020\/05\/Corona-a-crise-economica-e-as-possiveis-solucoes-a-industria-de-embalagens-e-rotulos.jpeg\",\"width\":640,\"height\":480},{\"@type\":\"BreadcrumbList\",\"@id\":\"https:\/\/projetopack.com.br\/en\/corona-a-crise-economica-e-as-possiveis-solucoes-a-industria-de-embalagens-e-rotulos\/#breadcrumb\",\"itemListElement\":[{\"@type\":\"ListItem\",\"position\":1,\"name\":\"P\u00e1gina Inicial\",\"item\":\"https:\/\/projetopack.com.br\/\"},{\"@type\":\"ListItem\",\"position\":2,\"name\":\"Opini\u00e3o\",\"item\":\"https:\/\/projetopack.com.br\/en\/category\/opiniao\/\"},{\"@type\":\"ListItem\",\"position\":3,\"name\":\"Corona, a crise econ\u00f4mica e as poss\u00edveis solu\u00e7\u00f5es \u00e0 ind\u00fastria de embalagens e r\u00f3tulos\"}]},{\"@type\":\"WebSite\",\"@id\":\"https:\/\/projetopack.com.br\/#website\",\"url\":\"https:\/\/projetopack.com.br\/\",\"name\":\"ProjetoPack\",\"description\":\"Consultoria e servi\u00e7os para embalagens, r\u00f3tulos, etiquetas e processos de impress\u00e3o\",\"publisher\":{\"@id\":\"https:\/\/projetopack.com.br\/#organization\"},\"potentialAction\":[{\"@type\":\"SearchAction\",\"target\":{\"@type\":\"EntryPoint\",\"urlTemplate\":\"https:\/\/projetopack.com.br\/?s={search_term_string}\"},\"query-input\":{\"@type\":\"PropertyValueSpecification\",\"valueRequired\":true,\"valueName\":\"search_term_string\"}}],\"inLanguage\":\"en-US\"},{\"@type\":\"Organization\",\"@id\":\"https:\/\/projetopack.com.br\/#organization\",\"name\":\"ProjetoPack & Associados\",\"url\":\"https:\/\/projetopack.com.br\/\",\"logo\":{\"@type\":\"ImageObject\",\"inLanguage\":\"en-US\",\"@id\":\"https:\/\/projetopack.com.br\/#\/schema\/logo\/image\/\",\"url\":\"https:\/\/projetopack.com.br\/wp-content\/uploads\/2020\/09\/projetopack.png\",\"contentUrl\":\"https:\/\/projetopack.com.br\/wp-content\/uploads\/2020\/09\/projetopack.png\",\"width\":200,\"height\":200,\"caption\":\"ProjetoPack & Associados\"},\"image\":{\"@id\":\"https:\/\/projetopack.com.br\/#\/schema\/logo\/image\/\"},\"sameAs\":[\"https:\/\/x.com\/ProjetoPack\",\"https:\/\/www.linkedin.com\/company\/projetopack\/\"]},{\"@type\":\"Person\",\"@id\":\"https:\/\/projetopack.com.br\/#\/schema\/person\/87cbd7d1e244880886d457815ebd2490\",\"name\":\"Aislan Baer\",\"image\":{\"@type\":\"ImageObject\",\"inLanguage\":\"en-US\",\"@id\":\"https:\/\/projetopack.com.br\/#\/schema\/person\/image\/\",\"url\":\"https:\/\/projetopack.com.br\/wp-content\/uploads\/2021\/08\/Aislan-Busto-p-100x100.jpg\",\"contentUrl\":\"https:\/\/projetopack.com.br\/wp-content\/uploads\/2021\/08\/Aislan-Busto-p-100x100.jpg\",\"caption\":\"Aislan Baer\"},\"description\":\"Desde os \u00faltimos 20 anos, meu time e eu ajudamos mais de 300 empresas brasileiras e estrangeiras (algumas delas, l\u00edderes mundiais) a produzir embalagens flex\u00edveis e r\u00f3tulos com maior efici\u00eancia, menores custos e maior apelo visual, bem como centenas de donos de marcas a comprar suas embalagens flex\u00edveis e material impresso com um crit\u00e9rio mais t\u00e9cnico e assertivo. Ao mesmo tempo, gra\u00e7as \u00e0 nossa consultoria, muitas destas empresas melhoraram significativamente o seu processo de Impress\u00e3o (Impress\u00e3o de embalagens, Impress\u00e3o industrial, Impress\u00e3o funcional e, mais recentemente, bio impress\u00e3o e manufatura aditiva ou simplesmente Impress\u00e3o 3D). Se a sua empresa tem um problema relacionado a embalagens flex\u00edveis, r\u00f3tulos ou Impress\u00e3o, por mais insol\u00favel que lhe pare\u00e7a, aguardamos ansiosos a sua liga\u00e7\u00e3o ou e-mail. Este \u00e9 nosso trabalho e tamb\u00e9m a nossa paix\u00e3o.\",\"sameAs\":[\"http:\/\/www.projetopack.com\",\"https:\/\/www.linkedin.com\/in\/aislanbaer\/\"],\"jobTitle\":\"CEO @ ProjetoPack | L\u00edder em M&A no Setor de Impress\u00e3o e Embalagens no Brasil | Cofundador da Inovagraf e Neuraflow | Especialista em Inova\u00e7\u00e3o com IA na Impress\u00e3o | Printing Legacy Initiative | Empreendedor Serial\",\"url\":\"https:\/\/projetopack.com.br\/en\/author\/aislan\/\"}]}<\/script>\n<!-- \/ Yoast SEO Premium plugin. -->","yoast_head_json":{"title":"Corona, a crise econ\u00f4mica e as poss\u00edveis solu\u00e7\u00f5es \u00e0 ind\u00fastria de embalagens e r\u00f3tulos - ProjetoPack","description":"Confira o melhor conte\u00fado sobre tecnologia, design e gest\u00e3o de embalagens flex\u00edveis, r\u00f3tulos e impress\u00e3o.","robots":{"index":"index","follow":"follow","max-snippet":"max-snippet:-1","max-image-preview":"max-image-preview:large","max-video-preview":"max-video-preview:-1"},"canonical":"https:\/\/projetopack.com.br\/en\/corona-a-crise-economica-e-as-possiveis-solucoes-a-industria-de-embalagens-e-rotulos\/","og_locale":"en_US","og_type":"article","og_title":"Corona, a crise econ\u00f4mica e as poss\u00edveis solu\u00e7\u00f5es \u00e0 ind\u00fastria de embalagens e r\u00f3tulos","og_description":"Confira o melhor conte\u00fado sobre tecnologia, design e gest\u00e3o de embalagens flex\u00edveis, r\u00f3tulos e impress\u00e3o.","og_url":"https:\/\/projetopack.com.br\/en\/corona-a-crise-economica-e-as-possiveis-solucoes-a-industria-de-embalagens-e-rotulos\/","og_site_name":"ProjetoPack","article_published_time":"2020-03-13T20:24:00+00:00","article_modified_time":"2020-05-14T20:50:21+00:00","og_image":[{"width":640,"height":480,"url":"https:\/\/projetopack.com.br\/wp-content\/uploads\/2020\/05\/Corona-a-crise-economica-e-as-possiveis-solucoes-a-industria-de-embalagens-e-rotulos.jpeg","type":"image\/jpeg"}],"author":"Aislan Baer","twitter_card":"summary_large_image","twitter_creator":"@ProjetoPack","twitter_site":"@ProjetoPack","twitter_misc":{"Written by":"Aislan Baer","Est. reading time":"6 minutes"},"schema":{"@context":"https:\/\/schema.org","@graph":[{"@type":"Article","@id":"https:\/\/projetopack.com.br\/en\/corona-a-crise-economica-e-as-possiveis-solucoes-a-industria-de-embalagens-e-rotulos\/#article","isPartOf":{"@id":"https:\/\/projetopack.com.br\/en\/corona-a-crise-economica-e-as-possiveis-solucoes-a-industria-de-embalagens-e-rotulos\/"},"author":{"name":"Aislan Baer","@id":"https:\/\/projetopack.com.br\/#\/schema\/person\/87cbd7d1e244880886d457815ebd2490"},"headline":"Corona, a crise econ\u00f4mica e as poss\u00edveis solu\u00e7\u00f5es \u00e0 ind\u00fastria de embalagens e r\u00f3tulos","datePublished":"2020-03-13T20:24:00+00:00","dateModified":"2020-05-14T20:50:21+00:00","mainEntityOfPage":{"@id":"https:\/\/projetopack.com.br\/en\/corona-a-crise-economica-e-as-possiveis-solucoes-a-industria-de-embalagens-e-rotulos\/"},"wordCount":1222,"commentCount":0,"publisher":{"@id":"https:\/\/projetopack.com.br\/#organization"},"image":{"@id":"https:\/\/projetopack.com.br\/en\/corona-a-crise-economica-e-as-possiveis-solucoes-a-industria-de-embalagens-e-rotulos\/#primaryimage"},"thumbnailUrl":"https:\/\/projetopack.com.br\/wp-content\/uploads\/2020\/05\/Corona-a-crise-economica-e-as-possiveis-solucoes-a-industria-de-embalagens-e-rotulos.jpeg","keywords":["coronavirus","crise","embalagens","embalagensflex\u00edveis","impress\u00e3o","packaging","ProjetoPack"],"articleSection":["Opini\u00e3o"],"inLanguage":"en-US","potentialAction":[{"@type":"CommentAction","name":"Comment","target":["https:\/\/projetopack.com.br\/en\/corona-a-crise-economica-e-as-possiveis-solucoes-a-industria-de-embalagens-e-rotulos\/#respond"]}]},{"@type":"WebPage","@id":"https:\/\/projetopack.com.br\/en\/corona-a-crise-economica-e-as-possiveis-solucoes-a-industria-de-embalagens-e-rotulos\/","url":"https:\/\/projetopack.com.br\/en\/corona-a-crise-economica-e-as-possiveis-solucoes-a-industria-de-embalagens-e-rotulos\/","name":"Corona, a crise econ\u00f4mica e as poss\u00edveis solu\u00e7\u00f5es \u00e0 ind\u00fastria de embalagens e r\u00f3tulos - ProjetoPack","isPartOf":{"@id":"https:\/\/projetopack.com.br\/#website"},"primaryImageOfPage":{"@id":"https:\/\/projetopack.com.br\/en\/corona-a-crise-economica-e-as-possiveis-solucoes-a-industria-de-embalagens-e-rotulos\/#primaryimage"},"image":{"@id":"https:\/\/projetopack.com.br\/en\/corona-a-crise-economica-e-as-possiveis-solucoes-a-industria-de-embalagens-e-rotulos\/#primaryimage"},"thumbnailUrl":"https:\/\/projetopack.com.br\/wp-content\/uploads\/2020\/05\/Corona-a-crise-economica-e-as-possiveis-solucoes-a-industria-de-embalagens-e-rotulos.jpeg","datePublished":"2020-03-13T20:24:00+00:00","dateModified":"2020-05-14T20:50:21+00:00","description":"Confira o melhor conte\u00fado sobre tecnologia, design e gest\u00e3o de embalagens flex\u00edveis, r\u00f3tulos e impress\u00e3o.","breadcrumb":{"@id":"https:\/\/projetopack.com.br\/en\/corona-a-crise-economica-e-as-possiveis-solucoes-a-industria-de-embalagens-e-rotulos\/#breadcrumb"},"inLanguage":"en-US","potentialAction":[{"@type":"ReadAction","target":["https:\/\/projetopack.com.br\/en\/corona-a-crise-economica-e-as-possiveis-solucoes-a-industria-de-embalagens-e-rotulos\/"]}]},{"@type":"ImageObject","inLanguage":"en-US","@id":"https:\/\/projetopack.com.br\/en\/corona-a-crise-economica-e-as-possiveis-solucoes-a-industria-de-embalagens-e-rotulos\/#primaryimage","url":"https:\/\/projetopack.com.br\/wp-content\/uploads\/2020\/05\/Corona-a-crise-economica-e-as-possiveis-solucoes-a-industria-de-embalagens-e-rotulos.jpeg","contentUrl":"https:\/\/projetopack.com.br\/wp-content\/uploads\/2020\/05\/Corona-a-crise-economica-e-as-possiveis-solucoes-a-industria-de-embalagens-e-rotulos.jpeg","width":640,"height":480},{"@type":"BreadcrumbList","@id":"https:\/\/projetopack.com.br\/en\/corona-a-crise-economica-e-as-possiveis-solucoes-a-industria-de-embalagens-e-rotulos\/#breadcrumb","itemListElement":[{"@type":"ListItem","position":1,"name":"P\u00e1gina Inicial","item":"https:\/\/projetopack.com.br\/"},{"@type":"ListItem","position":2,"name":"Opini\u00e3o","item":"https:\/\/projetopack.com.br\/en\/category\/opiniao\/"},{"@type":"ListItem","position":3,"name":"Corona, a crise econ\u00f4mica e as poss\u00edveis solu\u00e7\u00f5es \u00e0 ind\u00fastria de embalagens e r\u00f3tulos"}]},{"@type":"WebSite","@id":"https:\/\/projetopack.com.br\/#website","url":"https:\/\/projetopack.com.br\/","name":"ProjetoPack","description":"Consultoria e servi\u00e7os para embalagens, r\u00f3tulos, etiquetas e processos de impress\u00e3o","publisher":{"@id":"https:\/\/projetopack.com.br\/#organization"},"potentialAction":[{"@type":"SearchAction","target":{"@type":"EntryPoint","urlTemplate":"https:\/\/projetopack.com.br\/?s={search_term_string}"},"query-input":{"@type":"PropertyValueSpecification","valueRequired":true,"valueName":"search_term_string"}}],"inLanguage":"en-US"},{"@type":"Organization","@id":"https:\/\/projetopack.com.br\/#organization","name":"ProjetoPack & Associados","url":"https:\/\/projetopack.com.br\/","logo":{"@type":"ImageObject","inLanguage":"en-US","@id":"https:\/\/projetopack.com.br\/#\/schema\/logo\/image\/","url":"https:\/\/projetopack.com.br\/wp-content\/uploads\/2020\/09\/projetopack.png","contentUrl":"https:\/\/projetopack.com.br\/wp-content\/uploads\/2020\/09\/projetopack.png","width":200,"height":200,"caption":"ProjetoPack & Associados"},"image":{"@id":"https:\/\/projetopack.com.br\/#\/schema\/logo\/image\/"},"sameAs":["https:\/\/x.com\/ProjetoPack","https:\/\/www.linkedin.com\/company\/projetopack\/"]},{"@type":"Person","@id":"https:\/\/projetopack.com.br\/#\/schema\/person\/87cbd7d1e244880886d457815ebd2490","name":"Aislan Baer","image":{"@type":"ImageObject","inLanguage":"en-US","@id":"https:\/\/projetopack.com.br\/#\/schema\/person\/image\/","url":"https:\/\/projetopack.com.br\/wp-content\/uploads\/2021\/08\/Aislan-Busto-p-100x100.jpg","contentUrl":"https:\/\/projetopack.com.br\/wp-content\/uploads\/2021\/08\/Aislan-Busto-p-100x100.jpg","caption":"Aislan Baer"},"description":"Desde os \u00faltimos 20 anos, meu time e eu ajudamos mais de 300 empresas brasileiras e estrangeiras (algumas delas, l\u00edderes mundiais) a produzir embalagens flex\u00edveis e r\u00f3tulos com maior efici\u00eancia, menores custos e maior apelo visual, bem como centenas de donos de marcas a comprar suas embalagens flex\u00edveis e material impresso com um crit\u00e9rio mais t\u00e9cnico e assertivo. Ao mesmo tempo, gra\u00e7as \u00e0 nossa consultoria, muitas destas empresas melhoraram significativamente o seu processo de Impress\u00e3o (Impress\u00e3o de embalagens, Impress\u00e3o industrial, Impress\u00e3o funcional e, mais recentemente, bio impress\u00e3o e manufatura aditiva ou simplesmente Impress\u00e3o 3D). Se a sua empresa tem um problema relacionado a embalagens flex\u00edveis, r\u00f3tulos ou Impress\u00e3o, por mais insol\u00favel que lhe pare\u00e7a, aguardamos ansiosos a sua liga\u00e7\u00e3o ou e-mail. Este \u00e9 nosso trabalho e tamb\u00e9m a nossa paix\u00e3o.","sameAs":["http:\/\/www.projetopack.com","https:\/\/www.linkedin.com\/in\/aislanbaer\/"],"jobTitle":"CEO @ ProjetoPack | L\u00edder em M&A no Setor de Impress\u00e3o e Embalagens no Brasil | Cofundador da Inovagraf e Neuraflow | Especialista em Inova\u00e7\u00e3o com IA na Impress\u00e3o | Printing Legacy Initiative | Empreendedor Serial","url":"https:\/\/projetopack.com.br\/en\/author\/aislan\/"}]}},"_links":{"self":[{"href":"https:\/\/projetopack.com.br\/en\/wp-json\/wp\/v2\/posts\/5965","targetHints":{"allow":["GET"]}}],"collection":[{"href":"https:\/\/projetopack.com.br\/en\/wp-json\/wp\/v2\/posts"}],"about":[{"href":"https:\/\/projetopack.com.br\/en\/wp-json\/wp\/v2\/types\/post"}],"author":[{"embeddable":true,"href":"https:\/\/projetopack.com.br\/en\/wp-json\/wp\/v2\/users\/2"}],"replies":[{"embeddable":true,"href":"https:\/\/projetopack.com.br\/en\/wp-json\/wp\/v2\/comments?post=5965"}],"version-history":[{"count":0,"href":"https:\/\/projetopack.com.br\/en\/wp-json\/wp\/v2\/posts\/5965\/revisions"}],"wp:featuredmedia":[{"embeddable":true,"href":"https:\/\/projetopack.com.br\/en\/wp-json\/wp\/v2\/media\/5966"}],"wp:attachment":[{"href":"https:\/\/projetopack.com.br\/en\/wp-json\/wp\/v2\/media?parent=5965"}],"wp:term":[{"taxonomy":"category","embeddable":true,"href":"https:\/\/projetopack.com.br\/en\/wp-json\/wp\/v2\/categories?post=5965"},{"taxonomy":"post_tag","embeddable":true,"href":"https:\/\/projetopack.com.br\/en\/wp-json\/wp\/v2\/tags?post=5965"}],"curies":[{"name":"wp","href":"https:\/\/api.w.org\/{rel}","templated":true}]}}