{"id":5989,"date":"2017-01-29T17:58:00","date_gmt":"2017-01-29T19:58:00","guid":{"rendered":"http:\/\/www.projetopack.com.br\/2020\/?p=5989"},"modified":"2021-09-09T12:48:46","modified_gmt":"2021-09-09T15:48:46","slug":"a-cultura%e2%80%8b-brasileira-nos-dias-atuais-explica-porque-estamos-indo-pro-buraco-o-se-explica","status":"publish","type":"post","link":"https:\/\/projetopack.com.br\/en\/a-cultura%e2%80%8b-brasileira-nos-dias-atuais-explica-porque-estamos-indo-pro-buraco-o-se-explica\/","title":{"rendered":"A &#8220;cultura&#8221;\u200b brasileira nos dias atuais explica porque estamos indo pro buraco? \u00d4 se explica!"},"content":{"rendered":"<div data-elementor-type=\"wp-post\" data-elementor-id=\"5989\" class=\"elementor elementor-5989\" data-elementor-post-type=\"post\">\n\t\t\t\t\t\t<section class=\"elementor-section elementor-top-section elementor-element elementor-element-0b46b93 elementor-section-boxed elementor-section-height-default elementor-section-height-default\" data-id=\"0b46b93\" data-element_type=\"section\" data-e-type=\"section\" data-settings=\"{&quot;jet_parallax_layout_list&quot;:[]}\">\n\t\t\t\t\t\t<div class=\"elementor-container elementor-column-gap-default\">\n\t\t\t\t\t<div class=\"elementor-column elementor-col-100 elementor-top-column elementor-element elementor-element-d91c585\" data-id=\"d91c585\" data-element_type=\"column\" data-e-type=\"column\">\n\t\t\t<div class=\"elementor-widget-wrap elementor-element-populated\">\n\t\t\t\t\t\t<div class=\"elementor-element elementor-element-a942f0f elementor-widget elementor-widget-text-editor\" data-id=\"a942f0f\" data-element_type=\"widget\" data-e-type=\"widget\" data-widget_type=\"text-editor.default\">\n\t\t\t\t\t\t\t\t\t<p><em>Adianto aos amigos o editorial que acabo de escrever para a primeira edi\u00e7\u00e3o do ano (Jan\/Fev 17) da nossa revista. Gostaria de ouvir a opini\u00e3o dos colegas para que eu possa incluir algo em sua \u00faltima revis\u00e3o. Abra\u00e7os a todos, Aislan.<\/em><\/p>\t\t\t\t\t\t\t\t<\/div>\n\t\t\t\t<div class=\"elementor-element elementor-element-ca2309b elementor-widget elementor-widget-text-editor\" data-id=\"ca2309b\" data-element_type=\"widget\" data-e-type=\"widget\" data-widget_type=\"text-editor.default\">\n\t\t\t\t\t\t\t\t\t<p>Grande parte dos problemas do nosso pa\u00eds (e das nossas empresas) se resume \u00e0 \u201cfalta de cultura\u201d. Essa suposta aus\u00eancia acarretaria, dentre tantas outras implica\u00e7\u00f5es negativas, na supress\u00e3o de uma identidade nacional ou no sentido de unidade de um grupo qualquer.<\/p><p>Existem incont\u00e1veis acep\u00e7\u00f5es para a palavra cultura. Uma das mais recorrentes e de \u00e2mbito generalista foi formulada pelo antrop\u00f3logo brit\u00e2nico Edward Burnett Tylor, um aut\u00eantico representante do evolucionismo social: \u201c<em>cultura \u00e9 todo aquele complexo que inclui o conhecimento, as cren\u00e7as, a arte, a moral, a lei, os costumes e todos os outros h\u00e1bitos e capacidades adquiridos pelo homem como membro da sociedade<\/em>\u201d.<\/p><p>O h\u00e1bito da leitura \u00e9 uma parte importante na forma\u00e7\u00e3o cultural. Uma pesquisa recente intitulada \u201cRetratos da leitura\u201d apontou que 44% da popula\u00e7\u00e3o brasileira n\u00e3o l\u00ea e que 30% jamais comprou um livro. Um relat\u00f3rio ainda mais atual (editado no fim de dezembro do ano passado por uma empresa de pesquisa de mercado e estudos sobre o setor editorial, a GFK) listou os 10 livros mais vendidos no Brasil em 2016. Quatro, dos dez livros da lista foram escritos por \u201cYouTubers\u201d (em sua maioria, adolescentes contando as perip\u00e9cias para criar um Vlog), outros dois s\u00e3o religiosos e o restante, romances no bom estilo \u201cCinquenta Tons de Cinza\u201d.<\/p><p>Ou seja: os 56% dos brasileiros que leram o irris\u00f3rio \u00edndice de 1,7 livros ao longo do ano (nas palavras do pr\u00f3prio ministro da Cultura, Juca Ferreira, um \u00edndice \u201cvergonhoso\u201d) preferiram RezendeEvil, AuthenticGames e K\u00e9fera Buchmann a Leo Tolstoy, Mark Twain e Charles Dickens (ou Jo\u00e3o Guimar\u00e3es Rosa, Graciliano Ramos e Jorge Amado, como queira).<\/p><p><em>1. &#8220;Como Eu Era Antes de Voc\u00ea&#8221; &#8211; Jojo Moyes &#8211; 291.190 exemplares vendidos;<\/em><\/p><p><em>2. &#8220;Ruah&#8221; &#8211; Padre Marcelo Rossi &#8211; 200.368 exemplares vendidos;<\/em><\/p><p><em>3. &#8220;Depois de Voc\u00ea&#8221; &#8211; Jojo Moyes &#8211; 179.822 exemplares vendidos;<\/em><\/p><p><em>4. &#8220;Autenthic Games \u2013 Vivendo uma Vida Aut\u00eantica&#8221; &#8211; Marco T\u00falio &#8211; 116.204 exemplares vendidos;<\/em><\/p><p><em>5. &#8220;Dois Mundos, um Her\u00f3i&#8221; &#8211; RezendeEvil &#8211; 100.499 exemplares vendidos;<\/em><\/p><p><em>6. &#8220;Philia Padre&#8221; &#8211; Marcelo Rossi &#8211; 93.999 exemplares vendidos;<\/em><\/p><p><em>7. &#8220;Muito Mais que 5inco Minutos&#8221; &#8211; K\u00e9fera Buchmann &#8211; 91.501 exemplares vendidos;<\/em><\/p><p><em>8. &#8220;A Coroa&#8221; &#8211; Kiera Cass &#8211; 90.422 exemplares vendidos;<\/em><\/p><p><em>9. &#8220;Grey&#8221; &#8211; E.L James &#8211; 85.977 exemplares vendidos;<\/em><\/p><p><em>10.\u00a0\u00a0&#8220;Segredos da Bel para Meninas&#8221; &#8211; Bel &amp; Fran &#8211; 84.795 exemplares vendidos.<\/em><\/p><p>Ouvir boa m\u00fasica tamb\u00e9m \u00e9 um fator preponderante na forma\u00e7\u00e3o cultural do indiv\u00edduo. Das 10 mais tocadas nas r\u00e1dios brasileiras em 2016, reinou absoluto o estilo sertanejo comercial, seguido do funk \u201cproibid\u00e3o\u201d. A campe\u00e3 nacional, com 70 mil e seiscentas execu\u00e7\u00f5es, \u201cSeu Pol\u00edcia\u201d (da dupla Z\u00e9 Neto &amp; Cristiano) conta a um policial fict\u00edcio, em quatro estrofes que se repetem indefinidamente, que \u201cos vizinhos est\u00e3o reclamando do som alto, mas pode mandar a multa que ela vai ser paga\u201d. Uma t\u00edpica desilus\u00e3o amorosa que justificaria transgredir a lei do sil\u00eancio e dirigir alcoolizado.<\/p>\t\t\t\t\t\t\t\t<\/div>\n\t\t\t\t<div class=\"elementor-element elementor-element-4dd456e elementor-widget elementor-widget-text-editor\" data-id=\"4dd456e\" data-element_type=\"widget\" data-e-type=\"widget\" data-widget_type=\"text-editor.default\">\n\t\t\t\t\t\t\t\t\t<p>Estamos cada vez dedicando mais tempo de vida \u00e0 internet e redes sociais. O que procuramos e como interagimos com as pessoas \u00e9, decerto, parte integrante desse caldo cultural. Em 2016, enquanto o mundo procurou no Google por informa\u00e7\u00f5es sobre as elei\u00e7\u00f5es americanas, as Olimp\u00edadas, a sa\u00edda da Inglaterra da Uni\u00e3o Europ\u00e9ia (Brexit), o atentado de Orlando e o Zika Virus, os brasileiros garimparam por informa\u00e7\u00f5es sobre o bloqueio do Whatsapp, Big Brother Brasil, MC Bin Laden e o significado da palavra \u201cCrush\u201d.<\/p>\t\t\t\t\t\t\t\t<\/div>\n\t\t\t\t<div class=\"elementor-element elementor-element-c936958 elementor-widget elementor-widget-text-editor\" data-id=\"c936958\" data-element_type=\"widget\" data-e-type=\"widget\" data-widget_type=\"text-editor.default\">\n\t\t\t\t\t\t\t\t\t<p>(Informa\u00e7\u00f5es detalhadas das buscas no Google que fizemos em 2016 podem ser obtidas no site:\u00a0<a href=\"http:\/\/www.google.com.br\/trends\" target=\"_blank\" rel=\"nofollow noopener\">http:\/\/www.google.com.br\/trends<\/a>).<\/p><p>Segundo o pr\u00f3prio Facebook, 45% da popula\u00e7\u00e3o brasileira acessa a rede social mensalmente (92 milh\u00f5es de pessoas). Gastamos, em m\u00e9dia, 50 minutos por dia no site de Mark Zuckerberg \u2013 o que significa mais de 6% do tempo \u00fatil. Se somarmos esta cifra ao tempo empregado para ler e-mails e mensagens em servi\u00e7os como o Whatsapp, \u00e9 poss\u00edvel inferir que o brasileiro m\u00e9dio gasta mais tempo conectado do que fazendo exerc\u00edcios, comendo ou em qualquer outra forma de lazer. A informa\u00e7\u00e3o recebemos ou compartilhamos l\u00e1, portanto, \u00e9 boa parte de nosso acervo cultural em m\u00e9dio e longo prazos.<\/p><p>Em 2016, a p\u00e1gina mais curtida pelos brasileiros no Facebook foi a do craque do futebol Neymar Junior. Enquanto escrevia estas linhas, as \u00faltimas postagens eram ou mensagens publicit\u00e1rias (de l\u00e2mina de barbear a aplicativo para gerar\u00a0<em>emojis<\/em>\u00a0com a cara do jogador) a fotos pessoais do atleta.<\/p><p>Sobre a tal \u201cmoral, leis e costumes\u201d citados na defini\u00e7\u00e3o de cultura, um \u00faltimo coment\u00e1rio contextualizado em uma breve cronologia:<\/p><p>&#8211; H\u00e1 duas semanas, o pa\u00eds escandalizou-se com um \u201cacidente\u201d a\u00e9reo que p\u00f4s em xeque o destino da Lava-Jato \u2013 o maior esc\u00e2ndalo de corrup\u00e7\u00e3o da hist\u00f3ria moderna em \u00e2mbito mundial. N\u00e3o faz ainda uma semana quando o \u201cex brasileiro mais rico do mundo\u201d, \u201cex \u00edcone do sucesso empresarial nacional\u201d, \u201cex estandarte do empreendedorismo e filantropia\u201d Eike Batista est\u00e1 foragido por crime de corrup\u00e7\u00e3o. H\u00e1 exatamente um dia, o novo prefeito com menos de um m\u00eas no cargo, Jo\u00e3o D\u00f3ria Junior, enfrenta pesadas cr\u00edticas nas redes sociais (aquelas em que passamos mais de 6% do dia) por ter removido picha\u00e7\u00f5es de monumentos e obras p\u00fablicas e, ocasionalmente, coberto algum grafite.<\/p>\t\t\t\t\t\t\t\t<\/div>\n\t\t\t\t<div class=\"elementor-element elementor-element-5ec559c elementor-widget elementor-widget-text-editor\" data-id=\"5ec559c\" data-element_type=\"widget\" data-e-type=\"widget\" data-widget_type=\"text-editor.default\">\n\t\t\t\t\t\t\t\t\t<blockquote><p>Pela primeira vez at\u00e9 onde me lembro, vejo gente se manifestando a favor da \u201ccultura\u201d. Pela liberdade de express\u00e3o e o direito de descaracterizar (e emporcalhar) o patrim\u00f4nio p\u00fablico ou privado.<\/p><\/blockquote>\t\t\t\t\t\t\t\t<\/div>\n\t\t\t\t<div class=\"elementor-element elementor-element-e8fc60f elementor-widget elementor-widget-text-editor\" data-id=\"e8fc60f\" data-element_type=\"widget\" data-e-type=\"widget\" data-widget_type=\"text-editor.default\">\n\t\t\t\t\t\t\t\t\t<div id=\"ember70\" class=\"ember-view\"><div class=\"reader-article-content\" dir=\"ltr\"><p>Lamentavelmente, \u00e9 este conjunto de coisas que o brasileiro tem respirado e chamado de cultura. Quando a consumimos, \u00e9 pouco, quase nada, e com qualidade question\u00e1vel. Quando a defendemos, invertemos os valores. E assim, emburrecemos mais a cada dia que passa. Mas tudo bem, afinal, \u201ct\u00e1 tranquilo, t\u00e1 favor\u00e1vel\u201d.<\/p><\/div><\/div><div class=\"reader-flag-content__wrapper mb4 clear-both\" data-ember-action=\"\" data-ember-action-71=\"71\">\u00a0<\/div>\t\t\t\t\t\t\t\t<\/div>\n\t\t\t\t\t<\/div>\n\t\t<\/div>\n\t\t\t\t\t<\/div>\n\t\t<\/section>\n\t\t\t\t<\/div>","protected":false},"excerpt":{"rendered":"<p>Adianto aos amigos o editorial que acabo de escrever para a primeira edi\u00e7\u00e3o do ano (Jan\/Fev 17) da nossa revista. Gostaria de ouvir a opini\u00e3o dos colegas para que eu possa incluir algo em sua \u00faltima revis\u00e3o. Abra\u00e7os a todos, Aislan. Grande parte dos problemas do nosso pa\u00eds (e das nossas empresas) se resume \u00e0 [&hellip;]<\/p>\n","protected":false},"author":2,"featured_media":0,"comment_status":"open","ping_status":"closed","sticky":false,"template":"","format":"standard","meta":{"footnotes":""},"categories":[877],"tags":[],"class_list":["post-5989","post","type-post","status-publish","format-standard","hentry","category-arquivo"],"yoast_head":"<!-- This site is optimized with the Yoast SEO Premium plugin v27.1 (Yoast SEO v27.1.1) - https:\/\/yoast.com\/product\/yoast-seo-premium-wordpress\/ -->\n<title>A &quot;cultura&quot;\u200b brasileira nos dias atuais explica porque estamos indo pro buraco? \u00d4 se explica! - ProjetoPack<\/title>\n<meta name=\"description\" content=\"Confira o melhor conte\u00fado sobre tecnologia, design e gest\u00e3o de embalagens flex\u00edveis, r\u00f3tulos e impress\u00e3o.\" \/>\n<meta name=\"robots\" content=\"index, follow, max-snippet:-1, max-image-preview:large, max-video-preview:-1\" \/>\n<link rel=\"canonical\" href=\"https:\/\/projetopack.com.br\/en\/a-cultura\u200b-brasileira-nos-dias-atuais-explica-porque-estamos-indo-pro-buraco-o-se-explica\/\" \/>\n<meta property=\"og:locale\" content=\"en_US\" \/>\n<meta property=\"og:type\" content=\"article\" \/>\n<meta property=\"og:title\" content=\"A &quot;cultura&quot;\u200b brasileira nos dias atuais explica porque estamos indo pro buraco? \u00d4 se explica!\" \/>\n<meta property=\"og:description\" content=\"Confira o melhor conte\u00fado sobre tecnologia, design e gest\u00e3o de embalagens flex\u00edveis, r\u00f3tulos e impress\u00e3o.\" \/>\n<meta property=\"og:url\" content=\"https:\/\/projetopack.com.br\/en\/a-cultura\u200b-brasileira-nos-dias-atuais-explica-porque-estamos-indo-pro-buraco-o-se-explica\/\" \/>\n<meta property=\"og:site_name\" content=\"ProjetoPack\" \/>\n<meta property=\"article:published_time\" content=\"2017-01-29T19:58:00+00:00\" \/>\n<meta property=\"article:modified_time\" content=\"2021-09-09T15:48:46+00:00\" \/>\n<meta property=\"og:image\" content=\"https:\/\/projetopack.com.br\/wp-content\/uploads\/2020\/06\/Capa-1200x630-1.png\" \/>\n\t<meta property=\"og:image:width\" content=\"1200\" \/>\n\t<meta property=\"og:image:height\" content=\"630\" \/>\n\t<meta property=\"og:image:type\" content=\"image\/png\" \/>\n<meta name=\"author\" content=\"Aislan Baer\" \/>\n<meta name=\"twitter:card\" content=\"summary_large_image\" \/>\n<meta name=\"twitter:creator\" content=\"@ProjetoPack\" \/>\n<meta name=\"twitter:site\" content=\"@ProjetoPack\" \/>\n<meta name=\"twitter:label1\" content=\"Written by\" \/>\n\t<meta name=\"twitter:data1\" content=\"Aislan Baer\" \/>\n\t<meta name=\"twitter:label2\" content=\"Est. reading time\" \/>\n\t<meta name=\"twitter:data2\" content=\"5 minutes\" \/>\n<script type=\"application\/ld+json\" class=\"yoast-schema-graph\">{\"@context\":\"https:\/\/schema.org\",\"@graph\":[{\"@type\":\"Article\",\"@id\":\"https:\/\/projetopack.com.br\/en\/a-cultura%e2%80%8b-brasileira-nos-dias-atuais-explica-porque-estamos-indo-pro-buraco-o-se-explica\/#article\",\"isPartOf\":{\"@id\":\"https:\/\/projetopack.com.br\/en\/a-cultura%e2%80%8b-brasileira-nos-dias-atuais-explica-porque-estamos-indo-pro-buraco-o-se-explica\/\"},\"author\":{\"name\":\"Aislan Baer\",\"@id\":\"https:\/\/projetopack.com.br\/#\/schema\/person\/87cbd7d1e244880886d457815ebd2490\"},\"headline\":\"A &#8220;cultura&#8221;\u200b brasileira nos dias atuais explica porque estamos indo pro buraco? \u00d4 se explica!\",\"datePublished\":\"2017-01-29T19:58:00+00:00\",\"dateModified\":\"2021-09-09T15:48:46+00:00\",\"mainEntityOfPage\":{\"@id\":\"https:\/\/projetopack.com.br\/en\/a-cultura%e2%80%8b-brasileira-nos-dias-atuais-explica-porque-estamos-indo-pro-buraco-o-se-explica\/\"},\"wordCount\":1032,\"commentCount\":0,\"publisher\":{\"@id\":\"https:\/\/projetopack.com.br\/#organization\"},\"articleSection\":[\"Arquivo\"],\"inLanguage\":\"en-US\",\"potentialAction\":[{\"@type\":\"CommentAction\",\"name\":\"Comment\",\"target\":[\"https:\/\/projetopack.com.br\/en\/a-cultura%e2%80%8b-brasileira-nos-dias-atuais-explica-porque-estamos-indo-pro-buraco-o-se-explica\/#respond\"]}]},{\"@type\":\"WebPage\",\"@id\":\"https:\/\/projetopack.com.br\/en\/a-cultura%e2%80%8b-brasileira-nos-dias-atuais-explica-porque-estamos-indo-pro-buraco-o-se-explica\/\",\"url\":\"https:\/\/projetopack.com.br\/en\/a-cultura%e2%80%8b-brasileira-nos-dias-atuais-explica-porque-estamos-indo-pro-buraco-o-se-explica\/\",\"name\":\"A \\\"cultura\\\"\u200b brasileira nos dias atuais explica porque estamos indo pro buraco? \u00d4 se explica! - ProjetoPack\",\"isPartOf\":{\"@id\":\"https:\/\/projetopack.com.br\/#website\"},\"datePublished\":\"2017-01-29T19:58:00+00:00\",\"dateModified\":\"2021-09-09T15:48:46+00:00\",\"description\":\"Confira o melhor conte\u00fado sobre tecnologia, design e gest\u00e3o de embalagens flex\u00edveis, r\u00f3tulos e impress\u00e3o.\",\"breadcrumb\":{\"@id\":\"https:\/\/projetopack.com.br\/en\/a-cultura%e2%80%8b-brasileira-nos-dias-atuais-explica-porque-estamos-indo-pro-buraco-o-se-explica\/#breadcrumb\"},\"inLanguage\":\"en-US\",\"potentialAction\":[{\"@type\":\"ReadAction\",\"target\":[\"https:\/\/projetopack.com.br\/en\/a-cultura%e2%80%8b-brasileira-nos-dias-atuais-explica-porque-estamos-indo-pro-buraco-o-se-explica\/\"]}]},{\"@type\":\"BreadcrumbList\",\"@id\":\"https:\/\/projetopack.com.br\/en\/a-cultura%e2%80%8b-brasileira-nos-dias-atuais-explica-porque-estamos-indo-pro-buraco-o-se-explica\/#breadcrumb\",\"itemListElement\":[{\"@type\":\"ListItem\",\"position\":1,\"name\":\"P\u00e1gina Inicial\",\"item\":\"https:\/\/projetopack.com.br\/\"},{\"@type\":\"ListItem\",\"position\":2,\"name\":\"Arquivo\",\"item\":\"https:\/\/projetopack.com.br\/en\/category\/arquivo\/\"},{\"@type\":\"ListItem\",\"position\":3,\"name\":\"A &#8220;cultura&#8221;\u200b brasileira nos dias atuais explica porque estamos indo pro buraco? \u00d4 se explica!\"}]},{\"@type\":\"WebSite\",\"@id\":\"https:\/\/projetopack.com.br\/#website\",\"url\":\"https:\/\/projetopack.com.br\/\",\"name\":\"ProjetoPack\",\"description\":\"Consultoria e servi\u00e7os para embalagens, r\u00f3tulos, etiquetas e processos de impress\u00e3o\",\"publisher\":{\"@id\":\"https:\/\/projetopack.com.br\/#organization\"},\"potentialAction\":[{\"@type\":\"SearchAction\",\"target\":{\"@type\":\"EntryPoint\",\"urlTemplate\":\"https:\/\/projetopack.com.br\/?s={search_term_string}\"},\"query-input\":{\"@type\":\"PropertyValueSpecification\",\"valueRequired\":true,\"valueName\":\"search_term_string\"}}],\"inLanguage\":\"en-US\"},{\"@type\":\"Organization\",\"@id\":\"https:\/\/projetopack.com.br\/#organization\",\"name\":\"ProjetoPack & Associados\",\"url\":\"https:\/\/projetopack.com.br\/\",\"logo\":{\"@type\":\"ImageObject\",\"inLanguage\":\"en-US\",\"@id\":\"https:\/\/projetopack.com.br\/#\/schema\/logo\/image\/\",\"url\":\"https:\/\/projetopack.com.br\/wp-content\/uploads\/2020\/09\/projetopack.png\",\"contentUrl\":\"https:\/\/projetopack.com.br\/wp-content\/uploads\/2020\/09\/projetopack.png\",\"width\":200,\"height\":200,\"caption\":\"ProjetoPack & Associados\"},\"image\":{\"@id\":\"https:\/\/projetopack.com.br\/#\/schema\/logo\/image\/\"},\"sameAs\":[\"https:\/\/x.com\/ProjetoPack\",\"https:\/\/www.linkedin.com\/company\/projetopack\/\"]},{\"@type\":\"Person\",\"@id\":\"https:\/\/projetopack.com.br\/#\/schema\/person\/87cbd7d1e244880886d457815ebd2490\",\"name\":\"Aislan Baer\",\"image\":{\"@type\":\"ImageObject\",\"inLanguage\":\"en-US\",\"@id\":\"https:\/\/projetopack.com.br\/#\/schema\/person\/image\/\",\"url\":\"https:\/\/projetopack.com.br\/wp-content\/uploads\/2021\/08\/Aislan-Busto-p-100x100.jpg\",\"contentUrl\":\"https:\/\/projetopack.com.br\/wp-content\/uploads\/2021\/08\/Aislan-Busto-p-100x100.jpg\",\"caption\":\"Aislan Baer\"},\"description\":\"Desde os \u00faltimos 20 anos, meu time e eu ajudamos mais de 300 empresas brasileiras e estrangeiras (algumas delas, l\u00edderes mundiais) a produzir embalagens flex\u00edveis e r\u00f3tulos com maior efici\u00eancia, menores custos e maior apelo visual, bem como centenas de donos de marcas a comprar suas embalagens flex\u00edveis e material impresso com um crit\u00e9rio mais t\u00e9cnico e assertivo. Ao mesmo tempo, gra\u00e7as \u00e0 nossa consultoria, muitas destas empresas melhoraram significativamente o seu processo de Impress\u00e3o (Impress\u00e3o de embalagens, Impress\u00e3o industrial, Impress\u00e3o funcional e, mais recentemente, bio impress\u00e3o e manufatura aditiva ou simplesmente Impress\u00e3o 3D). Se a sua empresa tem um problema relacionado a embalagens flex\u00edveis, r\u00f3tulos ou Impress\u00e3o, por mais insol\u00favel que lhe pare\u00e7a, aguardamos ansiosos a sua liga\u00e7\u00e3o ou e-mail. Este \u00e9 nosso trabalho e tamb\u00e9m a nossa paix\u00e3o.\",\"sameAs\":[\"http:\/\/www.projetopack.com\",\"https:\/\/www.linkedin.com\/in\/aislanbaer\/\"],\"jobTitle\":\"CEO @ ProjetoPack | L\u00edder em M&A no Setor de Impress\u00e3o e Embalagens no Brasil | Cofundador da Inovagraf e Neuraflow | Especialista em Inova\u00e7\u00e3o com IA na Impress\u00e3o | Printing Legacy Initiative | Empreendedor Serial\",\"url\":\"https:\/\/projetopack.com.br\/en\/author\/aislan\/\"}]}<\/script>\n<!-- \/ Yoast SEO Premium plugin. -->","yoast_head_json":{"title":"A \"cultura\"\u200b brasileira nos dias atuais explica porque estamos indo pro buraco? \u00d4 se explica! - ProjetoPack","description":"Confira o melhor conte\u00fado sobre tecnologia, design e gest\u00e3o de embalagens flex\u00edveis, r\u00f3tulos e impress\u00e3o.","robots":{"index":"index","follow":"follow","max-snippet":"max-snippet:-1","max-image-preview":"max-image-preview:large","max-video-preview":"max-video-preview:-1"},"canonical":"https:\/\/projetopack.com.br\/en\/a-cultura\u200b-brasileira-nos-dias-atuais-explica-porque-estamos-indo-pro-buraco-o-se-explica\/","og_locale":"en_US","og_type":"article","og_title":"A \"cultura\"\u200b brasileira nos dias atuais explica porque estamos indo pro buraco? \u00d4 se explica!","og_description":"Confira o melhor conte\u00fado sobre tecnologia, design e gest\u00e3o de embalagens flex\u00edveis, r\u00f3tulos e impress\u00e3o.","og_url":"https:\/\/projetopack.com.br\/en\/a-cultura\u200b-brasileira-nos-dias-atuais-explica-porque-estamos-indo-pro-buraco-o-se-explica\/","og_site_name":"ProjetoPack","article_published_time":"2017-01-29T19:58:00+00:00","article_modified_time":"2021-09-09T15:48:46+00:00","og_image":[{"width":1200,"height":630,"url":"https:\/\/projetopack.com.br\/wp-content\/uploads\/2020\/06\/Capa-1200x630-1.png","type":"image\/png"}],"author":"Aislan Baer","twitter_card":"summary_large_image","twitter_creator":"@ProjetoPack","twitter_site":"@ProjetoPack","twitter_misc":{"Written by":"Aislan Baer","Est. reading time":"5 minutes"},"schema":{"@context":"https:\/\/schema.org","@graph":[{"@type":"Article","@id":"https:\/\/projetopack.com.br\/en\/a-cultura%e2%80%8b-brasileira-nos-dias-atuais-explica-porque-estamos-indo-pro-buraco-o-se-explica\/#article","isPartOf":{"@id":"https:\/\/projetopack.com.br\/en\/a-cultura%e2%80%8b-brasileira-nos-dias-atuais-explica-porque-estamos-indo-pro-buraco-o-se-explica\/"},"author":{"name":"Aislan Baer","@id":"https:\/\/projetopack.com.br\/#\/schema\/person\/87cbd7d1e244880886d457815ebd2490"},"headline":"A &#8220;cultura&#8221;\u200b brasileira nos dias atuais explica porque estamos indo pro buraco? \u00d4 se explica!","datePublished":"2017-01-29T19:58:00+00:00","dateModified":"2021-09-09T15:48:46+00:00","mainEntityOfPage":{"@id":"https:\/\/projetopack.com.br\/en\/a-cultura%e2%80%8b-brasileira-nos-dias-atuais-explica-porque-estamos-indo-pro-buraco-o-se-explica\/"},"wordCount":1032,"commentCount":0,"publisher":{"@id":"https:\/\/projetopack.com.br\/#organization"},"articleSection":["Arquivo"],"inLanguage":"en-US","potentialAction":[{"@type":"CommentAction","name":"Comment","target":["https:\/\/projetopack.com.br\/en\/a-cultura%e2%80%8b-brasileira-nos-dias-atuais-explica-porque-estamos-indo-pro-buraco-o-se-explica\/#respond"]}]},{"@type":"WebPage","@id":"https:\/\/projetopack.com.br\/en\/a-cultura%e2%80%8b-brasileira-nos-dias-atuais-explica-porque-estamos-indo-pro-buraco-o-se-explica\/","url":"https:\/\/projetopack.com.br\/en\/a-cultura%e2%80%8b-brasileira-nos-dias-atuais-explica-porque-estamos-indo-pro-buraco-o-se-explica\/","name":"A \"cultura\"\u200b brasileira nos dias atuais explica porque estamos indo pro buraco? \u00d4 se explica! - ProjetoPack","isPartOf":{"@id":"https:\/\/projetopack.com.br\/#website"},"datePublished":"2017-01-29T19:58:00+00:00","dateModified":"2021-09-09T15:48:46+00:00","description":"Confira o melhor conte\u00fado sobre tecnologia, design e gest\u00e3o de embalagens flex\u00edveis, r\u00f3tulos e impress\u00e3o.","breadcrumb":{"@id":"https:\/\/projetopack.com.br\/en\/a-cultura%e2%80%8b-brasileira-nos-dias-atuais-explica-porque-estamos-indo-pro-buraco-o-se-explica\/#breadcrumb"},"inLanguage":"en-US","potentialAction":[{"@type":"ReadAction","target":["https:\/\/projetopack.com.br\/en\/a-cultura%e2%80%8b-brasileira-nos-dias-atuais-explica-porque-estamos-indo-pro-buraco-o-se-explica\/"]}]},{"@type":"BreadcrumbList","@id":"https:\/\/projetopack.com.br\/en\/a-cultura%e2%80%8b-brasileira-nos-dias-atuais-explica-porque-estamos-indo-pro-buraco-o-se-explica\/#breadcrumb","itemListElement":[{"@type":"ListItem","position":1,"name":"P\u00e1gina Inicial","item":"https:\/\/projetopack.com.br\/"},{"@type":"ListItem","position":2,"name":"Arquivo","item":"https:\/\/projetopack.com.br\/en\/category\/arquivo\/"},{"@type":"ListItem","position":3,"name":"A &#8220;cultura&#8221;\u200b brasileira nos dias atuais explica porque estamos indo pro buraco? \u00d4 se explica!"}]},{"@type":"WebSite","@id":"https:\/\/projetopack.com.br\/#website","url":"https:\/\/projetopack.com.br\/","name":"ProjetoPack","description":"Consultoria e servi\u00e7os para embalagens, r\u00f3tulos, etiquetas e processos de impress\u00e3o","publisher":{"@id":"https:\/\/projetopack.com.br\/#organization"},"potentialAction":[{"@type":"SearchAction","target":{"@type":"EntryPoint","urlTemplate":"https:\/\/projetopack.com.br\/?s={search_term_string}"},"query-input":{"@type":"PropertyValueSpecification","valueRequired":true,"valueName":"search_term_string"}}],"inLanguage":"en-US"},{"@type":"Organization","@id":"https:\/\/projetopack.com.br\/#organization","name":"ProjetoPack & Associados","url":"https:\/\/projetopack.com.br\/","logo":{"@type":"ImageObject","inLanguage":"en-US","@id":"https:\/\/projetopack.com.br\/#\/schema\/logo\/image\/","url":"https:\/\/projetopack.com.br\/wp-content\/uploads\/2020\/09\/projetopack.png","contentUrl":"https:\/\/projetopack.com.br\/wp-content\/uploads\/2020\/09\/projetopack.png","width":200,"height":200,"caption":"ProjetoPack & Associados"},"image":{"@id":"https:\/\/projetopack.com.br\/#\/schema\/logo\/image\/"},"sameAs":["https:\/\/x.com\/ProjetoPack","https:\/\/www.linkedin.com\/company\/projetopack\/"]},{"@type":"Person","@id":"https:\/\/projetopack.com.br\/#\/schema\/person\/87cbd7d1e244880886d457815ebd2490","name":"Aislan Baer","image":{"@type":"ImageObject","inLanguage":"en-US","@id":"https:\/\/projetopack.com.br\/#\/schema\/person\/image\/","url":"https:\/\/projetopack.com.br\/wp-content\/uploads\/2021\/08\/Aislan-Busto-p-100x100.jpg","contentUrl":"https:\/\/projetopack.com.br\/wp-content\/uploads\/2021\/08\/Aislan-Busto-p-100x100.jpg","caption":"Aislan Baer"},"description":"Desde os \u00faltimos 20 anos, meu time e eu ajudamos mais de 300 empresas brasileiras e estrangeiras (algumas delas, l\u00edderes mundiais) a produzir embalagens flex\u00edveis e r\u00f3tulos com maior efici\u00eancia, menores custos e maior apelo visual, bem como centenas de donos de marcas a comprar suas embalagens flex\u00edveis e material impresso com um crit\u00e9rio mais t\u00e9cnico e assertivo. Ao mesmo tempo, gra\u00e7as \u00e0 nossa consultoria, muitas destas empresas melhoraram significativamente o seu processo de Impress\u00e3o (Impress\u00e3o de embalagens, Impress\u00e3o industrial, Impress\u00e3o funcional e, mais recentemente, bio impress\u00e3o e manufatura aditiva ou simplesmente Impress\u00e3o 3D). Se a sua empresa tem um problema relacionado a embalagens flex\u00edveis, r\u00f3tulos ou Impress\u00e3o, por mais insol\u00favel que lhe pare\u00e7a, aguardamos ansiosos a sua liga\u00e7\u00e3o ou e-mail. Este \u00e9 nosso trabalho e tamb\u00e9m a nossa paix\u00e3o.","sameAs":["http:\/\/www.projetopack.com","https:\/\/www.linkedin.com\/in\/aislanbaer\/"],"jobTitle":"CEO @ ProjetoPack | L\u00edder em M&A no Setor de Impress\u00e3o e Embalagens no Brasil | Cofundador da Inovagraf e Neuraflow | Especialista em Inova\u00e7\u00e3o com IA na Impress\u00e3o | Printing Legacy Initiative | Empreendedor Serial","url":"https:\/\/projetopack.com.br\/en\/author\/aislan\/"}]}},"_links":{"self":[{"href":"https:\/\/projetopack.com.br\/en\/wp-json\/wp\/v2\/posts\/5989","targetHints":{"allow":["GET"]}}],"collection":[{"href":"https:\/\/projetopack.com.br\/en\/wp-json\/wp\/v2\/posts"}],"about":[{"href":"https:\/\/projetopack.com.br\/en\/wp-json\/wp\/v2\/types\/post"}],"author":[{"embeddable":true,"href":"https:\/\/projetopack.com.br\/en\/wp-json\/wp\/v2\/users\/2"}],"replies":[{"embeddable":true,"href":"https:\/\/projetopack.com.br\/en\/wp-json\/wp\/v2\/comments?post=5989"}],"version-history":[{"count":0,"href":"https:\/\/projetopack.com.br\/en\/wp-json\/wp\/v2\/posts\/5989\/revisions"}],"wp:attachment":[{"href":"https:\/\/projetopack.com.br\/en\/wp-json\/wp\/v2\/media?parent=5989"}],"wp:term":[{"taxonomy":"category","embeddable":true,"href":"https:\/\/projetopack.com.br\/en\/wp-json\/wp\/v2\/categories?post=5989"},{"taxonomy":"post_tag","embeddable":true,"href":"https:\/\/projetopack.com.br\/en\/wp-json\/wp\/v2\/tags?post=5989"}],"curies":[{"name":"wp","href":"https:\/\/api.w.org\/{rel}","templated":true}]}}