{"id":6034,"date":"2020-04-07T20:03:00","date_gmt":"2020-04-07T23:03:00","guid":{"rendered":"http:\/\/www.projetopack.com.br\/2020\/?p=6034"},"modified":"2020-05-14T20:07:59","modified_gmt":"2020-05-14T23:07:59","slug":"braskem-e-parceiros-doam-370-toneladas-de-materias-primas","status":"publish","type":"post","link":"https:\/\/projetopack.com.br\/en\/braskem-e-parceiros-doam-370-toneladas-de-materias-primas\/","title":{"rendered":"Braskem e parceiros doam 370 toneladas de mat\u00e9rias-primas"},"content":{"rendered":"<p> A\u00a0<a rel=\"noreferrer noopener\" href=\"https:\/\/www.braskem.com.br\/\" target=\"_blank\">Braskem<\/a>\u00a0informa que se juntou a parceiros da cadeia qu\u00edmica e do pl\u00e1stico para doar materiais para o combate ao novo coronav\u00edrus nos hospitais da rede p\u00fablica. Segundo a companhia, s\u00e3o mais de 370 toneladas de mat\u00e9ria-prima para a produ\u00e7\u00e3o de equipamentos de prote\u00e7\u00e3o e embalagens. As resinas termopl\u00e1sticas ser\u00e3o suficientes para a fabrica\u00e7\u00e3o de 60 milh\u00f5es de m\u00e1scaras ou mais de 1 milh\u00e3o de aventais. Tamb\u00e9m est\u00e3o sendo fornecidos materiais para a fabrica\u00e7\u00e3o de embalagens para 750 mil litros de \u00e1lcool l\u00edquido e em gel, para mais de 500 mil almotolias (um tipo de frasco pl\u00e1stico para \u00e1lcool em gel utilizado em hospitais), al\u00e9m de 10 mil caixas de hipoclorito para dilui\u00e7\u00e3o ou uso como \u00e1gua sanit\u00e1ria e mais de 150 mil sacos pl\u00e1sticos para lixo hospitalar. <\/p>","protected":false},"excerpt":{"rendered":"<p>A\u00a0Braskem\u00a0informa que se juntou a parceiros da cadeia qu\u00edmica e do pl\u00e1stico para doar materiais para o combate ao novo coronav\u00edrus nos hospitais da rede p\u00fablica. Segundo a companhia, s\u00e3o mais de 370 toneladas de mat\u00e9ria-prima para a produ\u00e7\u00e3o de equipamentos de prote\u00e7\u00e3o e embalagens. As resinas termopl\u00e1sticas ser\u00e3o suficientes para a fabrica\u00e7\u00e3o de 60 [&hellip;]<\/p>\n","protected":false},"author":2,"featured_media":6035,"comment_status":"open","ping_status":"closed","sticky":false,"template":"","format":"standard","meta":{"footnotes":""},"categories":[4],"tags":[386,322,323,359,321,135,192],"class_list":["post-6034","post","type-post","status-publish","format-standard","has-post-thumbnail","hentry","category-infopack","tag-braskem","tag-corona","tag-coronavirus","tag-covid","tag-covid19","tag-embalagem","tag-plastico"],"yoast_head":"<!-- This site is optimized with the Yoast SEO Premium plugin v27.1 (Yoast SEO v27.1.1) - https:\/\/yoast.com\/product\/yoast-seo-premium-wordpress\/ -->\n<title>Braskem e parceiros doam 370 toneladas de mat\u00e9rias-primas - ProjetoPack<\/title>\n<meta name=\"description\" content=\"Confira o melhor conte\u00fado sobre tecnologia, design e gest\u00e3o de embalagens flex\u00edveis, r\u00f3tulos e impress\u00e3o.\" \/>\n<meta name=\"robots\" content=\"index, follow, max-snippet:-1, max-image-preview:large, max-video-preview:-1\" \/>\n<link rel=\"canonical\" href=\"https:\/\/projetopack.com.br\/en\/braskem-e-parceiros-doam-370-toneladas-de-materias-primas\/\" \/>\n<meta property=\"og:locale\" content=\"en_US\" \/>\n<meta property=\"og:type\" content=\"article\" \/>\n<meta property=\"og:title\" content=\"Braskem e parceiros doam 370 toneladas de mat\u00e9rias-primas\" \/>\n<meta property=\"og:description\" content=\"Confira o melhor conte\u00fado sobre tecnologia, design e gest\u00e3o de embalagens flex\u00edveis, r\u00f3tulos e impress\u00e3o.\" \/>\n<meta property=\"og:url\" content=\"https:\/\/projetopack.com.br\/en\/braskem-e-parceiros-doam-370-toneladas-de-materias-primas\/\" \/>\n<meta property=\"og:site_name\" content=\"ProjetoPack\" \/>\n<meta property=\"article:published_time\" content=\"2020-04-07T23:03:00+00:00\" \/>\n<meta property=\"article:modified_time\" content=\"2020-05-14T23:07:59+00:00\" \/>\n<meta property=\"og:image\" content=\"https:\/\/projetopack.com.br\/wp-content\/uploads\/2020\/05\/Braskem.jpeg\" \/>\n\t<meta property=\"og:image:width\" content=\"600\" \/>\n\t<meta property=\"og:image:height\" content=\"400\" \/>\n\t<meta property=\"og:image:type\" content=\"image\/jpeg\" \/>\n<meta name=\"author\" content=\"Aislan Baer\" \/>\n<meta name=\"twitter:card\" content=\"summary_large_image\" \/>\n<meta name=\"twitter:creator\" content=\"@ProjetoPack\" \/>\n<meta name=\"twitter:site\" content=\"@ProjetoPack\" \/>\n<meta name=\"twitter:label1\" content=\"Written by\" \/>\n\t<meta name=\"twitter:data1\" content=\"Aislan Baer\" \/>\n\t<meta name=\"twitter:label2\" content=\"Est. reading time\" \/>\n\t<meta name=\"twitter:data2\" content=\"1 minute\" \/>\n<script type=\"application\/ld+json\" class=\"yoast-schema-graph\">{\"@context\":\"https:\/\/schema.org\",\"@graph\":[{\"@type\":\"Article\",\"@id\":\"https:\/\/projetopack.com.br\/en\/braskem-e-parceiros-doam-370-toneladas-de-materias-primas\/#article\",\"isPartOf\":{\"@id\":\"https:\/\/projetopack.com.br\/en\/braskem-e-parceiros-doam-370-toneladas-de-materias-primas\/\"},\"author\":{\"name\":\"Aislan Baer\",\"@id\":\"https:\/\/projetopack.com.br\/#\/schema\/person\/87cbd7d1e244880886d457815ebd2490\"},\"headline\":\"Braskem e parceiros doam 370 toneladas de mat\u00e9rias-primas\",\"datePublished\":\"2020-04-07T23:03:00+00:00\",\"dateModified\":\"2020-05-14T23:07:59+00:00\",\"mainEntityOfPage\":{\"@id\":\"https:\/\/projetopack.com.br\/en\/braskem-e-parceiros-doam-370-toneladas-de-materias-primas\/\"},\"wordCount\":153,\"commentCount\":0,\"publisher\":{\"@id\":\"https:\/\/projetopack.com.br\/#organization\"},\"image\":{\"@id\":\"https:\/\/projetopack.com.br\/en\/braskem-e-parceiros-doam-370-toneladas-de-materias-primas\/#primaryimage\"},\"thumbnailUrl\":\"https:\/\/projetopack.com.br\/wp-content\/uploads\/2020\/05\/Braskem.jpeg\",\"keywords\":[\"braskem\",\"corona\",\"coronavirus\",\"covid\",\"covid19\",\"Embalagem\",\"PL\u00c1STICO\"],\"articleSection\":[\"Infopack\"],\"inLanguage\":\"en-US\",\"potentialAction\":[{\"@type\":\"CommentAction\",\"name\":\"Comment\",\"target\":[\"https:\/\/projetopack.com.br\/en\/braskem-e-parceiros-doam-370-toneladas-de-materias-primas\/#respond\"]}]},{\"@type\":\"WebPage\",\"@id\":\"https:\/\/projetopack.com.br\/en\/braskem-e-parceiros-doam-370-toneladas-de-materias-primas\/\",\"url\":\"https:\/\/projetopack.com.br\/en\/braskem-e-parceiros-doam-370-toneladas-de-materias-primas\/\",\"name\":\"Braskem e parceiros doam 370 toneladas de mat\u00e9rias-primas - ProjetoPack\",\"isPartOf\":{\"@id\":\"https:\/\/projetopack.com.br\/#website\"},\"primaryImageOfPage\":{\"@id\":\"https:\/\/projetopack.com.br\/en\/braskem-e-parceiros-doam-370-toneladas-de-materias-primas\/#primaryimage\"},\"image\":{\"@id\":\"https:\/\/projetopack.com.br\/en\/braskem-e-parceiros-doam-370-toneladas-de-materias-primas\/#primaryimage\"},\"thumbnailUrl\":\"https:\/\/projetopack.com.br\/wp-content\/uploads\/2020\/05\/Braskem.jpeg\",\"datePublished\":\"2020-04-07T23:03:00+00:00\",\"dateModified\":\"2020-05-14T23:07:59+00:00\",\"description\":\"Confira o melhor conte\u00fado sobre tecnologia, design e gest\u00e3o de embalagens flex\u00edveis, r\u00f3tulos e impress\u00e3o.\",\"breadcrumb\":{\"@id\":\"https:\/\/projetopack.com.br\/en\/braskem-e-parceiros-doam-370-toneladas-de-materias-primas\/#breadcrumb\"},\"inLanguage\":\"en-US\",\"potentialAction\":[{\"@type\":\"ReadAction\",\"target\":[\"https:\/\/projetopack.com.br\/en\/braskem-e-parceiros-doam-370-toneladas-de-materias-primas\/\"]}]},{\"@type\":\"ImageObject\",\"inLanguage\":\"en-US\",\"@id\":\"https:\/\/projetopack.com.br\/en\/braskem-e-parceiros-doam-370-toneladas-de-materias-primas\/#primaryimage\",\"url\":\"https:\/\/projetopack.com.br\/wp-content\/uploads\/2020\/05\/Braskem.jpeg\",\"contentUrl\":\"https:\/\/projetopack.com.br\/wp-content\/uploads\/2020\/05\/Braskem.jpeg\",\"width\":600,\"height\":400},{\"@type\":\"BreadcrumbList\",\"@id\":\"https:\/\/projetopack.com.br\/en\/braskem-e-parceiros-doam-370-toneladas-de-materias-primas\/#breadcrumb\",\"itemListElement\":[{\"@type\":\"ListItem\",\"position\":1,\"name\":\"P\u00e1gina Inicial\",\"item\":\"https:\/\/projetopack.com.br\/\"},{\"@type\":\"ListItem\",\"position\":2,\"name\":\"Infopack\",\"item\":\"https:\/\/projetopack.com.br\/category\/infopack\/\"},{\"@type\":\"ListItem\",\"position\":3,\"name\":\"Braskem e parceiros doam 370 toneladas de mat\u00e9rias-primas\"}]},{\"@type\":\"WebSite\",\"@id\":\"https:\/\/projetopack.com.br\/#website\",\"url\":\"https:\/\/projetopack.com.br\/\",\"name\":\"ProjetoPack\",\"description\":\"Consultoria e servi\u00e7os para embalagens, r\u00f3tulos, etiquetas e processos de impress\u00e3o\",\"publisher\":{\"@id\":\"https:\/\/projetopack.com.br\/#organization\"},\"potentialAction\":[{\"@type\":\"SearchAction\",\"target\":{\"@type\":\"EntryPoint\",\"urlTemplate\":\"https:\/\/projetopack.com.br\/?s={search_term_string}\"},\"query-input\":{\"@type\":\"PropertyValueSpecification\",\"valueRequired\":true,\"valueName\":\"search_term_string\"}}],\"inLanguage\":\"en-US\"},{\"@type\":\"Organization\",\"@id\":\"https:\/\/projetopack.com.br\/#organization\",\"name\":\"ProjetoPack & Associados\",\"url\":\"https:\/\/projetopack.com.br\/\",\"logo\":{\"@type\":\"ImageObject\",\"inLanguage\":\"en-US\",\"@id\":\"https:\/\/projetopack.com.br\/#\/schema\/logo\/image\/\",\"url\":\"https:\/\/projetopack.com.br\/wp-content\/uploads\/2020\/09\/projetopack.png\",\"contentUrl\":\"https:\/\/projetopack.com.br\/wp-content\/uploads\/2020\/09\/projetopack.png\",\"width\":200,\"height\":200,\"caption\":\"ProjetoPack & Associados\"},\"image\":{\"@id\":\"https:\/\/projetopack.com.br\/#\/schema\/logo\/image\/\"},\"sameAs\":[\"https:\/\/x.com\/ProjetoPack\",\"https:\/\/www.linkedin.com\/company\/projetopack\/\"]},{\"@type\":\"Person\",\"@id\":\"https:\/\/projetopack.com.br\/#\/schema\/person\/87cbd7d1e244880886d457815ebd2490\",\"name\":\"Aislan Baer\",\"image\":{\"@type\":\"ImageObject\",\"inLanguage\":\"en-US\",\"@id\":\"https:\/\/projetopack.com.br\/#\/schema\/person\/image\/\",\"url\":\"https:\/\/projetopack.com.br\/wp-content\/uploads\/2021\/08\/Aislan-Busto-p-100x100.jpg\",\"contentUrl\":\"https:\/\/projetopack.com.br\/wp-content\/uploads\/2021\/08\/Aislan-Busto-p-100x100.jpg\",\"caption\":\"Aislan Baer\"},\"description\":\"Desde os \u00faltimos 20 anos, meu time e eu ajudamos mais de 300 empresas brasileiras e estrangeiras (algumas delas, l\u00edderes mundiais) a produzir embalagens flex\u00edveis e r\u00f3tulos com maior efici\u00eancia, menores custos e maior apelo visual, bem como centenas de donos de marcas a comprar suas embalagens flex\u00edveis e material impresso com um crit\u00e9rio mais t\u00e9cnico e assertivo. Ao mesmo tempo, gra\u00e7as \u00e0 nossa consultoria, muitas destas empresas melhoraram significativamente o seu processo de Impress\u00e3o (Impress\u00e3o de embalagens, Impress\u00e3o industrial, Impress\u00e3o funcional e, mais recentemente, bio impress\u00e3o e manufatura aditiva ou simplesmente Impress\u00e3o 3D). Se a sua empresa tem um problema relacionado a embalagens flex\u00edveis, r\u00f3tulos ou Impress\u00e3o, por mais insol\u00favel que lhe pare\u00e7a, aguardamos ansiosos a sua liga\u00e7\u00e3o ou e-mail. Este \u00e9 nosso trabalho e tamb\u00e9m a nossa paix\u00e3o.\",\"sameAs\":[\"http:\/\/www.projetopack.com\",\"https:\/\/www.linkedin.com\/in\/aislanbaer\/\"],\"jobTitle\":\"CEO @ ProjetoPack | L\u00edder em M&A no Setor de Impress\u00e3o e Embalagens no Brasil | Cofundador da Inovagraf e Neuraflow | Especialista em Inova\u00e7\u00e3o com IA na Impress\u00e3o | Printing Legacy Initiative | Empreendedor Serial\",\"url\":\"https:\/\/projetopack.com.br\/en\/author\/aislan\/\"}]}<\/script>\n<!-- \/ Yoast SEO Premium plugin. -->","yoast_head_json":{"title":"Braskem e parceiros doam 370 toneladas de mat\u00e9rias-primas - ProjetoPack","description":"Confira o melhor conte\u00fado sobre tecnologia, design e gest\u00e3o de embalagens flex\u00edveis, r\u00f3tulos e impress\u00e3o.","robots":{"index":"index","follow":"follow","max-snippet":"max-snippet:-1","max-image-preview":"max-image-preview:large","max-video-preview":"max-video-preview:-1"},"canonical":"https:\/\/projetopack.com.br\/en\/braskem-e-parceiros-doam-370-toneladas-de-materias-primas\/","og_locale":"en_US","og_type":"article","og_title":"Braskem e parceiros doam 370 toneladas de mat\u00e9rias-primas","og_description":"Confira o melhor conte\u00fado sobre tecnologia, design e gest\u00e3o de embalagens flex\u00edveis, r\u00f3tulos e impress\u00e3o.","og_url":"https:\/\/projetopack.com.br\/en\/braskem-e-parceiros-doam-370-toneladas-de-materias-primas\/","og_site_name":"ProjetoPack","article_published_time":"2020-04-07T23:03:00+00:00","article_modified_time":"2020-05-14T23:07:59+00:00","og_image":[{"width":600,"height":400,"url":"https:\/\/projetopack.com.br\/wp-content\/uploads\/2020\/05\/Braskem.jpeg","type":"image\/jpeg"}],"author":"Aislan Baer","twitter_card":"summary_large_image","twitter_creator":"@ProjetoPack","twitter_site":"@ProjetoPack","twitter_misc":{"Written by":"Aislan Baer","Est. reading time":"1 minute"},"schema":{"@context":"https:\/\/schema.org","@graph":[{"@type":"Article","@id":"https:\/\/projetopack.com.br\/en\/braskem-e-parceiros-doam-370-toneladas-de-materias-primas\/#article","isPartOf":{"@id":"https:\/\/projetopack.com.br\/en\/braskem-e-parceiros-doam-370-toneladas-de-materias-primas\/"},"author":{"name":"Aislan Baer","@id":"https:\/\/projetopack.com.br\/#\/schema\/person\/87cbd7d1e244880886d457815ebd2490"},"headline":"Braskem e parceiros doam 370 toneladas de mat\u00e9rias-primas","datePublished":"2020-04-07T23:03:00+00:00","dateModified":"2020-05-14T23:07:59+00:00","mainEntityOfPage":{"@id":"https:\/\/projetopack.com.br\/en\/braskem-e-parceiros-doam-370-toneladas-de-materias-primas\/"},"wordCount":153,"commentCount":0,"publisher":{"@id":"https:\/\/projetopack.com.br\/#organization"},"image":{"@id":"https:\/\/projetopack.com.br\/en\/braskem-e-parceiros-doam-370-toneladas-de-materias-primas\/#primaryimage"},"thumbnailUrl":"https:\/\/projetopack.com.br\/wp-content\/uploads\/2020\/05\/Braskem.jpeg","keywords":["braskem","corona","coronavirus","covid","covid19","Embalagem","PL\u00c1STICO"],"articleSection":["Infopack"],"inLanguage":"en-US","potentialAction":[{"@type":"CommentAction","name":"Comment","target":["https:\/\/projetopack.com.br\/en\/braskem-e-parceiros-doam-370-toneladas-de-materias-primas\/#respond"]}]},{"@type":"WebPage","@id":"https:\/\/projetopack.com.br\/en\/braskem-e-parceiros-doam-370-toneladas-de-materias-primas\/","url":"https:\/\/projetopack.com.br\/en\/braskem-e-parceiros-doam-370-toneladas-de-materias-primas\/","name":"Braskem e parceiros doam 370 toneladas de mat\u00e9rias-primas - ProjetoPack","isPartOf":{"@id":"https:\/\/projetopack.com.br\/#website"},"primaryImageOfPage":{"@id":"https:\/\/projetopack.com.br\/en\/braskem-e-parceiros-doam-370-toneladas-de-materias-primas\/#primaryimage"},"image":{"@id":"https:\/\/projetopack.com.br\/en\/braskem-e-parceiros-doam-370-toneladas-de-materias-primas\/#primaryimage"},"thumbnailUrl":"https:\/\/projetopack.com.br\/wp-content\/uploads\/2020\/05\/Braskem.jpeg","datePublished":"2020-04-07T23:03:00+00:00","dateModified":"2020-05-14T23:07:59+00:00","description":"Confira o melhor conte\u00fado sobre tecnologia, design e gest\u00e3o de embalagens flex\u00edveis, r\u00f3tulos e impress\u00e3o.","breadcrumb":{"@id":"https:\/\/projetopack.com.br\/en\/braskem-e-parceiros-doam-370-toneladas-de-materias-primas\/#breadcrumb"},"inLanguage":"en-US","potentialAction":[{"@type":"ReadAction","target":["https:\/\/projetopack.com.br\/en\/braskem-e-parceiros-doam-370-toneladas-de-materias-primas\/"]}]},{"@type":"ImageObject","inLanguage":"en-US","@id":"https:\/\/projetopack.com.br\/en\/braskem-e-parceiros-doam-370-toneladas-de-materias-primas\/#primaryimage","url":"https:\/\/projetopack.com.br\/wp-content\/uploads\/2020\/05\/Braskem.jpeg","contentUrl":"https:\/\/projetopack.com.br\/wp-content\/uploads\/2020\/05\/Braskem.jpeg","width":600,"height":400},{"@type":"BreadcrumbList","@id":"https:\/\/projetopack.com.br\/en\/braskem-e-parceiros-doam-370-toneladas-de-materias-primas\/#breadcrumb","itemListElement":[{"@type":"ListItem","position":1,"name":"P\u00e1gina Inicial","item":"https:\/\/projetopack.com.br\/"},{"@type":"ListItem","position":2,"name":"Infopack","item":"https:\/\/projetopack.com.br\/category\/infopack\/"},{"@type":"ListItem","position":3,"name":"Braskem e parceiros doam 370 toneladas de mat\u00e9rias-primas"}]},{"@type":"WebSite","@id":"https:\/\/projetopack.com.br\/#website","url":"https:\/\/projetopack.com.br\/","name":"ProjetoPack","description":"Consultoria e servi\u00e7os para embalagens, r\u00f3tulos, etiquetas e processos de impress\u00e3o","publisher":{"@id":"https:\/\/projetopack.com.br\/#organization"},"potentialAction":[{"@type":"SearchAction","target":{"@type":"EntryPoint","urlTemplate":"https:\/\/projetopack.com.br\/?s={search_term_string}"},"query-input":{"@type":"PropertyValueSpecification","valueRequired":true,"valueName":"search_term_string"}}],"inLanguage":"en-US"},{"@type":"Organization","@id":"https:\/\/projetopack.com.br\/#organization","name":"ProjetoPack & Associados","url":"https:\/\/projetopack.com.br\/","logo":{"@type":"ImageObject","inLanguage":"en-US","@id":"https:\/\/projetopack.com.br\/#\/schema\/logo\/image\/","url":"https:\/\/projetopack.com.br\/wp-content\/uploads\/2020\/09\/projetopack.png","contentUrl":"https:\/\/projetopack.com.br\/wp-content\/uploads\/2020\/09\/projetopack.png","width":200,"height":200,"caption":"ProjetoPack & Associados"},"image":{"@id":"https:\/\/projetopack.com.br\/#\/schema\/logo\/image\/"},"sameAs":["https:\/\/x.com\/ProjetoPack","https:\/\/www.linkedin.com\/company\/projetopack\/"]},{"@type":"Person","@id":"https:\/\/projetopack.com.br\/#\/schema\/person\/87cbd7d1e244880886d457815ebd2490","name":"Aislan Baer","image":{"@type":"ImageObject","inLanguage":"en-US","@id":"https:\/\/projetopack.com.br\/#\/schema\/person\/image\/","url":"https:\/\/projetopack.com.br\/wp-content\/uploads\/2021\/08\/Aislan-Busto-p-100x100.jpg","contentUrl":"https:\/\/projetopack.com.br\/wp-content\/uploads\/2021\/08\/Aislan-Busto-p-100x100.jpg","caption":"Aislan Baer"},"description":"Desde os \u00faltimos 20 anos, meu time e eu ajudamos mais de 300 empresas brasileiras e estrangeiras (algumas delas, l\u00edderes mundiais) a produzir embalagens flex\u00edveis e r\u00f3tulos com maior efici\u00eancia, menores custos e maior apelo visual, bem como centenas de donos de marcas a comprar suas embalagens flex\u00edveis e material impresso com um crit\u00e9rio mais t\u00e9cnico e assertivo. Ao mesmo tempo, gra\u00e7as \u00e0 nossa consultoria, muitas destas empresas melhoraram significativamente o seu processo de Impress\u00e3o (Impress\u00e3o de embalagens, Impress\u00e3o industrial, Impress\u00e3o funcional e, mais recentemente, bio impress\u00e3o e manufatura aditiva ou simplesmente Impress\u00e3o 3D). Se a sua empresa tem um problema relacionado a embalagens flex\u00edveis, r\u00f3tulos ou Impress\u00e3o, por mais insol\u00favel que lhe pare\u00e7a, aguardamos ansiosos a sua liga\u00e7\u00e3o ou e-mail. Este \u00e9 nosso trabalho e tamb\u00e9m a nossa paix\u00e3o.","sameAs":["http:\/\/www.projetopack.com","https:\/\/www.linkedin.com\/in\/aislanbaer\/"],"jobTitle":"CEO @ ProjetoPack | L\u00edder em M&A no Setor de Impress\u00e3o e Embalagens no Brasil | Cofundador da Inovagraf e Neuraflow | Especialista em Inova\u00e7\u00e3o com IA na Impress\u00e3o | Printing Legacy Initiative | Empreendedor Serial","url":"https:\/\/projetopack.com.br\/en\/author\/aislan\/"}]}},"_links":{"self":[{"href":"https:\/\/projetopack.com.br\/en\/wp-json\/wp\/v2\/posts\/6034","targetHints":{"allow":["GET"]}}],"collection":[{"href":"https:\/\/projetopack.com.br\/en\/wp-json\/wp\/v2\/posts"}],"about":[{"href":"https:\/\/projetopack.com.br\/en\/wp-json\/wp\/v2\/types\/post"}],"author":[{"embeddable":true,"href":"https:\/\/projetopack.com.br\/en\/wp-json\/wp\/v2\/users\/2"}],"replies":[{"embeddable":true,"href":"https:\/\/projetopack.com.br\/en\/wp-json\/wp\/v2\/comments?post=6034"}],"version-history":[{"count":0,"href":"https:\/\/projetopack.com.br\/en\/wp-json\/wp\/v2\/posts\/6034\/revisions"}],"wp:featuredmedia":[{"embeddable":true,"href":"https:\/\/projetopack.com.br\/en\/wp-json\/wp\/v2\/media\/6035"}],"wp:attachment":[{"href":"https:\/\/projetopack.com.br\/en\/wp-json\/wp\/v2\/media?parent=6034"}],"wp:term":[{"taxonomy":"category","embeddable":true,"href":"https:\/\/projetopack.com.br\/en\/wp-json\/wp\/v2\/categories?post=6034"},{"taxonomy":"post_tag","embeddable":true,"href":"https:\/\/projetopack.com.br\/en\/wp-json\/wp\/v2\/tags?post=6034"}],"curies":[{"name":"wp","href":"https:\/\/api.w.org\/{rel}","templated":true}]}}