{"id":6077,"date":"2019-10-10T09:40:00","date_gmt":"2019-10-10T12:40:00","guid":{"rendered":"http:\/\/www.projetopack.com.br\/2020\/?p=6077"},"modified":"2021-09-11T17:02:48","modified_gmt":"2021-09-11T20:02:48","slug":"o-que-rolou-na-labelexpo-europe-2019","status":"publish","type":"post","link":"https:\/\/projetopack.com.br\/en\/o-que-rolou-na-labelexpo-europe-2019\/","title":{"rendered":"O que rolou na Labelexpo Europe 2019"},"content":{"rendered":"<div data-elementor-type=\"wp-post\" data-elementor-id=\"6077\" class=\"elementor elementor-6077\" data-elementor-post-type=\"post\">\n\t\t\t\t\t\t<section class=\"elementor-section elementor-top-section elementor-element elementor-element-3019bd0 elementor-section-boxed elementor-section-height-default elementor-section-height-default\" data-id=\"3019bd0\" data-element_type=\"section\" data-e-type=\"section\" data-settings=\"{&quot;jet_parallax_layout_list&quot;:[]}\">\n\t\t\t\t\t\t<div class=\"elementor-container elementor-column-gap-default\">\n\t\t\t\t\t<div class=\"elementor-column elementor-col-100 elementor-top-column elementor-element elementor-element-c5196f7\" data-id=\"c5196f7\" data-element_type=\"column\" data-e-type=\"column\">\n\t\t\t<div class=\"elementor-widget-wrap elementor-element-populated\">\n\t\t\t\t\t\t<div class=\"elementor-element elementor-element-f2eb2c0 elementor-widget elementor-widget-text-editor\" data-id=\"f2eb2c0\" data-element_type=\"widget\" data-e-type=\"widget\" data-widget_type=\"text-editor.default\">\n\t\t\t\t\t\t\t\t\t<p><strong>A marcante edi\u00e7\u00e3o de 40 anos da Labelexpo Europe 2019 fechou em alta, como sua maior e mais internacional at\u00e9 o momento. No total, 693 expositores participaram da feira, que aconteceu entre os dias 24 e 27 de setembro, na Brussels Expo, B\u00e9lgica.<\/strong><\/p><p>Distribu\u00eddo por nove corredores e cobrindo quase 40.000 m\u00b2 de \u00e1rea \u00fatil, ante 37.600 m\u00b2 em 2017, o evento apresentou a maior oferta de tecnologias de impress\u00e3o de etiquetas e embalagens e demonstra\u00e7\u00f5es ao vivo at\u00e9 o momento. Isso incluiu as \u00e1reas de r\u00e1pido crescimento da impress\u00e3o h\u00edbrida, embalagem flex\u00edvel e automa\u00e7\u00e3o. O mau tempo n\u00e3o impediu 37.903 visitantes de 140 pa\u00edses que comparecessem ao longo de quatro dias &#8211; um aumento substancial para os 125 pa\u00edses registrados em 2017. \u00cdndia, China e Jap\u00e3o estavam especialmente bem representados com grandes delega\u00e7\u00f5es de visitantes. A Europa Oriental tamb\u00e9m mostrou uma representa\u00e7\u00e3o mais forte em compara\u00e7\u00e3o a 2017, em particular a Cro\u00e1cia, com um aumento de 51%, Litu\u00e2nia (36%), Rom\u00eania (25%) e R\u00fassia (14%). O Brasil tamb\u00e9m viu um aumento de 14% nos visitantes em rela\u00e7\u00e3o a 2017.<\/p><p>Os principais fabricantes de impressoras anunciaram v\u00e1rias vendas diariamente, incluindo: a 200\u00aa impressora digital\u00a0<strong>HP<\/strong>\u00a0Indigo 20000 da HP, vendida para um convertedor esloveno; A impressora a jato de tinta N610i de 7 cores da\u00a0<a href=\"https:\/\/www.domino-printing.com\/\" target=\"_blank\" rel=\"nofollow noopener\"><strong>Domino<\/strong><\/a>, vendida para um convertedor belga no primeiro dia; A venda da\u00a0<strong>Lombardi<\/strong>\u00a0de cinco impressoras Synchroline 430 durante os dois primeiros dias do show; A venda de tr\u00eas impressoras pela\u00a0<strong>Gallus<\/strong>\u00a0na \u00cdndia; Impressora de etiquetas de toner AccurioLabel 230 da\u00a0<strong>Konica Minolta<\/strong>, vendida no primeiro dia e que tamb\u00e9m estreou na feira; A linha de convers\u00e3o digital DC350 da\u00a0<strong>Grafisk Maskinfabrik<\/strong>\u00a0e uma rebobinadeira cortadeira para inspe\u00e7\u00e3o SR350, vendida a um convertedor do Reino Unido; O sistema de corte a laser da\u00a0<strong>Grafotronic<\/strong>\u00a0foi vendido a um convertedor de etiquetas americano ap\u00f3s o lan\u00e7amento da m\u00e1quina na feira; e a primeira Trupress da\u00a0<strong>Screen<\/strong>, vendida na Alemanha.<\/p><p>Os fabricantes de m\u00e1quinas indianos tiveram um desempenho particularmente bom, com a\u00a0<strong>UV Graphic Technologies<\/strong>\u00a0vendendo sete impressoras Ultraflex UFO, a\u00a0<strong>Multitec<\/strong>\u00a0vendendo sua impressora servo S1 completa para um convertedor russo e a\u00a0<strong>Monotech Systems<\/strong>\u00a0vendendo tr\u00eas impressoras Colornovo, uma na China, Europa e \u00c1sia.<\/p><p>Os fabricantes chineses tamb\u00e9m se sa\u00edram bem, com destaques nas vendas, incluindo a venda do fabricante de impressoras de etiquetas\u00a0<strong>Wanjie<\/strong>\u00a0a um convertedor na Espanha.\u00a0<strong>Rhyguan<\/strong>\u00a0vendeu tr\u00eas sistemas de acabamento no primeiro dia &#8211; um para um convertedor italiano e dois para empresas na Alemanha.<\/p><p>Demonstrando que o evento evoluiu de algo exclusivamente galgado em etiquetas para algo mais amplo, com a impress\u00e3o de embalagens, as inova\u00e7\u00f5es de embalagens flex\u00edveis estavam bastante evidentes no sal\u00e3o, com lan\u00e7amentos de impressoras, incluindo a nova m\u00e1quina de impress\u00e3o flexogr\u00e1fica X7 da\u00a0<strong>OMET\u00a0<\/strong>para etiquetas e embalagens flex\u00edveis de 670 mm (26 \u201d) largura da banda. A Lombardi apresentou sua linha Invicta i2, projetada para embalagens flex\u00edveis no setor de bobinas intermedi\u00e1rias, enquanto a\u00a0<strong>Nilpeter<\/strong>\u00a0lan\u00e7ou sua impressora FA-Line de 17 \u201dde largura com cold foil, lamina\u00e7\u00e3o e sua nova unidade de corte e vinco semi-rotativa de alta velocidade.<\/p><p>A maquinaria h\u00edbrida foi outra tend\u00eancia importante em evid\u00eancia, com lan\u00e7amentos incluindo\u00a0<a href=\"https:\/\/www.bobst.com\/\" target=\"_blank\" rel=\"nofollow noopener\"><strong>BOBST<\/strong><\/a>, que lan\u00e7ou sua nova impressora h\u00edbrida Master DM5, e a\u00a0<strong>MPS<\/strong>, que lan\u00e7ou uma nova edi\u00e7\u00e3o de 17 \u201d\/ 430 mm da impressora h\u00edbrida EF Symjet. A\u00a0<strong>Mark Andy<\/strong>\u00a0apresentou uma nova impressora h\u00edbrida digital de n\u00edvel intermedi\u00e1rio, que foi demonstrada ao vivo no show com a convers\u00e3o avan\u00e7ada em linha.<\/p><p>Outros lan\u00e7amentos de m\u00e1quinas inclu\u00edram a unidade de embelezamento digital Gallus &#8216;Digital Printbar, projetada especificamente para branco opaco e usando a tecnologia de impress\u00e3o digital baseada em jato de tinta. A Konica Minolta lan\u00e7ou sua rec\u00e9m-lan\u00e7ada AccurioLabel 230, uma nova vers\u00e3o de sua impressora digital, enquanto a Grafotronic apresentou sete novos modelos de um total de onze m\u00e1quinas apresentadas na feira.<\/p><p>Lisa Milburn, diretora administrativa da Labelexpo Global Series, disse: \u201cEstamos muito satisfeitos que nossa edi\u00e7\u00e3o de 40 anos da Labelexpo Europe tenha sido a nossa maior e mais internacional at\u00e9 o momento, especialmente porque agora ela est\u00e1 avan\u00e7ando rapidamente em um show que abrange n\u00e3o apenas r\u00f3tulos, mas tamb\u00e9m a impress\u00e3o de embalagens. Isso ficou claro com a incr\u00edvel variedade de inova\u00e7\u00f5es em embalagens flex\u00edveis e maquinaria h\u00edbrida no ch\u00e3o de f\u00e1brica, oferecendo aos convertedores de etiquetas cada vez mais op\u00e7\u00f5es para diversificar seus neg\u00f3cios\u201d.<\/p>\t\t\t\t\t\t\t\t<\/div>\n\t\t\t\t<div class=\"elementor-element elementor-element-7700376 elementor-widget elementor-widget-text-editor\" data-id=\"7700376\" data-element_type=\"widget\" data-e-type=\"widget\" data-widget_type=\"text-editor.default\">\n\t\t\t\t\t\t\t\t\t<blockquote><p>O feedback que recebemos de visitantes e expositores sempre destacou a qualidade superior dos leads, consultas e contatos feitos na feira, com um n\u00famero incr\u00edvel de neg\u00f3cios fechados no espa\u00e7o da exposi\u00e7\u00e3o e 83% do espa\u00e7o j\u00e1 reservado no local para Labelexpo Europe 2021. Isso demonstra que a ind\u00fastria global de impress\u00e3o de etiquetas e embalagens permanece t\u00e3o vibrante como sempre, e que esse show &#8211; 40 anos depois &#8211; ainda \u00e9 uma plataforma vital na vanguarda de toda a cadeia de suprimentos. \u201d<\/p><\/blockquote>\t\t\t\t\t\t\t\t<\/div>\n\t\t\t\t<div class=\"elementor-element elementor-element-6d0d137 elementor-widget elementor-widget-text-editor\" data-id=\"6d0d137\" data-element_type=\"widget\" data-e-type=\"widget\" data-widget_type=\"text-editor.default\">\n\t\t\t\t\t\t\t\t\t<p>A caracter\u00edstica principal imensamente popular do show,\u00a0<em>a Flexible Packaging Arena<\/em>, atraiu grandes multid\u00f5es a cada uma de suas onze demonstra\u00e7\u00f5es ao vivo. Os visitantes testemunharam um Xeikon CX500 (digital) e um BOBST M6 (UV Flexo) produzindo embalagens flex\u00edveis para contato indireto com alimentos, de acordo com os mais recentes padr\u00f5es GMP.<\/p><p>Al\u00e9m disso, a HP Indigo ofereceu demonstra\u00e7\u00f5es ao vivo de fabrica\u00e7\u00e3o de bolsas do tipo Stand-Up Pouch digitais, apresentando a impressora digital HP Indigo 20000, Lamina\u00e7\u00e3o Pack e a m\u00e1quina de fabrica\u00e7\u00e3o de bolsas SUP da Karlville, fazendo sua estreia no estande. Outras inova\u00e7\u00f5es da HP na feira inclu\u00edram a HP Indigo 8000 Digital Press, que seguia a matriz ABG Fast Track, e a HP Indigo 6900 Digital Press mais vendida, que os visitantes podiam ver em a\u00e7\u00e3o com um m\u00f3dulo de acabamento Kurz DM-Jetliner integrado .<\/p><p>Na vizinhan\u00e7a do\u00a0<em>Sustainability Insight Caf\u00e9<\/em>, patrocinado pela\u00a0<strong>Avery Dennison<\/strong>,\u00a0<strong>Xeikon<\/strong>,\u00a0<strong>Ravenwood Packaging<\/strong>\u00a0e\u00a0<strong>Sihl ARTYSIO Packaging<\/strong>, os visitantes puderam ver como aumentar suas credenciais ecol\u00f3gicas com uma galeria das mais recentes inova\u00e7\u00f5es sustent\u00e1veis.<\/p><p>Refletindo o crescente interesse da \u00c1sia e, com apenas dois meses at\u00e9 a Labelexpo Asia 2019, a Labelexpo Europe 2019 tamb\u00e9m sediou seu primeiro \u201cDia da China\u201d no primeiro dia. Com isso, representantes de mais de 100 impressores e convertedores de etiquetas da China visitaram a exposi\u00e7\u00e3o, incluindo o vice-presidente da associa\u00e7\u00e3o comercial PEIAC, principal parceiro da Labelexpo Asia 2019.<\/p><p>O popular programa educacional &#8211; o programa mais extenso at\u00e9 o momento &#8211; atraiu participantes ansiosos por aumentar o conhecimento do setor. Tr\u00eas\u00a0<em>Label Academy<\/em>, lideradas por especialistas, que organizaram\u00a0<em>master classes<\/em>\u00a0e abordaram os principais t\u00f3picos acerca das tintas, revestimentos e vernizes; Falou-se ainda sobre impress\u00e3o digital de etiquetas e embalagens flex\u00edveis, enquanto uma outra oficina abordava materiais para a produ\u00e7\u00e3o de etiquetas autoadesivas.<\/p><p>Na confer\u00eancia de imprensa da Labelexpo Global Series no primeiro dia do show, Milburn tamb\u00e9m apresentou mais detalhes sobre a mais nova adi\u00e7\u00e3o ao seu portf\u00f3lio, a Labelexpo Mexico 2021, juntamente com sua nova s\u00e9rie global de eventos\u00a0<em>Brand Print<\/em>, destinados a impressores de materiais promocionais e garantias para marcas.<\/p><p>O\u00a0<em>Label Industry Global Awards 2019<\/em>\u00a0ocorreu na noite do primeiro dia, com os vencedores de Avery Dennison,\u00a0<strong>Esko<\/strong>,\u00a0<strong>GMG<\/strong>\u00a0e\u00a0<strong>GEW<\/strong>\u00a0homenageados na celebra\u00e7\u00e3o tem\u00e1tica dos anos 80, que tamb\u00e9m marcou o 40\u00ba anivers\u00e1rio da Labelexpo. O evento foi realizado pelo lend\u00e1rio int\u00e9rprete da d\u00e9cada de 1980, Tony Hadley. O relat\u00f3rio completo do programa Labelexpo Europe 2019 estar\u00e1 dispon\u00edvel em breve para download no site do evento.<\/p><p>A bienal Labelexpo Europe faz parte da Labelexpo Global Series e \u00e9 seu maior evento. Desde a edi\u00e7\u00e3o inaugural em 1980, se estabeleceu como a principal plataforma da ind\u00fastria global para profissionais de impress\u00e3o de etiquetas e embalagens e \u00e9 reconhecida por seu alto n\u00famero de demonstra\u00e7\u00f5es de m\u00e1quinas ao vivo.<\/p><p>A feira re\u00fane fabricantes e fornecedores da mais avan\u00e7ada cole\u00e7\u00e3o de tecnologias, com impressoras, donos de marcas e designers sob o mesmo teto. O foco principal da edi\u00e7\u00e3o de 2019 &#8211; \u201cAvance com os seus neg\u00f3cios\u201d &#8211; estava em melhorar a estrat\u00e9gia de neg\u00f3cios e impulsionar o setor. Um total de 37.903 visitantes marcaram presen\u00e7a no evento.<\/p><p>A Labelexpo Europe 2019 foi fortemente apoiada e endossada pelos organismos comerciais FINAT, AIMCAL, EUWID, Febelgra, SPPES, UNFEA e VskE.<\/p><p>Para manter-se atualizado sobre os desenvolvimentos mais recentes, siga a Labelexpo no Twitter em @Labelexpo ou visite o site\u00a0<a href=\"https:\/\/www.labelexpo-europe.com\/\" target=\"_blank\" rel=\"nofollow noopener\">www.labelexpo.com<\/a>.<\/p>\t\t\t\t\t\t\t\t<\/div>\n\t\t\t\t\t<\/div>\n\t\t<\/div>\n\t\t\t\t\t<\/div>\n\t\t<\/section>\n\t\t\t\t<\/div>","protected":false},"excerpt":{"rendered":"<p>A marcante edi\u00e7\u00e3o de 40 anos da Labelexpo Europe 2019 fechou em alta, como sua maior e mais internacional at\u00e9 o momento. No total, 693 expositores participaram da feira, que aconteceu entre os dias 24 e 27 de setembro, na Brussels Expo, B\u00e9lgica. Distribu\u00eddo por nove corredores e cobrindo quase 40.000 m\u00b2 de \u00e1rea \u00fatil, [&hellip;]<\/p>\n","protected":false},"author":2,"featured_media":0,"comment_status":"open","ping_status":"closed","sticky":false,"template":"","format":"standard","meta":{"footnotes":""},"categories":[877],"tags":[115,396,397,114,26,398],"class_list":["post-6077","post","type-post","status-publish","format-standard","hentry","category-arquivo","tag-etiquetas","tag-labelexpo","tag-labelprinting","tag-labels","tag-projetopack","tag-tarsusgroup"],"yoast_head":"<!-- This site is optimized with the Yoast SEO Premium plugin v27.1 (Yoast SEO v27.1.1) - https:\/\/yoast.com\/product\/yoast-seo-premium-wordpress\/ -->\n<title>O que rolou na Labelexpo Europe 2019 - ProjetoPack<\/title>\n<meta name=\"description\" content=\"Confira o melhor conte\u00fado sobre tecnologia, design e gest\u00e3o de embalagens flex\u00edveis, r\u00f3tulos e impress\u00e3o.\" \/>\n<meta name=\"robots\" content=\"index, follow, max-snippet:-1, max-image-preview:large, max-video-preview:-1\" \/>\n<link rel=\"canonical\" href=\"https:\/\/projetopack.com.br\/en\/o-que-rolou-na-labelexpo-europe-2019\/\" \/>\n<meta property=\"og:locale\" content=\"en_US\" \/>\n<meta property=\"og:type\" content=\"article\" \/>\n<meta property=\"og:title\" content=\"O que rolou na Labelexpo Europe 2019\" \/>\n<meta property=\"og:description\" content=\"Confira o melhor conte\u00fado sobre tecnologia, design e gest\u00e3o de embalagens flex\u00edveis, r\u00f3tulos e impress\u00e3o.\" \/>\n<meta property=\"og:url\" content=\"https:\/\/projetopack.com.br\/en\/o-que-rolou-na-labelexpo-europe-2019\/\" \/>\n<meta property=\"og:site_name\" content=\"ProjetoPack\" \/>\n<meta property=\"article:published_time\" content=\"2019-10-10T12:40:00+00:00\" \/>\n<meta property=\"article:modified_time\" content=\"2021-09-11T20:02:48+00:00\" \/>\n<meta property=\"og:image\" content=\"https:\/\/projetopack.com.br\/wp-content\/uploads\/2020\/06\/Capa-1200x630-1.png\" \/>\n\t<meta property=\"og:image:width\" content=\"1200\" \/>\n\t<meta property=\"og:image:height\" content=\"630\" \/>\n\t<meta property=\"og:image:type\" content=\"image\/png\" \/>\n<meta name=\"author\" content=\"Aislan Baer\" \/>\n<meta name=\"twitter:card\" content=\"summary_large_image\" \/>\n<meta name=\"twitter:creator\" content=\"@ProjetoPack\" \/>\n<meta name=\"twitter:site\" content=\"@ProjetoPack\" \/>\n<meta name=\"twitter:label1\" content=\"Written by\" \/>\n\t<meta name=\"twitter:data1\" content=\"Aislan Baer\" \/>\n\t<meta name=\"twitter:label2\" content=\"Est. reading time\" \/>\n\t<meta name=\"twitter:data2\" content=\"6 minutes\" \/>\n<script type=\"application\/ld+json\" class=\"yoast-schema-graph\">{\"@context\":\"https:\/\/schema.org\",\"@graph\":[{\"@type\":\"Article\",\"@id\":\"https:\/\/projetopack.com.br\/en\/o-que-rolou-na-labelexpo-europe-2019\/#article\",\"isPartOf\":{\"@id\":\"https:\/\/projetopack.com.br\/en\/o-que-rolou-na-labelexpo-europe-2019\/\"},\"author\":{\"name\":\"Aislan Baer\",\"@id\":\"https:\/\/projetopack.com.br\/#\/schema\/person\/87cbd7d1e244880886d457815ebd2490\"},\"headline\":\"O que rolou na Labelexpo Europe 2019\",\"datePublished\":\"2019-10-10T12:40:00+00:00\",\"dateModified\":\"2021-09-11T20:02:48+00:00\",\"mainEntityOfPage\":{\"@id\":\"https:\/\/projetopack.com.br\/en\/o-que-rolou-na-labelexpo-europe-2019\/\"},\"wordCount\":1526,\"commentCount\":0,\"publisher\":{\"@id\":\"https:\/\/projetopack.com.br\/#organization\"},\"keywords\":[\"etiquetas\",\"labelexpo\",\"labelprinting\",\"labels\",\"ProjetoPack\",\"tarsusgroup\"],\"articleSection\":[\"Arquivo\"],\"inLanguage\":\"en-US\",\"potentialAction\":[{\"@type\":\"CommentAction\",\"name\":\"Comment\",\"target\":[\"https:\/\/projetopack.com.br\/en\/o-que-rolou-na-labelexpo-europe-2019\/#respond\"]}]},{\"@type\":\"WebPage\",\"@id\":\"https:\/\/projetopack.com.br\/en\/o-que-rolou-na-labelexpo-europe-2019\/\",\"url\":\"https:\/\/projetopack.com.br\/en\/o-que-rolou-na-labelexpo-europe-2019\/\",\"name\":\"O que rolou na Labelexpo Europe 2019 - ProjetoPack\",\"isPartOf\":{\"@id\":\"https:\/\/projetopack.com.br\/#website\"},\"datePublished\":\"2019-10-10T12:40:00+00:00\",\"dateModified\":\"2021-09-11T20:02:48+00:00\",\"description\":\"Confira o melhor conte\u00fado sobre tecnologia, design e gest\u00e3o de embalagens flex\u00edveis, r\u00f3tulos e impress\u00e3o.\",\"breadcrumb\":{\"@id\":\"https:\/\/projetopack.com.br\/en\/o-que-rolou-na-labelexpo-europe-2019\/#breadcrumb\"},\"inLanguage\":\"en-US\",\"potentialAction\":[{\"@type\":\"ReadAction\",\"target\":[\"https:\/\/projetopack.com.br\/en\/o-que-rolou-na-labelexpo-europe-2019\/\"]}]},{\"@type\":\"BreadcrumbList\",\"@id\":\"https:\/\/projetopack.com.br\/en\/o-que-rolou-na-labelexpo-europe-2019\/#breadcrumb\",\"itemListElement\":[{\"@type\":\"ListItem\",\"position\":1,\"name\":\"P\u00e1gina Inicial\",\"item\":\"https:\/\/projetopack.com.br\/\"},{\"@type\":\"ListItem\",\"position\":2,\"name\":\"Arquivo\",\"item\":\"https:\/\/projetopack.com.br\/en\/category\/arquivo\/\"},{\"@type\":\"ListItem\",\"position\":3,\"name\":\"O que rolou na Labelexpo Europe 2019\"}]},{\"@type\":\"WebSite\",\"@id\":\"https:\/\/projetopack.com.br\/#website\",\"url\":\"https:\/\/projetopack.com.br\/\",\"name\":\"ProjetoPack\",\"description\":\"Consultoria e servi\u00e7os para embalagens, r\u00f3tulos, etiquetas e processos de impress\u00e3o\",\"publisher\":{\"@id\":\"https:\/\/projetopack.com.br\/#organization\"},\"potentialAction\":[{\"@type\":\"SearchAction\",\"target\":{\"@type\":\"EntryPoint\",\"urlTemplate\":\"https:\/\/projetopack.com.br\/?s={search_term_string}\"},\"query-input\":{\"@type\":\"PropertyValueSpecification\",\"valueRequired\":true,\"valueName\":\"search_term_string\"}}],\"inLanguage\":\"en-US\"},{\"@type\":\"Organization\",\"@id\":\"https:\/\/projetopack.com.br\/#organization\",\"name\":\"ProjetoPack & Associados\",\"url\":\"https:\/\/projetopack.com.br\/\",\"logo\":{\"@type\":\"ImageObject\",\"inLanguage\":\"en-US\",\"@id\":\"https:\/\/projetopack.com.br\/#\/schema\/logo\/image\/\",\"url\":\"https:\/\/projetopack.com.br\/wp-content\/uploads\/2020\/09\/projetopack.png\",\"contentUrl\":\"https:\/\/projetopack.com.br\/wp-content\/uploads\/2020\/09\/projetopack.png\",\"width\":200,\"height\":200,\"caption\":\"ProjetoPack & Associados\"},\"image\":{\"@id\":\"https:\/\/projetopack.com.br\/#\/schema\/logo\/image\/\"},\"sameAs\":[\"https:\/\/x.com\/ProjetoPack\",\"https:\/\/www.linkedin.com\/company\/projetopack\/\"]},{\"@type\":\"Person\",\"@id\":\"https:\/\/projetopack.com.br\/#\/schema\/person\/87cbd7d1e244880886d457815ebd2490\",\"name\":\"Aislan Baer\",\"image\":{\"@type\":\"ImageObject\",\"inLanguage\":\"en-US\",\"@id\":\"https:\/\/projetopack.com.br\/#\/schema\/person\/image\/\",\"url\":\"https:\/\/projetopack.com.br\/wp-content\/uploads\/2021\/08\/Aislan-Busto-p-100x100.jpg\",\"contentUrl\":\"https:\/\/projetopack.com.br\/wp-content\/uploads\/2021\/08\/Aislan-Busto-p-100x100.jpg\",\"caption\":\"Aislan Baer\"},\"description\":\"Desde os \u00faltimos 20 anos, meu time e eu ajudamos mais de 300 empresas brasileiras e estrangeiras (algumas delas, l\u00edderes mundiais) a produzir embalagens flex\u00edveis e r\u00f3tulos com maior efici\u00eancia, menores custos e maior apelo visual, bem como centenas de donos de marcas a comprar suas embalagens flex\u00edveis e material impresso com um crit\u00e9rio mais t\u00e9cnico e assertivo. Ao mesmo tempo, gra\u00e7as \u00e0 nossa consultoria, muitas destas empresas melhoraram significativamente o seu processo de Impress\u00e3o (Impress\u00e3o de embalagens, Impress\u00e3o industrial, Impress\u00e3o funcional e, mais recentemente, bio impress\u00e3o e manufatura aditiva ou simplesmente Impress\u00e3o 3D). Se a sua empresa tem um problema relacionado a embalagens flex\u00edveis, r\u00f3tulos ou Impress\u00e3o, por mais insol\u00favel que lhe pare\u00e7a, aguardamos ansiosos a sua liga\u00e7\u00e3o ou e-mail. Este \u00e9 nosso trabalho e tamb\u00e9m a nossa paix\u00e3o.\",\"sameAs\":[\"http:\/\/www.projetopack.com\",\"https:\/\/www.linkedin.com\/in\/aislanbaer\/\"],\"jobTitle\":\"CEO @ ProjetoPack | L\u00edder em M&A no Setor de Impress\u00e3o e Embalagens no Brasil | Cofundador da Inovagraf e Neuraflow | Especialista em Inova\u00e7\u00e3o com IA na Impress\u00e3o | Printing Legacy Initiative | Empreendedor Serial\",\"url\":\"https:\/\/projetopack.com.br\/en\/author\/aislan\/\"}]}<\/script>\n<!-- \/ Yoast SEO Premium plugin. -->","yoast_head_json":{"title":"O que rolou na Labelexpo Europe 2019 - ProjetoPack","description":"Confira o melhor conte\u00fado sobre tecnologia, design e gest\u00e3o de embalagens flex\u00edveis, r\u00f3tulos e impress\u00e3o.","robots":{"index":"index","follow":"follow","max-snippet":"max-snippet:-1","max-image-preview":"max-image-preview:large","max-video-preview":"max-video-preview:-1"},"canonical":"https:\/\/projetopack.com.br\/en\/o-que-rolou-na-labelexpo-europe-2019\/","og_locale":"en_US","og_type":"article","og_title":"O que rolou na Labelexpo Europe 2019","og_description":"Confira o melhor conte\u00fado sobre tecnologia, design e gest\u00e3o de embalagens flex\u00edveis, r\u00f3tulos e impress\u00e3o.","og_url":"https:\/\/projetopack.com.br\/en\/o-que-rolou-na-labelexpo-europe-2019\/","og_site_name":"ProjetoPack","article_published_time":"2019-10-10T12:40:00+00:00","article_modified_time":"2021-09-11T20:02:48+00:00","og_image":[{"width":1200,"height":630,"url":"https:\/\/projetopack.com.br\/wp-content\/uploads\/2020\/06\/Capa-1200x630-1.png","type":"image\/png"}],"author":"Aislan Baer","twitter_card":"summary_large_image","twitter_creator":"@ProjetoPack","twitter_site":"@ProjetoPack","twitter_misc":{"Written by":"Aislan Baer","Est. reading time":"6 minutes"},"schema":{"@context":"https:\/\/schema.org","@graph":[{"@type":"Article","@id":"https:\/\/projetopack.com.br\/en\/o-que-rolou-na-labelexpo-europe-2019\/#article","isPartOf":{"@id":"https:\/\/projetopack.com.br\/en\/o-que-rolou-na-labelexpo-europe-2019\/"},"author":{"name":"Aislan Baer","@id":"https:\/\/projetopack.com.br\/#\/schema\/person\/87cbd7d1e244880886d457815ebd2490"},"headline":"O que rolou na Labelexpo Europe 2019","datePublished":"2019-10-10T12:40:00+00:00","dateModified":"2021-09-11T20:02:48+00:00","mainEntityOfPage":{"@id":"https:\/\/projetopack.com.br\/en\/o-que-rolou-na-labelexpo-europe-2019\/"},"wordCount":1526,"commentCount":0,"publisher":{"@id":"https:\/\/projetopack.com.br\/#organization"},"keywords":["etiquetas","labelexpo","labelprinting","labels","ProjetoPack","tarsusgroup"],"articleSection":["Arquivo"],"inLanguage":"en-US","potentialAction":[{"@type":"CommentAction","name":"Comment","target":["https:\/\/projetopack.com.br\/en\/o-que-rolou-na-labelexpo-europe-2019\/#respond"]}]},{"@type":"WebPage","@id":"https:\/\/projetopack.com.br\/en\/o-que-rolou-na-labelexpo-europe-2019\/","url":"https:\/\/projetopack.com.br\/en\/o-que-rolou-na-labelexpo-europe-2019\/","name":"O que rolou na Labelexpo Europe 2019 - ProjetoPack","isPartOf":{"@id":"https:\/\/projetopack.com.br\/#website"},"datePublished":"2019-10-10T12:40:00+00:00","dateModified":"2021-09-11T20:02:48+00:00","description":"Confira o melhor conte\u00fado sobre tecnologia, design e gest\u00e3o de embalagens flex\u00edveis, r\u00f3tulos e impress\u00e3o.","breadcrumb":{"@id":"https:\/\/projetopack.com.br\/en\/o-que-rolou-na-labelexpo-europe-2019\/#breadcrumb"},"inLanguage":"en-US","potentialAction":[{"@type":"ReadAction","target":["https:\/\/projetopack.com.br\/en\/o-que-rolou-na-labelexpo-europe-2019\/"]}]},{"@type":"BreadcrumbList","@id":"https:\/\/projetopack.com.br\/en\/o-que-rolou-na-labelexpo-europe-2019\/#breadcrumb","itemListElement":[{"@type":"ListItem","position":1,"name":"P\u00e1gina Inicial","item":"https:\/\/projetopack.com.br\/"},{"@type":"ListItem","position":2,"name":"Arquivo","item":"https:\/\/projetopack.com.br\/en\/category\/arquivo\/"},{"@type":"ListItem","position":3,"name":"O que rolou na Labelexpo Europe 2019"}]},{"@type":"WebSite","@id":"https:\/\/projetopack.com.br\/#website","url":"https:\/\/projetopack.com.br\/","name":"ProjetoPack","description":"Consultoria e servi\u00e7os para embalagens, r\u00f3tulos, etiquetas e processos de impress\u00e3o","publisher":{"@id":"https:\/\/projetopack.com.br\/#organization"},"potentialAction":[{"@type":"SearchAction","target":{"@type":"EntryPoint","urlTemplate":"https:\/\/projetopack.com.br\/?s={search_term_string}"},"query-input":{"@type":"PropertyValueSpecification","valueRequired":true,"valueName":"search_term_string"}}],"inLanguage":"en-US"},{"@type":"Organization","@id":"https:\/\/projetopack.com.br\/#organization","name":"ProjetoPack & Associados","url":"https:\/\/projetopack.com.br\/","logo":{"@type":"ImageObject","inLanguage":"en-US","@id":"https:\/\/projetopack.com.br\/#\/schema\/logo\/image\/","url":"https:\/\/projetopack.com.br\/wp-content\/uploads\/2020\/09\/projetopack.png","contentUrl":"https:\/\/projetopack.com.br\/wp-content\/uploads\/2020\/09\/projetopack.png","width":200,"height":200,"caption":"ProjetoPack & Associados"},"image":{"@id":"https:\/\/projetopack.com.br\/#\/schema\/logo\/image\/"},"sameAs":["https:\/\/x.com\/ProjetoPack","https:\/\/www.linkedin.com\/company\/projetopack\/"]},{"@type":"Person","@id":"https:\/\/projetopack.com.br\/#\/schema\/person\/87cbd7d1e244880886d457815ebd2490","name":"Aislan Baer","image":{"@type":"ImageObject","inLanguage":"en-US","@id":"https:\/\/projetopack.com.br\/#\/schema\/person\/image\/","url":"https:\/\/projetopack.com.br\/wp-content\/uploads\/2021\/08\/Aislan-Busto-p-100x100.jpg","contentUrl":"https:\/\/projetopack.com.br\/wp-content\/uploads\/2021\/08\/Aislan-Busto-p-100x100.jpg","caption":"Aislan Baer"},"description":"Desde os \u00faltimos 20 anos, meu time e eu ajudamos mais de 300 empresas brasileiras e estrangeiras (algumas delas, l\u00edderes mundiais) a produzir embalagens flex\u00edveis e r\u00f3tulos com maior efici\u00eancia, menores custos e maior apelo visual, bem como centenas de donos de marcas a comprar suas embalagens flex\u00edveis e material impresso com um crit\u00e9rio mais t\u00e9cnico e assertivo. Ao mesmo tempo, gra\u00e7as \u00e0 nossa consultoria, muitas destas empresas melhoraram significativamente o seu processo de Impress\u00e3o (Impress\u00e3o de embalagens, Impress\u00e3o industrial, Impress\u00e3o funcional e, mais recentemente, bio impress\u00e3o e manufatura aditiva ou simplesmente Impress\u00e3o 3D). Se a sua empresa tem um problema relacionado a embalagens flex\u00edveis, r\u00f3tulos ou Impress\u00e3o, por mais insol\u00favel que lhe pare\u00e7a, aguardamos ansiosos a sua liga\u00e7\u00e3o ou e-mail. Este \u00e9 nosso trabalho e tamb\u00e9m a nossa paix\u00e3o.","sameAs":["http:\/\/www.projetopack.com","https:\/\/www.linkedin.com\/in\/aislanbaer\/"],"jobTitle":"CEO @ ProjetoPack | L\u00edder em M&A no Setor de Impress\u00e3o e Embalagens no Brasil | Cofundador da Inovagraf e Neuraflow | Especialista em Inova\u00e7\u00e3o com IA na Impress\u00e3o | Printing Legacy Initiative | Empreendedor Serial","url":"https:\/\/projetopack.com.br\/en\/author\/aislan\/"}]}},"_links":{"self":[{"href":"https:\/\/projetopack.com.br\/en\/wp-json\/wp\/v2\/posts\/6077","targetHints":{"allow":["GET"]}}],"collection":[{"href":"https:\/\/projetopack.com.br\/en\/wp-json\/wp\/v2\/posts"}],"about":[{"href":"https:\/\/projetopack.com.br\/en\/wp-json\/wp\/v2\/types\/post"}],"author":[{"embeddable":true,"href":"https:\/\/projetopack.com.br\/en\/wp-json\/wp\/v2\/users\/2"}],"replies":[{"embeddable":true,"href":"https:\/\/projetopack.com.br\/en\/wp-json\/wp\/v2\/comments?post=6077"}],"version-history":[{"count":0,"href":"https:\/\/projetopack.com.br\/en\/wp-json\/wp\/v2\/posts\/6077\/revisions"}],"wp:attachment":[{"href":"https:\/\/projetopack.com.br\/en\/wp-json\/wp\/v2\/media?parent=6077"}],"wp:term":[{"taxonomy":"category","embeddable":true,"href":"https:\/\/projetopack.com.br\/en\/wp-json\/wp\/v2\/categories?post=6077"},{"taxonomy":"post_tag","embeddable":true,"href":"https:\/\/projetopack.com.br\/en\/wp-json\/wp\/v2\/tags?post=6077"}],"curies":[{"name":"wp","href":"https:\/\/api.w.org\/{rel}","templated":true}]}}