{"id":6082,"date":"2019-10-06T10:39:00","date_gmt":"2019-10-06T13:39:00","guid":{"rendered":"http:\/\/www.projetopack.com.br\/2020\/?p=6082"},"modified":"2021-09-11T16:59:38","modified_gmt":"2021-09-11T19:59:38","slug":"o-que-rolou-na-pack-expo-las-vegas-2019-e-healthcare-packaging-expo","status":"publish","type":"post","link":"https:\/\/projetopack.com.br\/en\/o-que-rolou-na-pack-expo-las-vegas-2019-e-healthcare-packaging-expo\/","title":{"rendered":"O que rolou na Pack Expo Las Vegas 2019 e Healthcare Packaging Expo"},"content":{"rendered":"<p><strong>Pack Expo Las Vegas e Healthcare Packaging Expo 2019 quebram m\u00faltiplos recordes<\/strong><\/p>\n\n\n\n<p>As feiras&nbsp;<a href=\"https:\/\/www.packexpolasvegas.com\/\" target=\"_blank\" rel=\"noreferrer noopener\">Pack Expo Las Vegas<\/a>&nbsp;e&nbsp;<a href=\"https:\/\/www.hcpelasvegas.com\/\" target=\"_blank\" rel=\"noreferrer noopener\">Healthcare Packaging Expo<\/a>&nbsp;conseguiram uma marca sem precedentes este ano, quebrando os recordes de n\u00famero de visitantes, \u00e1rea de exposi\u00e7\u00e3o e n\u00famero de expositores, de acordo com os propriet\u00e1rios e produtores do evento, a&nbsp;<a href=\"https:\/\/www.pmmi.org\/\" target=\"_blank\" rel=\"noreferrer noopener\">PMMI<\/a>&nbsp;\u2013 A Associa\u00e7\u00e3o para Tecnologias de Embalagem e Processamento (<strong>The Association for Packaging and Processing Technologies<\/strong>). No fechamento da feira, na quarta-feira, 25 de Setembro, os dados preliminares j\u00e1 reportavam mais de 2 mil expositores, cobrindo uma \u00e1rea de 900 mil metros quadrados no Espa\u00e7o de Conven\u00e7\u00f5es de Las Vegas, e mais de 31 mil visitantes; um aumento de 8% em rela\u00e7\u00e3o \u00e0 edi\u00e7\u00e3o de 2017.<\/p>\n\n\n\n<p>\u201cCom o incr\u00edvel papel desempenhado \u00e0 ind\u00fastria de embalagens, a Pack Expo Las Vegas, juntamente com a Healthcare Packaging Expo foram os eventos internacionais de embalagem do ano de 2019\u201d, afirmou Jim Pittas, presidente e CEO da PMMI. \u201cA magnitude e o escopo da Pack Expo Las Vegas e Healthcare Packaging Expo indicam que assim como a nossa ind\u00fastria continua pr\u00f3spera, a PMMI continua a trazer solu\u00e7\u00f5es e ferramentas para aperfei\u00e7oar o neg\u00f3cio\u201d.<\/p>\n\n\n\n<p>Stefan Brown \u00e9 um cientista que atua no departamento de pesquisa e desenvolvimento da&nbsp;<a href=\"https:\/\/www.thecloroxcompany.com\/\" target=\"_blank\" rel=\"noreferrer noopener\"><strong>The Clorox Company<\/strong><\/a>&nbsp;e que esteve visitando a Pack Expo Las Vegas e a Healthcare Packaging Expo porque sabia que seria uma \u00f3tima oportunidade para ver solu\u00e7\u00f5es para o seu neg\u00f3cio, mesmo que estas solu\u00e7\u00f5es tivessem sido inicialmente criadas para outros mercados verticais.<\/p>\n\n\n\n<p>\u201cEu visitei a Pack Expo Las Vegas para encontrar novas tecnologias de embalagens \u00e0 prova de crian\u00e7a (child-proof), particularmente sistemas de fechamento, bem como para produtos qu\u00edmicos utilizados na limpeza dom\u00e9stica\u201d, revela Brown. \u201cH\u00e1 um bocado de inova\u00e7\u00e3o no espa\u00e7o proveniente do&nbsp;<a href=\"https:\/\/www.thecloroxcompany.com\/\" target=\"_blank\" rel=\"noreferrer noopener\">mercado CBD<\/a>&nbsp;(produtos derivados da&nbsp;<em>Cannabis<\/em>). Uma vez que a feira cobre de forma abrangente muitas ind\u00fastrias, n\u00f3s podemos ter acesso a inova\u00e7\u00f5es vindas de outros mercados, como CBD, e determinar qu\u00e3o aplic\u00e1vel elas s\u00e3o aos nossos pr\u00f3prios produtos\u201d.<\/p>\n\n\n\n<p>Joe Woods, co-packer, tamb\u00e9m elogia a vasta amplitude de solu\u00e7\u00f5es exibidas no evento este ano, e a oportunidade de acess\u00e1-las todas em um s\u00f3 evento foi algo ideal no seu papel como diretor de&nbsp;<em>procurement<\/em>&nbsp;in&nbsp;<a href=\"https:\/\/pharmapackagingsolutions.com\/\" target=\"_blank\" rel=\"noreferrer noopener\"><strong>Pharma Packaging Solutions<\/strong><\/a>.<\/p>\n\n\n\n<p>\u201cEu estive visitando in\u00fameras feiras, mas a Pack Expo Las Vegas e a Healthcare Packaging Expo s\u00e3o fenomenais \u2013 ambas muito boas e bem organizadas. Estar l\u00e1 nos permite encontrar tudo sobre um mesmo teto\u201d, conclui Woods. \u201cN\u00f3s estivemos comprando tudo por l\u00e1, de sacolas at\u00e9 m\u00e1quinas e muito mais, tendo investido alguns milh\u00f5es de d\u00f3lares em solu\u00e7\u00f5es para aprimorar o nosso neg\u00f3cio\u201d.<\/p>\n\n\n\n<p>Um expositor de longa data,&nbsp;<a href=\"https:\/\/www.marchesini.com\/\" target=\"_blank\" rel=\"noreferrer noopener\"><strong>Marchesini Group USA<\/strong><\/a>&nbsp;enxerga a Healthcare Packaging Expo acompanhando o crescimento geral da Pack Expo Las Vegas.<\/p>\n\n\n\n<p>\u201cDesde a abertura da Healthcare Packaging Expo, na manh\u00e3 de segunda-feira (23 de setembro), presenciamos um grande tr\u00e1fego de visitantes de alta qualidade decis\u00f3ria\u201d, contou-nos Roger Toll, vice-presidente executivo da Marchesini.<\/p>\n\n\n\n<p>Outros expositores da Healthcare Packaging Expo ecoaram os coment\u00e1rios de Toll, assim como pessoal da Thomas Packaging, a respeito da qualidade dos visitantes que pararam em seu estande.<\/p>\n\n\n\n<p>\u201cUm grande n\u00famero de visitantes esteve procurando por novidades\u201d, disse Denis Adams, da&nbsp;<a href=\"https:\/\/thomaspackaging.com\/\" target=\"_blank\" rel=\"noreferrer noopener\"><strong>Thomas Packaging<\/strong><\/a>. \u201cMuitos chegaram com projetos s\u00e9rios nas m\u00e3os, procurando colaboradores e solu\u00e7\u00f5es para viabiliz\u00e1-los\u201d.<\/p>\n\n\n\n<p>O grande n\u00famero de visitantes tamb\u00e9m ficou aparente durante o F\u00f3rum e Palcos de Inova\u00e7\u00e3o, bem como nas salas de espera onde multid\u00f5es apinhavam-se nos corredores para participar das oportunidades educacionais gratuitas.<\/p>\n\n\n\n<p>\u201cO n\u00famero de sess\u00f5es educacionais cresceu, aportando grande valor aos visitantes, e em contrapartida, trazendo benef\u00edcios a n\u00f3s expositores\u201d, confessou Peter Vilardi, gerente de marketing da&nbsp;<a href=\"https:\/\/massmanllc.com\/\" target=\"_blank\" rel=\"noreferrer noopener\"><strong>Massman Companies<\/strong><\/a>.<\/p>\n\n\n\n<p>Atuando como especialista s\u00eanior de embalagem na&nbsp;<a href=\"https:\/\/www.nestle.com\/\" target=\"_blank\" rel=\"noreferrer noopener\"><strong>Nestl\u00e9<\/strong><\/a>, Brandon Kelly ficou satisfeito em encontrar expositores e sess\u00f5es educacionais convergentes com as metas de reciclabilidade e reuso da maior companhia de alimentos do mundo.<\/p>\n\n\n\n<p>\u201cMe trouxe um senso de confian\u00e7a ver que convertedores, fornecedores de mat\u00e9rias-primas e outras empresas da cadeia de suprimentos est\u00e3o trabalhando em dire\u00e7\u00e3o a iniciativas semelhantes de sustentabilidade, assim como vimos este ano nas apresenta\u00e7\u00f5es do Palco de Inova\u00e7\u00e3o\u201d, disse Kelly. \u201cA ind\u00fastria tem um grande desafio a solucionar, quando se trata da sustentabilidade, e por isso \u00e9 t\u00e3o bom ver as companhias trabalhando em uma miss\u00e3o parecida\u201d.<\/p>\n\n\n\n<p>O nova zona rob\u00f3tica estava consistentemente tomada de dezenas de milhares de visitantes reunidos no Hall norte para ver rob\u00f4s interativos&nbsp;e displays, incluindo ag\u00eancias de not\u00edcias locais.&nbsp;<em>Pack for a Purpose: Robots Fighting Hunger<\/em>&nbsp;(Embalar com um prop\u00f3sito: rob\u00f4s que combatem a fome), em colabora\u00e7\u00e3o com a&nbsp;<a href=\"https:\/\/www.blessingsinabackpack.org\/\" target=\"_blank\" rel=\"noreferrer noopener\"><strong>Blessings in a Backpack<\/strong><\/a>&nbsp;(Ben\u00e7\u00e3os em uma mochila), foi algo imperd\u00edvel com mais de 6 mil sacos de comida embalada por rob\u00f4s em exposi\u00e7\u00e3o e doados a crian\u00e7as em idade escolar em Las Vegas, Chicago e Virg\u00ednia. Os participantes inclu\u00edram&nbsp;<a href=\"https:\/\/www.chicagoelectric.com\/\" target=\"_blank\" rel=\"noreferrer noopener\"><strong>Chicago Electric<\/strong><\/a>&nbsp;com&nbsp;<a href=\"https:\/\/www.yaskawa.com\/\" target=\"_blank\" rel=\"noreferrer noopener\">Y<strong>askawa<\/strong><\/a>,&nbsp;<a href=\"https:\/\/www.boschpackaging.com\/\" target=\"_blank\" rel=\"noreferrer noopener\"><strong>Bosch Packaging Technology<\/strong><\/a><strong>, Inc.<\/strong>,&nbsp;<a href=\"https:\/\/www.promachbuilt.com\/\" target=\"_blank\" rel=\"noreferrer noopener\"><strong>ProMach Performance Services<\/strong><\/a>&nbsp;com&nbsp;<a href=\"https:\/\/new.abb.com\/\" target=\"_blank\" rel=\"noreferrer noopener\"><strong>ABB<\/strong><\/a>,&nbsp;<strong>Soft<\/strong>&nbsp;<strong>Robotics &amp;&nbsp;<\/strong><a href=\"https:\/\/www.cognex.com\/\" target=\"_blank\" rel=\"noreferrer noopener\"><strong>Cognex<\/strong><\/a>,&nbsp;<a href=\"https:\/\/www.fanucamerica.com\/\" target=\"_blank\" rel=\"noreferrer noopener\"><strong>Fanuc America Corporation<\/strong><\/a>&nbsp;e&nbsp;<a href=\"https:\/\/www.universal-robots.com\/\" target=\"_blank\" rel=\"noreferrer noopener\"><strong>Universal Robots<\/strong><\/a>&nbsp;em parceria com&nbsp;<a href=\"http:\/\/alliedtechnologybr.com\/\" target=\"_blank\" rel=\"noreferrer noopener\"><strong>Allied Technology<\/strong><\/a>.<\/p>\n\n\n\n<p><em>Pack gives Back\u2122<\/em>&nbsp;(embalagem retribui) encerrou um dos dias de abertura mais movimentados da mem\u00f3ria, com a legend\u00e1ria&nbsp;<strong>Steve Miller Band<\/strong>&nbsp;encabe\u00e7ando a capta\u00e7\u00e3o anual de recursos. Uma por\u00e7\u00e3o dos proventos arrecadados com a venda dos ingressos ir\u00e1 suportar a&nbsp;<a href=\"https:\/\/www.ns2serves.org\/\" target=\"_blank\" rel=\"noreferrer noopener\"><strong>NS2 Serves\u00ae<\/strong><\/a>, uma organiza\u00e7\u00e3o sem fins lucrativos dedicada a ajudar veteranos do ex\u00e9rcito americano na transi\u00e7\u00e3o das \u201cbotas de combate para ternos corporativos\u201d, provendo-lhes treinamento em Tecnologia da Informa\u00e7\u00e3o e assist\u00eancia para recoloca\u00e7\u00e3o no mercado de trabalho sem custos.<\/p>\n\n\n\n<p>O&nbsp;<em>Pr\u00eamio de Excel\u00eancia em Tecnologia<\/em>&nbsp;realizado na Pack Expo Las Vegas e Healthcare Expo teve um recorde de vota\u00e7\u00e3o. Os vencedores inclu\u00edram a&nbsp;<a href=\"https:\/\/www.berryglobal.com\/\" target=\"_blank\" rel=\"noreferrer noopener\"><strong>Berry Global<\/strong><\/a>&nbsp;(Panifica\u00e7\u00e3o e snacks),&nbsp;<a href=\"http:\/\/tecma-aries.com\/\" target=\"_blank\" rel=\"noreferrer noopener\"><strong>Tecma Aries<\/strong><\/a>&nbsp;(Bebidas e latic\u00ednios),&nbsp;<a href=\"http:\/\/www.sleever.com\/\" target=\"_blank\" rel=\"noreferrer noopener\"><strong>Sleever International<\/strong>&nbsp;<\/a>(Embalagem em geral),&nbsp;<a href=\"https:\/\/www.ultrasourceusa.com\/\" target=\"_blank\" rel=\"noreferrer noopener\"><strong>UltraSource<\/strong><\/a>&nbsp;(Carne, aves e frutos do mar) e&nbsp;<a href=\"https:\/\/www.belcopackaging.com\/\" target=\"_blank\" rel=\"noreferrer noopener\"><strong>Belco Packaging Systems<\/strong><\/a>&nbsp;(M\u00e9dico-hospitalar e farmac\u00eauticos).<\/p>\n\n\n\n<p>Um dos pontos altos do segundo dia de evento come\u00e7ou cedo, quando aproximadamente 700 profissionais se juntaram ao caf\u00e9 da manh\u00e3 para&nbsp;<em>a Packaging &amp; Processing Women\u2019s Leadership Network<\/em>&nbsp;(Network da lideran\u00e7a feminina na embalagem &amp; processamento). Com a palestra \u201cExplorando um novo territ\u00f3rio\u201d, a Doutora Ellen Ochoa compartilhou sua jornada at\u00e9 se tornar a primeira mulher hisp\u00e2nica a viajar para o espa\u00e7o.<\/p>\n\n\n\n<p>O pr\u00f3ximo evento no portf\u00f3lio da Pack Expo \u00e9 a&nbsp;<a href=\"https:\/\/www.packexpoeast.com\/\" target=\"_blank\" rel=\"noreferrer noopener\"><em>Pack Expo East<\/em><\/a>&nbsp;(Dias 3 a 5 de Mar\u00e7o de 2020, no Centro de Conven\u00e7\u00e3o de Pennsylvania, Philadelphia). Agora em sua quarta edi\u00e7\u00e3o, este evento de tr\u00eas dias vai apresentar 400 companhias expositoras distribu\u00eddas em uma \u00e1rea de 100 mil metros quadrados, provendo a oportunidade aos visitantes de trocar ideias com mais de 7 mil outros colegas. O local escolhido, na Philadelphia, mostra-se uma oportunidade \u00fanica para o rico mercado CPG do meio atl\u00e2ntico, permitindo com que boa parte da costa oeste tenha a chance de dirigir ou pegar um trem e visitar tecnologia de ponta e insights. Acesse o site&nbsp;<a href=\"https:\/\/www.packexpoeast.com\/\" target=\"_blank\" rel=\"noreferrer noopener\">packexpoeast.com<\/a>&nbsp;para mais informa\u00e7\u00f5es e cadastramento para o pr\u00f3ximo evento.<\/p>","protected":false},"excerpt":{"rendered":"<p>Pack Expo Las Vegas e Healthcare Packaging Expo 2019 quebram m\u00faltiplos recordes As feiras&nbsp;Pack Expo Las Vegas&nbsp;e&nbsp;Healthcare Packaging Expo&nbsp;conseguiram uma marca sem precedentes este ano, quebrando os recordes de n\u00famero de visitantes, \u00e1rea de exposi\u00e7\u00e3o e n\u00famero de expositores, de acordo com os propriet\u00e1rios e produtores do evento, a&nbsp;PMMI&nbsp;\u2013 A Associa\u00e7\u00e3o para Tecnologias de Embalagem [&hellip;]<\/p>\n","protected":false},"author":2,"featured_media":0,"comment_status":"open","ping_status":"closed","sticky":false,"template":"","format":"standard","meta":{"footnotes":""},"categories":[877],"tags":[135,402,346,400,26,399],"class_list":["post-6082","post","type-post","status-publish","format-standard","hentry","category-arquivo","tag-embalagem","tag-healthcareexpo","tag-packaging","tag-pmmi","tag-projetopack","tag-projetopackemrevista"],"yoast_head":"<!-- This site is optimized with the Yoast SEO Premium plugin v27.1 (Yoast SEO v27.1.1) - https:\/\/yoast.com\/product\/yoast-seo-premium-wordpress\/ -->\n<title>O que rolou na Pack Expo Las Vegas 2019 e Healthcare Packaging Expo - ProjetoPack<\/title>\n<meta name=\"description\" content=\"Confira o melhor conte\u00fado sobre tecnologia, design e gest\u00e3o de embalagens flex\u00edveis, r\u00f3tulos e impress\u00e3o.\" \/>\n<meta name=\"robots\" content=\"index, follow, max-snippet:-1, max-image-preview:large, max-video-preview:-1\" \/>\n<link rel=\"canonical\" href=\"https:\/\/projetopack.com.br\/en\/o-que-rolou-na-pack-expo-las-vegas-2019-e-healthcare-packaging-expo\/\" \/>\n<meta property=\"og:locale\" content=\"en_US\" \/>\n<meta property=\"og:type\" content=\"article\" \/>\n<meta property=\"og:title\" content=\"O que rolou na Pack Expo Las Vegas 2019 e Healthcare Packaging Expo\" \/>\n<meta property=\"og:description\" content=\"Confira o melhor conte\u00fado sobre tecnologia, design e gest\u00e3o de embalagens flex\u00edveis, r\u00f3tulos e impress\u00e3o.\" \/>\n<meta property=\"og:url\" content=\"https:\/\/projetopack.com.br\/en\/o-que-rolou-na-pack-expo-las-vegas-2019-e-healthcare-packaging-expo\/\" \/>\n<meta property=\"og:site_name\" content=\"ProjetoPack\" \/>\n<meta property=\"article:published_time\" content=\"2019-10-06T13:39:00+00:00\" \/>\n<meta property=\"article:modified_time\" content=\"2021-09-11T19:59:38+00:00\" \/>\n<meta property=\"og:image\" content=\"https:\/\/projetopack.com.br\/wp-content\/uploads\/2020\/06\/Capa-1200x630-1.png\" \/>\n\t<meta property=\"og:image:width\" content=\"1200\" \/>\n\t<meta property=\"og:image:height\" content=\"630\" \/>\n\t<meta property=\"og:image:type\" content=\"image\/png\" \/>\n<meta name=\"author\" content=\"Aislan Baer\" \/>\n<meta name=\"twitter:card\" content=\"summary_large_image\" \/>\n<meta name=\"twitter:creator\" content=\"@ProjetoPack\" \/>\n<meta name=\"twitter:site\" content=\"@ProjetoPack\" \/>\n<meta name=\"twitter:label1\" content=\"Written by\" \/>\n\t<meta name=\"twitter:data1\" content=\"Aislan Baer\" \/>\n\t<meta name=\"twitter:label2\" content=\"Est. reading time\" \/>\n\t<meta name=\"twitter:data2\" content=\"5 minutes\" \/>\n<script type=\"application\/ld+json\" class=\"yoast-schema-graph\">{\"@context\":\"https:\/\/schema.org\",\"@graph\":[{\"@type\":\"Article\",\"@id\":\"https:\/\/projetopack.com.br\/en\/o-que-rolou-na-pack-expo-las-vegas-2019-e-healthcare-packaging-expo\/#article\",\"isPartOf\":{\"@id\":\"https:\/\/projetopack.com.br\/en\/o-que-rolou-na-pack-expo-las-vegas-2019-e-healthcare-packaging-expo\/\"},\"author\":{\"name\":\"Aislan Baer\",\"@id\":\"https:\/\/projetopack.com.br\/#\/schema\/person\/87cbd7d1e244880886d457815ebd2490\"},\"headline\":\"O que rolou na Pack Expo Las Vegas 2019 e Healthcare Packaging Expo\",\"datePublished\":\"2019-10-06T13:39:00+00:00\",\"dateModified\":\"2021-09-11T19:59:38+00:00\",\"mainEntityOfPage\":{\"@id\":\"https:\/\/projetopack.com.br\/en\/o-que-rolou-na-pack-expo-las-vegas-2019-e-healthcare-packaging-expo\/\"},\"wordCount\":1304,\"commentCount\":0,\"publisher\":{\"@id\":\"https:\/\/projetopack.com.br\/#organization\"},\"keywords\":[\"Embalagem\",\"healthcareexpo\",\"packaging\",\"pmmi\",\"ProjetoPack\",\"projetopackemrevista\"],\"articleSection\":[\"Arquivo\"],\"inLanguage\":\"en-US\",\"potentialAction\":[{\"@type\":\"CommentAction\",\"name\":\"Comment\",\"target\":[\"https:\/\/projetopack.com.br\/en\/o-que-rolou-na-pack-expo-las-vegas-2019-e-healthcare-packaging-expo\/#respond\"]}]},{\"@type\":\"WebPage\",\"@id\":\"https:\/\/projetopack.com.br\/en\/o-que-rolou-na-pack-expo-las-vegas-2019-e-healthcare-packaging-expo\/\",\"url\":\"https:\/\/projetopack.com.br\/en\/o-que-rolou-na-pack-expo-las-vegas-2019-e-healthcare-packaging-expo\/\",\"name\":\"O que rolou na Pack Expo Las Vegas 2019 e Healthcare Packaging Expo - ProjetoPack\",\"isPartOf\":{\"@id\":\"https:\/\/projetopack.com.br\/#website\"},\"datePublished\":\"2019-10-06T13:39:00+00:00\",\"dateModified\":\"2021-09-11T19:59:38+00:00\",\"description\":\"Confira o melhor conte\u00fado sobre tecnologia, design e gest\u00e3o de embalagens flex\u00edveis, r\u00f3tulos e impress\u00e3o.\",\"breadcrumb\":{\"@id\":\"https:\/\/projetopack.com.br\/en\/o-que-rolou-na-pack-expo-las-vegas-2019-e-healthcare-packaging-expo\/#breadcrumb\"},\"inLanguage\":\"en-US\",\"potentialAction\":[{\"@type\":\"ReadAction\",\"target\":[\"https:\/\/projetopack.com.br\/en\/o-que-rolou-na-pack-expo-las-vegas-2019-e-healthcare-packaging-expo\/\"]}]},{\"@type\":\"BreadcrumbList\",\"@id\":\"https:\/\/projetopack.com.br\/en\/o-que-rolou-na-pack-expo-las-vegas-2019-e-healthcare-packaging-expo\/#breadcrumb\",\"itemListElement\":[{\"@type\":\"ListItem\",\"position\":1,\"name\":\"P\u00e1gina Inicial\",\"item\":\"https:\/\/projetopack.com.br\/\"},{\"@type\":\"ListItem\",\"position\":2,\"name\":\"Arquivo\",\"item\":\"https:\/\/projetopack.com.br\/en\/category\/arquivo\/\"},{\"@type\":\"ListItem\",\"position\":3,\"name\":\"O que rolou na Pack Expo Las Vegas 2019 e Healthcare Packaging Expo\"}]},{\"@type\":\"WebSite\",\"@id\":\"https:\/\/projetopack.com.br\/#website\",\"url\":\"https:\/\/projetopack.com.br\/\",\"name\":\"ProjetoPack\",\"description\":\"Consultoria e servi\u00e7os para embalagens, r\u00f3tulos, etiquetas e processos de impress\u00e3o\",\"publisher\":{\"@id\":\"https:\/\/projetopack.com.br\/#organization\"},\"potentialAction\":[{\"@type\":\"SearchAction\",\"target\":{\"@type\":\"EntryPoint\",\"urlTemplate\":\"https:\/\/projetopack.com.br\/?s={search_term_string}\"},\"query-input\":{\"@type\":\"PropertyValueSpecification\",\"valueRequired\":true,\"valueName\":\"search_term_string\"}}],\"inLanguage\":\"en-US\"},{\"@type\":\"Organization\",\"@id\":\"https:\/\/projetopack.com.br\/#organization\",\"name\":\"ProjetoPack & Associados\",\"url\":\"https:\/\/projetopack.com.br\/\",\"logo\":{\"@type\":\"ImageObject\",\"inLanguage\":\"en-US\",\"@id\":\"https:\/\/projetopack.com.br\/#\/schema\/logo\/image\/\",\"url\":\"https:\/\/projetopack.com.br\/wp-content\/uploads\/2020\/09\/projetopack.png\",\"contentUrl\":\"https:\/\/projetopack.com.br\/wp-content\/uploads\/2020\/09\/projetopack.png\",\"width\":200,\"height\":200,\"caption\":\"ProjetoPack & Associados\"},\"image\":{\"@id\":\"https:\/\/projetopack.com.br\/#\/schema\/logo\/image\/\"},\"sameAs\":[\"https:\/\/x.com\/ProjetoPack\",\"https:\/\/www.linkedin.com\/company\/projetopack\/\"]},{\"@type\":\"Person\",\"@id\":\"https:\/\/projetopack.com.br\/#\/schema\/person\/87cbd7d1e244880886d457815ebd2490\",\"name\":\"Aislan Baer\",\"image\":{\"@type\":\"ImageObject\",\"inLanguage\":\"en-US\",\"@id\":\"https:\/\/projetopack.com.br\/#\/schema\/person\/image\/\",\"url\":\"https:\/\/projetopack.com.br\/wp-content\/uploads\/2021\/08\/Aislan-Busto-p-100x100.jpg\",\"contentUrl\":\"https:\/\/projetopack.com.br\/wp-content\/uploads\/2021\/08\/Aislan-Busto-p-100x100.jpg\",\"caption\":\"Aislan Baer\"},\"description\":\"Desde os \u00faltimos 20 anos, meu time e eu ajudamos mais de 300 empresas brasileiras e estrangeiras (algumas delas, l\u00edderes mundiais) a produzir embalagens flex\u00edveis e r\u00f3tulos com maior efici\u00eancia, menores custos e maior apelo visual, bem como centenas de donos de marcas a comprar suas embalagens flex\u00edveis e material impresso com um crit\u00e9rio mais t\u00e9cnico e assertivo. Ao mesmo tempo, gra\u00e7as \u00e0 nossa consultoria, muitas destas empresas melhoraram significativamente o seu processo de Impress\u00e3o (Impress\u00e3o de embalagens, Impress\u00e3o industrial, Impress\u00e3o funcional e, mais recentemente, bio impress\u00e3o e manufatura aditiva ou simplesmente Impress\u00e3o 3D). Se a sua empresa tem um problema relacionado a embalagens flex\u00edveis, r\u00f3tulos ou Impress\u00e3o, por mais insol\u00favel que lhe pare\u00e7a, aguardamos ansiosos a sua liga\u00e7\u00e3o ou e-mail. Este \u00e9 nosso trabalho e tamb\u00e9m a nossa paix\u00e3o.\",\"sameAs\":[\"http:\/\/www.projetopack.com\",\"https:\/\/www.linkedin.com\/in\/aislanbaer\/\"],\"jobTitle\":\"CEO @ ProjetoPack | L\u00edder em M&A no Setor de Impress\u00e3o e Embalagens no Brasil | Cofundador da Inovagraf e Neuraflow | Especialista em Inova\u00e7\u00e3o com IA na Impress\u00e3o | Printing Legacy Initiative | Empreendedor Serial\",\"url\":\"https:\/\/projetopack.com.br\/en\/author\/aislan\/\"}]}<\/script>\n<!-- \/ Yoast SEO Premium plugin. -->","yoast_head_json":{"title":"O que rolou na Pack Expo Las Vegas 2019 e Healthcare Packaging Expo - ProjetoPack","description":"Confira o melhor conte\u00fado sobre tecnologia, design e gest\u00e3o de embalagens flex\u00edveis, r\u00f3tulos e impress\u00e3o.","robots":{"index":"index","follow":"follow","max-snippet":"max-snippet:-1","max-image-preview":"max-image-preview:large","max-video-preview":"max-video-preview:-1"},"canonical":"https:\/\/projetopack.com.br\/en\/o-que-rolou-na-pack-expo-las-vegas-2019-e-healthcare-packaging-expo\/","og_locale":"en_US","og_type":"article","og_title":"O que rolou na Pack Expo Las Vegas 2019 e Healthcare Packaging Expo","og_description":"Confira o melhor conte\u00fado sobre tecnologia, design e gest\u00e3o de embalagens flex\u00edveis, r\u00f3tulos e impress\u00e3o.","og_url":"https:\/\/projetopack.com.br\/en\/o-que-rolou-na-pack-expo-las-vegas-2019-e-healthcare-packaging-expo\/","og_site_name":"ProjetoPack","article_published_time":"2019-10-06T13:39:00+00:00","article_modified_time":"2021-09-11T19:59:38+00:00","og_image":[{"width":1200,"height":630,"url":"https:\/\/projetopack.com.br\/wp-content\/uploads\/2020\/06\/Capa-1200x630-1.png","type":"image\/png"}],"author":"Aislan Baer","twitter_card":"summary_large_image","twitter_creator":"@ProjetoPack","twitter_site":"@ProjetoPack","twitter_misc":{"Written by":"Aislan Baer","Est. reading time":"5 minutes"},"schema":{"@context":"https:\/\/schema.org","@graph":[{"@type":"Article","@id":"https:\/\/projetopack.com.br\/en\/o-que-rolou-na-pack-expo-las-vegas-2019-e-healthcare-packaging-expo\/#article","isPartOf":{"@id":"https:\/\/projetopack.com.br\/en\/o-que-rolou-na-pack-expo-las-vegas-2019-e-healthcare-packaging-expo\/"},"author":{"name":"Aislan Baer","@id":"https:\/\/projetopack.com.br\/#\/schema\/person\/87cbd7d1e244880886d457815ebd2490"},"headline":"O que rolou na Pack Expo Las Vegas 2019 e Healthcare Packaging Expo","datePublished":"2019-10-06T13:39:00+00:00","dateModified":"2021-09-11T19:59:38+00:00","mainEntityOfPage":{"@id":"https:\/\/projetopack.com.br\/en\/o-que-rolou-na-pack-expo-las-vegas-2019-e-healthcare-packaging-expo\/"},"wordCount":1304,"commentCount":0,"publisher":{"@id":"https:\/\/projetopack.com.br\/#organization"},"keywords":["Embalagem","healthcareexpo","packaging","pmmi","ProjetoPack","projetopackemrevista"],"articleSection":["Arquivo"],"inLanguage":"en-US","potentialAction":[{"@type":"CommentAction","name":"Comment","target":["https:\/\/projetopack.com.br\/en\/o-que-rolou-na-pack-expo-las-vegas-2019-e-healthcare-packaging-expo\/#respond"]}]},{"@type":"WebPage","@id":"https:\/\/projetopack.com.br\/en\/o-que-rolou-na-pack-expo-las-vegas-2019-e-healthcare-packaging-expo\/","url":"https:\/\/projetopack.com.br\/en\/o-que-rolou-na-pack-expo-las-vegas-2019-e-healthcare-packaging-expo\/","name":"O que rolou na Pack Expo Las Vegas 2019 e Healthcare Packaging Expo - ProjetoPack","isPartOf":{"@id":"https:\/\/projetopack.com.br\/#website"},"datePublished":"2019-10-06T13:39:00+00:00","dateModified":"2021-09-11T19:59:38+00:00","description":"Confira o melhor conte\u00fado sobre tecnologia, design e gest\u00e3o de embalagens flex\u00edveis, r\u00f3tulos e impress\u00e3o.","breadcrumb":{"@id":"https:\/\/projetopack.com.br\/en\/o-que-rolou-na-pack-expo-las-vegas-2019-e-healthcare-packaging-expo\/#breadcrumb"},"inLanguage":"en-US","potentialAction":[{"@type":"ReadAction","target":["https:\/\/projetopack.com.br\/en\/o-que-rolou-na-pack-expo-las-vegas-2019-e-healthcare-packaging-expo\/"]}]},{"@type":"BreadcrumbList","@id":"https:\/\/projetopack.com.br\/en\/o-que-rolou-na-pack-expo-las-vegas-2019-e-healthcare-packaging-expo\/#breadcrumb","itemListElement":[{"@type":"ListItem","position":1,"name":"P\u00e1gina Inicial","item":"https:\/\/projetopack.com.br\/"},{"@type":"ListItem","position":2,"name":"Arquivo","item":"https:\/\/projetopack.com.br\/en\/category\/arquivo\/"},{"@type":"ListItem","position":3,"name":"O que rolou na Pack Expo Las Vegas 2019 e Healthcare Packaging Expo"}]},{"@type":"WebSite","@id":"https:\/\/projetopack.com.br\/#website","url":"https:\/\/projetopack.com.br\/","name":"ProjetoPack","description":"Consultoria e servi\u00e7os para embalagens, r\u00f3tulos, etiquetas e processos de impress\u00e3o","publisher":{"@id":"https:\/\/projetopack.com.br\/#organization"},"potentialAction":[{"@type":"SearchAction","target":{"@type":"EntryPoint","urlTemplate":"https:\/\/projetopack.com.br\/?s={search_term_string}"},"query-input":{"@type":"PropertyValueSpecification","valueRequired":true,"valueName":"search_term_string"}}],"inLanguage":"en-US"},{"@type":"Organization","@id":"https:\/\/projetopack.com.br\/#organization","name":"ProjetoPack & Associados","url":"https:\/\/projetopack.com.br\/","logo":{"@type":"ImageObject","inLanguage":"en-US","@id":"https:\/\/projetopack.com.br\/#\/schema\/logo\/image\/","url":"https:\/\/projetopack.com.br\/wp-content\/uploads\/2020\/09\/projetopack.png","contentUrl":"https:\/\/projetopack.com.br\/wp-content\/uploads\/2020\/09\/projetopack.png","width":200,"height":200,"caption":"ProjetoPack & Associados"},"image":{"@id":"https:\/\/projetopack.com.br\/#\/schema\/logo\/image\/"},"sameAs":["https:\/\/x.com\/ProjetoPack","https:\/\/www.linkedin.com\/company\/projetopack\/"]},{"@type":"Person","@id":"https:\/\/projetopack.com.br\/#\/schema\/person\/87cbd7d1e244880886d457815ebd2490","name":"Aislan Baer","image":{"@type":"ImageObject","inLanguage":"en-US","@id":"https:\/\/projetopack.com.br\/#\/schema\/person\/image\/","url":"https:\/\/projetopack.com.br\/wp-content\/uploads\/2021\/08\/Aislan-Busto-p-100x100.jpg","contentUrl":"https:\/\/projetopack.com.br\/wp-content\/uploads\/2021\/08\/Aislan-Busto-p-100x100.jpg","caption":"Aislan Baer"},"description":"Desde os \u00faltimos 20 anos, meu time e eu ajudamos mais de 300 empresas brasileiras e estrangeiras (algumas delas, l\u00edderes mundiais) a produzir embalagens flex\u00edveis e r\u00f3tulos com maior efici\u00eancia, menores custos e maior apelo visual, bem como centenas de donos de marcas a comprar suas embalagens flex\u00edveis e material impresso com um crit\u00e9rio mais t\u00e9cnico e assertivo. Ao mesmo tempo, gra\u00e7as \u00e0 nossa consultoria, muitas destas empresas melhoraram significativamente o seu processo de Impress\u00e3o (Impress\u00e3o de embalagens, Impress\u00e3o industrial, Impress\u00e3o funcional e, mais recentemente, bio impress\u00e3o e manufatura aditiva ou simplesmente Impress\u00e3o 3D). Se a sua empresa tem um problema relacionado a embalagens flex\u00edveis, r\u00f3tulos ou Impress\u00e3o, por mais insol\u00favel que lhe pare\u00e7a, aguardamos ansiosos a sua liga\u00e7\u00e3o ou e-mail. Este \u00e9 nosso trabalho e tamb\u00e9m a nossa paix\u00e3o.","sameAs":["http:\/\/www.projetopack.com","https:\/\/www.linkedin.com\/in\/aislanbaer\/"],"jobTitle":"CEO @ ProjetoPack | L\u00edder em M&A no Setor de Impress\u00e3o e Embalagens no Brasil | Cofundador da Inovagraf e Neuraflow | Especialista em Inova\u00e7\u00e3o com IA na Impress\u00e3o | Printing Legacy Initiative | Empreendedor Serial","url":"https:\/\/projetopack.com.br\/en\/author\/aislan\/"}]}},"_links":{"self":[{"href":"https:\/\/projetopack.com.br\/en\/wp-json\/wp\/v2\/posts\/6082","targetHints":{"allow":["GET"]}}],"collection":[{"href":"https:\/\/projetopack.com.br\/en\/wp-json\/wp\/v2\/posts"}],"about":[{"href":"https:\/\/projetopack.com.br\/en\/wp-json\/wp\/v2\/types\/post"}],"author":[{"embeddable":true,"href":"https:\/\/projetopack.com.br\/en\/wp-json\/wp\/v2\/users\/2"}],"replies":[{"embeddable":true,"href":"https:\/\/projetopack.com.br\/en\/wp-json\/wp\/v2\/comments?post=6082"}],"version-history":[{"count":0,"href":"https:\/\/projetopack.com.br\/en\/wp-json\/wp\/v2\/posts\/6082\/revisions"}],"wp:attachment":[{"href":"https:\/\/projetopack.com.br\/en\/wp-json\/wp\/v2\/media?parent=6082"}],"wp:term":[{"taxonomy":"category","embeddable":true,"href":"https:\/\/projetopack.com.br\/en\/wp-json\/wp\/v2\/categories?post=6082"},{"taxonomy":"post_tag","embeddable":true,"href":"https:\/\/projetopack.com.br\/en\/wp-json\/wp\/v2\/tags?post=6082"}],"curies":[{"name":"wp","href":"https:\/\/api.w.org\/{rel}","templated":true}]}}