{"id":6098,"date":"2018-06-25T11:28:00","date_gmt":"2018-06-25T14:28:00","guid":{"rendered":"http:\/\/www.projetopack.com.br\/2020\/?p=6098"},"modified":"2021-09-10T16:57:44","modified_gmt":"2021-09-10T19:57:44","slug":"packaging-on-the-go","status":"publish","type":"post","link":"https:\/\/projetopack.com.br\/en\/packaging-on-the-go\/","title":{"rendered":"Packaging on-the-go"},"content":{"rendered":"<p>Em um passado distante, estudos (sim, sempre esses tais estudos nebulosos) diziam que um trabalhador n\u00e3o seria capaz de suportar viagens di\u00e1rias superiores a 45 minutos entre a sua casa e o trabalho. O \u00faltimo estudo do IBGE (Instituto Brasileiro de Geografia e Estat\u00edstica) coletou dados do tempo m\u00e9dio de viagem casa x trabalho em diversas capitais brasileiras, no per\u00edodo compreendido entre 1992 e 2009. Naquela saudosa \u00e9poca, de &#8220;tr\u00e2nsito ameno&#8221;, o paulista levava em m\u00e9dia 42,8 minutos de trajeto, ao passo que o carioca, 42,6 minutos. Este tempo ficava somente atr\u00e1s de Xangai, China, \u00e0 \u00e9poca com 50 minutos.<\/p>\n\n\n\n<p>\u00c9 claro que desde ent\u00e3o, a coisa s\u00f3 piorou. Mais carros, mais motoristas inexperientes, mais problemas de manuten\u00e7\u00e3o das rodovias e, pasmem, mais comportamento de manada com a difus\u00e3o dos aplicativos de orienta\u00e7\u00e3o no tr\u00e2nsito como o Waze (sim, novamente os estudos &#8211; dessa vez mostrando por A mais B que estes aplicativos mais atrapalham do que ajudam: https:\/\/tecnologia.uol.com.br\/noticias\/redacao\/2018\/03\/16\/estudo-prova-que-waze-e-google-maps-na-verdade-atrapalham-o-transito.htm).<\/p>\n\n\n\n<p>Ficar tempo demais no tr\u00e2nsito tem, certamente, mais implica\u00e7\u00f5es negativas do que positivas. Com o aumento da ansiedade e do estresse, sobe o risco de comportamento perigoso nas estradas, eleva-se tamb\u00e9m a probabilidade de acidentes e agravamento da sa\u00fade em geral &#8211; tempo demais sentado ou em p\u00e9 propiciam problemas de circula\u00e7\u00e3o sangu\u00ednea, por exemplo.<\/p>\n\n\n\n<p>A obesidade tamb\u00e9m \u00e9 favorecida, uma vez que parte da ansiedade \u00e9 combatida comendo. Pequenos snacks, chocolates, bebidas prontas e tudo o que pode ser carregado nas m\u00e3os, bolsos, bolsas e sacolas. Sabendo-se dessa demanda latente por &#8220;alimenta\u00e7\u00e3o em tr\u00e2nsito&#8221;, proliferam-se as vending machines nas esta\u00e7\u00f5es de trem, metr\u00f4, \u00f4nibus e aeoroportos.<\/p>\n\n\n\n<p>Mas o que nos interessa \u00e9 a embalagem. Comer em tr\u00e2nsito \u00e9 um desafio. Seja fazendo isso mais confortavelmente enquanto dirige (o que n\u00e3o \u00e9 recomendado, por sinal), quer de p\u00e9 apertado feito uma sardinha no metr\u00f4 sentido Corinthians &#8211; Itaquera.<\/p>\n\n\n\n<p>Embalagens para consumo em tr\u00e2nsito precisam ser projetadas com um mindset diferente: precisa ser o menor e o mais leve poss\u00edvel, ter boa conformidade (nesse quesito, as flex\u00edveis levam ampla vantagem), ter grande resist\u00eancia \u00e0 queda (drop test &#8220;n\u00edvel hard&#8221;), apresentar dispositivos para abrir e fechar sem vazamentos (o que seria um desastre naquela bolsa cheia de trecos onde encontrar a chave \u00e9 tarefa herc\u00falea) e &#8211; o principal &#8211; ser muito, muito ergon\u00f4mica. Comer ou beber algo sentado ou em p\u00e9 em um ve\u00edculo em movimento exige destreza, mas a embalagem pode ajudar com uma &#8220;pegabilidade&#8221; extra. \u00c9 precisamente por este motivo que uma das principais solu\u00e7\u00f5es flex\u00edveis para consumo em tr\u00e2nsito &#8211; stand-up pouch &#8211; tem adquirido formas cada vez mais org\u00e2nicas. Garrafas e frascos r\u00edgidos est\u00e3o com um design cada vez mais funcional e a maioria dos frascos de isot\u00f4nicos e \u00e1guas, produtos geralmente consumidos durante exerc\u00edcios f\u00edsicos como corrida, caminhada e pedaladas, tem agregado um &#8220;grip&#8221; (textura ou relevo) na regi\u00e3o da pegada da m\u00e3o, que reduz o risco de escorregamentos e quedas.<\/p>\n\n\n\n<p>Projetar embalagens n\u00e3o \u00e9 algo que possa ser feito de forma passiva, esperando o fornecedor trazer alguma novidade. Mais do que nunca, \u00e9 necess\u00e1rio compreender e estar antenado \u00e0s macro e microtend\u00eancias que, gradual e silenciosamente, v\u00e3o modelando o comportamento do consumidor.<\/p>\n\n\n\n<p>Espero que esse texto, ap\u00f3s um certo tempo sumido do LinkedIn, seja leve e agregue alguma informa\u00e7\u00e3o \u00fatil. By the way, mais uma faceta do consumo em tr\u00e2nsito s\u00e3o os audiobooks (reparou que a loja da Google come\u00e7ou esta semana a vender audiobooks?), uma vez que as pessoas agora tem mais tempo para ler a caminho de casa. Quem sabe, em breve, o LinkedIn n\u00e3o lan\u00e7a uma nova funcionalidade para, ao inv\u00e9s de subir textos como esse, n\u00e3o possamos subir j\u00e1 o audio? LinkedIn, vai que \u00e9 sua e depois lembra dos royalties aqui do tio&#8230;<\/p>\n\n\n\n<p>Abra\u00e7os,<\/p>\n\n\n\n<p>Aislan Baer<\/p>","protected":false},"excerpt":{"rendered":"<p>Em um passado distante, estudos (sim, sempre esses tais estudos nebulosos) diziam que um trabalhador n\u00e3o seria capaz de suportar viagens di\u00e1rias superiores a 45 minutos entre a sua casa e o trabalho. O \u00faltimo estudo do IBGE (Instituto Brasileiro de Geografia e Estat\u00edstica) coletou dados do tempo m\u00e9dio de viagem casa x trabalho em [&hellip;]<\/p>\n","protected":false},"author":2,"featured_media":0,"comment_status":"open","ping_status":"closed","sticky":false,"template":"","format":"standard","meta":{"footnotes":""},"categories":[877],"tags":[413,412,135,411,346],"class_list":["post-6098","post","type-post","status-publish","format-standard","hentry","category-arquivo","tag-brands","tag-consumo","tag-embalagem","tag-marketing","tag-packaging"],"yoast_head":"<!-- This site is optimized with the Yoast SEO Premium plugin v27.1 (Yoast SEO v27.1.1) - https:\/\/yoast.com\/product\/yoast-seo-premium-wordpress\/ -->\n<title>Packaging on-the-go - ProjetoPack<\/title>\n<meta name=\"description\" content=\"Confira o melhor conte\u00fado sobre tecnologia, design e gest\u00e3o de embalagens flex\u00edveis, r\u00f3tulos e impress\u00e3o.\" \/>\n<meta name=\"robots\" content=\"index, follow, max-snippet:-1, max-image-preview:large, max-video-preview:-1\" \/>\n<link rel=\"canonical\" href=\"https:\/\/projetopack.com.br\/en\/packaging-on-the-go\/\" \/>\n<meta property=\"og:locale\" content=\"en_US\" \/>\n<meta property=\"og:type\" content=\"article\" \/>\n<meta property=\"og:title\" content=\"Packaging on-the-go\" \/>\n<meta property=\"og:description\" content=\"Confira o melhor conte\u00fado sobre tecnologia, design e gest\u00e3o de embalagens flex\u00edveis, r\u00f3tulos e impress\u00e3o.\" \/>\n<meta property=\"og:url\" content=\"https:\/\/projetopack.com.br\/en\/packaging-on-the-go\/\" \/>\n<meta property=\"og:site_name\" content=\"ProjetoPack\" \/>\n<meta property=\"article:published_time\" content=\"2018-06-25T14:28:00+00:00\" \/>\n<meta property=\"article:modified_time\" content=\"2021-09-10T19:57:44+00:00\" \/>\n<meta property=\"og:image\" content=\"https:\/\/projetopack.com.br\/wp-content\/uploads\/2020\/06\/Capa-1200x630-1.png\" \/>\n\t<meta property=\"og:image:width\" content=\"1200\" \/>\n\t<meta property=\"og:image:height\" content=\"630\" \/>\n\t<meta property=\"og:image:type\" content=\"image\/png\" \/>\n<meta name=\"author\" content=\"Aislan Baer\" \/>\n<meta name=\"twitter:card\" content=\"summary_large_image\" \/>\n<meta name=\"twitter:creator\" content=\"@ProjetoPack\" \/>\n<meta name=\"twitter:site\" content=\"@ProjetoPack\" \/>\n<meta name=\"twitter:label1\" content=\"Written by\" \/>\n\t<meta name=\"twitter:data1\" content=\"Aislan Baer\" \/>\n\t<meta name=\"twitter:label2\" content=\"Est. reading time\" \/>\n\t<meta name=\"twitter:data2\" content=\"3 minutes\" \/>\n<script type=\"application\/ld+json\" class=\"yoast-schema-graph\">{\"@context\":\"https:\/\/schema.org\",\"@graph\":[{\"@type\":\"Article\",\"@id\":\"https:\/\/projetopack.com.br\/en\/packaging-on-the-go\/#article\",\"isPartOf\":{\"@id\":\"https:\/\/projetopack.com.br\/en\/packaging-on-the-go\/\"},\"author\":{\"name\":\"Aislan Baer\",\"@id\":\"https:\/\/projetopack.com.br\/#\/schema\/person\/87cbd7d1e244880886d457815ebd2490\"},\"headline\":\"Packaging on-the-go\",\"datePublished\":\"2018-06-25T14:28:00+00:00\",\"dateModified\":\"2021-09-10T19:57:44+00:00\",\"mainEntityOfPage\":{\"@id\":\"https:\/\/projetopack.com.br\/en\/packaging-on-the-go\/\"},\"wordCount\":675,\"commentCount\":0,\"publisher\":{\"@id\":\"https:\/\/projetopack.com.br\/#organization\"},\"keywords\":[\"brands\",\"consumo\",\"Embalagem\",\"marketing\",\"packaging\"],\"articleSection\":[\"Arquivo\"],\"inLanguage\":\"en-US\",\"potentialAction\":[{\"@type\":\"CommentAction\",\"name\":\"Comment\",\"target\":[\"https:\/\/projetopack.com.br\/en\/packaging-on-the-go\/#respond\"]}]},{\"@type\":\"WebPage\",\"@id\":\"https:\/\/projetopack.com.br\/en\/packaging-on-the-go\/\",\"url\":\"https:\/\/projetopack.com.br\/en\/packaging-on-the-go\/\",\"name\":\"Packaging on-the-go - ProjetoPack\",\"isPartOf\":{\"@id\":\"https:\/\/projetopack.com.br\/#website\"},\"datePublished\":\"2018-06-25T14:28:00+00:00\",\"dateModified\":\"2021-09-10T19:57:44+00:00\",\"description\":\"Confira o melhor conte\u00fado sobre tecnologia, design e gest\u00e3o de embalagens flex\u00edveis, r\u00f3tulos e impress\u00e3o.\",\"breadcrumb\":{\"@id\":\"https:\/\/projetopack.com.br\/en\/packaging-on-the-go\/#breadcrumb\"},\"inLanguage\":\"en-US\",\"potentialAction\":[{\"@type\":\"ReadAction\",\"target\":[\"https:\/\/projetopack.com.br\/en\/packaging-on-the-go\/\"]}]},{\"@type\":\"BreadcrumbList\",\"@id\":\"https:\/\/projetopack.com.br\/en\/packaging-on-the-go\/#breadcrumb\",\"itemListElement\":[{\"@type\":\"ListItem\",\"position\":1,\"name\":\"P\u00e1gina Inicial\",\"item\":\"https:\/\/projetopack.com.br\/\"},{\"@type\":\"ListItem\",\"position\":2,\"name\":\"Arquivo\",\"item\":\"https:\/\/projetopack.com.br\/en\/category\/arquivo\/\"},{\"@type\":\"ListItem\",\"position\":3,\"name\":\"Packaging on-the-go\"}]},{\"@type\":\"WebSite\",\"@id\":\"https:\/\/projetopack.com.br\/#website\",\"url\":\"https:\/\/projetopack.com.br\/\",\"name\":\"ProjetoPack\",\"description\":\"Consultoria e servi\u00e7os para embalagens, r\u00f3tulos, etiquetas e processos de impress\u00e3o\",\"publisher\":{\"@id\":\"https:\/\/projetopack.com.br\/#organization\"},\"potentialAction\":[{\"@type\":\"SearchAction\",\"target\":{\"@type\":\"EntryPoint\",\"urlTemplate\":\"https:\/\/projetopack.com.br\/?s={search_term_string}\"},\"query-input\":{\"@type\":\"PropertyValueSpecification\",\"valueRequired\":true,\"valueName\":\"search_term_string\"}}],\"inLanguage\":\"en-US\"},{\"@type\":\"Organization\",\"@id\":\"https:\/\/projetopack.com.br\/#organization\",\"name\":\"ProjetoPack & Associados\",\"url\":\"https:\/\/projetopack.com.br\/\",\"logo\":{\"@type\":\"ImageObject\",\"inLanguage\":\"en-US\",\"@id\":\"https:\/\/projetopack.com.br\/#\/schema\/logo\/image\/\",\"url\":\"https:\/\/projetopack.com.br\/wp-content\/uploads\/2020\/09\/projetopack.png\",\"contentUrl\":\"https:\/\/projetopack.com.br\/wp-content\/uploads\/2020\/09\/projetopack.png\",\"width\":200,\"height\":200,\"caption\":\"ProjetoPack & Associados\"},\"image\":{\"@id\":\"https:\/\/projetopack.com.br\/#\/schema\/logo\/image\/\"},\"sameAs\":[\"https:\/\/x.com\/ProjetoPack\",\"https:\/\/www.linkedin.com\/company\/projetopack\/\"]},{\"@type\":\"Person\",\"@id\":\"https:\/\/projetopack.com.br\/#\/schema\/person\/87cbd7d1e244880886d457815ebd2490\",\"name\":\"Aislan Baer\",\"image\":{\"@type\":\"ImageObject\",\"inLanguage\":\"en-US\",\"@id\":\"https:\/\/projetopack.com.br\/#\/schema\/person\/image\/\",\"url\":\"https:\/\/projetopack.com.br\/wp-content\/uploads\/2021\/08\/Aislan-Busto-p-100x100.jpg\",\"contentUrl\":\"https:\/\/projetopack.com.br\/wp-content\/uploads\/2021\/08\/Aislan-Busto-p-100x100.jpg\",\"caption\":\"Aislan Baer\"},\"description\":\"Desde os \u00faltimos 20 anos, meu time e eu ajudamos mais de 300 empresas brasileiras e estrangeiras (algumas delas, l\u00edderes mundiais) a produzir embalagens flex\u00edveis e r\u00f3tulos com maior efici\u00eancia, menores custos e maior apelo visual, bem como centenas de donos de marcas a comprar suas embalagens flex\u00edveis e material impresso com um crit\u00e9rio mais t\u00e9cnico e assertivo. Ao mesmo tempo, gra\u00e7as \u00e0 nossa consultoria, muitas destas empresas melhoraram significativamente o seu processo de Impress\u00e3o (Impress\u00e3o de embalagens, Impress\u00e3o industrial, Impress\u00e3o funcional e, mais recentemente, bio impress\u00e3o e manufatura aditiva ou simplesmente Impress\u00e3o 3D). Se a sua empresa tem um problema relacionado a embalagens flex\u00edveis, r\u00f3tulos ou Impress\u00e3o, por mais insol\u00favel que lhe pare\u00e7a, aguardamos ansiosos a sua liga\u00e7\u00e3o ou e-mail. Este \u00e9 nosso trabalho e tamb\u00e9m a nossa paix\u00e3o.\",\"sameAs\":[\"http:\/\/www.projetopack.com\",\"https:\/\/www.linkedin.com\/in\/aislanbaer\/\"],\"jobTitle\":\"CEO @ ProjetoPack | L\u00edder em M&A no Setor de Impress\u00e3o e Embalagens no Brasil | Cofundador da Inovagraf e Neuraflow | Especialista em Inova\u00e7\u00e3o com IA na Impress\u00e3o | Printing Legacy Initiative | Empreendedor Serial\",\"url\":\"https:\/\/projetopack.com.br\/en\/author\/aislan\/\"}]}<\/script>\n<!-- \/ Yoast SEO Premium plugin. -->","yoast_head_json":{"title":"Packaging on-the-go - ProjetoPack","description":"Confira o melhor conte\u00fado sobre tecnologia, design e gest\u00e3o de embalagens flex\u00edveis, r\u00f3tulos e impress\u00e3o.","robots":{"index":"index","follow":"follow","max-snippet":"max-snippet:-1","max-image-preview":"max-image-preview:large","max-video-preview":"max-video-preview:-1"},"canonical":"https:\/\/projetopack.com.br\/en\/packaging-on-the-go\/","og_locale":"en_US","og_type":"article","og_title":"Packaging on-the-go","og_description":"Confira o melhor conte\u00fado sobre tecnologia, design e gest\u00e3o de embalagens flex\u00edveis, r\u00f3tulos e impress\u00e3o.","og_url":"https:\/\/projetopack.com.br\/en\/packaging-on-the-go\/","og_site_name":"ProjetoPack","article_published_time":"2018-06-25T14:28:00+00:00","article_modified_time":"2021-09-10T19:57:44+00:00","og_image":[{"width":1200,"height":630,"url":"https:\/\/projetopack.com.br\/wp-content\/uploads\/2020\/06\/Capa-1200x630-1.png","type":"image\/png"}],"author":"Aislan Baer","twitter_card":"summary_large_image","twitter_creator":"@ProjetoPack","twitter_site":"@ProjetoPack","twitter_misc":{"Written by":"Aislan Baer","Est. reading time":"3 minutes"},"schema":{"@context":"https:\/\/schema.org","@graph":[{"@type":"Article","@id":"https:\/\/projetopack.com.br\/en\/packaging-on-the-go\/#article","isPartOf":{"@id":"https:\/\/projetopack.com.br\/en\/packaging-on-the-go\/"},"author":{"name":"Aislan Baer","@id":"https:\/\/projetopack.com.br\/#\/schema\/person\/87cbd7d1e244880886d457815ebd2490"},"headline":"Packaging on-the-go","datePublished":"2018-06-25T14:28:00+00:00","dateModified":"2021-09-10T19:57:44+00:00","mainEntityOfPage":{"@id":"https:\/\/projetopack.com.br\/en\/packaging-on-the-go\/"},"wordCount":675,"commentCount":0,"publisher":{"@id":"https:\/\/projetopack.com.br\/#organization"},"keywords":["brands","consumo","Embalagem","marketing","packaging"],"articleSection":["Arquivo"],"inLanguage":"en-US","potentialAction":[{"@type":"CommentAction","name":"Comment","target":["https:\/\/projetopack.com.br\/en\/packaging-on-the-go\/#respond"]}]},{"@type":"WebPage","@id":"https:\/\/projetopack.com.br\/en\/packaging-on-the-go\/","url":"https:\/\/projetopack.com.br\/en\/packaging-on-the-go\/","name":"Packaging on-the-go - ProjetoPack","isPartOf":{"@id":"https:\/\/projetopack.com.br\/#website"},"datePublished":"2018-06-25T14:28:00+00:00","dateModified":"2021-09-10T19:57:44+00:00","description":"Confira o melhor conte\u00fado sobre tecnologia, design e gest\u00e3o de embalagens flex\u00edveis, r\u00f3tulos e impress\u00e3o.","breadcrumb":{"@id":"https:\/\/projetopack.com.br\/en\/packaging-on-the-go\/#breadcrumb"},"inLanguage":"en-US","potentialAction":[{"@type":"ReadAction","target":["https:\/\/projetopack.com.br\/en\/packaging-on-the-go\/"]}]},{"@type":"BreadcrumbList","@id":"https:\/\/projetopack.com.br\/en\/packaging-on-the-go\/#breadcrumb","itemListElement":[{"@type":"ListItem","position":1,"name":"P\u00e1gina Inicial","item":"https:\/\/projetopack.com.br\/"},{"@type":"ListItem","position":2,"name":"Arquivo","item":"https:\/\/projetopack.com.br\/en\/category\/arquivo\/"},{"@type":"ListItem","position":3,"name":"Packaging on-the-go"}]},{"@type":"WebSite","@id":"https:\/\/projetopack.com.br\/#website","url":"https:\/\/projetopack.com.br\/","name":"ProjetoPack","description":"Consultoria e servi\u00e7os para embalagens, r\u00f3tulos, etiquetas e processos de impress\u00e3o","publisher":{"@id":"https:\/\/projetopack.com.br\/#organization"},"potentialAction":[{"@type":"SearchAction","target":{"@type":"EntryPoint","urlTemplate":"https:\/\/projetopack.com.br\/?s={search_term_string}"},"query-input":{"@type":"PropertyValueSpecification","valueRequired":true,"valueName":"search_term_string"}}],"inLanguage":"en-US"},{"@type":"Organization","@id":"https:\/\/projetopack.com.br\/#organization","name":"ProjetoPack & Associados","url":"https:\/\/projetopack.com.br\/","logo":{"@type":"ImageObject","inLanguage":"en-US","@id":"https:\/\/projetopack.com.br\/#\/schema\/logo\/image\/","url":"https:\/\/projetopack.com.br\/wp-content\/uploads\/2020\/09\/projetopack.png","contentUrl":"https:\/\/projetopack.com.br\/wp-content\/uploads\/2020\/09\/projetopack.png","width":200,"height":200,"caption":"ProjetoPack & Associados"},"image":{"@id":"https:\/\/projetopack.com.br\/#\/schema\/logo\/image\/"},"sameAs":["https:\/\/x.com\/ProjetoPack","https:\/\/www.linkedin.com\/company\/projetopack\/"]},{"@type":"Person","@id":"https:\/\/projetopack.com.br\/#\/schema\/person\/87cbd7d1e244880886d457815ebd2490","name":"Aislan Baer","image":{"@type":"ImageObject","inLanguage":"en-US","@id":"https:\/\/projetopack.com.br\/#\/schema\/person\/image\/","url":"https:\/\/projetopack.com.br\/wp-content\/uploads\/2021\/08\/Aislan-Busto-p-100x100.jpg","contentUrl":"https:\/\/projetopack.com.br\/wp-content\/uploads\/2021\/08\/Aislan-Busto-p-100x100.jpg","caption":"Aislan Baer"},"description":"Desde os \u00faltimos 20 anos, meu time e eu ajudamos mais de 300 empresas brasileiras e estrangeiras (algumas delas, l\u00edderes mundiais) a produzir embalagens flex\u00edveis e r\u00f3tulos com maior efici\u00eancia, menores custos e maior apelo visual, bem como centenas de donos de marcas a comprar suas embalagens flex\u00edveis e material impresso com um crit\u00e9rio mais t\u00e9cnico e assertivo. Ao mesmo tempo, gra\u00e7as \u00e0 nossa consultoria, muitas destas empresas melhoraram significativamente o seu processo de Impress\u00e3o (Impress\u00e3o de embalagens, Impress\u00e3o industrial, Impress\u00e3o funcional e, mais recentemente, bio impress\u00e3o e manufatura aditiva ou simplesmente Impress\u00e3o 3D). Se a sua empresa tem um problema relacionado a embalagens flex\u00edveis, r\u00f3tulos ou Impress\u00e3o, por mais insol\u00favel que lhe pare\u00e7a, aguardamos ansiosos a sua liga\u00e7\u00e3o ou e-mail. Este \u00e9 nosso trabalho e tamb\u00e9m a nossa paix\u00e3o.","sameAs":["http:\/\/www.projetopack.com","https:\/\/www.linkedin.com\/in\/aislanbaer\/"],"jobTitle":"CEO @ ProjetoPack | L\u00edder em M&A no Setor de Impress\u00e3o e Embalagens no Brasil | Cofundador da Inovagraf e Neuraflow | Especialista em Inova\u00e7\u00e3o com IA na Impress\u00e3o | Printing Legacy Initiative | Empreendedor Serial","url":"https:\/\/projetopack.com.br\/en\/author\/aislan\/"}]}},"_links":{"self":[{"href":"https:\/\/projetopack.com.br\/en\/wp-json\/wp\/v2\/posts\/6098","targetHints":{"allow":["GET"]}}],"collection":[{"href":"https:\/\/projetopack.com.br\/en\/wp-json\/wp\/v2\/posts"}],"about":[{"href":"https:\/\/projetopack.com.br\/en\/wp-json\/wp\/v2\/types\/post"}],"author":[{"embeddable":true,"href":"https:\/\/projetopack.com.br\/en\/wp-json\/wp\/v2\/users\/2"}],"replies":[{"embeddable":true,"href":"https:\/\/projetopack.com.br\/en\/wp-json\/wp\/v2\/comments?post=6098"}],"version-history":[{"count":0,"href":"https:\/\/projetopack.com.br\/en\/wp-json\/wp\/v2\/posts\/6098\/revisions"}],"wp:attachment":[{"href":"https:\/\/projetopack.com.br\/en\/wp-json\/wp\/v2\/media?parent=6098"}],"wp:term":[{"taxonomy":"category","embeddable":true,"href":"https:\/\/projetopack.com.br\/en\/wp-json\/wp\/v2\/categories?post=6098"},{"taxonomy":"post_tag","embeddable":true,"href":"https:\/\/projetopack.com.br\/en\/wp-json\/wp\/v2\/tags?post=6098"}],"curies":[{"name":"wp","href":"https:\/\/api.w.org\/{rel}","templated":true}]}}