{"id":6202,"date":"2020-06-03T15:47:21","date_gmt":"2020-06-03T18:47:21","guid":{"rendered":"https:\/\/www.projetopack.com.br\/?p=6202"},"modified":"2020-06-03T15:47:24","modified_gmt":"2020-06-03T18:47:24","slug":"indice-dow-jones-embalagens%e2%80%8b-mostra-queda-forte-no-valor-de-mercado-das-grandes-do-setor","status":"publish","type":"post","link":"https:\/\/projetopack.com.br\/en\/indice-dow-jones-embalagens%e2%80%8b-mostra-queda-forte-no-valor-de-mercado-das-grandes-do-setor\/","title":{"rendered":"\u00cdndice Dow Jones &#8220;Embalagens&#8221;\u200b mostra queda forte no valor de mercado das grandes do setor"},"content":{"rendered":"<p>Antes de qualquer coisa: se n\u00e3o assinou o news, assine agora mesmo. E se j\u00e1 assinou, que tal compartilhar com os amigos dentro e fora da plataforma? Quer participar com alguma not\u00edcia, opini\u00e3o ou sugest\u00e3o? Manda pra gente por e-mail: <a target=\"_blank\" rel=\"noreferrer noopener\">revista@projetopack.com<\/a>. Desde j\u00e1, agradecemos a sua participa\u00e7\u00e3o \ud83d\ude42<\/p>\n\n\n\n<p>O \u00edndice Dow Jones &#8220;Containers &amp; Packaging&#8221; \u00e9 um indicador interessante. Ele abarca os fabricantes de embalagens e recipientes met\u00e1licos, de vidro e pl\u00e1stico (incluindo tampas e rolhas), al\u00e9m dos fabricantes de de papel e embalagens cartot\u00e9cnicas (papel e papel\u00e3o).<\/p>\n\n\n\n<figure class=\"wp-block-pullquote\"><blockquote><p>O valor estimado das empresas representadas neste \u00edndice &#8211; o chamado &#8220;Market Cap&#8221; \u00e9 de aproximadamente USD 127,60 bilh\u00f5es.<\/p><\/blockquote><\/figure>\n\n\n\n<p>Companhias como Avery Dennison, Silgan Holdings, Graphic Packaging, Ball Corp., Crown Holdings, Greif, Berry, Sonoco, WestRock, Sealed Air e O-I s\u00e3o alguns dos nomes agrupados neste \u00edndice. que vinha apresentando uma taxa de recupera\u00e7\u00e3o bastante pr\u00f3xima do \u00edndice <a href=\"https:\/\/pt.wikipedia.org\/wiki\/S%26P_500\" target=\"_blank\" rel=\"noreferrer noopener\">S&amp;P500<\/a> (os quinhentos ativos mais cotados nas bolsas NYSE ou NASDAQ) at\u00e9 meados do fim de abril e, agora neste m\u00eas de maio, come\u00e7a a sentir mais contundentemente a queda das receitas e seus impactos &#8220;precificados&#8221; no valor dos pap\u00e9is.<\/p>\n\n\n\n<figure class=\"wp-block-image size-full is-style-default\"><img fetchpriority=\"high\" decoding=\"async\" width=\"600\" height=\"558\" src=\"https:\/\/projetopack.com.br\/wp-content\/uploads\/2020\/06\/imagem2.png\" alt=\"N\u00e3o foi fornecido texto alternativo para esta imagem\" class=\"wp-image-6205\" srcset=\"https:\/\/projetopack.com.br\/wp-content\/uploads\/2020\/06\/imagem2.png 600w, https:\/\/projetopack.com.br\/wp-content\/uploads\/2020\/06\/imagem2-300x279.png 300w, https:\/\/projetopack.com.br\/wp-content\/uploads\/2020\/06\/imagem2-768x714.png 768w\" sizes=\"(max-width: 600px) 100vw, 600px\" \/><\/figure>\n\n\n\n<p>(Em lil\u00e1s, S&amp;P500 e em Azul, Dow Jones^Packaging and Containers).<\/p>\n\n\n\n<p>H\u00e1 uma m\u00edriade de fatores &#8211; desde os de cunho especulativo como os sist\u00eamicos &#8211; que podem ajudar explicar a queda mais intensa do nosso segmento, face ao S&amp;P500. Obviamente, a maior (bem maior) granularidade do \u00edndice S&amp;P500 face ao DJUCSP \u00e9 um dos mais not\u00f3rios. Mas o ponto aqui \u00e9: em Maio, a ind\u00fastria finalmente sentiu.<\/p>\n\n\n\n<p>Em <a href=\"https:\/\/valor.globo.com\/empresas\/noticia\/2020\/05\/20\/com-pandemia-producao-de-plastico-cai-40-em-abril.ghtml\" target=\"_blank\" rel=\"noreferrer noopener\">recente sondagem<\/a> realizada pela <a href=\"http:\/\/www.abiplast.org.br\/\" target=\"_blank\" rel=\"noreferrer noopener\">ABIPLAST<\/a>, Associa\u00e7\u00e3o Brasileira da Ind\u00fastria dos Pl\u00e1sticos e publicada no jornal O Valor Econ\u00f4mico indicou uma queda de quase 40% nas vendas em abril, bem como a concreta possibilidade de demiss\u00f5es em massa no setor.<\/p>\n\n\n\n<figure class=\"wp-block-pullquote\"><blockquote><p>A falta de capital de giro urge como o principal problema na sustenta\u00e7\u00e3o das ind\u00fastrias de embalagens, com ciclos operacional e de caixa fr\u00e1geis e alta exposi\u00e7\u00e3o \u00e0 aprecia\u00e7\u00e3o cambial, que lastreia os pre\u00e7os de seus principais insumos.<\/p><\/blockquote><\/figure>\n\n\n\n<p>&#8212;<\/p>\n\n\n\n<p><strong>Rapidinhas:<\/strong><\/p>\n\n\n\n<div class=\"wp-block-image\"><figure class=\"alignleft size-large is-resized\"><img decoding=\"async\" src=\"https:\/\/projetopack.com.br\/wp-content\/uploads\/2020\/06\/imagem3-1024x1024.jpg\" alt=\"N\u00e3o foi fornecido texto alternativo para esta imagem\" class=\"wp-image-6206\" width=\"303\" height=\"303\" srcset=\"https:\/\/projetopack.com.br\/wp-content\/uploads\/2020\/06\/imagem3-1024x1024.jpg 1024w, https:\/\/projetopack.com.br\/wp-content\/uploads\/2020\/06\/imagem3-100x100.jpg 100w, https:\/\/projetopack.com.br\/wp-content\/uploads\/2020\/06\/imagem3-300x300.jpg 300w, https:\/\/projetopack.com.br\/wp-content\/uploads\/2020\/06\/imagem3-150x150.jpg 150w, https:\/\/projetopack.com.br\/wp-content\/uploads\/2020\/06\/imagem3-1536x1536.jpg 1536w, https:\/\/projetopack.com.br\/wp-content\/uploads\/2020\/06\/imagem3-2048x2048.jpg 2048w, https:\/\/projetopack.com.br\/wp-content\/uploads\/2020\/06\/imagem3-600x600.jpg 600w\" sizes=\"(max-width: 303px) 100vw, 303px\" \/><\/figure><\/div>\n\n\n\n<p>A convertedora japonesa <a href=\"https:\/\/www.toppan.com\/\" target=\"_blank\" rel=\"noreferrer noopener\">Toppan<\/a> Printing desenvolveu um <a href=\"https:\/\/www.toppan.com\/en\/news\/2020\/04\/newsrelease200428e.html\" target=\"_blank\" rel=\"noreferrer noopener\">pouch tubular de papel<\/a> para reduzir o uso de pl\u00e1sticos nas embalagens flex\u00edveis (em torno de 30% menos pl\u00e1stico do que os tubos laminados utilizados para pasta dental, por exemplo). A espessura da parede \u00e9 de somente 0.1mm, numa estrutura dobrada e colaps\u00e1vel, que favorece o dispensamento de todo o seu conte\u00fado. A tecnologia emprega ainda barreiras especiais para garantir o envase de alimentos e cosm\u00e9ticos, da familia GL Barrier, unidade de neg\u00f3cios da pr\u00f3pria companhia.<\/p>\n\n\n\n<ul class=\"wp-block-list\"><li><a href=\"https:\/\/www.morchem.com\/\" target=\"_blank\" rel=\"noreferrer noopener\">Morchem<\/a> inaugura <a href=\"https:\/\/www.morchem.com\/morchem-start-up-of-new-plant-in-guadalajara-spain\/\" target=\"_blank\" rel=\"noreferrer noopener\">nova planta<\/a> de 30 mil metros quadrados na Espanha para a produ\u00e7\u00e3o de poliuretano e poli\u00e9ster (mat\u00e9ria-prima para adesivos de lamina\u00e7\u00e3o e resinas de tintas);<\/li><li>ProjetoPack inicia consultoria de impress\u00e3o flexogr\u00e1fica (padroniza\u00e7\u00e3o e aumento de produtividade \/ OEE) na Empresa Paulista de Embalagens Agroindustriais, a <a href=\"http:\/\/www.epema.com.br\/\" target=\"_blank\" rel=\"noreferrer noopener\">Epema<\/a>, em Araraquara &#8211; SP;<\/li><li>ANSI (American Standards Institute) lan\u00e7a <a href=\"https:\/\/webstore.ansi.org\/Standards\/ANSI\/ANSIPLASTICSB1512020\" target=\"_blank\" rel=\"noreferrer noopener\">nova normativa<\/a> para &#8220;Requerimentos de Seguran\u00e7a no Corte e Rebobinamento de Filmes Pl\u00e1sticos&#8221; &#8211; ANSI\/PLASTICS B151.5-2020, no site em ingl\u00eas para compra.<\/li><\/ul>\n\n\n\n<p class=\"has-background has-very-light-gray-background-color\">\u200b<img decoding=\"async\" width=\"50\" height=\"50\" class=\"wp-image-6192\" style=\"width: 50px;\" alt=\"\" src=\"https:\/\/projetopack.com.br\/wp-content\/uploads\/2020\/05\/aislan.jpg\"> <a href=\"https:\/\/www.linkedin.com\/in\/aislanbaer\/\"> Aislan Baer<\/a> \u200b\u200b\u200b\u200b\u200b\u200b\u200b\u200b \u200b Fundador e CEO da ProjetoPack &amp; Associados; Co-fundador da Inovagraf; Diretor da IDEAlliance Latin America.<\/p>","protected":false},"excerpt":{"rendered":"<p>O \u00edndice Dow Jones &#8220;Containers &#038; Packaging&#8221; \u00e9 um indicador interessante. Ele abarca os fabricantes de embalagens e O \u00edndice Dow Jones &#8220;Containers &#038; Packaging&#8221; \u00e9 um indicador interessante. Ele abarca os fabricantes de embalagens e recipientes met\u00e1licos, de vidro e pl\u00e1stico (incluindo tampas e rolhas), al\u00e9m dos fabricantes de de papel e embalagens cartot\u00e9cnicas (papel e papel\u00e3o), e mostra queda forte no valor de mercado das grandes empresas do setor.<\/p>","protected":false},"author":18,"featured_media":6204,"comment_status":"open","ping_status":"closed","sticky":false,"template":"","format":"standard","meta":{"footnotes":""},"categories":[4],"tags":[320,418],"class_list":["post-6202","post","type-post","status-publish","format-standard","has-post-thumbnail","hentry","category-infopack","tag-embalagens","tag-indice-dow-jones"],"yoast_head":"<!-- This site is optimized with the Yoast SEO Premium plugin v27.1 (Yoast SEO v27.1.1) - https:\/\/yoast.com\/product\/yoast-seo-premium-wordpress\/ -->\n<title>\u00cdndice Dow Jones &quot;Embalagens&quot;\u200b mostra queda forte no valor de mercado das grandes do setor - ProjetoPack<\/title>\n<meta name=\"description\" content=\"O \u00edndice Dow Jones &quot;Containers &amp; Packaging&quot; \u00e9 um indicador interessante. Ele abarca os fabricantes de embalagens e recipientes met\u00e1licos, de vidro e pl\u00e1stico (incluindo tampas e rolhas), al\u00e9m dos fabricantes de de papel e embalagens cartot\u00e9cnicas (papel e papel\u00e3o), e mostra queda forte no valor de mercado das grandes empresas do setor.\" \/>\n<meta name=\"robots\" content=\"index, follow, max-snippet:-1, max-image-preview:large, max-video-preview:-1\" \/>\n<link rel=\"canonical\" href=\"https:\/\/projetopack.com.br\/en\/indice-dow-jones-embalagens\u200b-mostra-queda-forte-no-valor-de-mercado-das-grandes-do-setor\/\" \/>\n<meta property=\"og:locale\" content=\"en_US\" \/>\n<meta property=\"og:type\" content=\"article\" \/>\n<meta property=\"og:title\" content=\"\u00cdndice Dow Jones &quot;Embalagens&quot;\u200b mostra queda forte no valor de mercado das grandes do setor\" \/>\n<meta property=\"og:description\" content=\"O \u00edndice Dow Jones &quot;Containers &amp; Packaging&quot; \u00e9 um indicador interessante. Ele abarca os fabricantes de embalagens e recipientes met\u00e1licos, de vidro e pl\u00e1stico (incluindo tampas e rolhas), al\u00e9m dos fabricantes de de papel e embalagens cartot\u00e9cnicas (papel e papel\u00e3o), e mostra queda forte no valor de mercado das grandes empresas do setor.\" \/>\n<meta property=\"og:url\" content=\"https:\/\/projetopack.com.br\/en\/indice-dow-jones-embalagens\u200b-mostra-queda-forte-no-valor-de-mercado-das-grandes-do-setor\/\" \/>\n<meta property=\"og:site_name\" content=\"ProjetoPack\" \/>\n<meta property=\"article:published_time\" content=\"2020-06-03T18:47:21+00:00\" \/>\n<meta property=\"article:modified_time\" content=\"2020-06-03T18:47:24+00:00\" \/>\n<meta property=\"og:image\" content=\"https:\/\/projetopack.com.br\/wp-content\/uploads\/2020\/06\/imagem1.jpg\" \/>\n\t<meta property=\"og:image:width\" content=\"724\" \/>\n\t<meta property=\"og:image:height\" content=\"483\" \/>\n\t<meta property=\"og:image:type\" content=\"image\/jpeg\" \/>\n<meta name=\"author\" content=\"Andrea\" \/>\n<meta name=\"twitter:card\" content=\"summary_large_image\" \/>\n<meta name=\"twitter:creator\" content=\"@ProjetoPack\" \/>\n<meta name=\"twitter:site\" content=\"@ProjetoPack\" \/>\n<meta name=\"twitter:label1\" content=\"Written by\" \/>\n\t<meta name=\"twitter:data1\" content=\"Andrea\" \/>\n\t<meta name=\"twitter:label2\" content=\"Est. reading time\" \/>\n\t<meta name=\"twitter:data2\" content=\"3 minutes\" \/>\n<script type=\"application\/ld+json\" class=\"yoast-schema-graph\">{\"@context\":\"https:\/\/schema.org\",\"@graph\":[{\"@type\":\"Article\",\"@id\":\"https:\/\/projetopack.com.br\/en\/indice-dow-jones-embalagens%e2%80%8b-mostra-queda-forte-no-valor-de-mercado-das-grandes-do-setor\/#article\",\"isPartOf\":{\"@id\":\"https:\/\/projetopack.com.br\/en\/indice-dow-jones-embalagens%e2%80%8b-mostra-queda-forte-no-valor-de-mercado-das-grandes-do-setor\/\"},\"author\":{\"name\":\"Andrea\",\"@id\":\"https:\/\/projetopack.com.br\/#\/schema\/person\/d17c72a4bc2b7e461496dd8a14d4cef1\"},\"headline\":\"\u00cdndice Dow Jones &#8220;Embalagens&#8221;\u200b mostra queda forte no valor de mercado das grandes do setor\",\"datePublished\":\"2020-06-03T18:47:21+00:00\",\"dateModified\":\"2020-06-03T18:47:24+00:00\",\"mainEntityOfPage\":{\"@id\":\"https:\/\/projetopack.com.br\/en\/indice-dow-jones-embalagens%e2%80%8b-mostra-queda-forte-no-valor-de-mercado-das-grandes-do-setor\/\"},\"wordCount\":579,\"commentCount\":0,\"publisher\":{\"@id\":\"https:\/\/projetopack.com.br\/#organization\"},\"image\":{\"@id\":\"https:\/\/projetopack.com.br\/en\/indice-dow-jones-embalagens%e2%80%8b-mostra-queda-forte-no-valor-de-mercado-das-grandes-do-setor\/#primaryimage\"},\"thumbnailUrl\":\"https:\/\/projetopack.com.br\/wp-content\/uploads\/2020\/06\/imagem1.jpg\",\"keywords\":[\"embalagens\",\"\u00edndice dow jones\"],\"articleSection\":[\"Infopack\"],\"inLanguage\":\"en-US\",\"potentialAction\":[{\"@type\":\"CommentAction\",\"name\":\"Comment\",\"target\":[\"https:\/\/projetopack.com.br\/en\/indice-dow-jones-embalagens%e2%80%8b-mostra-queda-forte-no-valor-de-mercado-das-grandes-do-setor\/#respond\"]}]},{\"@type\":\"WebPage\",\"@id\":\"https:\/\/projetopack.com.br\/en\/indice-dow-jones-embalagens%e2%80%8b-mostra-queda-forte-no-valor-de-mercado-das-grandes-do-setor\/\",\"url\":\"https:\/\/projetopack.com.br\/en\/indice-dow-jones-embalagens%e2%80%8b-mostra-queda-forte-no-valor-de-mercado-das-grandes-do-setor\/\",\"name\":\"\u00cdndice Dow Jones \\\"Embalagens\\\"\u200b mostra queda forte no valor de mercado das grandes do setor - ProjetoPack\",\"isPartOf\":{\"@id\":\"https:\/\/projetopack.com.br\/#website\"},\"primaryImageOfPage\":{\"@id\":\"https:\/\/projetopack.com.br\/en\/indice-dow-jones-embalagens%e2%80%8b-mostra-queda-forte-no-valor-de-mercado-das-grandes-do-setor\/#primaryimage\"},\"image\":{\"@id\":\"https:\/\/projetopack.com.br\/en\/indice-dow-jones-embalagens%e2%80%8b-mostra-queda-forte-no-valor-de-mercado-das-grandes-do-setor\/#primaryimage\"},\"thumbnailUrl\":\"https:\/\/projetopack.com.br\/wp-content\/uploads\/2020\/06\/imagem1.jpg\",\"datePublished\":\"2020-06-03T18:47:21+00:00\",\"dateModified\":\"2020-06-03T18:47:24+00:00\",\"description\":\"O \u00edndice Dow Jones \\\"Containers & Packaging\\\" \u00e9 um indicador interessante. Ele abarca os fabricantes de embalagens e recipientes met\u00e1licos, de vidro e pl\u00e1stico (incluindo tampas e rolhas), al\u00e9m dos fabricantes de de papel e embalagens cartot\u00e9cnicas (papel e papel\u00e3o), e mostra queda forte no valor de mercado das grandes empresas do setor.\",\"breadcrumb\":{\"@id\":\"https:\/\/projetopack.com.br\/en\/indice-dow-jones-embalagens%e2%80%8b-mostra-queda-forte-no-valor-de-mercado-das-grandes-do-setor\/#breadcrumb\"},\"inLanguage\":\"en-US\",\"potentialAction\":[{\"@type\":\"ReadAction\",\"target\":[\"https:\/\/projetopack.com.br\/en\/indice-dow-jones-embalagens%e2%80%8b-mostra-queda-forte-no-valor-de-mercado-das-grandes-do-setor\/\"]}]},{\"@type\":\"ImageObject\",\"inLanguage\":\"en-US\",\"@id\":\"https:\/\/projetopack.com.br\/en\/indice-dow-jones-embalagens%e2%80%8b-mostra-queda-forte-no-valor-de-mercado-das-grandes-do-setor\/#primaryimage\",\"url\":\"https:\/\/projetopack.com.br\/wp-content\/uploads\/2020\/06\/imagem1.jpg\",\"contentUrl\":\"https:\/\/projetopack.com.br\/wp-content\/uploads\/2020\/06\/imagem1.jpg\",\"width\":724,\"height\":483},{\"@type\":\"BreadcrumbList\",\"@id\":\"https:\/\/projetopack.com.br\/en\/indice-dow-jones-embalagens%e2%80%8b-mostra-queda-forte-no-valor-de-mercado-das-grandes-do-setor\/#breadcrumb\",\"itemListElement\":[{\"@type\":\"ListItem\",\"position\":1,\"name\":\"P\u00e1gina Inicial\",\"item\":\"https:\/\/projetopack.com.br\/\"},{\"@type\":\"ListItem\",\"position\":2,\"name\":\"Infopack\",\"item\":\"https:\/\/projetopack.com.br\/category\/infopack\/\"},{\"@type\":\"ListItem\",\"position\":3,\"name\":\"\u00cdndice Dow Jones &#8220;Embalagens&#8221;\u200b mostra queda forte no valor de mercado das grandes do setor\"}]},{\"@type\":\"WebSite\",\"@id\":\"https:\/\/projetopack.com.br\/#website\",\"url\":\"https:\/\/projetopack.com.br\/\",\"name\":\"ProjetoPack\",\"description\":\"Consultoria e servi\u00e7os para embalagens, r\u00f3tulos, etiquetas e processos de impress\u00e3o\",\"publisher\":{\"@id\":\"https:\/\/projetopack.com.br\/#organization\"},\"potentialAction\":[{\"@type\":\"SearchAction\",\"target\":{\"@type\":\"EntryPoint\",\"urlTemplate\":\"https:\/\/projetopack.com.br\/?s={search_term_string}\"},\"query-input\":{\"@type\":\"PropertyValueSpecification\",\"valueRequired\":true,\"valueName\":\"search_term_string\"}}],\"inLanguage\":\"en-US\"},{\"@type\":\"Organization\",\"@id\":\"https:\/\/projetopack.com.br\/#organization\",\"name\":\"ProjetoPack & Associados\",\"url\":\"https:\/\/projetopack.com.br\/\",\"logo\":{\"@type\":\"ImageObject\",\"inLanguage\":\"en-US\",\"@id\":\"https:\/\/projetopack.com.br\/#\/schema\/logo\/image\/\",\"url\":\"https:\/\/projetopack.com.br\/wp-content\/uploads\/2020\/09\/projetopack.png\",\"contentUrl\":\"https:\/\/projetopack.com.br\/wp-content\/uploads\/2020\/09\/projetopack.png\",\"width\":200,\"height\":200,\"caption\":\"ProjetoPack & Associados\"},\"image\":{\"@id\":\"https:\/\/projetopack.com.br\/#\/schema\/logo\/image\/\"},\"sameAs\":[\"https:\/\/x.com\/ProjetoPack\",\"https:\/\/www.linkedin.com\/company\/projetopack\/\"]},{\"@type\":\"Person\",\"@id\":\"https:\/\/projetopack.com.br\/#\/schema\/person\/d17c72a4bc2b7e461496dd8a14d4cef1\",\"name\":\"Andrea\",\"image\":{\"@type\":\"ImageObject\",\"inLanguage\":\"en-US\",\"@id\":\"https:\/\/projetopack.com.br\/#\/schema\/person\/image\/\",\"url\":\"https:\/\/projetopack.com.br\/wp-content\/uploads\/2026\/03\/eu-150x150.jpg\",\"contentUrl\":\"https:\/\/projetopack.com.br\/wp-content\/uploads\/2026\/03\/eu-150x150.jpg\",\"caption\":\"Andrea\"},\"url\":\"https:\/\/projetopack.com.br\/en\/author\/andrea\/\"}]}<\/script>\n<!-- \/ Yoast SEO Premium plugin. -->","yoast_head_json":{"title":"\u00cdndice Dow Jones \"Embalagens\"\u200b mostra queda forte no valor de mercado das grandes do setor - ProjetoPack","description":"O \u00edndice Dow Jones \"Containers & Packaging\" \u00e9 um indicador interessante. Ele abarca os fabricantes de embalagens e recipientes met\u00e1licos, de vidro e pl\u00e1stico (incluindo tampas e rolhas), al\u00e9m dos fabricantes de de papel e embalagens cartot\u00e9cnicas (papel e papel\u00e3o), e mostra queda forte no valor de mercado das grandes empresas do setor.","robots":{"index":"index","follow":"follow","max-snippet":"max-snippet:-1","max-image-preview":"max-image-preview:large","max-video-preview":"max-video-preview:-1"},"canonical":"https:\/\/projetopack.com.br\/en\/indice-dow-jones-embalagens\u200b-mostra-queda-forte-no-valor-de-mercado-das-grandes-do-setor\/","og_locale":"en_US","og_type":"article","og_title":"\u00cdndice Dow Jones \"Embalagens\"\u200b mostra queda forte no valor de mercado das grandes do setor","og_description":"O \u00edndice Dow Jones \"Containers & Packaging\" \u00e9 um indicador interessante. Ele abarca os fabricantes de embalagens e recipientes met\u00e1licos, de vidro e pl\u00e1stico (incluindo tampas e rolhas), al\u00e9m dos fabricantes de de papel e embalagens cartot\u00e9cnicas (papel e papel\u00e3o), e mostra queda forte no valor de mercado das grandes empresas do setor.","og_url":"https:\/\/projetopack.com.br\/en\/indice-dow-jones-embalagens\u200b-mostra-queda-forte-no-valor-de-mercado-das-grandes-do-setor\/","og_site_name":"ProjetoPack","article_published_time":"2020-06-03T18:47:21+00:00","article_modified_time":"2020-06-03T18:47:24+00:00","og_image":[{"width":724,"height":483,"url":"https:\/\/projetopack.com.br\/wp-content\/uploads\/2020\/06\/imagem1.jpg","type":"image\/jpeg"}],"author":"Andrea","twitter_card":"summary_large_image","twitter_creator":"@ProjetoPack","twitter_site":"@ProjetoPack","twitter_misc":{"Written by":"Andrea","Est. reading time":"3 minutes"},"schema":{"@context":"https:\/\/schema.org","@graph":[{"@type":"Article","@id":"https:\/\/projetopack.com.br\/en\/indice-dow-jones-embalagens%e2%80%8b-mostra-queda-forte-no-valor-de-mercado-das-grandes-do-setor\/#article","isPartOf":{"@id":"https:\/\/projetopack.com.br\/en\/indice-dow-jones-embalagens%e2%80%8b-mostra-queda-forte-no-valor-de-mercado-das-grandes-do-setor\/"},"author":{"name":"Andrea","@id":"https:\/\/projetopack.com.br\/#\/schema\/person\/d17c72a4bc2b7e461496dd8a14d4cef1"},"headline":"\u00cdndice Dow Jones &#8220;Embalagens&#8221;\u200b mostra queda forte no valor de mercado das grandes do setor","datePublished":"2020-06-03T18:47:21+00:00","dateModified":"2020-06-03T18:47:24+00:00","mainEntityOfPage":{"@id":"https:\/\/projetopack.com.br\/en\/indice-dow-jones-embalagens%e2%80%8b-mostra-queda-forte-no-valor-de-mercado-das-grandes-do-setor\/"},"wordCount":579,"commentCount":0,"publisher":{"@id":"https:\/\/projetopack.com.br\/#organization"},"image":{"@id":"https:\/\/projetopack.com.br\/en\/indice-dow-jones-embalagens%e2%80%8b-mostra-queda-forte-no-valor-de-mercado-das-grandes-do-setor\/#primaryimage"},"thumbnailUrl":"https:\/\/projetopack.com.br\/wp-content\/uploads\/2020\/06\/imagem1.jpg","keywords":["embalagens","\u00edndice dow jones"],"articleSection":["Infopack"],"inLanguage":"en-US","potentialAction":[{"@type":"CommentAction","name":"Comment","target":["https:\/\/projetopack.com.br\/en\/indice-dow-jones-embalagens%e2%80%8b-mostra-queda-forte-no-valor-de-mercado-das-grandes-do-setor\/#respond"]}]},{"@type":"WebPage","@id":"https:\/\/projetopack.com.br\/en\/indice-dow-jones-embalagens%e2%80%8b-mostra-queda-forte-no-valor-de-mercado-das-grandes-do-setor\/","url":"https:\/\/projetopack.com.br\/en\/indice-dow-jones-embalagens%e2%80%8b-mostra-queda-forte-no-valor-de-mercado-das-grandes-do-setor\/","name":"\u00cdndice Dow Jones \"Embalagens\"\u200b mostra queda forte no valor de mercado das grandes do setor - ProjetoPack","isPartOf":{"@id":"https:\/\/projetopack.com.br\/#website"},"primaryImageOfPage":{"@id":"https:\/\/projetopack.com.br\/en\/indice-dow-jones-embalagens%e2%80%8b-mostra-queda-forte-no-valor-de-mercado-das-grandes-do-setor\/#primaryimage"},"image":{"@id":"https:\/\/projetopack.com.br\/en\/indice-dow-jones-embalagens%e2%80%8b-mostra-queda-forte-no-valor-de-mercado-das-grandes-do-setor\/#primaryimage"},"thumbnailUrl":"https:\/\/projetopack.com.br\/wp-content\/uploads\/2020\/06\/imagem1.jpg","datePublished":"2020-06-03T18:47:21+00:00","dateModified":"2020-06-03T18:47:24+00:00","description":"O \u00edndice Dow Jones \"Containers & Packaging\" \u00e9 um indicador interessante. Ele abarca os fabricantes de embalagens e recipientes met\u00e1licos, de vidro e pl\u00e1stico (incluindo tampas e rolhas), al\u00e9m dos fabricantes de de papel e embalagens cartot\u00e9cnicas (papel e papel\u00e3o), e mostra queda forte no valor de mercado das grandes empresas do setor.","breadcrumb":{"@id":"https:\/\/projetopack.com.br\/en\/indice-dow-jones-embalagens%e2%80%8b-mostra-queda-forte-no-valor-de-mercado-das-grandes-do-setor\/#breadcrumb"},"inLanguage":"en-US","potentialAction":[{"@type":"ReadAction","target":["https:\/\/projetopack.com.br\/en\/indice-dow-jones-embalagens%e2%80%8b-mostra-queda-forte-no-valor-de-mercado-das-grandes-do-setor\/"]}]},{"@type":"ImageObject","inLanguage":"en-US","@id":"https:\/\/projetopack.com.br\/en\/indice-dow-jones-embalagens%e2%80%8b-mostra-queda-forte-no-valor-de-mercado-das-grandes-do-setor\/#primaryimage","url":"https:\/\/projetopack.com.br\/wp-content\/uploads\/2020\/06\/imagem1.jpg","contentUrl":"https:\/\/projetopack.com.br\/wp-content\/uploads\/2020\/06\/imagem1.jpg","width":724,"height":483},{"@type":"BreadcrumbList","@id":"https:\/\/projetopack.com.br\/en\/indice-dow-jones-embalagens%e2%80%8b-mostra-queda-forte-no-valor-de-mercado-das-grandes-do-setor\/#breadcrumb","itemListElement":[{"@type":"ListItem","position":1,"name":"P\u00e1gina Inicial","item":"https:\/\/projetopack.com.br\/"},{"@type":"ListItem","position":2,"name":"Infopack","item":"https:\/\/projetopack.com.br\/category\/infopack\/"},{"@type":"ListItem","position":3,"name":"\u00cdndice Dow Jones &#8220;Embalagens&#8221;\u200b mostra queda forte no valor de mercado das grandes do setor"}]},{"@type":"WebSite","@id":"https:\/\/projetopack.com.br\/#website","url":"https:\/\/projetopack.com.br\/","name":"ProjetoPack","description":"Consultoria e servi\u00e7os para embalagens, r\u00f3tulos, etiquetas e processos de impress\u00e3o","publisher":{"@id":"https:\/\/projetopack.com.br\/#organization"},"potentialAction":[{"@type":"SearchAction","target":{"@type":"EntryPoint","urlTemplate":"https:\/\/projetopack.com.br\/?s={search_term_string}"},"query-input":{"@type":"PropertyValueSpecification","valueRequired":true,"valueName":"search_term_string"}}],"inLanguage":"en-US"},{"@type":"Organization","@id":"https:\/\/projetopack.com.br\/#organization","name":"ProjetoPack & Associados","url":"https:\/\/projetopack.com.br\/","logo":{"@type":"ImageObject","inLanguage":"en-US","@id":"https:\/\/projetopack.com.br\/#\/schema\/logo\/image\/","url":"https:\/\/projetopack.com.br\/wp-content\/uploads\/2020\/09\/projetopack.png","contentUrl":"https:\/\/projetopack.com.br\/wp-content\/uploads\/2020\/09\/projetopack.png","width":200,"height":200,"caption":"ProjetoPack & Associados"},"image":{"@id":"https:\/\/projetopack.com.br\/#\/schema\/logo\/image\/"},"sameAs":["https:\/\/x.com\/ProjetoPack","https:\/\/www.linkedin.com\/company\/projetopack\/"]},{"@type":"Person","@id":"https:\/\/projetopack.com.br\/#\/schema\/person\/d17c72a4bc2b7e461496dd8a14d4cef1","name":"Andrea","image":{"@type":"ImageObject","inLanguage":"en-US","@id":"https:\/\/projetopack.com.br\/#\/schema\/person\/image\/","url":"https:\/\/projetopack.com.br\/wp-content\/uploads\/2026\/03\/eu-150x150.jpg","contentUrl":"https:\/\/projetopack.com.br\/wp-content\/uploads\/2026\/03\/eu-150x150.jpg","caption":"Andrea"},"url":"https:\/\/projetopack.com.br\/en\/author\/andrea\/"}]}},"_links":{"self":[{"href":"https:\/\/projetopack.com.br\/en\/wp-json\/wp\/v2\/posts\/6202","targetHints":{"allow":["GET"]}}],"collection":[{"href":"https:\/\/projetopack.com.br\/en\/wp-json\/wp\/v2\/posts"}],"about":[{"href":"https:\/\/projetopack.com.br\/en\/wp-json\/wp\/v2\/types\/post"}],"author":[{"embeddable":true,"href":"https:\/\/projetopack.com.br\/en\/wp-json\/wp\/v2\/users\/18"}],"replies":[{"embeddable":true,"href":"https:\/\/projetopack.com.br\/en\/wp-json\/wp\/v2\/comments?post=6202"}],"version-history":[{"count":0,"href":"https:\/\/projetopack.com.br\/en\/wp-json\/wp\/v2\/posts\/6202\/revisions"}],"wp:featuredmedia":[{"embeddable":true,"href":"https:\/\/projetopack.com.br\/en\/wp-json\/wp\/v2\/media\/6204"}],"wp:attachment":[{"href":"https:\/\/projetopack.com.br\/en\/wp-json\/wp\/v2\/media?parent=6202"}],"wp:term":[{"taxonomy":"category","embeddable":true,"href":"https:\/\/projetopack.com.br\/en\/wp-json\/wp\/v2\/categories?post=6202"},{"taxonomy":"post_tag","embeddable":true,"href":"https:\/\/projetopack.com.br\/en\/wp-json\/wp\/v2\/tags?post=6202"}],"curies":[{"name":"wp","href":"https:\/\/api.w.org\/{rel}","templated":true}]}}