{"id":6209,"date":"2020-06-03T16:03:39","date_gmt":"2020-06-03T19:03:39","guid":{"rendered":"https:\/\/www.projetopack.com.br\/?p=6209"},"modified":"2020-06-03T16:03:42","modified_gmt":"2020-06-03T19:03:42","slug":"painel-online-sobre-o-mercado-de-rotulos-pos-covid-trouxe-insights-importantes","status":"publish","type":"post","link":"https:\/\/projetopack.com.br\/en\/painel-online-sobre-o-mercado-de-rotulos-pos-covid-trouxe-insights-importantes\/","title":{"rendered":"Painel online sobre o mercado de r\u00f3tulos p\u00f3s-covid trouxe insights importantes"},"content":{"rendered":"<p>Antes de qualquer coisa: se n\u00e3o assinou o news, assine agora mesmo. E se j\u00e1 assinou, que tal compartilhar com os amigos dentro e fora da plataforma? Quer participar com alguma not\u00edcia, opini\u00e3o ou sugest\u00e3o? Manda pra gente por e-mail: <a rel=\"noreferrer noopener\" target=\"_blank\">revista@projetopack.com<\/a>. Desde j\u00e1, agradecemos a sua participa\u00e7\u00e3o \ud83d\ude42<\/p>\n\n\n\n<p>Hoje, \u00e0s 17h00, come\u00e7aram a entrar no &#8220;lobby virtual&#8221;, dezenas de profissionais oriundos das ind\u00fastrias de r\u00f3tulos e etiquetas em todo o Brasil.<\/p>\n\n\n\n<p>A iniciativa, chamada de &#8220;Mesa Virtual&#8221; pelo consultor e gestor Davi Domingues, da Plano Gest\u00e3o e Neg\u00f3cios, foi moderada e hospedada pela ProjetoPack &amp; Associados, e contou com quatro expositores e quatro debatedores &#8211; todos conectados ao tema central &#8220;O mercado de r\u00f3tulos p\u00f3s-covid&#8221;.<\/p>\n\n\n\n<p>Os expositores foram o pr\u00f3prio Davi Domingues, Ronnie Schr\u00f6ter, da <a href=\"http:\/\/etirama.com.br\/en\/\" target=\"_blank\" rel=\"noreferrer noopener\">Etirama<\/a>, Dr. Marcelo Fonseca Boaventura, pela <a href=\"https:\/\/www.abiea.org.br\/\" target=\"_blank\" rel=\"noreferrer noopener\">ABIEA<\/a> e Adilson Seixas, da <a href=\"http:\/\/www.loara.com.br\/\" target=\"_blank\" rel=\"noreferrer noopener\">Loara<\/a>. Como debatedores, quatro convertedores de r\u00f3tulos: Maur\u00edcio M\u00e9dici, da <a href=\"http:\/\/www.prakolar.com.br\/prakolarsato\/\" target=\"_blank\" rel=\"noreferrer noopener\">Prakolar Sato<\/a>, Fernando Pirutti, da <a href=\"https:\/\/www.grifrotulos.com.br\/\" target=\"_blank\" rel=\"noreferrer noopener\">Grif R\u00f3tulos<\/a>, Raphael Souza, da <a href=\"https:\/\/www.thermoprintetiquetas.com.br\/\" target=\"_blank\" rel=\"noreferrer noopener\">Thermoprint<\/a> e \u00c9lvio Filho, representando a <a href=\"http:\/\/www.serwir.ind.br\/\" target=\"_blank\" rel=\"noreferrer noopener\">Serwir<\/a> e a pr\u00f3pria ABIEA, que apoiou o evento.<\/p>\n\n\n\n<p>Vamos compilar previamente alguns pontos importantes discutidos na Mesa, cuja audi\u00eancia durante a 1h30 registrou em m\u00e9dia, 70 a 80 profissionais.<\/p>\n\n\n\n<figure class=\"wp-block-pullquote\"><blockquote><p>&#8220;O segmento de r\u00f3tulos est\u00e1 sofrendo, como todos os demais, mas a pluralidade de clientes e mercados nos ajuda a enfrentar este momento&#8221;, por Maur\u00edcio M\u00e9dici, da Prakolar Sato<\/p><\/blockquote><\/figure>\n\n\n\n<p>Falou-se sobre o &#8220;hedge&#8221; da ind\u00fastria de r\u00f3tulos em poder atuar, de forma heterog\u00eanea, em diversos clientes e mercados. Davi exp\u00f4s alguns dados e pesquisas sobre segmentos &#8220;beneficiados&#8221; com a pandemia, tais como a ind\u00fastria farmac\u00eautica, alimentos e bebidas, higiene pessoal, cuidados com o lar etc.; os debatedores complementaram com as tend\u00eancias para o aumento das solu\u00e7\u00f5es de inviolabilidade (lacres), etiquetas de rastreabilidade, seguran\u00e7a e a ascend\u00eancia de mercados como o de varejo eletr\u00f4nico e delivery (principalmente o de refei\u00e7\u00f5es).<\/p>\n\n\n\n<figure class=\"wp-block-pullquote\"><blockquote><p>&#8220;\u00c9 preciso enxugar a m\u00e1quina e adequar-se \u00e0 nova realidade, tempor\u00e1ria, de aumento de pre\u00e7o e redu\u00e7\u00e3o de demanda&#8221;, por Fernando Pirutti, da Grif<\/p><\/blockquote><\/figure>\n\n\n\n<p>Parte do bate-papo mostrou a preocupa\u00e7\u00e3o dos empres\u00e1rios em enxugar os custos e ganhar efici\u00eancia fabril &#8211; dados os sucessivos aumentos das mat\u00e9rias-primas, a dolariza\u00e7\u00e3o de outras mat\u00e9rias-primas como tintas e vernizes e a pr\u00f3pria inseguran\u00e7a dos clientes, os donos de marcas e os varejistas, em recompor estoques exauridos ou iniciar novos projetos.<\/p>\n\n\n\n<figure class=\"wp-block-pullquote\"><blockquote><p>&#8220;O valor agregado das compras caiu para o consumidor, que est\u00e1 procurando comprar somente itens de primeira necessidade como os da cesta b\u00e1sica. Isso impacta toda a nossa cadeia&#8221;, por Raphael Souza, da Thermoprint<\/p><\/blockquote><\/figure>\n\n\n\n<p>Neste bloco, temas como o aumento da inadimpl\u00eancia &#8211; algo ainda mais not\u00f3rio no setor de materiais t\u00e9rmicos (cujo cliente \u00e9 o pequeno comerciante) &#8211; al\u00e9m da redu\u00e7\u00e3o n\u00e3o apenas no volume, mas na qualidade dos itens comprados, com maior impacto em regi\u00f5es mais pobres, foi amplamente explorado pelos expositores e debatedores.<\/p>\n\n\n\n<figure class=\"wp-block-pullquote\"><blockquote><p>&#8220;\u00c9 preciso fortalecer o setor e trazer mais informa\u00e7\u00e3o aos empres\u00e1rios, para que a crise possa ser enfrentada conjuntamente. E a associa\u00e7\u00e3o tem papel fundamental nesse aspecto.&#8221; por \u00c9lvio Filho, da Serwir e ABIEA<\/p><\/blockquote><\/figure>\n\n\n\n<p>Comentou-se a necessidade premente de trazer informa\u00e7\u00e3o t\u00e9cnica e gerencial aos empres\u00e1rios, que n\u00e3o podem entrar na espiral de reduzir os seus pre\u00e7os para conter a queda das vendas. A mudan\u00e7a do papel do representante comercial, que deve fugir da dicotomia do &#8220;sim e n\u00e3o&#8221; e evoluir para um consultor t\u00e9cnico comercial aos clientes \u00e9 um dos pontos nevr\u00e1lgicos, em um mundo agora mais fechado a receber visitas que simplesmente, &#8220;n\u00e3o agregam&#8221;.<\/p>\n\n\n\n<figure class=\"wp-block-pullquote\"><blockquote><p>&#8220;Investimentos em m\u00e1quinas e equipamentos foram brecados, mas devem voltar \u00e0 pauta e custo x benef\u00edcio ser\u00e1 a t\u00f4nica das novas aquisi\u00e7\u00f5es de m\u00e1quinas&#8221;, por Ronnie, da Etirama<\/p><\/blockquote><\/figure>\n\n\n\n<p>H\u00e1 alguma incerteza de como ser\u00e1 o mundo p\u00f3s-covid, e alguns investimentos foram suspensos n\u00e3o apenas por conta do d\u00f3lar alto e desse alto grau de incerteza, mas at\u00e9 mesmo porque o &#8220;novo normal&#8221; pode ditar certas especifica\u00e7\u00f5es ou tend\u00eancias em r\u00f3tulos, que precisam ser ponderadas nas m\u00e1quinas. A exemplo do aumento do varejo online, e o que esse comportamento pode, a m\u00e9dio prazo, refletir no design dos produtos, seus r\u00f3tulos e etiquetas. O pr\u00f3prio payback deve ser reavaliado, \u00e0 luz do &#8220;apag\u00e3o econ\u00f4mico mundial&#8221; imposto pela pandemia.<\/p>\n\n\n\n<figure class=\"wp-block-pullquote\"><blockquote><p>&#8220;H\u00e1 um movimento para qualificar a covid como uma doen\u00e7a ocupacional. Seguir os protocolos recomendados pela OMS nas empresas \u00e9 uma forma de precau\u00e7\u00e3o para evitar problemas futuros&#8221;, por Dr. Marcelo, da ABIEA<\/p><\/blockquote><\/figure>\n\n\n\n<figure class=\"wp-block-image size-large\"><img decoding=\"async\" src=\"blob:https:\/\/projetopack.com.br\/537e7801-c115-4205-89b8-4ce0679c1ad8\" alt=\"\"\/><\/figure>\n\n\n\n<p>Muita informa\u00e7\u00e3o desencontrada propagandeada pelos ve\u00edculos de comunica\u00e7\u00e3o vai impactar seriamente o compliance das empresas ap\u00f3s a pandemia. Tudo precisa ser registrado e documentado, at\u00e9 mesmo as recomenda\u00e7\u00f5es para uso dos EPI&#8217;s, distanciamento social e cuidados em geral. O mesmo vale para todas as flexibiliza\u00e7\u00f5es nas rela\u00e7\u00f5es trabalhistas neste per\u00edodo conturbado.<\/p>\n\n\n\n<figure class=\"wp-block-pullquote\"><blockquote><p>&#8220;A garantia aos bancos era a carteira de receb\u00edveis antes da pandemia, que n\u00e3o est\u00e1 se realizando agora. \u00c9 preciso saber negociar com os bancos, pois h\u00e1 cr\u00e9dito dispon\u00edvel e barato&#8221;, por Adilson Seixas, da Loara<\/p><\/blockquote><\/figure>\n\n\n\n<p>A queda das receitas e o encolhimento das margens &#8211; principalmente por conta dos aumentos sucessivos das mat\u00e9rias-primas (autoadesivos, em boa parte) secou o caixa da maioria das ind\u00fastrias do nosso setor. Parte disso \u00e9 o c\u00e2mbio, e n\u00e3o h\u00e1 muito a ser feito al\u00e9m de realinhar a matriz de substratos de forma inteligente e comprar de forma estrat\u00e9gica. A outra, \u00e9 o desconhecimento dos empres\u00e1rios para o mercado de cr\u00e9dito, que requer sim, ajuda profissional.<\/p>\n\n\n\n<figure class=\"wp-block-pullquote\"><blockquote><p>&#8220;Duas coisas s\u00e3o claras: o convertedor dever\u00e1 ser enxuto e altamente produtivo &#8211; principalmente na impress\u00e3o &#8211; e engenhoso na elabora\u00e7\u00e3o e administra\u00e7\u00e3o da sua carteira de clientes, mercados e materiais&#8221;, por Aislan Baer, da ProjetoPack<\/p><\/blockquote><\/figure>\n\n\n\n<p>\u00c9 poss\u00edvel fazer mais com menos, especialmente no setor gargalo da impress\u00e3o &#8211; que sofrer\u00e1 com o encurtamento das tiragens, as aparas custar\u00e3o mais caro por conta dos insumos elevados, o downtime ser\u00e1 sentido por conta dos afastamentos de parte do quadro de profissionais e, mais do que tudo, \u00e9 preciso grande agilidade e versatilidade para produzir em tempo recorde, absolutamente Just-In-Time, demandas spot do mercado. Tudo isso requer efici\u00eancia descomunal.<\/p>\n\n\n\n<p>Vamos em breve subir a live no nosso canal do YouTube e traremos o link na pr\u00f3xima edi\u00e7\u00e3o do Infopack. Se voc\u00ea n\u00e3o se inscreveu ainda, se inscreve agora mesmo (\u00e9 gr\u00e1tis e n\u00e3o d\u00f3i). Esse informativo vai automaticamente para o seu e-mail e voc\u00ea n\u00e3o perde mais a informa\u00e7\u00e3o.<\/p>\n\n\n\n<figure class=\"wp-block-image size-large\"><img fetchpriority=\"high\" decoding=\"async\" width=\"1024\" height=\"1024\" src=\"https:\/\/projetopack.com.br\/wp-content\/uploads\/2020\/06\/imagem33-1024x1024.jpg\" alt=\"N\u00e3o foi fornecido texto alternativo para esta imagem\" class=\"wp-image-6212\" srcset=\"https:\/\/projetopack.com.br\/wp-content\/uploads\/2020\/06\/imagem33-1024x1024.jpg 1024w, https:\/\/projetopack.com.br\/wp-content\/uploads\/2020\/06\/imagem33-100x100.jpg 100w, https:\/\/projetopack.com.br\/wp-content\/uploads\/2020\/06\/imagem33-300x300.jpg 300w, https:\/\/projetopack.com.br\/wp-content\/uploads\/2020\/06\/imagem33-150x150.jpg 150w, https:\/\/projetopack.com.br\/wp-content\/uploads\/2020\/06\/imagem33-1536x1536.jpg 1536w, https:\/\/projetopack.com.br\/wp-content\/uploads\/2020\/06\/imagem33-2048x2048.jpg 2048w, https:\/\/projetopack.com.br\/wp-content\/uploads\/2020\/06\/imagem33-600x600.jpg 600w\" sizes=\"(max-width: 1024px) 100vw, 1024px\" \/><\/figure>\n\n\n\n<p class=\"has-background has-very-light-gray-background-color\"><img decoding=\"async\" width=\"50\" height=\"50\" class=\"wp-image-6192\" style=\"width: 50px;\" src=\"https:\/\/projetopack.com.br\/wp-content\/uploads\/2020\/05\/aislan.jpg\" alt=\"\"><strong>Aislan Baer<\/strong>  Fundador e CEO da ProjetoPack &amp; Associados; Co-fundador da Inovagraf; Diretor da IDEAlliance Latin America.<\/p>","protected":false},"excerpt":{"rendered":"<p>A iniciativa, chamada de &#8220;Mesa Virtual&#8221; pelo consultor e gestor Davi Domingues, da Plano Gest\u00e3o e Neg\u00f3cios, foi moderada e hospedada pela ProjetoPack &#038; Associados, e contou com quatro expositores e quatro debatedores &#8211; todos conectados ao tema central &#8220;O mercado de r\u00f3tulos p\u00f3s-covid&#8221;.<\/p>","protected":false},"author":18,"featured_media":6210,"comment_status":"open","ping_status":"closed","sticky":false,"template":"","format":"standard","meta":{"footnotes":""},"categories":[4],"tags":[420,419],"class_list":["post-6209","post","type-post","status-publish","format-standard","has-post-thumbnail","hentry","category-infopack","tag-mesa-virtual","tag-rotulos-pos-covid"],"yoast_head":"<!-- This site is optimized with the Yoast SEO Premium plugin v27.1 (Yoast SEO v27.1.1) - https:\/\/yoast.com\/product\/yoast-seo-premium-wordpress\/ -->\n<title>Painel online sobre o mercado de r\u00f3tulos p\u00f3s-covid trouxe insights importantes - ProjetoPack<\/title>\n<meta name=\"description\" content=\"A iniciativa, chamada de &quot;Mesa Virtual&quot; pelo consultor e gestor Davi Domingues, da Plano Gest\u00e3o e Neg\u00f3cios, foi moderada e hospedada pela ProjetoPack &amp; Associados, e contou com quatro expositores e quatro debatedores - todos conectados ao tema central &quot;O mercado de r\u00f3tulos p\u00f3s-covid&quot;.\" \/>\n<meta name=\"robots\" content=\"index, follow, max-snippet:-1, max-image-preview:large, max-video-preview:-1\" \/>\n<link rel=\"canonical\" href=\"https:\/\/projetopack.com.br\/en\/painel-online-sobre-o-mercado-de-rotulos-pos-covid-trouxe-insights-importantes\/\" \/>\n<meta property=\"og:locale\" content=\"en_US\" \/>\n<meta property=\"og:type\" content=\"article\" \/>\n<meta property=\"og:title\" content=\"Painel online sobre o mercado de r\u00f3tulos p\u00f3s-covid trouxe insights importantes\" \/>\n<meta property=\"og:description\" content=\"A iniciativa, chamada de &quot;Mesa Virtual&quot; pelo consultor e gestor Davi Domingues, da Plano Gest\u00e3o e Neg\u00f3cios, foi moderada e hospedada pela ProjetoPack &amp; Associados, e contou com quatro expositores e quatro debatedores - todos conectados ao tema central &quot;O mercado de r\u00f3tulos p\u00f3s-covid&quot;.\" \/>\n<meta property=\"og:url\" content=\"https:\/\/projetopack.com.br\/en\/painel-online-sobre-o-mercado-de-rotulos-pos-covid-trouxe-insights-importantes\/\" \/>\n<meta property=\"og:site_name\" content=\"ProjetoPack\" \/>\n<meta property=\"article:published_time\" content=\"2020-06-03T19:03:39+00:00\" \/>\n<meta property=\"article:modified_time\" content=\"2020-06-03T19:03:42+00:00\" \/>\n<meta property=\"og:image\" content=\"https:\/\/projetopack.com.br\/wp-content\/uploads\/2020\/06\/imagem11.jpg\" \/>\n\t<meta property=\"og:image:width\" content=\"800\" \/>\n\t<meta property=\"og:image:height\" content=\"400\" \/>\n\t<meta property=\"og:image:type\" content=\"image\/jpeg\" \/>\n<meta name=\"author\" content=\"Andrea\" \/>\n<meta name=\"twitter:card\" content=\"summary_large_image\" \/>\n<meta name=\"twitter:creator\" content=\"@ProjetoPack\" \/>\n<meta name=\"twitter:site\" content=\"@ProjetoPack\" \/>\n<meta name=\"twitter:label1\" content=\"Written by\" \/>\n\t<meta name=\"twitter:data1\" content=\"Andrea\" \/>\n\t<meta name=\"twitter:label2\" content=\"Est. reading time\" \/>\n\t<meta name=\"twitter:data2\" content=\"6 minutes\" \/>\n<script type=\"application\/ld+json\" class=\"yoast-schema-graph\">{\"@context\":\"https:\/\/schema.org\",\"@graph\":[{\"@type\":\"Article\",\"@id\":\"https:\/\/projetopack.com.br\/en\/painel-online-sobre-o-mercado-de-rotulos-pos-covid-trouxe-insights-importantes\/#article\",\"isPartOf\":{\"@id\":\"https:\/\/projetopack.com.br\/en\/painel-online-sobre-o-mercado-de-rotulos-pos-covid-trouxe-insights-importantes\/\"},\"author\":{\"name\":\"Andrea\",\"@id\":\"https:\/\/projetopack.com.br\/#\/schema\/person\/d17c72a4bc2b7e461496dd8a14d4cef1\"},\"headline\":\"Painel online sobre o mercado de r\u00f3tulos p\u00f3s-covid trouxe insights importantes\",\"datePublished\":\"2020-06-03T19:03:39+00:00\",\"dateModified\":\"2020-06-03T19:03:42+00:00\",\"mainEntityOfPage\":{\"@id\":\"https:\/\/projetopack.com.br\/en\/painel-online-sobre-o-mercado-de-rotulos-pos-covid-trouxe-insights-importantes\/\"},\"wordCount\":1179,\"commentCount\":0,\"publisher\":{\"@id\":\"https:\/\/projetopack.com.br\/#organization\"},\"image\":{\"@id\":\"https:\/\/projetopack.com.br\/en\/painel-online-sobre-o-mercado-de-rotulos-pos-covid-trouxe-insights-importantes\/#primaryimage\"},\"thumbnailUrl\":\"https:\/\/projetopack.com.br\/wp-content\/uploads\/2020\/06\/imagem11.jpg\",\"keywords\":[\"mesa virtual\",\"r\u00f3tulos p\u00f3s-covid\"],\"articleSection\":[\"Infopack\"],\"inLanguage\":\"en-US\",\"potentialAction\":[{\"@type\":\"CommentAction\",\"name\":\"Comment\",\"target\":[\"https:\/\/projetopack.com.br\/en\/painel-online-sobre-o-mercado-de-rotulos-pos-covid-trouxe-insights-importantes\/#respond\"]}]},{\"@type\":\"WebPage\",\"@id\":\"https:\/\/projetopack.com.br\/en\/painel-online-sobre-o-mercado-de-rotulos-pos-covid-trouxe-insights-importantes\/\",\"url\":\"https:\/\/projetopack.com.br\/en\/painel-online-sobre-o-mercado-de-rotulos-pos-covid-trouxe-insights-importantes\/\",\"name\":\"Painel online sobre o mercado de r\u00f3tulos p\u00f3s-covid trouxe insights importantes - ProjetoPack\",\"isPartOf\":{\"@id\":\"https:\/\/projetopack.com.br\/#website\"},\"primaryImageOfPage\":{\"@id\":\"https:\/\/projetopack.com.br\/en\/painel-online-sobre-o-mercado-de-rotulos-pos-covid-trouxe-insights-importantes\/#primaryimage\"},\"image\":{\"@id\":\"https:\/\/projetopack.com.br\/en\/painel-online-sobre-o-mercado-de-rotulos-pos-covid-trouxe-insights-importantes\/#primaryimage\"},\"thumbnailUrl\":\"https:\/\/projetopack.com.br\/wp-content\/uploads\/2020\/06\/imagem11.jpg\",\"datePublished\":\"2020-06-03T19:03:39+00:00\",\"dateModified\":\"2020-06-03T19:03:42+00:00\",\"description\":\"A iniciativa, chamada de \\\"Mesa Virtual\\\" pelo consultor e gestor Davi Domingues, da Plano Gest\u00e3o e Neg\u00f3cios, foi moderada e hospedada pela ProjetoPack & Associados, e contou com quatro expositores e quatro debatedores - todos conectados ao tema central \\\"O mercado de r\u00f3tulos p\u00f3s-covid\\\".\",\"breadcrumb\":{\"@id\":\"https:\/\/projetopack.com.br\/en\/painel-online-sobre-o-mercado-de-rotulos-pos-covid-trouxe-insights-importantes\/#breadcrumb\"},\"inLanguage\":\"en-US\",\"potentialAction\":[{\"@type\":\"ReadAction\",\"target\":[\"https:\/\/projetopack.com.br\/en\/painel-online-sobre-o-mercado-de-rotulos-pos-covid-trouxe-insights-importantes\/\"]}]},{\"@type\":\"ImageObject\",\"inLanguage\":\"en-US\",\"@id\":\"https:\/\/projetopack.com.br\/en\/painel-online-sobre-o-mercado-de-rotulos-pos-covid-trouxe-insights-importantes\/#primaryimage\",\"url\":\"https:\/\/projetopack.com.br\/wp-content\/uploads\/2020\/06\/imagem11.jpg\",\"contentUrl\":\"https:\/\/projetopack.com.br\/wp-content\/uploads\/2020\/06\/imagem11.jpg\",\"width\":800,\"height\":400},{\"@type\":\"BreadcrumbList\",\"@id\":\"https:\/\/projetopack.com.br\/en\/painel-online-sobre-o-mercado-de-rotulos-pos-covid-trouxe-insights-importantes\/#breadcrumb\",\"itemListElement\":[{\"@type\":\"ListItem\",\"position\":1,\"name\":\"P\u00e1gina Inicial\",\"item\":\"https:\/\/projetopack.com.br\/\"},{\"@type\":\"ListItem\",\"position\":2,\"name\":\"Infopack\",\"item\":\"https:\/\/projetopack.com.br\/category\/infopack\/\"},{\"@type\":\"ListItem\",\"position\":3,\"name\":\"Painel online sobre o mercado de r\u00f3tulos p\u00f3s-covid trouxe insights importantes\"}]},{\"@type\":\"WebSite\",\"@id\":\"https:\/\/projetopack.com.br\/#website\",\"url\":\"https:\/\/projetopack.com.br\/\",\"name\":\"ProjetoPack\",\"description\":\"Consultoria e servi\u00e7os para embalagens, r\u00f3tulos, etiquetas e processos de impress\u00e3o\",\"publisher\":{\"@id\":\"https:\/\/projetopack.com.br\/#organization\"},\"potentialAction\":[{\"@type\":\"SearchAction\",\"target\":{\"@type\":\"EntryPoint\",\"urlTemplate\":\"https:\/\/projetopack.com.br\/?s={search_term_string}\"},\"query-input\":{\"@type\":\"PropertyValueSpecification\",\"valueRequired\":true,\"valueName\":\"search_term_string\"}}],\"inLanguage\":\"en-US\"},{\"@type\":\"Organization\",\"@id\":\"https:\/\/projetopack.com.br\/#organization\",\"name\":\"ProjetoPack & Associados\",\"url\":\"https:\/\/projetopack.com.br\/\",\"logo\":{\"@type\":\"ImageObject\",\"inLanguage\":\"en-US\",\"@id\":\"https:\/\/projetopack.com.br\/#\/schema\/logo\/image\/\",\"url\":\"https:\/\/projetopack.com.br\/wp-content\/uploads\/2020\/09\/projetopack.png\",\"contentUrl\":\"https:\/\/projetopack.com.br\/wp-content\/uploads\/2020\/09\/projetopack.png\",\"width\":200,\"height\":200,\"caption\":\"ProjetoPack & Associados\"},\"image\":{\"@id\":\"https:\/\/projetopack.com.br\/#\/schema\/logo\/image\/\"},\"sameAs\":[\"https:\/\/x.com\/ProjetoPack\",\"https:\/\/www.linkedin.com\/company\/projetopack\/\"]},{\"@type\":\"Person\",\"@id\":\"https:\/\/projetopack.com.br\/#\/schema\/person\/d17c72a4bc2b7e461496dd8a14d4cef1\",\"name\":\"Andrea\",\"image\":{\"@type\":\"ImageObject\",\"inLanguage\":\"en-US\",\"@id\":\"https:\/\/projetopack.com.br\/#\/schema\/person\/image\/\",\"url\":\"https:\/\/projetopack.com.br\/wp-content\/uploads\/2026\/03\/eu-150x150.jpg\",\"contentUrl\":\"https:\/\/projetopack.com.br\/wp-content\/uploads\/2026\/03\/eu-150x150.jpg\",\"caption\":\"Andrea\"},\"url\":\"https:\/\/projetopack.com.br\/en\/author\/andrea\/\"}]}<\/script>\n<!-- \/ Yoast SEO Premium plugin. -->","yoast_head_json":{"title":"Painel online sobre o mercado de r\u00f3tulos p\u00f3s-covid trouxe insights importantes - ProjetoPack","description":"A iniciativa, chamada de \"Mesa Virtual\" pelo consultor e gestor Davi Domingues, da Plano Gest\u00e3o e Neg\u00f3cios, foi moderada e hospedada pela ProjetoPack & Associados, e contou com quatro expositores e quatro debatedores - todos conectados ao tema central \"O mercado de r\u00f3tulos p\u00f3s-covid\".","robots":{"index":"index","follow":"follow","max-snippet":"max-snippet:-1","max-image-preview":"max-image-preview:large","max-video-preview":"max-video-preview:-1"},"canonical":"https:\/\/projetopack.com.br\/en\/painel-online-sobre-o-mercado-de-rotulos-pos-covid-trouxe-insights-importantes\/","og_locale":"en_US","og_type":"article","og_title":"Painel online sobre o mercado de r\u00f3tulos p\u00f3s-covid trouxe insights importantes","og_description":"A iniciativa, chamada de \"Mesa Virtual\" pelo consultor e gestor Davi Domingues, da Plano Gest\u00e3o e Neg\u00f3cios, foi moderada e hospedada pela ProjetoPack & Associados, e contou com quatro expositores e quatro debatedores - todos conectados ao tema central \"O mercado de r\u00f3tulos p\u00f3s-covid\".","og_url":"https:\/\/projetopack.com.br\/en\/painel-online-sobre-o-mercado-de-rotulos-pos-covid-trouxe-insights-importantes\/","og_site_name":"ProjetoPack","article_published_time":"2020-06-03T19:03:39+00:00","article_modified_time":"2020-06-03T19:03:42+00:00","og_image":[{"width":800,"height":400,"url":"https:\/\/projetopack.com.br\/wp-content\/uploads\/2020\/06\/imagem11.jpg","type":"image\/jpeg"}],"author":"Andrea","twitter_card":"summary_large_image","twitter_creator":"@ProjetoPack","twitter_site":"@ProjetoPack","twitter_misc":{"Written by":"Andrea","Est. reading time":"6 minutes"},"schema":{"@context":"https:\/\/schema.org","@graph":[{"@type":"Article","@id":"https:\/\/projetopack.com.br\/en\/painel-online-sobre-o-mercado-de-rotulos-pos-covid-trouxe-insights-importantes\/#article","isPartOf":{"@id":"https:\/\/projetopack.com.br\/en\/painel-online-sobre-o-mercado-de-rotulos-pos-covid-trouxe-insights-importantes\/"},"author":{"name":"Andrea","@id":"https:\/\/projetopack.com.br\/#\/schema\/person\/d17c72a4bc2b7e461496dd8a14d4cef1"},"headline":"Painel online sobre o mercado de r\u00f3tulos p\u00f3s-covid trouxe insights importantes","datePublished":"2020-06-03T19:03:39+00:00","dateModified":"2020-06-03T19:03:42+00:00","mainEntityOfPage":{"@id":"https:\/\/projetopack.com.br\/en\/painel-online-sobre-o-mercado-de-rotulos-pos-covid-trouxe-insights-importantes\/"},"wordCount":1179,"commentCount":0,"publisher":{"@id":"https:\/\/projetopack.com.br\/#organization"},"image":{"@id":"https:\/\/projetopack.com.br\/en\/painel-online-sobre-o-mercado-de-rotulos-pos-covid-trouxe-insights-importantes\/#primaryimage"},"thumbnailUrl":"https:\/\/projetopack.com.br\/wp-content\/uploads\/2020\/06\/imagem11.jpg","keywords":["mesa virtual","r\u00f3tulos p\u00f3s-covid"],"articleSection":["Infopack"],"inLanguage":"en-US","potentialAction":[{"@type":"CommentAction","name":"Comment","target":["https:\/\/projetopack.com.br\/en\/painel-online-sobre-o-mercado-de-rotulos-pos-covid-trouxe-insights-importantes\/#respond"]}]},{"@type":"WebPage","@id":"https:\/\/projetopack.com.br\/en\/painel-online-sobre-o-mercado-de-rotulos-pos-covid-trouxe-insights-importantes\/","url":"https:\/\/projetopack.com.br\/en\/painel-online-sobre-o-mercado-de-rotulos-pos-covid-trouxe-insights-importantes\/","name":"Painel online sobre o mercado de r\u00f3tulos p\u00f3s-covid trouxe insights importantes - ProjetoPack","isPartOf":{"@id":"https:\/\/projetopack.com.br\/#website"},"primaryImageOfPage":{"@id":"https:\/\/projetopack.com.br\/en\/painel-online-sobre-o-mercado-de-rotulos-pos-covid-trouxe-insights-importantes\/#primaryimage"},"image":{"@id":"https:\/\/projetopack.com.br\/en\/painel-online-sobre-o-mercado-de-rotulos-pos-covid-trouxe-insights-importantes\/#primaryimage"},"thumbnailUrl":"https:\/\/projetopack.com.br\/wp-content\/uploads\/2020\/06\/imagem11.jpg","datePublished":"2020-06-03T19:03:39+00:00","dateModified":"2020-06-03T19:03:42+00:00","description":"A iniciativa, chamada de \"Mesa Virtual\" pelo consultor e gestor Davi Domingues, da Plano Gest\u00e3o e Neg\u00f3cios, foi moderada e hospedada pela ProjetoPack & Associados, e contou com quatro expositores e quatro debatedores - todos conectados ao tema central \"O mercado de r\u00f3tulos p\u00f3s-covid\".","breadcrumb":{"@id":"https:\/\/projetopack.com.br\/en\/painel-online-sobre-o-mercado-de-rotulos-pos-covid-trouxe-insights-importantes\/#breadcrumb"},"inLanguage":"en-US","potentialAction":[{"@type":"ReadAction","target":["https:\/\/projetopack.com.br\/en\/painel-online-sobre-o-mercado-de-rotulos-pos-covid-trouxe-insights-importantes\/"]}]},{"@type":"ImageObject","inLanguage":"en-US","@id":"https:\/\/projetopack.com.br\/en\/painel-online-sobre-o-mercado-de-rotulos-pos-covid-trouxe-insights-importantes\/#primaryimage","url":"https:\/\/projetopack.com.br\/wp-content\/uploads\/2020\/06\/imagem11.jpg","contentUrl":"https:\/\/projetopack.com.br\/wp-content\/uploads\/2020\/06\/imagem11.jpg","width":800,"height":400},{"@type":"BreadcrumbList","@id":"https:\/\/projetopack.com.br\/en\/painel-online-sobre-o-mercado-de-rotulos-pos-covid-trouxe-insights-importantes\/#breadcrumb","itemListElement":[{"@type":"ListItem","position":1,"name":"P\u00e1gina Inicial","item":"https:\/\/projetopack.com.br\/"},{"@type":"ListItem","position":2,"name":"Infopack","item":"https:\/\/projetopack.com.br\/category\/infopack\/"},{"@type":"ListItem","position":3,"name":"Painel online sobre o mercado de r\u00f3tulos p\u00f3s-covid trouxe insights importantes"}]},{"@type":"WebSite","@id":"https:\/\/projetopack.com.br\/#website","url":"https:\/\/projetopack.com.br\/","name":"ProjetoPack","description":"Consultoria e servi\u00e7os para embalagens, r\u00f3tulos, etiquetas e processos de impress\u00e3o","publisher":{"@id":"https:\/\/projetopack.com.br\/#organization"},"potentialAction":[{"@type":"SearchAction","target":{"@type":"EntryPoint","urlTemplate":"https:\/\/projetopack.com.br\/?s={search_term_string}"},"query-input":{"@type":"PropertyValueSpecification","valueRequired":true,"valueName":"search_term_string"}}],"inLanguage":"en-US"},{"@type":"Organization","@id":"https:\/\/projetopack.com.br\/#organization","name":"ProjetoPack & Associados","url":"https:\/\/projetopack.com.br\/","logo":{"@type":"ImageObject","inLanguage":"en-US","@id":"https:\/\/projetopack.com.br\/#\/schema\/logo\/image\/","url":"https:\/\/projetopack.com.br\/wp-content\/uploads\/2020\/09\/projetopack.png","contentUrl":"https:\/\/projetopack.com.br\/wp-content\/uploads\/2020\/09\/projetopack.png","width":200,"height":200,"caption":"ProjetoPack & Associados"},"image":{"@id":"https:\/\/projetopack.com.br\/#\/schema\/logo\/image\/"},"sameAs":["https:\/\/x.com\/ProjetoPack","https:\/\/www.linkedin.com\/company\/projetopack\/"]},{"@type":"Person","@id":"https:\/\/projetopack.com.br\/#\/schema\/person\/d17c72a4bc2b7e461496dd8a14d4cef1","name":"Andrea","image":{"@type":"ImageObject","inLanguage":"en-US","@id":"https:\/\/projetopack.com.br\/#\/schema\/person\/image\/","url":"https:\/\/projetopack.com.br\/wp-content\/uploads\/2026\/03\/eu-150x150.jpg","contentUrl":"https:\/\/projetopack.com.br\/wp-content\/uploads\/2026\/03\/eu-150x150.jpg","caption":"Andrea"},"url":"https:\/\/projetopack.com.br\/en\/author\/andrea\/"}]}},"_links":{"self":[{"href":"https:\/\/projetopack.com.br\/en\/wp-json\/wp\/v2\/posts\/6209","targetHints":{"allow":["GET"]}}],"collection":[{"href":"https:\/\/projetopack.com.br\/en\/wp-json\/wp\/v2\/posts"}],"about":[{"href":"https:\/\/projetopack.com.br\/en\/wp-json\/wp\/v2\/types\/post"}],"author":[{"embeddable":true,"href":"https:\/\/projetopack.com.br\/en\/wp-json\/wp\/v2\/users\/18"}],"replies":[{"embeddable":true,"href":"https:\/\/projetopack.com.br\/en\/wp-json\/wp\/v2\/comments?post=6209"}],"version-history":[{"count":0,"href":"https:\/\/projetopack.com.br\/en\/wp-json\/wp\/v2\/posts\/6209\/revisions"}],"wp:featuredmedia":[{"embeddable":true,"href":"https:\/\/projetopack.com.br\/en\/wp-json\/wp\/v2\/media\/6210"}],"wp:attachment":[{"href":"https:\/\/projetopack.com.br\/en\/wp-json\/wp\/v2\/media?parent=6209"}],"wp:term":[{"taxonomy":"category","embeddable":true,"href":"https:\/\/projetopack.com.br\/en\/wp-json\/wp\/v2\/categories?post=6209"},{"taxonomy":"post_tag","embeddable":true,"href":"https:\/\/projetopack.com.br\/en\/wp-json\/wp\/v2\/tags?post=6209"}],"curies":[{"name":"wp","href":"https:\/\/api.w.org\/{rel}","templated":true}]}}