{"id":6257,"date":"2020-06-03T16:43:29","date_gmt":"2020-06-03T19:43:29","guid":{"rendered":"https:\/\/www.projetopack.com.br\/?p=6257"},"modified":"2020-06-03T16:43:31","modified_gmt":"2020-06-03T19:43:31","slug":"bobst-e-xerox-abandonam-a-drupa-as-feiras-deveriam-se-preocupar","status":"publish","type":"post","link":"https:\/\/projetopack.com.br\/en\/bobst-e-xerox-abandonam-a-drupa-as-feiras-deveriam-se-preocupar\/","title":{"rendered":"Bobst e Xerox abandonam a Drupa. As feiras deveriam se preocupar?"},"content":{"rendered":"<p>Antes de qualquer coisa: se n\u00e3o assinou o news, <strong>assine agora mesmo<\/strong>. E se j\u00e1 assinou, que tal compartilhar com os amigos dentro e fora da plataforma? Quer participar com alguma not\u00edcia, opini\u00e3o ou sugest\u00e3o? Manda pra gente por e-mail: <a target=\"_blank\" rel=\"noreferrer noopener\">revista@projetopack.com<\/a>. Todos os e-mails ser\u00e3o respondidos.<\/p>\n\n\n\n<p>Um comunicado simples e direto enviado por uma das maiores fabricantes de m\u00e1quinas do setor gr\u00e1fico mundial &#8211; a su\u00ed\u00e7a <a href=\"https:\/\/www.bobst.com\/bren\/\" target=\"_blank\" rel=\"noreferrer noopener\">Bobst Group<\/a> &#8211; anunciou:<\/p>\n\n\n\n<figure class=\"wp-block-pullquote\"><blockquote><p>Estamos reduzindo a nossa presen\u00e7a nas feiras do setor e, em consequencia, diminuindo radicalmente o nosso impacto ambiental. Como resultado, decidimos n\u00e3o expor mais na Drupa e em outras feiras em 2021, limitando-nos apenas a uma participa\u00e7\u00e3o nos eventos da \u00c1sia.<\/p><\/blockquote><\/figure>\n\n\n\n<p>Ela prossegue em seu comunicado, dizendo que na \u00faltima d\u00e9cada, o n\u00famero de feiras setoriais aumentou significativamente, ao mesmo tempo em que novas tecnologias na \u00e1rea de comunica\u00e7\u00e3o oferecem novos rumos na seara do &#8220;compartilhamento de conte\u00fado&#8221;.<\/p>\n\n\n\n<figure class=\"wp-block-image size-large\"><img fetchpriority=\"high\" decoding=\"async\" width=\"1024\" height=\"680\" src=\"https:\/\/projetopack.com.br\/wp-content\/uploads\/2020\/06\/2-2-1024x680.jpg\" alt=\"\" class=\"wp-image-6260\" srcset=\"https:\/\/projetopack.com.br\/wp-content\/uploads\/2020\/06\/2-2-1024x680.jpg 1024w, https:\/\/projetopack.com.br\/wp-content\/uploads\/2020\/06\/2-2-300x199.jpg 300w, https:\/\/projetopack.com.br\/wp-content\/uploads\/2020\/06\/2-2-600x399.jpg 600w, https:\/\/projetopack.com.br\/wp-content\/uploads\/2020\/06\/2-2-768x510.jpg 768w, https:\/\/projetopack.com.br\/wp-content\/uploads\/2020\/06\/2-2.jpg 1111w\" sizes=\"(max-width: 1024px) 100vw, 1024px\" \/><\/figure>\n\n\n\n<p>No caso dela, especificamente, isso permitir\u00e1 aumentar o engajamento dos clientes levando os seus Centros de Compet\u00eancia a um novo patamar, da mesma forma como novas tecnologias devem culminar brevemente na transforma\u00e7\u00e3o das f\u00e1bricas convencionais em &#8220;inteligentes&#8221;.<\/p>\n\n\n\n<p>Esta not\u00edcia, isolada, talvez n\u00e3o disparasse um alarme. Mas h\u00e1 alguns dias, a norteamericana <a href=\"https:\/\/www.xerox.com\/index\/ptbr.html\" target=\"_blank\" rel=\"noreferrer noopener\">Xerox<\/a>, em <a href=\"https:\/\/www.printweek.com\/news\/article\/blow-for-drupa-as-two-large-exhibitors-cancel\" target=\"_blank\" rel=\"noreferrer noopener\">declara\u00e7\u00e3o<\/a> \u00e0 revista inglesa PrintWeek, compartilhou da decis\u00e3o:<\/p>\n\n\n\n<figure class=\"wp-block-pullquote\"><blockquote><p>A drupa 2020 foi adiada devido \u00e0 pandemia da Covid-19, com um novo evento agendado para o pr\u00f3ximo m\u00eas de abril. Dada a incerteza continuada em torno da realiza\u00e7\u00e3o de grandes eventos durante uma pandemia, e pela nossa pr\u00f3pria programa\u00e7\u00e3o para apresenta\u00e7\u00f5es de produtos, a Xerox decidiu n\u00e3o participar na feira.&#8221;<\/p><\/blockquote><\/figure>\n\n\n\n<p>H\u00e1 bastante especula\u00e7\u00e3o de que estas s\u00e3o as primeiras, mas n\u00e3o ser\u00e3o as \u00faltimas baixas na <a href=\"https:\/\/www.drupa.com\/\" target=\"_blank\" rel=\"noreferrer noopener\">Drupa<\/a>, assim como outras feiras consideradas &#8220;pilares&#8221; em setores como comunica\u00e7\u00e3o visual, impress\u00e3o offset e digital tamb\u00e9m devem sofrer com o chamado &#8220;novo normal&#8221; (no caso das feiras deste ano, a impossibilidade de represar por tanto tempo um calend\u00e1rio de lan\u00e7amentos por parte dos expositores \u00e9 outro fator digno de nota).<\/p>\n\n\n\n<p>Feiras menores, de nicho, conseguir\u00e3o manter-se, uma vez que s\u00e3o capazes de reunir mais facilmente um p\u00fablico qualificado e espec\u00edfico. Mas o <em>trade-off<\/em> dos mega eventos, em trazer audi\u00eancia massiva e, ao mesmo tempo, entregar aos expositores a oportunidade de acessar os decisores, \u00e9 algo muito complicado de ser superado.<\/p>\n\n\n\n<p><em>As feiras, decerto, n\u00e3o acabaram<\/em>. Mas a pandemia acelerou o aprendizado, a cultura e o questionamento de todos para solu\u00e7\u00f5es que, remotamente, encurtam a dist\u00e2ncia e ainda sim, entregam uma experi\u00eancia interessante &#8211; como \u00e9 o caso dos ambientes virtuais, realidade aumentada e plataformas de streaming cada vez melhores e mais vers\u00e1teis.<\/p>\n\n\n\n<figure class=\"wp-block-pullquote\"><blockquote><p>Os organizadores destes eventos ter\u00e3o de se reinventar e recriar a experi\u00eancia das feiras, para perseverar e continuar entregando retornos aos investidores &#8211; expositores, como historicamente o fizeram por tantas d\u00e9cadas.<\/p><\/blockquote><\/figure>\n\n\n\n<p>Como leitura complementar, vale dar uma olhada nesse artigo: &#8220;<a rel=\"noreferrer noopener\" href=\"http:\/\/www.pmlive.com\/pmhub\/exhibitors\/Apex_Conferences,_Events_and_Exhibition_Stands\/press_releases\/how_will_the_events_and_exhibitions_industry_change_post-corona_virus\" target=\"_blank\">Como a ind\u00fastria de feiras eventos vai mudar ap\u00f3s o coronavirus<\/a>&#8220;.<\/p>\n\n\n\n<p><\/p>\n\n\n\n<p><\/p>\n\n\n\n<p class=\"has-background has-very-light-gray-background-color\"><img decoding=\"async\" width=\"50\" height=\"50\" class=\"wp-image-6192\" style=\"width: 50px;\" src=\"https:\/\/projetopack.com.br\/wp-content\/uploads\/2020\/05\/aislan.jpg\" alt=\"\"><strong>Aislan Baer<\/strong> Fundador e CEO da ProjetoPack &amp; Associados; Co-fundador da Inovagraf; Diretor da IDEAlliance Latin America.<\/p>","protected":false},"excerpt":{"rendered":"<p>H\u00e1 bastante especula\u00e7\u00e3o de que estas s\u00e3o as primeiras, mas n\u00e3o ser\u00e3o as \u00faltimas baixas na Drupa, assim como outras feiras consideradas &#8220;pilares&#8221; em setores como comunica\u00e7\u00e3o visual, impress\u00e3o offset e digital tamb\u00e9m devem sofrer com o chamado &#8220;novo normal&#8221;<\/p>","protected":false},"author":18,"featured_media":6259,"comment_status":"open","ping_status":"closed","sticky":false,"template":"","format":"standard","meta":{"footnotes":""},"categories":[4],"tags":[271,426,427,173],"class_list":["post-6257","post","type-post","status-publish","format-standard","has-post-thumbnail","hentry","category-infopack","tag-bobst","tag-drupa-2020","tag-feiras","tag-xerox"],"yoast_head":"<!-- This site is optimized with the Yoast SEO Premium plugin v27.1 (Yoast SEO v27.1.1) - https:\/\/yoast.com\/product\/yoast-seo-premium-wordpress\/ -->\n<title>Bobst e Xerox abandonam a Drupa. As feiras deveriam se preocupar? - ProjetoPack<\/title>\n<meta name=\"description\" content=\"H\u00e1 bastante especula\u00e7\u00e3o de que estas s\u00e3o as primeiras, mas n\u00e3o ser\u00e3o as \u00faltimas baixas na Drupa, assim como outras feiras consideradas &quot;pilares&quot; em setores como comunica\u00e7\u00e3o visual, impress\u00e3o offset e digital tamb\u00e9m devem sofrer com o chamado &quot;novo normal&quot;.\" \/>\n<meta name=\"robots\" content=\"index, follow, max-snippet:-1, max-image-preview:large, max-video-preview:-1\" \/>\n<link rel=\"canonical\" href=\"https:\/\/projetopack.com.br\/en\/bobst-e-xerox-abandonam-a-drupa-as-feiras-deveriam-se-preocupar\/\" \/>\n<meta property=\"og:locale\" content=\"en_US\" \/>\n<meta property=\"og:type\" content=\"article\" \/>\n<meta property=\"og:title\" content=\"Bobst e Xerox abandonam a Drupa. As feiras deveriam se preocupar?\" \/>\n<meta property=\"og:description\" content=\"H\u00e1 bastante especula\u00e7\u00e3o de que estas s\u00e3o as primeiras, mas n\u00e3o ser\u00e3o as \u00faltimas baixas na Drupa, assim como outras feiras consideradas &quot;pilares&quot; em setores como comunica\u00e7\u00e3o visual, impress\u00e3o offset e digital tamb\u00e9m devem sofrer com o chamado &quot;novo normal&quot;.\" \/>\n<meta property=\"og:url\" content=\"https:\/\/projetopack.com.br\/en\/bobst-e-xerox-abandonam-a-drupa-as-feiras-deveriam-se-preocupar\/\" \/>\n<meta property=\"og:site_name\" content=\"ProjetoPack\" \/>\n<meta property=\"article:published_time\" content=\"2020-06-03T19:43:29+00:00\" \/>\n<meta property=\"article:modified_time\" content=\"2020-06-03T19:43:31+00:00\" \/>\n<meta property=\"og:image\" content=\"https:\/\/projetopack.com.br\/wp-content\/uploads\/2020\/06\/1-1.jpg\" \/>\n\t<meta property=\"og:image:width\" content=\"1200\" \/>\n\t<meta property=\"og:image:height\" content=\"430\" \/>\n\t<meta property=\"og:image:type\" content=\"image\/jpeg\" \/>\n<meta name=\"author\" content=\"Andrea\" \/>\n<meta name=\"twitter:card\" content=\"summary_large_image\" \/>\n<meta name=\"twitter:creator\" content=\"@ProjetoPack\" \/>\n<meta name=\"twitter:site\" content=\"@ProjetoPack\" \/>\n<meta name=\"twitter:label1\" content=\"Written by\" \/>\n\t<meta name=\"twitter:data1\" content=\"Andrea\" \/>\n\t<meta name=\"twitter:label2\" content=\"Est. reading time\" \/>\n\t<meta name=\"twitter:data2\" content=\"3 minutes\" \/>\n<script type=\"application\/ld+json\" class=\"yoast-schema-graph\">{\"@context\":\"https:\/\/schema.org\",\"@graph\":[{\"@type\":\"Article\",\"@id\":\"https:\/\/projetopack.com.br\/bobst-e-xerox-abandonam-a-drupa-as-feiras-deveriam-se-preocupar\/#article\",\"isPartOf\":{\"@id\":\"https:\/\/projetopack.com.br\/bobst-e-xerox-abandonam-a-drupa-as-feiras-deveriam-se-preocupar\/\"},\"author\":{\"name\":\"Andrea\",\"@id\":\"https:\/\/projetopack.com.br\/#\/schema\/person\/d17c72a4bc2b7e461496dd8a14d4cef1\"},\"headline\":\"Bobst e Xerox abandonam a Drupa. As feiras deveriam se preocupar?\",\"datePublished\":\"2020-06-03T19:43:29+00:00\",\"dateModified\":\"2020-06-03T19:43:31+00:00\",\"mainEntityOfPage\":{\"@id\":\"https:\/\/projetopack.com.br\/bobst-e-xerox-abandonam-a-drupa-as-feiras-deveriam-se-preocupar\/\"},\"wordCount\":556,\"commentCount\":0,\"publisher\":{\"@id\":\"https:\/\/projetopack.com.br\/#organization\"},\"image\":{\"@id\":\"https:\/\/projetopack.com.br\/bobst-e-xerox-abandonam-a-drupa-as-feiras-deveriam-se-preocupar\/#primaryimage\"},\"thumbnailUrl\":\"https:\/\/projetopack.com.br\/wp-content\/uploads\/2020\/06\/1-1.jpg\",\"keywords\":[\"bobst\",\"drupa 2020\",\"feiras\",\"Xerox\"],\"articleSection\":[\"Infopack\"],\"inLanguage\":\"en-US\",\"potentialAction\":[{\"@type\":\"CommentAction\",\"name\":\"Comment\",\"target\":[\"https:\/\/projetopack.com.br\/bobst-e-xerox-abandonam-a-drupa-as-feiras-deveriam-se-preocupar\/#respond\"]}]},{\"@type\":\"WebPage\",\"@id\":\"https:\/\/projetopack.com.br\/bobst-e-xerox-abandonam-a-drupa-as-feiras-deveriam-se-preocupar\/\",\"url\":\"https:\/\/projetopack.com.br\/bobst-e-xerox-abandonam-a-drupa-as-feiras-deveriam-se-preocupar\/\",\"name\":\"Bobst e Xerox abandonam a Drupa. As feiras deveriam se preocupar? - ProjetoPack\",\"isPartOf\":{\"@id\":\"https:\/\/projetopack.com.br\/#website\"},\"primaryImageOfPage\":{\"@id\":\"https:\/\/projetopack.com.br\/bobst-e-xerox-abandonam-a-drupa-as-feiras-deveriam-se-preocupar\/#primaryimage\"},\"image\":{\"@id\":\"https:\/\/projetopack.com.br\/bobst-e-xerox-abandonam-a-drupa-as-feiras-deveriam-se-preocupar\/#primaryimage\"},\"thumbnailUrl\":\"https:\/\/projetopack.com.br\/wp-content\/uploads\/2020\/06\/1-1.jpg\",\"datePublished\":\"2020-06-03T19:43:29+00:00\",\"dateModified\":\"2020-06-03T19:43:31+00:00\",\"description\":\"H\u00e1 bastante especula\u00e7\u00e3o de que estas s\u00e3o as primeiras, mas n\u00e3o ser\u00e3o as \u00faltimas baixas na Drupa, assim como outras feiras consideradas \\\"pilares\\\" em setores como comunica\u00e7\u00e3o visual, impress\u00e3o offset e digital tamb\u00e9m devem sofrer com o chamado \\\"novo normal\\\".\",\"breadcrumb\":{\"@id\":\"https:\/\/projetopack.com.br\/bobst-e-xerox-abandonam-a-drupa-as-feiras-deveriam-se-preocupar\/#breadcrumb\"},\"inLanguage\":\"en-US\",\"potentialAction\":[{\"@type\":\"ReadAction\",\"target\":[\"https:\/\/projetopack.com.br\/bobst-e-xerox-abandonam-a-drupa-as-feiras-deveriam-se-preocupar\/\"]}]},{\"@type\":\"ImageObject\",\"inLanguage\":\"en-US\",\"@id\":\"https:\/\/projetopack.com.br\/bobst-e-xerox-abandonam-a-drupa-as-feiras-deveriam-se-preocupar\/#primaryimage\",\"url\":\"https:\/\/projetopack.com.br\/wp-content\/uploads\/2020\/06\/1-1.jpg\",\"contentUrl\":\"https:\/\/projetopack.com.br\/wp-content\/uploads\/2020\/06\/1-1.jpg\",\"width\":1200,\"height\":430},{\"@type\":\"BreadcrumbList\",\"@id\":\"https:\/\/projetopack.com.br\/bobst-e-xerox-abandonam-a-drupa-as-feiras-deveriam-se-preocupar\/#breadcrumb\",\"itemListElement\":[{\"@type\":\"ListItem\",\"position\":1,\"name\":\"P\u00e1gina Inicial\",\"item\":\"https:\/\/projetopack.com.br\/\"},{\"@type\":\"ListItem\",\"position\":2,\"name\":\"Infopack\",\"item\":\"https:\/\/projetopack.com.br\/category\/infopack\/\"},{\"@type\":\"ListItem\",\"position\":3,\"name\":\"Bobst e Xerox abandonam a Drupa. As feiras deveriam se preocupar?\"}]},{\"@type\":\"WebSite\",\"@id\":\"https:\/\/projetopack.com.br\/#website\",\"url\":\"https:\/\/projetopack.com.br\/\",\"name\":\"ProjetoPack\",\"description\":\"Consultoria e servi\u00e7os para embalagens, r\u00f3tulos, etiquetas e processos de impress\u00e3o\",\"publisher\":{\"@id\":\"https:\/\/projetopack.com.br\/#organization\"},\"potentialAction\":[{\"@type\":\"SearchAction\",\"target\":{\"@type\":\"EntryPoint\",\"urlTemplate\":\"https:\/\/projetopack.com.br\/?s={search_term_string}\"},\"query-input\":{\"@type\":\"PropertyValueSpecification\",\"valueRequired\":true,\"valueName\":\"search_term_string\"}}],\"inLanguage\":\"en-US\"},{\"@type\":\"Organization\",\"@id\":\"https:\/\/projetopack.com.br\/#organization\",\"name\":\"ProjetoPack & Associados\",\"url\":\"https:\/\/projetopack.com.br\/\",\"logo\":{\"@type\":\"ImageObject\",\"inLanguage\":\"en-US\",\"@id\":\"https:\/\/projetopack.com.br\/#\/schema\/logo\/image\/\",\"url\":\"https:\/\/projetopack.com.br\/wp-content\/uploads\/2020\/09\/projetopack.png\",\"contentUrl\":\"https:\/\/projetopack.com.br\/wp-content\/uploads\/2020\/09\/projetopack.png\",\"width\":200,\"height\":200,\"caption\":\"ProjetoPack & Associados\"},\"image\":{\"@id\":\"https:\/\/projetopack.com.br\/#\/schema\/logo\/image\/\"},\"sameAs\":[\"https:\/\/x.com\/ProjetoPack\",\"https:\/\/www.linkedin.com\/company\/projetopack\/\"]},{\"@type\":\"Person\",\"@id\":\"https:\/\/projetopack.com.br\/#\/schema\/person\/d17c72a4bc2b7e461496dd8a14d4cef1\",\"name\":\"Andrea\",\"image\":{\"@type\":\"ImageObject\",\"inLanguage\":\"en-US\",\"@id\":\"https:\/\/projetopack.com.br\/#\/schema\/person\/image\/\",\"url\":\"https:\/\/projetopack.com.br\/wp-content\/uploads\/2026\/03\/eu-150x150.jpg\",\"contentUrl\":\"https:\/\/projetopack.com.br\/wp-content\/uploads\/2026\/03\/eu-150x150.jpg\",\"caption\":\"Andrea\"},\"url\":\"https:\/\/projetopack.com.br\/en\/author\/andrea\/\"}]}<\/script>\n<!-- \/ Yoast SEO Premium plugin. -->","yoast_head_json":{"title":"Bobst e Xerox abandonam a Drupa. As feiras deveriam se preocupar? - ProjetoPack","description":"H\u00e1 bastante especula\u00e7\u00e3o de que estas s\u00e3o as primeiras, mas n\u00e3o ser\u00e3o as \u00faltimas baixas na Drupa, assim como outras feiras consideradas \"pilares\" em setores como comunica\u00e7\u00e3o visual, impress\u00e3o offset e digital tamb\u00e9m devem sofrer com o chamado \"novo normal\".","robots":{"index":"index","follow":"follow","max-snippet":"max-snippet:-1","max-image-preview":"max-image-preview:large","max-video-preview":"max-video-preview:-1"},"canonical":"https:\/\/projetopack.com.br\/en\/bobst-e-xerox-abandonam-a-drupa-as-feiras-deveriam-se-preocupar\/","og_locale":"en_US","og_type":"article","og_title":"Bobst e Xerox abandonam a Drupa. As feiras deveriam se preocupar?","og_description":"H\u00e1 bastante especula\u00e7\u00e3o de que estas s\u00e3o as primeiras, mas n\u00e3o ser\u00e3o as \u00faltimas baixas na Drupa, assim como outras feiras consideradas \"pilares\" em setores como comunica\u00e7\u00e3o visual, impress\u00e3o offset e digital tamb\u00e9m devem sofrer com o chamado \"novo normal\".","og_url":"https:\/\/projetopack.com.br\/en\/bobst-e-xerox-abandonam-a-drupa-as-feiras-deveriam-se-preocupar\/","og_site_name":"ProjetoPack","article_published_time":"2020-06-03T19:43:29+00:00","article_modified_time":"2020-06-03T19:43:31+00:00","og_image":[{"width":1200,"height":430,"url":"https:\/\/projetopack.com.br\/wp-content\/uploads\/2020\/06\/1-1.jpg","type":"image\/jpeg"}],"author":"Andrea","twitter_card":"summary_large_image","twitter_creator":"@ProjetoPack","twitter_site":"@ProjetoPack","twitter_misc":{"Written by":"Andrea","Est. reading time":"3 minutes"},"schema":{"@context":"https:\/\/schema.org","@graph":[{"@type":"Article","@id":"https:\/\/projetopack.com.br\/bobst-e-xerox-abandonam-a-drupa-as-feiras-deveriam-se-preocupar\/#article","isPartOf":{"@id":"https:\/\/projetopack.com.br\/bobst-e-xerox-abandonam-a-drupa-as-feiras-deveriam-se-preocupar\/"},"author":{"name":"Andrea","@id":"https:\/\/projetopack.com.br\/#\/schema\/person\/d17c72a4bc2b7e461496dd8a14d4cef1"},"headline":"Bobst e Xerox abandonam a Drupa. As feiras deveriam se preocupar?","datePublished":"2020-06-03T19:43:29+00:00","dateModified":"2020-06-03T19:43:31+00:00","mainEntityOfPage":{"@id":"https:\/\/projetopack.com.br\/bobst-e-xerox-abandonam-a-drupa-as-feiras-deveriam-se-preocupar\/"},"wordCount":556,"commentCount":0,"publisher":{"@id":"https:\/\/projetopack.com.br\/#organization"},"image":{"@id":"https:\/\/projetopack.com.br\/bobst-e-xerox-abandonam-a-drupa-as-feiras-deveriam-se-preocupar\/#primaryimage"},"thumbnailUrl":"https:\/\/projetopack.com.br\/wp-content\/uploads\/2020\/06\/1-1.jpg","keywords":["bobst","drupa 2020","feiras","Xerox"],"articleSection":["Infopack"],"inLanguage":"en-US","potentialAction":[{"@type":"CommentAction","name":"Comment","target":["https:\/\/projetopack.com.br\/bobst-e-xerox-abandonam-a-drupa-as-feiras-deveriam-se-preocupar\/#respond"]}]},{"@type":"WebPage","@id":"https:\/\/projetopack.com.br\/bobst-e-xerox-abandonam-a-drupa-as-feiras-deveriam-se-preocupar\/","url":"https:\/\/projetopack.com.br\/bobst-e-xerox-abandonam-a-drupa-as-feiras-deveriam-se-preocupar\/","name":"Bobst e Xerox abandonam a Drupa. As feiras deveriam se preocupar? - ProjetoPack","isPartOf":{"@id":"https:\/\/projetopack.com.br\/#website"},"primaryImageOfPage":{"@id":"https:\/\/projetopack.com.br\/bobst-e-xerox-abandonam-a-drupa-as-feiras-deveriam-se-preocupar\/#primaryimage"},"image":{"@id":"https:\/\/projetopack.com.br\/bobst-e-xerox-abandonam-a-drupa-as-feiras-deveriam-se-preocupar\/#primaryimage"},"thumbnailUrl":"https:\/\/projetopack.com.br\/wp-content\/uploads\/2020\/06\/1-1.jpg","datePublished":"2020-06-03T19:43:29+00:00","dateModified":"2020-06-03T19:43:31+00:00","description":"H\u00e1 bastante especula\u00e7\u00e3o de que estas s\u00e3o as primeiras, mas n\u00e3o ser\u00e3o as \u00faltimas baixas na Drupa, assim como outras feiras consideradas \"pilares\" em setores como comunica\u00e7\u00e3o visual, impress\u00e3o offset e digital tamb\u00e9m devem sofrer com o chamado \"novo normal\".","breadcrumb":{"@id":"https:\/\/projetopack.com.br\/bobst-e-xerox-abandonam-a-drupa-as-feiras-deveriam-se-preocupar\/#breadcrumb"},"inLanguage":"en-US","potentialAction":[{"@type":"ReadAction","target":["https:\/\/projetopack.com.br\/bobst-e-xerox-abandonam-a-drupa-as-feiras-deveriam-se-preocupar\/"]}]},{"@type":"ImageObject","inLanguage":"en-US","@id":"https:\/\/projetopack.com.br\/bobst-e-xerox-abandonam-a-drupa-as-feiras-deveriam-se-preocupar\/#primaryimage","url":"https:\/\/projetopack.com.br\/wp-content\/uploads\/2020\/06\/1-1.jpg","contentUrl":"https:\/\/projetopack.com.br\/wp-content\/uploads\/2020\/06\/1-1.jpg","width":1200,"height":430},{"@type":"BreadcrumbList","@id":"https:\/\/projetopack.com.br\/bobst-e-xerox-abandonam-a-drupa-as-feiras-deveriam-se-preocupar\/#breadcrumb","itemListElement":[{"@type":"ListItem","position":1,"name":"P\u00e1gina Inicial","item":"https:\/\/projetopack.com.br\/"},{"@type":"ListItem","position":2,"name":"Infopack","item":"https:\/\/projetopack.com.br\/category\/infopack\/"},{"@type":"ListItem","position":3,"name":"Bobst e Xerox abandonam a Drupa. As feiras deveriam se preocupar?"}]},{"@type":"WebSite","@id":"https:\/\/projetopack.com.br\/#website","url":"https:\/\/projetopack.com.br\/","name":"ProjetoPack","description":"Consultoria e servi\u00e7os para embalagens, r\u00f3tulos, etiquetas e processos de impress\u00e3o","publisher":{"@id":"https:\/\/projetopack.com.br\/#organization"},"potentialAction":[{"@type":"SearchAction","target":{"@type":"EntryPoint","urlTemplate":"https:\/\/projetopack.com.br\/?s={search_term_string}"},"query-input":{"@type":"PropertyValueSpecification","valueRequired":true,"valueName":"search_term_string"}}],"inLanguage":"en-US"},{"@type":"Organization","@id":"https:\/\/projetopack.com.br\/#organization","name":"ProjetoPack & Associados","url":"https:\/\/projetopack.com.br\/","logo":{"@type":"ImageObject","inLanguage":"en-US","@id":"https:\/\/projetopack.com.br\/#\/schema\/logo\/image\/","url":"https:\/\/projetopack.com.br\/wp-content\/uploads\/2020\/09\/projetopack.png","contentUrl":"https:\/\/projetopack.com.br\/wp-content\/uploads\/2020\/09\/projetopack.png","width":200,"height":200,"caption":"ProjetoPack & Associados"},"image":{"@id":"https:\/\/projetopack.com.br\/#\/schema\/logo\/image\/"},"sameAs":["https:\/\/x.com\/ProjetoPack","https:\/\/www.linkedin.com\/company\/projetopack\/"]},{"@type":"Person","@id":"https:\/\/projetopack.com.br\/#\/schema\/person\/d17c72a4bc2b7e461496dd8a14d4cef1","name":"Andrea","image":{"@type":"ImageObject","inLanguage":"en-US","@id":"https:\/\/projetopack.com.br\/#\/schema\/person\/image\/","url":"https:\/\/projetopack.com.br\/wp-content\/uploads\/2026\/03\/eu-150x150.jpg","contentUrl":"https:\/\/projetopack.com.br\/wp-content\/uploads\/2026\/03\/eu-150x150.jpg","caption":"Andrea"},"url":"https:\/\/projetopack.com.br\/en\/author\/andrea\/"}]}},"_links":{"self":[{"href":"https:\/\/projetopack.com.br\/en\/wp-json\/wp\/v2\/posts\/6257","targetHints":{"allow":["GET"]}}],"collection":[{"href":"https:\/\/projetopack.com.br\/en\/wp-json\/wp\/v2\/posts"}],"about":[{"href":"https:\/\/projetopack.com.br\/en\/wp-json\/wp\/v2\/types\/post"}],"author":[{"embeddable":true,"href":"https:\/\/projetopack.com.br\/en\/wp-json\/wp\/v2\/users\/18"}],"replies":[{"embeddable":true,"href":"https:\/\/projetopack.com.br\/en\/wp-json\/wp\/v2\/comments?post=6257"}],"version-history":[{"count":0,"href":"https:\/\/projetopack.com.br\/en\/wp-json\/wp\/v2\/posts\/6257\/revisions"}],"wp:featuredmedia":[{"embeddable":true,"href":"https:\/\/projetopack.com.br\/en\/wp-json\/wp\/v2\/media\/6259"}],"wp:attachment":[{"href":"https:\/\/projetopack.com.br\/en\/wp-json\/wp\/v2\/media?parent=6257"}],"wp:term":[{"taxonomy":"category","embeddable":true,"href":"https:\/\/projetopack.com.br\/en\/wp-json\/wp\/v2\/categories?post=6257"},{"taxonomy":"post_tag","embeddable":true,"href":"https:\/\/projetopack.com.br\/en\/wp-json\/wp\/v2\/tags?post=6257"}],"curies":[{"name":"wp","href":"https:\/\/api.w.org\/{rel}","templated":true}]}}