{"id":6358,"date":"2021-01-23T17:16:35","date_gmt":"2021-01-23T20:16:35","guid":{"rendered":"https:\/\/www.projetopack.com.br\/?p=6358"},"modified":"2021-03-26T19:59:36","modified_gmt":"2021-03-26T22:59:36","slug":"vagas-da-semana","status":"publish","type":"post","link":"https:\/\/projetopack.com.br\/en\/vagas-da-semana\/","title":{"rendered":"\u00daltimas vagas postadas"},"content":{"rendered":"<p>Esta semana, nosso grupo no Facebook, <a href=\"https:\/\/www.facebook.com\/groups\/434828603269664\/\">Empregos Gr\u00e1ficos<\/a>, chegou \u00e0 marca de 4.938 membros.<\/p>\n\n\n\n<p>A ideia do grupo \u00e9 postar vagas do setor gr\u00e1fico e convertedor para auxiliar especialmente nesta fase dif\u00edcil de pandemia, profissionais em busca de recoloca\u00e7\u00e3o.<\/p>\n\n\n\n<p>Seguem algumas das \u00faltimas oportunidades postadas foram:<\/p>\n\n\n\n<ul class=\"has-cyan-bluish-gray-background-color has-background wp-block-list\"><li><strong>Artvinco<\/strong>, Santa Rosa\/SP, buscando Instrumentista. Envio de CV pelo <a href=\"http:\/\/www.artvinco.com.br\">site<\/a> da empresa.<\/li><li><strong>All4Labels<\/strong>, Blumenau\/SC, com diversas vagas de est\u00e1gio nas \u00e1reas de qualidade, planejamento estrat\u00e9gico e com\u00e9rcio exterior. Envio de CV para <a href=\"mailto:rh.brazil@all4labels.com\">rh.brazil@all4labels.com<\/a>, com o assunto &#8220;Est\u00e1gio + \u00e1rea pretendida&#8221; (exemplo: Est\u00e1gio Vendas).<\/li><li><strong>Camargo Embalagens<\/strong>, Tiet\u00ea\/SP, em busca de operador de pr\u00e9-impress\u00e3o. Envio de CV para <a href=\"mailto:rh@camargociaembalagens.com.br\">rh@camargociaembalagens.com.br<\/a>;<\/li><li><strong>Dugraf<\/strong> procura profissionais de vendas para \u00e1rea oeste de SP e interior do Paran\u00e1. Envio de CV pelo Facebook, no grupo;<\/li><li><strong>Graphicenter<\/strong> com in\u00fameras vagas (impressor offset, ajudante de acabamento, revendedores e operador de guilhotina) para RJ. Envio de CV por email em graphicenter@uol.com.br;<\/li><li><strong>SR Embalagens<\/strong> procura analista de log\u00edstica para Tr\u00eas Rios\/RJ. Envio de CV para <a href=\"mailto:recrutamento.tr@srembalagens.com.br\">recrutamento.tr@srembalagens.com.br<\/a>.<\/li><\/ul>\n\n\n\n<p>N\u00e3o quer perder nenhuma vaga? Ent\u00e3o corre e se inscreve gratuitamente no grupo <a href=\"https:\/\/www.facebook.com\/groups\/434828603269664\/\">Empregos Gr\u00e1ficos<\/a> do Facebook. Todos os dias, novas vagas.<\/p>","protected":false},"excerpt":{"rendered":"<p>Entre agora mesmo no grupo do Facebook &#8220;Empregos gr\u00e1ficos&#8221;<\/p>","protected":false},"author":18,"featured_media":10178,"comment_status":"open","ping_status":"closed","sticky":false,"template":"","format":"standard","meta":{"footnotes":""},"categories":[58],"tags":[692,691,688,694,690,685],"class_list":["post-6358","post","type-post","status-publish","format-standard","has-post-thumbnail","hentry","category-vagas","tag-contratacao","tag-curriculo","tag-emprego","tag-estagio","tag-vaga-de-impressor","tag-vagas"],"yoast_head":"<!-- This site is optimized with the Yoast SEO Premium plugin v27.1 (Yoast SEO v27.1.1) - https:\/\/yoast.com\/product\/yoast-seo-premium-wordpress\/ -->\n<title>\u00daltimas vagas postadas - ProjetoPack<\/title>\n<meta name=\"description\" content=\"Acompanhe as \u00faltimas oportunidades de emprego no setor\" \/>\n<meta name=\"robots\" content=\"index, follow, max-snippet:-1, max-image-preview:large, max-video-preview:-1\" \/>\n<link rel=\"canonical\" href=\"https:\/\/projetopack.com.br\/en\/vagas-da-semana\/\" \/>\n<meta property=\"og:locale\" content=\"en_US\" \/>\n<meta property=\"og:type\" content=\"article\" \/>\n<meta property=\"og:title\" content=\"\u00daltimas vagas postadas\" \/>\n<meta property=\"og:description\" content=\"Acompanhe as \u00faltimas oportunidades de emprego no setor\" \/>\n<meta property=\"og:url\" content=\"https:\/\/projetopack.com.br\/en\/vagas-da-semana\/\" \/>\n<meta property=\"og:site_name\" content=\"ProjetoPack\" \/>\n<meta property=\"article:published_time\" content=\"2021-01-23T20:16:35+00:00\" \/>\n<meta property=\"article:modified_time\" content=\"2021-03-26T22:59:36+00:00\" \/>\n<meta property=\"og:image\" content=\"https:\/\/projetopack.com.br\/wp-content\/uploads\/2021\/01\/Empregos-_1__1616797160876.jpg\" \/>\n\t<meta property=\"og:image:width\" content=\"1080\" \/>\n\t<meta property=\"og:image:height\" content=\"1080\" \/>\n\t<meta property=\"og:image:type\" content=\"image\/jpeg\" \/>\n<meta name=\"author\" content=\"Andrea\" \/>\n<meta name=\"twitter:card\" content=\"summary_large_image\" \/>\n<meta name=\"twitter:creator\" content=\"@ProjetoPack\" \/>\n<meta name=\"twitter:site\" content=\"@ProjetoPack\" \/>\n<meta name=\"twitter:label1\" content=\"Written by\" \/>\n\t<meta name=\"twitter:data1\" content=\"Andrea\" \/>\n\t<meta name=\"twitter:label2\" content=\"Est. reading time\" \/>\n\t<meta name=\"twitter:data2\" content=\"1 minute\" \/>\n<script type=\"application\/ld+json\" class=\"yoast-schema-graph\">{\"@context\":\"https:\/\/schema.org\",\"@graph\":[{\"@type\":\"Article\",\"@id\":\"https:\/\/projetopack.com.br\/en\/vagas-da-semana\/#article\",\"isPartOf\":{\"@id\":\"https:\/\/projetopack.com.br\/en\/vagas-da-semana\/\"},\"author\":{\"name\":\"Andrea\",\"@id\":\"https:\/\/projetopack.com.br\/#\/schema\/person\/d17c72a4bc2b7e461496dd8a14d4cef1\"},\"headline\":\"\u00daltimas vagas postadas\",\"datePublished\":\"2021-01-23T20:16:35+00:00\",\"dateModified\":\"2021-03-26T22:59:36+00:00\",\"mainEntityOfPage\":{\"@id\":\"https:\/\/projetopack.com.br\/en\/vagas-da-semana\/\"},\"wordCount\":218,\"commentCount\":1,\"publisher\":{\"@id\":\"https:\/\/projetopack.com.br\/#organization\"},\"image\":{\"@id\":\"https:\/\/projetopack.com.br\/en\/vagas-da-semana\/#primaryimage\"},\"thumbnailUrl\":\"https:\/\/projetopack.com.br\/wp-content\/uploads\/2021\/01\/Empregos-_1__1616797160876.jpg\",\"keywords\":[\"contrata\u00e7\u00e3o\",\"curr\u00edculo\",\"emprego\",\"est\u00e1gio\",\"vaga de impressor\",\"vagas\"],\"articleSection\":[\"Vagas\"],\"inLanguage\":\"en-US\",\"potentialAction\":[{\"@type\":\"CommentAction\",\"name\":\"Comment\",\"target\":[\"https:\/\/projetopack.com.br\/en\/vagas-da-semana\/#respond\"]}]},{\"@type\":\"WebPage\",\"@id\":\"https:\/\/projetopack.com.br\/en\/vagas-da-semana\/\",\"url\":\"https:\/\/projetopack.com.br\/en\/vagas-da-semana\/\",\"name\":\"\u00daltimas vagas postadas - ProjetoPack\",\"isPartOf\":{\"@id\":\"https:\/\/projetopack.com.br\/#website\"},\"primaryImageOfPage\":{\"@id\":\"https:\/\/projetopack.com.br\/en\/vagas-da-semana\/#primaryimage\"},\"image\":{\"@id\":\"https:\/\/projetopack.com.br\/en\/vagas-da-semana\/#primaryimage\"},\"thumbnailUrl\":\"https:\/\/projetopack.com.br\/wp-content\/uploads\/2021\/01\/Empregos-_1__1616797160876.jpg\",\"datePublished\":\"2021-01-23T20:16:35+00:00\",\"dateModified\":\"2021-03-26T22:59:36+00:00\",\"description\":\"Acompanhe as \u00faltimas oportunidades de emprego no setor\",\"breadcrumb\":{\"@id\":\"https:\/\/projetopack.com.br\/en\/vagas-da-semana\/#breadcrumb\"},\"inLanguage\":\"en-US\",\"potentialAction\":[{\"@type\":\"ReadAction\",\"target\":[\"https:\/\/projetopack.com.br\/en\/vagas-da-semana\/\"]}]},{\"@type\":\"ImageObject\",\"inLanguage\":\"en-US\",\"@id\":\"https:\/\/projetopack.com.br\/en\/vagas-da-semana\/#primaryimage\",\"url\":\"https:\/\/projetopack.com.br\/wp-content\/uploads\/2021\/01\/Empregos-_1__1616797160876.jpg\",\"contentUrl\":\"https:\/\/projetopack.com.br\/wp-content\/uploads\/2021\/01\/Empregos-_1__1616797160876.jpg\",\"width\":1080,\"height\":1080},{\"@type\":\"BreadcrumbList\",\"@id\":\"https:\/\/projetopack.com.br\/en\/vagas-da-semana\/#breadcrumb\",\"itemListElement\":[{\"@type\":\"ListItem\",\"position\":1,\"name\":\"P\u00e1gina Inicial\",\"item\":\"https:\/\/projetopack.com.br\/\"},{\"@type\":\"ListItem\",\"position\":2,\"name\":\"Vagas\",\"item\":\"https:\/\/projetopack.com.br\/category\/vagas\/\"},{\"@type\":\"ListItem\",\"position\":3,\"name\":\"\u00daltimas vagas postadas\"}]},{\"@type\":\"WebSite\",\"@id\":\"https:\/\/projetopack.com.br\/#website\",\"url\":\"https:\/\/projetopack.com.br\/\",\"name\":\"ProjetoPack\",\"description\":\"Consultoria e servi\u00e7os para embalagens, r\u00f3tulos, etiquetas e processos de impress\u00e3o\",\"publisher\":{\"@id\":\"https:\/\/projetopack.com.br\/#organization\"},\"potentialAction\":[{\"@type\":\"SearchAction\",\"target\":{\"@type\":\"EntryPoint\",\"urlTemplate\":\"https:\/\/projetopack.com.br\/?s={search_term_string}\"},\"query-input\":{\"@type\":\"PropertyValueSpecification\",\"valueRequired\":true,\"valueName\":\"search_term_string\"}}],\"inLanguage\":\"en-US\"},{\"@type\":\"Organization\",\"@id\":\"https:\/\/projetopack.com.br\/#organization\",\"name\":\"ProjetoPack & Associados\",\"url\":\"https:\/\/projetopack.com.br\/\",\"logo\":{\"@type\":\"ImageObject\",\"inLanguage\":\"en-US\",\"@id\":\"https:\/\/projetopack.com.br\/#\/schema\/logo\/image\/\",\"url\":\"https:\/\/projetopack.com.br\/wp-content\/uploads\/2020\/09\/projetopack.png\",\"contentUrl\":\"https:\/\/projetopack.com.br\/wp-content\/uploads\/2020\/09\/projetopack.png\",\"width\":200,\"height\":200,\"caption\":\"ProjetoPack & Associados\"},\"image\":{\"@id\":\"https:\/\/projetopack.com.br\/#\/schema\/logo\/image\/\"},\"sameAs\":[\"https:\/\/x.com\/ProjetoPack\",\"https:\/\/www.linkedin.com\/company\/projetopack\/\"]},{\"@type\":\"Person\",\"@id\":\"https:\/\/projetopack.com.br\/#\/schema\/person\/d17c72a4bc2b7e461496dd8a14d4cef1\",\"name\":\"Andrea\",\"image\":{\"@type\":\"ImageObject\",\"inLanguage\":\"en-US\",\"@id\":\"https:\/\/projetopack.com.br\/#\/schema\/person\/image\/\",\"url\":\"https:\/\/projetopack.com.br\/wp-content\/uploads\/2026\/03\/eu-150x150.jpg\",\"contentUrl\":\"https:\/\/projetopack.com.br\/wp-content\/uploads\/2026\/03\/eu-150x150.jpg\",\"caption\":\"Andrea\"},\"url\":\"https:\/\/projetopack.com.br\/en\/author\/andrea\/\"}]}<\/script>\n<!-- \/ Yoast SEO Premium plugin. -->","yoast_head_json":{"title":"\u00daltimas vagas postadas - ProjetoPack","description":"Acompanhe as \u00faltimas oportunidades de emprego no setor","robots":{"index":"index","follow":"follow","max-snippet":"max-snippet:-1","max-image-preview":"max-image-preview:large","max-video-preview":"max-video-preview:-1"},"canonical":"https:\/\/projetopack.com.br\/en\/vagas-da-semana\/","og_locale":"en_US","og_type":"article","og_title":"\u00daltimas vagas postadas","og_description":"Acompanhe as \u00faltimas oportunidades de emprego no setor","og_url":"https:\/\/projetopack.com.br\/en\/vagas-da-semana\/","og_site_name":"ProjetoPack","article_published_time":"2021-01-23T20:16:35+00:00","article_modified_time":"2021-03-26T22:59:36+00:00","og_image":[{"width":1080,"height":1080,"url":"https:\/\/projetopack.com.br\/wp-content\/uploads\/2021\/01\/Empregos-_1__1616797160876.jpg","type":"image\/jpeg"}],"author":"Andrea","twitter_card":"summary_large_image","twitter_creator":"@ProjetoPack","twitter_site":"@ProjetoPack","twitter_misc":{"Written by":"Andrea","Est. reading time":"1 minute"},"schema":{"@context":"https:\/\/schema.org","@graph":[{"@type":"Article","@id":"https:\/\/projetopack.com.br\/en\/vagas-da-semana\/#article","isPartOf":{"@id":"https:\/\/projetopack.com.br\/en\/vagas-da-semana\/"},"author":{"name":"Andrea","@id":"https:\/\/projetopack.com.br\/#\/schema\/person\/d17c72a4bc2b7e461496dd8a14d4cef1"},"headline":"\u00daltimas vagas postadas","datePublished":"2021-01-23T20:16:35+00:00","dateModified":"2021-03-26T22:59:36+00:00","mainEntityOfPage":{"@id":"https:\/\/projetopack.com.br\/en\/vagas-da-semana\/"},"wordCount":218,"commentCount":1,"publisher":{"@id":"https:\/\/projetopack.com.br\/#organization"},"image":{"@id":"https:\/\/projetopack.com.br\/en\/vagas-da-semana\/#primaryimage"},"thumbnailUrl":"https:\/\/projetopack.com.br\/wp-content\/uploads\/2021\/01\/Empregos-_1__1616797160876.jpg","keywords":["contrata\u00e7\u00e3o","curr\u00edculo","emprego","est\u00e1gio","vaga de impressor","vagas"],"articleSection":["Vagas"],"inLanguage":"en-US","potentialAction":[{"@type":"CommentAction","name":"Comment","target":["https:\/\/projetopack.com.br\/en\/vagas-da-semana\/#respond"]}]},{"@type":"WebPage","@id":"https:\/\/projetopack.com.br\/en\/vagas-da-semana\/","url":"https:\/\/projetopack.com.br\/en\/vagas-da-semana\/","name":"\u00daltimas vagas postadas - ProjetoPack","isPartOf":{"@id":"https:\/\/projetopack.com.br\/#website"},"primaryImageOfPage":{"@id":"https:\/\/projetopack.com.br\/en\/vagas-da-semana\/#primaryimage"},"image":{"@id":"https:\/\/projetopack.com.br\/en\/vagas-da-semana\/#primaryimage"},"thumbnailUrl":"https:\/\/projetopack.com.br\/wp-content\/uploads\/2021\/01\/Empregos-_1__1616797160876.jpg","datePublished":"2021-01-23T20:16:35+00:00","dateModified":"2021-03-26T22:59:36+00:00","description":"Acompanhe as \u00faltimas oportunidades de emprego no setor","breadcrumb":{"@id":"https:\/\/projetopack.com.br\/en\/vagas-da-semana\/#breadcrumb"},"inLanguage":"en-US","potentialAction":[{"@type":"ReadAction","target":["https:\/\/projetopack.com.br\/en\/vagas-da-semana\/"]}]},{"@type":"ImageObject","inLanguage":"en-US","@id":"https:\/\/projetopack.com.br\/en\/vagas-da-semana\/#primaryimage","url":"https:\/\/projetopack.com.br\/wp-content\/uploads\/2021\/01\/Empregos-_1__1616797160876.jpg","contentUrl":"https:\/\/projetopack.com.br\/wp-content\/uploads\/2021\/01\/Empregos-_1__1616797160876.jpg","width":1080,"height":1080},{"@type":"BreadcrumbList","@id":"https:\/\/projetopack.com.br\/en\/vagas-da-semana\/#breadcrumb","itemListElement":[{"@type":"ListItem","position":1,"name":"P\u00e1gina Inicial","item":"https:\/\/projetopack.com.br\/"},{"@type":"ListItem","position":2,"name":"Vagas","item":"https:\/\/projetopack.com.br\/category\/vagas\/"},{"@type":"ListItem","position":3,"name":"\u00daltimas vagas postadas"}]},{"@type":"WebSite","@id":"https:\/\/projetopack.com.br\/#website","url":"https:\/\/projetopack.com.br\/","name":"ProjetoPack","description":"Consultoria e servi\u00e7os para embalagens, r\u00f3tulos, etiquetas e processos de impress\u00e3o","publisher":{"@id":"https:\/\/projetopack.com.br\/#organization"},"potentialAction":[{"@type":"SearchAction","target":{"@type":"EntryPoint","urlTemplate":"https:\/\/projetopack.com.br\/?s={search_term_string}"},"query-input":{"@type":"PropertyValueSpecification","valueRequired":true,"valueName":"search_term_string"}}],"inLanguage":"en-US"},{"@type":"Organization","@id":"https:\/\/projetopack.com.br\/#organization","name":"ProjetoPack & Associados","url":"https:\/\/projetopack.com.br\/","logo":{"@type":"ImageObject","inLanguage":"en-US","@id":"https:\/\/projetopack.com.br\/#\/schema\/logo\/image\/","url":"https:\/\/projetopack.com.br\/wp-content\/uploads\/2020\/09\/projetopack.png","contentUrl":"https:\/\/projetopack.com.br\/wp-content\/uploads\/2020\/09\/projetopack.png","width":200,"height":200,"caption":"ProjetoPack & Associados"},"image":{"@id":"https:\/\/projetopack.com.br\/#\/schema\/logo\/image\/"},"sameAs":["https:\/\/x.com\/ProjetoPack","https:\/\/www.linkedin.com\/company\/projetopack\/"]},{"@type":"Person","@id":"https:\/\/projetopack.com.br\/#\/schema\/person\/d17c72a4bc2b7e461496dd8a14d4cef1","name":"Andrea","image":{"@type":"ImageObject","inLanguage":"en-US","@id":"https:\/\/projetopack.com.br\/#\/schema\/person\/image\/","url":"https:\/\/projetopack.com.br\/wp-content\/uploads\/2026\/03\/eu-150x150.jpg","contentUrl":"https:\/\/projetopack.com.br\/wp-content\/uploads\/2026\/03\/eu-150x150.jpg","caption":"Andrea"},"url":"https:\/\/projetopack.com.br\/en\/author\/andrea\/"}]}},"_links":{"self":[{"href":"https:\/\/projetopack.com.br\/en\/wp-json\/wp\/v2\/posts\/6358","targetHints":{"allow":["GET"]}}],"collection":[{"href":"https:\/\/projetopack.com.br\/en\/wp-json\/wp\/v2\/posts"}],"about":[{"href":"https:\/\/projetopack.com.br\/en\/wp-json\/wp\/v2\/types\/post"}],"author":[{"embeddable":true,"href":"https:\/\/projetopack.com.br\/en\/wp-json\/wp\/v2\/users\/18"}],"replies":[{"embeddable":true,"href":"https:\/\/projetopack.com.br\/en\/wp-json\/wp\/v2\/comments?post=6358"}],"version-history":[{"count":0,"href":"https:\/\/projetopack.com.br\/en\/wp-json\/wp\/v2\/posts\/6358\/revisions"}],"wp:featuredmedia":[{"embeddable":true,"href":"https:\/\/projetopack.com.br\/en\/wp-json\/wp\/v2\/media\/10178"}],"wp:attachment":[{"href":"https:\/\/projetopack.com.br\/en\/wp-json\/wp\/v2\/media?parent=6358"}],"wp:term":[{"taxonomy":"category","embeddable":true,"href":"https:\/\/projetopack.com.br\/en\/wp-json\/wp\/v2\/categories?post=6358"},{"taxonomy":"post_tag","embeddable":true,"href":"https:\/\/projetopack.com.br\/en\/wp-json\/wp\/v2\/tags?post=6358"}],"curies":[{"name":"wp","href":"https:\/\/api.w.org\/{rel}","templated":true}]}}