{"id":6430,"date":"2020-06-25T18:34:17","date_gmt":"2020-06-25T21:34:17","guid":{"rendered":"https:\/\/www.projetopack.com.br\/?p=6430"},"modified":"2020-06-25T18:34:18","modified_gmt":"2020-06-25T21:34:18","slug":"covid19-alavanca-mercado-de-rotulos-bula","status":"publish","type":"post","link":"https:\/\/projetopack.com.br\/en\/covid19-alavanca-mercado-de-rotulos-bula\/","title":{"rendered":"Covid19 alavanca mercado de r\u00f3tulos-bula"},"content":{"rendered":"<p>Quando se trata de r\u00f3tulos e etiquetas, todo o espa\u00e7o dispon\u00edvel \u00e9 pouco, para abarcar toda a informa\u00e7\u00e3o necess\u00e1ria ao consumidor. Os ingredientes, a tabela nutricional, as restri\u00e7\u00f5es \u00e0 sa\u00fade (gerais ou a um grupo espec\u00edfico de consumidores), a proced\u00eancia dos produtos, as certifica\u00e7\u00f5es da empresa, a marca, instru\u00e7\u00f5es de uso, sugest\u00e3o de outros produtos e assim por diante.<\/p>\n\n\n\n<div class=\"wp-block-image\"><figure class=\"alignright size-large is-resized\"><img fetchpriority=\"high\" decoding=\"async\" src=\"https:\/\/projetopack.com.br\/wp-content\/uploads\/2020\/06\/2.jpg\" alt=\"\" class=\"wp-image-6431\" width=\"292\" height=\"196\" srcset=\"https:\/\/projetopack.com.br\/wp-content\/uploads\/2020\/06\/2.jpg 969w, https:\/\/projetopack.com.br\/wp-content\/uploads\/2020\/06\/2-300x201.jpg 300w, https:\/\/projetopack.com.br\/wp-content\/uploads\/2020\/06\/2-600x402.jpg 600w, https:\/\/projetopack.com.br\/wp-content\/uploads\/2020\/06\/2-768x515.jpg 768w\" sizes=\"(max-width: 292px) 100vw, 292px\" \/><\/figure><\/div>\n\n\n\n<p>A falta de espa\u00e7o foi um dos motores para a prolifera\u00e7\u00e3o de diversos produtos com, digamos, melhor aproveitamento da \u00e1rea. Na \u00e1rea de auto-adesivos, \u00e9 impens\u00e1vel, por exemplo, n\u00e3o se ter um sistema delam-relam, com a utiliza\u00e7\u00e3o tanto da frente, como do verso adesivado do r\u00f3tulo.<\/p>\n\n\n\n<p>O r\u00f3tulo termoencolh\u00edvel &#8211; o chamado sleeve &#8211; tamb\u00e9m tem como uma das principais vantagens o aproveitamento maior, quase total, da \u00e1rea do frasco. \u00c9 uma decora\u00e7\u00e3o 360 graus, literalmente, embora algumas \u00e1reas s\u00e3o cr\u00edticas para a inclus\u00e3o de textos, em virtude da selagem do tubo ou da contra\u00e7\u00e3o mais cr\u00edtica.<\/p>\n\n\n\n<figure class=\"wp-block-image size-large\"><img decoding=\"async\" width=\"773\" height=\"364\" src=\"https:\/\/projetopack.com.br\/wp-content\/uploads\/2020\/06\/3.jpg\" alt=\"\" class=\"wp-image-6432\" srcset=\"https:\/\/projetopack.com.br\/wp-content\/uploads\/2020\/06\/3.jpg 773w, https:\/\/projetopack.com.br\/wp-content\/uploads\/2020\/06\/3-300x141.jpg 300w, https:\/\/projetopack.com.br\/wp-content\/uploads\/2020\/06\/3-600x283.jpg 600w, https:\/\/projetopack.com.br\/wp-content\/uploads\/2020\/06\/3-768x362.jpg 768w\" sizes=\"(max-width: 773px) 100vw, 773px\" \/><\/figure>\n\n\n\n<p>A principal solu\u00e7\u00e3o de r\u00f3tulos que foca na amplia\u00e7\u00e3o do espa\u00e7o informacional e promocional \u00e9 o setor de &#8220;r\u00f3tulos de conte\u00fado expandido&#8221; (expanded content label) ou estendido, onde o produto mais not\u00f3rio \u00e9 o &#8220;r\u00f3tulo-bula&#8221;.<\/p>\n\n\n\n<figure class=\"wp-block-pullquote\"><blockquote><p>O r\u00f3tulo-bula \u00e9 especialmente vantajoso justamente em setores que precisam de espa\u00e7o extra para conter toda a informa\u00e7\u00e3o legal necess\u00e1ria ao consumidor final, como \u00e9 o caso da \u00e1rea de agroqu\u00edmicos, por exemplo.<\/p><\/blockquote><\/figure>\n\n\n\n<p>Com o aumento da demanda de f\u00e1rmacos em fun\u00e7\u00e3o do combate \u00e0 pandemia, este mercado est\u00e1 enfrentando um crescimento global, a olhos vistos. E, n\u00e3o apenas por isso, mas tamb\u00e9m por isso, o segmento farmac\u00eautico conhecido como OTC (over-the-counter) &#8211; medicamentos que n\u00e3o necessitam de prescri\u00e7\u00e3o m\u00e9dica. Imagine como anda o consumo de anti-gripais e vitaminas atualmente?<\/p>\n\n\n\n<p>H\u00e1, todavia, um &#8220;caro\u00e7o&#8221; no SWOT do mercado de r\u00f3tulos de conte\u00fado expandido. Com a evolu\u00e7\u00e3o tecnol\u00f3gica e dissemina\u00e7\u00e3o da <a href=\"https:\/\/pt.wikipedia.org\/wiki\/Realidade_aumentada\" target=\"_blank\" rel=\"noreferrer noopener\"><strong>Realidade Aumentada<\/strong><\/a>, \u00e9 bem prov\u00e1vel que alguma fatia do segmento venha a ser substitu\u00edda por esta extens\u00e3o &#8220;virtual&#8221; do r\u00f3tulo. Espa\u00e7o tem, para todas as tecnologias.<\/p>\n\n\n\n<figure class=\"wp-block-image size-large\"><img decoding=\"async\" width=\"620\" height=\"372\" src=\"https:\/\/projetopack.com.br\/wp-content\/uploads\/2020\/06\/4.jpg\" alt=\"\" class=\"wp-image-6433\" srcset=\"https:\/\/projetopack.com.br\/wp-content\/uploads\/2020\/06\/4.jpg 620w, https:\/\/projetopack.com.br\/wp-content\/uploads\/2020\/06\/4-300x180.jpg 300w, https:\/\/projetopack.com.br\/wp-content\/uploads\/2020\/06\/4-600x360.jpg 600w\" sizes=\"(max-width: 620px) 100vw, 620px\" \/><\/figure>\n\n\n\n<p>&#8212;<\/p>\n\n\n\n<p><strong>Sobre o Infopack<\/strong><\/p>\n\n\n\n<p>O Infopack \u00e9 um informativo eletr\u00f4nico produzido pela ProjetoPack em Revista (uma parceria in\u00e9dita junto ao <a href=\"https:\/\/www.linkedin.com\/\" target=\"_blank\" rel=\"noreferrer noopener\">LinkedIn<\/a>, com informa\u00e7\u00e3o complementar \u00e0 edi\u00e7\u00e3o impressa e digital, que voc\u00ea pode solicitar a assinatura pelo e-mail <a target=\"_blank\" rel=\"noreferrer noopener\">revista@projetopack.com<\/a>. Nosso objetivo \u00e9 ajudar profissionais e empresas dos segmentos gr\u00e1fico, de embalagens, r\u00f3tulos e impress\u00e3o em geral a receber atualiza\u00e7\u00e3o r\u00e1pida, t\u00e9cnica e confi\u00e1vel dos fatos mais relevantes a cada semana. Compartilhe com os amigos dentro e fora da plataforma.<\/p>\n\n\n\n<p>&#8212;<\/p>\n\n\n\n<p><strong>Sobre a ProjetoPack<\/strong><\/p>\n\n\n\n<p>A <a href=\"http:\/\/www.projetopack.com\/\" target=\"_blank\" rel=\"noreferrer noopener\">ProjetoPack &amp; Associados<\/a> \u00e9 a maior e mais tradicional empresa de consultoria de impress\u00e3o da Am\u00e9rica Latina, com sede em S\u00e3o Paulo, SP e filial em Miami, EUA (ProjetoPack Printing Experts, Inc.). Mediante servi\u00e7os de consultoria, treinamento, cursos, certifica\u00e7\u00f5es, eventos t\u00e9cnicos e conte\u00fado editorial, ajudamos companhias e profissionais a aperfei\u00e7oarem seus conhecimentos e pr\u00e1ticas relacionadas \u00e0 impress\u00e3o gr\u00e1fica e industrial. Saiba mais sobre o nosso trabalho solicitando uma apresenta\u00e7\u00e3o institucional ou uma visita de um de nossos representantes pelo e-mail <a target=\"_blank\" rel=\"noreferrer noopener\">atendimento@projetopack.com<\/a>.<\/p>\n\n\n\n<p><\/p>\n\n\n\n<h3 class=\"wp-block-heading\">Publicado por<\/h3>\n\n\n\n<p><img loading=\"lazy\" decoding=\"async\" width=\"50\" height=\"50\" class=\"wp-image-6323\" style=\"width: 50px;\" src=\"https:\/\/projetopack.com.br\/wp-content\/uploads\/2020\/06\/aislan.jpg\" alt=\"\"><a href=\"https:\/\/www.linkedin.com\/in\/aislanbaer\/\">Aislan Baer<\/a> Fundador e CEO da ProjetoPack &amp; Associados; Co-fundador da Inovagraf; Diretor da IDEAlliance Latin Am\u00e9rica.<\/p>","protected":false},"excerpt":{"rendered":"<p>Quando se trata de r\u00f3tulos e etiquetas, todo o espa\u00e7o dispon\u00edvel \u00e9 pouco, para abarcar toda a informa\u00e7\u00e3o necess\u00e1ria ao consumidor. A falta de espa\u00e7o foi um dos motores para a prolifera\u00e7\u00e3o de diversos produtos com, digamos, melhor aproveitamento da \u00e1rea.<\/p>","protected":false},"author":18,"featured_media":6434,"comment_status":"open","ping_status":"closed","sticky":false,"template":"","format":"standard","meta":{"footnotes":""},"categories":[4],"tags":[359,115,249],"class_list":["post-6430","post","type-post","status-publish","format-standard","has-post-thumbnail","hentry","category-infopack","tag-covid","tag-etiquetas","tag-rotulos"],"yoast_head":"<!-- This site is optimized with the Yoast SEO Premium plugin v27.1 (Yoast SEO v27.1.1) - https:\/\/yoast.com\/product\/yoast-seo-premium-wordpress\/ -->\n<title>Covid19 alavanca mercado de r\u00f3tulos-bula - ProjetoPack<\/title>\n<meta name=\"description\" content=\"Quando se trata de r\u00f3tulos e etiquetas, todo o espa\u00e7o dispon\u00edvel \u00e9 pouco, para abarcar toda a informa\u00e7\u00e3o necess\u00e1ria ao consumidor. A falta de espa\u00e7o foi um dos motores para a prolifera\u00e7\u00e3o de diversos produtos com, digamos, melhor aproveitamento da \u00e1rea.\" \/>\n<meta name=\"robots\" content=\"index, follow, max-snippet:-1, max-image-preview:large, max-video-preview:-1\" \/>\n<link rel=\"canonical\" href=\"https:\/\/projetopack.com.br\/en\/covid19-alavanca-mercado-de-rotulos-bula\/\" \/>\n<meta property=\"og:locale\" content=\"en_US\" \/>\n<meta property=\"og:type\" content=\"article\" \/>\n<meta property=\"og:title\" content=\"Covid19 alavanca mercado de r\u00f3tulos-bula\" \/>\n<meta property=\"og:description\" content=\"Quando se trata de r\u00f3tulos e etiquetas, todo o espa\u00e7o dispon\u00edvel \u00e9 pouco, para abarcar toda a informa\u00e7\u00e3o necess\u00e1ria ao consumidor. A falta de espa\u00e7o foi um dos motores para a prolifera\u00e7\u00e3o de diversos produtos com, digamos, melhor aproveitamento da \u00e1rea.\" \/>\n<meta property=\"og:url\" content=\"https:\/\/projetopack.com.br\/en\/covid19-alavanca-mercado-de-rotulos-bula\/\" \/>\n<meta property=\"og:site_name\" content=\"ProjetoPack\" \/>\n<meta property=\"article:published_time\" content=\"2020-06-25T21:34:17+00:00\" \/>\n<meta property=\"article:modified_time\" content=\"2020-06-25T21:34:18+00:00\" \/>\n<meta property=\"og:image\" content=\"https:\/\/projetopack.com.br\/wp-content\/uploads\/2020\/06\/1.jpg\" \/>\n\t<meta property=\"og:image:width\" content=\"683\" \/>\n\t<meta property=\"og:image:height\" content=\"258\" \/>\n\t<meta property=\"og:image:type\" content=\"image\/jpeg\" \/>\n<meta name=\"author\" content=\"Andrea\" \/>\n<meta name=\"twitter:card\" content=\"summary_large_image\" \/>\n<meta name=\"twitter:creator\" content=\"@ProjetoPack\" \/>\n<meta name=\"twitter:site\" content=\"@ProjetoPack\" \/>\n<meta name=\"twitter:label1\" content=\"Written by\" \/>\n\t<meta name=\"twitter:data1\" content=\"Andrea\" \/>\n\t<meta name=\"twitter:label2\" content=\"Est. reading time\" \/>\n\t<meta name=\"twitter:data2\" content=\"3 minutes\" \/>\n<script type=\"application\/ld+json\" class=\"yoast-schema-graph\">{\"@context\":\"https:\/\/schema.org\",\"@graph\":[{\"@type\":\"Article\",\"@id\":\"https:\/\/projetopack.com.br\/en\/covid19-alavanca-mercado-de-rotulos-bula\/#article\",\"isPartOf\":{\"@id\":\"https:\/\/projetopack.com.br\/en\/covid19-alavanca-mercado-de-rotulos-bula\/\"},\"author\":{\"name\":\"Andrea\",\"@id\":\"https:\/\/projetopack.com.br\/#\/schema\/person\/d17c72a4bc2b7e461496dd8a14d4cef1\"},\"headline\":\"Covid19 alavanca mercado de r\u00f3tulos-bula\",\"datePublished\":\"2020-06-25T21:34:17+00:00\",\"dateModified\":\"2020-06-25T21:34:18+00:00\",\"mainEntityOfPage\":{\"@id\":\"https:\/\/projetopack.com.br\/en\/covid19-alavanca-mercado-de-rotulos-bula\/\"},\"wordCount\":587,\"commentCount\":0,\"publisher\":{\"@id\":\"https:\/\/projetopack.com.br\/#organization\"},\"image\":{\"@id\":\"https:\/\/projetopack.com.br\/en\/covid19-alavanca-mercado-de-rotulos-bula\/#primaryimage\"},\"thumbnailUrl\":\"https:\/\/projetopack.com.br\/wp-content\/uploads\/2020\/06\/1.jpg\",\"keywords\":[\"covid\",\"etiquetas\",\"r\u00f3tulos\"],\"articleSection\":[\"Infopack\"],\"inLanguage\":\"en-US\",\"potentialAction\":[{\"@type\":\"CommentAction\",\"name\":\"Comment\",\"target\":[\"https:\/\/projetopack.com.br\/en\/covid19-alavanca-mercado-de-rotulos-bula\/#respond\"]}]},{\"@type\":\"WebPage\",\"@id\":\"https:\/\/projetopack.com.br\/en\/covid19-alavanca-mercado-de-rotulos-bula\/\",\"url\":\"https:\/\/projetopack.com.br\/en\/covid19-alavanca-mercado-de-rotulos-bula\/\",\"name\":\"Covid19 alavanca mercado de r\u00f3tulos-bula - ProjetoPack\",\"isPartOf\":{\"@id\":\"https:\/\/projetopack.com.br\/#website\"},\"primaryImageOfPage\":{\"@id\":\"https:\/\/projetopack.com.br\/en\/covid19-alavanca-mercado-de-rotulos-bula\/#primaryimage\"},\"image\":{\"@id\":\"https:\/\/projetopack.com.br\/en\/covid19-alavanca-mercado-de-rotulos-bula\/#primaryimage\"},\"thumbnailUrl\":\"https:\/\/projetopack.com.br\/wp-content\/uploads\/2020\/06\/1.jpg\",\"datePublished\":\"2020-06-25T21:34:17+00:00\",\"dateModified\":\"2020-06-25T21:34:18+00:00\",\"description\":\"Quando se trata de r\u00f3tulos e etiquetas, todo o espa\u00e7o dispon\u00edvel \u00e9 pouco, para abarcar toda a informa\u00e7\u00e3o necess\u00e1ria ao consumidor. A falta de espa\u00e7o foi um dos motores para a prolifera\u00e7\u00e3o de diversos produtos com, digamos, melhor aproveitamento da \u00e1rea.\",\"breadcrumb\":{\"@id\":\"https:\/\/projetopack.com.br\/en\/covid19-alavanca-mercado-de-rotulos-bula\/#breadcrumb\"},\"inLanguage\":\"en-US\",\"potentialAction\":[{\"@type\":\"ReadAction\",\"target\":[\"https:\/\/projetopack.com.br\/en\/covid19-alavanca-mercado-de-rotulos-bula\/\"]}]},{\"@type\":\"ImageObject\",\"inLanguage\":\"en-US\",\"@id\":\"https:\/\/projetopack.com.br\/en\/covid19-alavanca-mercado-de-rotulos-bula\/#primaryimage\",\"url\":\"https:\/\/projetopack.com.br\/wp-content\/uploads\/2020\/06\/1.jpg\",\"contentUrl\":\"https:\/\/projetopack.com.br\/wp-content\/uploads\/2020\/06\/1.jpg\",\"width\":683,\"height\":258},{\"@type\":\"BreadcrumbList\",\"@id\":\"https:\/\/projetopack.com.br\/en\/covid19-alavanca-mercado-de-rotulos-bula\/#breadcrumb\",\"itemListElement\":[{\"@type\":\"ListItem\",\"position\":1,\"name\":\"P\u00e1gina Inicial\",\"item\":\"https:\/\/projetopack.com.br\/\"},{\"@type\":\"ListItem\",\"position\":2,\"name\":\"Infopack\",\"item\":\"https:\/\/projetopack.com.br\/category\/infopack\/\"},{\"@type\":\"ListItem\",\"position\":3,\"name\":\"Covid19 alavanca mercado de r\u00f3tulos-bula\"}]},{\"@type\":\"WebSite\",\"@id\":\"https:\/\/projetopack.com.br\/#website\",\"url\":\"https:\/\/projetopack.com.br\/\",\"name\":\"ProjetoPack\",\"description\":\"Consultoria e servi\u00e7os para embalagens, r\u00f3tulos, etiquetas e processos de impress\u00e3o\",\"publisher\":{\"@id\":\"https:\/\/projetopack.com.br\/#organization\"},\"potentialAction\":[{\"@type\":\"SearchAction\",\"target\":{\"@type\":\"EntryPoint\",\"urlTemplate\":\"https:\/\/projetopack.com.br\/?s={search_term_string}\"},\"query-input\":{\"@type\":\"PropertyValueSpecification\",\"valueRequired\":true,\"valueName\":\"search_term_string\"}}],\"inLanguage\":\"en-US\"},{\"@type\":\"Organization\",\"@id\":\"https:\/\/projetopack.com.br\/#organization\",\"name\":\"ProjetoPack & Associados\",\"url\":\"https:\/\/projetopack.com.br\/\",\"logo\":{\"@type\":\"ImageObject\",\"inLanguage\":\"en-US\",\"@id\":\"https:\/\/projetopack.com.br\/#\/schema\/logo\/image\/\",\"url\":\"https:\/\/projetopack.com.br\/wp-content\/uploads\/2020\/09\/projetopack.png\",\"contentUrl\":\"https:\/\/projetopack.com.br\/wp-content\/uploads\/2020\/09\/projetopack.png\",\"width\":200,\"height\":200,\"caption\":\"ProjetoPack & Associados\"},\"image\":{\"@id\":\"https:\/\/projetopack.com.br\/#\/schema\/logo\/image\/\"},\"sameAs\":[\"https:\/\/x.com\/ProjetoPack\",\"https:\/\/www.linkedin.com\/company\/projetopack\/\"]},{\"@type\":\"Person\",\"@id\":\"https:\/\/projetopack.com.br\/#\/schema\/person\/d17c72a4bc2b7e461496dd8a14d4cef1\",\"name\":\"Andrea\",\"image\":{\"@type\":\"ImageObject\",\"inLanguage\":\"en-US\",\"@id\":\"https:\/\/projetopack.com.br\/#\/schema\/person\/image\/\",\"url\":\"https:\/\/projetopack.com.br\/wp-content\/uploads\/2026\/03\/eu-150x150.jpg\",\"contentUrl\":\"https:\/\/projetopack.com.br\/wp-content\/uploads\/2026\/03\/eu-150x150.jpg\",\"caption\":\"Andrea\"},\"url\":\"https:\/\/projetopack.com.br\/en\/author\/andrea\/\"}]}<\/script>\n<!-- \/ Yoast SEO Premium plugin. -->","yoast_head_json":{"title":"Covid19 alavanca mercado de r\u00f3tulos-bula - ProjetoPack","description":"Quando se trata de r\u00f3tulos e etiquetas, todo o espa\u00e7o dispon\u00edvel \u00e9 pouco, para abarcar toda a informa\u00e7\u00e3o necess\u00e1ria ao consumidor. A falta de espa\u00e7o foi um dos motores para a prolifera\u00e7\u00e3o de diversos produtos com, digamos, melhor aproveitamento da \u00e1rea.","robots":{"index":"index","follow":"follow","max-snippet":"max-snippet:-1","max-image-preview":"max-image-preview:large","max-video-preview":"max-video-preview:-1"},"canonical":"https:\/\/projetopack.com.br\/en\/covid19-alavanca-mercado-de-rotulos-bula\/","og_locale":"en_US","og_type":"article","og_title":"Covid19 alavanca mercado de r\u00f3tulos-bula","og_description":"Quando se trata de r\u00f3tulos e etiquetas, todo o espa\u00e7o dispon\u00edvel \u00e9 pouco, para abarcar toda a informa\u00e7\u00e3o necess\u00e1ria ao consumidor. A falta de espa\u00e7o foi um dos motores para a prolifera\u00e7\u00e3o de diversos produtos com, digamos, melhor aproveitamento da \u00e1rea.","og_url":"https:\/\/projetopack.com.br\/en\/covid19-alavanca-mercado-de-rotulos-bula\/","og_site_name":"ProjetoPack","article_published_time":"2020-06-25T21:34:17+00:00","article_modified_time":"2020-06-25T21:34:18+00:00","og_image":[{"width":683,"height":258,"url":"https:\/\/projetopack.com.br\/wp-content\/uploads\/2020\/06\/1.jpg","type":"image\/jpeg"}],"author":"Andrea","twitter_card":"summary_large_image","twitter_creator":"@ProjetoPack","twitter_site":"@ProjetoPack","twitter_misc":{"Written by":"Andrea","Est. reading time":"3 minutes"},"schema":{"@context":"https:\/\/schema.org","@graph":[{"@type":"Article","@id":"https:\/\/projetopack.com.br\/en\/covid19-alavanca-mercado-de-rotulos-bula\/#article","isPartOf":{"@id":"https:\/\/projetopack.com.br\/en\/covid19-alavanca-mercado-de-rotulos-bula\/"},"author":{"name":"Andrea","@id":"https:\/\/projetopack.com.br\/#\/schema\/person\/d17c72a4bc2b7e461496dd8a14d4cef1"},"headline":"Covid19 alavanca mercado de r\u00f3tulos-bula","datePublished":"2020-06-25T21:34:17+00:00","dateModified":"2020-06-25T21:34:18+00:00","mainEntityOfPage":{"@id":"https:\/\/projetopack.com.br\/en\/covid19-alavanca-mercado-de-rotulos-bula\/"},"wordCount":587,"commentCount":0,"publisher":{"@id":"https:\/\/projetopack.com.br\/#organization"},"image":{"@id":"https:\/\/projetopack.com.br\/en\/covid19-alavanca-mercado-de-rotulos-bula\/#primaryimage"},"thumbnailUrl":"https:\/\/projetopack.com.br\/wp-content\/uploads\/2020\/06\/1.jpg","keywords":["covid","etiquetas","r\u00f3tulos"],"articleSection":["Infopack"],"inLanguage":"en-US","potentialAction":[{"@type":"CommentAction","name":"Comment","target":["https:\/\/projetopack.com.br\/en\/covid19-alavanca-mercado-de-rotulos-bula\/#respond"]}]},{"@type":"WebPage","@id":"https:\/\/projetopack.com.br\/en\/covid19-alavanca-mercado-de-rotulos-bula\/","url":"https:\/\/projetopack.com.br\/en\/covid19-alavanca-mercado-de-rotulos-bula\/","name":"Covid19 alavanca mercado de r\u00f3tulos-bula - ProjetoPack","isPartOf":{"@id":"https:\/\/projetopack.com.br\/#website"},"primaryImageOfPage":{"@id":"https:\/\/projetopack.com.br\/en\/covid19-alavanca-mercado-de-rotulos-bula\/#primaryimage"},"image":{"@id":"https:\/\/projetopack.com.br\/en\/covid19-alavanca-mercado-de-rotulos-bula\/#primaryimage"},"thumbnailUrl":"https:\/\/projetopack.com.br\/wp-content\/uploads\/2020\/06\/1.jpg","datePublished":"2020-06-25T21:34:17+00:00","dateModified":"2020-06-25T21:34:18+00:00","description":"Quando se trata de r\u00f3tulos e etiquetas, todo o espa\u00e7o dispon\u00edvel \u00e9 pouco, para abarcar toda a informa\u00e7\u00e3o necess\u00e1ria ao consumidor. A falta de espa\u00e7o foi um dos motores para a prolifera\u00e7\u00e3o de diversos produtos com, digamos, melhor aproveitamento da \u00e1rea.","breadcrumb":{"@id":"https:\/\/projetopack.com.br\/en\/covid19-alavanca-mercado-de-rotulos-bula\/#breadcrumb"},"inLanguage":"en-US","potentialAction":[{"@type":"ReadAction","target":["https:\/\/projetopack.com.br\/en\/covid19-alavanca-mercado-de-rotulos-bula\/"]}]},{"@type":"ImageObject","inLanguage":"en-US","@id":"https:\/\/projetopack.com.br\/en\/covid19-alavanca-mercado-de-rotulos-bula\/#primaryimage","url":"https:\/\/projetopack.com.br\/wp-content\/uploads\/2020\/06\/1.jpg","contentUrl":"https:\/\/projetopack.com.br\/wp-content\/uploads\/2020\/06\/1.jpg","width":683,"height":258},{"@type":"BreadcrumbList","@id":"https:\/\/projetopack.com.br\/en\/covid19-alavanca-mercado-de-rotulos-bula\/#breadcrumb","itemListElement":[{"@type":"ListItem","position":1,"name":"P\u00e1gina Inicial","item":"https:\/\/projetopack.com.br\/"},{"@type":"ListItem","position":2,"name":"Infopack","item":"https:\/\/projetopack.com.br\/category\/infopack\/"},{"@type":"ListItem","position":3,"name":"Covid19 alavanca mercado de r\u00f3tulos-bula"}]},{"@type":"WebSite","@id":"https:\/\/projetopack.com.br\/#website","url":"https:\/\/projetopack.com.br\/","name":"ProjetoPack","description":"Consultoria e servi\u00e7os para embalagens, r\u00f3tulos, etiquetas e processos de impress\u00e3o","publisher":{"@id":"https:\/\/projetopack.com.br\/#organization"},"potentialAction":[{"@type":"SearchAction","target":{"@type":"EntryPoint","urlTemplate":"https:\/\/projetopack.com.br\/?s={search_term_string}"},"query-input":{"@type":"PropertyValueSpecification","valueRequired":true,"valueName":"search_term_string"}}],"inLanguage":"en-US"},{"@type":"Organization","@id":"https:\/\/projetopack.com.br\/#organization","name":"ProjetoPack & Associados","url":"https:\/\/projetopack.com.br\/","logo":{"@type":"ImageObject","inLanguage":"en-US","@id":"https:\/\/projetopack.com.br\/#\/schema\/logo\/image\/","url":"https:\/\/projetopack.com.br\/wp-content\/uploads\/2020\/09\/projetopack.png","contentUrl":"https:\/\/projetopack.com.br\/wp-content\/uploads\/2020\/09\/projetopack.png","width":200,"height":200,"caption":"ProjetoPack & Associados"},"image":{"@id":"https:\/\/projetopack.com.br\/#\/schema\/logo\/image\/"},"sameAs":["https:\/\/x.com\/ProjetoPack","https:\/\/www.linkedin.com\/company\/projetopack\/"]},{"@type":"Person","@id":"https:\/\/projetopack.com.br\/#\/schema\/person\/d17c72a4bc2b7e461496dd8a14d4cef1","name":"Andrea","image":{"@type":"ImageObject","inLanguage":"en-US","@id":"https:\/\/projetopack.com.br\/#\/schema\/person\/image\/","url":"https:\/\/projetopack.com.br\/wp-content\/uploads\/2026\/03\/eu-150x150.jpg","contentUrl":"https:\/\/projetopack.com.br\/wp-content\/uploads\/2026\/03\/eu-150x150.jpg","caption":"Andrea"},"url":"https:\/\/projetopack.com.br\/en\/author\/andrea\/"}]}},"_links":{"self":[{"href":"https:\/\/projetopack.com.br\/en\/wp-json\/wp\/v2\/posts\/6430","targetHints":{"allow":["GET"]}}],"collection":[{"href":"https:\/\/projetopack.com.br\/en\/wp-json\/wp\/v2\/posts"}],"about":[{"href":"https:\/\/projetopack.com.br\/en\/wp-json\/wp\/v2\/types\/post"}],"author":[{"embeddable":true,"href":"https:\/\/projetopack.com.br\/en\/wp-json\/wp\/v2\/users\/18"}],"replies":[{"embeddable":true,"href":"https:\/\/projetopack.com.br\/en\/wp-json\/wp\/v2\/comments?post=6430"}],"version-history":[{"count":0,"href":"https:\/\/projetopack.com.br\/en\/wp-json\/wp\/v2\/posts\/6430\/revisions"}],"wp:featuredmedia":[{"embeddable":true,"href":"https:\/\/projetopack.com.br\/en\/wp-json\/wp\/v2\/media\/6434"}],"wp:attachment":[{"href":"https:\/\/projetopack.com.br\/en\/wp-json\/wp\/v2\/media?parent=6430"}],"wp:term":[{"taxonomy":"category","embeddable":true,"href":"https:\/\/projetopack.com.br\/en\/wp-json\/wp\/v2\/categories?post=6430"},{"taxonomy":"post_tag","embeddable":true,"href":"https:\/\/projetopack.com.br\/en\/wp-json\/wp\/v2\/tags?post=6430"}],"curies":[{"name":"wp","href":"https:\/\/api.w.org\/{rel}","templated":true}]}}