{"id":6536,"date":"2020-07-10T12:45:00","date_gmt":"2020-07-10T15:45:00","guid":{"rendered":"https:\/\/www.projetopack.com.br\/?p=6536"},"modified":"2020-07-10T12:50:32","modified_gmt":"2020-07-10T15:50:32","slug":"pepsico-quer-zerar-emissoes-globais-de-gases-de-efeito-estufa-das-embalagens-ate-2050","status":"publish","type":"post","link":"https:\/\/projetopack.com.br\/en\/pepsico-quer-zerar-emissoes-globais-de-gases-de-efeito-estufa-das-embalagens-ate-2050\/","title":{"rendered":"PepsiCo quer zerar emiss\u00f5es globais de gases de efeito estufa das embalagens at\u00e9 2050"},"content":{"rendered":"<p>Na \u00faltima semana a&nbsp;<a href=\"https:\/\/www.pepsico.com.br\/\" target=\"_blank\" rel=\"noreferrer noopener\">PepsiCo<\/a>&nbsp;publicou seu&nbsp;<a href=\"https:\/\/www.pepsico.com\/docs\/album\/sustainability-report\/2019-csr\/2019_sustainability_report_summary.pdf\" target=\"_blank\" rel=\"noreferrer noopener\">relat\u00f3rio de sustentabilidade<\/a>&nbsp;com os dados de 2019, comentando os progressos da companhia nas \u00e1reas de redu\u00e7\u00e3o do carbono e circularidade.<\/p>\n\n\n\n<p>Como uma empresa global, a PepsiCo sabe da sua responsabilidade na busca da redu\u00e7\u00e3o no impacto ambiental e no seu papel como influenciadora para que outros possam buscar o mesmo, tendo colocado a sustentabilidade no centro da sua estrat\u00e9gia de neg\u00f3cios.<\/p>\n\n\n\n<figure class=\"wp-block-pullquote\"><blockquote><p>A empresa assinou o acordo &#8220;<a href=\"https:\/\/www.unglobalcompact.org\/take-action\/events\/climate-action-summit-2019\/business-ambition\" target=\"_blank\" rel=\"noreferrer noopener\">UN&#8217;s Business Ambition for 1.5\u00baC<\/a>&#8221; (que visa reduzir o aquecimento global) e est\u00e1 desenvolvendo o seu plano para cumprir as metas.<\/p><\/blockquote><\/figure>\n\n\n\n<p>Evidentemente, embalagens tem um papel importante neste plano, contribuindo fortemente com as emiss\u00f5es de carbono e impelindo a companhia para a economia circular, que n\u00e3o s\u00f3 reduzir\u00e1 a pegada de carbono de seus produtos, como tamb\u00e9m a polui\u00e7\u00e3o dos pl\u00e1sticos.<\/p>\n\n\n\n<p>A PepsiCo est\u00e1 focando em tr\u00eas \u00e1reas-chave:&nbsp;<strong>reduzir a quantidade de embalagens pl\u00e1sticas<\/strong>,&nbsp;<strong>aumentar a quantidade de pl\u00e1stico reciclado<\/strong>&nbsp;em rela\u00e7\u00e3o ao total de pl\u00e1stico utilizado e&nbsp;<strong>reinventar as embalagens<\/strong>&nbsp;para avaliar novos materiais e modelos.<\/p>\n\n\n\n<p>Este projeto tem acelerado n\u00e3o apenas inova\u00e7\u00f5es internas, mas engajado parceiros em diversos modelos e ecossistemas, a exemplo da&nbsp;<a href=\"https:\/\/carbios.fr\/\" target=\"_blank\" rel=\"noreferrer noopener\">Carbios<\/a>, uma empresa pioneira na tecnologia de reciclagem enzim\u00e1tica para quebrar o PET em building blocks originais.<\/p>\n\n\n\n<figure class=\"wp-block-pullquote\"><blockquote><p>A pr\u00f3pria&nbsp;<a href=\"https:\/\/www.greenerpackage.com\/bioplastics\/pepsico_joins_naturall_bottle_alliance\" target=\"_blank\" rel=\"noreferrer noopener\">NaturALL<\/a>, uma alian\u00e7a constru\u00edda para criar bio-PET a partir de biomassa com mat\u00e9rias-primas tais como o papel\u00e3o e a serragem.<\/p><\/blockquote><\/figure>\n\n\n\n<p>A empresa tamb\u00e9m afiliou-se \u00e0&nbsp;<a href=\"https:\/\/ceflex.eu\/\" target=\"_blank\" rel=\"noreferrer noopener\">CEFLEX<\/a>&nbsp;&#8211; The Circular Economy for Flexible Packaging, com o intuito de colaborar nas iniciativas globais que visam aprimorar a reciclagem das embalagens flex\u00edveis para alimentos e outros produtos.<\/p>\n\n\n\n<p>Em se tratando de redu\u00e7\u00e3o dos pl\u00e1sticos, a empresa vem redesenhando suas embalagens para torn\u00e1-las mais eficientes com o menor uso de material poss\u00edvel. Isso significa, por exemplo, em garrafas pl\u00e1sticas mais leves, diminuindo sensivelmente o impacto de carbono das bebidas.<\/p>\n\n\n\n<p>No \u00e2mbito dos snacks, a empresa aprimorou novas tecnologias como a compacta\u00e7\u00e3o da carga, que permite aos snacks assentarem melhor no fundo do saco durante o empacotamento, diminuindo a necessidade de material de embalagem mas preservando a quantidade de produto.<\/p>\n\n\n\n<figure class=\"wp-block-pullquote\"><blockquote><p>De forma ainda mais arrojada, a PepsiCo declara que a meta central da reciclabilidade \u00e9 que 100% de suas embalagens sejam recicl\u00e1veis, compost\u00e1veis ou biodegrad\u00e1veis at\u00e9 2025.<\/p><\/blockquote><\/figure>\n\n\n\n<p>Um atalho para fechar este gap \u00e9 alcan\u00e7ar os 50% de rPET nas garrafas vendidas na Uni\u00e3o Europ\u00e9ia at\u00e9 2030. O Lipton Iced Tea e o suco Tropicana j\u00e1 est\u00e3o sendo vendidos em garrafas com 100% de rPET em alguns mercados do leste europeu este ano.<\/p>\n\n\n\n<div class=\"wp-block-image\"><figure class=\"aligncenter\"><img decoding=\"async\" src=\"https:\/\/media-exp1.licdn.com\/dms\/image\/C4E12AQHAsVIenXn4fw\/article-inline_image-shrink_1000_1488\/0?e=1599696000&amp;v=beta&amp;t=9TimH-UecsTkhtRd8owgeCwmFIYEcBLEUL0QmzT0OXM\" alt=\"N\u00e3o foi fornecido texto alternativo para esta imagem\"\/><\/figure><\/div>\n\n\n\n<p>Outro desafio para cumprir o intento \u00e9 o de apoiar \/ estimular o desenvolvimento de infraestrutura de reciclagem nos pa\u00edses mais atrasados. Embalagens de snacks, por exemplo, s\u00e3o coletadas, separadas e recicladas somente na Holanda e Alemanha.<\/p>\n\n\n\n<p>Reinventar as embalagens tamb\u00e9m siginifica ensinar o consumidor a evitar a embalagem de uso \u00fanico. A PepsiCo tem aumentado o portf\u00f3lio de produtos que v\u00e3o &#8220;al\u00e9m da garrafa&#8221;, fazendo com que em alguns mercados europeus, tanto os soft drinks quanto a \u00e1gua com g\u00e1s sejam consumidos em garrafas reutiliz\u00e1veis &#8211; o que, segundo a companhia, trar\u00e1 em cinco anos uma economia ambiental de aproximadamente 67 bilh\u00f5es de garrafas pl\u00e1sticas de uso \u00fanico a menos.<\/p>\n\n\n\n<div class=\"wp-block-image\"><figure class=\"aligncenter\"><img decoding=\"async\" src=\"https:\/\/media-exp1.licdn.com\/dms\/image\/C4E12AQEe0heh2XxvMw\/article-inline_image-shrink_1000_1488\/0?e=1599696000&amp;v=beta&amp;t=dH-i6Dj1yDPiQmidMGAcvAjyfwSFne-283K0uTskuSY\" alt=\"N\u00e3o foi fornecido texto alternativo para esta imagem\"\/><\/figure><\/div>\n\n\n\n<p>Trabalhando com a&nbsp;<a href=\"https:\/\/danimerscientific.com\/\" target=\"_blank\" rel=\"noreferrer noopener\">Danimer Scientific<\/a>, a PepsiCo tamb\u00e9m est\u00e1 desenvolvendo filmes industrialmente compost\u00e1veis derivados do milho. O filme tem sido avaliado inicialmente nos EUA com o Tostitos e nos mercados do Chile e India, nas marcas Artesanas e Lay&#8217;s.<\/p>\n\n\n\n<p>Grande parte das mudan\u00e7as no sentido da sustentabilidade ainda est\u00e3o em fase de experimenta\u00e7\u00e3o, onde tanto a companhia quanto os consumidores aprendem uns com os outros e os feedbacks e a forma de consumir retroalimenta o aperfei\u00e7oamento das embalagens dos produtos e a estrat\u00e9gia em si.<\/p>\n\n\n\n<p><\/p>\n\n\n\n<p>\u200b\u200b\u200b<\/p>\n\n\n\n<p>\u200b\u200bPublicado por:<\/p>\n\n\n\n<p><\/p>\n\n\n\n<p class=\"has-background has-very-light-gray-background-color\"><img decoding=\"async\" width=\"50\" height=\"50\" class=\"wp-image-6323\" style=\"width: 50px;\" src=\"https:\/\/projetopack.com.br\/wp-content\/uploads\/2020\/06\/aislan.jpg\" alt=\"\"><a href=\"https:\/\/www.linkedin.com\/in\/aislanbaer\/\">Aislan Baer<\/a> Fundador e CEO da ProjetoPack &amp; Associados; Co-fundador da Inovagraf; Diretor da IDEAlliance Latin Am\u00e9rica.<\/p>","protected":false},"excerpt":{"rendered":"<p>Na \u00faltima semana a&nbsp;PepsiCo&nbsp;publicou seu&nbsp;relat\u00f3rio de sustentabilidade&nbsp;com os dados de 2019, comentando os progressos da companhia nas \u00e1reas de redu\u00e7\u00e3o do carbono e circularidade. Como uma empresa global, a PepsiCo sabe da sua responsabilidade na busca da redu\u00e7\u00e3o no impacto ambiental e no seu papel como influenciadora para que outros possam buscar o mesmo, tendo [&hellip;]<\/p>\n","protected":false},"author":18,"featured_media":6537,"comment_status":"open","ping_status":"closed","sticky":false,"template":"","format":"standard","meta":{"footnotes":""},"categories":[4],"tags":[449,320,448],"class_list":["post-6536","post","type-post","status-publish","format-standard","has-post-thumbnail","hentry","category-infopack","tag-efeito-estufa","tag-embalagens","tag-pepsico"],"yoast_head":"<!-- This site is optimized with the Yoast SEO Premium plugin v27.1 (Yoast SEO v27.1.1) - https:\/\/yoast.com\/product\/yoast-seo-premium-wordpress\/ -->\n<title>PepsiCo quer zerar emiss\u00f5es globais de gases de efeito estufa das embalagens at\u00e9 2050 - ProjetoPack<\/title>\n<meta name=\"description\" content=\"Como uma empresa global, a PepsiCo sabe da sua responsabilidade na busca da redu\u00e7\u00e3o no impacto ambiental e no seu papel como influenciadora para que outros possam buscar o mesmo, tendo colocado a sustentabilidade no centro da sua estrat\u00e9gia de neg\u00f3cios.\" \/>\n<meta name=\"robots\" content=\"index, follow, max-snippet:-1, max-image-preview:large, max-video-preview:-1\" \/>\n<link rel=\"canonical\" href=\"https:\/\/projetopack.com.br\/en\/pepsico-quer-zerar-emissoes-globais-de-gases-de-efeito-estufa-das-embalagens-ate-2050\/\" \/>\n<meta property=\"og:locale\" content=\"en_US\" \/>\n<meta property=\"og:type\" content=\"article\" \/>\n<meta property=\"og:title\" content=\"PepsiCo quer zerar emiss\u00f5es globais de gases de efeito estufa das embalagens at\u00e9 2050\" \/>\n<meta property=\"og:description\" content=\"Como uma empresa global, a PepsiCo sabe da sua responsabilidade na busca da redu\u00e7\u00e3o no impacto ambiental e no seu papel como influenciadora para que outros possam buscar o mesmo, tendo colocado a sustentabilidade no centro da sua estrat\u00e9gia de neg\u00f3cios.\" \/>\n<meta property=\"og:url\" content=\"https:\/\/projetopack.com.br\/en\/pepsico-quer-zerar-emissoes-globais-de-gases-de-efeito-estufa-das-embalagens-ate-2050\/\" \/>\n<meta property=\"og:site_name\" content=\"ProjetoPack\" \/>\n<meta property=\"article:published_time\" content=\"2020-07-10T15:45:00+00:00\" \/>\n<meta property=\"article:modified_time\" content=\"2020-07-10T15:50:32+00:00\" \/>\n<meta property=\"og:image\" content=\"https:\/\/projetopack.com.br\/wp-content\/uploads\/2020\/07\/salgadinhos.jpg\" \/>\n\t<meta property=\"og:image:width\" content=\"660\" \/>\n\t<meta property=\"og:image:height\" content=\"495\" \/>\n\t<meta property=\"og:image:type\" content=\"image\/jpeg\" \/>\n<meta name=\"author\" content=\"Andrea\" \/>\n<meta name=\"twitter:card\" content=\"summary_large_image\" \/>\n<meta name=\"twitter:creator\" content=\"@ProjetoPack\" \/>\n<meta name=\"twitter:site\" content=\"@ProjetoPack\" \/>\n<meta name=\"twitter:label1\" content=\"Written by\" \/>\n\t<meta name=\"twitter:data1\" content=\"Andrea\" \/>\n\t<meta name=\"twitter:label2\" content=\"Est. reading time\" \/>\n\t<meta name=\"twitter:data2\" content=\"3 minutes\" \/>\n<script type=\"application\/ld+json\" class=\"yoast-schema-graph\">{\"@context\":\"https:\/\/schema.org\",\"@graph\":[{\"@type\":\"Article\",\"@id\":\"https:\/\/projetopack.com.br\/en\/pepsico-quer-zerar-emissoes-globais-de-gases-de-efeito-estufa-das-embalagens-ate-2050\/#article\",\"isPartOf\":{\"@id\":\"https:\/\/projetopack.com.br\/en\/pepsico-quer-zerar-emissoes-globais-de-gases-de-efeito-estufa-das-embalagens-ate-2050\/\"},\"author\":{\"name\":\"Andrea\",\"@id\":\"https:\/\/projetopack.com.br\/#\/schema\/person\/d17c72a4bc2b7e461496dd8a14d4cef1\"},\"headline\":\"PepsiCo quer zerar emiss\u00f5es globais de gases de efeito estufa das embalagens at\u00e9 2050\",\"datePublished\":\"2020-07-10T15:45:00+00:00\",\"dateModified\":\"2020-07-10T15:50:32+00:00\",\"mainEntityOfPage\":{\"@id\":\"https:\/\/projetopack.com.br\/en\/pepsico-quer-zerar-emissoes-globais-de-gases-de-efeito-estufa-das-embalagens-ate-2050\/\"},\"wordCount\":706,\"commentCount\":0,\"publisher\":{\"@id\":\"https:\/\/projetopack.com.br\/#organization\"},\"image\":{\"@id\":\"https:\/\/projetopack.com.br\/en\/pepsico-quer-zerar-emissoes-globais-de-gases-de-efeito-estufa-das-embalagens-ate-2050\/#primaryimage\"},\"thumbnailUrl\":\"https:\/\/projetopack.com.br\/wp-content\/uploads\/2020\/07\/salgadinhos.jpg\",\"keywords\":[\"Efeito estufa\",\"embalagens\",\"PepsiCo\"],\"articleSection\":[\"Infopack\"],\"inLanguage\":\"en-US\",\"potentialAction\":[{\"@type\":\"CommentAction\",\"name\":\"Comment\",\"target\":[\"https:\/\/projetopack.com.br\/en\/pepsico-quer-zerar-emissoes-globais-de-gases-de-efeito-estufa-das-embalagens-ate-2050\/#respond\"]}]},{\"@type\":\"WebPage\",\"@id\":\"https:\/\/projetopack.com.br\/en\/pepsico-quer-zerar-emissoes-globais-de-gases-de-efeito-estufa-das-embalagens-ate-2050\/\",\"url\":\"https:\/\/projetopack.com.br\/en\/pepsico-quer-zerar-emissoes-globais-de-gases-de-efeito-estufa-das-embalagens-ate-2050\/\",\"name\":\"PepsiCo quer zerar emiss\u00f5es globais de gases de efeito estufa das embalagens at\u00e9 2050 - ProjetoPack\",\"isPartOf\":{\"@id\":\"https:\/\/projetopack.com.br\/#website\"},\"primaryImageOfPage\":{\"@id\":\"https:\/\/projetopack.com.br\/en\/pepsico-quer-zerar-emissoes-globais-de-gases-de-efeito-estufa-das-embalagens-ate-2050\/#primaryimage\"},\"image\":{\"@id\":\"https:\/\/projetopack.com.br\/en\/pepsico-quer-zerar-emissoes-globais-de-gases-de-efeito-estufa-das-embalagens-ate-2050\/#primaryimage\"},\"thumbnailUrl\":\"https:\/\/projetopack.com.br\/wp-content\/uploads\/2020\/07\/salgadinhos.jpg\",\"datePublished\":\"2020-07-10T15:45:00+00:00\",\"dateModified\":\"2020-07-10T15:50:32+00:00\",\"description\":\"Como uma empresa global, a PepsiCo sabe da sua responsabilidade na busca da redu\u00e7\u00e3o no impacto ambiental e no seu papel como influenciadora para que outros possam buscar o mesmo, tendo colocado a sustentabilidade no centro da sua estrat\u00e9gia de neg\u00f3cios.\",\"breadcrumb\":{\"@id\":\"https:\/\/projetopack.com.br\/en\/pepsico-quer-zerar-emissoes-globais-de-gases-de-efeito-estufa-das-embalagens-ate-2050\/#breadcrumb\"},\"inLanguage\":\"en-US\",\"potentialAction\":[{\"@type\":\"ReadAction\",\"target\":[\"https:\/\/projetopack.com.br\/en\/pepsico-quer-zerar-emissoes-globais-de-gases-de-efeito-estufa-das-embalagens-ate-2050\/\"]}]},{\"@type\":\"ImageObject\",\"inLanguage\":\"en-US\",\"@id\":\"https:\/\/projetopack.com.br\/en\/pepsico-quer-zerar-emissoes-globais-de-gases-de-efeito-estufa-das-embalagens-ate-2050\/#primaryimage\",\"url\":\"https:\/\/projetopack.com.br\/wp-content\/uploads\/2020\/07\/salgadinhos.jpg\",\"contentUrl\":\"https:\/\/projetopack.com.br\/wp-content\/uploads\/2020\/07\/salgadinhos.jpg\",\"width\":660,\"height\":495},{\"@type\":\"BreadcrumbList\",\"@id\":\"https:\/\/projetopack.com.br\/en\/pepsico-quer-zerar-emissoes-globais-de-gases-de-efeito-estufa-das-embalagens-ate-2050\/#breadcrumb\",\"itemListElement\":[{\"@type\":\"ListItem\",\"position\":1,\"name\":\"P\u00e1gina Inicial\",\"item\":\"https:\/\/projetopack.com.br\/\"},{\"@type\":\"ListItem\",\"position\":2,\"name\":\"Infopack\",\"item\":\"https:\/\/projetopack.com.br\/category\/infopack\/\"},{\"@type\":\"ListItem\",\"position\":3,\"name\":\"PepsiCo quer zerar emiss\u00f5es globais de gases de efeito estufa das embalagens at\u00e9 2050\"}]},{\"@type\":\"WebSite\",\"@id\":\"https:\/\/projetopack.com.br\/#website\",\"url\":\"https:\/\/projetopack.com.br\/\",\"name\":\"ProjetoPack\",\"description\":\"Consultoria e servi\u00e7os para embalagens, r\u00f3tulos, etiquetas e processos de impress\u00e3o\",\"publisher\":{\"@id\":\"https:\/\/projetopack.com.br\/#organization\"},\"potentialAction\":[{\"@type\":\"SearchAction\",\"target\":{\"@type\":\"EntryPoint\",\"urlTemplate\":\"https:\/\/projetopack.com.br\/?s={search_term_string}\"},\"query-input\":{\"@type\":\"PropertyValueSpecification\",\"valueRequired\":true,\"valueName\":\"search_term_string\"}}],\"inLanguage\":\"en-US\"},{\"@type\":\"Organization\",\"@id\":\"https:\/\/projetopack.com.br\/#organization\",\"name\":\"ProjetoPack & Associados\",\"url\":\"https:\/\/projetopack.com.br\/\",\"logo\":{\"@type\":\"ImageObject\",\"inLanguage\":\"en-US\",\"@id\":\"https:\/\/projetopack.com.br\/#\/schema\/logo\/image\/\",\"url\":\"https:\/\/projetopack.com.br\/wp-content\/uploads\/2020\/09\/projetopack.png\",\"contentUrl\":\"https:\/\/projetopack.com.br\/wp-content\/uploads\/2020\/09\/projetopack.png\",\"width\":200,\"height\":200,\"caption\":\"ProjetoPack & Associados\"},\"image\":{\"@id\":\"https:\/\/projetopack.com.br\/#\/schema\/logo\/image\/\"},\"sameAs\":[\"https:\/\/x.com\/ProjetoPack\",\"https:\/\/www.linkedin.com\/company\/projetopack\/\"]},{\"@type\":\"Person\",\"@id\":\"https:\/\/projetopack.com.br\/#\/schema\/person\/d17c72a4bc2b7e461496dd8a14d4cef1\",\"name\":\"Andrea\",\"image\":{\"@type\":\"ImageObject\",\"inLanguage\":\"en-US\",\"@id\":\"https:\/\/projetopack.com.br\/#\/schema\/person\/image\/\",\"url\":\"https:\/\/projetopack.com.br\/wp-content\/uploads\/2026\/03\/eu-150x150.jpg\",\"contentUrl\":\"https:\/\/projetopack.com.br\/wp-content\/uploads\/2026\/03\/eu-150x150.jpg\",\"caption\":\"Andrea\"},\"url\":\"https:\/\/projetopack.com.br\/en\/author\/andrea\/\"}]}<\/script>\n<!-- \/ Yoast SEO Premium plugin. -->","yoast_head_json":{"title":"PepsiCo quer zerar emiss\u00f5es globais de gases de efeito estufa das embalagens at\u00e9 2050 - ProjetoPack","description":"Como uma empresa global, a PepsiCo sabe da sua responsabilidade na busca da redu\u00e7\u00e3o no impacto ambiental e no seu papel como influenciadora para que outros possam buscar o mesmo, tendo colocado a sustentabilidade no centro da sua estrat\u00e9gia de neg\u00f3cios.","robots":{"index":"index","follow":"follow","max-snippet":"max-snippet:-1","max-image-preview":"max-image-preview:large","max-video-preview":"max-video-preview:-1"},"canonical":"https:\/\/projetopack.com.br\/en\/pepsico-quer-zerar-emissoes-globais-de-gases-de-efeito-estufa-das-embalagens-ate-2050\/","og_locale":"en_US","og_type":"article","og_title":"PepsiCo quer zerar emiss\u00f5es globais de gases de efeito estufa das embalagens at\u00e9 2050","og_description":"Como uma empresa global, a PepsiCo sabe da sua responsabilidade na busca da redu\u00e7\u00e3o no impacto ambiental e no seu papel como influenciadora para que outros possam buscar o mesmo, tendo colocado a sustentabilidade no centro da sua estrat\u00e9gia de neg\u00f3cios.","og_url":"https:\/\/projetopack.com.br\/en\/pepsico-quer-zerar-emissoes-globais-de-gases-de-efeito-estufa-das-embalagens-ate-2050\/","og_site_name":"ProjetoPack","article_published_time":"2020-07-10T15:45:00+00:00","article_modified_time":"2020-07-10T15:50:32+00:00","og_image":[{"width":660,"height":495,"url":"https:\/\/projetopack.com.br\/wp-content\/uploads\/2020\/07\/salgadinhos.jpg","type":"image\/jpeg"}],"author":"Andrea","twitter_card":"summary_large_image","twitter_creator":"@ProjetoPack","twitter_site":"@ProjetoPack","twitter_misc":{"Written by":"Andrea","Est. reading time":"3 minutes"},"schema":{"@context":"https:\/\/schema.org","@graph":[{"@type":"Article","@id":"https:\/\/projetopack.com.br\/en\/pepsico-quer-zerar-emissoes-globais-de-gases-de-efeito-estufa-das-embalagens-ate-2050\/#article","isPartOf":{"@id":"https:\/\/projetopack.com.br\/en\/pepsico-quer-zerar-emissoes-globais-de-gases-de-efeito-estufa-das-embalagens-ate-2050\/"},"author":{"name":"Andrea","@id":"https:\/\/projetopack.com.br\/#\/schema\/person\/d17c72a4bc2b7e461496dd8a14d4cef1"},"headline":"PepsiCo quer zerar emiss\u00f5es globais de gases de efeito estufa das embalagens at\u00e9 2050","datePublished":"2020-07-10T15:45:00+00:00","dateModified":"2020-07-10T15:50:32+00:00","mainEntityOfPage":{"@id":"https:\/\/projetopack.com.br\/en\/pepsico-quer-zerar-emissoes-globais-de-gases-de-efeito-estufa-das-embalagens-ate-2050\/"},"wordCount":706,"commentCount":0,"publisher":{"@id":"https:\/\/projetopack.com.br\/#organization"},"image":{"@id":"https:\/\/projetopack.com.br\/en\/pepsico-quer-zerar-emissoes-globais-de-gases-de-efeito-estufa-das-embalagens-ate-2050\/#primaryimage"},"thumbnailUrl":"https:\/\/projetopack.com.br\/wp-content\/uploads\/2020\/07\/salgadinhos.jpg","keywords":["Efeito estufa","embalagens","PepsiCo"],"articleSection":["Infopack"],"inLanguage":"en-US","potentialAction":[{"@type":"CommentAction","name":"Comment","target":["https:\/\/projetopack.com.br\/en\/pepsico-quer-zerar-emissoes-globais-de-gases-de-efeito-estufa-das-embalagens-ate-2050\/#respond"]}]},{"@type":"WebPage","@id":"https:\/\/projetopack.com.br\/en\/pepsico-quer-zerar-emissoes-globais-de-gases-de-efeito-estufa-das-embalagens-ate-2050\/","url":"https:\/\/projetopack.com.br\/en\/pepsico-quer-zerar-emissoes-globais-de-gases-de-efeito-estufa-das-embalagens-ate-2050\/","name":"PepsiCo quer zerar emiss\u00f5es globais de gases de efeito estufa das embalagens at\u00e9 2050 - ProjetoPack","isPartOf":{"@id":"https:\/\/projetopack.com.br\/#website"},"primaryImageOfPage":{"@id":"https:\/\/projetopack.com.br\/en\/pepsico-quer-zerar-emissoes-globais-de-gases-de-efeito-estufa-das-embalagens-ate-2050\/#primaryimage"},"image":{"@id":"https:\/\/projetopack.com.br\/en\/pepsico-quer-zerar-emissoes-globais-de-gases-de-efeito-estufa-das-embalagens-ate-2050\/#primaryimage"},"thumbnailUrl":"https:\/\/projetopack.com.br\/wp-content\/uploads\/2020\/07\/salgadinhos.jpg","datePublished":"2020-07-10T15:45:00+00:00","dateModified":"2020-07-10T15:50:32+00:00","description":"Como uma empresa global, a PepsiCo sabe da sua responsabilidade na busca da redu\u00e7\u00e3o no impacto ambiental e no seu papel como influenciadora para que outros possam buscar o mesmo, tendo colocado a sustentabilidade no centro da sua estrat\u00e9gia de neg\u00f3cios.","breadcrumb":{"@id":"https:\/\/projetopack.com.br\/en\/pepsico-quer-zerar-emissoes-globais-de-gases-de-efeito-estufa-das-embalagens-ate-2050\/#breadcrumb"},"inLanguage":"en-US","potentialAction":[{"@type":"ReadAction","target":["https:\/\/projetopack.com.br\/en\/pepsico-quer-zerar-emissoes-globais-de-gases-de-efeito-estufa-das-embalagens-ate-2050\/"]}]},{"@type":"ImageObject","inLanguage":"en-US","@id":"https:\/\/projetopack.com.br\/en\/pepsico-quer-zerar-emissoes-globais-de-gases-de-efeito-estufa-das-embalagens-ate-2050\/#primaryimage","url":"https:\/\/projetopack.com.br\/wp-content\/uploads\/2020\/07\/salgadinhos.jpg","contentUrl":"https:\/\/projetopack.com.br\/wp-content\/uploads\/2020\/07\/salgadinhos.jpg","width":660,"height":495},{"@type":"BreadcrumbList","@id":"https:\/\/projetopack.com.br\/en\/pepsico-quer-zerar-emissoes-globais-de-gases-de-efeito-estufa-das-embalagens-ate-2050\/#breadcrumb","itemListElement":[{"@type":"ListItem","position":1,"name":"P\u00e1gina Inicial","item":"https:\/\/projetopack.com.br\/"},{"@type":"ListItem","position":2,"name":"Infopack","item":"https:\/\/projetopack.com.br\/category\/infopack\/"},{"@type":"ListItem","position":3,"name":"PepsiCo quer zerar emiss\u00f5es globais de gases de efeito estufa das embalagens at\u00e9 2050"}]},{"@type":"WebSite","@id":"https:\/\/projetopack.com.br\/#website","url":"https:\/\/projetopack.com.br\/","name":"ProjetoPack","description":"Consultoria e servi\u00e7os para embalagens, r\u00f3tulos, etiquetas e processos de impress\u00e3o","publisher":{"@id":"https:\/\/projetopack.com.br\/#organization"},"potentialAction":[{"@type":"SearchAction","target":{"@type":"EntryPoint","urlTemplate":"https:\/\/projetopack.com.br\/?s={search_term_string}"},"query-input":{"@type":"PropertyValueSpecification","valueRequired":true,"valueName":"search_term_string"}}],"inLanguage":"en-US"},{"@type":"Organization","@id":"https:\/\/projetopack.com.br\/#organization","name":"ProjetoPack & Associados","url":"https:\/\/projetopack.com.br\/","logo":{"@type":"ImageObject","inLanguage":"en-US","@id":"https:\/\/projetopack.com.br\/#\/schema\/logo\/image\/","url":"https:\/\/projetopack.com.br\/wp-content\/uploads\/2020\/09\/projetopack.png","contentUrl":"https:\/\/projetopack.com.br\/wp-content\/uploads\/2020\/09\/projetopack.png","width":200,"height":200,"caption":"ProjetoPack & Associados"},"image":{"@id":"https:\/\/projetopack.com.br\/#\/schema\/logo\/image\/"},"sameAs":["https:\/\/x.com\/ProjetoPack","https:\/\/www.linkedin.com\/company\/projetopack\/"]},{"@type":"Person","@id":"https:\/\/projetopack.com.br\/#\/schema\/person\/d17c72a4bc2b7e461496dd8a14d4cef1","name":"Andrea","image":{"@type":"ImageObject","inLanguage":"en-US","@id":"https:\/\/projetopack.com.br\/#\/schema\/person\/image\/","url":"https:\/\/projetopack.com.br\/wp-content\/uploads\/2026\/03\/eu-150x150.jpg","contentUrl":"https:\/\/projetopack.com.br\/wp-content\/uploads\/2026\/03\/eu-150x150.jpg","caption":"Andrea"},"url":"https:\/\/projetopack.com.br\/en\/author\/andrea\/"}]}},"_links":{"self":[{"href":"https:\/\/projetopack.com.br\/en\/wp-json\/wp\/v2\/posts\/6536","targetHints":{"allow":["GET"]}}],"collection":[{"href":"https:\/\/projetopack.com.br\/en\/wp-json\/wp\/v2\/posts"}],"about":[{"href":"https:\/\/projetopack.com.br\/en\/wp-json\/wp\/v2\/types\/post"}],"author":[{"embeddable":true,"href":"https:\/\/projetopack.com.br\/en\/wp-json\/wp\/v2\/users\/18"}],"replies":[{"embeddable":true,"href":"https:\/\/projetopack.com.br\/en\/wp-json\/wp\/v2\/comments?post=6536"}],"version-history":[{"count":0,"href":"https:\/\/projetopack.com.br\/en\/wp-json\/wp\/v2\/posts\/6536\/revisions"}],"wp:featuredmedia":[{"embeddable":true,"href":"https:\/\/projetopack.com.br\/en\/wp-json\/wp\/v2\/media\/6537"}],"wp:attachment":[{"href":"https:\/\/projetopack.com.br\/en\/wp-json\/wp\/v2\/media?parent=6536"}],"wp:term":[{"taxonomy":"category","embeddable":true,"href":"https:\/\/projetopack.com.br\/en\/wp-json\/wp\/v2\/categories?post=6536"},{"taxonomy":"post_tag","embeddable":true,"href":"https:\/\/projetopack.com.br\/en\/wp-json\/wp\/v2\/tags?post=6536"}],"curies":[{"name":"wp","href":"https:\/\/api.w.org\/{rel}","templated":true}]}}