{"id":6706,"date":"2020-07-30T13:48:58","date_gmt":"2020-07-30T16:48:58","guid":{"rendered":"https:\/\/www.projetopack.com.br\/?p=6706"},"modified":"2020-07-30T13:49:00","modified_gmt":"2020-07-30T16:49:00","slug":"premio-abiea-abre-inscricoes-para-18-categorias","status":"publish","type":"post","link":"https:\/\/projetopack.com.br\/en\/premio-abiea-abre-inscricoes-para-18-categorias\/","title":{"rendered":"Pr\u00eamio Abiea abre inscri\u00e7\u00f5es para 18 categorias"},"content":{"rendered":"<p>A <strong>Abiea<\/strong> anunciou a abertura das inscri\u00e7\u00f5es para a <strong>7\u00aa Edi\u00e7\u00e3o do Pr\u00eamio Abiea<\/strong>, que, neste ano, contar\u00e1 com 18 categorias.<\/p>\n\n\n\n<p>Realizado desde 2008, a premia\u00e7\u00e3o vem ganhando for\u00e7a no mercado como uma forma de divulgar trabalhos de excel\u00eancia dentro do segmento de r\u00f3tulos e etiquetas, incentivando convertedores e gr\u00e1ficas \u00e0 melhoria cont\u00ednua.<\/p>\n\n\n\n<p>A premia\u00e7\u00e3o acontecer\u00e1 novamente durante a Flexo &amp; Labels 2021 em mar\u00e7o, com coquetel e recep\u00e7\u00e3o de convidados.<\/p>\n\n\n\n<p>Acesso o regulamento completo e instru\u00e7\u00f5es para inscri\u00e7\u00e3o em <a href=\"http:\/\/www.premioabiea.org.br\">www.premioabiea.org.br<\/a>. O per\u00edodo para credenciamento dos trabalhos vai de 28 de julho a 31 de dezembro.<\/p>\n\n\n\n<p><strong>Categories<\/strong><\/p>\n\n\n\n<p>Novamente, o Pr\u00eamio Abiea ter\u00e1 coordena\u00e7\u00e3o t\u00e9cnica da ABTG (Associa\u00e7\u00e3o Brasileira de Tecnologia Gr\u00e1fica) para avalia\u00e7\u00e3o e julgamento dos trabalhos inscritos.<\/p>\n\n\n\n<p>As 18 categorias est\u00e3o reunidas em quatro grandes grupos:<\/p>\n\n\n\n<p><strong>Marketing<\/strong>: foco no impacto visual, unindo design e qualidade de impress\u00e3o, enquadrando categorias como Bebidas Alco\u00f3licas, Produtos Aliment\u00edcios, Cosm\u00e9ticos e Cuidados Pessoais, Farmac\u00eauticos (inclusive veterin\u00e1rio), Higiene e Limpeza, Industrial, Etiquetas.<\/p>\n\n\n\n<p><strong>Processos de Impress\u00e3o:<\/strong> Neste grupo, s\u00e3o avaliados itens como qualidade da impress\u00e3o da pe\u00e7a, grau de dificuldade, etc. Um corpo de jurados t\u00e9cnicos analisa minuciosamente cada impresso inscrito! Dentro desse grupo, est\u00e3o inclusas as seguintes categorias: Flexo tra\u00e7o e Flexo Cromia, Offset Cromia, Impres\u00e3o Digital Cromia, Impress\u00e3o Combinada Tra\u00e7o, Impress\u00e3o Combinada Cromia.&nbsp;<\/p>\n\n\n\n<p><strong>Produtos<\/strong>: Engloba outros tipos de produtos comuns em nosso mercado e que n\u00e3o se enquadram nos grupos mencionados. Nesse grupo temos as seguintes categorias: Tags e Etiquetas sem Adesivos, Booklets, R\u00f3tulos de bula, Sleeves, Impressos de Seguran\u00e7a (com obrigatoriedade de descritivo t\u00e9cnico). <strong><em><\/em><\/strong><\/p>\n\n\n\n<p><strong>Inova\u00e7\u00e3o: <\/strong>Neste grupo, que \u00e9 o mesmo nome da categoria em si, enquadram-se produtos que tenham alguma caracter\u00edstica inovadora em sua constru\u00e7\u00e3o, utiliza\u00e7\u00e3o ou design, tamb\u00e9m fazem parte desta categoria, produtos que tenham a tecnologia RFID integrada. Para esta categoria, a pe\u00e7a inscrita deve obrigatoriamente estar acompanhada do <strong>descritivo t\u00e9cnico<\/strong>, que trar\u00e1 as informa\u00e7\u00f5es necess\u00e1rias para o julgamento correto do produto.<\/p>\n\n\n\n<p><\/p>\n\n\n\n<p><\/p>\n\n\n\n<p><strong>FONTE:<\/strong><\/p>\n\n\n\n<p class=\"has-background has-very-light-gray-background-color\">PARLA Assessoria &#8211; Paulo Stucchi &#8211; tel (11) 3413-4416<\/p>","protected":false},"excerpt":{"rendered":"<p>A Abiea anunciou a abertura das inscri\u00e7\u00f5es para a 7\u00aa Edi\u00e7\u00e3o do Pr\u00eamio Abiea, que, neste ano, contar\u00e1 com 18 categorias.<\/p>","protected":false},"author":18,"featured_media":6711,"comment_status":"open","ping_status":"closed","sticky":false,"template":"","format":"standard","meta":{"footnotes":""},"categories":[458],"tags":[196,464,248],"class_list":["post-6706","post","type-post","status-publish","format-standard","has-post-thumbnail","hentry","category-lancamentos","tag-abiea","tag-flexo-labels-2021","tag-premio-abiea"],"yoast_head":"<!-- This site is optimized with the Yoast SEO Premium plugin v27.1 (Yoast SEO v27.1.1) - https:\/\/yoast.com\/product\/yoast-seo-premium-wordpress\/ -->\n<title>Pr\u00eamio Abiea abre inscri\u00e7\u00f5es para 18 categorias - ProjetoPack<\/title>\n<meta name=\"description\" content=\"A Abiea anunciou a abertura das inscri\u00e7\u00f5es para a 7\u00aa Edi\u00e7\u00e3o do Pr\u00eamio Abiea, que, neste ano, contar\u00e1 com 18 categorias.\" \/>\n<meta name=\"robots\" content=\"index, follow, max-snippet:-1, max-image-preview:large, max-video-preview:-1\" \/>\n<link rel=\"canonical\" href=\"https:\/\/projetopack.com.br\/en\/premio-abiea-abre-inscricoes-para-18-categorias\/\" \/>\n<meta property=\"og:locale\" content=\"en_US\" \/>\n<meta property=\"og:type\" content=\"article\" \/>\n<meta property=\"og:title\" content=\"Pr\u00eamio Abiea abre inscri\u00e7\u00f5es para 18 categorias\" \/>\n<meta property=\"og:description\" content=\"A Abiea anunciou a abertura das inscri\u00e7\u00f5es para a 7\u00aa Edi\u00e7\u00e3o do Pr\u00eamio Abiea, que, neste ano, contar\u00e1 com 18 categorias.\" \/>\n<meta property=\"og:url\" content=\"https:\/\/projetopack.com.br\/en\/premio-abiea-abre-inscricoes-para-18-categorias\/\" \/>\n<meta property=\"og:site_name\" content=\"ProjetoPack\" \/>\n<meta property=\"article:published_time\" content=\"2020-07-30T16:48:58+00:00\" \/>\n<meta property=\"article:modified_time\" content=\"2020-07-30T16:49:00+00:00\" \/>\n<meta property=\"og:image\" content=\"https:\/\/projetopack.com.br\/wp-content\/uploads\/2020\/07\/logo_premio_7_abiea-1.jpg\" \/>\n\t<meta property=\"og:image:width\" content=\"670\" \/>\n\t<meta property=\"og:image:height\" content=\"670\" \/>\n\t<meta property=\"og:image:type\" content=\"image\/jpeg\" \/>\n<meta name=\"author\" content=\"Andrea\" \/>\n<meta name=\"twitter:card\" content=\"summary_large_image\" \/>\n<meta name=\"twitter:creator\" content=\"@ProjetoPack\" \/>\n<meta name=\"twitter:site\" content=\"@ProjetoPack\" \/>\n<meta name=\"twitter:label1\" content=\"Written by\" \/>\n\t<meta name=\"twitter:data1\" content=\"Andrea\" \/>\n\t<meta name=\"twitter:label2\" content=\"Est. reading time\" \/>\n\t<meta name=\"twitter:data2\" content=\"2 minutes\" \/>\n<script type=\"application\/ld+json\" class=\"yoast-schema-graph\">{\"@context\":\"https:\/\/schema.org\",\"@graph\":[{\"@type\":\"Article\",\"@id\":\"https:\/\/projetopack.com.br\/en\/premio-abiea-abre-inscricoes-para-18-categorias\/#article\",\"isPartOf\":{\"@id\":\"https:\/\/projetopack.com.br\/en\/premio-abiea-abre-inscricoes-para-18-categorias\/\"},\"author\":{\"name\":\"Andrea\",\"@id\":\"https:\/\/projetopack.com.br\/#\/schema\/person\/d17c72a4bc2b7e461496dd8a14d4cef1\"},\"headline\":\"Pr\u00eamio Abiea abre inscri\u00e7\u00f5es para 18 categorias\",\"datePublished\":\"2020-07-30T16:48:58+00:00\",\"dateModified\":\"2020-07-30T16:49:00+00:00\",\"mainEntityOfPage\":{\"@id\":\"https:\/\/projetopack.com.br\/en\/premio-abiea-abre-inscricoes-para-18-categorias\/\"},\"wordCount\":376,\"commentCount\":0,\"publisher\":{\"@id\":\"https:\/\/projetopack.com.br\/#organization\"},\"image\":{\"@id\":\"https:\/\/projetopack.com.br\/en\/premio-abiea-abre-inscricoes-para-18-categorias\/#primaryimage\"},\"thumbnailUrl\":\"https:\/\/projetopack.com.br\/wp-content\/uploads\/2020\/07\/logo_premio_7_abiea-1.jpg\",\"keywords\":[\"abiea\",\"Flexo &amp; Labels 2021\",\"pr\u00eamio abiea\"],\"articleSection\":[\"Lan\u00e7amentos\"],\"inLanguage\":\"en-US\",\"potentialAction\":[{\"@type\":\"CommentAction\",\"name\":\"Comment\",\"target\":[\"https:\/\/projetopack.com.br\/en\/premio-abiea-abre-inscricoes-para-18-categorias\/#respond\"]}]},{\"@type\":\"WebPage\",\"@id\":\"https:\/\/projetopack.com.br\/en\/premio-abiea-abre-inscricoes-para-18-categorias\/\",\"url\":\"https:\/\/projetopack.com.br\/en\/premio-abiea-abre-inscricoes-para-18-categorias\/\",\"name\":\"Pr\u00eamio Abiea abre inscri\u00e7\u00f5es para 18 categorias - ProjetoPack\",\"isPartOf\":{\"@id\":\"https:\/\/projetopack.com.br\/#website\"},\"primaryImageOfPage\":{\"@id\":\"https:\/\/projetopack.com.br\/en\/premio-abiea-abre-inscricoes-para-18-categorias\/#primaryimage\"},\"image\":{\"@id\":\"https:\/\/projetopack.com.br\/en\/premio-abiea-abre-inscricoes-para-18-categorias\/#primaryimage\"},\"thumbnailUrl\":\"https:\/\/projetopack.com.br\/wp-content\/uploads\/2020\/07\/logo_premio_7_abiea-1.jpg\",\"datePublished\":\"2020-07-30T16:48:58+00:00\",\"dateModified\":\"2020-07-30T16:49:00+00:00\",\"description\":\"A Abiea anunciou a abertura das inscri\u00e7\u00f5es para a 7\u00aa Edi\u00e7\u00e3o do Pr\u00eamio Abiea, que, neste ano, contar\u00e1 com 18 categorias.\",\"breadcrumb\":{\"@id\":\"https:\/\/projetopack.com.br\/en\/premio-abiea-abre-inscricoes-para-18-categorias\/#breadcrumb\"},\"inLanguage\":\"en-US\",\"potentialAction\":[{\"@type\":\"ReadAction\",\"target\":[\"https:\/\/projetopack.com.br\/en\/premio-abiea-abre-inscricoes-para-18-categorias\/\"]}]},{\"@type\":\"ImageObject\",\"inLanguage\":\"en-US\",\"@id\":\"https:\/\/projetopack.com.br\/en\/premio-abiea-abre-inscricoes-para-18-categorias\/#primaryimage\",\"url\":\"https:\/\/projetopack.com.br\/wp-content\/uploads\/2020\/07\/logo_premio_7_abiea-1.jpg\",\"contentUrl\":\"https:\/\/projetopack.com.br\/wp-content\/uploads\/2020\/07\/logo_premio_7_abiea-1.jpg\",\"width\":670,\"height\":670},{\"@type\":\"BreadcrumbList\",\"@id\":\"https:\/\/projetopack.com.br\/en\/premio-abiea-abre-inscricoes-para-18-categorias\/#breadcrumb\",\"itemListElement\":[{\"@type\":\"ListItem\",\"position\":1,\"name\":\"P\u00e1gina Inicial\",\"item\":\"https:\/\/projetopack.com.br\/\"},{\"@type\":\"ListItem\",\"position\":2,\"name\":\"Lan\u00e7amentos\",\"item\":\"https:\/\/projetopack.com.br\/category\/lancamentos\/\"},{\"@type\":\"ListItem\",\"position\":3,\"name\":\"Pr\u00eamio Abiea abre inscri\u00e7\u00f5es para 18 categorias\"}]},{\"@type\":\"WebSite\",\"@id\":\"https:\/\/projetopack.com.br\/#website\",\"url\":\"https:\/\/projetopack.com.br\/\",\"name\":\"ProjetoPack\",\"description\":\"Consultoria e servi\u00e7os para embalagens, r\u00f3tulos, etiquetas e processos de impress\u00e3o\",\"publisher\":{\"@id\":\"https:\/\/projetopack.com.br\/#organization\"},\"potentialAction\":[{\"@type\":\"SearchAction\",\"target\":{\"@type\":\"EntryPoint\",\"urlTemplate\":\"https:\/\/projetopack.com.br\/?s={search_term_string}\"},\"query-input\":{\"@type\":\"PropertyValueSpecification\",\"valueRequired\":true,\"valueName\":\"search_term_string\"}}],\"inLanguage\":\"en-US\"},{\"@type\":\"Organization\",\"@id\":\"https:\/\/projetopack.com.br\/#organization\",\"name\":\"ProjetoPack & Associados\",\"url\":\"https:\/\/projetopack.com.br\/\",\"logo\":{\"@type\":\"ImageObject\",\"inLanguage\":\"en-US\",\"@id\":\"https:\/\/projetopack.com.br\/#\/schema\/logo\/image\/\",\"url\":\"https:\/\/projetopack.com.br\/wp-content\/uploads\/2020\/09\/projetopack.png\",\"contentUrl\":\"https:\/\/projetopack.com.br\/wp-content\/uploads\/2020\/09\/projetopack.png\",\"width\":200,\"height\":200,\"caption\":\"ProjetoPack & Associados\"},\"image\":{\"@id\":\"https:\/\/projetopack.com.br\/#\/schema\/logo\/image\/\"},\"sameAs\":[\"https:\/\/x.com\/ProjetoPack\",\"https:\/\/www.linkedin.com\/company\/projetopack\/\"]},{\"@type\":\"Person\",\"@id\":\"https:\/\/projetopack.com.br\/#\/schema\/person\/d17c72a4bc2b7e461496dd8a14d4cef1\",\"name\":\"Andrea\",\"image\":{\"@type\":\"ImageObject\",\"inLanguage\":\"en-US\",\"@id\":\"https:\/\/projetopack.com.br\/#\/schema\/person\/image\/\",\"url\":\"https:\/\/projetopack.com.br\/wp-content\/uploads\/2026\/03\/eu-150x150.jpg\",\"contentUrl\":\"https:\/\/projetopack.com.br\/wp-content\/uploads\/2026\/03\/eu-150x150.jpg\",\"caption\":\"Andrea\"},\"url\":\"https:\/\/projetopack.com.br\/en\/author\/andrea\/\"}]}<\/script>\n<!-- \/ Yoast SEO Premium plugin. -->","yoast_head_json":{"title":"Pr\u00eamio Abiea abre inscri\u00e7\u00f5es para 18 categorias - ProjetoPack","description":"A Abiea anunciou a abertura das inscri\u00e7\u00f5es para a 7\u00aa Edi\u00e7\u00e3o do Pr\u00eamio Abiea, que, neste ano, contar\u00e1 com 18 categorias.","robots":{"index":"index","follow":"follow","max-snippet":"max-snippet:-1","max-image-preview":"max-image-preview:large","max-video-preview":"max-video-preview:-1"},"canonical":"https:\/\/projetopack.com.br\/en\/premio-abiea-abre-inscricoes-para-18-categorias\/","og_locale":"en_US","og_type":"article","og_title":"Pr\u00eamio Abiea abre inscri\u00e7\u00f5es para 18 categorias","og_description":"A Abiea anunciou a abertura das inscri\u00e7\u00f5es para a 7\u00aa Edi\u00e7\u00e3o do Pr\u00eamio Abiea, que, neste ano, contar\u00e1 com 18 categorias.","og_url":"https:\/\/projetopack.com.br\/en\/premio-abiea-abre-inscricoes-para-18-categorias\/","og_site_name":"ProjetoPack","article_published_time":"2020-07-30T16:48:58+00:00","article_modified_time":"2020-07-30T16:49:00+00:00","og_image":[{"width":670,"height":670,"url":"https:\/\/projetopack.com.br\/wp-content\/uploads\/2020\/07\/logo_premio_7_abiea-1.jpg","type":"image\/jpeg"}],"author":"Andrea","twitter_card":"summary_large_image","twitter_creator":"@ProjetoPack","twitter_site":"@ProjetoPack","twitter_misc":{"Written by":"Andrea","Est. reading time":"2 minutes"},"schema":{"@context":"https:\/\/schema.org","@graph":[{"@type":"Article","@id":"https:\/\/projetopack.com.br\/en\/premio-abiea-abre-inscricoes-para-18-categorias\/#article","isPartOf":{"@id":"https:\/\/projetopack.com.br\/en\/premio-abiea-abre-inscricoes-para-18-categorias\/"},"author":{"name":"Andrea","@id":"https:\/\/projetopack.com.br\/#\/schema\/person\/d17c72a4bc2b7e461496dd8a14d4cef1"},"headline":"Pr\u00eamio Abiea abre inscri\u00e7\u00f5es para 18 categorias","datePublished":"2020-07-30T16:48:58+00:00","dateModified":"2020-07-30T16:49:00+00:00","mainEntityOfPage":{"@id":"https:\/\/projetopack.com.br\/en\/premio-abiea-abre-inscricoes-para-18-categorias\/"},"wordCount":376,"commentCount":0,"publisher":{"@id":"https:\/\/projetopack.com.br\/#organization"},"image":{"@id":"https:\/\/projetopack.com.br\/en\/premio-abiea-abre-inscricoes-para-18-categorias\/#primaryimage"},"thumbnailUrl":"https:\/\/projetopack.com.br\/wp-content\/uploads\/2020\/07\/logo_premio_7_abiea-1.jpg","keywords":["abiea","Flexo &amp; Labels 2021","pr\u00eamio abiea"],"articleSection":["Lan\u00e7amentos"],"inLanguage":"en-US","potentialAction":[{"@type":"CommentAction","name":"Comment","target":["https:\/\/projetopack.com.br\/en\/premio-abiea-abre-inscricoes-para-18-categorias\/#respond"]}]},{"@type":"WebPage","@id":"https:\/\/projetopack.com.br\/en\/premio-abiea-abre-inscricoes-para-18-categorias\/","url":"https:\/\/projetopack.com.br\/en\/premio-abiea-abre-inscricoes-para-18-categorias\/","name":"Pr\u00eamio Abiea abre inscri\u00e7\u00f5es para 18 categorias - ProjetoPack","isPartOf":{"@id":"https:\/\/projetopack.com.br\/#website"},"primaryImageOfPage":{"@id":"https:\/\/projetopack.com.br\/en\/premio-abiea-abre-inscricoes-para-18-categorias\/#primaryimage"},"image":{"@id":"https:\/\/projetopack.com.br\/en\/premio-abiea-abre-inscricoes-para-18-categorias\/#primaryimage"},"thumbnailUrl":"https:\/\/projetopack.com.br\/wp-content\/uploads\/2020\/07\/logo_premio_7_abiea-1.jpg","datePublished":"2020-07-30T16:48:58+00:00","dateModified":"2020-07-30T16:49:00+00:00","description":"A Abiea anunciou a abertura das inscri\u00e7\u00f5es para a 7\u00aa Edi\u00e7\u00e3o do Pr\u00eamio Abiea, que, neste ano, contar\u00e1 com 18 categorias.","breadcrumb":{"@id":"https:\/\/projetopack.com.br\/en\/premio-abiea-abre-inscricoes-para-18-categorias\/#breadcrumb"},"inLanguage":"en-US","potentialAction":[{"@type":"ReadAction","target":["https:\/\/projetopack.com.br\/en\/premio-abiea-abre-inscricoes-para-18-categorias\/"]}]},{"@type":"ImageObject","inLanguage":"en-US","@id":"https:\/\/projetopack.com.br\/en\/premio-abiea-abre-inscricoes-para-18-categorias\/#primaryimage","url":"https:\/\/projetopack.com.br\/wp-content\/uploads\/2020\/07\/logo_premio_7_abiea-1.jpg","contentUrl":"https:\/\/projetopack.com.br\/wp-content\/uploads\/2020\/07\/logo_premio_7_abiea-1.jpg","width":670,"height":670},{"@type":"BreadcrumbList","@id":"https:\/\/projetopack.com.br\/en\/premio-abiea-abre-inscricoes-para-18-categorias\/#breadcrumb","itemListElement":[{"@type":"ListItem","position":1,"name":"P\u00e1gina Inicial","item":"https:\/\/projetopack.com.br\/"},{"@type":"ListItem","position":2,"name":"Lan\u00e7amentos","item":"https:\/\/projetopack.com.br\/category\/lancamentos\/"},{"@type":"ListItem","position":3,"name":"Pr\u00eamio Abiea abre inscri\u00e7\u00f5es para 18 categorias"}]},{"@type":"WebSite","@id":"https:\/\/projetopack.com.br\/#website","url":"https:\/\/projetopack.com.br\/","name":"ProjetoPack","description":"Consultoria e servi\u00e7os para embalagens, r\u00f3tulos, etiquetas e processos de impress\u00e3o","publisher":{"@id":"https:\/\/projetopack.com.br\/#organization"},"potentialAction":[{"@type":"SearchAction","target":{"@type":"EntryPoint","urlTemplate":"https:\/\/projetopack.com.br\/?s={search_term_string}"},"query-input":{"@type":"PropertyValueSpecification","valueRequired":true,"valueName":"search_term_string"}}],"inLanguage":"en-US"},{"@type":"Organization","@id":"https:\/\/projetopack.com.br\/#organization","name":"ProjetoPack & Associados","url":"https:\/\/projetopack.com.br\/","logo":{"@type":"ImageObject","inLanguage":"en-US","@id":"https:\/\/projetopack.com.br\/#\/schema\/logo\/image\/","url":"https:\/\/projetopack.com.br\/wp-content\/uploads\/2020\/09\/projetopack.png","contentUrl":"https:\/\/projetopack.com.br\/wp-content\/uploads\/2020\/09\/projetopack.png","width":200,"height":200,"caption":"ProjetoPack & Associados"},"image":{"@id":"https:\/\/projetopack.com.br\/#\/schema\/logo\/image\/"},"sameAs":["https:\/\/x.com\/ProjetoPack","https:\/\/www.linkedin.com\/company\/projetopack\/"]},{"@type":"Person","@id":"https:\/\/projetopack.com.br\/#\/schema\/person\/d17c72a4bc2b7e461496dd8a14d4cef1","name":"Andrea","image":{"@type":"ImageObject","inLanguage":"en-US","@id":"https:\/\/projetopack.com.br\/#\/schema\/person\/image\/","url":"https:\/\/projetopack.com.br\/wp-content\/uploads\/2026\/03\/eu-150x150.jpg","contentUrl":"https:\/\/projetopack.com.br\/wp-content\/uploads\/2026\/03\/eu-150x150.jpg","caption":"Andrea"},"url":"https:\/\/projetopack.com.br\/en\/author\/andrea\/"}]}},"_links":{"self":[{"href":"https:\/\/projetopack.com.br\/en\/wp-json\/wp\/v2\/posts\/6706","targetHints":{"allow":["GET"]}}],"collection":[{"href":"https:\/\/projetopack.com.br\/en\/wp-json\/wp\/v2\/posts"}],"about":[{"href":"https:\/\/projetopack.com.br\/en\/wp-json\/wp\/v2\/types\/post"}],"author":[{"embeddable":true,"href":"https:\/\/projetopack.com.br\/en\/wp-json\/wp\/v2\/users\/18"}],"replies":[{"embeddable":true,"href":"https:\/\/projetopack.com.br\/en\/wp-json\/wp\/v2\/comments?post=6706"}],"version-history":[{"count":0,"href":"https:\/\/projetopack.com.br\/en\/wp-json\/wp\/v2\/posts\/6706\/revisions"}],"wp:featuredmedia":[{"embeddable":true,"href":"https:\/\/projetopack.com.br\/en\/wp-json\/wp\/v2\/media\/6711"}],"wp:attachment":[{"href":"https:\/\/projetopack.com.br\/en\/wp-json\/wp\/v2\/media?parent=6706"}],"wp:term":[{"taxonomy":"category","embeddable":true,"href":"https:\/\/projetopack.com.br\/en\/wp-json\/wp\/v2\/categories?post=6706"},{"taxonomy":"post_tag","embeddable":true,"href":"https:\/\/projetopack.com.br\/en\/wp-json\/wp\/v2\/tags?post=6706"}],"curies":[{"name":"wp","href":"https:\/\/api.w.org\/{rel}","templated":true}]}}