{"id":6745,"date":"2020-08-03T16:22:48","date_gmt":"2020-08-03T19:22:48","guid":{"rendered":"https:\/\/www.projetopack.com.br\/?p=6745"},"modified":"2020-08-03T16:22:50","modified_gmt":"2020-08-03T19:22:50","slug":"etirama-e-flint-group-anunciam-parceria-comercial","status":"publish","type":"post","link":"https:\/\/projetopack.com.br\/en\/etirama-e-flint-group-anunciam-parceria-comercial\/","title":{"rendered":"Etirama e Flint Group anunciam parceria comercial"},"content":{"rendered":"<p>As empresas Etirama e Flint Group NW anunciaram uma alian\u00e7a comercial para o mercado brasileiro e demais pa\u00edses da Am\u00e9rica Latina. A Flint Group NW passa a se a fornecedora oficial das tintas de provas das m\u00e1quinas Etirama. <\/p>\n\n\n\n<figure class=\"wp-block-pullquote\"><blockquote><p>\u201cA parceria entre a Flint e a Etirama \u00e9 muito positiva, pois ser\u00e1 uma \u00f3tima oportunidade para troca de informa\u00e7\u00f5es t\u00e9cnicas e que resultar\u00e1 em um apoio ainda maior aos usu\u00e1rios das m\u00e1quinas Etirama e das tintas Flint\u201d, diz Jairo N\u00f3brega, diretor de servi\u00e7os da Etirama.<\/p><\/blockquote><\/figure>\n\n\n\n<figure class=\"wp-block-pullquote\"><blockquote><p>\u201cEstamos felizes com essa parceria, que trar\u00e1 um grande benef\u00edcio para os clientes Etirama, que poder\u00e3o contar com toda a estrutura da Flint Group e seus centros de pesquisa e desenvolvimento nas \u00e1reas de tintas, vernizes, adesivos e fotopol\u00edmeros\u201d, afirma o gerente regional de vendas do Flint Group NW, Renato von Tein.<\/p><\/blockquote><\/figure>\n\n\n\n<p>Al\u00e9m da Am\u00e9rica Latina, as duas empresas j\u00e1 tinham acordo semelhante na Europa.<\/p>\n\n\n\n<p><\/p>\n\n\n\n<p><strong>FONTE:<\/strong><\/p>\n\n\n\n<p class=\"has-background has-very-light-gray-background-color\">Ronnie Schroter &#8211; CEO Etirama<\/p>","protected":false},"excerpt":{"rendered":"<p>As empresas Etirama e Flint Group NW anunciaram uma alian\u00e7a comercial para o mercado brasileiro e demais pa\u00edses da Am\u00e9rica Latina. A Flint Group NW passa a se a fornecedora oficial das tintas de provas das m\u00e1quinas Etirama. <\/p>","protected":false},"author":18,"featured_media":6748,"comment_status":"open","ping_status":"closed","sticky":false,"template":"","format":"standard","meta":{"footnotes":""},"categories":[458],"tags":[140,36],"class_list":["post-6745","post","type-post","status-publish","format-standard","has-post-thumbnail","hentry","category-lancamentos","tag-etirama","tag-flint-group"],"yoast_head":"<!-- This site is optimized with the Yoast SEO Premium plugin v27.1 (Yoast SEO v27.1.1) - https:\/\/yoast.com\/product\/yoast-seo-premium-wordpress\/ -->\n<title>Etirama e Flint Group anunciam parceria comercial - ProjetoPack<\/title>\n<meta name=\"description\" content=\"As empresas Etirama e Flint Group NW anunciaram uma alian\u00e7a comercial para o mercado brasileiro e demais pa\u00edses da Am\u00e9rica Latina. A Flint Group NW passa a se a fornecedora oficial das tintas de provas das m\u00e1quinas Etirama.\" \/>\n<meta name=\"robots\" content=\"index, follow, max-snippet:-1, max-image-preview:large, max-video-preview:-1\" \/>\n<link rel=\"canonical\" href=\"https:\/\/projetopack.com.br\/en\/etirama-e-flint-group-anunciam-parceria-comercial\/\" \/>\n<meta property=\"og:locale\" content=\"en_US\" \/>\n<meta property=\"og:type\" content=\"article\" \/>\n<meta property=\"og:title\" content=\"Etirama e Flint Group anunciam parceria comercial\" \/>\n<meta property=\"og:description\" content=\"As empresas Etirama e Flint Group NW anunciaram uma alian\u00e7a comercial para o mercado brasileiro e demais pa\u00edses da Am\u00e9rica Latina. A Flint Group NW passa a se a fornecedora oficial das tintas de provas das m\u00e1quinas Etirama.\" \/>\n<meta property=\"og:url\" content=\"https:\/\/projetopack.com.br\/en\/etirama-e-flint-group-anunciam-parceria-comercial\/\" \/>\n<meta property=\"og:site_name\" content=\"ProjetoPack\" \/>\n<meta property=\"article:published_time\" content=\"2020-08-03T19:22:48+00:00\" \/>\n<meta property=\"article:modified_time\" content=\"2020-08-03T19:22:50+00:00\" \/>\n<meta property=\"og:image\" content=\"https:\/\/projetopack.com.br\/wp-content\/uploads\/2020\/08\/Etirama-Flint.jpg\" \/>\n\t<meta property=\"og:image:width\" content=\"670\" \/>\n\t<meta property=\"og:image:height\" content=\"670\" \/>\n\t<meta property=\"og:image:type\" content=\"image\/jpeg\" \/>\n<meta name=\"author\" content=\"Andrea\" \/>\n<meta name=\"twitter:card\" content=\"summary_large_image\" \/>\n<meta name=\"twitter:creator\" content=\"@ProjetoPack\" \/>\n<meta name=\"twitter:site\" content=\"@ProjetoPack\" \/>\n<meta name=\"twitter:label1\" content=\"Written by\" \/>\n\t<meta name=\"twitter:data1\" content=\"Andrea\" \/>\n\t<meta name=\"twitter:label2\" content=\"Est. reading time\" \/>\n\t<meta name=\"twitter:data2\" content=\"1 minute\" \/>\n<script type=\"application\/ld+json\" class=\"yoast-schema-graph\">{\"@context\":\"https:\/\/schema.org\",\"@graph\":[{\"@type\":\"Article\",\"@id\":\"https:\/\/projetopack.com.br\/en\/etirama-e-flint-group-anunciam-parceria-comercial\/#article\",\"isPartOf\":{\"@id\":\"https:\/\/projetopack.com.br\/en\/etirama-e-flint-group-anunciam-parceria-comercial\/\"},\"author\":{\"name\":\"Andrea\",\"@id\":\"https:\/\/projetopack.com.br\/#\/schema\/person\/d17c72a4bc2b7e461496dd8a14d4cef1\"},\"headline\":\"Etirama e Flint Group anunciam parceria comercial\",\"datePublished\":\"2020-08-03T19:22:48+00:00\",\"dateModified\":\"2020-08-03T19:22:50+00:00\",\"mainEntityOfPage\":{\"@id\":\"https:\/\/projetopack.com.br\/en\/etirama-e-flint-group-anunciam-parceria-comercial\/\"},\"wordCount\":176,\"commentCount\":0,\"publisher\":{\"@id\":\"https:\/\/projetopack.com.br\/#organization\"},\"image\":{\"@id\":\"https:\/\/projetopack.com.br\/en\/etirama-e-flint-group-anunciam-parceria-comercial\/#primaryimage\"},\"thumbnailUrl\":\"https:\/\/projetopack.com.br\/wp-content\/uploads\/2020\/08\/Etirama-Flint.jpg\",\"keywords\":[\"Etirama\",\"Flint Group\"],\"articleSection\":[\"Lan\u00e7amentos\"],\"inLanguage\":\"en-US\",\"potentialAction\":[{\"@type\":\"CommentAction\",\"name\":\"Comment\",\"target\":[\"https:\/\/projetopack.com.br\/en\/etirama-e-flint-group-anunciam-parceria-comercial\/#respond\"]}]},{\"@type\":\"WebPage\",\"@id\":\"https:\/\/projetopack.com.br\/en\/etirama-e-flint-group-anunciam-parceria-comercial\/\",\"url\":\"https:\/\/projetopack.com.br\/en\/etirama-e-flint-group-anunciam-parceria-comercial\/\",\"name\":\"Etirama e Flint Group anunciam parceria comercial - ProjetoPack\",\"isPartOf\":{\"@id\":\"https:\/\/projetopack.com.br\/#website\"},\"primaryImageOfPage\":{\"@id\":\"https:\/\/projetopack.com.br\/en\/etirama-e-flint-group-anunciam-parceria-comercial\/#primaryimage\"},\"image\":{\"@id\":\"https:\/\/projetopack.com.br\/en\/etirama-e-flint-group-anunciam-parceria-comercial\/#primaryimage\"},\"thumbnailUrl\":\"https:\/\/projetopack.com.br\/wp-content\/uploads\/2020\/08\/Etirama-Flint.jpg\",\"datePublished\":\"2020-08-03T19:22:48+00:00\",\"dateModified\":\"2020-08-03T19:22:50+00:00\",\"description\":\"As empresas Etirama e Flint Group NW anunciaram uma alian\u00e7a comercial para o mercado brasileiro e demais pa\u00edses da Am\u00e9rica Latina. A Flint Group NW passa a se a fornecedora oficial das tintas de provas das m\u00e1quinas Etirama.\",\"breadcrumb\":{\"@id\":\"https:\/\/projetopack.com.br\/en\/etirama-e-flint-group-anunciam-parceria-comercial\/#breadcrumb\"},\"inLanguage\":\"en-US\",\"potentialAction\":[{\"@type\":\"ReadAction\",\"target\":[\"https:\/\/projetopack.com.br\/en\/etirama-e-flint-group-anunciam-parceria-comercial\/\"]}]},{\"@type\":\"ImageObject\",\"inLanguage\":\"en-US\",\"@id\":\"https:\/\/projetopack.com.br\/en\/etirama-e-flint-group-anunciam-parceria-comercial\/#primaryimage\",\"url\":\"https:\/\/projetopack.com.br\/wp-content\/uploads\/2020\/08\/Etirama-Flint.jpg\",\"contentUrl\":\"https:\/\/projetopack.com.br\/wp-content\/uploads\/2020\/08\/Etirama-Flint.jpg\",\"width\":670,\"height\":670},{\"@type\":\"BreadcrumbList\",\"@id\":\"https:\/\/projetopack.com.br\/en\/etirama-e-flint-group-anunciam-parceria-comercial\/#breadcrumb\",\"itemListElement\":[{\"@type\":\"ListItem\",\"position\":1,\"name\":\"P\u00e1gina Inicial\",\"item\":\"https:\/\/projetopack.com.br\/\"},{\"@type\":\"ListItem\",\"position\":2,\"name\":\"Lan\u00e7amentos\",\"item\":\"https:\/\/projetopack.com.br\/category\/lancamentos\/\"},{\"@type\":\"ListItem\",\"position\":3,\"name\":\"Etirama e Flint Group anunciam parceria comercial\"}]},{\"@type\":\"WebSite\",\"@id\":\"https:\/\/projetopack.com.br\/#website\",\"url\":\"https:\/\/projetopack.com.br\/\",\"name\":\"ProjetoPack\",\"description\":\"Consultoria e servi\u00e7os para embalagens, r\u00f3tulos, etiquetas e processos de impress\u00e3o\",\"publisher\":{\"@id\":\"https:\/\/projetopack.com.br\/#organization\"},\"potentialAction\":[{\"@type\":\"SearchAction\",\"target\":{\"@type\":\"EntryPoint\",\"urlTemplate\":\"https:\/\/projetopack.com.br\/?s={search_term_string}\"},\"query-input\":{\"@type\":\"PropertyValueSpecification\",\"valueRequired\":true,\"valueName\":\"search_term_string\"}}],\"inLanguage\":\"en-US\"},{\"@type\":\"Organization\",\"@id\":\"https:\/\/projetopack.com.br\/#organization\",\"name\":\"ProjetoPack & Associados\",\"url\":\"https:\/\/projetopack.com.br\/\",\"logo\":{\"@type\":\"ImageObject\",\"inLanguage\":\"en-US\",\"@id\":\"https:\/\/projetopack.com.br\/#\/schema\/logo\/image\/\",\"url\":\"https:\/\/projetopack.com.br\/wp-content\/uploads\/2020\/09\/projetopack.png\",\"contentUrl\":\"https:\/\/projetopack.com.br\/wp-content\/uploads\/2020\/09\/projetopack.png\",\"width\":200,\"height\":200,\"caption\":\"ProjetoPack & Associados\"},\"image\":{\"@id\":\"https:\/\/projetopack.com.br\/#\/schema\/logo\/image\/\"},\"sameAs\":[\"https:\/\/x.com\/ProjetoPack\",\"https:\/\/www.linkedin.com\/company\/projetopack\/\"]},{\"@type\":\"Person\",\"@id\":\"https:\/\/projetopack.com.br\/#\/schema\/person\/d17c72a4bc2b7e461496dd8a14d4cef1\",\"name\":\"Andrea\",\"image\":{\"@type\":\"ImageObject\",\"inLanguage\":\"en-US\",\"@id\":\"https:\/\/projetopack.com.br\/#\/schema\/person\/image\/\",\"url\":\"https:\/\/projetopack.com.br\/wp-content\/uploads\/2026\/03\/eu-150x150.jpg\",\"contentUrl\":\"https:\/\/projetopack.com.br\/wp-content\/uploads\/2026\/03\/eu-150x150.jpg\",\"caption\":\"Andrea\"},\"url\":\"https:\/\/projetopack.com.br\/en\/author\/andrea\/\"}]}<\/script>\n<!-- \/ Yoast SEO Premium plugin. -->","yoast_head_json":{"title":"Etirama e Flint Group anunciam parceria comercial - ProjetoPack","description":"As empresas Etirama e Flint Group NW anunciaram uma alian\u00e7a comercial para o mercado brasileiro e demais pa\u00edses da Am\u00e9rica Latina. A Flint Group NW passa a se a fornecedora oficial das tintas de provas das m\u00e1quinas Etirama.","robots":{"index":"index","follow":"follow","max-snippet":"max-snippet:-1","max-image-preview":"max-image-preview:large","max-video-preview":"max-video-preview:-1"},"canonical":"https:\/\/projetopack.com.br\/en\/etirama-e-flint-group-anunciam-parceria-comercial\/","og_locale":"en_US","og_type":"article","og_title":"Etirama e Flint Group anunciam parceria comercial","og_description":"As empresas Etirama e Flint Group NW anunciaram uma alian\u00e7a comercial para o mercado brasileiro e demais pa\u00edses da Am\u00e9rica Latina. A Flint Group NW passa a se a fornecedora oficial das tintas de provas das m\u00e1quinas Etirama.","og_url":"https:\/\/projetopack.com.br\/en\/etirama-e-flint-group-anunciam-parceria-comercial\/","og_site_name":"ProjetoPack","article_published_time":"2020-08-03T19:22:48+00:00","article_modified_time":"2020-08-03T19:22:50+00:00","og_image":[{"width":670,"height":670,"url":"https:\/\/projetopack.com.br\/wp-content\/uploads\/2020\/08\/Etirama-Flint.jpg","type":"image\/jpeg"}],"author":"Andrea","twitter_card":"summary_large_image","twitter_creator":"@ProjetoPack","twitter_site":"@ProjetoPack","twitter_misc":{"Written by":"Andrea","Est. reading time":"1 minute"},"schema":{"@context":"https:\/\/schema.org","@graph":[{"@type":"Article","@id":"https:\/\/projetopack.com.br\/en\/etirama-e-flint-group-anunciam-parceria-comercial\/#article","isPartOf":{"@id":"https:\/\/projetopack.com.br\/en\/etirama-e-flint-group-anunciam-parceria-comercial\/"},"author":{"name":"Andrea","@id":"https:\/\/projetopack.com.br\/#\/schema\/person\/d17c72a4bc2b7e461496dd8a14d4cef1"},"headline":"Etirama e Flint Group anunciam parceria comercial","datePublished":"2020-08-03T19:22:48+00:00","dateModified":"2020-08-03T19:22:50+00:00","mainEntityOfPage":{"@id":"https:\/\/projetopack.com.br\/en\/etirama-e-flint-group-anunciam-parceria-comercial\/"},"wordCount":176,"commentCount":0,"publisher":{"@id":"https:\/\/projetopack.com.br\/#organization"},"image":{"@id":"https:\/\/projetopack.com.br\/en\/etirama-e-flint-group-anunciam-parceria-comercial\/#primaryimage"},"thumbnailUrl":"https:\/\/projetopack.com.br\/wp-content\/uploads\/2020\/08\/Etirama-Flint.jpg","keywords":["Etirama","Flint Group"],"articleSection":["Lan\u00e7amentos"],"inLanguage":"en-US","potentialAction":[{"@type":"CommentAction","name":"Comment","target":["https:\/\/projetopack.com.br\/en\/etirama-e-flint-group-anunciam-parceria-comercial\/#respond"]}]},{"@type":"WebPage","@id":"https:\/\/projetopack.com.br\/en\/etirama-e-flint-group-anunciam-parceria-comercial\/","url":"https:\/\/projetopack.com.br\/en\/etirama-e-flint-group-anunciam-parceria-comercial\/","name":"Etirama e Flint Group anunciam parceria comercial - ProjetoPack","isPartOf":{"@id":"https:\/\/projetopack.com.br\/#website"},"primaryImageOfPage":{"@id":"https:\/\/projetopack.com.br\/en\/etirama-e-flint-group-anunciam-parceria-comercial\/#primaryimage"},"image":{"@id":"https:\/\/projetopack.com.br\/en\/etirama-e-flint-group-anunciam-parceria-comercial\/#primaryimage"},"thumbnailUrl":"https:\/\/projetopack.com.br\/wp-content\/uploads\/2020\/08\/Etirama-Flint.jpg","datePublished":"2020-08-03T19:22:48+00:00","dateModified":"2020-08-03T19:22:50+00:00","description":"As empresas Etirama e Flint Group NW anunciaram uma alian\u00e7a comercial para o mercado brasileiro e demais pa\u00edses da Am\u00e9rica Latina. A Flint Group NW passa a se a fornecedora oficial das tintas de provas das m\u00e1quinas Etirama.","breadcrumb":{"@id":"https:\/\/projetopack.com.br\/en\/etirama-e-flint-group-anunciam-parceria-comercial\/#breadcrumb"},"inLanguage":"en-US","potentialAction":[{"@type":"ReadAction","target":["https:\/\/projetopack.com.br\/en\/etirama-e-flint-group-anunciam-parceria-comercial\/"]}]},{"@type":"ImageObject","inLanguage":"en-US","@id":"https:\/\/projetopack.com.br\/en\/etirama-e-flint-group-anunciam-parceria-comercial\/#primaryimage","url":"https:\/\/projetopack.com.br\/wp-content\/uploads\/2020\/08\/Etirama-Flint.jpg","contentUrl":"https:\/\/projetopack.com.br\/wp-content\/uploads\/2020\/08\/Etirama-Flint.jpg","width":670,"height":670},{"@type":"BreadcrumbList","@id":"https:\/\/projetopack.com.br\/en\/etirama-e-flint-group-anunciam-parceria-comercial\/#breadcrumb","itemListElement":[{"@type":"ListItem","position":1,"name":"P\u00e1gina Inicial","item":"https:\/\/projetopack.com.br\/"},{"@type":"ListItem","position":2,"name":"Lan\u00e7amentos","item":"https:\/\/projetopack.com.br\/category\/lancamentos\/"},{"@type":"ListItem","position":3,"name":"Etirama e Flint Group anunciam parceria comercial"}]},{"@type":"WebSite","@id":"https:\/\/projetopack.com.br\/#website","url":"https:\/\/projetopack.com.br\/","name":"ProjetoPack","description":"Consultoria e servi\u00e7os para embalagens, r\u00f3tulos, etiquetas e processos de impress\u00e3o","publisher":{"@id":"https:\/\/projetopack.com.br\/#organization"},"potentialAction":[{"@type":"SearchAction","target":{"@type":"EntryPoint","urlTemplate":"https:\/\/projetopack.com.br\/?s={search_term_string}"},"query-input":{"@type":"PropertyValueSpecification","valueRequired":true,"valueName":"search_term_string"}}],"inLanguage":"en-US"},{"@type":"Organization","@id":"https:\/\/projetopack.com.br\/#organization","name":"ProjetoPack & Associados","url":"https:\/\/projetopack.com.br\/","logo":{"@type":"ImageObject","inLanguage":"en-US","@id":"https:\/\/projetopack.com.br\/#\/schema\/logo\/image\/","url":"https:\/\/projetopack.com.br\/wp-content\/uploads\/2020\/09\/projetopack.png","contentUrl":"https:\/\/projetopack.com.br\/wp-content\/uploads\/2020\/09\/projetopack.png","width":200,"height":200,"caption":"ProjetoPack & Associados"},"image":{"@id":"https:\/\/projetopack.com.br\/#\/schema\/logo\/image\/"},"sameAs":["https:\/\/x.com\/ProjetoPack","https:\/\/www.linkedin.com\/company\/projetopack\/"]},{"@type":"Person","@id":"https:\/\/projetopack.com.br\/#\/schema\/person\/d17c72a4bc2b7e461496dd8a14d4cef1","name":"Andrea","image":{"@type":"ImageObject","inLanguage":"en-US","@id":"https:\/\/projetopack.com.br\/#\/schema\/person\/image\/","url":"https:\/\/projetopack.com.br\/wp-content\/uploads\/2026\/03\/eu-150x150.jpg","contentUrl":"https:\/\/projetopack.com.br\/wp-content\/uploads\/2026\/03\/eu-150x150.jpg","caption":"Andrea"},"url":"https:\/\/projetopack.com.br\/en\/author\/andrea\/"}]}},"_links":{"self":[{"href":"https:\/\/projetopack.com.br\/en\/wp-json\/wp\/v2\/posts\/6745","targetHints":{"allow":["GET"]}}],"collection":[{"href":"https:\/\/projetopack.com.br\/en\/wp-json\/wp\/v2\/posts"}],"about":[{"href":"https:\/\/projetopack.com.br\/en\/wp-json\/wp\/v2\/types\/post"}],"author":[{"embeddable":true,"href":"https:\/\/projetopack.com.br\/en\/wp-json\/wp\/v2\/users\/18"}],"replies":[{"embeddable":true,"href":"https:\/\/projetopack.com.br\/en\/wp-json\/wp\/v2\/comments?post=6745"}],"version-history":[{"count":0,"href":"https:\/\/projetopack.com.br\/en\/wp-json\/wp\/v2\/posts\/6745\/revisions"}],"wp:featuredmedia":[{"embeddable":true,"href":"https:\/\/projetopack.com.br\/en\/wp-json\/wp\/v2\/media\/6748"}],"wp:attachment":[{"href":"https:\/\/projetopack.com.br\/en\/wp-json\/wp\/v2\/media?parent=6745"}],"wp:term":[{"taxonomy":"category","embeddable":true,"href":"https:\/\/projetopack.com.br\/en\/wp-json\/wp\/v2\/categories?post=6745"},{"taxonomy":"post_tag","embeddable":true,"href":"https:\/\/projetopack.com.br\/en\/wp-json\/wp\/v2\/tags?post=6745"}],"curies":[{"name":"wp","href":"https:\/\/api.w.org\/{rel}","templated":true}]}}