{"id":6814,"date":"2020-08-07T14:53:29","date_gmt":"2020-08-07T17:53:29","guid":{"rendered":"https:\/\/www.projetopack.com.br\/?p=6814"},"modified":"2020-08-07T14:53:31","modified_gmt":"2020-08-07T17:53:31","slug":"comexi-anuncia-projetos-para-novo-centro-tecnologico-em-miami","status":"publish","type":"post","link":"https:\/\/projetopack.com.br\/en\/comexi-anuncia-projetos-para-novo-centro-tecnologico-em-miami\/","title":{"rendered":"Comexi anuncia projetos para novo centro tecnol\u00f3gico em Miami"},"content":{"rendered":"<p><br>A Comexi, especialista em solu\u00e7\u00f5es para a ind\u00fastria de impress\u00e3o e convers\u00e3o de embalagens flex\u00edveis anunciou projetos para a constru\u00e7\u00e3o de um novo Centro Tecnol\u00f3gico (CTec) na nova sede da companhia, em Miami &#8211; Estados Unidos. Com 1400m\u00b2, o centro contar\u00e1 com um grande estoque de pe\u00e7as de reposi\u00e7\u00e3o e deve estar finalizado em meados de novembro deste ano.<\/p>\n\n\n\n<p><br>Os clientes e parceiros da Comexi poder\u00e3o realizar, no CTec USA, forma\u00e7\u00e3o especializada em flexografia, lamina\u00e7\u00e3o, corte, manuten\u00e7\u00e3o de equipamentos, gest\u00e3o de cores e processos de pr\u00e9-impress\u00e3o. O centro permitir\u00e1 ainda aos clientes testar materiais utilizando as m\u00e1quinas dispon\u00edveis no centro tecnol\u00f3gico.<\/p>\n\n\n\n<figure class=\"wp-block-pullquote\"><blockquote><p><br>&#8220;O CTec Manel Xifra Boada est\u00e1 totalmente integrado com nossas instala\u00e7\u00f5es em Riudellots de la Selva. Acreditamos que \u00e9 hora de avan\u00e7armos com nosso terceiro CTec, com o objetivo de prover nossos clientes com forma\u00e7\u00e3o t\u00e9cnica e suporte nos neg\u00f3cios de impress\u00e3o e convers\u00e3o de embalagens flex\u00edveis. Gra\u00e7as ao CTec USA, poderemos dar respostas mais \u00e1geis e eficazes aos nossos clientes americanos&#8221;, explica Albert L\u00f3pez, respons\u00e1vel pelo Comexi CTec.<\/p><\/blockquote><\/figure>\n\n\n\n<p><br>Assim que estiver pronto, o centro contar\u00e1 com uma laminadora sem solventes SL2, uma cortadora banda larga S2 DT e uma impressora flexogr\u00e1fica h\u00edbrida 10 cores F2 MP. A primeira turma a ser formada no centro ser\u00e1 no quarto trimestre de 2020, num curso de tr\u00eas dias sobre gerenciamento de cores. O curso ter\u00e1 sess\u00f5es pr\u00e1ticas e te\u00f3ricas sobre o controle de processos baseado em medi\u00e7\u00f5es, implanta\u00e7\u00e3o de gama expandida, gest\u00e3o de cores e controle de qualidade. No segundo trimestre de 2021, ocorrer\u00e1 uma turma de lamina\u00e7\u00e3o e corte; as inscri\u00e7\u00f5es para ambas se dar\u00e3o online.<\/p>\n\n\n\n<p><br>Segundo Olof Buelens, VP e diretor da Comexi North America, a nova sede e o CTec em Miami s\u00e3o um investimento significativo por parte da Comexi para ampliar os servi\u00e7os aos clientes da regi\u00e3o. A pr\u00f3pria cria\u00e7\u00e3o de um centro de reposi\u00e7\u00e3o de pe\u00e7as ajudar\u00e1 muito os usu\u00e1rios Comexi nos EUA e Canad\u00e1, al\u00e9m do suporte 24h aos 7 dias da semana.<\/p>\n\n\n\n<p><\/p>\n\n\n\n<p><\/p>\n\n\n\n<figure class=\"wp-block-image size-large\"><img fetchpriority=\"high\" decoding=\"async\" width=\"1024\" height=\"1024\" src=\"https:\/\/projetopack.com.br\/wp-content\/uploads\/2020\/08\/image-4-1024x1024.png\" alt=\"\" class=\"wp-image-6818\" srcset=\"https:\/\/projetopack.com.br\/wp-content\/uploads\/2020\/08\/image-4-1024x1024.png 1024w, https:\/\/projetopack.com.br\/wp-content\/uploads\/2020\/08\/image-4-100x100.png 100w, https:\/\/projetopack.com.br\/wp-content\/uploads\/2020\/08\/image-4-300x300.png 300w, https:\/\/projetopack.com.br\/wp-content\/uploads\/2020\/08\/image-4-150x150.png 150w, https:\/\/projetopack.com.br\/wp-content\/uploads\/2020\/08\/image-4-1536x1536.png 1536w, https:\/\/projetopack.com.br\/wp-content\/uploads\/2020\/08\/image-4-2048x2048.png 2048w, https:\/\/projetopack.com.br\/wp-content\/uploads\/2020\/08\/image-4-600x600.png 600w\" sizes=\"(max-width: 1024px) 100vw, 1024px\" \/><\/figure>\n\n\n\n<p><\/p>\n\n\n\n<figure class=\"wp-block-image size-large\"><img decoding=\"async\" width=\"1024\" height=\"1024\" src=\"https:\/\/projetopack.com.br\/wp-content\/uploads\/2020\/08\/image-2-1024x1024.png\" alt=\"\" class=\"wp-image-6816\" srcset=\"https:\/\/projetopack.com.br\/wp-content\/uploads\/2020\/08\/image-2-1024x1024.png 1024w, https:\/\/projetopack.com.br\/wp-content\/uploads\/2020\/08\/image-2-100x100.png 100w, https:\/\/projetopack.com.br\/wp-content\/uploads\/2020\/08\/image-2-300x300.png 300w, https:\/\/projetopack.com.br\/wp-content\/uploads\/2020\/08\/image-2-150x150.png 150w, https:\/\/projetopack.com.br\/wp-content\/uploads\/2020\/08\/image-2-1536x1536.png 1536w, https:\/\/projetopack.com.br\/wp-content\/uploads\/2020\/08\/image-2-2048x2048.png 2048w, https:\/\/projetopack.com.br\/wp-content\/uploads\/2020\/08\/image-2-600x600.png 600w\" sizes=\"(max-width: 1024px) 100vw, 1024px\" \/><\/figure>\n\n\n\n<p><\/p>\n\n\n\n<figure class=\"wp-block-image size-large\"><img decoding=\"async\" width=\"1024\" height=\"1024\" src=\"https:\/\/projetopack.com.br\/wp-content\/uploads\/2020\/08\/image-3-1024x1024.png\" alt=\"\" class=\"wp-image-6817\" srcset=\"https:\/\/projetopack.com.br\/wp-content\/uploads\/2020\/08\/image-3-1024x1024.png 1024w, https:\/\/projetopack.com.br\/wp-content\/uploads\/2020\/08\/image-3-100x100.png 100w, https:\/\/projetopack.com.br\/wp-content\/uploads\/2020\/08\/image-3-300x300.png 300w, https:\/\/projetopack.com.br\/wp-content\/uploads\/2020\/08\/image-3-150x150.png 150w, https:\/\/projetopack.com.br\/wp-content\/uploads\/2020\/08\/image-3-1536x1536.png 1536w, https:\/\/projetopack.com.br\/wp-content\/uploads\/2020\/08\/image-3-2048x2048.png 2048w, https:\/\/projetopack.com.br\/wp-content\/uploads\/2020\/08\/image-3-600x600.png 600w\" sizes=\"(max-width: 1024px) 100vw, 1024px\" \/><\/figure>\n\n\n\n<p><\/p>\n\n\n\n<figure class=\"wp-block-image size-large\"><img loading=\"lazy\" decoding=\"async\" width=\"1024\" height=\"1024\" src=\"https:\/\/projetopack.com.br\/wp-content\/uploads\/2020\/08\/image-1-1024x1024.png\" alt=\"\" class=\"wp-image-6815\" srcset=\"https:\/\/projetopack.com.br\/wp-content\/uploads\/2020\/08\/image-1-1024x1024.png 1024w, https:\/\/projetopack.com.br\/wp-content\/uploads\/2020\/08\/image-1-100x100.png 100w, https:\/\/projetopack.com.br\/wp-content\/uploads\/2020\/08\/image-1-300x300.png 300w, https:\/\/projetopack.com.br\/wp-content\/uploads\/2020\/08\/image-1-150x150.png 150w, https:\/\/projetopack.com.br\/wp-content\/uploads\/2020\/08\/image-1-1536x1536.png 1536w, https:\/\/projetopack.com.br\/wp-content\/uploads\/2020\/08\/image-1-2048x2048.png 2048w, https:\/\/projetopack.com.br\/wp-content\/uploads\/2020\/08\/image-1-600x600.png 600w\" sizes=\"(max-width: 1024px) 100vw, 1024px\" \/><\/figure>\n\n\n\n<figure class=\"wp-block-image size-large\"><img loading=\"lazy\" decoding=\"async\" width=\"1024\" height=\"1024\" src=\"https:\/\/projetopack.com.br\/wp-content\/uploads\/2020\/08\/image-5-1024x1024.png\" alt=\"\" class=\"wp-image-6819\" srcset=\"https:\/\/projetopack.com.br\/wp-content\/uploads\/2020\/08\/image-5-1024x1024.png 1024w, https:\/\/projetopack.com.br\/wp-content\/uploads\/2020\/08\/image-5-100x100.png 100w, https:\/\/projetopack.com.br\/wp-content\/uploads\/2020\/08\/image-5-300x300.png 300w, https:\/\/projetopack.com.br\/wp-content\/uploads\/2020\/08\/image-5-150x150.png 150w, https:\/\/projetopack.com.br\/wp-content\/uploads\/2020\/08\/image-5-1536x1536.png 1536w, https:\/\/projetopack.com.br\/wp-content\/uploads\/2020\/08\/image-5-2048x2048.png 2048w, https:\/\/projetopack.com.br\/wp-content\/uploads\/2020\/08\/image-5-600x600.png 600w\" sizes=\"(max-width: 1024px) 100vw, 1024px\" \/><\/figure>\n\n\n\n<p><\/p>\n\n\n\n<p><br>Maiores informa\u00e7\u00f5es podem ser obtidas no site da companhia, em <a href=\"http:\/\/www.comexi.com\">http:\/\/www.comexi.com<\/a>.<\/p>","protected":false},"excerpt":{"rendered":"<p>A Comexi, especialista em solu\u00e7\u00f5es para a ind\u00fastria de impress\u00e3o e convers\u00e3o de embalagens flex\u00edveis anunciou projetos para a constru\u00e7\u00e3o de um novo Centro Tecnol\u00f3gico (CTec) na nova sede da companhia, em Miami &#8211; Estados Unidos. Com 1400m\u00b2, o centro contar\u00e1 com um grande estoque de pe\u00e7as de reposi\u00e7\u00e3o e deve estar finalizado em meados de novembro deste ano.<\/p>","protected":false},"author":18,"featured_media":3048,"comment_status":"open","ping_status":"closed","sticky":false,"template":"","format":"standard","meta":{"footnotes":""},"categories":[458],"tags":[43],"class_list":["post-6814","post","type-post","status-publish","format-standard","has-post-thumbnail","hentry","category-lancamentos","tag-comexi"],"yoast_head":"<!-- This site is optimized with the Yoast SEO Premium plugin v27.1 (Yoast SEO v27.1.1) - https:\/\/yoast.com\/product\/yoast-seo-premium-wordpress\/ -->\n<title>Comexi anuncia projetos para novo centro tecnol\u00f3gico em Miami - ProjetoPack<\/title>\n<meta name=\"description\" content=\"A Comexi, especialista em solu\u00e7\u00f5es para a ind\u00fastria de impress\u00e3o e convers\u00e3o de embalagens flex\u00edveis anunciou projetos para a constru\u00e7\u00e3o de um novo Centro Tecnol\u00f3gico (CTec) na nova sede da companhia, em Miami - Estados Unidos. Com 1400m\u00b2, o centro contar\u00e1 com um grande estoque de pe\u00e7as de reposi\u00e7\u00e3o e deve estar finalizado em meados de novembro deste ano.\" \/>\n<meta name=\"robots\" content=\"index, follow, max-snippet:-1, max-image-preview:large, max-video-preview:-1\" \/>\n<link rel=\"canonical\" href=\"https:\/\/projetopack.com.br\/en\/comexi-anuncia-projetos-para-novo-centro-tecnologico-em-miami\/\" \/>\n<meta property=\"og:locale\" content=\"en_US\" \/>\n<meta property=\"og:type\" content=\"article\" \/>\n<meta property=\"og:title\" content=\"Comexi anuncia projetos para novo centro tecnol\u00f3gico em Miami\" \/>\n<meta property=\"og:description\" content=\"A Comexi, especialista em solu\u00e7\u00f5es para a ind\u00fastria de impress\u00e3o e convers\u00e3o de embalagens flex\u00edveis anunciou projetos para a constru\u00e7\u00e3o de um novo Centro Tecnol\u00f3gico (CTec) na nova sede da companhia, em Miami - Estados Unidos. Com 1400m\u00b2, o centro contar\u00e1 com um grande estoque de pe\u00e7as de reposi\u00e7\u00e3o e deve estar finalizado em meados de novembro deste ano.\" \/>\n<meta property=\"og:url\" content=\"https:\/\/projetopack.com.br\/en\/comexi-anuncia-projetos-para-novo-centro-tecnologico-em-miami\/\" \/>\n<meta property=\"og:site_name\" content=\"ProjetoPack\" \/>\n<meta property=\"article:published_time\" content=\"2020-08-07T17:53:29+00:00\" \/>\n<meta property=\"article:modified_time\" content=\"2020-08-07T17:53:31+00:00\" \/>\n<meta property=\"og:image\" content=\"https:\/\/projetopack.com.br\/wp-content\/uploads\/2018\/06\/comexi-group.jpg\" \/>\n\t<meta property=\"og:image:width\" content=\"900\" \/>\n\t<meta property=\"og:image:height\" content=\"250\" \/>\n\t<meta property=\"og:image:type\" content=\"image\/jpeg\" \/>\n<meta name=\"author\" content=\"Andrea\" \/>\n<meta name=\"twitter:card\" content=\"summary_large_image\" \/>\n<meta name=\"twitter:creator\" content=\"@ProjetoPack\" \/>\n<meta name=\"twitter:site\" content=\"@ProjetoPack\" \/>\n<meta name=\"twitter:label1\" content=\"Written by\" \/>\n\t<meta name=\"twitter:data1\" content=\"Andrea\" \/>\n\t<meta name=\"twitter:label2\" content=\"Est. reading time\" \/>\n\t<meta name=\"twitter:data2\" content=\"2 minutes\" \/>\n<script type=\"application\/ld+json\" class=\"yoast-schema-graph\">{\"@context\":\"https:\/\/schema.org\",\"@graph\":[{\"@type\":\"Article\",\"@id\":\"https:\/\/projetopack.com.br\/en\/comexi-anuncia-projetos-para-novo-centro-tecnologico-em-miami\/#article\",\"isPartOf\":{\"@id\":\"https:\/\/projetopack.com.br\/en\/comexi-anuncia-projetos-para-novo-centro-tecnologico-em-miami\/\"},\"author\":{\"name\":\"Andrea\",\"@id\":\"https:\/\/projetopack.com.br\/#\/schema\/person\/d17c72a4bc2b7e461496dd8a14d4cef1\"},\"headline\":\"Comexi anuncia projetos para novo centro tecnol\u00f3gico em Miami\",\"datePublished\":\"2020-08-07T17:53:29+00:00\",\"dateModified\":\"2020-08-07T17:53:31+00:00\",\"mainEntityOfPage\":{\"@id\":\"https:\/\/projetopack.com.br\/en\/comexi-anuncia-projetos-para-novo-centro-tecnologico-em-miami\/\"},\"wordCount\":399,\"commentCount\":0,\"publisher\":{\"@id\":\"https:\/\/projetopack.com.br\/#organization\"},\"image\":{\"@id\":\"https:\/\/projetopack.com.br\/en\/comexi-anuncia-projetos-para-novo-centro-tecnologico-em-miami\/#primaryimage\"},\"thumbnailUrl\":\"https:\/\/projetopack.com.br\/wp-content\/uploads\/2018\/06\/comexi-group.jpg\",\"keywords\":[\"Comexi\"],\"articleSection\":[\"Lan\u00e7amentos\"],\"inLanguage\":\"en-US\",\"potentialAction\":[{\"@type\":\"CommentAction\",\"name\":\"Comment\",\"target\":[\"https:\/\/projetopack.com.br\/en\/comexi-anuncia-projetos-para-novo-centro-tecnologico-em-miami\/#respond\"]}]},{\"@type\":\"WebPage\",\"@id\":\"https:\/\/projetopack.com.br\/en\/comexi-anuncia-projetos-para-novo-centro-tecnologico-em-miami\/\",\"url\":\"https:\/\/projetopack.com.br\/en\/comexi-anuncia-projetos-para-novo-centro-tecnologico-em-miami\/\",\"name\":\"Comexi anuncia projetos para novo centro tecnol\u00f3gico em Miami - ProjetoPack\",\"isPartOf\":{\"@id\":\"https:\/\/projetopack.com.br\/#website\"},\"primaryImageOfPage\":{\"@id\":\"https:\/\/projetopack.com.br\/en\/comexi-anuncia-projetos-para-novo-centro-tecnologico-em-miami\/#primaryimage\"},\"image\":{\"@id\":\"https:\/\/projetopack.com.br\/en\/comexi-anuncia-projetos-para-novo-centro-tecnologico-em-miami\/#primaryimage\"},\"thumbnailUrl\":\"https:\/\/projetopack.com.br\/wp-content\/uploads\/2018\/06\/comexi-group.jpg\",\"datePublished\":\"2020-08-07T17:53:29+00:00\",\"dateModified\":\"2020-08-07T17:53:31+00:00\",\"description\":\"A Comexi, especialista em solu\u00e7\u00f5es para a ind\u00fastria de impress\u00e3o e convers\u00e3o de embalagens flex\u00edveis anunciou projetos para a constru\u00e7\u00e3o de um novo Centro Tecnol\u00f3gico (CTec) na nova sede da companhia, em Miami - Estados Unidos. Com 1400m\u00b2, o centro contar\u00e1 com um grande estoque de pe\u00e7as de reposi\u00e7\u00e3o e deve estar finalizado em meados de novembro deste ano.\",\"breadcrumb\":{\"@id\":\"https:\/\/projetopack.com.br\/en\/comexi-anuncia-projetos-para-novo-centro-tecnologico-em-miami\/#breadcrumb\"},\"inLanguage\":\"en-US\",\"potentialAction\":[{\"@type\":\"ReadAction\",\"target\":[\"https:\/\/projetopack.com.br\/en\/comexi-anuncia-projetos-para-novo-centro-tecnologico-em-miami\/\"]}]},{\"@type\":\"ImageObject\",\"inLanguage\":\"en-US\",\"@id\":\"https:\/\/projetopack.com.br\/en\/comexi-anuncia-projetos-para-novo-centro-tecnologico-em-miami\/#primaryimage\",\"url\":\"https:\/\/projetopack.com.br\/wp-content\/uploads\/2018\/06\/comexi-group.jpg\",\"contentUrl\":\"https:\/\/projetopack.com.br\/wp-content\/uploads\/2018\/06\/comexi-group.jpg\",\"width\":900,\"height\":250},{\"@type\":\"BreadcrumbList\",\"@id\":\"https:\/\/projetopack.com.br\/en\/comexi-anuncia-projetos-para-novo-centro-tecnologico-em-miami\/#breadcrumb\",\"itemListElement\":[{\"@type\":\"ListItem\",\"position\":1,\"name\":\"P\u00e1gina Inicial\",\"item\":\"https:\/\/projetopack.com.br\/\"},{\"@type\":\"ListItem\",\"position\":2,\"name\":\"Lan\u00e7amentos\",\"item\":\"https:\/\/projetopack.com.br\/category\/lancamentos\/\"},{\"@type\":\"ListItem\",\"position\":3,\"name\":\"Comexi anuncia projetos para novo centro tecnol\u00f3gico em Miami\"}]},{\"@type\":\"WebSite\",\"@id\":\"https:\/\/projetopack.com.br\/#website\",\"url\":\"https:\/\/projetopack.com.br\/\",\"name\":\"ProjetoPack\",\"description\":\"Consultoria e servi\u00e7os para embalagens, r\u00f3tulos, etiquetas e processos de impress\u00e3o\",\"publisher\":{\"@id\":\"https:\/\/projetopack.com.br\/#organization\"},\"potentialAction\":[{\"@type\":\"SearchAction\",\"target\":{\"@type\":\"EntryPoint\",\"urlTemplate\":\"https:\/\/projetopack.com.br\/?s={search_term_string}\"},\"query-input\":{\"@type\":\"PropertyValueSpecification\",\"valueRequired\":true,\"valueName\":\"search_term_string\"}}],\"inLanguage\":\"en-US\"},{\"@type\":\"Organization\",\"@id\":\"https:\/\/projetopack.com.br\/#organization\",\"name\":\"ProjetoPack & Associados\",\"url\":\"https:\/\/projetopack.com.br\/\",\"logo\":{\"@type\":\"ImageObject\",\"inLanguage\":\"en-US\",\"@id\":\"https:\/\/projetopack.com.br\/#\/schema\/logo\/image\/\",\"url\":\"https:\/\/projetopack.com.br\/wp-content\/uploads\/2020\/09\/projetopack.png\",\"contentUrl\":\"https:\/\/projetopack.com.br\/wp-content\/uploads\/2020\/09\/projetopack.png\",\"width\":200,\"height\":200,\"caption\":\"ProjetoPack & Associados\"},\"image\":{\"@id\":\"https:\/\/projetopack.com.br\/#\/schema\/logo\/image\/\"},\"sameAs\":[\"https:\/\/x.com\/ProjetoPack\",\"https:\/\/www.linkedin.com\/company\/projetopack\/\"]},{\"@type\":\"Person\",\"@id\":\"https:\/\/projetopack.com.br\/#\/schema\/person\/d17c72a4bc2b7e461496dd8a14d4cef1\",\"name\":\"Andrea\",\"image\":{\"@type\":\"ImageObject\",\"inLanguage\":\"en-US\",\"@id\":\"https:\/\/projetopack.com.br\/#\/schema\/person\/image\/\",\"url\":\"https:\/\/projetopack.com.br\/wp-content\/uploads\/2026\/03\/eu-150x150.jpg\",\"contentUrl\":\"https:\/\/projetopack.com.br\/wp-content\/uploads\/2026\/03\/eu-150x150.jpg\",\"caption\":\"Andrea\"},\"url\":\"https:\/\/projetopack.com.br\/en\/author\/andrea\/\"}]}<\/script>\n<!-- \/ Yoast SEO Premium plugin. -->","yoast_head_json":{"title":"Comexi anuncia projetos para novo centro tecnol\u00f3gico em Miami - ProjetoPack","description":"A Comexi, especialista em solu\u00e7\u00f5es para a ind\u00fastria de impress\u00e3o e convers\u00e3o de embalagens flex\u00edveis anunciou projetos para a constru\u00e7\u00e3o de um novo Centro Tecnol\u00f3gico (CTec) na nova sede da companhia, em Miami - Estados Unidos. Com 1400m\u00b2, o centro contar\u00e1 com um grande estoque de pe\u00e7as de reposi\u00e7\u00e3o e deve estar finalizado em meados de novembro deste ano.","robots":{"index":"index","follow":"follow","max-snippet":"max-snippet:-1","max-image-preview":"max-image-preview:large","max-video-preview":"max-video-preview:-1"},"canonical":"https:\/\/projetopack.com.br\/en\/comexi-anuncia-projetos-para-novo-centro-tecnologico-em-miami\/","og_locale":"en_US","og_type":"article","og_title":"Comexi anuncia projetos para novo centro tecnol\u00f3gico em Miami","og_description":"A Comexi, especialista em solu\u00e7\u00f5es para a ind\u00fastria de impress\u00e3o e convers\u00e3o de embalagens flex\u00edveis anunciou projetos para a constru\u00e7\u00e3o de um novo Centro Tecnol\u00f3gico (CTec) na nova sede da companhia, em Miami - Estados Unidos. Com 1400m\u00b2, o centro contar\u00e1 com um grande estoque de pe\u00e7as de reposi\u00e7\u00e3o e deve estar finalizado em meados de novembro deste ano.","og_url":"https:\/\/projetopack.com.br\/en\/comexi-anuncia-projetos-para-novo-centro-tecnologico-em-miami\/","og_site_name":"ProjetoPack","article_published_time":"2020-08-07T17:53:29+00:00","article_modified_time":"2020-08-07T17:53:31+00:00","og_image":[{"width":900,"height":250,"url":"https:\/\/projetopack.com.br\/wp-content\/uploads\/2018\/06\/comexi-group.jpg","type":"image\/jpeg"}],"author":"Andrea","twitter_card":"summary_large_image","twitter_creator":"@ProjetoPack","twitter_site":"@ProjetoPack","twitter_misc":{"Written by":"Andrea","Est. reading time":"2 minutes"},"schema":{"@context":"https:\/\/schema.org","@graph":[{"@type":"Article","@id":"https:\/\/projetopack.com.br\/en\/comexi-anuncia-projetos-para-novo-centro-tecnologico-em-miami\/#article","isPartOf":{"@id":"https:\/\/projetopack.com.br\/en\/comexi-anuncia-projetos-para-novo-centro-tecnologico-em-miami\/"},"author":{"name":"Andrea","@id":"https:\/\/projetopack.com.br\/#\/schema\/person\/d17c72a4bc2b7e461496dd8a14d4cef1"},"headline":"Comexi anuncia projetos para novo centro tecnol\u00f3gico em Miami","datePublished":"2020-08-07T17:53:29+00:00","dateModified":"2020-08-07T17:53:31+00:00","mainEntityOfPage":{"@id":"https:\/\/projetopack.com.br\/en\/comexi-anuncia-projetos-para-novo-centro-tecnologico-em-miami\/"},"wordCount":399,"commentCount":0,"publisher":{"@id":"https:\/\/projetopack.com.br\/#organization"},"image":{"@id":"https:\/\/projetopack.com.br\/en\/comexi-anuncia-projetos-para-novo-centro-tecnologico-em-miami\/#primaryimage"},"thumbnailUrl":"https:\/\/projetopack.com.br\/wp-content\/uploads\/2018\/06\/comexi-group.jpg","keywords":["Comexi"],"articleSection":["Lan\u00e7amentos"],"inLanguage":"en-US","potentialAction":[{"@type":"CommentAction","name":"Comment","target":["https:\/\/projetopack.com.br\/en\/comexi-anuncia-projetos-para-novo-centro-tecnologico-em-miami\/#respond"]}]},{"@type":"WebPage","@id":"https:\/\/projetopack.com.br\/en\/comexi-anuncia-projetos-para-novo-centro-tecnologico-em-miami\/","url":"https:\/\/projetopack.com.br\/en\/comexi-anuncia-projetos-para-novo-centro-tecnologico-em-miami\/","name":"Comexi anuncia projetos para novo centro tecnol\u00f3gico em Miami - ProjetoPack","isPartOf":{"@id":"https:\/\/projetopack.com.br\/#website"},"primaryImageOfPage":{"@id":"https:\/\/projetopack.com.br\/en\/comexi-anuncia-projetos-para-novo-centro-tecnologico-em-miami\/#primaryimage"},"image":{"@id":"https:\/\/projetopack.com.br\/en\/comexi-anuncia-projetos-para-novo-centro-tecnologico-em-miami\/#primaryimage"},"thumbnailUrl":"https:\/\/projetopack.com.br\/wp-content\/uploads\/2018\/06\/comexi-group.jpg","datePublished":"2020-08-07T17:53:29+00:00","dateModified":"2020-08-07T17:53:31+00:00","description":"A Comexi, especialista em solu\u00e7\u00f5es para a ind\u00fastria de impress\u00e3o e convers\u00e3o de embalagens flex\u00edveis anunciou projetos para a constru\u00e7\u00e3o de um novo Centro Tecnol\u00f3gico (CTec) na nova sede da companhia, em Miami - Estados Unidos. Com 1400m\u00b2, o centro contar\u00e1 com um grande estoque de pe\u00e7as de reposi\u00e7\u00e3o e deve estar finalizado em meados de novembro deste ano.","breadcrumb":{"@id":"https:\/\/projetopack.com.br\/en\/comexi-anuncia-projetos-para-novo-centro-tecnologico-em-miami\/#breadcrumb"},"inLanguage":"en-US","potentialAction":[{"@type":"ReadAction","target":["https:\/\/projetopack.com.br\/en\/comexi-anuncia-projetos-para-novo-centro-tecnologico-em-miami\/"]}]},{"@type":"ImageObject","inLanguage":"en-US","@id":"https:\/\/projetopack.com.br\/en\/comexi-anuncia-projetos-para-novo-centro-tecnologico-em-miami\/#primaryimage","url":"https:\/\/projetopack.com.br\/wp-content\/uploads\/2018\/06\/comexi-group.jpg","contentUrl":"https:\/\/projetopack.com.br\/wp-content\/uploads\/2018\/06\/comexi-group.jpg","width":900,"height":250},{"@type":"BreadcrumbList","@id":"https:\/\/projetopack.com.br\/en\/comexi-anuncia-projetos-para-novo-centro-tecnologico-em-miami\/#breadcrumb","itemListElement":[{"@type":"ListItem","position":1,"name":"P\u00e1gina Inicial","item":"https:\/\/projetopack.com.br\/"},{"@type":"ListItem","position":2,"name":"Lan\u00e7amentos","item":"https:\/\/projetopack.com.br\/category\/lancamentos\/"},{"@type":"ListItem","position":3,"name":"Comexi anuncia projetos para novo centro tecnol\u00f3gico em Miami"}]},{"@type":"WebSite","@id":"https:\/\/projetopack.com.br\/#website","url":"https:\/\/projetopack.com.br\/","name":"ProjetoPack","description":"Consultoria e servi\u00e7os para embalagens, r\u00f3tulos, etiquetas e processos de impress\u00e3o","publisher":{"@id":"https:\/\/projetopack.com.br\/#organization"},"potentialAction":[{"@type":"SearchAction","target":{"@type":"EntryPoint","urlTemplate":"https:\/\/projetopack.com.br\/?s={search_term_string}"},"query-input":{"@type":"PropertyValueSpecification","valueRequired":true,"valueName":"search_term_string"}}],"inLanguage":"en-US"},{"@type":"Organization","@id":"https:\/\/projetopack.com.br\/#organization","name":"ProjetoPack & Associados","url":"https:\/\/projetopack.com.br\/","logo":{"@type":"ImageObject","inLanguage":"en-US","@id":"https:\/\/projetopack.com.br\/#\/schema\/logo\/image\/","url":"https:\/\/projetopack.com.br\/wp-content\/uploads\/2020\/09\/projetopack.png","contentUrl":"https:\/\/projetopack.com.br\/wp-content\/uploads\/2020\/09\/projetopack.png","width":200,"height":200,"caption":"ProjetoPack & Associados"},"image":{"@id":"https:\/\/projetopack.com.br\/#\/schema\/logo\/image\/"},"sameAs":["https:\/\/x.com\/ProjetoPack","https:\/\/www.linkedin.com\/company\/projetopack\/"]},{"@type":"Person","@id":"https:\/\/projetopack.com.br\/#\/schema\/person\/d17c72a4bc2b7e461496dd8a14d4cef1","name":"Andrea","image":{"@type":"ImageObject","inLanguage":"en-US","@id":"https:\/\/projetopack.com.br\/#\/schema\/person\/image\/","url":"https:\/\/projetopack.com.br\/wp-content\/uploads\/2026\/03\/eu-150x150.jpg","contentUrl":"https:\/\/projetopack.com.br\/wp-content\/uploads\/2026\/03\/eu-150x150.jpg","caption":"Andrea"},"url":"https:\/\/projetopack.com.br\/en\/author\/andrea\/"}]}},"_links":{"self":[{"href":"https:\/\/projetopack.com.br\/en\/wp-json\/wp\/v2\/posts\/6814","targetHints":{"allow":["GET"]}}],"collection":[{"href":"https:\/\/projetopack.com.br\/en\/wp-json\/wp\/v2\/posts"}],"about":[{"href":"https:\/\/projetopack.com.br\/en\/wp-json\/wp\/v2\/types\/post"}],"author":[{"embeddable":true,"href":"https:\/\/projetopack.com.br\/en\/wp-json\/wp\/v2\/users\/18"}],"replies":[{"embeddable":true,"href":"https:\/\/projetopack.com.br\/en\/wp-json\/wp\/v2\/comments?post=6814"}],"version-history":[{"count":0,"href":"https:\/\/projetopack.com.br\/en\/wp-json\/wp\/v2\/posts\/6814\/revisions"}],"wp:featuredmedia":[{"embeddable":true,"href":"https:\/\/projetopack.com.br\/en\/wp-json\/wp\/v2\/media\/3048"}],"wp:attachment":[{"href":"https:\/\/projetopack.com.br\/en\/wp-json\/wp\/v2\/media?parent=6814"}],"wp:term":[{"taxonomy":"category","embeddable":true,"href":"https:\/\/projetopack.com.br\/en\/wp-json\/wp\/v2\/categories?post=6814"},{"taxonomy":"post_tag","embeddable":true,"href":"https:\/\/projetopack.com.br\/en\/wp-json\/wp\/v2\/tags?post=6814"}],"curies":[{"name":"wp","href":"https:\/\/api.w.org\/{rel}","templated":true}]}}