{"id":7013,"date":"2020-08-25T13:38:03","date_gmt":"2020-08-25T16:38:03","guid":{"rendered":"https:\/\/www.projetopack.com.br\/?p=7013"},"modified":"2020-08-25T13:38:04","modified_gmt":"2020-08-25T16:38:04","slug":"sr-embalagens-aumenta-produtividade-com-a-nova-impressora-flexografica-comexi-f3","status":"publish","type":"post","link":"https:\/\/projetopack.com.br\/en\/sr-embalagens-aumenta-produtividade-com-a-nova-impressora-flexografica-comexi-f3\/","title":{"rendered":"SR Embalagens aumenta produtividade com a nova impressora flexogr\u00e1fica Comexi F3"},"content":{"rendered":"<p><strong>Este acordo refor\u00e7a a forte parceria entre as duas empresas. A m\u00e1quina foi instalada na f\u00e1brica que a SR Embalagens possui em Barretos (S\u00e3o Paulo)<\/strong><\/p>\n\n\n\n<p>A Comexi, fornecedora global de solu\u00e7\u00f5es para o setor de impress\u00e3o e convers\u00e3o de embalagens flex\u00edveis, e a SR Embalagens, uma das empresas brasileiras l\u00edderes no setor de embalagens flex\u00edveis, refor\u00e7aram seu relacionamento ap\u00f3s a instala\u00e7\u00e3o de uma impressora flexogr\u00e1fica Comexi F3 na f\u00e1brica da SR Embalagens em Barretos (S\u00e3o Paulo). Como resultado deste contrato, a SR Embalagens aumentou sua produtividade. A empresa brasileira decidiu adquirir a impressora flexogr\u00e1fica Comexi F3 de 8 cores por diferentes raz\u00f5es, como tempo de entrega reduzido, tempo de comercializa\u00e7\u00e3o not\u00e1vel, robustez e confiabilidade. Al\u00e9m disso, esta m\u00e1quina oferece recursos adicionais e qualidade de impress\u00e3o excepcional, al\u00e9m de ser altamente competitiva em termos de custos de produ\u00e7\u00e3o. A Comexi F3 inclui sistemas eletr\u00f4nicos de ponta para impress\u00e3o de alta qualidade em diferentes substratos, de filmes pl\u00e1sticos a estruturas de papel ou laminadas.<\/p>\n\n\n\n<p>A SR Embalagens procurava uma impressora flexogr\u00e1fica que garantisse que seus clientes recebessem a melhor qualidade. &#8220;A economia brasileira foi retomada, por isso \u00e9 muito importante estarmos preparados e oferecer aos nossos clientes as melhores solu\u00e7\u00f5es. Por isso confiamos na Comexi\u201d, afirma o CEO da SR Embalagens, Sergio Cameiro. Consequentemente, a Comexi mant\u00e9m contato permanente com os operadores da SR Embalagens, realizando manuten\u00e7\u00e3o preventiva em seu estoque atual de m\u00e1quinas.<\/p>\n\n\n\n<p>Fundada em 1979, a SR Embalagens fabrica embalagens pl\u00e1sticas flex\u00edveis para os mais diversos setores comerciais e industriais. Foi uma das primeiras ind\u00fastrias a se estabelecer em Barretos e atualmente \u00e9 uma das maiores empresas do Brasil. Enraizada em uma s\u00f3lida estrutura organizacional, dividida em quatro divis\u00f5es de unidades de neg\u00f3cios, a empresa est\u00e1 sediada em Barretos e est\u00e1 sempre em busca de avan\u00e7os cont\u00ednuos. Atualmente, a SR Embalagens est\u00e1 focada no processo de reciclagem e extrus\u00e3o de filmes individuais em rela\u00e7\u00e3o a novas unidades.<\/p>\n\n\n\n<p>O atendimento e a assist\u00eancia ao cliente s\u00e3o os principais fatores que contribuem para que a Comexi seja uma empresa l\u00edder no mercado brasileiro. A Comexi oferece assist\u00eancia t\u00e9cnica imediata 24 horas por dia, 7 dias por semana, treinamentos, programas de manuten\u00e7\u00e3o, consultoria e limpeza de pe\u00e7as de reposi\u00e7\u00e3o, para ajudar os clientes a otimizar a produtividade e a qualidade de seus equipamentos.<\/p>\n\n\n\n<p>&#8220;Essa instala\u00e7\u00e3o refor\u00e7a a parceria estrat\u00e9gica e s\u00f3lida que a SR Embalagens e a Comexi mant\u00eam h\u00e1 muitos anos&#8221;, diz Andr\u00e9 Perez, gerente de vendas da Comexi no Brasil. A nova impressora flexogr\u00e1fica Comexi F3 foi incorporada \u00e0 planta de produ\u00e7\u00e3o de Barretos, melhorando e expandindo a SR Embalagens. Esta \u00e9 a terceira impressora flexogr\u00e1fica Comexi adquirida pela empresa brasileira.<\/p>\n\n\n\n<p>O CEO da Comexi no Brasil, Marc Boadas, destaca que em 2019, o grupo superou o n\u00famero de vendas de impressoras no pa\u00eds sul-americano. \u201cFoi um ano excelente, com um aumento significativo nos neg\u00f3cios e na participa\u00e7\u00e3o de mercado. Nossas vendas gerais cresceram aproximadamente 35%\u201d, enfatiza.<\/p>\n\n\n\n<p>Com o apoio e o uso de altos padr\u00f5es, conforme descrito na sede da Comexi, o grupo alcan\u00e7ou resultados hist\u00f3ricos: det\u00e9m mais de 80% da participa\u00e7\u00e3o no mercado brasileiro de impress\u00e3o. Os n\u00fameros para 2020 indicam que a Comexi Brasil espera exceder seu crescimento em 2019, com o objetivo de um aumento adicional de 60%. Al\u00e9m disso, dentro dos pr\u00f3ximos dois anos, a empresa pretende lan\u00e7ar tr\u00eas novas impressoras, al\u00e9m de criar um centro de servi\u00e7os e pe\u00e7as, a fim de fornecer um servi\u00e7o pr\u00f3ximo aos seus clientes sul-americanos.<\/p>\n\n\n\n<p>Comexi, com mais de 60 anos de experi\u00eancia no setor, oferece um alto n\u00edvel de servi\u00e7o t\u00e9cnico especializado e proximidade, al\u00e9m de inova\u00e7\u00e3o tecnol\u00f3gica. A impress\u00e3o flexogr\u00e1fica \u00e9 o principal neg\u00f3cio da empresa, que se tornou um dos principais fabricantes mundiais de impressoras flexogr\u00e1ficas de tambor central para pequenas, m\u00e9dias e longas tiragens. Al\u00e9m disso, as impressoras Comexi se adaptam aos requisitos mais exigentes do mercado.<\/p>\n\n\n\n<figure class=\"wp-block-image size-large\"><img fetchpriority=\"high\" decoding=\"async\" width=\"1024\" height=\"576\" src=\"https:\/\/projetopack.com.br\/wp-content\/uploads\/2020\/08\/Comexi-SR-Embalagens-1024x576.jpg\" alt=\"\" class=\"wp-image-7014\" srcset=\"https:\/\/projetopack.com.br\/wp-content\/uploads\/2020\/08\/Comexi-SR-Embalagens-1024x576.jpg 1024w, https:\/\/projetopack.com.br\/wp-content\/uploads\/2020\/08\/Comexi-SR-Embalagens-300x169.jpg 300w, https:\/\/projetopack.com.br\/wp-content\/uploads\/2020\/08\/Comexi-SR-Embalagens-600x338.jpg 600w, https:\/\/projetopack.com.br\/wp-content\/uploads\/2020\/08\/Comexi-SR-Embalagens-768x432.jpg 768w, https:\/\/projetopack.com.br\/wp-content\/uploads\/2020\/08\/Comexi-SR-Embalagens.jpg 1280w\" sizes=\"(max-width: 1024px) 100vw, 1024px\" \/><\/figure>\n\n\n\n<p><\/p>\n\n\n\n<p><\/p>\n\n\n\n<p><\/p>\n\n\n\n<p><strong>FONTE:<\/strong><\/p>\n\n\n\n<p class=\"has-background has-very-light-gray-background-color\">COMEXI<\/p>\n\n\n\n<h6 class=\"wp-block-heading\"><strong>Para mais informa\u00e7\u00f5es:<\/strong><\/h6>\n\n\n\n<p class=\"has-small-font-size\">Jes\u00fas Navarro \u2013 (+34) 677 489 237 \u2013 <a href=\"mailto:jesusnavarro@playbrand.info\">jesusnavarro@playbrand.info<\/a><\/p>\n\n\n\n<p class=\"has-small-font-size\">Gemma Bessa \u2013 (+34) 972 477 744 \u2013 <a href=\"mailto:gemma.bessa@comexi.com\">gemma.bessa@comexi.com<\/a><\/p>\n\n\n\n<p><\/p>","protected":false},"excerpt":{"rendered":"<p>A Comexi, fornecedora global de solu\u00e7\u00f5es para o setor de impress\u00e3o e convers\u00e3o de embalagens flex\u00edveis, e a SR Embalagens, uma das empresas brasileiras l\u00edderes no setor de embalagens flex\u00edveis, refor\u00e7aram seu relacionamento ap\u00f3s a instala\u00e7\u00e3o de uma impressora flexogr\u00e1fica Comexi F3 na f\u00e1brica da SR Embalagens em Barretos (S\u00e3o Paulo).<\/p>","protected":false},"author":18,"featured_media":3048,"comment_status":"open","ping_status":"closed","sticky":false,"template":"","format":"standard","meta":{"footnotes":""},"categories":[458],"tags":[43,487],"class_list":["post-7013","post","type-post","status-publish","format-standard","has-post-thumbnail","hentry","category-lancamentos","tag-comexi","tag-sr-embalagens"],"yoast_head":"<!-- This site is optimized with the Yoast SEO Premium plugin v27.1 (Yoast SEO v27.1.1) - https:\/\/yoast.com\/product\/yoast-seo-premium-wordpress\/ -->\n<title>SR Embalagens aumenta produtividade com a nova impressora flexogr\u00e1fica Comexi F3 - ProjetoPack<\/title>\n<meta name=\"description\" content=\"A Comexi, fornecedora global de solu\u00e7\u00f5es para o setor de impress\u00e3o e convers\u00e3o de embalagens flex\u00edveis, e a SR Embalagens, uma das empresas brasileiras l\u00edderes no setor de embalagens flex\u00edveis, refor\u00e7aram seu relacionamento ap\u00f3s a instala\u00e7\u00e3o de uma impressora flexogr\u00e1fica Comexi F3 na f\u00e1brica da SR Embalagens em Barretos (S\u00e3o Paulo).\" \/>\n<meta name=\"robots\" content=\"index, follow, max-snippet:-1, max-image-preview:large, max-video-preview:-1\" \/>\n<link rel=\"canonical\" href=\"https:\/\/projetopack.com.br\/en\/sr-embalagens-aumenta-produtividade-com-a-nova-impressora-flexografica-comexi-f3\/\" \/>\n<meta property=\"og:locale\" content=\"en_US\" \/>\n<meta property=\"og:type\" content=\"article\" \/>\n<meta property=\"og:title\" content=\"SR Embalagens aumenta produtividade com a nova impressora flexogr\u00e1fica Comexi F3\" \/>\n<meta property=\"og:description\" content=\"A Comexi, fornecedora global de solu\u00e7\u00f5es para o setor de impress\u00e3o e convers\u00e3o de embalagens flex\u00edveis, e a SR Embalagens, uma das empresas brasileiras l\u00edderes no setor de embalagens flex\u00edveis, refor\u00e7aram seu relacionamento ap\u00f3s a instala\u00e7\u00e3o de uma impressora flexogr\u00e1fica Comexi F3 na f\u00e1brica da SR Embalagens em Barretos (S\u00e3o Paulo).\" \/>\n<meta property=\"og:url\" content=\"https:\/\/projetopack.com.br\/en\/sr-embalagens-aumenta-produtividade-com-a-nova-impressora-flexografica-comexi-f3\/\" \/>\n<meta property=\"og:site_name\" content=\"ProjetoPack\" \/>\n<meta property=\"article:published_time\" content=\"2020-08-25T16:38:03+00:00\" \/>\n<meta property=\"article:modified_time\" content=\"2020-08-25T16:38:04+00:00\" \/>\n<meta property=\"og:image\" content=\"https:\/\/projetopack.com.br\/wp-content\/uploads\/2018\/06\/comexi-group.jpg\" \/>\n\t<meta property=\"og:image:width\" content=\"900\" \/>\n\t<meta property=\"og:image:height\" content=\"250\" \/>\n\t<meta property=\"og:image:type\" content=\"image\/jpeg\" \/>\n<meta name=\"author\" content=\"Andrea\" \/>\n<meta name=\"twitter:card\" content=\"summary_large_image\" \/>\n<meta name=\"twitter:creator\" content=\"@ProjetoPack\" \/>\n<meta name=\"twitter:site\" content=\"@ProjetoPack\" \/>\n<meta name=\"twitter:label1\" content=\"Written by\" \/>\n\t<meta name=\"twitter:data1\" content=\"Andrea\" \/>\n\t<meta name=\"twitter:label2\" content=\"Est. reading time\" \/>\n\t<meta name=\"twitter:data2\" content=\"4 minutes\" \/>\n<script type=\"application\/ld+json\" class=\"yoast-schema-graph\">{\"@context\":\"https:\/\/schema.org\",\"@graph\":[{\"@type\":\"Article\",\"@id\":\"https:\/\/projetopack.com.br\/sr-embalagens-aumenta-produtividade-com-a-nova-impressora-flexografica-comexi-f3\/#article\",\"isPartOf\":{\"@id\":\"https:\/\/projetopack.com.br\/sr-embalagens-aumenta-produtividade-com-a-nova-impressora-flexografica-comexi-f3\/\"},\"author\":{\"name\":\"Andrea\",\"@id\":\"https:\/\/projetopack.com.br\/#\/schema\/person\/d17c72a4bc2b7e461496dd8a14d4cef1\"},\"headline\":\"SR Embalagens aumenta produtividade com a nova impressora flexogr\u00e1fica Comexi F3\",\"datePublished\":\"2020-08-25T16:38:03+00:00\",\"dateModified\":\"2020-08-25T16:38:04+00:00\",\"mainEntityOfPage\":{\"@id\":\"https:\/\/projetopack.com.br\/sr-embalagens-aumenta-produtividade-com-a-nova-impressora-flexografica-comexi-f3\/\"},\"wordCount\":747,\"commentCount\":0,\"publisher\":{\"@id\":\"https:\/\/projetopack.com.br\/#organization\"},\"image\":{\"@id\":\"https:\/\/projetopack.com.br\/sr-embalagens-aumenta-produtividade-com-a-nova-impressora-flexografica-comexi-f3\/#primaryimage\"},\"thumbnailUrl\":\"https:\/\/projetopack.com.br\/wp-content\/uploads\/2018\/06\/comexi-group.jpg\",\"keywords\":[\"Comexi\",\"SR Embalagens\"],\"articleSection\":[\"Lan\u00e7amentos\"],\"inLanguage\":\"en-US\",\"potentialAction\":[{\"@type\":\"CommentAction\",\"name\":\"Comment\",\"target\":[\"https:\/\/projetopack.com.br\/sr-embalagens-aumenta-produtividade-com-a-nova-impressora-flexografica-comexi-f3\/#respond\"]}]},{\"@type\":\"WebPage\",\"@id\":\"https:\/\/projetopack.com.br\/sr-embalagens-aumenta-produtividade-com-a-nova-impressora-flexografica-comexi-f3\/\",\"url\":\"https:\/\/projetopack.com.br\/sr-embalagens-aumenta-produtividade-com-a-nova-impressora-flexografica-comexi-f3\/\",\"name\":\"SR Embalagens aumenta produtividade com a nova impressora flexogr\u00e1fica Comexi F3 - ProjetoPack\",\"isPartOf\":{\"@id\":\"https:\/\/projetopack.com.br\/#website\"},\"primaryImageOfPage\":{\"@id\":\"https:\/\/projetopack.com.br\/sr-embalagens-aumenta-produtividade-com-a-nova-impressora-flexografica-comexi-f3\/#primaryimage\"},\"image\":{\"@id\":\"https:\/\/projetopack.com.br\/sr-embalagens-aumenta-produtividade-com-a-nova-impressora-flexografica-comexi-f3\/#primaryimage\"},\"thumbnailUrl\":\"https:\/\/projetopack.com.br\/wp-content\/uploads\/2018\/06\/comexi-group.jpg\",\"datePublished\":\"2020-08-25T16:38:03+00:00\",\"dateModified\":\"2020-08-25T16:38:04+00:00\",\"description\":\"A Comexi, fornecedora global de solu\u00e7\u00f5es para o setor de impress\u00e3o e convers\u00e3o de embalagens flex\u00edveis, e a SR Embalagens, uma das empresas brasileiras l\u00edderes no setor de embalagens flex\u00edveis, refor\u00e7aram seu relacionamento ap\u00f3s a instala\u00e7\u00e3o de uma impressora flexogr\u00e1fica Comexi F3 na f\u00e1brica da SR Embalagens em Barretos (S\u00e3o Paulo).\",\"breadcrumb\":{\"@id\":\"https:\/\/projetopack.com.br\/sr-embalagens-aumenta-produtividade-com-a-nova-impressora-flexografica-comexi-f3\/#breadcrumb\"},\"inLanguage\":\"en-US\",\"potentialAction\":[{\"@type\":\"ReadAction\",\"target\":[\"https:\/\/projetopack.com.br\/sr-embalagens-aumenta-produtividade-com-a-nova-impressora-flexografica-comexi-f3\/\"]}]},{\"@type\":\"ImageObject\",\"inLanguage\":\"en-US\",\"@id\":\"https:\/\/projetopack.com.br\/sr-embalagens-aumenta-produtividade-com-a-nova-impressora-flexografica-comexi-f3\/#primaryimage\",\"url\":\"https:\/\/projetopack.com.br\/wp-content\/uploads\/2018\/06\/comexi-group.jpg\",\"contentUrl\":\"https:\/\/projetopack.com.br\/wp-content\/uploads\/2018\/06\/comexi-group.jpg\",\"width\":900,\"height\":250},{\"@type\":\"BreadcrumbList\",\"@id\":\"https:\/\/projetopack.com.br\/sr-embalagens-aumenta-produtividade-com-a-nova-impressora-flexografica-comexi-f3\/#breadcrumb\",\"itemListElement\":[{\"@type\":\"ListItem\",\"position\":1,\"name\":\"P\u00e1gina Inicial\",\"item\":\"https:\/\/projetopack.com.br\/\"},{\"@type\":\"ListItem\",\"position\":2,\"name\":\"Lan\u00e7amentos\",\"item\":\"https:\/\/projetopack.com.br\/category\/lancamentos\/\"},{\"@type\":\"ListItem\",\"position\":3,\"name\":\"SR Embalagens aumenta produtividade com a nova impressora flexogr\u00e1fica Comexi F3\"}]},{\"@type\":\"WebSite\",\"@id\":\"https:\/\/projetopack.com.br\/#website\",\"url\":\"https:\/\/projetopack.com.br\/\",\"name\":\"ProjetoPack\",\"description\":\"Consultoria e servi\u00e7os para embalagens, r\u00f3tulos, etiquetas e processos de impress\u00e3o\",\"publisher\":{\"@id\":\"https:\/\/projetopack.com.br\/#organization\"},\"potentialAction\":[{\"@type\":\"SearchAction\",\"target\":{\"@type\":\"EntryPoint\",\"urlTemplate\":\"https:\/\/projetopack.com.br\/?s={search_term_string}\"},\"query-input\":{\"@type\":\"PropertyValueSpecification\",\"valueRequired\":true,\"valueName\":\"search_term_string\"}}],\"inLanguage\":\"en-US\"},{\"@type\":\"Organization\",\"@id\":\"https:\/\/projetopack.com.br\/#organization\",\"name\":\"ProjetoPack & Associados\",\"url\":\"https:\/\/projetopack.com.br\/\",\"logo\":{\"@type\":\"ImageObject\",\"inLanguage\":\"en-US\",\"@id\":\"https:\/\/projetopack.com.br\/#\/schema\/logo\/image\/\",\"url\":\"https:\/\/projetopack.com.br\/wp-content\/uploads\/2020\/09\/projetopack.png\",\"contentUrl\":\"https:\/\/projetopack.com.br\/wp-content\/uploads\/2020\/09\/projetopack.png\",\"width\":200,\"height\":200,\"caption\":\"ProjetoPack & Associados\"},\"image\":{\"@id\":\"https:\/\/projetopack.com.br\/#\/schema\/logo\/image\/\"},\"sameAs\":[\"https:\/\/x.com\/ProjetoPack\",\"https:\/\/www.linkedin.com\/company\/projetopack\/\"]},{\"@type\":\"Person\",\"@id\":\"https:\/\/projetopack.com.br\/#\/schema\/person\/d17c72a4bc2b7e461496dd8a14d4cef1\",\"name\":\"Andrea\",\"image\":{\"@type\":\"ImageObject\",\"inLanguage\":\"en-US\",\"@id\":\"https:\/\/projetopack.com.br\/#\/schema\/person\/image\/\",\"url\":\"https:\/\/projetopack.com.br\/wp-content\/uploads\/2026\/03\/eu-150x150.jpg\",\"contentUrl\":\"https:\/\/projetopack.com.br\/wp-content\/uploads\/2026\/03\/eu-150x150.jpg\",\"caption\":\"Andrea\"},\"url\":\"https:\/\/projetopack.com.br\/en\/author\/andrea\/\"}]}<\/script>\n<!-- \/ Yoast SEO Premium plugin. -->","yoast_head_json":{"title":"SR Embalagens aumenta produtividade com a nova impressora flexogr\u00e1fica Comexi F3 - ProjetoPack","description":"A Comexi, fornecedora global de solu\u00e7\u00f5es para o setor de impress\u00e3o e convers\u00e3o de embalagens flex\u00edveis, e a SR Embalagens, uma das empresas brasileiras l\u00edderes no setor de embalagens flex\u00edveis, refor\u00e7aram seu relacionamento ap\u00f3s a instala\u00e7\u00e3o de uma impressora flexogr\u00e1fica Comexi F3 na f\u00e1brica da SR Embalagens em Barretos (S\u00e3o Paulo).","robots":{"index":"index","follow":"follow","max-snippet":"max-snippet:-1","max-image-preview":"max-image-preview:large","max-video-preview":"max-video-preview:-1"},"canonical":"https:\/\/projetopack.com.br\/en\/sr-embalagens-aumenta-produtividade-com-a-nova-impressora-flexografica-comexi-f3\/","og_locale":"en_US","og_type":"article","og_title":"SR Embalagens aumenta produtividade com a nova impressora flexogr\u00e1fica Comexi F3","og_description":"A Comexi, fornecedora global de solu\u00e7\u00f5es para o setor de impress\u00e3o e convers\u00e3o de embalagens flex\u00edveis, e a SR Embalagens, uma das empresas brasileiras l\u00edderes no setor de embalagens flex\u00edveis, refor\u00e7aram seu relacionamento ap\u00f3s a instala\u00e7\u00e3o de uma impressora flexogr\u00e1fica Comexi F3 na f\u00e1brica da SR Embalagens em Barretos (S\u00e3o Paulo).","og_url":"https:\/\/projetopack.com.br\/en\/sr-embalagens-aumenta-produtividade-com-a-nova-impressora-flexografica-comexi-f3\/","og_site_name":"ProjetoPack","article_published_time":"2020-08-25T16:38:03+00:00","article_modified_time":"2020-08-25T16:38:04+00:00","og_image":[{"width":900,"height":250,"url":"https:\/\/projetopack.com.br\/wp-content\/uploads\/2018\/06\/comexi-group.jpg","type":"image\/jpeg"}],"author":"Andrea","twitter_card":"summary_large_image","twitter_creator":"@ProjetoPack","twitter_site":"@ProjetoPack","twitter_misc":{"Written by":"Andrea","Est. reading time":"4 minutes"},"schema":{"@context":"https:\/\/schema.org","@graph":[{"@type":"Article","@id":"https:\/\/projetopack.com.br\/sr-embalagens-aumenta-produtividade-com-a-nova-impressora-flexografica-comexi-f3\/#article","isPartOf":{"@id":"https:\/\/projetopack.com.br\/sr-embalagens-aumenta-produtividade-com-a-nova-impressora-flexografica-comexi-f3\/"},"author":{"name":"Andrea","@id":"https:\/\/projetopack.com.br\/#\/schema\/person\/d17c72a4bc2b7e461496dd8a14d4cef1"},"headline":"SR Embalagens aumenta produtividade com a nova impressora flexogr\u00e1fica Comexi F3","datePublished":"2020-08-25T16:38:03+00:00","dateModified":"2020-08-25T16:38:04+00:00","mainEntityOfPage":{"@id":"https:\/\/projetopack.com.br\/sr-embalagens-aumenta-produtividade-com-a-nova-impressora-flexografica-comexi-f3\/"},"wordCount":747,"commentCount":0,"publisher":{"@id":"https:\/\/projetopack.com.br\/#organization"},"image":{"@id":"https:\/\/projetopack.com.br\/sr-embalagens-aumenta-produtividade-com-a-nova-impressora-flexografica-comexi-f3\/#primaryimage"},"thumbnailUrl":"https:\/\/projetopack.com.br\/wp-content\/uploads\/2018\/06\/comexi-group.jpg","keywords":["Comexi","SR Embalagens"],"articleSection":["Lan\u00e7amentos"],"inLanguage":"en-US","potentialAction":[{"@type":"CommentAction","name":"Comment","target":["https:\/\/projetopack.com.br\/sr-embalagens-aumenta-produtividade-com-a-nova-impressora-flexografica-comexi-f3\/#respond"]}]},{"@type":"WebPage","@id":"https:\/\/projetopack.com.br\/sr-embalagens-aumenta-produtividade-com-a-nova-impressora-flexografica-comexi-f3\/","url":"https:\/\/projetopack.com.br\/sr-embalagens-aumenta-produtividade-com-a-nova-impressora-flexografica-comexi-f3\/","name":"SR Embalagens aumenta produtividade com a nova impressora flexogr\u00e1fica Comexi F3 - ProjetoPack","isPartOf":{"@id":"https:\/\/projetopack.com.br\/#website"},"primaryImageOfPage":{"@id":"https:\/\/projetopack.com.br\/sr-embalagens-aumenta-produtividade-com-a-nova-impressora-flexografica-comexi-f3\/#primaryimage"},"image":{"@id":"https:\/\/projetopack.com.br\/sr-embalagens-aumenta-produtividade-com-a-nova-impressora-flexografica-comexi-f3\/#primaryimage"},"thumbnailUrl":"https:\/\/projetopack.com.br\/wp-content\/uploads\/2018\/06\/comexi-group.jpg","datePublished":"2020-08-25T16:38:03+00:00","dateModified":"2020-08-25T16:38:04+00:00","description":"A Comexi, fornecedora global de solu\u00e7\u00f5es para o setor de impress\u00e3o e convers\u00e3o de embalagens flex\u00edveis, e a SR Embalagens, uma das empresas brasileiras l\u00edderes no setor de embalagens flex\u00edveis, refor\u00e7aram seu relacionamento ap\u00f3s a instala\u00e7\u00e3o de uma impressora flexogr\u00e1fica Comexi F3 na f\u00e1brica da SR Embalagens em Barretos (S\u00e3o Paulo).","breadcrumb":{"@id":"https:\/\/projetopack.com.br\/sr-embalagens-aumenta-produtividade-com-a-nova-impressora-flexografica-comexi-f3\/#breadcrumb"},"inLanguage":"en-US","potentialAction":[{"@type":"ReadAction","target":["https:\/\/projetopack.com.br\/sr-embalagens-aumenta-produtividade-com-a-nova-impressora-flexografica-comexi-f3\/"]}]},{"@type":"ImageObject","inLanguage":"en-US","@id":"https:\/\/projetopack.com.br\/sr-embalagens-aumenta-produtividade-com-a-nova-impressora-flexografica-comexi-f3\/#primaryimage","url":"https:\/\/projetopack.com.br\/wp-content\/uploads\/2018\/06\/comexi-group.jpg","contentUrl":"https:\/\/projetopack.com.br\/wp-content\/uploads\/2018\/06\/comexi-group.jpg","width":900,"height":250},{"@type":"BreadcrumbList","@id":"https:\/\/projetopack.com.br\/sr-embalagens-aumenta-produtividade-com-a-nova-impressora-flexografica-comexi-f3\/#breadcrumb","itemListElement":[{"@type":"ListItem","position":1,"name":"P\u00e1gina Inicial","item":"https:\/\/projetopack.com.br\/"},{"@type":"ListItem","position":2,"name":"Lan\u00e7amentos","item":"https:\/\/projetopack.com.br\/category\/lancamentos\/"},{"@type":"ListItem","position":3,"name":"SR Embalagens aumenta produtividade com a nova impressora flexogr\u00e1fica Comexi F3"}]},{"@type":"WebSite","@id":"https:\/\/projetopack.com.br\/#website","url":"https:\/\/projetopack.com.br\/","name":"ProjetoPack","description":"Consultoria e servi\u00e7os para embalagens, r\u00f3tulos, etiquetas e processos de impress\u00e3o","publisher":{"@id":"https:\/\/projetopack.com.br\/#organization"},"potentialAction":[{"@type":"SearchAction","target":{"@type":"EntryPoint","urlTemplate":"https:\/\/projetopack.com.br\/?s={search_term_string}"},"query-input":{"@type":"PropertyValueSpecification","valueRequired":true,"valueName":"search_term_string"}}],"inLanguage":"en-US"},{"@type":"Organization","@id":"https:\/\/projetopack.com.br\/#organization","name":"ProjetoPack & Associados","url":"https:\/\/projetopack.com.br\/","logo":{"@type":"ImageObject","inLanguage":"en-US","@id":"https:\/\/projetopack.com.br\/#\/schema\/logo\/image\/","url":"https:\/\/projetopack.com.br\/wp-content\/uploads\/2020\/09\/projetopack.png","contentUrl":"https:\/\/projetopack.com.br\/wp-content\/uploads\/2020\/09\/projetopack.png","width":200,"height":200,"caption":"ProjetoPack & Associados"},"image":{"@id":"https:\/\/projetopack.com.br\/#\/schema\/logo\/image\/"},"sameAs":["https:\/\/x.com\/ProjetoPack","https:\/\/www.linkedin.com\/company\/projetopack\/"]},{"@type":"Person","@id":"https:\/\/projetopack.com.br\/#\/schema\/person\/d17c72a4bc2b7e461496dd8a14d4cef1","name":"Andrea","image":{"@type":"ImageObject","inLanguage":"en-US","@id":"https:\/\/projetopack.com.br\/#\/schema\/person\/image\/","url":"https:\/\/projetopack.com.br\/wp-content\/uploads\/2026\/03\/eu-150x150.jpg","contentUrl":"https:\/\/projetopack.com.br\/wp-content\/uploads\/2026\/03\/eu-150x150.jpg","caption":"Andrea"},"url":"https:\/\/projetopack.com.br\/en\/author\/andrea\/"}]}},"_links":{"self":[{"href":"https:\/\/projetopack.com.br\/en\/wp-json\/wp\/v2\/posts\/7013","targetHints":{"allow":["GET"]}}],"collection":[{"href":"https:\/\/projetopack.com.br\/en\/wp-json\/wp\/v2\/posts"}],"about":[{"href":"https:\/\/projetopack.com.br\/en\/wp-json\/wp\/v2\/types\/post"}],"author":[{"embeddable":true,"href":"https:\/\/projetopack.com.br\/en\/wp-json\/wp\/v2\/users\/18"}],"replies":[{"embeddable":true,"href":"https:\/\/projetopack.com.br\/en\/wp-json\/wp\/v2\/comments?post=7013"}],"version-history":[{"count":0,"href":"https:\/\/projetopack.com.br\/en\/wp-json\/wp\/v2\/posts\/7013\/revisions"}],"wp:featuredmedia":[{"embeddable":true,"href":"https:\/\/projetopack.com.br\/en\/wp-json\/wp\/v2\/media\/3048"}],"wp:attachment":[{"href":"https:\/\/projetopack.com.br\/en\/wp-json\/wp\/v2\/media?parent=7013"}],"wp:term":[{"taxonomy":"category","embeddable":true,"href":"https:\/\/projetopack.com.br\/en\/wp-json\/wp\/v2\/categories?post=7013"},{"taxonomy":"post_tag","embeddable":true,"href":"https:\/\/projetopack.com.br\/en\/wp-json\/wp\/v2\/tags?post=7013"}],"curies":[{"name":"wp","href":"https:\/\/api.w.org\/{rel}","templated":true}]}}