{"id":7016,"date":"2020-08-25T14:23:40","date_gmt":"2020-08-25T17:23:40","guid":{"rendered":"https:\/\/www.projetopack.com.br\/?p=7016"},"modified":"2020-08-25T14:23:41","modified_gmt":"2020-08-25T17:23:41","slug":"o-perigo-mora-ao-lado-banimento-de-sacolas-plasticas-no-chile","status":"publish","type":"post","link":"https:\/\/projetopack.com.br\/en\/o-perigo-mora-ao-lado-banimento-de-sacolas-plasticas-no-chile\/","title":{"rendered":"O perigo mora ao lado: Banimento de sacolas  pl\u00e1sticas no Chile"},"content":{"rendered":"<figure class=\"wp-block-table\"><table><tbody><tr><td><img decoding=\"async\" width=\"564\" src=\"https:\/\/d335luupugsy2.cloudfront.net\/cms\/files\/47808\/1598017849\/$q7kmb31c0lc\" alt=\"\"> <br><br><br>O perigo mora ao lado&#8230; <br><br>Desde a semana passada, o Chile \u00e9 o primeiro pa\u00eds da Am\u00e9rica Latina a banir completamente as sacolas pl\u00e1sticas descart\u00e1veis dos estabelecimentos comerciais. O processo, que come\u00e7ou em agosto de 2018, tem como principal justificativa evitar que as sacolas poluam bairros, rios e praias. Ou seja, novamente uma quest\u00e3o de educa\u00e7\u00e3o do consumidor recai nas \u2018costas\u2019 da sacola pl\u00e1stica.<br><br> O fato \u00e9 que este epis\u00f3dio acende novamente uma luz de alerta para a situa\u00e7\u00e3o das sacolas no Brasil. Se n\u00e3o nos cuidarmos, poderemos seguir pelo mesmo caminho. Mais uma vez precisamos entender que os fabricantes de sacolas precisam se conscientizar que o futuro deste seu neg\u00f3cio est\u00e1 em suas m\u00e3os. <br><br>Por mais a ABIEF e a ABIPLAST procurem ajudar e lutar pela manuten\u00e7\u00e3o desta ind\u00fastria, perde-se muita for\u00e7a se n\u00e3o h\u00e1 o engajamento de todos. E com isso, o futuro poder\u00e1 ficar ainda mais nebuloso. <br><br>N\u00e3o podemos esperar que \u2018uma luz milagrosa\u2019 resolva esta quest\u00e3o. Devemos estar atentos ao efeito domin\u00f3: se no Chile as sacolas foram banidas, ser\u00e1 que o mesmo n\u00e3o poder\u00e1 acontecer no Brasil? \u00a0J\u00e1 passou da hora de termos um engajamento verdadeiro. N\u00e3o podemos mais esperar que decidam os rumos de nossa ind\u00fastria. Precisamos investir agora em solu\u00e7\u00f5es que garantam a sobreviv\u00eancia dos transformadores de sacolas.<br><br>Se n\u00f3s, transformadores de sacolas, n\u00e3o agirmos e investirmos em a\u00e7\u00f5es que mudem este comportamento, ningu\u00e9m o far\u00e1 por n\u00f3s. <br><br>Pense nisso e junte-se \u00e0 ABIEF na defesa das sacolas pl\u00e1sticas brasileiras! \u00a0<br><br>Rog\u00e9rio Mani <br>Presidente Bi\u00eanio 2019-2021<br><\/td><\/tr><\/tbody><\/table><\/figure>","protected":false},"excerpt":{"rendered":"<p>Desde a semana passada, o Chile \u00e9 o primeiro pa\u00eds da Am\u00e9rica Latina a banir completamente as sacolas pl\u00e1sticas descart\u00e1veis dos estabelecimentos comerciais. <\/p>","protected":false},"author":18,"featured_media":6823,"comment_status":"open","ping_status":"closed","sticky":false,"template":"","format":"standard","meta":{"footnotes":""},"categories":[344],"tags":[393,488],"class_list":["post-7016","post","type-post","status-publish","format-standard","has-post-thumbnail","hentry","category-opiniao","tag-abief","tag-sacolas-plasticas"],"yoast_head":"<!-- This site is optimized with the Yoast SEO Premium plugin v27.1 (Yoast SEO v27.1.1) - https:\/\/yoast.com\/product\/yoast-seo-premium-wordpress\/ -->\n<title>O perigo mora ao lado: Banimento de sacolas pl\u00e1sticas no Chile - ProjetoPack<\/title>\n<meta name=\"description\" content=\"Desde a semana passada, o Chile \u00e9 o primeiro pa\u00eds da Am\u00e9rica Latina a banir completamente as sacolas pl\u00e1sticas descart\u00e1veis dos estabelecimentos comerciais.\" \/>\n<meta name=\"robots\" content=\"index, follow, max-snippet:-1, max-image-preview:large, max-video-preview:-1\" \/>\n<link rel=\"canonical\" href=\"https:\/\/projetopack.com.br\/en\/o-perigo-mora-ao-lado-banimento-de-sacolas-plasticas-no-chile\/\" \/>\n<meta property=\"og:locale\" content=\"en_US\" \/>\n<meta property=\"og:type\" content=\"article\" \/>\n<meta property=\"og:title\" content=\"O perigo mora ao lado: Banimento de sacolas pl\u00e1sticas no Chile\" \/>\n<meta property=\"og:description\" content=\"Desde a semana passada, o Chile \u00e9 o primeiro pa\u00eds da Am\u00e9rica Latina a banir completamente as sacolas pl\u00e1sticas descart\u00e1veis dos estabelecimentos comerciais.\" \/>\n<meta property=\"og:url\" content=\"https:\/\/projetopack.com.br\/en\/o-perigo-mora-ao-lado-banimento-de-sacolas-plasticas-no-chile\/\" \/>\n<meta property=\"og:site_name\" content=\"ProjetoPack\" \/>\n<meta property=\"article:published_time\" content=\"2020-08-25T17:23:40+00:00\" \/>\n<meta property=\"article:modified_time\" content=\"2020-08-25T17:23:41+00:00\" \/>\n<meta property=\"og:image\" content=\"https:\/\/projetopack.com.br\/wp-content\/uploads\/2020\/08\/abief.png\" \/>\n\t<meta property=\"og:image:width\" content=\"225\" \/>\n\t<meta property=\"og:image:height\" content=\"225\" \/>\n\t<meta property=\"og:image:type\" content=\"image\/png\" \/>\n<meta name=\"author\" content=\"Andrea\" \/>\n<meta name=\"twitter:card\" content=\"summary_large_image\" \/>\n<meta name=\"twitter:creator\" content=\"@ProjetoPack\" \/>\n<meta name=\"twitter:site\" content=\"@ProjetoPack\" \/>\n<meta name=\"twitter:label1\" content=\"Written by\" \/>\n\t<meta name=\"twitter:data1\" content=\"Andrea\" \/>\n\t<meta name=\"twitter:label2\" content=\"Est. reading time\" \/>\n\t<meta name=\"twitter:data2\" content=\"1 minute\" \/>\n<script type=\"application\/ld+json\" class=\"yoast-schema-graph\">{\"@context\":\"https:\/\/schema.org\",\"@graph\":[{\"@type\":\"Article\",\"@id\":\"https:\/\/projetopack.com.br\/en\/o-perigo-mora-ao-lado-banimento-de-sacolas-plasticas-no-chile\/#article\",\"isPartOf\":{\"@id\":\"https:\/\/projetopack.com.br\/en\/o-perigo-mora-ao-lado-banimento-de-sacolas-plasticas-no-chile\/\"},\"author\":{\"name\":\"Andrea\",\"@id\":\"https:\/\/projetopack.com.br\/#\/schema\/person\/d17c72a4bc2b7e461496dd8a14d4cef1\"},\"headline\":\"O perigo mora ao lado: Banimento de sacolas pl\u00e1sticas no Chile\",\"datePublished\":\"2020-08-25T17:23:40+00:00\",\"dateModified\":\"2020-08-25T17:23:41+00:00\",\"mainEntityOfPage\":{\"@id\":\"https:\/\/projetopack.com.br\/en\/o-perigo-mora-ao-lado-banimento-de-sacolas-plasticas-no-chile\/\"},\"wordCount\":292,\"commentCount\":0,\"publisher\":{\"@id\":\"https:\/\/projetopack.com.br\/#organization\"},\"image\":{\"@id\":\"https:\/\/projetopack.com.br\/en\/o-perigo-mora-ao-lado-banimento-de-sacolas-plasticas-no-chile\/#primaryimage\"},\"thumbnailUrl\":\"https:\/\/projetopack.com.br\/wp-content\/uploads\/2020\/08\/abief.png\",\"keywords\":[\"abief\",\"SACOLAS PL\u00c1STICAS\"],\"articleSection\":[\"Opini\u00e3o\"],\"inLanguage\":\"en-US\",\"potentialAction\":[{\"@type\":\"CommentAction\",\"name\":\"Comment\",\"target\":[\"https:\/\/projetopack.com.br\/en\/o-perigo-mora-ao-lado-banimento-de-sacolas-plasticas-no-chile\/#respond\"]}]},{\"@type\":\"WebPage\",\"@id\":\"https:\/\/projetopack.com.br\/en\/o-perigo-mora-ao-lado-banimento-de-sacolas-plasticas-no-chile\/\",\"url\":\"https:\/\/projetopack.com.br\/en\/o-perigo-mora-ao-lado-banimento-de-sacolas-plasticas-no-chile\/\",\"name\":\"O perigo mora ao lado: Banimento de sacolas pl\u00e1sticas no Chile - ProjetoPack\",\"isPartOf\":{\"@id\":\"https:\/\/projetopack.com.br\/#website\"},\"primaryImageOfPage\":{\"@id\":\"https:\/\/projetopack.com.br\/en\/o-perigo-mora-ao-lado-banimento-de-sacolas-plasticas-no-chile\/#primaryimage\"},\"image\":{\"@id\":\"https:\/\/projetopack.com.br\/en\/o-perigo-mora-ao-lado-banimento-de-sacolas-plasticas-no-chile\/#primaryimage\"},\"thumbnailUrl\":\"https:\/\/projetopack.com.br\/wp-content\/uploads\/2020\/08\/abief.png\",\"datePublished\":\"2020-08-25T17:23:40+00:00\",\"dateModified\":\"2020-08-25T17:23:41+00:00\",\"description\":\"Desde a semana passada, o Chile \u00e9 o primeiro pa\u00eds da Am\u00e9rica Latina a banir completamente as sacolas pl\u00e1sticas descart\u00e1veis dos estabelecimentos comerciais.\",\"breadcrumb\":{\"@id\":\"https:\/\/projetopack.com.br\/en\/o-perigo-mora-ao-lado-banimento-de-sacolas-plasticas-no-chile\/#breadcrumb\"},\"inLanguage\":\"en-US\",\"potentialAction\":[{\"@type\":\"ReadAction\",\"target\":[\"https:\/\/projetopack.com.br\/en\/o-perigo-mora-ao-lado-banimento-de-sacolas-plasticas-no-chile\/\"]}]},{\"@type\":\"ImageObject\",\"inLanguage\":\"en-US\",\"@id\":\"https:\/\/projetopack.com.br\/en\/o-perigo-mora-ao-lado-banimento-de-sacolas-plasticas-no-chile\/#primaryimage\",\"url\":\"https:\/\/projetopack.com.br\/wp-content\/uploads\/2020\/08\/abief.png\",\"contentUrl\":\"https:\/\/projetopack.com.br\/wp-content\/uploads\/2020\/08\/abief.png\",\"width\":225,\"height\":225},{\"@type\":\"BreadcrumbList\",\"@id\":\"https:\/\/projetopack.com.br\/en\/o-perigo-mora-ao-lado-banimento-de-sacolas-plasticas-no-chile\/#breadcrumb\",\"itemListElement\":[{\"@type\":\"ListItem\",\"position\":1,\"name\":\"P\u00e1gina Inicial\",\"item\":\"https:\/\/projetopack.com.br\/\"},{\"@type\":\"ListItem\",\"position\":2,\"name\":\"Opini\u00e3o\",\"item\":\"https:\/\/projetopack.com.br\/en\/category\/opiniao\/\"},{\"@type\":\"ListItem\",\"position\":3,\"name\":\"O perigo mora ao lado: Banimento de sacolas pl\u00e1sticas no Chile\"}]},{\"@type\":\"WebSite\",\"@id\":\"https:\/\/projetopack.com.br\/#website\",\"url\":\"https:\/\/projetopack.com.br\/\",\"name\":\"ProjetoPack\",\"description\":\"Consultoria e servi\u00e7os para embalagens, r\u00f3tulos, etiquetas e processos de impress\u00e3o\",\"publisher\":{\"@id\":\"https:\/\/projetopack.com.br\/#organization\"},\"potentialAction\":[{\"@type\":\"SearchAction\",\"target\":{\"@type\":\"EntryPoint\",\"urlTemplate\":\"https:\/\/projetopack.com.br\/?s={search_term_string}\"},\"query-input\":{\"@type\":\"PropertyValueSpecification\",\"valueRequired\":true,\"valueName\":\"search_term_string\"}}],\"inLanguage\":\"en-US\"},{\"@type\":\"Organization\",\"@id\":\"https:\/\/projetopack.com.br\/#organization\",\"name\":\"ProjetoPack & Associados\",\"url\":\"https:\/\/projetopack.com.br\/\",\"logo\":{\"@type\":\"ImageObject\",\"inLanguage\":\"en-US\",\"@id\":\"https:\/\/projetopack.com.br\/#\/schema\/logo\/image\/\",\"url\":\"https:\/\/projetopack.com.br\/wp-content\/uploads\/2020\/09\/projetopack.png\",\"contentUrl\":\"https:\/\/projetopack.com.br\/wp-content\/uploads\/2020\/09\/projetopack.png\",\"width\":200,\"height\":200,\"caption\":\"ProjetoPack & Associados\"},\"image\":{\"@id\":\"https:\/\/projetopack.com.br\/#\/schema\/logo\/image\/\"},\"sameAs\":[\"https:\/\/x.com\/ProjetoPack\",\"https:\/\/www.linkedin.com\/company\/projetopack\/\"]},{\"@type\":\"Person\",\"@id\":\"https:\/\/projetopack.com.br\/#\/schema\/person\/d17c72a4bc2b7e461496dd8a14d4cef1\",\"name\":\"Andrea\",\"image\":{\"@type\":\"ImageObject\",\"inLanguage\":\"en-US\",\"@id\":\"https:\/\/projetopack.com.br\/#\/schema\/person\/image\/\",\"url\":\"https:\/\/projetopack.com.br\/wp-content\/uploads\/2026\/03\/eu-150x150.jpg\",\"contentUrl\":\"https:\/\/projetopack.com.br\/wp-content\/uploads\/2026\/03\/eu-150x150.jpg\",\"caption\":\"Andrea\"},\"url\":\"https:\/\/projetopack.com.br\/en\/author\/andrea\/\"}]}<\/script>\n<!-- \/ Yoast SEO Premium plugin. -->","yoast_head_json":{"title":"O perigo mora ao lado: Banimento de sacolas pl\u00e1sticas no Chile - ProjetoPack","description":"Desde a semana passada, o Chile \u00e9 o primeiro pa\u00eds da Am\u00e9rica Latina a banir completamente as sacolas pl\u00e1sticas descart\u00e1veis dos estabelecimentos comerciais.","robots":{"index":"index","follow":"follow","max-snippet":"max-snippet:-1","max-image-preview":"max-image-preview:large","max-video-preview":"max-video-preview:-1"},"canonical":"https:\/\/projetopack.com.br\/en\/o-perigo-mora-ao-lado-banimento-de-sacolas-plasticas-no-chile\/","og_locale":"en_US","og_type":"article","og_title":"O perigo mora ao lado: Banimento de sacolas pl\u00e1sticas no Chile","og_description":"Desde a semana passada, o Chile \u00e9 o primeiro pa\u00eds da Am\u00e9rica Latina a banir completamente as sacolas pl\u00e1sticas descart\u00e1veis dos estabelecimentos comerciais.","og_url":"https:\/\/projetopack.com.br\/en\/o-perigo-mora-ao-lado-banimento-de-sacolas-plasticas-no-chile\/","og_site_name":"ProjetoPack","article_published_time":"2020-08-25T17:23:40+00:00","article_modified_time":"2020-08-25T17:23:41+00:00","og_image":[{"width":225,"height":225,"url":"https:\/\/projetopack.com.br\/wp-content\/uploads\/2020\/08\/abief.png","type":"image\/png"}],"author":"Andrea","twitter_card":"summary_large_image","twitter_creator":"@ProjetoPack","twitter_site":"@ProjetoPack","twitter_misc":{"Written by":"Andrea","Est. reading time":"1 minute"},"schema":{"@context":"https:\/\/schema.org","@graph":[{"@type":"Article","@id":"https:\/\/projetopack.com.br\/en\/o-perigo-mora-ao-lado-banimento-de-sacolas-plasticas-no-chile\/#article","isPartOf":{"@id":"https:\/\/projetopack.com.br\/en\/o-perigo-mora-ao-lado-banimento-de-sacolas-plasticas-no-chile\/"},"author":{"name":"Andrea","@id":"https:\/\/projetopack.com.br\/#\/schema\/person\/d17c72a4bc2b7e461496dd8a14d4cef1"},"headline":"O perigo mora ao lado: Banimento de sacolas pl\u00e1sticas no Chile","datePublished":"2020-08-25T17:23:40+00:00","dateModified":"2020-08-25T17:23:41+00:00","mainEntityOfPage":{"@id":"https:\/\/projetopack.com.br\/en\/o-perigo-mora-ao-lado-banimento-de-sacolas-plasticas-no-chile\/"},"wordCount":292,"commentCount":0,"publisher":{"@id":"https:\/\/projetopack.com.br\/#organization"},"image":{"@id":"https:\/\/projetopack.com.br\/en\/o-perigo-mora-ao-lado-banimento-de-sacolas-plasticas-no-chile\/#primaryimage"},"thumbnailUrl":"https:\/\/projetopack.com.br\/wp-content\/uploads\/2020\/08\/abief.png","keywords":["abief","SACOLAS PL\u00c1STICAS"],"articleSection":["Opini\u00e3o"],"inLanguage":"en-US","potentialAction":[{"@type":"CommentAction","name":"Comment","target":["https:\/\/projetopack.com.br\/en\/o-perigo-mora-ao-lado-banimento-de-sacolas-plasticas-no-chile\/#respond"]}]},{"@type":"WebPage","@id":"https:\/\/projetopack.com.br\/en\/o-perigo-mora-ao-lado-banimento-de-sacolas-plasticas-no-chile\/","url":"https:\/\/projetopack.com.br\/en\/o-perigo-mora-ao-lado-banimento-de-sacolas-plasticas-no-chile\/","name":"O perigo mora ao lado: Banimento de sacolas pl\u00e1sticas no Chile - ProjetoPack","isPartOf":{"@id":"https:\/\/projetopack.com.br\/#website"},"primaryImageOfPage":{"@id":"https:\/\/projetopack.com.br\/en\/o-perigo-mora-ao-lado-banimento-de-sacolas-plasticas-no-chile\/#primaryimage"},"image":{"@id":"https:\/\/projetopack.com.br\/en\/o-perigo-mora-ao-lado-banimento-de-sacolas-plasticas-no-chile\/#primaryimage"},"thumbnailUrl":"https:\/\/projetopack.com.br\/wp-content\/uploads\/2020\/08\/abief.png","datePublished":"2020-08-25T17:23:40+00:00","dateModified":"2020-08-25T17:23:41+00:00","description":"Desde a semana passada, o Chile \u00e9 o primeiro pa\u00eds da Am\u00e9rica Latina a banir completamente as sacolas pl\u00e1sticas descart\u00e1veis dos estabelecimentos comerciais.","breadcrumb":{"@id":"https:\/\/projetopack.com.br\/en\/o-perigo-mora-ao-lado-banimento-de-sacolas-plasticas-no-chile\/#breadcrumb"},"inLanguage":"en-US","potentialAction":[{"@type":"ReadAction","target":["https:\/\/projetopack.com.br\/en\/o-perigo-mora-ao-lado-banimento-de-sacolas-plasticas-no-chile\/"]}]},{"@type":"ImageObject","inLanguage":"en-US","@id":"https:\/\/projetopack.com.br\/en\/o-perigo-mora-ao-lado-banimento-de-sacolas-plasticas-no-chile\/#primaryimage","url":"https:\/\/projetopack.com.br\/wp-content\/uploads\/2020\/08\/abief.png","contentUrl":"https:\/\/projetopack.com.br\/wp-content\/uploads\/2020\/08\/abief.png","width":225,"height":225},{"@type":"BreadcrumbList","@id":"https:\/\/projetopack.com.br\/en\/o-perigo-mora-ao-lado-banimento-de-sacolas-plasticas-no-chile\/#breadcrumb","itemListElement":[{"@type":"ListItem","position":1,"name":"P\u00e1gina Inicial","item":"https:\/\/projetopack.com.br\/"},{"@type":"ListItem","position":2,"name":"Opini\u00e3o","item":"https:\/\/projetopack.com.br\/en\/category\/opiniao\/"},{"@type":"ListItem","position":3,"name":"O perigo mora ao lado: Banimento de sacolas pl\u00e1sticas no Chile"}]},{"@type":"WebSite","@id":"https:\/\/projetopack.com.br\/#website","url":"https:\/\/projetopack.com.br\/","name":"ProjetoPack","description":"Consultoria e servi\u00e7os para embalagens, r\u00f3tulos, etiquetas e processos de impress\u00e3o","publisher":{"@id":"https:\/\/projetopack.com.br\/#organization"},"potentialAction":[{"@type":"SearchAction","target":{"@type":"EntryPoint","urlTemplate":"https:\/\/projetopack.com.br\/?s={search_term_string}"},"query-input":{"@type":"PropertyValueSpecification","valueRequired":true,"valueName":"search_term_string"}}],"inLanguage":"en-US"},{"@type":"Organization","@id":"https:\/\/projetopack.com.br\/#organization","name":"ProjetoPack & Associados","url":"https:\/\/projetopack.com.br\/","logo":{"@type":"ImageObject","inLanguage":"en-US","@id":"https:\/\/projetopack.com.br\/#\/schema\/logo\/image\/","url":"https:\/\/projetopack.com.br\/wp-content\/uploads\/2020\/09\/projetopack.png","contentUrl":"https:\/\/projetopack.com.br\/wp-content\/uploads\/2020\/09\/projetopack.png","width":200,"height":200,"caption":"ProjetoPack & Associados"},"image":{"@id":"https:\/\/projetopack.com.br\/#\/schema\/logo\/image\/"},"sameAs":["https:\/\/x.com\/ProjetoPack","https:\/\/www.linkedin.com\/company\/projetopack\/"]},{"@type":"Person","@id":"https:\/\/projetopack.com.br\/#\/schema\/person\/d17c72a4bc2b7e461496dd8a14d4cef1","name":"Andrea","image":{"@type":"ImageObject","inLanguage":"en-US","@id":"https:\/\/projetopack.com.br\/#\/schema\/person\/image\/","url":"https:\/\/projetopack.com.br\/wp-content\/uploads\/2026\/03\/eu-150x150.jpg","contentUrl":"https:\/\/projetopack.com.br\/wp-content\/uploads\/2026\/03\/eu-150x150.jpg","caption":"Andrea"},"url":"https:\/\/projetopack.com.br\/en\/author\/andrea\/"}]}},"_links":{"self":[{"href":"https:\/\/projetopack.com.br\/en\/wp-json\/wp\/v2\/posts\/7016","targetHints":{"allow":["GET"]}}],"collection":[{"href":"https:\/\/projetopack.com.br\/en\/wp-json\/wp\/v2\/posts"}],"about":[{"href":"https:\/\/projetopack.com.br\/en\/wp-json\/wp\/v2\/types\/post"}],"author":[{"embeddable":true,"href":"https:\/\/projetopack.com.br\/en\/wp-json\/wp\/v2\/users\/18"}],"replies":[{"embeddable":true,"href":"https:\/\/projetopack.com.br\/en\/wp-json\/wp\/v2\/comments?post=7016"}],"version-history":[{"count":0,"href":"https:\/\/projetopack.com.br\/en\/wp-json\/wp\/v2\/posts\/7016\/revisions"}],"wp:featuredmedia":[{"embeddable":true,"href":"https:\/\/projetopack.com.br\/en\/wp-json\/wp\/v2\/media\/6823"}],"wp:attachment":[{"href":"https:\/\/projetopack.com.br\/en\/wp-json\/wp\/v2\/media?parent=7016"}],"wp:term":[{"taxonomy":"category","embeddable":true,"href":"https:\/\/projetopack.com.br\/en\/wp-json\/wp\/v2\/categories?post=7016"},{"taxonomy":"post_tag","embeddable":true,"href":"https:\/\/projetopack.com.br\/en\/wp-json\/wp\/v2\/tags?post=7016"}],"curies":[{"name":"wp","href":"https:\/\/api.w.org\/{rel}","templated":true}]}}