{"id":7072,"date":"2020-09-01T15:27:08","date_gmt":"2020-09-01T18:27:08","guid":{"rendered":"https:\/\/www.projetopack.com.br\/?p=7072"},"modified":"2020-09-01T16:05:25","modified_gmt":"2020-09-01T19:05:25","slug":"exhibitor-commitment-drives-expansion-of-pack-expo-connects","status":"publish","type":"post","link":"https:\/\/projetopack.com.br\/en\/exhibitor-commitment-drives-expansion-of-pack-expo-connects\/","title":{"rendered":"Exhibitor Commitment Drives Expansion of PACK EXPO Connects"},"content":{"rendered":"<p class=\"has-medium-font-size\"><em>PACK EXPO Connects adds additional international live demos and extends event hours.<\/em><\/p>\n\n\n\n<p>Due to overwhelming demand, event producer PMMI Media Group has extended exhibit hours for the inaugural PACK EXPO Connects (Nov. 9-13), adding an additional hour to each day for attendees to visit suppliers\u2019 showrooms and view live demos.<\/p>\n\n\n\n<p>\u201cBoth customers and suppliers in the packaging industry look forward to PACK EXPO each year. As a machinery supplier, any virtual event linked with the PACK EXPO name is something we know we need to be a part of,\u201d says Dustin Lee, director of sales, Morrison Container Handling Systems. \u201cIn our ever-evolving world, we have to be agile and continue to adapt. It may feel different but using this virtual platform&nbsp;to come together at PACK EXPO Connects is an opportunity to grow our business in this new innovative way.\u201d&nbsp;<\/p>\n\n\n\n<p>Long time PACK EXPO exhibitor Dorner Manufacturing is also intrigued and enthusiastic about the prospects of the web-based PACK EXPO Connects.<\/p>\n\n\n\n<p>\u201cAs Dorner works to adapt our marketing strategy through these challenging times, selecting and then participating in the right virtual events is essential,\u201d says Matt Jones, vice president, Dorner Mfg. Corp. \u201cAn event with the cache and name recognition of PACK EXPO is sure to bring the packaging community together to educate, enlighten and even entertain target customers seeking our products for their applications.\u201d<\/p>\n\n\n\n<p>With nearly 500 exhibitors already committed, live showroom hours will now run Monday through Thursday, 10:00 a.m. to 3:00 p.m. CST and Friday 10:00 a.m. to 1:00 p.m. CST. PACK EXPO Connects will bring together a full range of solution providers \u2013 minimizing the time and effort necessary for attendees to find answers to real-world packaging and processing challenges. PACK EXPO Connects has been designed to foster interactions between CPGs and suppliers with an intuitive, state-of-the-art virtual platform that makes live engagement easy. See list of exhibitors to-date, <strong><a href=\"https:\/\/pmmi.omeclk.com\/portal\/wts\/uemcnh%5Ec%5EtmbaBD%5EaEzyqcvkzemd\" rel=\"noreferrer noopener\" target=\"_blank\">here<\/a><\/strong>.<\/p>\n\n\n\n<p>\u201cWe are excited by the level of support we\u2019re getting from exhibitors who are eager to share their technologies through this new platform,\u201d says Dave Newcorn, senior vice president, digital and data, PMMI Media Group. \u201cTo ensure the greatest possible access for both exhibitors and their customers, we are expanding exhibit hours for PACK EXPO Connects. And, despite the expanded inventory, we expect live demo slots will fill up soon.\u201d<\/p>\n\n\n\n<p>International demo hours have also been added each day, to expand PACK EXPO Connects global reach. International demos will be broadcasting at 10:00 a.m. China Standard time (10:00 p.m. CT) and 10:00 am Greenwich Mean time (4:00 a.m. CT). These time slots will enable exhibitors to demonstrate their solutions and enjoy live interaction with attendees who reside outside the Western Hemisphere. In addition, all education sessions will be available on demand for international attendees to watch at times convenient to them. Spanish language closed captioning will also be provided for specific content and interviews with industry newsmakers.<\/p>\n\n\n\n<p>\u201cPACK EXPO Connects is shaping up to be the most innovative and engaging industry event this year,\u201d says Jim Pittas, president &amp; CEO, PMMI. \u201cWe are so happy that the research and effort invested in this debut event is receiving such an enthusiastic response. We look forward to bringing PACK EXPO Connects to the packaging and processing community.\u201d<\/p>\n\n\n\n<p>Attendee registration opens on Sept. 15. To sign up to exhibit or learn more, visit <strong><a href=\"https:\/\/pmmi.omeclk.com\/portal\/wts\/uemcnh%5Ec%5EtmbaBD%5EaEzz-cvkzemd\" rel=\"noreferrer noopener\" target=\"_blank\">packexpoconnects.com<\/a><\/strong>.<\/p>\n\n\n\n<p><\/p>\n\n\n\n<p><\/p>\n\n\n\n<p class=\"has-background has-very-light-gray-background-color\"><strong>Editorial Contact<\/strong><\/p>\n\n\n\n<p>Shana Marais<\/p>\n\n\n\n<p>Senior Manager, PR,&nbsp; PMMI<\/p>\n\n\n\n<p>571.612.3184<\/p>\n\n\n\n<p><a href=\"https:\/\/pmmi.omeclk.com\/portal\/wts\/uemcnh%5Ec%5EtmbaBD%5EaEzyecvkzemd\">smarais@pmmi.org<\/a><\/p>","protected":false},"excerpt":{"rendered":"<p>Due to overwhelming demand, event producer PMMI Media Group has extended exhibit hours for the inaugural PACK EXPO Connects (Nov. 9-13), adding an additional hour to each day for attendees to visit suppliers\u2019 showrooms and view live demos.<\/p>","protected":false},"author":21,"featured_media":7075,"comment_status":"open","ping_status":"closed","sticky":false,"template":"","format":"standard","meta":{"footnotes":""},"categories":[458],"tags":[463,491],"class_list":["post-7072","post","type-post","status-publish","format-standard","has-post-thumbnail","hentry","category-lancamentos","tag-en_us","tag-pack-expo-connects"],"yoast_head":"<!-- This site is optimized with the Yoast SEO Premium plugin v27.1 (Yoast SEO v27.1.1) - https:\/\/yoast.com\/product\/yoast-seo-premium-wordpress\/ -->\n<title>Exhibitor Commitment Drives Expansion of PACK EXPO Connects - ProjetoPack<\/title>\n<meta name=\"description\" content=\"Due to overwhelming demand, event producer PMMI Media Group has extended exhibit hours for the inaugural PACK EXPO Connects (Nov. 9-13), adding an additional hour to each day for attendees to visit suppliers\u2019 showrooms and view live demos.\" \/>\n<meta name=\"robots\" content=\"index, follow, max-snippet:-1, max-image-preview:large, max-video-preview:-1\" \/>\n<link rel=\"canonical\" href=\"https:\/\/projetopack.com.br\/en\/exhibitor-commitment-drives-expansion-of-pack-expo-connects\/\" \/>\n<meta property=\"og:locale\" content=\"en_US\" \/>\n<meta property=\"og:type\" content=\"article\" \/>\n<meta property=\"og:title\" content=\"Exhibitor Commitment Drives Expansion of PACK EXPO Connects\" \/>\n<meta property=\"og:description\" content=\"Due to overwhelming demand, event producer PMMI Media Group has extended exhibit hours for the inaugural PACK EXPO Connects (Nov. 9-13), adding an additional hour to each day for attendees to visit suppliers\u2019 showrooms and view live demos.\" \/>\n<meta property=\"og:url\" content=\"https:\/\/projetopack.com.br\/en\/exhibitor-commitment-drives-expansion-of-pack-expo-connects\/\" \/>\n<meta property=\"og:site_name\" content=\"ProjetoPack\" \/>\n<meta property=\"article:published_time\" content=\"2020-09-01T18:27:08+00:00\" \/>\n<meta property=\"article:modified_time\" content=\"2020-09-01T19:05:25+00:00\" \/>\n<meta property=\"og:image\" content=\"https:\/\/projetopack.com.br\/wp-content\/uploads\/2020\/09\/PE_Connects_logo_2020_WEB-transparent.png\" \/>\n\t<meta property=\"og:image:width\" content=\"500\" \/>\n\t<meta property=\"og:image:height\" content=\"470\" \/>\n\t<meta property=\"og:image:type\" content=\"image\/png\" \/>\n<meta name=\"author\" content=\"Projeto Pack Consulting\" \/>\n<meta name=\"twitter:card\" content=\"summary_large_image\" \/>\n<meta name=\"twitter:creator\" content=\"@ProjetoPack\" \/>\n<meta name=\"twitter:site\" content=\"@ProjetoPack\" \/>\n<meta name=\"twitter:label1\" content=\"Written by\" \/>\n\t<meta name=\"twitter:data1\" content=\"Projeto Pack Consulting\" \/>\n\t<meta name=\"twitter:label2\" content=\"Est. reading time\" \/>\n\t<meta name=\"twitter:data2\" content=\"3 minutes\" \/>\n<script type=\"application\/ld+json\" class=\"yoast-schema-graph\">{\"@context\":\"https:\/\/schema.org\",\"@graph\":[{\"@type\":\"Article\",\"@id\":\"https:\/\/projetopack.com.br\/exhibitor-commitment-drives-expansion-of-pack-expo-connects\/#article\",\"isPartOf\":{\"@id\":\"https:\/\/projetopack.com.br\/exhibitor-commitment-drives-expansion-of-pack-expo-connects\/\"},\"author\":{\"name\":\"Projeto Pack Consulting\",\"@id\":\"https:\/\/projetopack.com.br\/#\/schema\/person\/65ba6be8cc8119d251d5d9dc0cca7226\"},\"headline\":\"Exhibitor Commitment Drives Expansion of PACK EXPO Connects\",\"datePublished\":\"2020-09-01T18:27:08+00:00\",\"dateModified\":\"2020-09-01T19:05:25+00:00\",\"mainEntityOfPage\":{\"@id\":\"https:\/\/projetopack.com.br\/exhibitor-commitment-drives-expansion-of-pack-expo-connects\/\"},\"wordCount\":575,\"commentCount\":0,\"publisher\":{\"@id\":\"https:\/\/projetopack.com.br\/#organization\"},\"image\":{\"@id\":\"https:\/\/projetopack.com.br\/exhibitor-commitment-drives-expansion-of-pack-expo-connects\/#primaryimage\"},\"thumbnailUrl\":\"https:\/\/projetopack.com.br\/wp-content\/uploads\/2020\/09\/PE_Connects_logo_2020_WEB-transparent.png\",\"keywords\":[\"en_US\",\"PACK EXPO Connects\"],\"articleSection\":[\"Lan\u00e7amentos\"],\"inLanguage\":\"en-US\",\"potentialAction\":[{\"@type\":\"CommentAction\",\"name\":\"Comment\",\"target\":[\"https:\/\/projetopack.com.br\/exhibitor-commitment-drives-expansion-of-pack-expo-connects\/#respond\"]}]},{\"@type\":\"WebPage\",\"@id\":\"https:\/\/projetopack.com.br\/exhibitor-commitment-drives-expansion-of-pack-expo-connects\/\",\"url\":\"https:\/\/projetopack.com.br\/exhibitor-commitment-drives-expansion-of-pack-expo-connects\/\",\"name\":\"Exhibitor Commitment Drives Expansion of PACK EXPO Connects - ProjetoPack\",\"isPartOf\":{\"@id\":\"https:\/\/projetopack.com.br\/#website\"},\"primaryImageOfPage\":{\"@id\":\"https:\/\/projetopack.com.br\/exhibitor-commitment-drives-expansion-of-pack-expo-connects\/#primaryimage\"},\"image\":{\"@id\":\"https:\/\/projetopack.com.br\/exhibitor-commitment-drives-expansion-of-pack-expo-connects\/#primaryimage\"},\"thumbnailUrl\":\"https:\/\/projetopack.com.br\/wp-content\/uploads\/2020\/09\/PE_Connects_logo_2020_WEB-transparent.png\",\"datePublished\":\"2020-09-01T18:27:08+00:00\",\"dateModified\":\"2020-09-01T19:05:25+00:00\",\"description\":\"Due to overwhelming demand, event producer PMMI Media Group has extended exhibit hours for the inaugural PACK EXPO Connects (Nov. 9-13), adding an additional hour to each day for attendees to visit suppliers\u2019 showrooms and view live demos.\",\"breadcrumb\":{\"@id\":\"https:\/\/projetopack.com.br\/exhibitor-commitment-drives-expansion-of-pack-expo-connects\/#breadcrumb\"},\"inLanguage\":\"en-US\",\"potentialAction\":[{\"@type\":\"ReadAction\",\"target\":[\"https:\/\/projetopack.com.br\/exhibitor-commitment-drives-expansion-of-pack-expo-connects\/\"]}]},{\"@type\":\"ImageObject\",\"inLanguage\":\"en-US\",\"@id\":\"https:\/\/projetopack.com.br\/exhibitor-commitment-drives-expansion-of-pack-expo-connects\/#primaryimage\",\"url\":\"https:\/\/projetopack.com.br\/wp-content\/uploads\/2020\/09\/PE_Connects_logo_2020_WEB-transparent.png\",\"contentUrl\":\"https:\/\/projetopack.com.br\/wp-content\/uploads\/2020\/09\/PE_Connects_logo_2020_WEB-transparent.png\",\"width\":500,\"height\":470},{\"@type\":\"BreadcrumbList\",\"@id\":\"https:\/\/projetopack.com.br\/exhibitor-commitment-drives-expansion-of-pack-expo-connects\/#breadcrumb\",\"itemListElement\":[{\"@type\":\"ListItem\",\"position\":1,\"name\":\"P\u00e1gina Inicial\",\"item\":\"https:\/\/projetopack.com.br\/\"},{\"@type\":\"ListItem\",\"position\":2,\"name\":\"Lan\u00e7amentos\",\"item\":\"https:\/\/projetopack.com.br\/category\/lancamentos\/\"},{\"@type\":\"ListItem\",\"position\":3,\"name\":\"Exhibitor Commitment Drives Expansion of PACK EXPO Connects\"}]},{\"@type\":\"WebSite\",\"@id\":\"https:\/\/projetopack.com.br\/#website\",\"url\":\"https:\/\/projetopack.com.br\/\",\"name\":\"ProjetoPack\",\"description\":\"Consultoria e servi\u00e7os para embalagens, r\u00f3tulos, etiquetas e processos de impress\u00e3o\",\"publisher\":{\"@id\":\"https:\/\/projetopack.com.br\/#organization\"},\"potentialAction\":[{\"@type\":\"SearchAction\",\"target\":{\"@type\":\"EntryPoint\",\"urlTemplate\":\"https:\/\/projetopack.com.br\/?s={search_term_string}\"},\"query-input\":{\"@type\":\"PropertyValueSpecification\",\"valueRequired\":true,\"valueName\":\"search_term_string\"}}],\"inLanguage\":\"en-US\"},{\"@type\":\"Organization\",\"@id\":\"https:\/\/projetopack.com.br\/#organization\",\"name\":\"ProjetoPack & Associados\",\"url\":\"https:\/\/projetopack.com.br\/\",\"logo\":{\"@type\":\"ImageObject\",\"inLanguage\":\"en-US\",\"@id\":\"https:\/\/projetopack.com.br\/#\/schema\/logo\/image\/\",\"url\":\"https:\/\/projetopack.com.br\/wp-content\/uploads\/2020\/09\/projetopack.png\",\"contentUrl\":\"https:\/\/projetopack.com.br\/wp-content\/uploads\/2020\/09\/projetopack.png\",\"width\":200,\"height\":200,\"caption\":\"ProjetoPack & Associados\"},\"image\":{\"@id\":\"https:\/\/projetopack.com.br\/#\/schema\/logo\/image\/\"},\"sameAs\":[\"https:\/\/x.com\/ProjetoPack\",\"https:\/\/www.linkedin.com\/company\/projetopack\/\"]},{\"@type\":\"Person\",\"@id\":\"https:\/\/projetopack.com.br\/#\/schema\/person\/65ba6be8cc8119d251d5d9dc0cca7226\",\"name\":\"Projeto Pack Consulting\",\"image\":{\"@type\":\"ImageObject\",\"inLanguage\":\"en-US\",\"@id\":\"https:\/\/projetopack.com.br\/#\/schema\/person\/image\/\",\"url\":\"https:\/\/secure.gravatar.com\/avatar\/749aa430c4ba469a55e6daec9a6dfc8c856a4a7a7264f0478b95c280ec0a8ebc?s=96&d=mm&r=g\",\"contentUrl\":\"https:\/\/secure.gravatar.com\/avatar\/749aa430c4ba469a55e6daec9a6dfc8c856a4a7a7264f0478b95c280ec0a8ebc?s=96&d=mm&r=g\",\"caption\":\"Projeto Pack Consulting\"},\"url\":\"https:\/\/projetopack.com.br\/en\/author\/projeto-pack-en\/\"}]}<\/script>\n<!-- \/ Yoast SEO Premium plugin. -->","yoast_head_json":{"title":"Exhibitor Commitment Drives Expansion of PACK EXPO Connects - ProjetoPack","description":"Due to overwhelming demand, event producer PMMI Media Group has extended exhibit hours for the inaugural PACK EXPO Connects (Nov. 9-13), adding an additional hour to each day for attendees to visit suppliers\u2019 showrooms and view live demos.","robots":{"index":"index","follow":"follow","max-snippet":"max-snippet:-1","max-image-preview":"max-image-preview:large","max-video-preview":"max-video-preview:-1"},"canonical":"https:\/\/projetopack.com.br\/en\/exhibitor-commitment-drives-expansion-of-pack-expo-connects\/","og_locale":"en_US","og_type":"article","og_title":"Exhibitor Commitment Drives Expansion of PACK EXPO Connects","og_description":"Due to overwhelming demand, event producer PMMI Media Group has extended exhibit hours for the inaugural PACK EXPO Connects (Nov. 9-13), adding an additional hour to each day for attendees to visit suppliers\u2019 showrooms and view live demos.","og_url":"https:\/\/projetopack.com.br\/en\/exhibitor-commitment-drives-expansion-of-pack-expo-connects\/","og_site_name":"ProjetoPack","article_published_time":"2020-09-01T18:27:08+00:00","article_modified_time":"2020-09-01T19:05:25+00:00","og_image":[{"width":500,"height":470,"url":"https:\/\/projetopack.com.br\/wp-content\/uploads\/2020\/09\/PE_Connects_logo_2020_WEB-transparent.png","type":"image\/png"}],"author":"Projeto Pack Consulting","twitter_card":"summary_large_image","twitter_creator":"@ProjetoPack","twitter_site":"@ProjetoPack","twitter_misc":{"Written by":"Projeto Pack Consulting","Est. reading time":"3 minutes"},"schema":{"@context":"https:\/\/schema.org","@graph":[{"@type":"Article","@id":"https:\/\/projetopack.com.br\/exhibitor-commitment-drives-expansion-of-pack-expo-connects\/#article","isPartOf":{"@id":"https:\/\/projetopack.com.br\/exhibitor-commitment-drives-expansion-of-pack-expo-connects\/"},"author":{"name":"Projeto Pack Consulting","@id":"https:\/\/projetopack.com.br\/#\/schema\/person\/65ba6be8cc8119d251d5d9dc0cca7226"},"headline":"Exhibitor Commitment Drives Expansion of PACK EXPO Connects","datePublished":"2020-09-01T18:27:08+00:00","dateModified":"2020-09-01T19:05:25+00:00","mainEntityOfPage":{"@id":"https:\/\/projetopack.com.br\/exhibitor-commitment-drives-expansion-of-pack-expo-connects\/"},"wordCount":575,"commentCount":0,"publisher":{"@id":"https:\/\/projetopack.com.br\/#organization"},"image":{"@id":"https:\/\/projetopack.com.br\/exhibitor-commitment-drives-expansion-of-pack-expo-connects\/#primaryimage"},"thumbnailUrl":"https:\/\/projetopack.com.br\/wp-content\/uploads\/2020\/09\/PE_Connects_logo_2020_WEB-transparent.png","keywords":["en_US","PACK EXPO Connects"],"articleSection":["Lan\u00e7amentos"],"inLanguage":"en-US","potentialAction":[{"@type":"CommentAction","name":"Comment","target":["https:\/\/projetopack.com.br\/exhibitor-commitment-drives-expansion-of-pack-expo-connects\/#respond"]}]},{"@type":"WebPage","@id":"https:\/\/projetopack.com.br\/exhibitor-commitment-drives-expansion-of-pack-expo-connects\/","url":"https:\/\/projetopack.com.br\/exhibitor-commitment-drives-expansion-of-pack-expo-connects\/","name":"Exhibitor Commitment Drives Expansion of PACK EXPO Connects - ProjetoPack","isPartOf":{"@id":"https:\/\/projetopack.com.br\/#website"},"primaryImageOfPage":{"@id":"https:\/\/projetopack.com.br\/exhibitor-commitment-drives-expansion-of-pack-expo-connects\/#primaryimage"},"image":{"@id":"https:\/\/projetopack.com.br\/exhibitor-commitment-drives-expansion-of-pack-expo-connects\/#primaryimage"},"thumbnailUrl":"https:\/\/projetopack.com.br\/wp-content\/uploads\/2020\/09\/PE_Connects_logo_2020_WEB-transparent.png","datePublished":"2020-09-01T18:27:08+00:00","dateModified":"2020-09-01T19:05:25+00:00","description":"Due to overwhelming demand, event producer PMMI Media Group has extended exhibit hours for the inaugural PACK EXPO Connects (Nov. 9-13), adding an additional hour to each day for attendees to visit suppliers\u2019 showrooms and view live demos.","breadcrumb":{"@id":"https:\/\/projetopack.com.br\/exhibitor-commitment-drives-expansion-of-pack-expo-connects\/#breadcrumb"},"inLanguage":"en-US","potentialAction":[{"@type":"ReadAction","target":["https:\/\/projetopack.com.br\/exhibitor-commitment-drives-expansion-of-pack-expo-connects\/"]}]},{"@type":"ImageObject","inLanguage":"en-US","@id":"https:\/\/projetopack.com.br\/exhibitor-commitment-drives-expansion-of-pack-expo-connects\/#primaryimage","url":"https:\/\/projetopack.com.br\/wp-content\/uploads\/2020\/09\/PE_Connects_logo_2020_WEB-transparent.png","contentUrl":"https:\/\/projetopack.com.br\/wp-content\/uploads\/2020\/09\/PE_Connects_logo_2020_WEB-transparent.png","width":500,"height":470},{"@type":"BreadcrumbList","@id":"https:\/\/projetopack.com.br\/exhibitor-commitment-drives-expansion-of-pack-expo-connects\/#breadcrumb","itemListElement":[{"@type":"ListItem","position":1,"name":"P\u00e1gina Inicial","item":"https:\/\/projetopack.com.br\/"},{"@type":"ListItem","position":2,"name":"Lan\u00e7amentos","item":"https:\/\/projetopack.com.br\/category\/lancamentos\/"},{"@type":"ListItem","position":3,"name":"Exhibitor Commitment Drives Expansion of PACK EXPO Connects"}]},{"@type":"WebSite","@id":"https:\/\/projetopack.com.br\/#website","url":"https:\/\/projetopack.com.br\/","name":"ProjetoPack","description":"Consultoria e servi\u00e7os para embalagens, r\u00f3tulos, etiquetas e processos de impress\u00e3o","publisher":{"@id":"https:\/\/projetopack.com.br\/#organization"},"potentialAction":[{"@type":"SearchAction","target":{"@type":"EntryPoint","urlTemplate":"https:\/\/projetopack.com.br\/?s={search_term_string}"},"query-input":{"@type":"PropertyValueSpecification","valueRequired":true,"valueName":"search_term_string"}}],"inLanguage":"en-US"},{"@type":"Organization","@id":"https:\/\/projetopack.com.br\/#organization","name":"ProjetoPack & Associados","url":"https:\/\/projetopack.com.br\/","logo":{"@type":"ImageObject","inLanguage":"en-US","@id":"https:\/\/projetopack.com.br\/#\/schema\/logo\/image\/","url":"https:\/\/projetopack.com.br\/wp-content\/uploads\/2020\/09\/projetopack.png","contentUrl":"https:\/\/projetopack.com.br\/wp-content\/uploads\/2020\/09\/projetopack.png","width":200,"height":200,"caption":"ProjetoPack & Associados"},"image":{"@id":"https:\/\/projetopack.com.br\/#\/schema\/logo\/image\/"},"sameAs":["https:\/\/x.com\/ProjetoPack","https:\/\/www.linkedin.com\/company\/projetopack\/"]},{"@type":"Person","@id":"https:\/\/projetopack.com.br\/#\/schema\/person\/65ba6be8cc8119d251d5d9dc0cca7226","name":"Projeto Pack Consulting","image":{"@type":"ImageObject","inLanguage":"en-US","@id":"https:\/\/projetopack.com.br\/#\/schema\/person\/image\/","url":"https:\/\/secure.gravatar.com\/avatar\/749aa430c4ba469a55e6daec9a6dfc8c856a4a7a7264f0478b95c280ec0a8ebc?s=96&d=mm&r=g","contentUrl":"https:\/\/secure.gravatar.com\/avatar\/749aa430c4ba469a55e6daec9a6dfc8c856a4a7a7264f0478b95c280ec0a8ebc?s=96&d=mm&r=g","caption":"Projeto Pack Consulting"},"url":"https:\/\/projetopack.com.br\/en\/author\/projeto-pack-en\/"}]}},"_links":{"self":[{"href":"https:\/\/projetopack.com.br\/en\/wp-json\/wp\/v2\/posts\/7072","targetHints":{"allow":["GET"]}}],"collection":[{"href":"https:\/\/projetopack.com.br\/en\/wp-json\/wp\/v2\/posts"}],"about":[{"href":"https:\/\/projetopack.com.br\/en\/wp-json\/wp\/v2\/types\/post"}],"author":[{"embeddable":true,"href":"https:\/\/projetopack.com.br\/en\/wp-json\/wp\/v2\/users\/21"}],"replies":[{"embeddable":true,"href":"https:\/\/projetopack.com.br\/en\/wp-json\/wp\/v2\/comments?post=7072"}],"version-history":[{"count":0,"href":"https:\/\/projetopack.com.br\/en\/wp-json\/wp\/v2\/posts\/7072\/revisions"}],"wp:featuredmedia":[{"embeddable":true,"href":"https:\/\/projetopack.com.br\/en\/wp-json\/wp\/v2\/media\/7075"}],"wp:attachment":[{"href":"https:\/\/projetopack.com.br\/en\/wp-json\/wp\/v2\/media?parent=7072"}],"wp:term":[{"taxonomy":"category","embeddable":true,"href":"https:\/\/projetopack.com.br\/en\/wp-json\/wp\/v2\/categories?post=7072"},{"taxonomy":"post_tag","embeddable":true,"href":"https:\/\/projetopack.com.br\/en\/wp-json\/wp\/v2\/tags?post=7072"}],"curies":[{"name":"wp","href":"https:\/\/api.w.org\/{rel}","templated":true}]}}