{"id":7178,"date":"2020-09-10T17:15:57","date_gmt":"2020-09-10T20:15:57","guid":{"rendered":"https:\/\/www.projetopack.com.br\/?p=7178"},"modified":"2020-10-02T14:50:37","modified_gmt":"2020-10-02T17:50:37","slug":"orquidea-e-nestle-parceria-em-misturas-de-bolo-nos-sabores-prestigio-e-alpino","status":"publish","type":"post","link":"https:\/\/projetopack.com.br\/en\/orquidea-e-nestle-parceria-em-misturas-de-bolo-nos-sabores-prestigio-e-alpino\/","title":{"rendered":"Orqu\u00eddea e Nestl\u00e9: parceria em misturas de bolo nos sabores Prest\u00edgio e Alpino"},"content":{"rendered":"<p>Tradicionalmente conhecida por sua linha de massas e biscoitos, a <strong>sulista Orqu\u00eddea Alimentos<\/strong> traz uma novidade ao mercado: a linha de mistura para bolos nos sabores <strong>Prest\u00edgio<\/strong> e <strong>Alpino,<\/strong> resultado de uma parceria com a <strong>Nestl\u00e9<\/strong>.<\/p>\n\n\n\n<p>E para o lan\u00e7amento da nova linha, a empresa contou com a <strong>Camargo Embalagens<\/strong> para o desenvolvimento da estrutura da embalagem e fabrica\u00e7\u00e3o.<\/p>\n\n\n\n<p>As embalagens foram impressas em <strong>rotogravura<\/strong>, solu\u00e7\u00e3o indicada para lotes maiores e grandes tiragens. Todos os esfor\u00e7os foram direcionados para que as exig\u00eancias t\u00e9cnicas de <strong>qualidade de impress\u00e3o<\/strong> fossem cumpridas e o resultado final superasse as expectativas.<\/p>\n\n\n\n<figure class=\"wp-block-pullquote\"><blockquote><p>\u201cA Camargo j\u00e1 \u00e9 nosso parceiro comercial h\u00e1 mais de 5 anos e confiamos na sua capacidade t\u00e9cnica e qualidade de impress\u00e3o. Para este projeto, t\u00ednhamos um <strong>prazo curto<\/strong> para o lan\u00e7amento e o lead time era extremamente importante. Vimos na Camargo a condi\u00e7\u00e3o que precis\u00e1vamos para ter este produto na <strong>qualidade<\/strong> e <strong>prazo<\/strong> que idealiz\u00e1vamos para o lan\u00e7amento\u201d, explica o gerente de marketing da Orqu\u00eddea, <strong>Marcelo Tondo Tissot<\/strong>.<\/p><\/blockquote><\/figure>\n\n\n\n<p>A <strong>Orqu\u00eddea Alimentos<\/strong> possui uma das maiores capacidades de moagem de trigo da regi\u00e3o Sul do Brasil: 36 mil toneladas por m\u00eas, em uma \u00e1rea de com mais de 33 mil metros quadrados constru\u00eddos e que inclui as unidades fabris de Bento Gon\u00e7alves e Caxias do Sul, Centros de Distribui\u00e7\u00e3o em Garibaldi (RS), Itaja\u00ed (SC), Curitiba (PR) e S\u00e3o Paulo.<\/p>\n\n\n\n<p><\/p>\n\n\n\n<p><strong>Fonte:<\/strong><\/p>\n\n\n\n<p class=\"has-background has-very-light-gray-background-color\">Felipe Toledo<\/p>\n\n\n\n<p class=\"has-background has-very-light-gray-background-color\">Diretor de Neg\u00f3cios<\/p>\n\n\n\n<p class=\"has-background has-very-light-gray-background-color\">Rua \u00c1lvaro Camerin, 51<\/p>\n\n\n\n<p class=\"has-background has-very-light-gray-background-color\">Tiet\u00ea &#8211; SP &#8211; CEP 18530-000<\/p>\n\n\n\n<p class=\"has-background has-very-light-gray-background-color\">+55 15 3285.5200<\/p>\n\n\n\n<figure class=\"wp-block-image\"><img decoding=\"async\" src=\"http:\/\/relacionamento.gearup.enterprises\/uploads\/1581450724.png\" alt=\"\"\/><\/figure>\n\n\n\n<figure class=\"wp-block-image\"><img decoding=\"async\" src=\"http:\/\/relacionamento.gearup.enterprises\/uploads\/1581450738.png\" alt=\"\"\/><\/figure>\n\n\n\n<p>Quer conhecer mais sobre a Camargo e nosso time de inova\u00e7\u00e3o, a myPack, acesse <a href=\"https:\/\/u13929423.ct.sendgrid.net\/ls\/click?upn=-2BfjxHOuAmqVOEfpKo4WLOfwv-2BSFZxAz66e1FzAXtmR4Pz51VAnX4Sgp-2F7SjkKbPZSwNUKt2jI6aFQ3LumpcNk1i7AL8a7nKbIZOFN1BNy1wssPsT75udIyYjJlWACuhxyQHqZuRffWVfz-2FO0jjGkidaB7TMLNf8-2FKIk8cBgsgeM-3D_wVU_ZtyLTlYa78bQffWNrIlGCz8mkWudevo3EPxPTslYZcjrCMpHFyB-2BDD2hrLpoFCIvtuHjqI4AmR2ytun4xY7sR3vL2a4Q6dTHcKPm2Hn3LfpJwDSOP8DxDSDMt0v0AzMz-2B7dU6q3B0lIIA90z4u8yeOAjyDo2Jkq3VtXFHdJrAnibEh9UkPwMD62gtZd57dkZ4TbPJ4WHssee6nHkrRaZMXzFAJcQ72hkNUWoTw9C1hg-3D\">http:\/\/www.camargociaembalagens.com.br<\/a>.<\/p>\n\n\n\n<p><strong>Estamos em plena opera\u00e7\u00e3o em combate \u00e0 Covid-19.<\/strong><\/p>\n\n\n\n<p><strong>Assista neste link nossas boas pr\u00e1ticas:&nbsp;<\/strong><strong><a href=\"https:\/\/u13929423.ct.sendgrid.net\/ls\/click?upn=-2BfjxHOuAmqVOEfpKo4WLOfwv-2BSFZxAz66e1FzAXtmR4Pz51VAnX4Sgp-2F7SjkKbPZSwNUKt2jI6aFQ3LumpcNk63boKShOo8l-2F0KRFZBgRViLVCzXS9-2FgRmrIxlUDLTQif67e85w7oES-2Fi4EvFTyktmE0YjcmqnUq8NsVZ9omY50-3DO0p7_ZtyLTlYa78bQffWNrIlGCz8mkWudevo3EPxPTslYZcjrCMpHFyB-2BDD2hrLpoFCIvx34k9q9TkUau6LIYtrheOXvjzUR-2FBlu23s1TpBKLficFtmWgEBuva5-2FT7EN1Xwpsu3mdeb1nN2PwPzg9B7F-2BTeZKylIkiRCi9l8IENkdYUTzLvxM3mpROg0PC-2BTHQcQmHiviPKKj2KwaXFygJnHcXawKRNnReQ7-2BtNT8Y858pBM-3D\" target=\"_blank\" rel=\"noreferrer noopener\">https:\/\/www.youtube.com\/watch?v=-J-GE92Hh8U&amp;feature=emb_logo<\/a><\/strong><\/p>","protected":false},"excerpt":{"rendered":"<p>A sulista Orqu\u00eddea Alimentos traz uma novidade ao mercado: a linha de mistura para bolos nos sabores Prest\u00edgio e Alpino, resultado de uma parceria com a Nestl\u00e9. E para o lan\u00e7amento da nova linha, a empresa contou com a Camargo Embalagens para o desenvolvimento da estrutura da embalagem e fabrica\u00e7\u00e3o.<\/p>","protected":false},"author":18,"featured_media":7179,"comment_status":"open","ping_status":"closed","sticky":false,"template":"","format":"standard","meta":{"footnotes":""},"categories":[458],"tags":[501,499,500],"class_list":["post-7178","post","type-post","status-publish","format-standard","has-post-thumbnail","hentry","category-lancamentos","tag-camargo-embalagens","tag-nestle","tag-orquidea-alimentos"],"yoast_head":"<!-- This site is optimized with the Yoast SEO Premium plugin v27.1 (Yoast SEO v27.1.1) - https:\/\/yoast.com\/product\/yoast-seo-premium-wordpress\/ -->\n<title>Orqu\u00eddea e Nestl\u00e9: parceria em misturas de bolo nos sabores Prest\u00edgio e Alpino - ProjetoPack<\/title>\n<meta name=\"description\" content=\"A sulista Orqu\u00eddea Alimentos traz uma novidade ao mercado: a linha de mistura para bolos nos sabores Prest\u00edgio e Alpino, resultado de uma parceria com a Nestl\u00e9. E para o lan\u00e7amento da nova linha, a empresa contou com a Camargo Embalagens para o desenvolvimento da estrutura da embalagem e fabrica\u00e7\u00e3o.\" \/>\n<meta name=\"robots\" content=\"index, follow, max-snippet:-1, max-image-preview:large, max-video-preview:-1\" \/>\n<link rel=\"canonical\" href=\"https:\/\/projetopack.com.br\/en\/orquidea-e-nestle-parceria-em-misturas-de-bolo-nos-sabores-prestigio-e-alpino\/\" \/>\n<meta property=\"og:locale\" content=\"en_US\" \/>\n<meta property=\"og:type\" content=\"article\" \/>\n<meta property=\"og:title\" content=\"Orqu\u00eddea e Nestl\u00e9: parceria em misturas de bolo nos sabores Prest\u00edgio e Alpino\" \/>\n<meta property=\"og:description\" content=\"A sulista Orqu\u00eddea Alimentos traz uma novidade ao mercado: a linha de mistura para bolos nos sabores Prest\u00edgio e Alpino, resultado de uma parceria com a Nestl\u00e9. E para o lan\u00e7amento da nova linha, a empresa contou com a Camargo Embalagens para o desenvolvimento da estrutura da embalagem e fabrica\u00e7\u00e3o.\" \/>\n<meta property=\"og:url\" content=\"https:\/\/projetopack.com.br\/en\/orquidea-e-nestle-parceria-em-misturas-de-bolo-nos-sabores-prestigio-e-alpino\/\" \/>\n<meta property=\"og:site_name\" content=\"ProjetoPack\" \/>\n<meta property=\"article:published_time\" content=\"2020-09-10T20:15:57+00:00\" \/>\n<meta property=\"article:modified_time\" content=\"2020-10-02T17:50:37+00:00\" \/>\n<meta property=\"og:image\" content=\"https:\/\/projetopack.com.br\/wp-content\/uploads\/2020\/09\/CAMARGO.jpg\" \/>\n\t<meta property=\"og:image:width\" content=\"387\" \/>\n\t<meta property=\"og:image:height\" content=\"257\" \/>\n\t<meta property=\"og:image:type\" content=\"image\/jpeg\" \/>\n<meta name=\"author\" content=\"Andrea\" \/>\n<meta name=\"twitter:card\" content=\"summary_large_image\" \/>\n<meta name=\"twitter:creator\" content=\"@ProjetoPack\" \/>\n<meta name=\"twitter:site\" content=\"@ProjetoPack\" \/>\n<meta name=\"twitter:label1\" content=\"Written by\" \/>\n\t<meta name=\"twitter:data1\" content=\"Andrea\" \/>\n\t<meta name=\"twitter:label2\" content=\"Est. reading time\" \/>\n\t<meta name=\"twitter:data2\" content=\"2 minutes\" \/>\n<script type=\"application\/ld+json\" class=\"yoast-schema-graph\">{\"@context\":\"https:\/\/schema.org\",\"@graph\":[{\"@type\":\"Article\",\"@id\":\"https:\/\/projetopack.com.br\/en\/orquidea-e-nestle-parceria-em-misturas-de-bolo-nos-sabores-prestigio-e-alpino\/#article\",\"isPartOf\":{\"@id\":\"https:\/\/projetopack.com.br\/en\/orquidea-e-nestle-parceria-em-misturas-de-bolo-nos-sabores-prestigio-e-alpino\/\"},\"author\":{\"name\":\"Andrea\",\"@id\":\"https:\/\/projetopack.com.br\/#\/schema\/person\/d17c72a4bc2b7e461496dd8a14d4cef1\"},\"headline\":\"Orqu\u00eddea e Nestl\u00e9: parceria em misturas de bolo nos sabores Prest\u00edgio e Alpino\",\"datePublished\":\"2020-09-10T20:15:57+00:00\",\"dateModified\":\"2020-10-02T17:50:37+00:00\",\"mainEntityOfPage\":{\"@id\":\"https:\/\/projetopack.com.br\/en\/orquidea-e-nestle-parceria-em-misturas-de-bolo-nos-sabores-prestigio-e-alpino\/\"},\"wordCount\":326,\"commentCount\":0,\"publisher\":{\"@id\":\"https:\/\/projetopack.com.br\/#organization\"},\"image\":{\"@id\":\"https:\/\/projetopack.com.br\/en\/orquidea-e-nestle-parceria-em-misturas-de-bolo-nos-sabores-prestigio-e-alpino\/#primaryimage\"},\"thumbnailUrl\":\"https:\/\/projetopack.com.br\/wp-content\/uploads\/2020\/09\/CAMARGO.jpg\",\"keywords\":[\"camargo embalagens\",\"nestl\u00e9\",\"Orqu\u00eddea Alimentos\"],\"articleSection\":[\"Lan\u00e7amentos\"],\"inLanguage\":\"en-US\",\"potentialAction\":[{\"@type\":\"CommentAction\",\"name\":\"Comment\",\"target\":[\"https:\/\/projetopack.com.br\/en\/orquidea-e-nestle-parceria-em-misturas-de-bolo-nos-sabores-prestigio-e-alpino\/#respond\"]}]},{\"@type\":\"WebPage\",\"@id\":\"https:\/\/projetopack.com.br\/en\/orquidea-e-nestle-parceria-em-misturas-de-bolo-nos-sabores-prestigio-e-alpino\/\",\"url\":\"https:\/\/projetopack.com.br\/en\/orquidea-e-nestle-parceria-em-misturas-de-bolo-nos-sabores-prestigio-e-alpino\/\",\"name\":\"Orqu\u00eddea e Nestl\u00e9: parceria em misturas de bolo nos sabores Prest\u00edgio e Alpino - ProjetoPack\",\"isPartOf\":{\"@id\":\"https:\/\/projetopack.com.br\/#website\"},\"primaryImageOfPage\":{\"@id\":\"https:\/\/projetopack.com.br\/en\/orquidea-e-nestle-parceria-em-misturas-de-bolo-nos-sabores-prestigio-e-alpino\/#primaryimage\"},\"image\":{\"@id\":\"https:\/\/projetopack.com.br\/en\/orquidea-e-nestle-parceria-em-misturas-de-bolo-nos-sabores-prestigio-e-alpino\/#primaryimage\"},\"thumbnailUrl\":\"https:\/\/projetopack.com.br\/wp-content\/uploads\/2020\/09\/CAMARGO.jpg\",\"datePublished\":\"2020-09-10T20:15:57+00:00\",\"dateModified\":\"2020-10-02T17:50:37+00:00\",\"description\":\"A sulista Orqu\u00eddea Alimentos traz uma novidade ao mercado: a linha de mistura para bolos nos sabores Prest\u00edgio e Alpino, resultado de uma parceria com a Nestl\u00e9. E para o lan\u00e7amento da nova linha, a empresa contou com a Camargo Embalagens para o desenvolvimento da estrutura da embalagem e fabrica\u00e7\u00e3o.\",\"breadcrumb\":{\"@id\":\"https:\/\/projetopack.com.br\/en\/orquidea-e-nestle-parceria-em-misturas-de-bolo-nos-sabores-prestigio-e-alpino\/#breadcrumb\"},\"inLanguage\":\"en-US\",\"potentialAction\":[{\"@type\":\"ReadAction\",\"target\":[\"https:\/\/projetopack.com.br\/en\/orquidea-e-nestle-parceria-em-misturas-de-bolo-nos-sabores-prestigio-e-alpino\/\"]}]},{\"@type\":\"ImageObject\",\"inLanguage\":\"en-US\",\"@id\":\"https:\/\/projetopack.com.br\/en\/orquidea-e-nestle-parceria-em-misturas-de-bolo-nos-sabores-prestigio-e-alpino\/#primaryimage\",\"url\":\"https:\/\/projetopack.com.br\/wp-content\/uploads\/2020\/09\/CAMARGO.jpg\",\"contentUrl\":\"https:\/\/projetopack.com.br\/wp-content\/uploads\/2020\/09\/CAMARGO.jpg\",\"width\":387,\"height\":257},{\"@type\":\"BreadcrumbList\",\"@id\":\"https:\/\/projetopack.com.br\/en\/orquidea-e-nestle-parceria-em-misturas-de-bolo-nos-sabores-prestigio-e-alpino\/#breadcrumb\",\"itemListElement\":[{\"@type\":\"ListItem\",\"position\":1,\"name\":\"P\u00e1gina Inicial\",\"item\":\"https:\/\/projetopack.com.br\/\"},{\"@type\":\"ListItem\",\"position\":2,\"name\":\"Lan\u00e7amentos\",\"item\":\"https:\/\/projetopack.com.br\/category\/lancamentos\/\"},{\"@type\":\"ListItem\",\"position\":3,\"name\":\"Orqu\u00eddea e Nestl\u00e9: parceria em misturas de bolo nos sabores Prest\u00edgio e Alpino\"}]},{\"@type\":\"WebSite\",\"@id\":\"https:\/\/projetopack.com.br\/#website\",\"url\":\"https:\/\/projetopack.com.br\/\",\"name\":\"ProjetoPack\",\"description\":\"Consultoria e servi\u00e7os para embalagens, r\u00f3tulos, etiquetas e processos de impress\u00e3o\",\"publisher\":{\"@id\":\"https:\/\/projetopack.com.br\/#organization\"},\"potentialAction\":[{\"@type\":\"SearchAction\",\"target\":{\"@type\":\"EntryPoint\",\"urlTemplate\":\"https:\/\/projetopack.com.br\/?s={search_term_string}\"},\"query-input\":{\"@type\":\"PropertyValueSpecification\",\"valueRequired\":true,\"valueName\":\"search_term_string\"}}],\"inLanguage\":\"en-US\"},{\"@type\":\"Organization\",\"@id\":\"https:\/\/projetopack.com.br\/#organization\",\"name\":\"ProjetoPack & Associados\",\"url\":\"https:\/\/projetopack.com.br\/\",\"logo\":{\"@type\":\"ImageObject\",\"inLanguage\":\"en-US\",\"@id\":\"https:\/\/projetopack.com.br\/#\/schema\/logo\/image\/\",\"url\":\"https:\/\/projetopack.com.br\/wp-content\/uploads\/2020\/09\/projetopack.png\",\"contentUrl\":\"https:\/\/projetopack.com.br\/wp-content\/uploads\/2020\/09\/projetopack.png\",\"width\":200,\"height\":200,\"caption\":\"ProjetoPack & Associados\"},\"image\":{\"@id\":\"https:\/\/projetopack.com.br\/#\/schema\/logo\/image\/\"},\"sameAs\":[\"https:\/\/x.com\/ProjetoPack\",\"https:\/\/www.linkedin.com\/company\/projetopack\/\"]},{\"@type\":\"Person\",\"@id\":\"https:\/\/projetopack.com.br\/#\/schema\/person\/d17c72a4bc2b7e461496dd8a14d4cef1\",\"name\":\"Andrea\",\"image\":{\"@type\":\"ImageObject\",\"inLanguage\":\"en-US\",\"@id\":\"https:\/\/projetopack.com.br\/#\/schema\/person\/image\/\",\"url\":\"https:\/\/projetopack.com.br\/wp-content\/uploads\/2026\/03\/eu-150x150.jpg\",\"contentUrl\":\"https:\/\/projetopack.com.br\/wp-content\/uploads\/2026\/03\/eu-150x150.jpg\",\"caption\":\"Andrea\"},\"url\":\"https:\/\/projetopack.com.br\/en\/author\/andrea\/\"}]}<\/script>\n<!-- \/ Yoast SEO Premium plugin. -->","yoast_head_json":{"title":"Orqu\u00eddea e Nestl\u00e9: parceria em misturas de bolo nos sabores Prest\u00edgio e Alpino - ProjetoPack","description":"A sulista Orqu\u00eddea Alimentos traz uma novidade ao mercado: a linha de mistura para bolos nos sabores Prest\u00edgio e Alpino, resultado de uma parceria com a Nestl\u00e9. E para o lan\u00e7amento da nova linha, a empresa contou com a Camargo Embalagens para o desenvolvimento da estrutura da embalagem e fabrica\u00e7\u00e3o.","robots":{"index":"index","follow":"follow","max-snippet":"max-snippet:-1","max-image-preview":"max-image-preview:large","max-video-preview":"max-video-preview:-1"},"canonical":"https:\/\/projetopack.com.br\/en\/orquidea-e-nestle-parceria-em-misturas-de-bolo-nos-sabores-prestigio-e-alpino\/","og_locale":"en_US","og_type":"article","og_title":"Orqu\u00eddea e Nestl\u00e9: parceria em misturas de bolo nos sabores Prest\u00edgio e Alpino","og_description":"A sulista Orqu\u00eddea Alimentos traz uma novidade ao mercado: a linha de mistura para bolos nos sabores Prest\u00edgio e Alpino, resultado de uma parceria com a Nestl\u00e9. E para o lan\u00e7amento da nova linha, a empresa contou com a Camargo Embalagens para o desenvolvimento da estrutura da embalagem e fabrica\u00e7\u00e3o.","og_url":"https:\/\/projetopack.com.br\/en\/orquidea-e-nestle-parceria-em-misturas-de-bolo-nos-sabores-prestigio-e-alpino\/","og_site_name":"ProjetoPack","article_published_time":"2020-09-10T20:15:57+00:00","article_modified_time":"2020-10-02T17:50:37+00:00","og_image":[{"width":387,"height":257,"url":"https:\/\/projetopack.com.br\/wp-content\/uploads\/2020\/09\/CAMARGO.jpg","type":"image\/jpeg"}],"author":"Andrea","twitter_card":"summary_large_image","twitter_creator":"@ProjetoPack","twitter_site":"@ProjetoPack","twitter_misc":{"Written by":"Andrea","Est. reading time":"2 minutes"},"schema":{"@context":"https:\/\/schema.org","@graph":[{"@type":"Article","@id":"https:\/\/projetopack.com.br\/en\/orquidea-e-nestle-parceria-em-misturas-de-bolo-nos-sabores-prestigio-e-alpino\/#article","isPartOf":{"@id":"https:\/\/projetopack.com.br\/en\/orquidea-e-nestle-parceria-em-misturas-de-bolo-nos-sabores-prestigio-e-alpino\/"},"author":{"name":"Andrea","@id":"https:\/\/projetopack.com.br\/#\/schema\/person\/d17c72a4bc2b7e461496dd8a14d4cef1"},"headline":"Orqu\u00eddea e Nestl\u00e9: parceria em misturas de bolo nos sabores Prest\u00edgio e Alpino","datePublished":"2020-09-10T20:15:57+00:00","dateModified":"2020-10-02T17:50:37+00:00","mainEntityOfPage":{"@id":"https:\/\/projetopack.com.br\/en\/orquidea-e-nestle-parceria-em-misturas-de-bolo-nos-sabores-prestigio-e-alpino\/"},"wordCount":326,"commentCount":0,"publisher":{"@id":"https:\/\/projetopack.com.br\/#organization"},"image":{"@id":"https:\/\/projetopack.com.br\/en\/orquidea-e-nestle-parceria-em-misturas-de-bolo-nos-sabores-prestigio-e-alpino\/#primaryimage"},"thumbnailUrl":"https:\/\/projetopack.com.br\/wp-content\/uploads\/2020\/09\/CAMARGO.jpg","keywords":["camargo embalagens","nestl\u00e9","Orqu\u00eddea Alimentos"],"articleSection":["Lan\u00e7amentos"],"inLanguage":"en-US","potentialAction":[{"@type":"CommentAction","name":"Comment","target":["https:\/\/projetopack.com.br\/en\/orquidea-e-nestle-parceria-em-misturas-de-bolo-nos-sabores-prestigio-e-alpino\/#respond"]}]},{"@type":"WebPage","@id":"https:\/\/projetopack.com.br\/en\/orquidea-e-nestle-parceria-em-misturas-de-bolo-nos-sabores-prestigio-e-alpino\/","url":"https:\/\/projetopack.com.br\/en\/orquidea-e-nestle-parceria-em-misturas-de-bolo-nos-sabores-prestigio-e-alpino\/","name":"Orqu\u00eddea e Nestl\u00e9: parceria em misturas de bolo nos sabores Prest\u00edgio e Alpino - ProjetoPack","isPartOf":{"@id":"https:\/\/projetopack.com.br\/#website"},"primaryImageOfPage":{"@id":"https:\/\/projetopack.com.br\/en\/orquidea-e-nestle-parceria-em-misturas-de-bolo-nos-sabores-prestigio-e-alpino\/#primaryimage"},"image":{"@id":"https:\/\/projetopack.com.br\/en\/orquidea-e-nestle-parceria-em-misturas-de-bolo-nos-sabores-prestigio-e-alpino\/#primaryimage"},"thumbnailUrl":"https:\/\/projetopack.com.br\/wp-content\/uploads\/2020\/09\/CAMARGO.jpg","datePublished":"2020-09-10T20:15:57+00:00","dateModified":"2020-10-02T17:50:37+00:00","description":"A sulista Orqu\u00eddea Alimentos traz uma novidade ao mercado: a linha de mistura para bolos nos sabores Prest\u00edgio e Alpino, resultado de uma parceria com a Nestl\u00e9. E para o lan\u00e7amento da nova linha, a empresa contou com a Camargo Embalagens para o desenvolvimento da estrutura da embalagem e fabrica\u00e7\u00e3o.","breadcrumb":{"@id":"https:\/\/projetopack.com.br\/en\/orquidea-e-nestle-parceria-em-misturas-de-bolo-nos-sabores-prestigio-e-alpino\/#breadcrumb"},"inLanguage":"en-US","potentialAction":[{"@type":"ReadAction","target":["https:\/\/projetopack.com.br\/en\/orquidea-e-nestle-parceria-em-misturas-de-bolo-nos-sabores-prestigio-e-alpino\/"]}]},{"@type":"ImageObject","inLanguage":"en-US","@id":"https:\/\/projetopack.com.br\/en\/orquidea-e-nestle-parceria-em-misturas-de-bolo-nos-sabores-prestigio-e-alpino\/#primaryimage","url":"https:\/\/projetopack.com.br\/wp-content\/uploads\/2020\/09\/CAMARGO.jpg","contentUrl":"https:\/\/projetopack.com.br\/wp-content\/uploads\/2020\/09\/CAMARGO.jpg","width":387,"height":257},{"@type":"BreadcrumbList","@id":"https:\/\/projetopack.com.br\/en\/orquidea-e-nestle-parceria-em-misturas-de-bolo-nos-sabores-prestigio-e-alpino\/#breadcrumb","itemListElement":[{"@type":"ListItem","position":1,"name":"P\u00e1gina Inicial","item":"https:\/\/projetopack.com.br\/"},{"@type":"ListItem","position":2,"name":"Lan\u00e7amentos","item":"https:\/\/projetopack.com.br\/category\/lancamentos\/"},{"@type":"ListItem","position":3,"name":"Orqu\u00eddea e Nestl\u00e9: parceria em misturas de bolo nos sabores Prest\u00edgio e Alpino"}]},{"@type":"WebSite","@id":"https:\/\/projetopack.com.br\/#website","url":"https:\/\/projetopack.com.br\/","name":"ProjetoPack","description":"Consultoria e servi\u00e7os para embalagens, r\u00f3tulos, etiquetas e processos de impress\u00e3o","publisher":{"@id":"https:\/\/projetopack.com.br\/#organization"},"potentialAction":[{"@type":"SearchAction","target":{"@type":"EntryPoint","urlTemplate":"https:\/\/projetopack.com.br\/?s={search_term_string}"},"query-input":{"@type":"PropertyValueSpecification","valueRequired":true,"valueName":"search_term_string"}}],"inLanguage":"en-US"},{"@type":"Organization","@id":"https:\/\/projetopack.com.br\/#organization","name":"ProjetoPack & Associados","url":"https:\/\/projetopack.com.br\/","logo":{"@type":"ImageObject","inLanguage":"en-US","@id":"https:\/\/projetopack.com.br\/#\/schema\/logo\/image\/","url":"https:\/\/projetopack.com.br\/wp-content\/uploads\/2020\/09\/projetopack.png","contentUrl":"https:\/\/projetopack.com.br\/wp-content\/uploads\/2020\/09\/projetopack.png","width":200,"height":200,"caption":"ProjetoPack & Associados"},"image":{"@id":"https:\/\/projetopack.com.br\/#\/schema\/logo\/image\/"},"sameAs":["https:\/\/x.com\/ProjetoPack","https:\/\/www.linkedin.com\/company\/projetopack\/"]},{"@type":"Person","@id":"https:\/\/projetopack.com.br\/#\/schema\/person\/d17c72a4bc2b7e461496dd8a14d4cef1","name":"Andrea","image":{"@type":"ImageObject","inLanguage":"en-US","@id":"https:\/\/projetopack.com.br\/#\/schema\/person\/image\/","url":"https:\/\/projetopack.com.br\/wp-content\/uploads\/2026\/03\/eu-150x150.jpg","contentUrl":"https:\/\/projetopack.com.br\/wp-content\/uploads\/2026\/03\/eu-150x150.jpg","caption":"Andrea"},"url":"https:\/\/projetopack.com.br\/en\/author\/andrea\/"}]}},"_links":{"self":[{"href":"https:\/\/projetopack.com.br\/en\/wp-json\/wp\/v2\/posts\/7178","targetHints":{"allow":["GET"]}}],"collection":[{"href":"https:\/\/projetopack.com.br\/en\/wp-json\/wp\/v2\/posts"}],"about":[{"href":"https:\/\/projetopack.com.br\/en\/wp-json\/wp\/v2\/types\/post"}],"author":[{"embeddable":true,"href":"https:\/\/projetopack.com.br\/en\/wp-json\/wp\/v2\/users\/18"}],"replies":[{"embeddable":true,"href":"https:\/\/projetopack.com.br\/en\/wp-json\/wp\/v2\/comments?post=7178"}],"version-history":[{"count":0,"href":"https:\/\/projetopack.com.br\/en\/wp-json\/wp\/v2\/posts\/7178\/revisions"}],"wp:featuredmedia":[{"embeddable":true,"href":"https:\/\/projetopack.com.br\/en\/wp-json\/wp\/v2\/media\/7179"}],"wp:attachment":[{"href":"https:\/\/projetopack.com.br\/en\/wp-json\/wp\/v2\/media?parent=7178"}],"wp:term":[{"taxonomy":"category","embeddable":true,"href":"https:\/\/projetopack.com.br\/en\/wp-json\/wp\/v2\/categories?post=7178"},{"taxonomy":"post_tag","embeddable":true,"href":"https:\/\/projetopack.com.br\/en\/wp-json\/wp\/v2\/tags?post=7178"}],"curies":[{"name":"wp","href":"https:\/\/api.w.org\/{rel}","templated":true}]}}