{"id":7213,"date":"2020-09-15T12:45:38","date_gmt":"2020-09-15T15:45:38","guid":{"rendered":"https:\/\/www.projetopack.com.br\/?p=7213"},"modified":"2020-09-15T13:44:36","modified_gmt":"2020-09-15T16:44:36","slug":"retomada-do-mercado-faz-braskem-ter-recorde-de-venda-em-volume-e-normalizar-taxa-de-utilizacao-das-fabricas","status":"publish","type":"post","link":"https:\/\/projetopack.com.br\/en\/retomada-do-mercado-faz-braskem-ter-recorde-de-venda-em-volume-e-normalizar-taxa-de-utilizacao-das-fabricas\/","title":{"rendered":"Retomada do mercado faz Braskem ter recorde de venda em volume e normalizar taxa de utiliza\u00e7\u00e3o das f\u00e1bricas"},"content":{"rendered":"<figure class=\"wp-block-image size-large\"><img fetchpriority=\"high\" decoding=\"async\" width=\"1024\" height=\"683\" src=\"https:\/\/projetopack.com.br\/wp-content\/uploads\/2020\/09\/Resina-PE-da-Braskem.-4-1024x683.jpg\" alt=\"\" class=\"wp-image-7214\" srcset=\"https:\/\/projetopack.com.br\/wp-content\/uploads\/2020\/09\/Resina-PE-da-Braskem.-4-1024x683.jpg 1024w, https:\/\/projetopack.com.br\/wp-content\/uploads\/2020\/09\/Resina-PE-da-Braskem.-4-300x200.jpg 300w, https:\/\/projetopack.com.br\/wp-content\/uploads\/2020\/09\/Resina-PE-da-Braskem.-4-scaled-600x400.jpg 600w, https:\/\/projetopack.com.br\/wp-content\/uploads\/2020\/09\/Resina-PE-da-Braskem.-4-768x512.jpg 768w, https:\/\/projetopack.com.br\/wp-content\/uploads\/2020\/09\/Resina-PE-da-Braskem.-4-1536x1024.jpg 1536w, https:\/\/projetopack.com.br\/wp-content\/uploads\/2020\/09\/Resina-PE-da-Braskem.-4-scaled.jpg 2048w\" sizes=\"(max-width: 1024px) 100vw, 1024px\" \/><\/figure>\n\n\n\n<p><em>Unidades industriais foram adaptadas e os protocolos de higiene refor\u00e7ados para receber funcion\u00e1rios em total seguran\u00e7a<\/em><\/p>\n\n\n\n<p>A Braskem anunciou a retomada da taxa de utiliza\u00e7\u00e3o normal de suas centrais no Brasil para atender a alta demanda por resinas termopl\u00e1sticas de diversos setores.&nbsp; Em agosto, a companhia registrou recorde mensal de vendas de resinas de polipropileno (PP), polietileno (PE) e policloreto de vinila (PVC), superando 350 mil toneladas comercializadas no mercado brasileiro. Esse resultado superou a marca hist\u00f3rica dom\u00e9stica de junho de 2018, quando houve um pico de demanda represada devido \u00e0 greve dos caminhoneiros.<\/p>\n\n\n\n<p>Em maio, a Braskem havia comunicado ao mercado a redu\u00e7\u00e3o de carga das centrais petroqu\u00edmicas no pa\u00eds a 64% da capacidade nominal. Agora a companhia volta \u00e0 taxa de utiliza\u00e7\u00e3o normal para atender diversos setores, como a ind\u00fastria de embalagens, alavancada especialmente pela import\u00e2ncia do segmento de <em>delivery<\/em> de alimentos, os fabricantes de equipamentos de prote\u00e7\u00e3o individual (EPIs) para profissionais da sa\u00fade, al\u00e9m do setor de constru\u00e7\u00e3o civil, que est\u00e1 voltado \u00e0s atividades regulares. \u201cA Braskem tem como linha de atua\u00e7\u00e3o a prioridade no atendimento ao mercado interno, que j\u00e1 vinha se estabilizando, mas tamb\u00e9m segue atendendo amplamente as exporta\u00e7\u00f5es\u201d, analisa o vice-presidente de Olefinas e Poliolefinas Am\u00e9rica do Sul, Edison Terra.<\/p>\n\n\n\n<figure class=\"wp-block-pullquote\"><blockquote><p>\u201cNas \u00faltimas semanas a recupera\u00e7\u00e3o ficou bastante clara dentro do mercado de insumos \u00e0 cadeia do pl\u00e1stico e isso \u00e9 uma not\u00edcia bastante positiva. \u00c9 um sinal importante de recupera\u00e7\u00e3o econ\u00f4mica da ind\u00fastria frente a uma pandemia e seus desdobramentos\u201d, complementa Isabel Figueiredo, vice-presidente de Vin\u00edlicos e Especialidades.<\/p><\/blockquote><\/figure>\n\n\n\n<p>Para todas as fun\u00e7\u00f5es administrativas e comerciais, a Braskem mant\u00e9m o modelo de <em>flex office<\/em>, que j\u00e1 era um programa estruturado antes da pandemia e foi refor\u00e7ado e ampliado para proteger os integrantes, al\u00e9m daqueles que fazem parte dos grupos de maior risco.<\/p>\n\n\n\n<p>Mas com o intuito de garantir a seguran\u00e7a dos colaboradores, parceiros e fornecedores, as plantas industriais e escrit\u00f3rios da Braskem j\u00e1 passaram por adapta\u00e7\u00f5es estruturais e log\u00edsticas para que todos que atuam, especialmente nas f\u00e1bricas, possam retornar, por fases, \u00e0s atividades presenciais seguindo todos os protocolos indicados pela Organiza\u00e7\u00e3o Mundial da Sa\u00fade (OMS).<\/p>\n\n\n\n<p>Entre as provid\u00eancias tomadas quanto \u00e0 estrutura f\u00edsica, foram feitas novas divis\u00f3rias e altera\u00e7\u00e3o de layout para espa\u00e7amento das esta\u00e7\u00f5es de trabalho; sinaliza\u00e7\u00e3o em locais de maior fluxo para garantir o distanciamento entre pessoas, como filas e \u00e1rea de fumantes; e amplia\u00e7\u00e3o de pontos de higieniza\u00e7\u00e3o com \u00e1lcool gel.<\/p>\n\n\n\n<p>Em rela\u00e7\u00e3o \u00e0 log\u00edstica, os cuidados passam pelo bloqueio de assentos nos \u00f4nibus para circula\u00e7\u00e3o interna nas unidades e fechamento ou restri\u00e7\u00e3o de circula\u00e7\u00e3o em \u00e1reas como elevadores, espa\u00e7os de alimenta\u00e7\u00e3o (restaurantes, refeit\u00f3rios e lanchonetes), academias, vesti\u00e1rios, banheiros, salas de reuni\u00f5es, entre outros espa\u00e7os de conviv\u00eancia.<\/p>\n\n\n\n<figure class=\"wp-block-pullquote\"><blockquote><p>\u201cO enfrentamento do novo coronav\u00edrus tamb\u00e9m passa pela produ\u00e7\u00e3o de resina. Quando foi necess\u00e1rio, mobilizamos toda a nossa cadeia de valor, n\u00e3o s\u00f3 para produzir os equipamentos de prote\u00e7\u00e3o individual (EPIs) para os profissionais da sa\u00fade, mas tamb\u00e9m para apoiar a\u00e7\u00f5es que beneficiam os pacientes infectados pela covid-19 e a sociedade\u201d, afirma Edison Terra. \u201cAgora \u00e9 o momento de retomarmos a produ\u00e7\u00e3o para atendermos os setores que precisam das resinas para seguirmos melhorando e transformando a vida das pessoas por meio do pl\u00e1stico. E isso s\u00f3 \u00e9 poss\u00edvel com todo o cuidado e seguran\u00e7a aos nossos funcion\u00e1rios\u201d, finaliza.<\/p><\/blockquote><\/figure>\n\n\n\n<p><\/p>\n\n\n\n<p><strong>FONTE:<\/strong><\/p>\n\n\n\n<p class=\"has-background has-very-light-gray-background-color\"><strong>F\u00e1bio Souza<br><\/strong><a href=\"mailto:fabio.souza@cdn.com.br\">fabio.souza@cdn.com.br<\/a><br>55 (11) 9 4895-9787<br>55 (11) 4084-4800 PABX<br>55 (11) 3643-2813<br><a href=\"http:\/\/www.cdn.com.br\/\"><\/a><br><br><img decoding=\"async\" width=\"118\" height=\"71\" src=\"blob:https:\/\/projetopack.com.br\/ce520577-4102-43d3-b0c1-ac6a04508973\" alt=\"cid:image003.png@01D62849.0AF79650\" class=\"\"><\/p>","protected":false},"excerpt":{"rendered":"<p>A Braskem anunciou a retomada da taxa de utiliza\u00e7\u00e3o normal de suas centrais no Brasil para atender a alta demanda por resinas termopl\u00e1sticas de diversos setores.<\/p>","protected":false},"author":18,"featured_media":0,"comment_status":"open","ping_status":"closed","sticky":false,"template":"","format":"standard","meta":{"footnotes":""},"categories":[458],"tags":[386],"class_list":["post-7213","post","type-post","status-publish","format-standard","hentry","category-lancamentos","tag-braskem"],"yoast_head":"<!-- This site is optimized with the Yoast SEO Premium plugin v27.1 (Yoast SEO v27.1.1) - https:\/\/yoast.com\/product\/yoast-seo-premium-wordpress\/ -->\n<title>Retomada do mercado faz Braskem ter recorde de venda em volume e normalizar taxa de utiliza\u00e7\u00e3o das f\u00e1bricas - ProjetoPack<\/title>\n<meta name=\"description\" content=\"A Braskem anunciou a retomada da taxa de utiliza\u00e7\u00e3o normal de suas centrais no Brasil para atender a alta demanda por resinas termopl\u00e1sticas de diversos setores.\" \/>\n<meta name=\"robots\" content=\"index, follow, max-snippet:-1, max-image-preview:large, max-video-preview:-1\" \/>\n<link rel=\"canonical\" href=\"https:\/\/projetopack.com.br\/en\/retomada-do-mercado-faz-braskem-ter-recorde-de-venda-em-volume-e-normalizar-taxa-de-utilizacao-das-fabricas\/\" \/>\n<meta property=\"og:locale\" content=\"en_US\" \/>\n<meta property=\"og:type\" content=\"article\" \/>\n<meta property=\"og:title\" content=\"Retomada do mercado faz Braskem ter recorde de venda em volume e normalizar taxa de utiliza\u00e7\u00e3o das f\u00e1bricas\" \/>\n<meta property=\"og:description\" content=\"A Braskem anunciou a retomada da taxa de utiliza\u00e7\u00e3o normal de suas centrais no Brasil para atender a alta demanda por resinas termopl\u00e1sticas de diversos setores.\" \/>\n<meta property=\"og:url\" content=\"https:\/\/projetopack.com.br\/en\/retomada-do-mercado-faz-braskem-ter-recorde-de-venda-em-volume-e-normalizar-taxa-de-utilizacao-das-fabricas\/\" \/>\n<meta property=\"og:site_name\" content=\"ProjetoPack\" \/>\n<meta property=\"article:published_time\" content=\"2020-09-15T15:45:38+00:00\" \/>\n<meta property=\"article:modified_time\" content=\"2020-09-15T16:44:36+00:00\" \/>\n<meta property=\"og:image\" content=\"https:\/\/projetopack.com.br\/wp-content\/uploads\/2020\/09\/Resina-PE-da-Braskem.-4-1024x683.jpg\" \/>\n<meta name=\"author\" content=\"Andrea\" \/>\n<meta name=\"twitter:card\" content=\"summary_large_image\" \/>\n<meta name=\"twitter:creator\" content=\"@ProjetoPack\" \/>\n<meta name=\"twitter:site\" content=\"@ProjetoPack\" \/>\n<meta name=\"twitter:label1\" content=\"Written by\" \/>\n\t<meta name=\"twitter:data1\" content=\"Andrea\" \/>\n\t<meta name=\"twitter:label2\" content=\"Est. reading time\" \/>\n\t<meta name=\"twitter:data2\" content=\"3 minutes\" \/>\n<script type=\"application\/ld+json\" class=\"yoast-schema-graph\">{\"@context\":\"https:\/\/schema.org\",\"@graph\":[{\"@type\":\"Article\",\"@id\":\"https:\/\/projetopack.com.br\/en\/retomada-do-mercado-faz-braskem-ter-recorde-de-venda-em-volume-e-normalizar-taxa-de-utilizacao-das-fabricas\/#article\",\"isPartOf\":{\"@id\":\"https:\/\/projetopack.com.br\/en\/retomada-do-mercado-faz-braskem-ter-recorde-de-venda-em-volume-e-normalizar-taxa-de-utilizacao-das-fabricas\/\"},\"author\":{\"name\":\"Andrea\",\"@id\":\"https:\/\/projetopack.com.br\/#\/schema\/person\/d17c72a4bc2b7e461496dd8a14d4cef1\"},\"headline\":\"Retomada do mercado faz Braskem ter recorde de venda em volume e normalizar taxa de utiliza\u00e7\u00e3o das f\u00e1bricas\",\"datePublished\":\"2020-09-15T15:45:38+00:00\",\"dateModified\":\"2020-09-15T16:44:36+00:00\",\"mainEntityOfPage\":{\"@id\":\"https:\/\/projetopack.com.br\/en\/retomada-do-mercado-faz-braskem-ter-recorde-de-venda-em-volume-e-normalizar-taxa-de-utilizacao-das-fabricas\/\"},\"wordCount\":639,\"commentCount\":0,\"publisher\":{\"@id\":\"https:\/\/projetopack.com.br\/#organization\"},\"image\":{\"@id\":\"https:\/\/projetopack.com.br\/en\/retomada-do-mercado-faz-braskem-ter-recorde-de-venda-em-volume-e-normalizar-taxa-de-utilizacao-das-fabricas\/#primaryimage\"},\"thumbnailUrl\":\"https:\/\/projetopack.com.br\/wp-content\/uploads\/2020\/09\/Resina-PE-da-Braskem.-4-1024x683.jpg\",\"keywords\":[\"braskem\"],\"articleSection\":[\"Lan\u00e7amentos\"],\"inLanguage\":\"en-US\",\"potentialAction\":[{\"@type\":\"CommentAction\",\"name\":\"Comment\",\"target\":[\"https:\/\/projetopack.com.br\/en\/retomada-do-mercado-faz-braskem-ter-recorde-de-venda-em-volume-e-normalizar-taxa-de-utilizacao-das-fabricas\/#respond\"]}]},{\"@type\":\"WebPage\",\"@id\":\"https:\/\/projetopack.com.br\/en\/retomada-do-mercado-faz-braskem-ter-recorde-de-venda-em-volume-e-normalizar-taxa-de-utilizacao-das-fabricas\/\",\"url\":\"https:\/\/projetopack.com.br\/en\/retomada-do-mercado-faz-braskem-ter-recorde-de-venda-em-volume-e-normalizar-taxa-de-utilizacao-das-fabricas\/\",\"name\":\"Retomada do mercado faz Braskem ter recorde de venda em volume e normalizar taxa de utiliza\u00e7\u00e3o das f\u00e1bricas - ProjetoPack\",\"isPartOf\":{\"@id\":\"https:\/\/projetopack.com.br\/#website\"},\"primaryImageOfPage\":{\"@id\":\"https:\/\/projetopack.com.br\/en\/retomada-do-mercado-faz-braskem-ter-recorde-de-venda-em-volume-e-normalizar-taxa-de-utilizacao-das-fabricas\/#primaryimage\"},\"image\":{\"@id\":\"https:\/\/projetopack.com.br\/en\/retomada-do-mercado-faz-braskem-ter-recorde-de-venda-em-volume-e-normalizar-taxa-de-utilizacao-das-fabricas\/#primaryimage\"},\"thumbnailUrl\":\"https:\/\/projetopack.com.br\/wp-content\/uploads\/2020\/09\/Resina-PE-da-Braskem.-4-1024x683.jpg\",\"datePublished\":\"2020-09-15T15:45:38+00:00\",\"dateModified\":\"2020-09-15T16:44:36+00:00\",\"description\":\"A Braskem anunciou a retomada da taxa de utiliza\u00e7\u00e3o normal de suas centrais no Brasil para atender a alta demanda por resinas termopl\u00e1sticas de diversos setores.\",\"breadcrumb\":{\"@id\":\"https:\/\/projetopack.com.br\/en\/retomada-do-mercado-faz-braskem-ter-recorde-de-venda-em-volume-e-normalizar-taxa-de-utilizacao-das-fabricas\/#breadcrumb\"},\"inLanguage\":\"en-US\",\"potentialAction\":[{\"@type\":\"ReadAction\",\"target\":[\"https:\/\/projetopack.com.br\/en\/retomada-do-mercado-faz-braskem-ter-recorde-de-venda-em-volume-e-normalizar-taxa-de-utilizacao-das-fabricas\/\"]}]},{\"@type\":\"ImageObject\",\"inLanguage\":\"en-US\",\"@id\":\"https:\/\/projetopack.com.br\/en\/retomada-do-mercado-faz-braskem-ter-recorde-de-venda-em-volume-e-normalizar-taxa-de-utilizacao-das-fabricas\/#primaryimage\",\"url\":\"https:\/\/projetopack.com.br\/wp-content\/uploads\/2020\/09\/Resina-PE-da-Braskem.-4-1024x683.jpg\",\"contentUrl\":\"https:\/\/projetopack.com.br\/wp-content\/uploads\/2020\/09\/Resina-PE-da-Braskem.-4-1024x683.jpg\"},{\"@type\":\"BreadcrumbList\",\"@id\":\"https:\/\/projetopack.com.br\/en\/retomada-do-mercado-faz-braskem-ter-recorde-de-venda-em-volume-e-normalizar-taxa-de-utilizacao-das-fabricas\/#breadcrumb\",\"itemListElement\":[{\"@type\":\"ListItem\",\"position\":1,\"name\":\"P\u00e1gina Inicial\",\"item\":\"https:\/\/projetopack.com.br\/\"},{\"@type\":\"ListItem\",\"position\":2,\"name\":\"Lan\u00e7amentos\",\"item\":\"https:\/\/projetopack.com.br\/category\/lancamentos\/\"},{\"@type\":\"ListItem\",\"position\":3,\"name\":\"Retomada do mercado faz Braskem ter recorde de venda em volume e normalizar taxa de utiliza\u00e7\u00e3o das f\u00e1bricas\"}]},{\"@type\":\"WebSite\",\"@id\":\"https:\/\/projetopack.com.br\/#website\",\"url\":\"https:\/\/projetopack.com.br\/\",\"name\":\"ProjetoPack\",\"description\":\"Consultoria e servi\u00e7os para embalagens, r\u00f3tulos, etiquetas e processos de impress\u00e3o\",\"publisher\":{\"@id\":\"https:\/\/projetopack.com.br\/#organization\"},\"potentialAction\":[{\"@type\":\"SearchAction\",\"target\":{\"@type\":\"EntryPoint\",\"urlTemplate\":\"https:\/\/projetopack.com.br\/?s={search_term_string}\"},\"query-input\":{\"@type\":\"PropertyValueSpecification\",\"valueRequired\":true,\"valueName\":\"search_term_string\"}}],\"inLanguage\":\"en-US\"},{\"@type\":\"Organization\",\"@id\":\"https:\/\/projetopack.com.br\/#organization\",\"name\":\"ProjetoPack & Associados\",\"url\":\"https:\/\/projetopack.com.br\/\",\"logo\":{\"@type\":\"ImageObject\",\"inLanguage\":\"en-US\",\"@id\":\"https:\/\/projetopack.com.br\/#\/schema\/logo\/image\/\",\"url\":\"https:\/\/projetopack.com.br\/wp-content\/uploads\/2020\/09\/projetopack.png\",\"contentUrl\":\"https:\/\/projetopack.com.br\/wp-content\/uploads\/2020\/09\/projetopack.png\",\"width\":200,\"height\":200,\"caption\":\"ProjetoPack & Associados\"},\"image\":{\"@id\":\"https:\/\/projetopack.com.br\/#\/schema\/logo\/image\/\"},\"sameAs\":[\"https:\/\/x.com\/ProjetoPack\",\"https:\/\/www.linkedin.com\/company\/projetopack\/\"]},{\"@type\":\"Person\",\"@id\":\"https:\/\/projetopack.com.br\/#\/schema\/person\/d17c72a4bc2b7e461496dd8a14d4cef1\",\"name\":\"Andrea\",\"image\":{\"@type\":\"ImageObject\",\"inLanguage\":\"en-US\",\"@id\":\"https:\/\/projetopack.com.br\/#\/schema\/person\/image\/\",\"url\":\"https:\/\/projetopack.com.br\/wp-content\/uploads\/2026\/03\/eu-150x150.jpg\",\"contentUrl\":\"https:\/\/projetopack.com.br\/wp-content\/uploads\/2026\/03\/eu-150x150.jpg\",\"caption\":\"Andrea\"},\"url\":\"https:\/\/projetopack.com.br\/en\/author\/andrea\/\"}]}<\/script>\n<!-- \/ Yoast SEO Premium plugin. -->","yoast_head_json":{"title":"Retomada do mercado faz Braskem ter recorde de venda em volume e normalizar taxa de utiliza\u00e7\u00e3o das f\u00e1bricas - ProjetoPack","description":"A Braskem anunciou a retomada da taxa de utiliza\u00e7\u00e3o normal de suas centrais no Brasil para atender a alta demanda por resinas termopl\u00e1sticas de diversos setores.","robots":{"index":"index","follow":"follow","max-snippet":"max-snippet:-1","max-image-preview":"max-image-preview:large","max-video-preview":"max-video-preview:-1"},"canonical":"https:\/\/projetopack.com.br\/en\/retomada-do-mercado-faz-braskem-ter-recorde-de-venda-em-volume-e-normalizar-taxa-de-utilizacao-das-fabricas\/","og_locale":"en_US","og_type":"article","og_title":"Retomada do mercado faz Braskem ter recorde de venda em volume e normalizar taxa de utiliza\u00e7\u00e3o das f\u00e1bricas","og_description":"A Braskem anunciou a retomada da taxa de utiliza\u00e7\u00e3o normal de suas centrais no Brasil para atender a alta demanda por resinas termopl\u00e1sticas de diversos setores.","og_url":"https:\/\/projetopack.com.br\/en\/retomada-do-mercado-faz-braskem-ter-recorde-de-venda-em-volume-e-normalizar-taxa-de-utilizacao-das-fabricas\/","og_site_name":"ProjetoPack","article_published_time":"2020-09-15T15:45:38+00:00","article_modified_time":"2020-09-15T16:44:36+00:00","og_image":[{"url":"https:\/\/projetopack.com.br\/wp-content\/uploads\/2020\/09\/Resina-PE-da-Braskem.-4-1024x683.jpg","type":"","width":"","height":""}],"author":"Andrea","twitter_card":"summary_large_image","twitter_creator":"@ProjetoPack","twitter_site":"@ProjetoPack","twitter_misc":{"Written by":"Andrea","Est. reading time":"3 minutes"},"schema":{"@context":"https:\/\/schema.org","@graph":[{"@type":"Article","@id":"https:\/\/projetopack.com.br\/en\/retomada-do-mercado-faz-braskem-ter-recorde-de-venda-em-volume-e-normalizar-taxa-de-utilizacao-das-fabricas\/#article","isPartOf":{"@id":"https:\/\/projetopack.com.br\/en\/retomada-do-mercado-faz-braskem-ter-recorde-de-venda-em-volume-e-normalizar-taxa-de-utilizacao-das-fabricas\/"},"author":{"name":"Andrea","@id":"https:\/\/projetopack.com.br\/#\/schema\/person\/d17c72a4bc2b7e461496dd8a14d4cef1"},"headline":"Retomada do mercado faz Braskem ter recorde de venda em volume e normalizar taxa de utiliza\u00e7\u00e3o das f\u00e1bricas","datePublished":"2020-09-15T15:45:38+00:00","dateModified":"2020-09-15T16:44:36+00:00","mainEntityOfPage":{"@id":"https:\/\/projetopack.com.br\/en\/retomada-do-mercado-faz-braskem-ter-recorde-de-venda-em-volume-e-normalizar-taxa-de-utilizacao-das-fabricas\/"},"wordCount":639,"commentCount":0,"publisher":{"@id":"https:\/\/projetopack.com.br\/#organization"},"image":{"@id":"https:\/\/projetopack.com.br\/en\/retomada-do-mercado-faz-braskem-ter-recorde-de-venda-em-volume-e-normalizar-taxa-de-utilizacao-das-fabricas\/#primaryimage"},"thumbnailUrl":"https:\/\/projetopack.com.br\/wp-content\/uploads\/2020\/09\/Resina-PE-da-Braskem.-4-1024x683.jpg","keywords":["braskem"],"articleSection":["Lan\u00e7amentos"],"inLanguage":"en-US","potentialAction":[{"@type":"CommentAction","name":"Comment","target":["https:\/\/projetopack.com.br\/en\/retomada-do-mercado-faz-braskem-ter-recorde-de-venda-em-volume-e-normalizar-taxa-de-utilizacao-das-fabricas\/#respond"]}]},{"@type":"WebPage","@id":"https:\/\/projetopack.com.br\/en\/retomada-do-mercado-faz-braskem-ter-recorde-de-venda-em-volume-e-normalizar-taxa-de-utilizacao-das-fabricas\/","url":"https:\/\/projetopack.com.br\/en\/retomada-do-mercado-faz-braskem-ter-recorde-de-venda-em-volume-e-normalizar-taxa-de-utilizacao-das-fabricas\/","name":"Retomada do mercado faz Braskem ter recorde de venda em volume e normalizar taxa de utiliza\u00e7\u00e3o das f\u00e1bricas - ProjetoPack","isPartOf":{"@id":"https:\/\/projetopack.com.br\/#website"},"primaryImageOfPage":{"@id":"https:\/\/projetopack.com.br\/en\/retomada-do-mercado-faz-braskem-ter-recorde-de-venda-em-volume-e-normalizar-taxa-de-utilizacao-das-fabricas\/#primaryimage"},"image":{"@id":"https:\/\/projetopack.com.br\/en\/retomada-do-mercado-faz-braskem-ter-recorde-de-venda-em-volume-e-normalizar-taxa-de-utilizacao-das-fabricas\/#primaryimage"},"thumbnailUrl":"https:\/\/projetopack.com.br\/wp-content\/uploads\/2020\/09\/Resina-PE-da-Braskem.-4-1024x683.jpg","datePublished":"2020-09-15T15:45:38+00:00","dateModified":"2020-09-15T16:44:36+00:00","description":"A Braskem anunciou a retomada da taxa de utiliza\u00e7\u00e3o normal de suas centrais no Brasil para atender a alta demanda por resinas termopl\u00e1sticas de diversos setores.","breadcrumb":{"@id":"https:\/\/projetopack.com.br\/en\/retomada-do-mercado-faz-braskem-ter-recorde-de-venda-em-volume-e-normalizar-taxa-de-utilizacao-das-fabricas\/#breadcrumb"},"inLanguage":"en-US","potentialAction":[{"@type":"ReadAction","target":["https:\/\/projetopack.com.br\/en\/retomada-do-mercado-faz-braskem-ter-recorde-de-venda-em-volume-e-normalizar-taxa-de-utilizacao-das-fabricas\/"]}]},{"@type":"ImageObject","inLanguage":"en-US","@id":"https:\/\/projetopack.com.br\/en\/retomada-do-mercado-faz-braskem-ter-recorde-de-venda-em-volume-e-normalizar-taxa-de-utilizacao-das-fabricas\/#primaryimage","url":"https:\/\/projetopack.com.br\/wp-content\/uploads\/2020\/09\/Resina-PE-da-Braskem.-4-1024x683.jpg","contentUrl":"https:\/\/projetopack.com.br\/wp-content\/uploads\/2020\/09\/Resina-PE-da-Braskem.-4-1024x683.jpg"},{"@type":"BreadcrumbList","@id":"https:\/\/projetopack.com.br\/en\/retomada-do-mercado-faz-braskem-ter-recorde-de-venda-em-volume-e-normalizar-taxa-de-utilizacao-das-fabricas\/#breadcrumb","itemListElement":[{"@type":"ListItem","position":1,"name":"P\u00e1gina Inicial","item":"https:\/\/projetopack.com.br\/"},{"@type":"ListItem","position":2,"name":"Lan\u00e7amentos","item":"https:\/\/projetopack.com.br\/category\/lancamentos\/"},{"@type":"ListItem","position":3,"name":"Retomada do mercado faz Braskem ter recorde de venda em volume e normalizar taxa de utiliza\u00e7\u00e3o das f\u00e1bricas"}]},{"@type":"WebSite","@id":"https:\/\/projetopack.com.br\/#website","url":"https:\/\/projetopack.com.br\/","name":"ProjetoPack","description":"Consultoria e servi\u00e7os para embalagens, r\u00f3tulos, etiquetas e processos de impress\u00e3o","publisher":{"@id":"https:\/\/projetopack.com.br\/#organization"},"potentialAction":[{"@type":"SearchAction","target":{"@type":"EntryPoint","urlTemplate":"https:\/\/projetopack.com.br\/?s={search_term_string}"},"query-input":{"@type":"PropertyValueSpecification","valueRequired":true,"valueName":"search_term_string"}}],"inLanguage":"en-US"},{"@type":"Organization","@id":"https:\/\/projetopack.com.br\/#organization","name":"ProjetoPack & Associados","url":"https:\/\/projetopack.com.br\/","logo":{"@type":"ImageObject","inLanguage":"en-US","@id":"https:\/\/projetopack.com.br\/#\/schema\/logo\/image\/","url":"https:\/\/projetopack.com.br\/wp-content\/uploads\/2020\/09\/projetopack.png","contentUrl":"https:\/\/projetopack.com.br\/wp-content\/uploads\/2020\/09\/projetopack.png","width":200,"height":200,"caption":"ProjetoPack & Associados"},"image":{"@id":"https:\/\/projetopack.com.br\/#\/schema\/logo\/image\/"},"sameAs":["https:\/\/x.com\/ProjetoPack","https:\/\/www.linkedin.com\/company\/projetopack\/"]},{"@type":"Person","@id":"https:\/\/projetopack.com.br\/#\/schema\/person\/d17c72a4bc2b7e461496dd8a14d4cef1","name":"Andrea","image":{"@type":"ImageObject","inLanguage":"en-US","@id":"https:\/\/projetopack.com.br\/#\/schema\/person\/image\/","url":"https:\/\/projetopack.com.br\/wp-content\/uploads\/2026\/03\/eu-150x150.jpg","contentUrl":"https:\/\/projetopack.com.br\/wp-content\/uploads\/2026\/03\/eu-150x150.jpg","caption":"Andrea"},"url":"https:\/\/projetopack.com.br\/en\/author\/andrea\/"}]}},"_links":{"self":[{"href":"https:\/\/projetopack.com.br\/en\/wp-json\/wp\/v2\/posts\/7213","targetHints":{"allow":["GET"]}}],"collection":[{"href":"https:\/\/projetopack.com.br\/en\/wp-json\/wp\/v2\/posts"}],"about":[{"href":"https:\/\/projetopack.com.br\/en\/wp-json\/wp\/v2\/types\/post"}],"author":[{"embeddable":true,"href":"https:\/\/projetopack.com.br\/en\/wp-json\/wp\/v2\/users\/18"}],"replies":[{"embeddable":true,"href":"https:\/\/projetopack.com.br\/en\/wp-json\/wp\/v2\/comments?post=7213"}],"version-history":[{"count":0,"href":"https:\/\/projetopack.com.br\/en\/wp-json\/wp\/v2\/posts\/7213\/revisions"}],"wp:attachment":[{"href":"https:\/\/projetopack.com.br\/en\/wp-json\/wp\/v2\/media?parent=7213"}],"wp:term":[{"taxonomy":"category","embeddable":true,"href":"https:\/\/projetopack.com.br\/en\/wp-json\/wp\/v2\/categories?post=7213"},{"taxonomy":"post_tag","embeddable":true,"href":"https:\/\/projetopack.com.br\/en\/wp-json\/wp\/v2\/tags?post=7213"}],"curies":[{"name":"wp","href":"https:\/\/api.w.org\/{rel}","templated":true}]}}