{"id":7218,"date":"2020-09-15T13:39:13","date_gmt":"2020-09-15T16:39:13","guid":{"rendered":"https:\/\/www.projetopack.com.br\/?p=7218"},"modified":"2021-03-29T12:27:10","modified_gmt":"2021-03-29T15:27:10","slug":"o-que-aprendemos-na-primeira-entrevista-do-programa-packcast-com-a-comexi-do-brasil","status":"publish","type":"post","link":"https:\/\/projetopack.com.br\/en\/o-que-aprendemos-na-primeira-entrevista-do-programa-packcast-com-a-comexi-do-brasil\/","title":{"rendered":"ProjetoPack: O que aprendemos na primeira entrevista do programa PackCast com a Comexi do Brasil?"},"content":{"rendered":"<p>Na \u00faltima semana, estreamos um novo formato de conte\u00fado: o podcast. E aproveitamos o v\u00eddeo da entrevista para tamb\u00e9m introduzir um webcast no nosso canal do YouTube.<\/p>\n\n\n\n<p>O PackCast veio para tratar dos temas que acabam ficando ou total, ou parcialmente de fora das seis edi\u00e7\u00f5es impressas e online da&nbsp;<a href=\"https:\/\/projetopack.com.br\/revista-projeto-pack\/\" target=\"_blank\" rel=\"noreferrer noopener\">ProjetoPack em Revista<\/a>. Portanto, falaremos majoritariamente de embalagens, r\u00f3tulos e sistemas de impress\u00e3o.<\/p>\n\n\n\n<iframe title=\"PackLive com a Comexi do Brasil\" width=\"800\" height=\"450\" src=\"https:\/\/www.youtube.com\/embed\/tcgYsUcUwpM?feature=oembed&#038;enablejsapi=1&#038;origin=https:\/\/projetopack.com.br\" frameborder=\"0\" allow=\"accelerometer; autoplay; clipboard-write; encrypted-media; gyroscope; picture-in-picture\" allowfullscreen><\/iframe>\n\n\n\n<p>Estreamos o&nbsp;<strong>PackCast<\/strong>&nbsp;entrevistando o diretor geral da&nbsp;<a href=\"https:\/\/comexi.com\/pt\/\" target=\"_blank\" rel=\"noreferrer noopener\">Comexi do Brasil<\/a>,&nbsp;<strong>Marc Boadas<\/strong>.<\/p>\n\n\n\n<p><em>A Comexi ocupa hoje um lugar de destaque na venda de impressoras, laminadoras e cortadeiras para embalagens flex\u00edveis em todo o mundo, com uma de suas f\u00e1bricas na cidade de Montenegro, RS.<\/em><\/p>\n\n\n\n<p>A &#8220;Constru\u00e7\u00f5es Mec\u00e2nicas Xifra&#8221;, fundada em 1954, tem grande participa\u00e7\u00e3o no desenvolvimento dos sistemas e processos de fabrica\u00e7\u00e3o de embalagens flex\u00edveis, com algumas disrup\u00e7\u00f5es importantes como a impressora h\u00edbrida&nbsp;<a href=\"https:\/\/comexi.com\/pt\/categorias\/offset\" target=\"_blank\" rel=\"noreferrer noopener\">offset CI8<\/a>, que adota o conceito de tambor central da flexografia, mas imprime em offset EB materiais f\u00edlmicos variados.<\/p>\n\n\n\n<p>Este bate-papo interessante com Marc demonstrou que o mercado de m\u00e1quinas gr\u00e1ficas est\u00e1 mudando &#8211; algumas destas mudan\u00e7as s\u00e3o sutis, quase impercept\u00edveis, e outras bastante radicais e not\u00f3rias &#8211; e suscita a quest\u00e3o de qual ser\u00e1 o impacto, a m\u00e9dio e longo prazo, desta transforma\u00e7\u00e3o aos clientes convertedores e aos pr\u00f3prios donos das marcas.<\/p>\n\n\n\n<p>Em s\u00edntese, aprendemos que:<\/p>\n\n\n\n<ul class=\"wp-block-list\"><li>A linha de impressoras rotogravura, no caso da Comexi, foi descontinuada. Dentre in\u00fameros fatores est\u00e1 a din\u00e2mica das tiragens cada vez menores e maior segmenta\u00e7\u00e3o de produto, face \u00e0 um avan\u00e7o tecnol\u00f3gico da flexografia;<\/li><li>A offset para materiais flex\u00edveis, no caso espec\u00edfico da Comexi, segue como uma aposta forte da companhia, como op\u00e7\u00e3o aos custos crescentes de pr\u00e9-impress\u00e3o e formatura flexogr\u00e1fica;<\/li><li>Assim como todos os grandes players de m\u00e1quinas, h\u00e1 movimentos na \u00e1rea de impress\u00e3o digital. A Comexi faria um lan\u00e7amento na Drupa desta plataforma, mas com o cancelamento da feira, teremos que aguardar mais algum tempo;<\/li><li>As ind\u00fastrias de m\u00e1quinas tem, como uma de suas compet\u00eancias mais fundamentais (na verdade, um fator de sucesso) a gest\u00e3o da cadeia de suprimentos. No caso da Comexi, h\u00e1 uma complica\u00e7\u00e3o adicional: a de gerir localmente os fornecedores com base em especifica\u00e7\u00f5es e par\u00e2metros de aceite internacionais;<\/li><li>Desenvolvimento e inova\u00e7\u00e3o s\u00e3o o core da empresa, seja verticalmente como em ecossistemas colaborativos. A ideia da Comexi \u00e9 aportar cada vez mais intelig\u00eancia no equipamento, interoperabilidade e comunica\u00e7\u00e3o entre as m\u00e1quinas, para que o pr\u00f3prio equipamento ajude o cliente a tomar decis\u00f5es no ch\u00e3o-da-f\u00e1brica;<\/li><li>Tecnologias como cura por feixe de el\u00e9trons e impress\u00e3o base \u00e1gua para filmes n\u00e3o foram adiante no Brasil, em boa parte por conta da legisla\u00e7\u00e3o. Com a nova realidade e a prem\u00eancia das quest\u00f5es ambientais, tudo deve voltar \u00e0 pauta, com maior probabilidade para a impress\u00e3o base \u00e1gua;<\/li><li>A pandemia acelerou uma s\u00e9rie de mudan\u00e7as sociais, culturais e tecnol\u00f3gicas. Durante o per\u00edodo cr\u00edtico de quarentena na Col\u00f4mbia, a Comexi executou a instala\u00e7\u00e3o de um equipamento complexo de forma totalmente remota. Espera-se que a ado\u00e7\u00e3o de suporte remoto ganhe maior relev\u00e2ncia daqui em diante;<\/li><li>Um portf\u00f3lio amplo &#8211; com extrus\u00e3o, impress\u00e3o, lamina\u00e7\u00e3o e corte &#8211; ajuda os players a fecharem novos neg\u00f3cios. A Comexi resolveu a parte da extrus\u00e3o de forma simbi\u00f3tica com a alem\u00e3&nbsp;<a href=\"https:\/\/ww2.reifenhauser.com\/\" target=\"_blank\" rel=\"noreferrer noopener\">Reifenhauser<\/a>. Opini\u00e3o: n\u00e3o nos espantaria uma fus\u00e3o entre as empresas no futuro;<\/li><li>Apesar de estarmos vivenciando a menor taxa de juros da hist\u00f3ria, o spread banc\u00e1rio ainda torna o financiamento restritivo a uma parcela relevante das empresas. \u00c9 imprescind\u00edvel trabalhar esta quest\u00e3o para criar um c\u00edrculo virtuoso que fomente os investimentos e a reindustrializa\u00e7\u00e3o do pa\u00eds;<\/li><li>Assim como a venda de software, alguns fabricantes de m\u00e1quinas digitais trabalham seus equipamentos no modelo&nbsp;<em>As A Service<\/em>. Para m\u00e1quinas anal\u00f3gicas, isso n\u00e3o \u00e9 imposs\u00edvel, mas \u00e9 pouco prov\u00e1vel em vista do montante de investimento necess\u00e1rio para tal. Mas h\u00e1, de qualquer maneira, espa\u00e7o para inovar na forma de vender e cobrar dos clientes pelo equipamento. A Comexi espera mostrar algo novo na comercializa\u00e7\u00e3o de spare parts em breve;<\/li><li>A gama expandida deve proliferar ainda mais no Brasil, muito embora ainda h\u00e1 um hiato enorme de produtividade ou mesmo de investimento, uma vez que o parque industrial de impress\u00e3o banda larga ainda \u00e9 eminentemente &#8220;base engrenagem&#8221;.<\/li><\/ul>\n\n\n\n<p><em>Ao fim do papo, perguntamos ao diretor da Comexi se ele acreditava ser poss\u00edvel extrair uma falha comum de gest\u00e3o que fez com que tantas ind\u00fastrias de m\u00e1quinas gr\u00e1ficas perecessem no Brasil.<\/em><\/p>\n\n\n\n<p>Com todo o receio de generaliza\u00e7\u00f5es, a resposta que obtivemos foi algo como &#8220;as ind\u00fastrias de m\u00e1quinas come\u00e7aram na base da paix\u00e3o dos donos pelos seus projetos&#8221;. Isso foi uma frase emblem\u00e1tica demais. Talvez o mercado de m\u00e1quinas agora n\u00e3o permita mais uma gest\u00e3o passional, e sim mais racional e voltada aos n\u00fameros. N\u00e3o h\u00e1 mais margem para errar na estrat\u00e9gia de porf\u00f3lio, precifica\u00e7\u00e3o e supply chain.<\/p>\n\n\n\n<p>Se voc\u00ea prefere escutar a entrevista, corre l\u00e1 e assina o podcast PackCast no link:<\/p>\n\n\n\n<iframe class=\"wp-embedded-content\" sandbox=\"allow-scripts\" security=\"restricted\" title=\"PackCast\" src=\"https:\/\/anchor.fm\/pack-cast\/embed#?secret=FFoU8CoSKS\" data-secret=\"FFoU8CoSKS\" height=\"102px\" width=\"400px\" frameborder=\"0\" scrolling=\"no\"><\/iframe>\n\n\n\n<p><\/p>\n\n\n\n<p><strong>Fonte:<\/strong><\/p>\n\n\n\n<p class=\"has-very-light-gray-background-color has-background\"><img decoding=\"async\" width=\"50\" height=\"50\" class=\"wp-image-6323\" style=\"width: 50px;\" src=\"https:\/\/projetopack.com.br\/wp-content\/uploads\/2020\/06\/aislan.jpg\" alt=\"\"><a href=\"https:\/\/www.linkedin.com\/in\/aislanbaer\/\">Aislan Baer<\/a> Fundador e CEO da ProjetoPack &amp; Associados; Co-fundador da Inovagraf; Especialista em impress\u00e3o e embalagens.<\/p>","protected":false},"excerpt":{"rendered":"<p>Estreamos o PackCast entrevistando o diretor geral da Comexi do Brasil, Marc Boadas.<\/p>","protected":false},"author":18,"featured_media":7496,"comment_status":"open","ping_status":"closed","sticky":false,"template":"","format":"standard","meta":{"footnotes":""},"categories":[632],"tags":[43,502,26],"class_list":["post-7218","post","type-post","status-publish","format-standard","has-post-thumbnail","hentry","category-entrevistas","tag-comexi","tag-packcast","tag-projetopack"],"yoast_head":"<!-- This site is optimized with the Yoast SEO Premium plugin v27.1 (Yoast SEO v27.1.1) - https:\/\/yoast.com\/product\/yoast-seo-premium-wordpress\/ -->\n<title>ProjetoPack: O que aprendemos na primeira entrevista do programa PackCast com a Comexi do Brasil? - ProjetoPack<\/title>\n<meta name=\"description\" content=\"Estreamos o PackCast entrevistando o diretor geral da Comexi do Brasil, Marc Boadas.\" \/>\n<meta name=\"robots\" content=\"index, follow, max-snippet:-1, max-image-preview:large, max-video-preview:-1\" \/>\n<link rel=\"canonical\" href=\"https:\/\/projetopack.com.br\/en\/o-que-aprendemos-na-primeira-entrevista-do-programa-packcast-com-a-comexi-do-brasil\/\" \/>\n<meta property=\"og:locale\" content=\"en_US\" \/>\n<meta property=\"og:type\" content=\"article\" \/>\n<meta property=\"og:title\" content=\"ProjetoPack: O que aprendemos na primeira entrevista do programa PackCast com a Comexi do Brasil?\" \/>\n<meta property=\"og:description\" content=\"Estreamos o PackCast entrevistando o diretor geral da Comexi do Brasil, Marc Boadas.\" \/>\n<meta property=\"og:url\" content=\"https:\/\/projetopack.com.br\/en\/o-que-aprendemos-na-primeira-entrevista-do-programa-packcast-com-a-comexi-do-brasil\/\" \/>\n<meta property=\"og:site_name\" content=\"ProjetoPack\" \/>\n<meta property=\"article:published_time\" content=\"2020-09-15T16:39:13+00:00\" \/>\n<meta property=\"article:modified_time\" content=\"2021-03-29T15:27:10+00:00\" \/>\n<meta property=\"og:image\" content=\"https:\/\/projetopack.com.br\/wp-content\/uploads\/2020\/09\/Capa-Podcast-Episodio-01.png\" \/>\n\t<meta property=\"og:image:width\" content=\"1080\" \/>\n\t<meta property=\"og:image:height\" content=\"1080\" \/>\n\t<meta property=\"og:image:type\" content=\"image\/png\" \/>\n<meta name=\"author\" content=\"Andrea\" \/>\n<meta name=\"twitter:card\" content=\"summary_large_image\" \/>\n<meta name=\"twitter:creator\" content=\"@ProjetoPack\" \/>\n<meta name=\"twitter:site\" content=\"@ProjetoPack\" \/>\n<meta name=\"twitter:label1\" content=\"Written by\" \/>\n\t<meta name=\"twitter:data1\" content=\"Andrea\" \/>\n\t<meta name=\"twitter:label2\" content=\"Est. reading time\" \/>\n\t<meta name=\"twitter:data2\" content=\"4 minutes\" \/>\n<script type=\"application\/ld+json\" class=\"yoast-schema-graph\">{\"@context\":\"https:\/\/schema.org\",\"@graph\":[{\"@type\":\"Article\",\"@id\":\"https:\/\/projetopack.com.br\/en\/o-que-aprendemos-na-primeira-entrevista-do-programa-packcast-com-a-comexi-do-brasil\/#article\",\"isPartOf\":{\"@id\":\"https:\/\/projetopack.com.br\/en\/o-que-aprendemos-na-primeira-entrevista-do-programa-packcast-com-a-comexi-do-brasil\/\"},\"author\":{\"name\":\"Andrea\",\"@id\":\"https:\/\/projetopack.com.br\/#\/schema\/person\/d17c72a4bc2b7e461496dd8a14d4cef1\"},\"headline\":\"ProjetoPack: O que aprendemos na primeira entrevista do programa PackCast com a Comexi do Brasil?\",\"datePublished\":\"2020-09-15T16:39:13+00:00\",\"dateModified\":\"2021-03-29T15:27:10+00:00\",\"mainEntityOfPage\":{\"@id\":\"https:\/\/projetopack.com.br\/en\/o-que-aprendemos-na-primeira-entrevista-do-programa-packcast-com-a-comexi-do-brasil\/\"},\"wordCount\":965,\"commentCount\":0,\"publisher\":{\"@id\":\"https:\/\/projetopack.com.br\/#organization\"},\"image\":{\"@id\":\"https:\/\/projetopack.com.br\/en\/o-que-aprendemos-na-primeira-entrevista-do-programa-packcast-com-a-comexi-do-brasil\/#primaryimage\"},\"thumbnailUrl\":\"https:\/\/projetopack.com.br\/wp-content\/uploads\/2020\/09\/Capa-Podcast-Episodio-01.png\",\"keywords\":[\"Comexi\",\"packcast\",\"ProjetoPack\"],\"articleSection\":[\"Entrevistas\"],\"inLanguage\":\"en-US\",\"potentialAction\":[{\"@type\":\"CommentAction\",\"name\":\"Comment\",\"target\":[\"https:\/\/projetopack.com.br\/en\/o-que-aprendemos-na-primeira-entrevista-do-programa-packcast-com-a-comexi-do-brasil\/#respond\"]}]},{\"@type\":\"WebPage\",\"@id\":\"https:\/\/projetopack.com.br\/en\/o-que-aprendemos-na-primeira-entrevista-do-programa-packcast-com-a-comexi-do-brasil\/\",\"url\":\"https:\/\/projetopack.com.br\/en\/o-que-aprendemos-na-primeira-entrevista-do-programa-packcast-com-a-comexi-do-brasil\/\",\"name\":\"ProjetoPack: O que aprendemos na primeira entrevista do programa PackCast com a Comexi do Brasil? - ProjetoPack\",\"isPartOf\":{\"@id\":\"https:\/\/projetopack.com.br\/#website\"},\"primaryImageOfPage\":{\"@id\":\"https:\/\/projetopack.com.br\/en\/o-que-aprendemos-na-primeira-entrevista-do-programa-packcast-com-a-comexi-do-brasil\/#primaryimage\"},\"image\":{\"@id\":\"https:\/\/projetopack.com.br\/en\/o-que-aprendemos-na-primeira-entrevista-do-programa-packcast-com-a-comexi-do-brasil\/#primaryimage\"},\"thumbnailUrl\":\"https:\/\/projetopack.com.br\/wp-content\/uploads\/2020\/09\/Capa-Podcast-Episodio-01.png\",\"datePublished\":\"2020-09-15T16:39:13+00:00\",\"dateModified\":\"2021-03-29T15:27:10+00:00\",\"description\":\"Estreamos o PackCast entrevistando o diretor geral da Comexi do Brasil, Marc Boadas.\",\"breadcrumb\":{\"@id\":\"https:\/\/projetopack.com.br\/en\/o-que-aprendemos-na-primeira-entrevista-do-programa-packcast-com-a-comexi-do-brasil\/#breadcrumb\"},\"inLanguage\":\"en-US\",\"potentialAction\":[{\"@type\":\"ReadAction\",\"target\":[\"https:\/\/projetopack.com.br\/en\/o-que-aprendemos-na-primeira-entrevista-do-programa-packcast-com-a-comexi-do-brasil\/\"]}]},{\"@type\":\"ImageObject\",\"inLanguage\":\"en-US\",\"@id\":\"https:\/\/projetopack.com.br\/en\/o-que-aprendemos-na-primeira-entrevista-do-programa-packcast-com-a-comexi-do-brasil\/#primaryimage\",\"url\":\"https:\/\/projetopack.com.br\/wp-content\/uploads\/2020\/09\/Capa-Podcast-Episodio-01.png\",\"contentUrl\":\"https:\/\/projetopack.com.br\/wp-content\/uploads\/2020\/09\/Capa-Podcast-Episodio-01.png\",\"width\":1080,\"height\":1080},{\"@type\":\"BreadcrumbList\",\"@id\":\"https:\/\/projetopack.com.br\/en\/o-que-aprendemos-na-primeira-entrevista-do-programa-packcast-com-a-comexi-do-brasil\/#breadcrumb\",\"itemListElement\":[{\"@type\":\"ListItem\",\"position\":1,\"name\":\"P\u00e1gina Inicial\",\"item\":\"https:\/\/projetopack.com.br\/\"},{\"@type\":\"ListItem\",\"position\":2,\"name\":\"Entrevistas\",\"item\":\"https:\/\/projetopack.com.br\/category\/entrevistas\/\"},{\"@type\":\"ListItem\",\"position\":3,\"name\":\"ProjetoPack: O que aprendemos na primeira entrevista do programa PackCast com a Comexi do Brasil?\"}]},{\"@type\":\"WebSite\",\"@id\":\"https:\/\/projetopack.com.br\/#website\",\"url\":\"https:\/\/projetopack.com.br\/\",\"name\":\"ProjetoPack\",\"description\":\"Consultoria e servi\u00e7os para embalagens, r\u00f3tulos, etiquetas e processos de impress\u00e3o\",\"publisher\":{\"@id\":\"https:\/\/projetopack.com.br\/#organization\"},\"potentialAction\":[{\"@type\":\"SearchAction\",\"target\":{\"@type\":\"EntryPoint\",\"urlTemplate\":\"https:\/\/projetopack.com.br\/?s={search_term_string}\"},\"query-input\":{\"@type\":\"PropertyValueSpecification\",\"valueRequired\":true,\"valueName\":\"search_term_string\"}}],\"inLanguage\":\"en-US\"},{\"@type\":\"Organization\",\"@id\":\"https:\/\/projetopack.com.br\/#organization\",\"name\":\"ProjetoPack & Associados\",\"url\":\"https:\/\/projetopack.com.br\/\",\"logo\":{\"@type\":\"ImageObject\",\"inLanguage\":\"en-US\",\"@id\":\"https:\/\/projetopack.com.br\/#\/schema\/logo\/image\/\",\"url\":\"https:\/\/projetopack.com.br\/wp-content\/uploads\/2020\/09\/projetopack.png\",\"contentUrl\":\"https:\/\/projetopack.com.br\/wp-content\/uploads\/2020\/09\/projetopack.png\",\"width\":200,\"height\":200,\"caption\":\"ProjetoPack & Associados\"},\"image\":{\"@id\":\"https:\/\/projetopack.com.br\/#\/schema\/logo\/image\/\"},\"sameAs\":[\"https:\/\/x.com\/ProjetoPack\",\"https:\/\/www.linkedin.com\/company\/projetopack\/\"]},{\"@type\":\"Person\",\"@id\":\"https:\/\/projetopack.com.br\/#\/schema\/person\/d17c72a4bc2b7e461496dd8a14d4cef1\",\"name\":\"Andrea\",\"image\":{\"@type\":\"ImageObject\",\"inLanguage\":\"en-US\",\"@id\":\"https:\/\/projetopack.com.br\/#\/schema\/person\/image\/\",\"url\":\"https:\/\/projetopack.com.br\/wp-content\/uploads\/2026\/03\/eu-150x150.jpg\",\"contentUrl\":\"https:\/\/projetopack.com.br\/wp-content\/uploads\/2026\/03\/eu-150x150.jpg\",\"caption\":\"Andrea\"},\"url\":\"https:\/\/projetopack.com.br\/en\/author\/andrea\/\"}]}<\/script>\n<!-- \/ Yoast SEO Premium plugin. -->","yoast_head_json":{"title":"ProjetoPack: O que aprendemos na primeira entrevista do programa PackCast com a Comexi do Brasil? - ProjetoPack","description":"Estreamos o PackCast entrevistando o diretor geral da Comexi do Brasil, Marc Boadas.","robots":{"index":"index","follow":"follow","max-snippet":"max-snippet:-1","max-image-preview":"max-image-preview:large","max-video-preview":"max-video-preview:-1"},"canonical":"https:\/\/projetopack.com.br\/en\/o-que-aprendemos-na-primeira-entrevista-do-programa-packcast-com-a-comexi-do-brasil\/","og_locale":"en_US","og_type":"article","og_title":"ProjetoPack: O que aprendemos na primeira entrevista do programa PackCast com a Comexi do Brasil?","og_description":"Estreamos o PackCast entrevistando o diretor geral da Comexi do Brasil, Marc Boadas.","og_url":"https:\/\/projetopack.com.br\/en\/o-que-aprendemos-na-primeira-entrevista-do-programa-packcast-com-a-comexi-do-brasil\/","og_site_name":"ProjetoPack","article_published_time":"2020-09-15T16:39:13+00:00","article_modified_time":"2021-03-29T15:27:10+00:00","og_image":[{"width":1080,"height":1080,"url":"https:\/\/projetopack.com.br\/wp-content\/uploads\/2020\/09\/Capa-Podcast-Episodio-01.png","type":"image\/png"}],"author":"Andrea","twitter_card":"summary_large_image","twitter_creator":"@ProjetoPack","twitter_site":"@ProjetoPack","twitter_misc":{"Written by":"Andrea","Est. reading time":"4 minutes"},"schema":{"@context":"https:\/\/schema.org","@graph":[{"@type":"Article","@id":"https:\/\/projetopack.com.br\/en\/o-que-aprendemos-na-primeira-entrevista-do-programa-packcast-com-a-comexi-do-brasil\/#article","isPartOf":{"@id":"https:\/\/projetopack.com.br\/en\/o-que-aprendemos-na-primeira-entrevista-do-programa-packcast-com-a-comexi-do-brasil\/"},"author":{"name":"Andrea","@id":"https:\/\/projetopack.com.br\/#\/schema\/person\/d17c72a4bc2b7e461496dd8a14d4cef1"},"headline":"ProjetoPack: O que aprendemos na primeira entrevista do programa PackCast com a Comexi do Brasil?","datePublished":"2020-09-15T16:39:13+00:00","dateModified":"2021-03-29T15:27:10+00:00","mainEntityOfPage":{"@id":"https:\/\/projetopack.com.br\/en\/o-que-aprendemos-na-primeira-entrevista-do-programa-packcast-com-a-comexi-do-brasil\/"},"wordCount":965,"commentCount":0,"publisher":{"@id":"https:\/\/projetopack.com.br\/#organization"},"image":{"@id":"https:\/\/projetopack.com.br\/en\/o-que-aprendemos-na-primeira-entrevista-do-programa-packcast-com-a-comexi-do-brasil\/#primaryimage"},"thumbnailUrl":"https:\/\/projetopack.com.br\/wp-content\/uploads\/2020\/09\/Capa-Podcast-Episodio-01.png","keywords":["Comexi","packcast","ProjetoPack"],"articleSection":["Entrevistas"],"inLanguage":"en-US","potentialAction":[{"@type":"CommentAction","name":"Comment","target":["https:\/\/projetopack.com.br\/en\/o-que-aprendemos-na-primeira-entrevista-do-programa-packcast-com-a-comexi-do-brasil\/#respond"]}]},{"@type":"WebPage","@id":"https:\/\/projetopack.com.br\/en\/o-que-aprendemos-na-primeira-entrevista-do-programa-packcast-com-a-comexi-do-brasil\/","url":"https:\/\/projetopack.com.br\/en\/o-que-aprendemos-na-primeira-entrevista-do-programa-packcast-com-a-comexi-do-brasil\/","name":"ProjetoPack: O que aprendemos na primeira entrevista do programa PackCast com a Comexi do Brasil? - ProjetoPack","isPartOf":{"@id":"https:\/\/projetopack.com.br\/#website"},"primaryImageOfPage":{"@id":"https:\/\/projetopack.com.br\/en\/o-que-aprendemos-na-primeira-entrevista-do-programa-packcast-com-a-comexi-do-brasil\/#primaryimage"},"image":{"@id":"https:\/\/projetopack.com.br\/en\/o-que-aprendemos-na-primeira-entrevista-do-programa-packcast-com-a-comexi-do-brasil\/#primaryimage"},"thumbnailUrl":"https:\/\/projetopack.com.br\/wp-content\/uploads\/2020\/09\/Capa-Podcast-Episodio-01.png","datePublished":"2020-09-15T16:39:13+00:00","dateModified":"2021-03-29T15:27:10+00:00","description":"Estreamos o PackCast entrevistando o diretor geral da Comexi do Brasil, Marc Boadas.","breadcrumb":{"@id":"https:\/\/projetopack.com.br\/en\/o-que-aprendemos-na-primeira-entrevista-do-programa-packcast-com-a-comexi-do-brasil\/#breadcrumb"},"inLanguage":"en-US","potentialAction":[{"@type":"ReadAction","target":["https:\/\/projetopack.com.br\/en\/o-que-aprendemos-na-primeira-entrevista-do-programa-packcast-com-a-comexi-do-brasil\/"]}]},{"@type":"ImageObject","inLanguage":"en-US","@id":"https:\/\/projetopack.com.br\/en\/o-que-aprendemos-na-primeira-entrevista-do-programa-packcast-com-a-comexi-do-brasil\/#primaryimage","url":"https:\/\/projetopack.com.br\/wp-content\/uploads\/2020\/09\/Capa-Podcast-Episodio-01.png","contentUrl":"https:\/\/projetopack.com.br\/wp-content\/uploads\/2020\/09\/Capa-Podcast-Episodio-01.png","width":1080,"height":1080},{"@type":"BreadcrumbList","@id":"https:\/\/projetopack.com.br\/en\/o-que-aprendemos-na-primeira-entrevista-do-programa-packcast-com-a-comexi-do-brasil\/#breadcrumb","itemListElement":[{"@type":"ListItem","position":1,"name":"P\u00e1gina Inicial","item":"https:\/\/projetopack.com.br\/"},{"@type":"ListItem","position":2,"name":"Entrevistas","item":"https:\/\/projetopack.com.br\/category\/entrevistas\/"},{"@type":"ListItem","position":3,"name":"ProjetoPack: O que aprendemos na primeira entrevista do programa PackCast com a Comexi do Brasil?"}]},{"@type":"WebSite","@id":"https:\/\/projetopack.com.br\/#website","url":"https:\/\/projetopack.com.br\/","name":"ProjetoPack","description":"Consultoria e servi\u00e7os para embalagens, r\u00f3tulos, etiquetas e processos de impress\u00e3o","publisher":{"@id":"https:\/\/projetopack.com.br\/#organization"},"potentialAction":[{"@type":"SearchAction","target":{"@type":"EntryPoint","urlTemplate":"https:\/\/projetopack.com.br\/?s={search_term_string}"},"query-input":{"@type":"PropertyValueSpecification","valueRequired":true,"valueName":"search_term_string"}}],"inLanguage":"en-US"},{"@type":"Organization","@id":"https:\/\/projetopack.com.br\/#organization","name":"ProjetoPack & Associados","url":"https:\/\/projetopack.com.br\/","logo":{"@type":"ImageObject","inLanguage":"en-US","@id":"https:\/\/projetopack.com.br\/#\/schema\/logo\/image\/","url":"https:\/\/projetopack.com.br\/wp-content\/uploads\/2020\/09\/projetopack.png","contentUrl":"https:\/\/projetopack.com.br\/wp-content\/uploads\/2020\/09\/projetopack.png","width":200,"height":200,"caption":"ProjetoPack & Associados"},"image":{"@id":"https:\/\/projetopack.com.br\/#\/schema\/logo\/image\/"},"sameAs":["https:\/\/x.com\/ProjetoPack","https:\/\/www.linkedin.com\/company\/projetopack\/"]},{"@type":"Person","@id":"https:\/\/projetopack.com.br\/#\/schema\/person\/d17c72a4bc2b7e461496dd8a14d4cef1","name":"Andrea","image":{"@type":"ImageObject","inLanguage":"en-US","@id":"https:\/\/projetopack.com.br\/#\/schema\/person\/image\/","url":"https:\/\/projetopack.com.br\/wp-content\/uploads\/2026\/03\/eu-150x150.jpg","contentUrl":"https:\/\/projetopack.com.br\/wp-content\/uploads\/2026\/03\/eu-150x150.jpg","caption":"Andrea"},"url":"https:\/\/projetopack.com.br\/en\/author\/andrea\/"}]}},"_links":{"self":[{"href":"https:\/\/projetopack.com.br\/en\/wp-json\/wp\/v2\/posts\/7218","targetHints":{"allow":["GET"]}}],"collection":[{"href":"https:\/\/projetopack.com.br\/en\/wp-json\/wp\/v2\/posts"}],"about":[{"href":"https:\/\/projetopack.com.br\/en\/wp-json\/wp\/v2\/types\/post"}],"author":[{"embeddable":true,"href":"https:\/\/projetopack.com.br\/en\/wp-json\/wp\/v2\/users\/18"}],"replies":[{"embeddable":true,"href":"https:\/\/projetopack.com.br\/en\/wp-json\/wp\/v2\/comments?post=7218"}],"version-history":[{"count":0,"href":"https:\/\/projetopack.com.br\/en\/wp-json\/wp\/v2\/posts\/7218\/revisions"}],"wp:featuredmedia":[{"embeddable":true,"href":"https:\/\/projetopack.com.br\/en\/wp-json\/wp\/v2\/media\/7496"}],"wp:attachment":[{"href":"https:\/\/projetopack.com.br\/en\/wp-json\/wp\/v2\/media?parent=7218"}],"wp:term":[{"taxonomy":"category","embeddable":true,"href":"https:\/\/projetopack.com.br\/en\/wp-json\/wp\/v2\/categories?post=7218"},{"taxonomy":"post_tag","embeddable":true,"href":"https:\/\/projetopack.com.br\/en\/wp-json\/wp\/v2\/tags?post=7218"}],"curies":[{"name":"wp","href":"https:\/\/api.w.org\/{rel}","templated":true}]}}