{"id":7237,"date":"2020-09-16T15:11:36","date_gmt":"2020-09-16T18:11:36","guid":{"rendered":"https:\/\/www.projetopack.com.br\/?p=7237"},"modified":"2020-09-16T15:11:37","modified_gmt":"2020-09-16T18:11:37","slug":"inscricoes-abertas-para-o-global-flexo-innovation-awards","status":"publish","type":"post","link":"https:\/\/projetopack.com.br\/en\/inscricoes-abertas-para-o-global-flexo-innovation-awards\/","title":{"rendered":"Inscri\u00e7\u00f5es abertas para o Global Flexo Innovation Awards"},"content":{"rendered":"<figure class=\"wp-block-image size-large\"><img fetchpriority=\"high\" decoding=\"async\" width=\"1024\" height=\"1024\" src=\"https:\/\/projetopack.com.br\/wp-content\/uploads\/2020\/09\/Global_Flexo_Innovation_Awards_2021-3-1024x1024.jpg\" alt=\"\" class=\"wp-image-7241\" srcset=\"https:\/\/projetopack.com.br\/wp-content\/uploads\/2020\/09\/Global_Flexo_Innovation_Awards_2021-3-1024x1024.jpg 1024w, https:\/\/projetopack.com.br\/wp-content\/uploads\/2020\/09\/Global_Flexo_Innovation_Awards_2021-3-100x100.jpg 100w, https:\/\/projetopack.com.br\/wp-content\/uploads\/2020\/09\/Global_Flexo_Innovation_Awards_2021-3-300x300.jpg 300w, https:\/\/projetopack.com.br\/wp-content\/uploads\/2020\/09\/Global_Flexo_Innovation_Awards_2021-3-150x150.jpg 150w, https:\/\/projetopack.com.br\/wp-content\/uploads\/2020\/09\/Global_Flexo_Innovation_Awards_2021-3-1536x1536.jpg 1536w, https:\/\/projetopack.com.br\/wp-content\/uploads\/2020\/09\/Global_Flexo_Innovation_Awards_2021-3-2048x2048.jpg 2048w, https:\/\/projetopack.com.br\/wp-content\/uploads\/2020\/09\/Global_Flexo_Innovation_Awards_2021-3-600x600.jpg 600w\" sizes=\"(max-width: 1024px) 100vw, 1024px\" \/><\/figure>\n\n\n\n<p>A Miraclon a anunciou hoje a abertura oficial das inscri\u00e7\u00f5es para seu Global Flexo Innovation Awards, criado para homenagear as empresas que est\u00e3o na vanguarda da transforma\u00e7\u00e3o da ind\u00fastria flexogr\u00e1fica. Podem participar empresas que desejam ser reconhecidas por seus projetos de embalagens comerciais incrivelmente criativos e inovadores, impressos com as chapas KODAK FLEXCEL NX.<\/p>\n\n\n\n<p>A premia\u00e7\u00e3o, aberta a qualquer fornecedor de pr\u00e9-impress\u00e3o, gr\u00e1fica ou marca (inscri\u00e7\u00f5es de equipes s\u00e3o incentivadas), re\u00fane toda a comunidade da flexografia, criando oportunidades para a consolida\u00e7\u00e3o de novos contatos, relacionamentos e parcerias em todo o setor de impress\u00e3o e embalagens.<\/p>\n\n\n\n<p>Os projetos inscritos ser\u00e3o avaliados por uma mesa-redonda independente, composta por nove especialistas altamente experientes do setor da flexografia, de acordo com quatro crit\u00e9rios: o grau de criatividade no design gr\u00e1fico do projeto, a convers\u00e3o de outros processos de impress\u00e3o para a flexografia, a efici\u00eancia do fluxo de trabalho da empresa e o n\u00edvel de sustentabilidade da impress\u00e3o no projeto.<\/p>\n\n\n\n<p>OS trabalhos que mostrarem excel\u00eancia em duas categorias receber\u00e3o um pr\u00eamio \u201cprata\u201d, as que mostrarem excel\u00eancia em tr\u00eas categorias receber\u00e3o um pr\u00eamio \u201couro\u201d e as que mostrarem excel\u00eancia em todas as quatro categorias receber\u00e3o um pr\u00eamio \u201cplatina\u201d, demonstrando ao setor e aos clientes do vencedor um compromisso com o mais alto n\u00edvel de produ\u00e7\u00e3o de impress\u00e3o, em todos os aspectos.<\/p>\n\n\n\n<p>\u201cO Global Flexo Innovation Awards \u00e9 diferente de outras competi\u00e7\u00f5es. N\u00e3o se trata de uma empresa derrotar a outra; trata-se de destacar empresas que est\u00e3o fazendo um excelente trabalho. Nosso objetivo \u00e9 demonstrar como o processo flexogr\u00e1fico continua a inovar e crescer, tornando-se mais poderoso como ferramenta\u201d, diz <a href=\"https:\/\/transformingflexo.com\/judging-panel\/\">Christopher Horton<\/a>, presidente da mesa-redonda. \u201cA maioria dos participantes em potencial atua na cadeia de valor de embalagens para alimentos e, no atual (e complicado) ambiente, essas empresas s\u00e3o essenciais. Elas est\u00e3o trabalhando, muitas em circunst\u00e2ncias dif\u00edceis, para fornecer produtos para que as pessoas possam comer. Embora a crise da Covid-19 tenha sido inegavelmente impactante, a cadeia de valor da impress\u00e3o flexogr\u00e1fica tem sido fundamental para ajudar o mundo a reagir. Eu, pelo menos, estou muito animado para ver os projetos inscritos que mostrem inova\u00e7\u00f5es genu\u00ednas e conte\u00fado estrat\u00e9gico real, permitindo \u00e0s empresas conduzir processos de manufatura eficientes, consistentes e sustent\u00e1veis.\u201d<\/p>\n\n\n\n<p>Grant Blewett, diretor comercial da Miraclon, comenta: \u201cA impress\u00e3o flexogr\u00e1fica evoluiu bastante nos \u00faltimos anos e ainda tem muito a evoluir at\u00e9 que a real dimens\u00e3o de seus recursos seja totalmente reconhecida. Queremos ajudar a celebrar as empresas que est\u00e3o nessa jornada, que combinam a impress\u00e3o flexogr\u00e1fica, a tecnologia KODAK FLEXCEL NX e o pr\u00f3prio pensamento inovador para alcan\u00e7ar resultados excepcionais comprovados em todo o processo de produ\u00e7\u00e3o, do design \u00e0 efici\u00eancia da produ\u00e7\u00e3o e o compromisso com a sustentabilidade.<\/p>\n\n\n\n<p>Blewett continua: \u201cSe voc\u00ea faz parte de uma empresa que est\u00e1 envolvida na impress\u00e3o flexogr\u00e1fica de um projeto de embalagem comercial, minha recomenda\u00e7\u00e3o \u00e9 que considerem a participa\u00e7\u00e3o de sua empresa no Global Flexo Innovation Awards. Nestes tempos dif\u00edceis, em que n\u00f3s da Miraclon acreditamos que \u00e9 mais importante do que nunca comemorar o trabalho \u00e1rduo e a inova\u00e7\u00e3o que est\u00e3o ocorrendo em nosso setor, queremos garantir que seja f\u00e1cil de participar. Se sua inscri\u00e7\u00e3o for selecionada pela mesa-redonda de jurados independentes para ganhar um pr\u00eamio, voc\u00ea se tornar\u00e1 um embaixador da impress\u00e3o flexogr\u00e1fica transformadora, ganhar\u00e1 o reconhecimento de todo o setor por fazer a impress\u00e3o de embalagens evoluir e ter\u00e1 sua hist\u00f3ria contada em todo o mundo.\u201d<\/p>\n\n\n\n<p>Para obter mais informa\u00e7\u00f5es sobre o Global Flexo Innovation Awards e sobre como participar, visite <a href=\"http:\/\/www.transformingflexo.com\">www.transformingflexo.com<\/a>.Para manter-se por dentro das novidades e saber mais sobre a nossa distinta mesa-redonda e os vencedores do ano passado, siga nossas contas no <a href=\"https:\/\/www.linkedin.com\/showcase\/global-flexo-innovation-awards-2021\/\">LinkedIn<\/a> e no <a href=\"https:\/\/twitter.com\/flexo_awards\">Twitter<\/a>.<\/p>\n\n\n\n<p><\/p>\n\n\n\n<p><\/p>\n\n\n\n<p><\/p>\n\n\n\n<p><strong>FONTE:<\/strong><\/p>\n\n\n\n<p class=\"has-background has-very-light-gray-background-color\">PARLA! Assessoria &#8211; Paulo Stucchi &#8211; tel 11 3413-4416<\/p>","protected":false},"excerpt":{"rendered":"<p>A Miraclon a anunciou hoje a abertura oficial das inscri\u00e7\u00f5es para seu Global Flexo Innovation Awards, criado para homenagear as empresas que est\u00e3o na vanguarda da transforma\u00e7\u00e3o da ind\u00fastria flexogr\u00e1fica.<\/p>","protected":false},"author":18,"featured_media":6429,"comment_status":"open","ping_status":"closed","sticky":false,"template":"","format":"standard","meta":{"footnotes":""},"categories":[458],"tags":[486,430],"class_list":["post-7237","post","type-post","status-publish","format-standard","has-post-thumbnail","hentry","category-lancamentos","tag-global-flexo-innovation-awards","tag-miraclon"],"yoast_head":"<!-- This site is optimized with the Yoast SEO Premium plugin v27.1 (Yoast SEO v27.1.1) - https:\/\/yoast.com\/product\/yoast-seo-premium-wordpress\/ -->\n<title>Inscri\u00e7\u00f5es abertas para o Global Flexo Innovation Awards - ProjetoPack<\/title>\n<meta name=\"description\" content=\"A Miraclon a anunciou hoje a abertura oficial das inscri\u00e7\u00f5es para seu Global Flexo Innovation Awards, criado para homenagear as empresas que est\u00e3o na vanguarda da transforma\u00e7\u00e3o da ind\u00fastria flexogr\u00e1fica.\" \/>\n<meta name=\"robots\" content=\"index, follow, max-snippet:-1, max-image-preview:large, max-video-preview:-1\" \/>\n<link rel=\"canonical\" href=\"https:\/\/projetopack.com.br\/en\/inscricoes-abertas-para-o-global-flexo-innovation-awards\/\" \/>\n<meta property=\"og:locale\" content=\"en_US\" \/>\n<meta property=\"og:type\" content=\"article\" \/>\n<meta property=\"og:title\" content=\"Inscri\u00e7\u00f5es abertas para o Global Flexo Innovation Awards\" \/>\n<meta property=\"og:description\" content=\"A Miraclon a anunciou hoje a abertura oficial das inscri\u00e7\u00f5es para seu Global Flexo Innovation Awards, criado para homenagear as empresas que est\u00e3o na vanguarda da transforma\u00e7\u00e3o da ind\u00fastria flexogr\u00e1fica.\" \/>\n<meta property=\"og:url\" content=\"https:\/\/projetopack.com.br\/en\/inscricoes-abertas-para-o-global-flexo-innovation-awards\/\" \/>\n<meta property=\"og:site_name\" content=\"ProjetoPack\" \/>\n<meta property=\"article:published_time\" content=\"2020-09-16T18:11:36+00:00\" \/>\n<meta property=\"article:modified_time\" content=\"2020-09-16T18:11:37+00:00\" \/>\n<meta property=\"og:image\" content=\"https:\/\/projetopack.com.br\/wp-content\/uploads\/2020\/06\/miraclon-1.jpg\" \/>\n\t<meta property=\"og:image:width\" content=\"1077\" \/>\n\t<meta property=\"og:image:height\" content=\"1077\" \/>\n\t<meta property=\"og:image:type\" content=\"image\/jpeg\" \/>\n<meta name=\"author\" content=\"Andrea\" \/>\n<meta name=\"twitter:card\" content=\"summary_large_image\" \/>\n<meta name=\"twitter:creator\" content=\"@ProjetoPack\" \/>\n<meta name=\"twitter:site\" content=\"@ProjetoPack\" \/>\n<meta name=\"twitter:label1\" content=\"Written by\" \/>\n\t<meta name=\"twitter:data1\" content=\"Andrea\" \/>\n\t<meta name=\"twitter:label2\" content=\"Est. reading time\" \/>\n\t<meta name=\"twitter:data2\" content=\"3 minutes\" \/>\n<script type=\"application\/ld+json\" class=\"yoast-schema-graph\">{\"@context\":\"https:\/\/schema.org\",\"@graph\":[{\"@type\":\"Article\",\"@id\":\"https:\/\/projetopack.com.br\/en\/inscricoes-abertas-para-o-global-flexo-innovation-awards\/#article\",\"isPartOf\":{\"@id\":\"https:\/\/projetopack.com.br\/en\/inscricoes-abertas-para-o-global-flexo-innovation-awards\/\"},\"author\":{\"name\":\"Andrea\",\"@id\":\"https:\/\/projetopack.com.br\/#\/schema\/person\/d17c72a4bc2b7e461496dd8a14d4cef1\"},\"headline\":\"Inscri\u00e7\u00f5es abertas para o Global Flexo Innovation Awards\",\"datePublished\":\"2020-09-16T18:11:36+00:00\",\"dateModified\":\"2020-09-16T18:11:37+00:00\",\"mainEntityOfPage\":{\"@id\":\"https:\/\/projetopack.com.br\/en\/inscricoes-abertas-para-o-global-flexo-innovation-awards\/\"},\"wordCount\":698,\"commentCount\":0,\"publisher\":{\"@id\":\"https:\/\/projetopack.com.br\/#organization\"},\"image\":{\"@id\":\"https:\/\/projetopack.com.br\/en\/inscricoes-abertas-para-o-global-flexo-innovation-awards\/#primaryimage\"},\"thumbnailUrl\":\"https:\/\/projetopack.com.br\/wp-content\/uploads\/2020\/06\/miraclon-1.jpg\",\"keywords\":[\"Global Flexo Innovation Awards\",\"miraclon\"],\"articleSection\":[\"Lan\u00e7amentos\"],\"inLanguage\":\"en-US\",\"potentialAction\":[{\"@type\":\"CommentAction\",\"name\":\"Comment\",\"target\":[\"https:\/\/projetopack.com.br\/en\/inscricoes-abertas-para-o-global-flexo-innovation-awards\/#respond\"]}]},{\"@type\":\"WebPage\",\"@id\":\"https:\/\/projetopack.com.br\/en\/inscricoes-abertas-para-o-global-flexo-innovation-awards\/\",\"url\":\"https:\/\/projetopack.com.br\/en\/inscricoes-abertas-para-o-global-flexo-innovation-awards\/\",\"name\":\"Inscri\u00e7\u00f5es abertas para o Global Flexo Innovation Awards - ProjetoPack\",\"isPartOf\":{\"@id\":\"https:\/\/projetopack.com.br\/#website\"},\"primaryImageOfPage\":{\"@id\":\"https:\/\/projetopack.com.br\/en\/inscricoes-abertas-para-o-global-flexo-innovation-awards\/#primaryimage\"},\"image\":{\"@id\":\"https:\/\/projetopack.com.br\/en\/inscricoes-abertas-para-o-global-flexo-innovation-awards\/#primaryimage\"},\"thumbnailUrl\":\"https:\/\/projetopack.com.br\/wp-content\/uploads\/2020\/06\/miraclon-1.jpg\",\"datePublished\":\"2020-09-16T18:11:36+00:00\",\"dateModified\":\"2020-09-16T18:11:37+00:00\",\"description\":\"A Miraclon a anunciou hoje a abertura oficial das inscri\u00e7\u00f5es para seu Global Flexo Innovation Awards, criado para homenagear as empresas que est\u00e3o na vanguarda da transforma\u00e7\u00e3o da ind\u00fastria flexogr\u00e1fica.\",\"breadcrumb\":{\"@id\":\"https:\/\/projetopack.com.br\/en\/inscricoes-abertas-para-o-global-flexo-innovation-awards\/#breadcrumb\"},\"inLanguage\":\"en-US\",\"potentialAction\":[{\"@type\":\"ReadAction\",\"target\":[\"https:\/\/projetopack.com.br\/en\/inscricoes-abertas-para-o-global-flexo-innovation-awards\/\"]}]},{\"@type\":\"ImageObject\",\"inLanguage\":\"en-US\",\"@id\":\"https:\/\/projetopack.com.br\/en\/inscricoes-abertas-para-o-global-flexo-innovation-awards\/#primaryimage\",\"url\":\"https:\/\/projetopack.com.br\/wp-content\/uploads\/2020\/06\/miraclon-1.jpg\",\"contentUrl\":\"https:\/\/projetopack.com.br\/wp-content\/uploads\/2020\/06\/miraclon-1.jpg\",\"width\":1077,\"height\":1077},{\"@type\":\"BreadcrumbList\",\"@id\":\"https:\/\/projetopack.com.br\/en\/inscricoes-abertas-para-o-global-flexo-innovation-awards\/#breadcrumb\",\"itemListElement\":[{\"@type\":\"ListItem\",\"position\":1,\"name\":\"P\u00e1gina Inicial\",\"item\":\"https:\/\/projetopack.com.br\/\"},{\"@type\":\"ListItem\",\"position\":2,\"name\":\"Lan\u00e7amentos\",\"item\":\"https:\/\/projetopack.com.br\/category\/lancamentos\/\"},{\"@type\":\"ListItem\",\"position\":3,\"name\":\"Inscri\u00e7\u00f5es abertas para o Global Flexo Innovation Awards\"}]},{\"@type\":\"WebSite\",\"@id\":\"https:\/\/projetopack.com.br\/#website\",\"url\":\"https:\/\/projetopack.com.br\/\",\"name\":\"ProjetoPack\",\"description\":\"Consultoria e servi\u00e7os para embalagens, r\u00f3tulos, etiquetas e processos de impress\u00e3o\",\"publisher\":{\"@id\":\"https:\/\/projetopack.com.br\/#organization\"},\"potentialAction\":[{\"@type\":\"SearchAction\",\"target\":{\"@type\":\"EntryPoint\",\"urlTemplate\":\"https:\/\/projetopack.com.br\/?s={search_term_string}\"},\"query-input\":{\"@type\":\"PropertyValueSpecification\",\"valueRequired\":true,\"valueName\":\"search_term_string\"}}],\"inLanguage\":\"en-US\"},{\"@type\":\"Organization\",\"@id\":\"https:\/\/projetopack.com.br\/#organization\",\"name\":\"ProjetoPack & Associados\",\"url\":\"https:\/\/projetopack.com.br\/\",\"logo\":{\"@type\":\"ImageObject\",\"inLanguage\":\"en-US\",\"@id\":\"https:\/\/projetopack.com.br\/#\/schema\/logo\/image\/\",\"url\":\"https:\/\/projetopack.com.br\/wp-content\/uploads\/2020\/09\/projetopack.png\",\"contentUrl\":\"https:\/\/projetopack.com.br\/wp-content\/uploads\/2020\/09\/projetopack.png\",\"width\":200,\"height\":200,\"caption\":\"ProjetoPack & Associados\"},\"image\":{\"@id\":\"https:\/\/projetopack.com.br\/#\/schema\/logo\/image\/\"},\"sameAs\":[\"https:\/\/x.com\/ProjetoPack\",\"https:\/\/www.linkedin.com\/company\/projetopack\/\"]},{\"@type\":\"Person\",\"@id\":\"https:\/\/projetopack.com.br\/#\/schema\/person\/d17c72a4bc2b7e461496dd8a14d4cef1\",\"name\":\"Andrea\",\"image\":{\"@type\":\"ImageObject\",\"inLanguage\":\"en-US\",\"@id\":\"https:\/\/projetopack.com.br\/#\/schema\/person\/image\/\",\"url\":\"https:\/\/projetopack.com.br\/wp-content\/uploads\/2026\/03\/eu-150x150.jpg\",\"contentUrl\":\"https:\/\/projetopack.com.br\/wp-content\/uploads\/2026\/03\/eu-150x150.jpg\",\"caption\":\"Andrea\"},\"url\":\"https:\/\/projetopack.com.br\/en\/author\/andrea\/\"}]}<\/script>\n<!-- \/ Yoast SEO Premium plugin. -->","yoast_head_json":{"title":"Inscri\u00e7\u00f5es abertas para o Global Flexo Innovation Awards - ProjetoPack","description":"A Miraclon a anunciou hoje a abertura oficial das inscri\u00e7\u00f5es para seu Global Flexo Innovation Awards, criado para homenagear as empresas que est\u00e3o na vanguarda da transforma\u00e7\u00e3o da ind\u00fastria flexogr\u00e1fica.","robots":{"index":"index","follow":"follow","max-snippet":"max-snippet:-1","max-image-preview":"max-image-preview:large","max-video-preview":"max-video-preview:-1"},"canonical":"https:\/\/projetopack.com.br\/en\/inscricoes-abertas-para-o-global-flexo-innovation-awards\/","og_locale":"en_US","og_type":"article","og_title":"Inscri\u00e7\u00f5es abertas para o Global Flexo Innovation Awards","og_description":"A Miraclon a anunciou hoje a abertura oficial das inscri\u00e7\u00f5es para seu Global Flexo Innovation Awards, criado para homenagear as empresas que est\u00e3o na vanguarda da transforma\u00e7\u00e3o da ind\u00fastria flexogr\u00e1fica.","og_url":"https:\/\/projetopack.com.br\/en\/inscricoes-abertas-para-o-global-flexo-innovation-awards\/","og_site_name":"ProjetoPack","article_published_time":"2020-09-16T18:11:36+00:00","article_modified_time":"2020-09-16T18:11:37+00:00","og_image":[{"width":1077,"height":1077,"url":"https:\/\/projetopack.com.br\/wp-content\/uploads\/2020\/06\/miraclon-1.jpg","type":"image\/jpeg"}],"author":"Andrea","twitter_card":"summary_large_image","twitter_creator":"@ProjetoPack","twitter_site":"@ProjetoPack","twitter_misc":{"Written by":"Andrea","Est. reading time":"3 minutes"},"schema":{"@context":"https:\/\/schema.org","@graph":[{"@type":"Article","@id":"https:\/\/projetopack.com.br\/en\/inscricoes-abertas-para-o-global-flexo-innovation-awards\/#article","isPartOf":{"@id":"https:\/\/projetopack.com.br\/en\/inscricoes-abertas-para-o-global-flexo-innovation-awards\/"},"author":{"name":"Andrea","@id":"https:\/\/projetopack.com.br\/#\/schema\/person\/d17c72a4bc2b7e461496dd8a14d4cef1"},"headline":"Inscri\u00e7\u00f5es abertas para o Global Flexo Innovation Awards","datePublished":"2020-09-16T18:11:36+00:00","dateModified":"2020-09-16T18:11:37+00:00","mainEntityOfPage":{"@id":"https:\/\/projetopack.com.br\/en\/inscricoes-abertas-para-o-global-flexo-innovation-awards\/"},"wordCount":698,"commentCount":0,"publisher":{"@id":"https:\/\/projetopack.com.br\/#organization"},"image":{"@id":"https:\/\/projetopack.com.br\/en\/inscricoes-abertas-para-o-global-flexo-innovation-awards\/#primaryimage"},"thumbnailUrl":"https:\/\/projetopack.com.br\/wp-content\/uploads\/2020\/06\/miraclon-1.jpg","keywords":["Global Flexo Innovation Awards","miraclon"],"articleSection":["Lan\u00e7amentos"],"inLanguage":"en-US","potentialAction":[{"@type":"CommentAction","name":"Comment","target":["https:\/\/projetopack.com.br\/en\/inscricoes-abertas-para-o-global-flexo-innovation-awards\/#respond"]}]},{"@type":"WebPage","@id":"https:\/\/projetopack.com.br\/en\/inscricoes-abertas-para-o-global-flexo-innovation-awards\/","url":"https:\/\/projetopack.com.br\/en\/inscricoes-abertas-para-o-global-flexo-innovation-awards\/","name":"Inscri\u00e7\u00f5es abertas para o Global Flexo Innovation Awards - ProjetoPack","isPartOf":{"@id":"https:\/\/projetopack.com.br\/#website"},"primaryImageOfPage":{"@id":"https:\/\/projetopack.com.br\/en\/inscricoes-abertas-para-o-global-flexo-innovation-awards\/#primaryimage"},"image":{"@id":"https:\/\/projetopack.com.br\/en\/inscricoes-abertas-para-o-global-flexo-innovation-awards\/#primaryimage"},"thumbnailUrl":"https:\/\/projetopack.com.br\/wp-content\/uploads\/2020\/06\/miraclon-1.jpg","datePublished":"2020-09-16T18:11:36+00:00","dateModified":"2020-09-16T18:11:37+00:00","description":"A Miraclon a anunciou hoje a abertura oficial das inscri\u00e7\u00f5es para seu Global Flexo Innovation Awards, criado para homenagear as empresas que est\u00e3o na vanguarda da transforma\u00e7\u00e3o da ind\u00fastria flexogr\u00e1fica.","breadcrumb":{"@id":"https:\/\/projetopack.com.br\/en\/inscricoes-abertas-para-o-global-flexo-innovation-awards\/#breadcrumb"},"inLanguage":"en-US","potentialAction":[{"@type":"ReadAction","target":["https:\/\/projetopack.com.br\/en\/inscricoes-abertas-para-o-global-flexo-innovation-awards\/"]}]},{"@type":"ImageObject","inLanguage":"en-US","@id":"https:\/\/projetopack.com.br\/en\/inscricoes-abertas-para-o-global-flexo-innovation-awards\/#primaryimage","url":"https:\/\/projetopack.com.br\/wp-content\/uploads\/2020\/06\/miraclon-1.jpg","contentUrl":"https:\/\/projetopack.com.br\/wp-content\/uploads\/2020\/06\/miraclon-1.jpg","width":1077,"height":1077},{"@type":"BreadcrumbList","@id":"https:\/\/projetopack.com.br\/en\/inscricoes-abertas-para-o-global-flexo-innovation-awards\/#breadcrumb","itemListElement":[{"@type":"ListItem","position":1,"name":"P\u00e1gina Inicial","item":"https:\/\/projetopack.com.br\/"},{"@type":"ListItem","position":2,"name":"Lan\u00e7amentos","item":"https:\/\/projetopack.com.br\/category\/lancamentos\/"},{"@type":"ListItem","position":3,"name":"Inscri\u00e7\u00f5es abertas para o Global Flexo Innovation Awards"}]},{"@type":"WebSite","@id":"https:\/\/projetopack.com.br\/#website","url":"https:\/\/projetopack.com.br\/","name":"ProjetoPack","description":"Consultoria e servi\u00e7os para embalagens, r\u00f3tulos, etiquetas e processos de impress\u00e3o","publisher":{"@id":"https:\/\/projetopack.com.br\/#organization"},"potentialAction":[{"@type":"SearchAction","target":{"@type":"EntryPoint","urlTemplate":"https:\/\/projetopack.com.br\/?s={search_term_string}"},"query-input":{"@type":"PropertyValueSpecification","valueRequired":true,"valueName":"search_term_string"}}],"inLanguage":"en-US"},{"@type":"Organization","@id":"https:\/\/projetopack.com.br\/#organization","name":"ProjetoPack & Associados","url":"https:\/\/projetopack.com.br\/","logo":{"@type":"ImageObject","inLanguage":"en-US","@id":"https:\/\/projetopack.com.br\/#\/schema\/logo\/image\/","url":"https:\/\/projetopack.com.br\/wp-content\/uploads\/2020\/09\/projetopack.png","contentUrl":"https:\/\/projetopack.com.br\/wp-content\/uploads\/2020\/09\/projetopack.png","width":200,"height":200,"caption":"ProjetoPack & Associados"},"image":{"@id":"https:\/\/projetopack.com.br\/#\/schema\/logo\/image\/"},"sameAs":["https:\/\/x.com\/ProjetoPack","https:\/\/www.linkedin.com\/company\/projetopack\/"]},{"@type":"Person","@id":"https:\/\/projetopack.com.br\/#\/schema\/person\/d17c72a4bc2b7e461496dd8a14d4cef1","name":"Andrea","image":{"@type":"ImageObject","inLanguage":"en-US","@id":"https:\/\/projetopack.com.br\/#\/schema\/person\/image\/","url":"https:\/\/projetopack.com.br\/wp-content\/uploads\/2026\/03\/eu-150x150.jpg","contentUrl":"https:\/\/projetopack.com.br\/wp-content\/uploads\/2026\/03\/eu-150x150.jpg","caption":"Andrea"},"url":"https:\/\/projetopack.com.br\/en\/author\/andrea\/"}]}},"_links":{"self":[{"href":"https:\/\/projetopack.com.br\/en\/wp-json\/wp\/v2\/posts\/7237","targetHints":{"allow":["GET"]}}],"collection":[{"href":"https:\/\/projetopack.com.br\/en\/wp-json\/wp\/v2\/posts"}],"about":[{"href":"https:\/\/projetopack.com.br\/en\/wp-json\/wp\/v2\/types\/post"}],"author":[{"embeddable":true,"href":"https:\/\/projetopack.com.br\/en\/wp-json\/wp\/v2\/users\/18"}],"replies":[{"embeddable":true,"href":"https:\/\/projetopack.com.br\/en\/wp-json\/wp\/v2\/comments?post=7237"}],"version-history":[{"count":0,"href":"https:\/\/projetopack.com.br\/en\/wp-json\/wp\/v2\/posts\/7237\/revisions"}],"wp:featuredmedia":[{"embeddable":true,"href":"https:\/\/projetopack.com.br\/en\/wp-json\/wp\/v2\/media\/6429"}],"wp:attachment":[{"href":"https:\/\/projetopack.com.br\/en\/wp-json\/wp\/v2\/media?parent=7237"}],"wp:term":[{"taxonomy":"category","embeddable":true,"href":"https:\/\/projetopack.com.br\/en\/wp-json\/wp\/v2\/categories?post=7237"},{"taxonomy":"post_tag","embeddable":true,"href":"https:\/\/projetopack.com.br\/en\/wp-json\/wp\/v2\/tags?post=7237"}],"curies":[{"name":"wp","href":"https:\/\/api.w.org\/{rel}","templated":true}]}}