{"id":7367,"date":"2020-09-29T13:32:39","date_gmt":"2020-09-29T16:32:39","guid":{"rendered":"https:\/\/www.projetopack.com.br\/?p=7367"},"modified":"2020-09-29T13:32:41","modified_gmt":"2020-09-29T16:32:41","slug":"com-dois-investimentos-na-tecnologia-konica-minolta-pro-visual-se-destaca-pelo-pioneirismo-e-expande-portfolio-de-produtos-com-a-accuriolabel-190","status":"publish","type":"post","link":"https:\/\/projetopack.com.br\/en\/com-dois-investimentos-na-tecnologia-konica-minolta-pro-visual-se-destaca-pelo-pioneirismo-e-expande-portfolio-de-produtos-com-a-accuriolabel-190\/","title":{"rendered":"Com dois investimentos na tecnologia Konica Minolta, Pro Visual se destaca pelo pioneirismo e expande portf\u00f3lio de produtos com a AccurioLabel 190"},"content":{"rendered":"<p class=\"has-medium-font-size\"><em>Gr\u00e1fica de Recife adquiriu dois equipamentos de impress\u00e3o digital para atualizar seu parque de produ\u00e7\u00e3o, ganhar mais qualidade e expandir sua atua\u00e7\u00e3o para o segmento de r\u00f3tulos, inclusive com a primeira AccurioPress C6100 do estado<\/em><\/p>\n\n\n\n<figure class=\"wp-block-image size-large\"><img decoding=\"async\" src=\"https:\/\/projetopack.com.br\/wp-content\/uploads\/2020\/09\/konica-1024x1024.jpg\" alt=\"\" class=\"wp-image-7368\"\/><\/figure>\n\n\n\n<p>Vinte e cinco anos de hist\u00f3ria no segmento gr\u00e1fico do Nordeste, coroados com pioneirismo. A <strong>Pro Visual<\/strong>, de Recife (PE) investiu na <strong>AccurioLabel 190<\/strong>, tecnologia de impress\u00e3o digital da <strong>Konica Minolta<\/strong> para r\u00f3tulos e etiquetas adesivas. Juntamente com o equipamento, uma segunda m\u00e1quina foi instalada: a <strong>AccurioPress C6100 <\/strong>para impress\u00e3o sob demanda no segmento promocional \u2013 o primeiro modelo instalado no estado de Pernambuco.<\/p>\n\n\n\n<p>Segundo Antonio Serpa, s\u00f3cio-propriet\u00e1rio da Pro Visual, a empresa, que iniciou suas atividades no ramo de offset, passou a adotar a tecnologia digital h\u00e1 quatro anos, atendendo a uma demanda do mercado. \u201cA necessidade de se produzir em pequenas tiragens aumentou e tivemos que nos atualizar\u201d, afirmou.<\/p>\n\n\n\n<p>O passo seguinte foi analisar a possibilidade de expandir o leque de produtos da empresa, que j\u00e1 trabalhava com impressos promocionais e editoriais. \u201cNo ano passado j\u00e1 hav\u00edamos visto a AccurioLabel 190, contudo, com a pandemia, seguramos o investimento\u201d, diz Antonio. \u201cAgora, com a retomada do mercado, chegou o momento de investir.\u201d<\/p>\n\n\n\n<p>J\u00e1 no caso da AccurioPress C6100, o objetivo foi renovar o parque digital com um equipamento de mais qualidade&nbsp; e produtividade. \u201cA flexibilidade de poder trabalhar com uma grande variedade de substratos tem nos chamado a aten\u00e7\u00e3o, juntamente com a alta qualidade do equipamento\u201d, pontua.<\/p>\n\n\n\n<p><strong>R\u00f3tulos<\/strong><\/p>\n\n\n\n<p>Por sua vez, a AccurioLabel 190, j\u00e1 em funcionamento na Pro Visual, representa a concretiza\u00e7\u00e3o de uma meta de investimento.<\/p>\n\n\n\n<figure class=\"wp-block-pullquote\"><blockquote><p>\u201cQuer\u00edamos entrar para o mercado de r\u00f3tulos e etiquetas, mas, como estamos no in\u00edcio, precis\u00e1vamos de uma m\u00e1quina flex\u00edvel para pequenas e m\u00e9dias tiragens. O resultado \u00e9 que estamos encantados com a AccurioLabel 190, com a qualidade de imagem que ela est\u00e1 nos oferecendo e com a possibilidade de usarmos v\u00e1rios tipos de m\u00eddias, como diversos BOPPs\u201d, ressalta Antonio.<\/p><\/blockquote><\/figure>\n\n\n\n<p>Gra\u00e7as \u00e0 flexibilidade tecnol\u00f3gica do equipamento, a Pro Visual j\u00e1 est\u00e1 produzindo r\u00f3tulos para diferentes segmentos de mercado \u2013 principalmente, cosm\u00e9ticos e bebidas.<\/p>\n\n\n\n<p>\u201cTamb\u00e9m estamos com clientes na \u00e1rea de alimentos\u201d, complementa Antonio. \u201cComo a AccurioLabel 190 nos entrega qualidade e performance em pequenas e m\u00e9dias tiragens, podemos trabalhar com mais diversifica\u00e7\u00e3o e atingir diversos p\u00fablicos.\u201d<\/p>\n\n\n\n<p>\u201cA tend\u00eancia contempor\u00e2nea de desenvolvimento corrobora a ideia de que a regi\u00e3o nordeste det\u00e9m hoje condi\u00e7\u00f5es que antes inexistiam para o avan\u00e7o regional. Pol\u00edticas p\u00fablicas adotadas a pelo menos h\u00e1 uma d\u00e9cada, bem como investimento de capital estrangeiro, propiciaram espa\u00e7os novos para o desenvolvimento local, criando oportunidades para o surgimento de outros p\u00f3los e nichos que ser\u00e3o cada vez mais baseados na alta tecnologia de ponta, fazendo com que a Pro Visual encontrasse estas caracter\u00edsticas necess\u00e1rias na Konica Minolta, realizando assim uma jun\u00e7\u00e3o perfeita\u201d, destaca Antony Mendes, supervisor administrativo de vendas da&nbsp; Konica Minolta na filial de Recife.<\/p>\n\n\n\n<p>Segundo estudo recentemente divulgada pelo Sebrae \u2014 PE, entre os nichos de mercado que estar\u00e3o em alta no p\u00f3s Covid19 no estado est\u00e3o os ramos de alimentos, bebidas, beleza e de pequenas e medias produtoras de insumos em geral.<\/p>\n\n\n\n<p>\u201cCom a gama de empreendimentos que j\u00e1 temos em nossa regi\u00e3o nestes segmentos, com a aquisi\u00e7\u00e3o da AccurioLabel 190, que possui tecnologia japonesa de \u00faltima gera\u00e7\u00e3o, a Pro Visual estar\u00e1 mais do que habilitada para a produ\u00e7\u00e3o de r\u00f3tulos e etiquetas para estes e outros segmentos de mercado\u201d, pontua Antony. \u201cEm especial, pelo nosso grande diferencial de poder rodar produ\u00e7\u00f5es de m\u00e9dias e baixas tiragens, perfil desse novo segmento que entrar\u00e1 em ascens\u00e3o segundo pesquisas. Por exemplo, aqui em nossa regi\u00e3o, com toda certeza muitos produtos ter\u00e3o em suas embalagens a marca da Pro Visual e nossa tecnologia.\u201d<\/p>\n\n\n\n<p><\/p>\n\n\n\n<p><strong>Fonte:<\/strong><\/p>\n\n\n\n<p class=\"has-background has-very-light-gray-background-color\">PARLA! Assessoria &#8211; Paulo Stucchi &#8211; (11)  3413-4416<\/p>","protected":false},"excerpt":{"rendered":"<p>A Pro Visual, de Recife (PE) investiu na AccurioLabel 190, tecnologia de impress\u00e3o digital da Konica Minolta para r\u00f3tulos e etiquetas adesivas.<\/p>","protected":false},"author":18,"featured_media":7369,"comment_status":"open","ping_status":"closed","sticky":false,"template":"","format":"standard","meta":{"footnotes":""},"categories":[458],"tags":[514,227,513],"class_list":["post-7367","post","type-post","status-publish","format-standard","has-post-thumbnail","hentry","category-lancamentos","tag-accuriolabel190","tag-konica-minolta","tag-pro-visual"],"yoast_head":"<!-- This site is optimized with the Yoast SEO Premium plugin v27.1 (Yoast SEO v27.1.1) - https:\/\/yoast.com\/product\/yoast-seo-premium-wordpress\/ -->\n<title>Com dois investimentos na tecnologia Konica Minolta, Pro Visual se destaca pelo pioneirismo e expande portf\u00f3lio de produtos com a AccurioLabel 190 - ProjetoPack<\/title>\n<meta name=\"description\" content=\"A Pro Visual, de Recife (PE) investiu na AccurioLabel 190, tecnologia de impress\u00e3o digital da Konica Minolta para r\u00f3tulos e etiquetas adesivas.\" \/>\n<meta name=\"robots\" content=\"index, follow, max-snippet:-1, max-image-preview:large, max-video-preview:-1\" \/>\n<link rel=\"canonical\" href=\"https:\/\/projetopack.com.br\/en\/com-dois-investimentos-na-tecnologia-konica-minolta-pro-visual-se-destaca-pelo-pioneirismo-e-expande-portfolio-de-produtos-com-a-accuriolabel-190\/\" \/>\n<meta property=\"og:locale\" content=\"en_US\" \/>\n<meta property=\"og:type\" content=\"article\" \/>\n<meta property=\"og:title\" content=\"Com dois investimentos na tecnologia Konica Minolta, Pro Visual se destaca pelo pioneirismo e expande portf\u00f3lio de produtos com a AccurioLabel 190\" \/>\n<meta property=\"og:description\" content=\"A Pro Visual, de Recife (PE) investiu na AccurioLabel 190, tecnologia de impress\u00e3o digital da Konica Minolta para r\u00f3tulos e etiquetas adesivas.\" \/>\n<meta property=\"og:url\" content=\"https:\/\/projetopack.com.br\/en\/com-dois-investimentos-na-tecnologia-konica-minolta-pro-visual-se-destaca-pelo-pioneirismo-e-expande-portfolio-de-produtos-com-a-accuriolabel-190\/\" \/>\n<meta property=\"og:site_name\" content=\"ProjetoPack\" \/>\n<meta property=\"article:published_time\" content=\"2020-09-29T16:32:39+00:00\" \/>\n<meta property=\"article:modified_time\" content=\"2020-09-29T16:32:41+00:00\" \/>\n<meta property=\"og:image\" content=\"https:\/\/projetopack.com.br\/wp-content\/uploads\/2020\/09\/logo-konica.jpg\" \/>\n\t<meta property=\"og:image:width\" content=\"346\" \/>\n\t<meta property=\"og:image:height\" content=\"171\" \/>\n\t<meta property=\"og:image:type\" content=\"image\/jpeg\" \/>\n<meta name=\"author\" content=\"Andrea\" \/>\n<meta name=\"twitter:card\" content=\"summary_large_image\" \/>\n<meta name=\"twitter:creator\" content=\"@ProjetoPack\" \/>\n<meta name=\"twitter:site\" content=\"@ProjetoPack\" \/>\n<meta name=\"twitter:label1\" content=\"Written by\" \/>\n\t<meta name=\"twitter:data1\" content=\"Andrea\" \/>\n\t<meta name=\"twitter:label2\" content=\"Est. reading time\" \/>\n\t<meta name=\"twitter:data2\" content=\"3 minutes\" \/>\n<script type=\"application\/ld+json\" class=\"yoast-schema-graph\">{\"@context\":\"https:\/\/schema.org\",\"@graph\":[{\"@type\":\"Article\",\"@id\":\"https:\/\/projetopack.com.br\/com-dois-investimentos-na-tecnologia-konica-minolta-pro-visual-se-destaca-pelo-pioneirismo-e-expande-portfolio-de-produtos-com-a-accuriolabel-190\/#article\",\"isPartOf\":{\"@id\":\"https:\/\/projetopack.com.br\/com-dois-investimentos-na-tecnologia-konica-minolta-pro-visual-se-destaca-pelo-pioneirismo-e-expande-portfolio-de-produtos-com-a-accuriolabel-190\/\"},\"author\":{\"name\":\"Andrea\",\"@id\":\"https:\/\/projetopack.com.br\/#\/schema\/person\/d17c72a4bc2b7e461496dd8a14d4cef1\"},\"headline\":\"Com dois investimentos na tecnologia Konica Minolta, Pro Visual se destaca pelo pioneirismo e expande portf\u00f3lio de produtos com a AccurioLabel 190\",\"datePublished\":\"2020-09-29T16:32:39+00:00\",\"dateModified\":\"2020-09-29T16:32:41+00:00\",\"mainEntityOfPage\":{\"@id\":\"https:\/\/projetopack.com.br\/com-dois-investimentos-na-tecnologia-konica-minolta-pro-visual-se-destaca-pelo-pioneirismo-e-expande-portfolio-de-produtos-com-a-accuriolabel-190\/\"},\"wordCount\":697,\"commentCount\":0,\"publisher\":{\"@id\":\"https:\/\/projetopack.com.br\/#organization\"},\"image\":{\"@id\":\"https:\/\/projetopack.com.br\/com-dois-investimentos-na-tecnologia-konica-minolta-pro-visual-se-destaca-pelo-pioneirismo-e-expande-portfolio-de-produtos-com-a-accuriolabel-190\/#primaryimage\"},\"thumbnailUrl\":\"https:\/\/projetopack.com.br\/wp-content\/uploads\/2020\/09\/logo-konica.jpg\",\"keywords\":[\"AccurioLabel190\",\"konica minolta\",\"Pro Visual\"],\"articleSection\":[\"Lan\u00e7amentos\"],\"inLanguage\":\"en-US\",\"potentialAction\":[{\"@type\":\"CommentAction\",\"name\":\"Comment\",\"target\":[\"https:\/\/projetopack.com.br\/com-dois-investimentos-na-tecnologia-konica-minolta-pro-visual-se-destaca-pelo-pioneirismo-e-expande-portfolio-de-produtos-com-a-accuriolabel-190\/#respond\"]}]},{\"@type\":\"WebPage\",\"@id\":\"https:\/\/projetopack.com.br\/com-dois-investimentos-na-tecnologia-konica-minolta-pro-visual-se-destaca-pelo-pioneirismo-e-expande-portfolio-de-produtos-com-a-accuriolabel-190\/\",\"url\":\"https:\/\/projetopack.com.br\/com-dois-investimentos-na-tecnologia-konica-minolta-pro-visual-se-destaca-pelo-pioneirismo-e-expande-portfolio-de-produtos-com-a-accuriolabel-190\/\",\"name\":\"Com dois investimentos na tecnologia Konica Minolta, Pro Visual se destaca pelo pioneirismo e expande portf\u00f3lio de produtos com a AccurioLabel 190 - ProjetoPack\",\"isPartOf\":{\"@id\":\"https:\/\/projetopack.com.br\/#website\"},\"primaryImageOfPage\":{\"@id\":\"https:\/\/projetopack.com.br\/com-dois-investimentos-na-tecnologia-konica-minolta-pro-visual-se-destaca-pelo-pioneirismo-e-expande-portfolio-de-produtos-com-a-accuriolabel-190\/#primaryimage\"},\"image\":{\"@id\":\"https:\/\/projetopack.com.br\/com-dois-investimentos-na-tecnologia-konica-minolta-pro-visual-se-destaca-pelo-pioneirismo-e-expande-portfolio-de-produtos-com-a-accuriolabel-190\/#primaryimage\"},\"thumbnailUrl\":\"https:\/\/projetopack.com.br\/wp-content\/uploads\/2020\/09\/logo-konica.jpg\",\"datePublished\":\"2020-09-29T16:32:39+00:00\",\"dateModified\":\"2020-09-29T16:32:41+00:00\",\"description\":\"A Pro Visual, de Recife (PE) investiu na AccurioLabel 190, tecnologia de impress\u00e3o digital da Konica Minolta para r\u00f3tulos e etiquetas adesivas.\",\"breadcrumb\":{\"@id\":\"https:\/\/projetopack.com.br\/com-dois-investimentos-na-tecnologia-konica-minolta-pro-visual-se-destaca-pelo-pioneirismo-e-expande-portfolio-de-produtos-com-a-accuriolabel-190\/#breadcrumb\"},\"inLanguage\":\"en-US\",\"potentialAction\":[{\"@type\":\"ReadAction\",\"target\":[\"https:\/\/projetopack.com.br\/com-dois-investimentos-na-tecnologia-konica-minolta-pro-visual-se-destaca-pelo-pioneirismo-e-expande-portfolio-de-produtos-com-a-accuriolabel-190\/\"]}]},{\"@type\":\"ImageObject\",\"inLanguage\":\"en-US\",\"@id\":\"https:\/\/projetopack.com.br\/com-dois-investimentos-na-tecnologia-konica-minolta-pro-visual-se-destaca-pelo-pioneirismo-e-expande-portfolio-de-produtos-com-a-accuriolabel-190\/#primaryimage\",\"url\":\"https:\/\/projetopack.com.br\/wp-content\/uploads\/2020\/09\/logo-konica.jpg\",\"contentUrl\":\"https:\/\/projetopack.com.br\/wp-content\/uploads\/2020\/09\/logo-konica.jpg\",\"width\":346,\"height\":171},{\"@type\":\"BreadcrumbList\",\"@id\":\"https:\/\/projetopack.com.br\/com-dois-investimentos-na-tecnologia-konica-minolta-pro-visual-se-destaca-pelo-pioneirismo-e-expande-portfolio-de-produtos-com-a-accuriolabel-190\/#breadcrumb\",\"itemListElement\":[{\"@type\":\"ListItem\",\"position\":1,\"name\":\"P\u00e1gina Inicial\",\"item\":\"https:\/\/projetopack.com.br\/\"},{\"@type\":\"ListItem\",\"position\":2,\"name\":\"Lan\u00e7amentos\",\"item\":\"https:\/\/projetopack.com.br\/category\/lancamentos\/\"},{\"@type\":\"ListItem\",\"position\":3,\"name\":\"Com dois investimentos na tecnologia Konica Minolta, Pro Visual se destaca pelo pioneirismo e expande portf\u00f3lio de produtos com a AccurioLabel 190\"}]},{\"@type\":\"WebSite\",\"@id\":\"https:\/\/projetopack.com.br\/#website\",\"url\":\"https:\/\/projetopack.com.br\/\",\"name\":\"ProjetoPack\",\"description\":\"Consultoria e servi\u00e7os para embalagens, r\u00f3tulos, etiquetas e processos de impress\u00e3o\",\"publisher\":{\"@id\":\"https:\/\/projetopack.com.br\/#organization\"},\"potentialAction\":[{\"@type\":\"SearchAction\",\"target\":{\"@type\":\"EntryPoint\",\"urlTemplate\":\"https:\/\/projetopack.com.br\/?s={search_term_string}\"},\"query-input\":{\"@type\":\"PropertyValueSpecification\",\"valueRequired\":true,\"valueName\":\"search_term_string\"}}],\"inLanguage\":\"en-US\"},{\"@type\":\"Organization\",\"@id\":\"https:\/\/projetopack.com.br\/#organization\",\"name\":\"ProjetoPack & Associados\",\"url\":\"https:\/\/projetopack.com.br\/\",\"logo\":{\"@type\":\"ImageObject\",\"inLanguage\":\"en-US\",\"@id\":\"https:\/\/projetopack.com.br\/#\/schema\/logo\/image\/\",\"url\":\"https:\/\/projetopack.com.br\/wp-content\/uploads\/2020\/09\/projetopack.png\",\"contentUrl\":\"https:\/\/projetopack.com.br\/wp-content\/uploads\/2020\/09\/projetopack.png\",\"width\":200,\"height\":200,\"caption\":\"ProjetoPack & Associados\"},\"image\":{\"@id\":\"https:\/\/projetopack.com.br\/#\/schema\/logo\/image\/\"},\"sameAs\":[\"https:\/\/x.com\/ProjetoPack\",\"https:\/\/www.linkedin.com\/company\/projetopack\/\"]},{\"@type\":\"Person\",\"@id\":\"https:\/\/projetopack.com.br\/#\/schema\/person\/d17c72a4bc2b7e461496dd8a14d4cef1\",\"name\":\"Andrea\",\"image\":{\"@type\":\"ImageObject\",\"inLanguage\":\"en-US\",\"@id\":\"https:\/\/projetopack.com.br\/#\/schema\/person\/image\/\",\"url\":\"https:\/\/projetopack.com.br\/wp-content\/uploads\/2026\/03\/eu-150x150.jpg\",\"contentUrl\":\"https:\/\/projetopack.com.br\/wp-content\/uploads\/2026\/03\/eu-150x150.jpg\",\"caption\":\"Andrea\"},\"url\":\"https:\/\/projetopack.com.br\/en\/author\/andrea\/\"}]}<\/script>\n<!-- \/ Yoast SEO Premium plugin. -->","yoast_head_json":{"title":"Com dois investimentos na tecnologia Konica Minolta, Pro Visual se destaca pelo pioneirismo e expande portf\u00f3lio de produtos com a AccurioLabel 190 - ProjetoPack","description":"A Pro Visual, de Recife (PE) investiu na AccurioLabel 190, tecnologia de impress\u00e3o digital da Konica Minolta para r\u00f3tulos e etiquetas adesivas.","robots":{"index":"index","follow":"follow","max-snippet":"max-snippet:-1","max-image-preview":"max-image-preview:large","max-video-preview":"max-video-preview:-1"},"canonical":"https:\/\/projetopack.com.br\/en\/com-dois-investimentos-na-tecnologia-konica-minolta-pro-visual-se-destaca-pelo-pioneirismo-e-expande-portfolio-de-produtos-com-a-accuriolabel-190\/","og_locale":"en_US","og_type":"article","og_title":"Com dois investimentos na tecnologia Konica Minolta, Pro Visual se destaca pelo pioneirismo e expande portf\u00f3lio de produtos com a AccurioLabel 190","og_description":"A Pro Visual, de Recife (PE) investiu na AccurioLabel 190, tecnologia de impress\u00e3o digital da Konica Minolta para r\u00f3tulos e etiquetas adesivas.","og_url":"https:\/\/projetopack.com.br\/en\/com-dois-investimentos-na-tecnologia-konica-minolta-pro-visual-se-destaca-pelo-pioneirismo-e-expande-portfolio-de-produtos-com-a-accuriolabel-190\/","og_site_name":"ProjetoPack","article_published_time":"2020-09-29T16:32:39+00:00","article_modified_time":"2020-09-29T16:32:41+00:00","og_image":[{"width":346,"height":171,"url":"https:\/\/projetopack.com.br\/wp-content\/uploads\/2020\/09\/logo-konica.jpg","type":"image\/jpeg"}],"author":"Andrea","twitter_card":"summary_large_image","twitter_creator":"@ProjetoPack","twitter_site":"@ProjetoPack","twitter_misc":{"Written by":"Andrea","Est. reading time":"3 minutes"},"schema":{"@context":"https:\/\/schema.org","@graph":[{"@type":"Article","@id":"https:\/\/projetopack.com.br\/com-dois-investimentos-na-tecnologia-konica-minolta-pro-visual-se-destaca-pelo-pioneirismo-e-expande-portfolio-de-produtos-com-a-accuriolabel-190\/#article","isPartOf":{"@id":"https:\/\/projetopack.com.br\/com-dois-investimentos-na-tecnologia-konica-minolta-pro-visual-se-destaca-pelo-pioneirismo-e-expande-portfolio-de-produtos-com-a-accuriolabel-190\/"},"author":{"name":"Andrea","@id":"https:\/\/projetopack.com.br\/#\/schema\/person\/d17c72a4bc2b7e461496dd8a14d4cef1"},"headline":"Com dois investimentos na tecnologia Konica Minolta, Pro Visual se destaca pelo pioneirismo e expande portf\u00f3lio de produtos com a AccurioLabel 190","datePublished":"2020-09-29T16:32:39+00:00","dateModified":"2020-09-29T16:32:41+00:00","mainEntityOfPage":{"@id":"https:\/\/projetopack.com.br\/com-dois-investimentos-na-tecnologia-konica-minolta-pro-visual-se-destaca-pelo-pioneirismo-e-expande-portfolio-de-produtos-com-a-accuriolabel-190\/"},"wordCount":697,"commentCount":0,"publisher":{"@id":"https:\/\/projetopack.com.br\/#organization"},"image":{"@id":"https:\/\/projetopack.com.br\/com-dois-investimentos-na-tecnologia-konica-minolta-pro-visual-se-destaca-pelo-pioneirismo-e-expande-portfolio-de-produtos-com-a-accuriolabel-190\/#primaryimage"},"thumbnailUrl":"https:\/\/projetopack.com.br\/wp-content\/uploads\/2020\/09\/logo-konica.jpg","keywords":["AccurioLabel190","konica minolta","Pro Visual"],"articleSection":["Lan\u00e7amentos"],"inLanguage":"en-US","potentialAction":[{"@type":"CommentAction","name":"Comment","target":["https:\/\/projetopack.com.br\/com-dois-investimentos-na-tecnologia-konica-minolta-pro-visual-se-destaca-pelo-pioneirismo-e-expande-portfolio-de-produtos-com-a-accuriolabel-190\/#respond"]}]},{"@type":"WebPage","@id":"https:\/\/projetopack.com.br\/com-dois-investimentos-na-tecnologia-konica-minolta-pro-visual-se-destaca-pelo-pioneirismo-e-expande-portfolio-de-produtos-com-a-accuriolabel-190\/","url":"https:\/\/projetopack.com.br\/com-dois-investimentos-na-tecnologia-konica-minolta-pro-visual-se-destaca-pelo-pioneirismo-e-expande-portfolio-de-produtos-com-a-accuriolabel-190\/","name":"Com dois investimentos na tecnologia Konica Minolta, Pro Visual se destaca pelo pioneirismo e expande portf\u00f3lio de produtos com a AccurioLabel 190 - ProjetoPack","isPartOf":{"@id":"https:\/\/projetopack.com.br\/#website"},"primaryImageOfPage":{"@id":"https:\/\/projetopack.com.br\/com-dois-investimentos-na-tecnologia-konica-minolta-pro-visual-se-destaca-pelo-pioneirismo-e-expande-portfolio-de-produtos-com-a-accuriolabel-190\/#primaryimage"},"image":{"@id":"https:\/\/projetopack.com.br\/com-dois-investimentos-na-tecnologia-konica-minolta-pro-visual-se-destaca-pelo-pioneirismo-e-expande-portfolio-de-produtos-com-a-accuriolabel-190\/#primaryimage"},"thumbnailUrl":"https:\/\/projetopack.com.br\/wp-content\/uploads\/2020\/09\/logo-konica.jpg","datePublished":"2020-09-29T16:32:39+00:00","dateModified":"2020-09-29T16:32:41+00:00","description":"A Pro Visual, de Recife (PE) investiu na AccurioLabel 190, tecnologia de impress\u00e3o digital da Konica Minolta para r\u00f3tulos e etiquetas adesivas.","breadcrumb":{"@id":"https:\/\/projetopack.com.br\/com-dois-investimentos-na-tecnologia-konica-minolta-pro-visual-se-destaca-pelo-pioneirismo-e-expande-portfolio-de-produtos-com-a-accuriolabel-190\/#breadcrumb"},"inLanguage":"en-US","potentialAction":[{"@type":"ReadAction","target":["https:\/\/projetopack.com.br\/com-dois-investimentos-na-tecnologia-konica-minolta-pro-visual-se-destaca-pelo-pioneirismo-e-expande-portfolio-de-produtos-com-a-accuriolabel-190\/"]}]},{"@type":"ImageObject","inLanguage":"en-US","@id":"https:\/\/projetopack.com.br\/com-dois-investimentos-na-tecnologia-konica-minolta-pro-visual-se-destaca-pelo-pioneirismo-e-expande-portfolio-de-produtos-com-a-accuriolabel-190\/#primaryimage","url":"https:\/\/projetopack.com.br\/wp-content\/uploads\/2020\/09\/logo-konica.jpg","contentUrl":"https:\/\/projetopack.com.br\/wp-content\/uploads\/2020\/09\/logo-konica.jpg","width":346,"height":171},{"@type":"BreadcrumbList","@id":"https:\/\/projetopack.com.br\/com-dois-investimentos-na-tecnologia-konica-minolta-pro-visual-se-destaca-pelo-pioneirismo-e-expande-portfolio-de-produtos-com-a-accuriolabel-190\/#breadcrumb","itemListElement":[{"@type":"ListItem","position":1,"name":"P\u00e1gina Inicial","item":"https:\/\/projetopack.com.br\/"},{"@type":"ListItem","position":2,"name":"Lan\u00e7amentos","item":"https:\/\/projetopack.com.br\/category\/lancamentos\/"},{"@type":"ListItem","position":3,"name":"Com dois investimentos na tecnologia Konica Minolta, Pro Visual se destaca pelo pioneirismo e expande portf\u00f3lio de produtos com a AccurioLabel 190"}]},{"@type":"WebSite","@id":"https:\/\/projetopack.com.br\/#website","url":"https:\/\/projetopack.com.br\/","name":"ProjetoPack","description":"Consultoria e servi\u00e7os para embalagens, r\u00f3tulos, etiquetas e processos de impress\u00e3o","publisher":{"@id":"https:\/\/projetopack.com.br\/#organization"},"potentialAction":[{"@type":"SearchAction","target":{"@type":"EntryPoint","urlTemplate":"https:\/\/projetopack.com.br\/?s={search_term_string}"},"query-input":{"@type":"PropertyValueSpecification","valueRequired":true,"valueName":"search_term_string"}}],"inLanguage":"en-US"},{"@type":"Organization","@id":"https:\/\/projetopack.com.br\/#organization","name":"ProjetoPack & Associados","url":"https:\/\/projetopack.com.br\/","logo":{"@type":"ImageObject","inLanguage":"en-US","@id":"https:\/\/projetopack.com.br\/#\/schema\/logo\/image\/","url":"https:\/\/projetopack.com.br\/wp-content\/uploads\/2020\/09\/projetopack.png","contentUrl":"https:\/\/projetopack.com.br\/wp-content\/uploads\/2020\/09\/projetopack.png","width":200,"height":200,"caption":"ProjetoPack & Associados"},"image":{"@id":"https:\/\/projetopack.com.br\/#\/schema\/logo\/image\/"},"sameAs":["https:\/\/x.com\/ProjetoPack","https:\/\/www.linkedin.com\/company\/projetopack\/"]},{"@type":"Person","@id":"https:\/\/projetopack.com.br\/#\/schema\/person\/d17c72a4bc2b7e461496dd8a14d4cef1","name":"Andrea","image":{"@type":"ImageObject","inLanguage":"en-US","@id":"https:\/\/projetopack.com.br\/#\/schema\/person\/image\/","url":"https:\/\/projetopack.com.br\/wp-content\/uploads\/2026\/03\/eu-150x150.jpg","contentUrl":"https:\/\/projetopack.com.br\/wp-content\/uploads\/2026\/03\/eu-150x150.jpg","caption":"Andrea"},"url":"https:\/\/projetopack.com.br\/en\/author\/andrea\/"}]}},"_links":{"self":[{"href":"https:\/\/projetopack.com.br\/en\/wp-json\/wp\/v2\/posts\/7367","targetHints":{"allow":["GET"]}}],"collection":[{"href":"https:\/\/projetopack.com.br\/en\/wp-json\/wp\/v2\/posts"}],"about":[{"href":"https:\/\/projetopack.com.br\/en\/wp-json\/wp\/v2\/types\/post"}],"author":[{"embeddable":true,"href":"https:\/\/projetopack.com.br\/en\/wp-json\/wp\/v2\/users\/18"}],"replies":[{"embeddable":true,"href":"https:\/\/projetopack.com.br\/en\/wp-json\/wp\/v2\/comments?post=7367"}],"version-history":[{"count":0,"href":"https:\/\/projetopack.com.br\/en\/wp-json\/wp\/v2\/posts\/7367\/revisions"}],"wp:featuredmedia":[{"embeddable":true,"href":"https:\/\/projetopack.com.br\/en\/wp-json\/wp\/v2\/media\/7369"}],"wp:attachment":[{"href":"https:\/\/projetopack.com.br\/en\/wp-json\/wp\/v2\/media?parent=7367"}],"wp:term":[{"taxonomy":"category","embeddable":true,"href":"https:\/\/projetopack.com.br\/en\/wp-json\/wp\/v2\/categories?post=7367"},{"taxonomy":"post_tag","embeddable":true,"href":"https:\/\/projetopack.com.br\/en\/wp-json\/wp\/v2\/tags?post=7367"}],"curies":[{"name":"wp","href":"https:\/\/api.w.org\/{rel}","templated":true}]}}