{"id":7375,"date":"2020-09-29T17:38:38","date_gmt":"2020-09-29T20:38:38","guid":{"rendered":"https:\/\/www.projetopack.com.br\/?p=7375"},"modified":"2020-09-29T17:38:39","modified_gmt":"2020-09-29T20:38:39","slug":"goncalves-inaugura-linha-de-conversao-complexa-para-embalagens-de-papel-cartao-na-america-latina-com-equipamentos-bobst","status":"publish","type":"post","link":"https:\/\/projetopack.com.br\/en\/goncalves-inaugura-linha-de-conversao-complexa-para-embalagens-de-papel-cartao-na-america-latina-com-equipamentos-bobst\/","title":{"rendered":"Gon\u00e7alves inaugura linha de convers\u00e3o complexa para embalagens de papel cart\u00e3o na Am\u00e9rica Latina com equipamentos BOBST"},"content":{"rendered":"<div class=\"wp-block-image\"><figure class=\"aligncenter size-large\"><img decoding=\"async\" src=\"https:\/\/projetopack.com.br\/wp-content\/uploads\/2020\/09\/gon\u00e7alves-1024x1024.jpg\" alt=\"\" class=\"wp-image-7376\"\/><\/figure><\/div>\n\n\n\n<p>A nova linha de embalagens de papel-cart\u00e3o foi apresentada oficialmente durante a cerim\u00f4nia de inaugura\u00e7\u00e3o no dia 11 de Setembro de 2020. A nova linha de convers\u00e3o de embalagens de papel-cart\u00e3o altamente automatizada, fo instalada para garantir maior agilidade e produtividade, permitindo a esse l\u00edder de mercado atender ao um mercado consumidor cada vez mais exigente.<\/p>\n\n\n\n<p>Neste mais recente investimento, a empresa adicionou uma m\u00e1quina de corte e vinco NOVACUT 106 ER, com destaque autom\u00e1tico de aparas e uma dobradeira-coladeira EXPERTFOLD 110, com diversos opcionais para garantir maior automa\u00e7\u00e3o, qualidade e produtividade \u00e0 opera\u00e7\u00e3o. \u201cEssa linha foi desenhada para proporcionar \u00e0 Gr\u00e1fica Gon\u00e7alves o que h\u00e1 de mais inovador em tecnologia de convers\u00e3o de embalagens, e assim garantir maior agilidade \u00e0 sua opera\u00e7\u00e3o\u201d Informou Eduardo Pereira, Diretor comercial da Bobst Latinoamerica do Sul.&nbsp;<\/p>\n\n\n\n<figure class=\"wp-block-pullquote\"><blockquote><p>\u201cO maior desafio da Gon\u00e7alves hoje \u00e9 a busca de solu\u00e7\u00f5es inovadoras, seja na escolha de materiais, acabamentos, produtividade e redu\u00e7\u00e3o de custos. E isso tudo deve estar alinhado \u00e0 sustentabilidade. A preserva\u00e7\u00e3o do meio ambiente tem sido uma demanda crescente e acreditamos fortemente que essa ser\u00e1 uma preocupa\u00e7\u00e3o constante das empresas de sucesso\u201d comentou Juliana Gon\u00e7alves, diretora de opera\u00e7\u00f5es da Gr\u00e1fica Gon\u00e7alves.<\/p><\/blockquote><\/figure>\n\n\n\n<p>A NOVACUT 106 ER conta com destaque autom\u00e1tico de aparas, o que reduz significativamente o tempo de produ\u00e7\u00e3o, j\u00e1 que elimina uma etapa manual ap\u00f3s as passadas pela m\u00e1quina de corte e vinco, e as pilhas de embalagens saem prontas para entrarem nas dobradeiras-coladeiras.<\/p>\n\n\n\n<p>Mais do que isso, antes de se comprometer totalmente com a compra, a Gon\u00e7alves estabeleceu um desafio para a BOBST no Brasil, que envolvia uma embalagem extremamente complexa por suas dimens\u00f5es m\u00ednimas. A BOBST reuniu uma equipe multidisciplinar e encarou o desafio. Suprimentos, tooling, engenharia, log\u00edstica, vendas, entre outros, envolvidos para viabilizar esse projeto. Foram mais de 100 horas somente para montagem, testes, demonstra\u00e7\u00f5es e ajustes, mas as empresas obtiveram sucesso, passando a rodar o item em suas m\u00e1quinas com a mesma produtividade de embalagens menos complexas.<\/p>\n\n\n\n<p>J\u00e1 a linha dobradeira-coladeira EXPERTFOLD 110 conta com diversos dispositivos e perif\u00e9ricos como EASYFEEDER 4, ACCUBRAILE, SPEEDWAVE, HANDYPACK, CARTONPACK 4, entre outros, tornando-a a mais sofisticada em opera\u00e7\u00e3o at\u00e9 o momento na Am\u00e9rica do Sul. Capaz de rodar embalagens complexas, ela alcan\u00e7a velocidades impressionantes, com alt\u00edssimo grau de automa\u00e7\u00e3o do equipamento, acelerando o processo produtivo e proporcionando redu\u00e7\u00e3o significativa de desperd\u00edcios.<\/p>\n\n\n\n<p>\u201cEsse investimento visa principalmente nos mantermos competitivos, atendendo nossos clientes com mais qualidade e agilidade. Assim, acreditamos que teremos benef\u00edcios como mais velocidade de produ\u00e7\u00e3o, menos desperd\u00edcio de mat\u00e9ria prima, equipamentos mais automatizados, melhoria na qualidade e menos retrabalho\u201d complementou Juliana.<\/p>\n\n\n\n<p>Al\u00e9m disso, por meio da conectividade completa e do servi\u00e7o de manuten\u00e7\u00e3o remota BOBST HELPLINE PLUS a Gr\u00e1fica Gon\u00e7alves garante que seus equipamentos tenham o melhor desempenho com tempo m\u00ednimo de inatividade. \u201cPor representar um custo consider\u00e1vel, algumas empresas acabam deixando assuntos como manuten\u00e7\u00e3o e treinamento em segundo plano, mas \u00e9 fundamental que haja um trabalho robusto e cont\u00ednuo nesse sentido\u201d conta Juliana.&nbsp;<\/p>\n\n\n\n<p>\u201cVivemos uma nova realidade de mercado em que consumidores mais conscientes e exigentes demandam cada vez mais das marcas que compram. A nova vis\u00e3o da BOBST para a ind\u00fastria de embalagens abrange toda a cadeia produtiva, desde mat\u00e9rias primas at\u00e9 seu descarte pelo consumidor final, buscando apoiar, atrav\u00e9s de seus equipamentos e servi\u00e7os, os desafios de cada etapa percorrida por uma embalagem\u201d informou Eduardo Petroni, CEO da Bobst Latinoamerica do Sul. \u201cAcompanhamos a Gr\u00e1fica Gon\u00e7alves h\u00e1 muitos anos e evolu\u00edmos junto com ela para oferecer a solu\u00e7\u00e3o que lhe perimitisse atender \u00e0s crescentes exig\u00eancias dessa cadeia\u201d finalizou ele.<\/p>\n\n\n\n<p>\u201cA BOBST \u00e9 sem d\u00favida um de nossos parceiros mais estrat\u00e9gicos e h\u00e1 mais de 40 anos contamos com suas inova\u00e7\u00f5es. Durante todos esses anos, nunca nos deixaram na m\u00e3o. A BOBST faz parte da nossa hist\u00f3ria, assim como n\u00f3s fazemos parte da hist\u00f3ria da BOBST no Brasil\u201d declarou Paulo Gon\u00e7alves, CEO da Gr\u00e1fica Gon\u00e7alves, ao final do evento de inaugura\u00e7\u00e3o.<\/p>\n\n\n\n<p><\/p>\n\n\n\n<p><strong>Para mais informa\u00e7\u00f5es:<\/strong><\/p>\n\n\n\n<p class=\"has-background has-very-light-gray-background-color\">Tove Dahlstrom<br>Marketing e Comunica\u00e7\u00e3o Regional<\/p>\n\n\n\n<p class=\"has-background has-very-light-gray-background-color\">Bobst Latinoamerica do Sul<\/p>\n\n\n\n<p class=\"has-background has-very-light-gray-background-color\">Tel.: +11 4534 9308<\/p>\n\n\n\n<p class=\"has-background has-very-light-gray-background-color\">Mobile: +11 9 4455 1982<\/p>\n\n\n\n<p class=\"has-background has-very-light-gray-background-color\">E-Mail: tove.dahlstrom@bobst<\/p>","protected":false},"excerpt":{"rendered":"<p>A nova linha de embalagens de papel-cart\u00e3o foi apresentada oficialmente durante a cerim\u00f4nia de inaugura\u00e7\u00e3o no dia 11 de Setembro de 2020.<\/p>","protected":false},"author":18,"featured_media":2959,"comment_status":"open","ping_status":"closed","sticky":false,"template":"","format":"standard","meta":{"footnotes":""},"categories":[458],"tags":[271,515,516],"class_list":["post-7375","post","type-post","status-publish","format-standard","has-post-thumbnail","hentry","category-lancamentos","tag-bobst","tag-grafica-goncalves","tag-novacut-106-er"],"yoast_head":"<!-- This site is optimized with the Yoast SEO Premium plugin v27.1 (Yoast SEO v27.1.1) - https:\/\/yoast.com\/product\/yoast-seo-premium-wordpress\/ -->\n<title>Gon\u00e7alves inaugura linha de convers\u00e3o complexa para embalagens de papel cart\u00e3o na Am\u00e9rica Latina com equipamentos BOBST - ProjetoPack<\/title>\n<meta name=\"description\" content=\"A nova linha de embalagens de papel-cart\u00e3o foi apresentada oficialmente durante a cerim\u00f4nia de inaugura\u00e7\u00e3o no dia 11 de Setembro de 2020.\" \/>\n<meta name=\"robots\" content=\"index, follow, max-snippet:-1, max-image-preview:large, max-video-preview:-1\" \/>\n<link rel=\"canonical\" href=\"https:\/\/projetopack.com.br\/en\/goncalves-inaugura-linha-de-conversao-complexa-para-embalagens-de-papel-cartao-na-america-latina-com-equipamentos-bobst\/\" \/>\n<meta property=\"og:locale\" content=\"en_US\" \/>\n<meta property=\"og:type\" content=\"article\" \/>\n<meta property=\"og:title\" content=\"Gon\u00e7alves inaugura linha de convers\u00e3o complexa para embalagens de papel cart\u00e3o na Am\u00e9rica Latina com equipamentos BOBST\" \/>\n<meta property=\"og:description\" content=\"A nova linha de embalagens de papel-cart\u00e3o foi apresentada oficialmente durante a cerim\u00f4nia de inaugura\u00e7\u00e3o no dia 11 de Setembro de 2020.\" \/>\n<meta property=\"og:url\" content=\"https:\/\/projetopack.com.br\/en\/goncalves-inaugura-linha-de-conversao-complexa-para-embalagens-de-papel-cartao-na-america-latina-com-equipamentos-bobst\/\" \/>\n<meta property=\"og:site_name\" content=\"ProjetoPack\" \/>\n<meta property=\"article:published_time\" content=\"2020-09-29T20:38:38+00:00\" \/>\n<meta property=\"article:modified_time\" content=\"2020-09-29T20:38:39+00:00\" \/>\n<meta property=\"og:image\" content=\"https:\/\/projetopack.com.br\/wp-content\/uploads\/2018\/06\/Bobst.jpg\" \/>\n\t<meta property=\"og:image:width\" content=\"870\" \/>\n\t<meta property=\"og:image:height\" content=\"540\" \/>\n\t<meta property=\"og:image:type\" content=\"image\/jpeg\" \/>\n<meta name=\"author\" content=\"Andrea\" \/>\n<meta name=\"twitter:card\" content=\"summary_large_image\" \/>\n<meta name=\"twitter:creator\" content=\"@ProjetoPack\" \/>\n<meta name=\"twitter:site\" content=\"@ProjetoPack\" \/>\n<meta name=\"twitter:label1\" content=\"Written by\" \/>\n\t<meta name=\"twitter:data1\" content=\"Andrea\" \/>\n\t<meta name=\"twitter:label2\" content=\"Est. reading time\" \/>\n\t<meta name=\"twitter:data2\" content=\"4 minutes\" \/>\n<script type=\"application\/ld+json\" class=\"yoast-schema-graph\">{\"@context\":\"https:\/\/schema.org\",\"@graph\":[{\"@type\":\"Article\",\"@id\":\"https:\/\/projetopack.com.br\/en\/goncalves-inaugura-linha-de-conversao-complexa-para-embalagens-de-papel-cartao-na-america-latina-com-equipamentos-bobst\/#article\",\"isPartOf\":{\"@id\":\"https:\/\/projetopack.com.br\/en\/goncalves-inaugura-linha-de-conversao-complexa-para-embalagens-de-papel-cartao-na-america-latina-com-equipamentos-bobst\/\"},\"author\":{\"name\":\"Andrea\",\"@id\":\"https:\/\/projetopack.com.br\/#\/schema\/person\/d17c72a4bc2b7e461496dd8a14d4cef1\"},\"headline\":\"Gon\u00e7alves inaugura linha de convers\u00e3o complexa para embalagens de papel cart\u00e3o na Am\u00e9rica Latina com equipamentos BOBST\",\"datePublished\":\"2020-09-29T20:38:38+00:00\",\"dateModified\":\"2020-09-29T20:38:39+00:00\",\"mainEntityOfPage\":{\"@id\":\"https:\/\/projetopack.com.br\/en\/goncalves-inaugura-linha-de-conversao-complexa-para-embalagens-de-papel-cartao-na-america-latina-com-equipamentos-bobst\/\"},\"wordCount\":752,\"commentCount\":0,\"publisher\":{\"@id\":\"https:\/\/projetopack.com.br\/#organization\"},\"image\":{\"@id\":\"https:\/\/projetopack.com.br\/en\/goncalves-inaugura-linha-de-conversao-complexa-para-embalagens-de-papel-cartao-na-america-latina-com-equipamentos-bobst\/#primaryimage\"},\"thumbnailUrl\":\"https:\/\/projetopack.com.br\/wp-content\/uploads\/2018\/06\/Bobst.jpg\",\"keywords\":[\"bobst\",\"gr\u00e1fica gon\u00e7alves\",\"NOVACUT 106 ER\"],\"articleSection\":[\"Lan\u00e7amentos\"],\"inLanguage\":\"en-US\",\"potentialAction\":[{\"@type\":\"CommentAction\",\"name\":\"Comment\",\"target\":[\"https:\/\/projetopack.com.br\/en\/goncalves-inaugura-linha-de-conversao-complexa-para-embalagens-de-papel-cartao-na-america-latina-com-equipamentos-bobst\/#respond\"]}]},{\"@type\":\"WebPage\",\"@id\":\"https:\/\/projetopack.com.br\/en\/goncalves-inaugura-linha-de-conversao-complexa-para-embalagens-de-papel-cartao-na-america-latina-com-equipamentos-bobst\/\",\"url\":\"https:\/\/projetopack.com.br\/en\/goncalves-inaugura-linha-de-conversao-complexa-para-embalagens-de-papel-cartao-na-america-latina-com-equipamentos-bobst\/\",\"name\":\"Gon\u00e7alves inaugura linha de convers\u00e3o complexa para embalagens de papel cart\u00e3o na Am\u00e9rica Latina com equipamentos BOBST - ProjetoPack\",\"isPartOf\":{\"@id\":\"https:\/\/projetopack.com.br\/#website\"},\"primaryImageOfPage\":{\"@id\":\"https:\/\/projetopack.com.br\/en\/goncalves-inaugura-linha-de-conversao-complexa-para-embalagens-de-papel-cartao-na-america-latina-com-equipamentos-bobst\/#primaryimage\"},\"image\":{\"@id\":\"https:\/\/projetopack.com.br\/en\/goncalves-inaugura-linha-de-conversao-complexa-para-embalagens-de-papel-cartao-na-america-latina-com-equipamentos-bobst\/#primaryimage\"},\"thumbnailUrl\":\"https:\/\/projetopack.com.br\/wp-content\/uploads\/2018\/06\/Bobst.jpg\",\"datePublished\":\"2020-09-29T20:38:38+00:00\",\"dateModified\":\"2020-09-29T20:38:39+00:00\",\"description\":\"A nova linha de embalagens de papel-cart\u00e3o foi apresentada oficialmente durante a cerim\u00f4nia de inaugura\u00e7\u00e3o no dia 11 de Setembro de 2020.\",\"breadcrumb\":{\"@id\":\"https:\/\/projetopack.com.br\/en\/goncalves-inaugura-linha-de-conversao-complexa-para-embalagens-de-papel-cartao-na-america-latina-com-equipamentos-bobst\/#breadcrumb\"},\"inLanguage\":\"en-US\",\"potentialAction\":[{\"@type\":\"ReadAction\",\"target\":[\"https:\/\/projetopack.com.br\/en\/goncalves-inaugura-linha-de-conversao-complexa-para-embalagens-de-papel-cartao-na-america-latina-com-equipamentos-bobst\/\"]}]},{\"@type\":\"ImageObject\",\"inLanguage\":\"en-US\",\"@id\":\"https:\/\/projetopack.com.br\/en\/goncalves-inaugura-linha-de-conversao-complexa-para-embalagens-de-papel-cartao-na-america-latina-com-equipamentos-bobst\/#primaryimage\",\"url\":\"https:\/\/projetopack.com.br\/wp-content\/uploads\/2018\/06\/Bobst.jpg\",\"contentUrl\":\"https:\/\/projetopack.com.br\/wp-content\/uploads\/2018\/06\/Bobst.jpg\",\"width\":870,\"height\":540},{\"@type\":\"BreadcrumbList\",\"@id\":\"https:\/\/projetopack.com.br\/en\/goncalves-inaugura-linha-de-conversao-complexa-para-embalagens-de-papel-cartao-na-america-latina-com-equipamentos-bobst\/#breadcrumb\",\"itemListElement\":[{\"@type\":\"ListItem\",\"position\":1,\"name\":\"P\u00e1gina Inicial\",\"item\":\"https:\/\/projetopack.com.br\/\"},{\"@type\":\"ListItem\",\"position\":2,\"name\":\"Lan\u00e7amentos\",\"item\":\"https:\/\/projetopack.com.br\/category\/lancamentos\/\"},{\"@type\":\"ListItem\",\"position\":3,\"name\":\"Gon\u00e7alves inaugura linha de convers\u00e3o complexa para embalagens de papel cart\u00e3o na Am\u00e9rica Latina com equipamentos BOBST\"}]},{\"@type\":\"WebSite\",\"@id\":\"https:\/\/projetopack.com.br\/#website\",\"url\":\"https:\/\/projetopack.com.br\/\",\"name\":\"ProjetoPack\",\"description\":\"Consultoria e servi\u00e7os para embalagens, r\u00f3tulos, etiquetas e processos de impress\u00e3o\",\"publisher\":{\"@id\":\"https:\/\/projetopack.com.br\/#organization\"},\"potentialAction\":[{\"@type\":\"SearchAction\",\"target\":{\"@type\":\"EntryPoint\",\"urlTemplate\":\"https:\/\/projetopack.com.br\/?s={search_term_string}\"},\"query-input\":{\"@type\":\"PropertyValueSpecification\",\"valueRequired\":true,\"valueName\":\"search_term_string\"}}],\"inLanguage\":\"en-US\"},{\"@type\":\"Organization\",\"@id\":\"https:\/\/projetopack.com.br\/#organization\",\"name\":\"ProjetoPack & Associados\",\"url\":\"https:\/\/projetopack.com.br\/\",\"logo\":{\"@type\":\"ImageObject\",\"inLanguage\":\"en-US\",\"@id\":\"https:\/\/projetopack.com.br\/#\/schema\/logo\/image\/\",\"url\":\"https:\/\/projetopack.com.br\/wp-content\/uploads\/2020\/09\/projetopack.png\",\"contentUrl\":\"https:\/\/projetopack.com.br\/wp-content\/uploads\/2020\/09\/projetopack.png\",\"width\":200,\"height\":200,\"caption\":\"ProjetoPack & Associados\"},\"image\":{\"@id\":\"https:\/\/projetopack.com.br\/#\/schema\/logo\/image\/\"},\"sameAs\":[\"https:\/\/x.com\/ProjetoPack\",\"https:\/\/www.linkedin.com\/company\/projetopack\/\"]},{\"@type\":\"Person\",\"@id\":\"https:\/\/projetopack.com.br\/#\/schema\/person\/d17c72a4bc2b7e461496dd8a14d4cef1\",\"name\":\"Andrea\",\"image\":{\"@type\":\"ImageObject\",\"inLanguage\":\"en-US\",\"@id\":\"https:\/\/projetopack.com.br\/#\/schema\/person\/image\/\",\"url\":\"https:\/\/projetopack.com.br\/wp-content\/uploads\/2026\/03\/eu-150x150.jpg\",\"contentUrl\":\"https:\/\/projetopack.com.br\/wp-content\/uploads\/2026\/03\/eu-150x150.jpg\",\"caption\":\"Andrea\"},\"url\":\"https:\/\/projetopack.com.br\/en\/author\/andrea\/\"}]}<\/script>\n<!-- \/ Yoast SEO Premium plugin. -->","yoast_head_json":{"title":"Gon\u00e7alves inaugura linha de convers\u00e3o complexa para embalagens de papel cart\u00e3o na Am\u00e9rica Latina com equipamentos BOBST - ProjetoPack","description":"A nova linha de embalagens de papel-cart\u00e3o foi apresentada oficialmente durante a cerim\u00f4nia de inaugura\u00e7\u00e3o no dia 11 de Setembro de 2020.","robots":{"index":"index","follow":"follow","max-snippet":"max-snippet:-1","max-image-preview":"max-image-preview:large","max-video-preview":"max-video-preview:-1"},"canonical":"https:\/\/projetopack.com.br\/en\/goncalves-inaugura-linha-de-conversao-complexa-para-embalagens-de-papel-cartao-na-america-latina-com-equipamentos-bobst\/","og_locale":"en_US","og_type":"article","og_title":"Gon\u00e7alves inaugura linha de convers\u00e3o complexa para embalagens de papel cart\u00e3o na Am\u00e9rica Latina com equipamentos BOBST","og_description":"A nova linha de embalagens de papel-cart\u00e3o foi apresentada oficialmente durante a cerim\u00f4nia de inaugura\u00e7\u00e3o no dia 11 de Setembro de 2020.","og_url":"https:\/\/projetopack.com.br\/en\/goncalves-inaugura-linha-de-conversao-complexa-para-embalagens-de-papel-cartao-na-america-latina-com-equipamentos-bobst\/","og_site_name":"ProjetoPack","article_published_time":"2020-09-29T20:38:38+00:00","article_modified_time":"2020-09-29T20:38:39+00:00","og_image":[{"width":870,"height":540,"url":"https:\/\/projetopack.com.br\/wp-content\/uploads\/2018\/06\/Bobst.jpg","type":"image\/jpeg"}],"author":"Andrea","twitter_card":"summary_large_image","twitter_creator":"@ProjetoPack","twitter_site":"@ProjetoPack","twitter_misc":{"Written by":"Andrea","Est. reading time":"4 minutes"},"schema":{"@context":"https:\/\/schema.org","@graph":[{"@type":"Article","@id":"https:\/\/projetopack.com.br\/en\/goncalves-inaugura-linha-de-conversao-complexa-para-embalagens-de-papel-cartao-na-america-latina-com-equipamentos-bobst\/#article","isPartOf":{"@id":"https:\/\/projetopack.com.br\/en\/goncalves-inaugura-linha-de-conversao-complexa-para-embalagens-de-papel-cartao-na-america-latina-com-equipamentos-bobst\/"},"author":{"name":"Andrea","@id":"https:\/\/projetopack.com.br\/#\/schema\/person\/d17c72a4bc2b7e461496dd8a14d4cef1"},"headline":"Gon\u00e7alves inaugura linha de convers\u00e3o complexa para embalagens de papel cart\u00e3o na Am\u00e9rica Latina com equipamentos BOBST","datePublished":"2020-09-29T20:38:38+00:00","dateModified":"2020-09-29T20:38:39+00:00","mainEntityOfPage":{"@id":"https:\/\/projetopack.com.br\/en\/goncalves-inaugura-linha-de-conversao-complexa-para-embalagens-de-papel-cartao-na-america-latina-com-equipamentos-bobst\/"},"wordCount":752,"commentCount":0,"publisher":{"@id":"https:\/\/projetopack.com.br\/#organization"},"image":{"@id":"https:\/\/projetopack.com.br\/en\/goncalves-inaugura-linha-de-conversao-complexa-para-embalagens-de-papel-cartao-na-america-latina-com-equipamentos-bobst\/#primaryimage"},"thumbnailUrl":"https:\/\/projetopack.com.br\/wp-content\/uploads\/2018\/06\/Bobst.jpg","keywords":["bobst","gr\u00e1fica gon\u00e7alves","NOVACUT 106 ER"],"articleSection":["Lan\u00e7amentos"],"inLanguage":"en-US","potentialAction":[{"@type":"CommentAction","name":"Comment","target":["https:\/\/projetopack.com.br\/en\/goncalves-inaugura-linha-de-conversao-complexa-para-embalagens-de-papel-cartao-na-america-latina-com-equipamentos-bobst\/#respond"]}]},{"@type":"WebPage","@id":"https:\/\/projetopack.com.br\/en\/goncalves-inaugura-linha-de-conversao-complexa-para-embalagens-de-papel-cartao-na-america-latina-com-equipamentos-bobst\/","url":"https:\/\/projetopack.com.br\/en\/goncalves-inaugura-linha-de-conversao-complexa-para-embalagens-de-papel-cartao-na-america-latina-com-equipamentos-bobst\/","name":"Gon\u00e7alves inaugura linha de convers\u00e3o complexa para embalagens de papel cart\u00e3o na Am\u00e9rica Latina com equipamentos BOBST - ProjetoPack","isPartOf":{"@id":"https:\/\/projetopack.com.br\/#website"},"primaryImageOfPage":{"@id":"https:\/\/projetopack.com.br\/en\/goncalves-inaugura-linha-de-conversao-complexa-para-embalagens-de-papel-cartao-na-america-latina-com-equipamentos-bobst\/#primaryimage"},"image":{"@id":"https:\/\/projetopack.com.br\/en\/goncalves-inaugura-linha-de-conversao-complexa-para-embalagens-de-papel-cartao-na-america-latina-com-equipamentos-bobst\/#primaryimage"},"thumbnailUrl":"https:\/\/projetopack.com.br\/wp-content\/uploads\/2018\/06\/Bobst.jpg","datePublished":"2020-09-29T20:38:38+00:00","dateModified":"2020-09-29T20:38:39+00:00","description":"A nova linha de embalagens de papel-cart\u00e3o foi apresentada oficialmente durante a cerim\u00f4nia de inaugura\u00e7\u00e3o no dia 11 de Setembro de 2020.","breadcrumb":{"@id":"https:\/\/projetopack.com.br\/en\/goncalves-inaugura-linha-de-conversao-complexa-para-embalagens-de-papel-cartao-na-america-latina-com-equipamentos-bobst\/#breadcrumb"},"inLanguage":"en-US","potentialAction":[{"@type":"ReadAction","target":["https:\/\/projetopack.com.br\/en\/goncalves-inaugura-linha-de-conversao-complexa-para-embalagens-de-papel-cartao-na-america-latina-com-equipamentos-bobst\/"]}]},{"@type":"ImageObject","inLanguage":"en-US","@id":"https:\/\/projetopack.com.br\/en\/goncalves-inaugura-linha-de-conversao-complexa-para-embalagens-de-papel-cartao-na-america-latina-com-equipamentos-bobst\/#primaryimage","url":"https:\/\/projetopack.com.br\/wp-content\/uploads\/2018\/06\/Bobst.jpg","contentUrl":"https:\/\/projetopack.com.br\/wp-content\/uploads\/2018\/06\/Bobst.jpg","width":870,"height":540},{"@type":"BreadcrumbList","@id":"https:\/\/projetopack.com.br\/en\/goncalves-inaugura-linha-de-conversao-complexa-para-embalagens-de-papel-cartao-na-america-latina-com-equipamentos-bobst\/#breadcrumb","itemListElement":[{"@type":"ListItem","position":1,"name":"P\u00e1gina Inicial","item":"https:\/\/projetopack.com.br\/"},{"@type":"ListItem","position":2,"name":"Lan\u00e7amentos","item":"https:\/\/projetopack.com.br\/category\/lancamentos\/"},{"@type":"ListItem","position":3,"name":"Gon\u00e7alves inaugura linha de convers\u00e3o complexa para embalagens de papel cart\u00e3o na Am\u00e9rica Latina com equipamentos BOBST"}]},{"@type":"WebSite","@id":"https:\/\/projetopack.com.br\/#website","url":"https:\/\/projetopack.com.br\/","name":"ProjetoPack","description":"Consultoria e servi\u00e7os para embalagens, r\u00f3tulos, etiquetas e processos de impress\u00e3o","publisher":{"@id":"https:\/\/projetopack.com.br\/#organization"},"potentialAction":[{"@type":"SearchAction","target":{"@type":"EntryPoint","urlTemplate":"https:\/\/projetopack.com.br\/?s={search_term_string}"},"query-input":{"@type":"PropertyValueSpecification","valueRequired":true,"valueName":"search_term_string"}}],"inLanguage":"en-US"},{"@type":"Organization","@id":"https:\/\/projetopack.com.br\/#organization","name":"ProjetoPack & Associados","url":"https:\/\/projetopack.com.br\/","logo":{"@type":"ImageObject","inLanguage":"en-US","@id":"https:\/\/projetopack.com.br\/#\/schema\/logo\/image\/","url":"https:\/\/projetopack.com.br\/wp-content\/uploads\/2020\/09\/projetopack.png","contentUrl":"https:\/\/projetopack.com.br\/wp-content\/uploads\/2020\/09\/projetopack.png","width":200,"height":200,"caption":"ProjetoPack & Associados"},"image":{"@id":"https:\/\/projetopack.com.br\/#\/schema\/logo\/image\/"},"sameAs":["https:\/\/x.com\/ProjetoPack","https:\/\/www.linkedin.com\/company\/projetopack\/"]},{"@type":"Person","@id":"https:\/\/projetopack.com.br\/#\/schema\/person\/d17c72a4bc2b7e461496dd8a14d4cef1","name":"Andrea","image":{"@type":"ImageObject","inLanguage":"en-US","@id":"https:\/\/projetopack.com.br\/#\/schema\/person\/image\/","url":"https:\/\/projetopack.com.br\/wp-content\/uploads\/2026\/03\/eu-150x150.jpg","contentUrl":"https:\/\/projetopack.com.br\/wp-content\/uploads\/2026\/03\/eu-150x150.jpg","caption":"Andrea"},"url":"https:\/\/projetopack.com.br\/en\/author\/andrea\/"}]}},"_links":{"self":[{"href":"https:\/\/projetopack.com.br\/en\/wp-json\/wp\/v2\/posts\/7375","targetHints":{"allow":["GET"]}}],"collection":[{"href":"https:\/\/projetopack.com.br\/en\/wp-json\/wp\/v2\/posts"}],"about":[{"href":"https:\/\/projetopack.com.br\/en\/wp-json\/wp\/v2\/types\/post"}],"author":[{"embeddable":true,"href":"https:\/\/projetopack.com.br\/en\/wp-json\/wp\/v2\/users\/18"}],"replies":[{"embeddable":true,"href":"https:\/\/projetopack.com.br\/en\/wp-json\/wp\/v2\/comments?post=7375"}],"version-history":[{"count":0,"href":"https:\/\/projetopack.com.br\/en\/wp-json\/wp\/v2\/posts\/7375\/revisions"}],"wp:featuredmedia":[{"embeddable":true,"href":"https:\/\/projetopack.com.br\/en\/wp-json\/wp\/v2\/media\/2959"}],"wp:attachment":[{"href":"https:\/\/projetopack.com.br\/en\/wp-json\/wp\/v2\/media?parent=7375"}],"wp:term":[{"taxonomy":"category","embeddable":true,"href":"https:\/\/projetopack.com.br\/en\/wp-json\/wp\/v2\/categories?post=7375"},{"taxonomy":"post_tag","embeddable":true,"href":"https:\/\/projetopack.com.br\/en\/wp-json\/wp\/v2\/tags?post=7375"}],"curies":[{"name":"wp","href":"https:\/\/api.w.org\/{rel}","templated":true}]}}