{"id":7378,"date":"2020-09-29T18:59:07","date_gmt":"2020-09-29T21:59:07","guid":{"rendered":"https:\/\/www.projetopack.com.br\/?p=7378"},"modified":"2020-09-29T18:59:09","modified_gmt":"2020-09-29T21:59:09","slug":"gmg-available-for-one-on-one-color-management-demonstrations-and-to-present-during-the-fta-virtual-fall-conference","status":"publish","type":"post","link":"https:\/\/projetopack.com.br\/en\/gmg-available-for-one-on-one-color-management-demonstrations-and-to-present-during-the-fta-virtual-fall-conference\/","title":{"rendered":"GMG available for one-on-one color management demonstrations, and to present during the FTA Virtual Fall Conference"},"content":{"rendered":"<p><strong>New award-winning GMG ColorCard, and GMG ColorServer Multicolor, are featured along with presentation to build measurable print success<\/strong><\/p>\n\n\n\n<figure class=\"wp-block-image size-large\"><img fetchpriority=\"high\" decoding=\"async\" width=\"1024\" height=\"1024\" src=\"https:\/\/projetopack.com.br\/wp-content\/uploads\/2020\/09\/GMG-ColorServer-5.2-Release-02-1024x1024.jpg\" alt=\"\" class=\"wp-image-7382\" srcset=\"https:\/\/projetopack.com.br\/wp-content\/uploads\/2020\/09\/GMG-ColorServer-5.2-Release-02-1024x1024.jpg 1024w, https:\/\/projetopack.com.br\/wp-content\/uploads\/2020\/09\/GMG-ColorServer-5.2-Release-02-300x300.jpg 300w, https:\/\/projetopack.com.br\/wp-content\/uploads\/2020\/09\/GMG-ColorServer-5.2-Release-02-scaled-100x100.jpg 100w, https:\/\/projetopack.com.br\/wp-content\/uploads\/2020\/09\/GMG-ColorServer-5.2-Release-02-600x600.jpg 600w, https:\/\/projetopack.com.br\/wp-content\/uploads\/2020\/09\/GMG-ColorServer-5.2-Release-02-150x150.jpg 150w, https:\/\/projetopack.com.br\/wp-content\/uploads\/2020\/09\/GMG-ColorServer-5.2-Release-02-1536x1536.jpg 1536w, https:\/\/projetopack.com.br\/wp-content\/uploads\/2020\/09\/GMG-ColorServer-5.2-Release-02-scaled.jpg 2048w\" sizes=\"(max-width: 1024px) 100vw, 1024px\" \/><\/figure>\n\n\n\n<p>GMG (<a href=\"http:\/\/www.gmgcolor.com\">www.gmgcolor.com<\/a>) announces that it will be actively participating in the FTA Virtual Fall Conference, to be held online from October 5-7 from the FTA\u2019s Virtual Conference Center. The FTA will be blending virtual platforms and technology throughout their Virtual Fall Conference 2020. It\u00a0leverages first-class technologies\u00a0to provide attendees with a seamless learning and networking.<\/p>\n\n\n\n<p><br><strong>GMG experts available for one-on-ones from October 5-14<\/strong> <\/p>\n\n\n\n<p>Virtual Fall Conference 2020 attendees will be able to\u00a0connect with GMG, a virtual exhibitor, for one-on-one meetings\u00a0from October 5-7. For the\u00a0seven days following the event\u2014October 8-14\u2014anyone can visit GMG to video conference with technical experts, see product demonstrations and have specific questions answered.<\/p>\n\n\n\n<p><br>GMG will be focusing on a number of new technologies, including:<\/p>\n\n\n\n<p> <strong>\u2022 GMG ColorCard:<\/strong> A recent 2020 InterTech Technology Award recipient and a 2020 Label Industry Global Award for Innovation winner, GMG ColorCard produces digital ink drawdowns\u2014accurate color samples on specific substrates, but shown digitally, rather than from a traditional process. It allow users to create drawdowns in less than three minutes, saving up to 90% of the time that is currently required for conventional production. Reliable and color accurate results that can be reproduced with one click account for more efficiency in any print approval process.<\/p>\n\n\n\n<p><br><strong>\u2022 GMG ColorServer Multicolor:<\/strong> In packaging, digital printing has become increasingly important. Instead of using spot colors, brand colors must be displayed with a fixed ink set. GMG is making it easier to connect <strong>GMG ColorServer<\/strong> and <strong>GMG OpenColor<\/strong>, an innovation that enhances process reliability and stability. To achieve consistent results across all processes\u2014digitally and conventionally\u2014jobs can now print on any press available, delivering welcome flexibility in the pressroom. GMG ColorServer Multicolor achieves increased vibrancy in images while accurately matching brand colors and saving time and money.<\/p>\n\n\n\n<p><br><strong>\u2022 GMG ColorProof GO<\/strong> offers remote proofing, delivering consistent, reliable print results, independent of location. Data handling via a browser assures easy administration and distribution of data. All proofing systems and printers can be monitored and managed at any time and any place.<br>GMG is also available for conversations about any product in its portfolio: For example, <strong>GMG ColorProof<\/strong> has been the preferred solution for efficient and safe contract proofing. With the increasing use of multi-color printing and different combinations of inks, substrates, screening, and other variables, packaging printing involves a lot of color fingerprints and profile tweaking. <strong>GMG OpenColor software<\/strong>, a past recipient of the InterTech Technology and FTA Technical Innovation awards, is always a GMG highlight.<\/p>\n\n\n\n<p><br><strong>GMG to provide an overview on building measurable success in a print quality scoring session<\/strong> On October 7 from 10:00-11:30am, one of the conference sessions will provide an overview of PRINT QUALITY SCORING: FRIEND OR FOE?<\/p>\n\n\n\n<p><br><strong>Building a Solid Foundation for Measurable Success<\/strong> will be covered by Paul Biernat, brandkey graphics and <strong>Marc Levine<\/strong>, Director of Business Development, <strong>GMG Americas<\/strong>. \u2018Attendees\u2019 can find out what a print standardization program\u2019s big-picture objective is, and the steps brand owners and printers can take to deliver benefits to their organizations. Marc and Paul will speak from the program management and premedia points of view, with an outlook on how participants and stakeholders can approach the topic. Attendees can participate in live polls, ask questions for end-of-session Q&amp;As, and interact with speakers before and after the event.<br>\u201cGMG has been very busy upgrading its product portfolio with impactful, new products, like GMG ColorCard,\u201d comments Levine. \u201cWhile it has been difficult to meet anyone in person, we can still provide helpful face-to-face conversions and offer ways that package printers can be even more productive while building accurate color.\u201d<\/p>\n\n\n\n<p class=\"has-background has-very-light-gray-background-color\"><strong><br>For more information about GMG ColorCard, please visit <\/strong><a href=\"www.colorcard.gmgcolor.com\">www.colorcard.gmgcolor.com<\/a>.<\/p>","protected":false},"excerpt":{"rendered":"<p>GMG (www.gmgcolor.com) announces that it will be actively participating in the FTA Virtual Fall Conference, to be held online from October 5-7 from the FTA\u2019s Virtual Conference Center. <\/p>","protected":false},"author":18,"featured_media":7380,"comment_status":"open","ping_status":"closed","sticky":false,"template":"","format":"standard","meta":{"footnotes":""},"categories":[458],"tags":[463,517,253],"class_list":["post-7378","post","type-post","status-publish","format-standard","has-post-thumbnail","hentry","category-lancamentos","tag-en_us","tag-fta-virtual-fall-conference","tag-gmg"],"yoast_head":"<!-- This site is optimized with the Yoast SEO Premium plugin v27.1 (Yoast SEO v27.1.1) - https:\/\/yoast.com\/product\/yoast-seo-premium-wordpress\/ -->\n<title>GMG available for one-on-one color management demonstrations, and to present during the FTA Virtual Fall Conference - ProjetoPack<\/title>\n<meta name=\"description\" content=\"GMG announces that it will be actively participating in the FTA Virtual Fall Conference, to be held online from October 5-7 from the FTA\u2019s Virtual Conference Center.\" \/>\n<meta name=\"robots\" content=\"index, follow, max-snippet:-1, max-image-preview:large, max-video-preview:-1\" \/>\n<link rel=\"canonical\" href=\"https:\/\/projetopack.com.br\/en\/gmg-available-for-one-on-one-color-management-demonstrations-and-to-present-during-the-fta-virtual-fall-conference\/\" \/>\n<meta property=\"og:locale\" content=\"en_US\" \/>\n<meta property=\"og:type\" content=\"article\" \/>\n<meta property=\"og:title\" content=\"GMG available for one-on-one color management demonstrations, and to present during the FTA Virtual Fall Conference\" \/>\n<meta property=\"og:description\" content=\"GMG announces that it will be actively participating in the FTA Virtual Fall Conference, to be held online from October 5-7 from the FTA\u2019s Virtual Conference Center.\" \/>\n<meta property=\"og:url\" content=\"https:\/\/projetopack.com.br\/en\/gmg-available-for-one-on-one-color-management-demonstrations-and-to-present-during-the-fta-virtual-fall-conference\/\" \/>\n<meta property=\"og:site_name\" content=\"ProjetoPack\" \/>\n<meta property=\"article:published_time\" content=\"2020-09-29T21:59:07+00:00\" \/>\n<meta property=\"article:modified_time\" content=\"2020-09-29T21:59:09+00:00\" \/>\n<meta property=\"og:image\" content=\"https:\/\/projetopack.com.br\/wp-content\/uploads\/2020\/09\/logo-gmg.png\" \/>\n\t<meta property=\"og:image:width\" content=\"225\" \/>\n\t<meta property=\"og:image:height\" content=\"225\" \/>\n\t<meta property=\"og:image:type\" content=\"image\/png\" \/>\n<meta name=\"author\" content=\"Andrea\" \/>\n<meta name=\"twitter:card\" content=\"summary_large_image\" \/>\n<meta name=\"twitter:creator\" content=\"@ProjetoPack\" \/>\n<meta name=\"twitter:site\" content=\"@ProjetoPack\" \/>\n<meta name=\"twitter:label1\" content=\"Written by\" \/>\n\t<meta name=\"twitter:data1\" content=\"Andrea\" \/>\n\t<meta name=\"twitter:label2\" content=\"Est. reading time\" \/>\n\t<meta name=\"twitter:data2\" content=\"3 minutes\" \/>\n<script type=\"application\/ld+json\" class=\"yoast-schema-graph\">{\"@context\":\"https:\/\/schema.org\",\"@graph\":[{\"@type\":\"Article\",\"@id\":\"https:\/\/projetopack.com.br\/en\/gmg-available-for-one-on-one-color-management-demonstrations-and-to-present-during-the-fta-virtual-fall-conference\/#article\",\"isPartOf\":{\"@id\":\"https:\/\/projetopack.com.br\/en\/gmg-available-for-one-on-one-color-management-demonstrations-and-to-present-during-the-fta-virtual-fall-conference\/\"},\"author\":{\"name\":\"Andrea\",\"@id\":\"https:\/\/projetopack.com.br\/#\/schema\/person\/d17c72a4bc2b7e461496dd8a14d4cef1\"},\"headline\":\"GMG available for one-on-one color management demonstrations, and to present during the FTA Virtual Fall Conference\",\"datePublished\":\"2020-09-29T21:59:07+00:00\",\"dateModified\":\"2020-09-29T21:59:09+00:00\",\"mainEntityOfPage\":{\"@id\":\"https:\/\/projetopack.com.br\/en\/gmg-available-for-one-on-one-color-management-demonstrations-and-to-present-during-the-fta-virtual-fall-conference\/\"},\"wordCount\":644,\"commentCount\":0,\"publisher\":{\"@id\":\"https:\/\/projetopack.com.br\/#organization\"},\"image\":{\"@id\":\"https:\/\/projetopack.com.br\/en\/gmg-available-for-one-on-one-color-management-demonstrations-and-to-present-during-the-fta-virtual-fall-conference\/#primaryimage\"},\"thumbnailUrl\":\"https:\/\/projetopack.com.br\/wp-content\/uploads\/2020\/09\/logo-gmg.png\",\"keywords\":[\"en_US\",\"FTA Virtual Fall Conference\",\"gmg\"],\"articleSection\":[\"Lan\u00e7amentos\"],\"inLanguage\":\"en-US\",\"potentialAction\":[{\"@type\":\"CommentAction\",\"name\":\"Comment\",\"target\":[\"https:\/\/projetopack.com.br\/en\/gmg-available-for-one-on-one-color-management-demonstrations-and-to-present-during-the-fta-virtual-fall-conference\/#respond\"]}]},{\"@type\":\"WebPage\",\"@id\":\"https:\/\/projetopack.com.br\/en\/gmg-available-for-one-on-one-color-management-demonstrations-and-to-present-during-the-fta-virtual-fall-conference\/\",\"url\":\"https:\/\/projetopack.com.br\/en\/gmg-available-for-one-on-one-color-management-demonstrations-and-to-present-during-the-fta-virtual-fall-conference\/\",\"name\":\"GMG available for one-on-one color management demonstrations, and to present during the FTA Virtual Fall Conference - ProjetoPack\",\"isPartOf\":{\"@id\":\"https:\/\/projetopack.com.br\/#website\"},\"primaryImageOfPage\":{\"@id\":\"https:\/\/projetopack.com.br\/en\/gmg-available-for-one-on-one-color-management-demonstrations-and-to-present-during-the-fta-virtual-fall-conference\/#primaryimage\"},\"image\":{\"@id\":\"https:\/\/projetopack.com.br\/en\/gmg-available-for-one-on-one-color-management-demonstrations-and-to-present-during-the-fta-virtual-fall-conference\/#primaryimage\"},\"thumbnailUrl\":\"https:\/\/projetopack.com.br\/wp-content\/uploads\/2020\/09\/logo-gmg.png\",\"datePublished\":\"2020-09-29T21:59:07+00:00\",\"dateModified\":\"2020-09-29T21:59:09+00:00\",\"description\":\"GMG announces that it will be actively participating in the FTA Virtual Fall Conference, to be held online from October 5-7 from the FTA\u2019s Virtual Conference Center.\",\"breadcrumb\":{\"@id\":\"https:\/\/projetopack.com.br\/en\/gmg-available-for-one-on-one-color-management-demonstrations-and-to-present-during-the-fta-virtual-fall-conference\/#breadcrumb\"},\"inLanguage\":\"en-US\",\"potentialAction\":[{\"@type\":\"ReadAction\",\"target\":[\"https:\/\/projetopack.com.br\/en\/gmg-available-for-one-on-one-color-management-demonstrations-and-to-present-during-the-fta-virtual-fall-conference\/\"]}]},{\"@type\":\"ImageObject\",\"inLanguage\":\"en-US\",\"@id\":\"https:\/\/projetopack.com.br\/en\/gmg-available-for-one-on-one-color-management-demonstrations-and-to-present-during-the-fta-virtual-fall-conference\/#primaryimage\",\"url\":\"https:\/\/projetopack.com.br\/wp-content\/uploads\/2020\/09\/logo-gmg.png\",\"contentUrl\":\"https:\/\/projetopack.com.br\/wp-content\/uploads\/2020\/09\/logo-gmg.png\",\"width\":225,\"height\":225},{\"@type\":\"BreadcrumbList\",\"@id\":\"https:\/\/projetopack.com.br\/en\/gmg-available-for-one-on-one-color-management-demonstrations-and-to-present-during-the-fta-virtual-fall-conference\/#breadcrumb\",\"itemListElement\":[{\"@type\":\"ListItem\",\"position\":1,\"name\":\"P\u00e1gina Inicial\",\"item\":\"https:\/\/projetopack.com.br\/\"},{\"@type\":\"ListItem\",\"position\":2,\"name\":\"Lan\u00e7amentos\",\"item\":\"https:\/\/projetopack.com.br\/category\/lancamentos\/\"},{\"@type\":\"ListItem\",\"position\":3,\"name\":\"GMG available for one-on-one color management demonstrations, and to present during the FTA Virtual Fall Conference\"}]},{\"@type\":\"WebSite\",\"@id\":\"https:\/\/projetopack.com.br\/#website\",\"url\":\"https:\/\/projetopack.com.br\/\",\"name\":\"ProjetoPack\",\"description\":\"Consultoria e servi\u00e7os para embalagens, r\u00f3tulos, etiquetas e processos de impress\u00e3o\",\"publisher\":{\"@id\":\"https:\/\/projetopack.com.br\/#organization\"},\"potentialAction\":[{\"@type\":\"SearchAction\",\"target\":{\"@type\":\"EntryPoint\",\"urlTemplate\":\"https:\/\/projetopack.com.br\/?s={search_term_string}\"},\"query-input\":{\"@type\":\"PropertyValueSpecification\",\"valueRequired\":true,\"valueName\":\"search_term_string\"}}],\"inLanguage\":\"en-US\"},{\"@type\":\"Organization\",\"@id\":\"https:\/\/projetopack.com.br\/#organization\",\"name\":\"ProjetoPack & Associados\",\"url\":\"https:\/\/projetopack.com.br\/\",\"logo\":{\"@type\":\"ImageObject\",\"inLanguage\":\"en-US\",\"@id\":\"https:\/\/projetopack.com.br\/#\/schema\/logo\/image\/\",\"url\":\"https:\/\/projetopack.com.br\/wp-content\/uploads\/2020\/09\/projetopack.png\",\"contentUrl\":\"https:\/\/projetopack.com.br\/wp-content\/uploads\/2020\/09\/projetopack.png\",\"width\":200,\"height\":200,\"caption\":\"ProjetoPack & Associados\"},\"image\":{\"@id\":\"https:\/\/projetopack.com.br\/#\/schema\/logo\/image\/\"},\"sameAs\":[\"https:\/\/x.com\/ProjetoPack\",\"https:\/\/www.linkedin.com\/company\/projetopack\/\"]},{\"@type\":\"Person\",\"@id\":\"https:\/\/projetopack.com.br\/#\/schema\/person\/d17c72a4bc2b7e461496dd8a14d4cef1\",\"name\":\"Andrea\",\"image\":{\"@type\":\"ImageObject\",\"inLanguage\":\"en-US\",\"@id\":\"https:\/\/projetopack.com.br\/#\/schema\/person\/image\/\",\"url\":\"https:\/\/projetopack.com.br\/wp-content\/uploads\/2026\/03\/eu-150x150.jpg\",\"contentUrl\":\"https:\/\/projetopack.com.br\/wp-content\/uploads\/2026\/03\/eu-150x150.jpg\",\"caption\":\"Andrea\"},\"url\":\"https:\/\/projetopack.com.br\/en\/author\/andrea\/\"}]}<\/script>\n<!-- \/ Yoast SEO Premium plugin. -->","yoast_head_json":{"title":"GMG available for one-on-one color management demonstrations, and to present during the FTA Virtual Fall Conference - ProjetoPack","description":"GMG announces that it will be actively participating in the FTA Virtual Fall Conference, to be held online from October 5-7 from the FTA\u2019s Virtual Conference Center.","robots":{"index":"index","follow":"follow","max-snippet":"max-snippet:-1","max-image-preview":"max-image-preview:large","max-video-preview":"max-video-preview:-1"},"canonical":"https:\/\/projetopack.com.br\/en\/gmg-available-for-one-on-one-color-management-demonstrations-and-to-present-during-the-fta-virtual-fall-conference\/","og_locale":"en_US","og_type":"article","og_title":"GMG available for one-on-one color management demonstrations, and to present during the FTA Virtual Fall Conference","og_description":"GMG announces that it will be actively participating in the FTA Virtual Fall Conference, to be held online from October 5-7 from the FTA\u2019s Virtual Conference Center.","og_url":"https:\/\/projetopack.com.br\/en\/gmg-available-for-one-on-one-color-management-demonstrations-and-to-present-during-the-fta-virtual-fall-conference\/","og_site_name":"ProjetoPack","article_published_time":"2020-09-29T21:59:07+00:00","article_modified_time":"2020-09-29T21:59:09+00:00","og_image":[{"width":225,"height":225,"url":"https:\/\/projetopack.com.br\/wp-content\/uploads\/2020\/09\/logo-gmg.png","type":"image\/png"}],"author":"Andrea","twitter_card":"summary_large_image","twitter_creator":"@ProjetoPack","twitter_site":"@ProjetoPack","twitter_misc":{"Written by":"Andrea","Est. reading time":"3 minutes"},"schema":{"@context":"https:\/\/schema.org","@graph":[{"@type":"Article","@id":"https:\/\/projetopack.com.br\/en\/gmg-available-for-one-on-one-color-management-demonstrations-and-to-present-during-the-fta-virtual-fall-conference\/#article","isPartOf":{"@id":"https:\/\/projetopack.com.br\/en\/gmg-available-for-one-on-one-color-management-demonstrations-and-to-present-during-the-fta-virtual-fall-conference\/"},"author":{"name":"Andrea","@id":"https:\/\/projetopack.com.br\/#\/schema\/person\/d17c72a4bc2b7e461496dd8a14d4cef1"},"headline":"GMG available for one-on-one color management demonstrations, and to present during the FTA Virtual Fall Conference","datePublished":"2020-09-29T21:59:07+00:00","dateModified":"2020-09-29T21:59:09+00:00","mainEntityOfPage":{"@id":"https:\/\/projetopack.com.br\/en\/gmg-available-for-one-on-one-color-management-demonstrations-and-to-present-during-the-fta-virtual-fall-conference\/"},"wordCount":644,"commentCount":0,"publisher":{"@id":"https:\/\/projetopack.com.br\/#organization"},"image":{"@id":"https:\/\/projetopack.com.br\/en\/gmg-available-for-one-on-one-color-management-demonstrations-and-to-present-during-the-fta-virtual-fall-conference\/#primaryimage"},"thumbnailUrl":"https:\/\/projetopack.com.br\/wp-content\/uploads\/2020\/09\/logo-gmg.png","keywords":["en_US","FTA Virtual Fall Conference","gmg"],"articleSection":["Lan\u00e7amentos"],"inLanguage":"en-US","potentialAction":[{"@type":"CommentAction","name":"Comment","target":["https:\/\/projetopack.com.br\/en\/gmg-available-for-one-on-one-color-management-demonstrations-and-to-present-during-the-fta-virtual-fall-conference\/#respond"]}]},{"@type":"WebPage","@id":"https:\/\/projetopack.com.br\/en\/gmg-available-for-one-on-one-color-management-demonstrations-and-to-present-during-the-fta-virtual-fall-conference\/","url":"https:\/\/projetopack.com.br\/en\/gmg-available-for-one-on-one-color-management-demonstrations-and-to-present-during-the-fta-virtual-fall-conference\/","name":"GMG available for one-on-one color management demonstrations, and to present during the FTA Virtual Fall Conference - ProjetoPack","isPartOf":{"@id":"https:\/\/projetopack.com.br\/#website"},"primaryImageOfPage":{"@id":"https:\/\/projetopack.com.br\/en\/gmg-available-for-one-on-one-color-management-demonstrations-and-to-present-during-the-fta-virtual-fall-conference\/#primaryimage"},"image":{"@id":"https:\/\/projetopack.com.br\/en\/gmg-available-for-one-on-one-color-management-demonstrations-and-to-present-during-the-fta-virtual-fall-conference\/#primaryimage"},"thumbnailUrl":"https:\/\/projetopack.com.br\/wp-content\/uploads\/2020\/09\/logo-gmg.png","datePublished":"2020-09-29T21:59:07+00:00","dateModified":"2020-09-29T21:59:09+00:00","description":"GMG announces that it will be actively participating in the FTA Virtual Fall Conference, to be held online from October 5-7 from the FTA\u2019s Virtual Conference Center.","breadcrumb":{"@id":"https:\/\/projetopack.com.br\/en\/gmg-available-for-one-on-one-color-management-demonstrations-and-to-present-during-the-fta-virtual-fall-conference\/#breadcrumb"},"inLanguage":"en-US","potentialAction":[{"@type":"ReadAction","target":["https:\/\/projetopack.com.br\/en\/gmg-available-for-one-on-one-color-management-demonstrations-and-to-present-during-the-fta-virtual-fall-conference\/"]}]},{"@type":"ImageObject","inLanguage":"en-US","@id":"https:\/\/projetopack.com.br\/en\/gmg-available-for-one-on-one-color-management-demonstrations-and-to-present-during-the-fta-virtual-fall-conference\/#primaryimage","url":"https:\/\/projetopack.com.br\/wp-content\/uploads\/2020\/09\/logo-gmg.png","contentUrl":"https:\/\/projetopack.com.br\/wp-content\/uploads\/2020\/09\/logo-gmg.png","width":225,"height":225},{"@type":"BreadcrumbList","@id":"https:\/\/projetopack.com.br\/en\/gmg-available-for-one-on-one-color-management-demonstrations-and-to-present-during-the-fta-virtual-fall-conference\/#breadcrumb","itemListElement":[{"@type":"ListItem","position":1,"name":"P\u00e1gina Inicial","item":"https:\/\/projetopack.com.br\/"},{"@type":"ListItem","position":2,"name":"Lan\u00e7amentos","item":"https:\/\/projetopack.com.br\/category\/lancamentos\/"},{"@type":"ListItem","position":3,"name":"GMG available for one-on-one color management demonstrations, and to present during the FTA Virtual Fall Conference"}]},{"@type":"WebSite","@id":"https:\/\/projetopack.com.br\/#website","url":"https:\/\/projetopack.com.br\/","name":"ProjetoPack","description":"Consultoria e servi\u00e7os para embalagens, r\u00f3tulos, etiquetas e processos de impress\u00e3o","publisher":{"@id":"https:\/\/projetopack.com.br\/#organization"},"potentialAction":[{"@type":"SearchAction","target":{"@type":"EntryPoint","urlTemplate":"https:\/\/projetopack.com.br\/?s={search_term_string}"},"query-input":{"@type":"PropertyValueSpecification","valueRequired":true,"valueName":"search_term_string"}}],"inLanguage":"en-US"},{"@type":"Organization","@id":"https:\/\/projetopack.com.br\/#organization","name":"ProjetoPack & Associados","url":"https:\/\/projetopack.com.br\/","logo":{"@type":"ImageObject","inLanguage":"en-US","@id":"https:\/\/projetopack.com.br\/#\/schema\/logo\/image\/","url":"https:\/\/projetopack.com.br\/wp-content\/uploads\/2020\/09\/projetopack.png","contentUrl":"https:\/\/projetopack.com.br\/wp-content\/uploads\/2020\/09\/projetopack.png","width":200,"height":200,"caption":"ProjetoPack & Associados"},"image":{"@id":"https:\/\/projetopack.com.br\/#\/schema\/logo\/image\/"},"sameAs":["https:\/\/x.com\/ProjetoPack","https:\/\/www.linkedin.com\/company\/projetopack\/"]},{"@type":"Person","@id":"https:\/\/projetopack.com.br\/#\/schema\/person\/d17c72a4bc2b7e461496dd8a14d4cef1","name":"Andrea","image":{"@type":"ImageObject","inLanguage":"en-US","@id":"https:\/\/projetopack.com.br\/#\/schema\/person\/image\/","url":"https:\/\/projetopack.com.br\/wp-content\/uploads\/2026\/03\/eu-150x150.jpg","contentUrl":"https:\/\/projetopack.com.br\/wp-content\/uploads\/2026\/03\/eu-150x150.jpg","caption":"Andrea"},"url":"https:\/\/projetopack.com.br\/en\/author\/andrea\/"}]}},"_links":{"self":[{"href":"https:\/\/projetopack.com.br\/en\/wp-json\/wp\/v2\/posts\/7378","targetHints":{"allow":["GET"]}}],"collection":[{"href":"https:\/\/projetopack.com.br\/en\/wp-json\/wp\/v2\/posts"}],"about":[{"href":"https:\/\/projetopack.com.br\/en\/wp-json\/wp\/v2\/types\/post"}],"author":[{"embeddable":true,"href":"https:\/\/projetopack.com.br\/en\/wp-json\/wp\/v2\/users\/18"}],"replies":[{"embeddable":true,"href":"https:\/\/projetopack.com.br\/en\/wp-json\/wp\/v2\/comments?post=7378"}],"version-history":[{"count":0,"href":"https:\/\/projetopack.com.br\/en\/wp-json\/wp\/v2\/posts\/7378\/revisions"}],"wp:featuredmedia":[{"embeddable":true,"href":"https:\/\/projetopack.com.br\/en\/wp-json\/wp\/v2\/media\/7380"}],"wp:attachment":[{"href":"https:\/\/projetopack.com.br\/en\/wp-json\/wp\/v2\/media?parent=7378"}],"wp:term":[{"taxonomy":"category","embeddable":true,"href":"https:\/\/projetopack.com.br\/en\/wp-json\/wp\/v2\/categories?post=7378"},{"taxonomy":"post_tag","embeddable":true,"href":"https:\/\/projetopack.com.br\/en\/wp-json\/wp\/v2\/tags?post=7378"}],"curies":[{"name":"wp","href":"https:\/\/api.w.org\/{rel}","templated":true}]}}