{"id":7428,"date":"2020-10-03T19:24:30","date_gmt":"2020-10-03T22:24:30","guid":{"rendered":"https:\/\/www.projetopack.com.br\/?p=7428"},"modified":"2020-10-03T19:24:33","modified_gmt":"2020-10-03T22:24:33","slug":"lyondellbasell-e-sasol-formam-jv-em-polietileno","status":"publish","type":"post","link":"https:\/\/projetopack.com.br\/en\/lyondellbasell-e-sasol-formam-jv-em-polietileno\/","title":{"rendered":"LyondellBasell e Sasol formam JV em polietileno"},"content":{"rendered":"<p><a href=\"http:\/\/lyondellbasell\">LyondellBasell<\/a> (NYSE: LYB) e <a href=\"http:\/\/sasol\">Sasol<\/a> (JSE: SOL, NYSE: SSL) anunciam uma Joint Venture (JV) 50\/50 na qual a LyondellBasell deve adquirir 50% do cracker de 1.5 MM ton de etano, 0.9 MM ton das plantas de polietileno de baixa densidade e baixa densidade linear, assim como toda a infraestrutura associada da Sasol para ambos, por um montante na ordem de USD 2 bilh\u00f5es.<\/p>\n\n\n\n<p>O acordo inclui o direito de venda futura da sua parte ao parceiro. A JV deve operar com o nome de <strong>Louisiana Integrated PolyEthylene JV LLC.<\/strong><\/p>\n\n\n\n<p>&#8220;Este investimento representa uma oportunidade \u00fanica de juntar o melhor de ambas as companhias para constituir uma parceria profunda e de longo prazo, enquanto cumpre imediatamente in\u00fameros benef\u00edcios com a nova e estrategicamente situada JV, com ativos em escala global&#8221;, disse Bob Patel, CEO da LyondellBasell.<\/p>\n\n\n\n<p>&#8220;Estamos muito contentes em ter a LyondellBasell juntando-se como um parceiro chave na nossa base qu\u00edmica em Lake Charles, Estados Unidos. LyondellBasell \u00e9 a parceira ideal para garantir o sucesso destes ativos de classe global e sua grande expertise no commodity qu\u00edmico&#8221;, concluiu Fleetwood Grobler, presidente e CEO da Sasol.<\/p>","protected":false},"excerpt":{"rendered":"<p>LyondellBasell (NYSE: LYB) e Sasol (JSE: SOL, NYSE: SSL) anunciam uma Joint Venture (JV) 50\/50 na qual a LyondellBasell deve adquirir 50% do cracker de 1.5 MM ton de etano, 0.9 MM ton das plantas de polietileno de baixa densidade e baixa densidade linear, assim como toda a infraestrutura associada da Sasol para ambos, por [&hellip;]<\/p>\n","protected":false},"author":18,"featured_media":7430,"comment_status":"open","ping_status":"closed","sticky":false,"template":"","format":"standard","meta":{"footnotes":""},"categories":[458],"tags":[521,524,522],"class_list":["post-7428","post","type-post","status-publish","format-standard","has-post-thumbnail","hentry","category-lancamentos","tag-lyondellbasell","tag-polietileno","tag-sasol"],"yoast_head":"<!-- This site is optimized with the Yoast SEO Premium plugin v27.1 (Yoast SEO v27.1.1) - https:\/\/yoast.com\/product\/yoast-seo-premium-wordpress\/ -->\n<title>LyondellBasell e Sasol formam JV em polietileno - ProjetoPack<\/title>\n<meta name=\"description\" content=\"Confira o melhor conte\u00fado sobre tecnologia, design e gest\u00e3o de embalagens flex\u00edveis, r\u00f3tulos e impress\u00e3o.\" \/>\n<meta name=\"robots\" content=\"index, follow, max-snippet:-1, max-image-preview:large, max-video-preview:-1\" \/>\n<link rel=\"canonical\" href=\"https:\/\/projetopack.com.br\/en\/lyondellbasell-e-sasol-formam-jv-em-polietileno\/\" \/>\n<meta property=\"og:locale\" content=\"en_US\" \/>\n<meta property=\"og:type\" content=\"article\" \/>\n<meta property=\"og:title\" content=\"LyondellBasell e Sasol formam JV em polietileno\" \/>\n<meta property=\"og:description\" content=\"Confira o melhor conte\u00fado sobre tecnologia, design e gest\u00e3o de embalagens flex\u00edveis, r\u00f3tulos e impress\u00e3o.\" \/>\n<meta property=\"og:url\" content=\"https:\/\/projetopack.com.br\/en\/lyondellbasell-e-sasol-formam-jv-em-polietileno\/\" \/>\n<meta property=\"og:site_name\" content=\"ProjetoPack\" \/>\n<meta property=\"article:published_time\" content=\"2020-10-03T22:24:30+00:00\" \/>\n<meta property=\"article:modified_time\" content=\"2020-10-03T22:24:33+00:00\" \/>\n<meta property=\"og:image\" content=\"https:\/\/projetopack.com.br\/wp-content\/uploads\/2020\/10\/0000901586_resized_lakecharleschemicalsaerial201908070375amended1022.jpg\" \/>\n\t<meta property=\"og:image:width\" content=\"1022\" \/>\n\t<meta property=\"og:image:height\" content=\"575\" \/>\n\t<meta property=\"og:image:type\" content=\"image\/jpeg\" \/>\n<meta name=\"author\" content=\"Andrea\" \/>\n<meta name=\"twitter:card\" content=\"summary_large_image\" \/>\n<meta name=\"twitter:creator\" content=\"@ProjetoPack\" \/>\n<meta name=\"twitter:site\" content=\"@ProjetoPack\" \/>\n<meta name=\"twitter:label1\" content=\"Written by\" \/>\n\t<meta name=\"twitter:data1\" content=\"Andrea\" \/>\n\t<meta name=\"twitter:label2\" content=\"Est. reading time\" \/>\n\t<meta name=\"twitter:data2\" content=\"1 minute\" \/>\n<script type=\"application\/ld+json\" class=\"yoast-schema-graph\">{\"@context\":\"https:\/\/schema.org\",\"@graph\":[{\"@type\":\"Article\",\"@id\":\"https:\/\/projetopack.com.br\/en\/lyondellbasell-e-sasol-formam-jv-em-polietileno\/#article\",\"isPartOf\":{\"@id\":\"https:\/\/projetopack.com.br\/en\/lyondellbasell-e-sasol-formam-jv-em-polietileno\/\"},\"author\":{\"name\":\"Andrea\",\"@id\":\"https:\/\/projetopack.com.br\/#\/schema\/person\/d17c72a4bc2b7e461496dd8a14d4cef1\"},\"headline\":\"LyondellBasell e Sasol formam JV em polietileno\",\"datePublished\":\"2020-10-03T22:24:30+00:00\",\"dateModified\":\"2020-10-03T22:24:33+00:00\",\"mainEntityOfPage\":{\"@id\":\"https:\/\/projetopack.com.br\/en\/lyondellbasell-e-sasol-formam-jv-em-polietileno\/\"},\"wordCount\":191,\"commentCount\":0,\"publisher\":{\"@id\":\"https:\/\/projetopack.com.br\/#organization\"},\"image\":{\"@id\":\"https:\/\/projetopack.com.br\/en\/lyondellbasell-e-sasol-formam-jv-em-polietileno\/#primaryimage\"},\"thumbnailUrl\":\"https:\/\/projetopack.com.br\/wp-content\/uploads\/2020\/10\/0000901586_resized_lakecharleschemicalsaerial201908070375amended1022.jpg\",\"keywords\":[\"lyondellbasell\",\"polietileno\",\"sasol\"],\"articleSection\":[\"Lan\u00e7amentos\"],\"inLanguage\":\"en-US\",\"potentialAction\":[{\"@type\":\"CommentAction\",\"name\":\"Comment\",\"target\":[\"https:\/\/projetopack.com.br\/en\/lyondellbasell-e-sasol-formam-jv-em-polietileno\/#respond\"]}]},{\"@type\":\"WebPage\",\"@id\":\"https:\/\/projetopack.com.br\/en\/lyondellbasell-e-sasol-formam-jv-em-polietileno\/\",\"url\":\"https:\/\/projetopack.com.br\/en\/lyondellbasell-e-sasol-formam-jv-em-polietileno\/\",\"name\":\"LyondellBasell e Sasol formam JV em polietileno - ProjetoPack\",\"isPartOf\":{\"@id\":\"https:\/\/projetopack.com.br\/#website\"},\"primaryImageOfPage\":{\"@id\":\"https:\/\/projetopack.com.br\/en\/lyondellbasell-e-sasol-formam-jv-em-polietileno\/#primaryimage\"},\"image\":{\"@id\":\"https:\/\/projetopack.com.br\/en\/lyondellbasell-e-sasol-formam-jv-em-polietileno\/#primaryimage\"},\"thumbnailUrl\":\"https:\/\/projetopack.com.br\/wp-content\/uploads\/2020\/10\/0000901586_resized_lakecharleschemicalsaerial201908070375amended1022.jpg\",\"datePublished\":\"2020-10-03T22:24:30+00:00\",\"dateModified\":\"2020-10-03T22:24:33+00:00\",\"description\":\"Confira o melhor conte\u00fado sobre tecnologia, design e gest\u00e3o de embalagens flex\u00edveis, r\u00f3tulos e impress\u00e3o.\",\"breadcrumb\":{\"@id\":\"https:\/\/projetopack.com.br\/en\/lyondellbasell-e-sasol-formam-jv-em-polietileno\/#breadcrumb\"},\"inLanguage\":\"en-US\",\"potentialAction\":[{\"@type\":\"ReadAction\",\"target\":[\"https:\/\/projetopack.com.br\/en\/lyondellbasell-e-sasol-formam-jv-em-polietileno\/\"]}]},{\"@type\":\"ImageObject\",\"inLanguage\":\"en-US\",\"@id\":\"https:\/\/projetopack.com.br\/en\/lyondellbasell-e-sasol-formam-jv-em-polietileno\/#primaryimage\",\"url\":\"https:\/\/projetopack.com.br\/wp-content\/uploads\/2020\/10\/0000901586_resized_lakecharleschemicalsaerial201908070375amended1022.jpg\",\"contentUrl\":\"https:\/\/projetopack.com.br\/wp-content\/uploads\/2020\/10\/0000901586_resized_lakecharleschemicalsaerial201908070375amended1022.jpg\",\"width\":1022,\"height\":575},{\"@type\":\"BreadcrumbList\",\"@id\":\"https:\/\/projetopack.com.br\/en\/lyondellbasell-e-sasol-formam-jv-em-polietileno\/#breadcrumb\",\"itemListElement\":[{\"@type\":\"ListItem\",\"position\":1,\"name\":\"P\u00e1gina Inicial\",\"item\":\"https:\/\/projetopack.com.br\/\"},{\"@type\":\"ListItem\",\"position\":2,\"name\":\"Lan\u00e7amentos\",\"item\":\"https:\/\/projetopack.com.br\/category\/lancamentos\/\"},{\"@type\":\"ListItem\",\"position\":3,\"name\":\"LyondellBasell e Sasol formam JV em polietileno\"}]},{\"@type\":\"WebSite\",\"@id\":\"https:\/\/projetopack.com.br\/#website\",\"url\":\"https:\/\/projetopack.com.br\/\",\"name\":\"ProjetoPack\",\"description\":\"Consultoria e servi\u00e7os para embalagens, r\u00f3tulos, etiquetas e processos de impress\u00e3o\",\"publisher\":{\"@id\":\"https:\/\/projetopack.com.br\/#organization\"},\"potentialAction\":[{\"@type\":\"SearchAction\",\"target\":{\"@type\":\"EntryPoint\",\"urlTemplate\":\"https:\/\/projetopack.com.br\/?s={search_term_string}\"},\"query-input\":{\"@type\":\"PropertyValueSpecification\",\"valueRequired\":true,\"valueName\":\"search_term_string\"}}],\"inLanguage\":\"en-US\"},{\"@type\":\"Organization\",\"@id\":\"https:\/\/projetopack.com.br\/#organization\",\"name\":\"ProjetoPack & Associados\",\"url\":\"https:\/\/projetopack.com.br\/\",\"logo\":{\"@type\":\"ImageObject\",\"inLanguage\":\"en-US\",\"@id\":\"https:\/\/projetopack.com.br\/#\/schema\/logo\/image\/\",\"url\":\"https:\/\/projetopack.com.br\/wp-content\/uploads\/2020\/09\/projetopack.png\",\"contentUrl\":\"https:\/\/projetopack.com.br\/wp-content\/uploads\/2020\/09\/projetopack.png\",\"width\":200,\"height\":200,\"caption\":\"ProjetoPack & Associados\"},\"image\":{\"@id\":\"https:\/\/projetopack.com.br\/#\/schema\/logo\/image\/\"},\"sameAs\":[\"https:\/\/x.com\/ProjetoPack\",\"https:\/\/www.linkedin.com\/company\/projetopack\/\"]},{\"@type\":\"Person\",\"@id\":\"https:\/\/projetopack.com.br\/#\/schema\/person\/d17c72a4bc2b7e461496dd8a14d4cef1\",\"name\":\"Andrea\",\"image\":{\"@type\":\"ImageObject\",\"inLanguage\":\"en-US\",\"@id\":\"https:\/\/projetopack.com.br\/#\/schema\/person\/image\/\",\"url\":\"https:\/\/projetopack.com.br\/wp-content\/uploads\/2026\/03\/eu-150x150.jpg\",\"contentUrl\":\"https:\/\/projetopack.com.br\/wp-content\/uploads\/2026\/03\/eu-150x150.jpg\",\"caption\":\"Andrea\"},\"url\":\"https:\/\/projetopack.com.br\/en\/author\/andrea\/\"}]}<\/script>\n<!-- \/ Yoast SEO Premium plugin. -->","yoast_head_json":{"title":"LyondellBasell e Sasol formam JV em polietileno - ProjetoPack","description":"Confira o melhor conte\u00fado sobre tecnologia, design e gest\u00e3o de embalagens flex\u00edveis, r\u00f3tulos e impress\u00e3o.","robots":{"index":"index","follow":"follow","max-snippet":"max-snippet:-1","max-image-preview":"max-image-preview:large","max-video-preview":"max-video-preview:-1"},"canonical":"https:\/\/projetopack.com.br\/en\/lyondellbasell-e-sasol-formam-jv-em-polietileno\/","og_locale":"en_US","og_type":"article","og_title":"LyondellBasell e Sasol formam JV em polietileno","og_description":"Confira o melhor conte\u00fado sobre tecnologia, design e gest\u00e3o de embalagens flex\u00edveis, r\u00f3tulos e impress\u00e3o.","og_url":"https:\/\/projetopack.com.br\/en\/lyondellbasell-e-sasol-formam-jv-em-polietileno\/","og_site_name":"ProjetoPack","article_published_time":"2020-10-03T22:24:30+00:00","article_modified_time":"2020-10-03T22:24:33+00:00","og_image":[{"width":1022,"height":575,"url":"https:\/\/projetopack.com.br\/wp-content\/uploads\/2020\/10\/0000901586_resized_lakecharleschemicalsaerial201908070375amended1022.jpg","type":"image\/jpeg"}],"author":"Andrea","twitter_card":"summary_large_image","twitter_creator":"@ProjetoPack","twitter_site":"@ProjetoPack","twitter_misc":{"Written by":"Andrea","Est. reading time":"1 minute"},"schema":{"@context":"https:\/\/schema.org","@graph":[{"@type":"Article","@id":"https:\/\/projetopack.com.br\/en\/lyondellbasell-e-sasol-formam-jv-em-polietileno\/#article","isPartOf":{"@id":"https:\/\/projetopack.com.br\/en\/lyondellbasell-e-sasol-formam-jv-em-polietileno\/"},"author":{"name":"Andrea","@id":"https:\/\/projetopack.com.br\/#\/schema\/person\/d17c72a4bc2b7e461496dd8a14d4cef1"},"headline":"LyondellBasell e Sasol formam JV em polietileno","datePublished":"2020-10-03T22:24:30+00:00","dateModified":"2020-10-03T22:24:33+00:00","mainEntityOfPage":{"@id":"https:\/\/projetopack.com.br\/en\/lyondellbasell-e-sasol-formam-jv-em-polietileno\/"},"wordCount":191,"commentCount":0,"publisher":{"@id":"https:\/\/projetopack.com.br\/#organization"},"image":{"@id":"https:\/\/projetopack.com.br\/en\/lyondellbasell-e-sasol-formam-jv-em-polietileno\/#primaryimage"},"thumbnailUrl":"https:\/\/projetopack.com.br\/wp-content\/uploads\/2020\/10\/0000901586_resized_lakecharleschemicalsaerial201908070375amended1022.jpg","keywords":["lyondellbasell","polietileno","sasol"],"articleSection":["Lan\u00e7amentos"],"inLanguage":"en-US","potentialAction":[{"@type":"CommentAction","name":"Comment","target":["https:\/\/projetopack.com.br\/en\/lyondellbasell-e-sasol-formam-jv-em-polietileno\/#respond"]}]},{"@type":"WebPage","@id":"https:\/\/projetopack.com.br\/en\/lyondellbasell-e-sasol-formam-jv-em-polietileno\/","url":"https:\/\/projetopack.com.br\/en\/lyondellbasell-e-sasol-formam-jv-em-polietileno\/","name":"LyondellBasell e Sasol formam JV em polietileno - ProjetoPack","isPartOf":{"@id":"https:\/\/projetopack.com.br\/#website"},"primaryImageOfPage":{"@id":"https:\/\/projetopack.com.br\/en\/lyondellbasell-e-sasol-formam-jv-em-polietileno\/#primaryimage"},"image":{"@id":"https:\/\/projetopack.com.br\/en\/lyondellbasell-e-sasol-formam-jv-em-polietileno\/#primaryimage"},"thumbnailUrl":"https:\/\/projetopack.com.br\/wp-content\/uploads\/2020\/10\/0000901586_resized_lakecharleschemicalsaerial201908070375amended1022.jpg","datePublished":"2020-10-03T22:24:30+00:00","dateModified":"2020-10-03T22:24:33+00:00","description":"Confira o melhor conte\u00fado sobre tecnologia, design e gest\u00e3o de embalagens flex\u00edveis, r\u00f3tulos e impress\u00e3o.","breadcrumb":{"@id":"https:\/\/projetopack.com.br\/en\/lyondellbasell-e-sasol-formam-jv-em-polietileno\/#breadcrumb"},"inLanguage":"en-US","potentialAction":[{"@type":"ReadAction","target":["https:\/\/projetopack.com.br\/en\/lyondellbasell-e-sasol-formam-jv-em-polietileno\/"]}]},{"@type":"ImageObject","inLanguage":"en-US","@id":"https:\/\/projetopack.com.br\/en\/lyondellbasell-e-sasol-formam-jv-em-polietileno\/#primaryimage","url":"https:\/\/projetopack.com.br\/wp-content\/uploads\/2020\/10\/0000901586_resized_lakecharleschemicalsaerial201908070375amended1022.jpg","contentUrl":"https:\/\/projetopack.com.br\/wp-content\/uploads\/2020\/10\/0000901586_resized_lakecharleschemicalsaerial201908070375amended1022.jpg","width":1022,"height":575},{"@type":"BreadcrumbList","@id":"https:\/\/projetopack.com.br\/en\/lyondellbasell-e-sasol-formam-jv-em-polietileno\/#breadcrumb","itemListElement":[{"@type":"ListItem","position":1,"name":"P\u00e1gina Inicial","item":"https:\/\/projetopack.com.br\/"},{"@type":"ListItem","position":2,"name":"Lan\u00e7amentos","item":"https:\/\/projetopack.com.br\/category\/lancamentos\/"},{"@type":"ListItem","position":3,"name":"LyondellBasell e Sasol formam JV em polietileno"}]},{"@type":"WebSite","@id":"https:\/\/projetopack.com.br\/#website","url":"https:\/\/projetopack.com.br\/","name":"ProjetoPack","description":"Consultoria e servi\u00e7os para embalagens, r\u00f3tulos, etiquetas e processos de impress\u00e3o","publisher":{"@id":"https:\/\/projetopack.com.br\/#organization"},"potentialAction":[{"@type":"SearchAction","target":{"@type":"EntryPoint","urlTemplate":"https:\/\/projetopack.com.br\/?s={search_term_string}"},"query-input":{"@type":"PropertyValueSpecification","valueRequired":true,"valueName":"search_term_string"}}],"inLanguage":"en-US"},{"@type":"Organization","@id":"https:\/\/projetopack.com.br\/#organization","name":"ProjetoPack & Associados","url":"https:\/\/projetopack.com.br\/","logo":{"@type":"ImageObject","inLanguage":"en-US","@id":"https:\/\/projetopack.com.br\/#\/schema\/logo\/image\/","url":"https:\/\/projetopack.com.br\/wp-content\/uploads\/2020\/09\/projetopack.png","contentUrl":"https:\/\/projetopack.com.br\/wp-content\/uploads\/2020\/09\/projetopack.png","width":200,"height":200,"caption":"ProjetoPack & Associados"},"image":{"@id":"https:\/\/projetopack.com.br\/#\/schema\/logo\/image\/"},"sameAs":["https:\/\/x.com\/ProjetoPack","https:\/\/www.linkedin.com\/company\/projetopack\/"]},{"@type":"Person","@id":"https:\/\/projetopack.com.br\/#\/schema\/person\/d17c72a4bc2b7e461496dd8a14d4cef1","name":"Andrea","image":{"@type":"ImageObject","inLanguage":"en-US","@id":"https:\/\/projetopack.com.br\/#\/schema\/person\/image\/","url":"https:\/\/projetopack.com.br\/wp-content\/uploads\/2026\/03\/eu-150x150.jpg","contentUrl":"https:\/\/projetopack.com.br\/wp-content\/uploads\/2026\/03\/eu-150x150.jpg","caption":"Andrea"},"url":"https:\/\/projetopack.com.br\/en\/author\/andrea\/"}]}},"_links":{"self":[{"href":"https:\/\/projetopack.com.br\/en\/wp-json\/wp\/v2\/posts\/7428","targetHints":{"allow":["GET"]}}],"collection":[{"href":"https:\/\/projetopack.com.br\/en\/wp-json\/wp\/v2\/posts"}],"about":[{"href":"https:\/\/projetopack.com.br\/en\/wp-json\/wp\/v2\/types\/post"}],"author":[{"embeddable":true,"href":"https:\/\/projetopack.com.br\/en\/wp-json\/wp\/v2\/users\/18"}],"replies":[{"embeddable":true,"href":"https:\/\/projetopack.com.br\/en\/wp-json\/wp\/v2\/comments?post=7428"}],"version-history":[{"count":0,"href":"https:\/\/projetopack.com.br\/en\/wp-json\/wp\/v2\/posts\/7428\/revisions"}],"wp:featuredmedia":[{"embeddable":true,"href":"https:\/\/projetopack.com.br\/en\/wp-json\/wp\/v2\/media\/7430"}],"wp:attachment":[{"href":"https:\/\/projetopack.com.br\/en\/wp-json\/wp\/v2\/media?parent=7428"}],"wp:term":[{"taxonomy":"category","embeddable":true,"href":"https:\/\/projetopack.com.br\/en\/wp-json\/wp\/v2\/categories?post=7428"},{"taxonomy":"post_tag","embeddable":true,"href":"https:\/\/projetopack.com.br\/en\/wp-json\/wp\/v2\/tags?post=7428"}],"curies":[{"name":"wp","href":"https:\/\/api.w.org\/{rel}","templated":true}]}}