{"id":7478,"date":"2020-10-07T16:40:36","date_gmt":"2020-10-07T19:40:36","guid":{"rendered":"https:\/\/www.projetopack.com.br\/?p=7478"},"modified":"2020-10-07T17:04:05","modified_gmt":"2020-10-07T20:04:05","slug":"a-mimaki-europe-fara-a-apresentacao-de-uma-linha-de-solucoes-texteis-digitais-avancadas-na-feira-comercial-virtual-innovate-textile-apparel","status":"publish","type":"post","link":"https:\/\/projetopack.com.br\/en\/a-mimaki-europe-fara-a-apresentacao-de-uma-linha-de-solucoes-texteis-digitais-avancadas-na-feira-comercial-virtual-innovate-textile-apparel\/","title":{"rendered":"A Mimaki Europe far\u00e1 a apresenta\u00e7\u00e3o de uma linha de solu\u00e7\u00f5es t\u00eaxteis digitais avan\u00e7adas na feira comercial virtual Innovate Textile &#038; Apparel"},"content":{"rendered":"<p>A&nbsp;<a href=\"https:\/\/u7061146.ct.sendgrid.net\/ls\/click?upn=4tNED-2FM8iDZJQyQ53jATUeMe6G7HC2P2R5QII4LD2WkNN4y910E3ijm7zLpyzfLHKLqw_P7tsckuVms5y8Q1kNiV5GAbu-2FdoAkU8p-2F-2BjUmE8aqpPma7uiHf90sqS2kUhHEVJrAQg9FlIUuvDXKp0JM0mxi0uBjhY8nQ6tXc4q0KfRnpd9GUrJUAZexpeUoqhEqKRZl2f-2BHdivx-2FxZReGCwazkrP0V8GHiKtYPqIqBbNA6j3mWCpLMH0htocppw4lJTaofMv56EifcgizlbIl1Wfs7k2p2eNQNA3OmFatoYHWYcN-2Biyu9DD2Xba-2FV9tIkpYBmsaCu8dIZz9mXGzr1wxtQkPtWcU2-2FeBkUHHzvOGuU8lTXjXjmg9-2B-2FHC0l6mnsPdI8t-2FzH7kYjyw1-2BeGhTIYk11ps9Rte8j1R6eIE2n-2F0l8I1k-3D\" target=\"_blank\" rel=\"noreferrer noopener\">Mimaki Europe<\/a>&nbsp;ir\u00e1 criar uma exposi\u00e7\u00e3o virtual das suas mais recentes solu\u00e7\u00f5es t\u00eaxteis na&nbsp;<a href=\"https:\/\/u7061146.ct.sendgrid.net\/ls\/click?upn=4tNED-2FM8iDZJQyQ53jATUSyWwdBsA6yyPOLhGl9gckU-3DoV6x_P7tsckuVms5y8Q1kNiV5GAbu-2FdoAkU8p-2F-2BjUmE8aqpPma7uiHf90sqS2kUhHEVJrAQg9FlIUuvDXKp0JM0mxi0uBjhY8nQ6tXc4q0KfRnpd9GUrJUAZexpeUoqhEqKRZl2f-2BHdivx-2FxZReGCwazkrP0V8GHiKtYPqIqBbNA6j3mWCpLMH0htocppw4lJTaofMv56EifcgizlbIl1Wfs7k7-2F1hYkpRxzdGHzfcxdjBFoH2jvU2YbDHHe-2B0ESgz1AF-2FEG1RWZNcgnxTT3qDClDS7wwZkhCJ0Z6T-2BBcJOkX5S85K-2Bc6ySPA7jLHIHkZUwhE0Hj73DC40Co9tH1-2B6g1qE75vi1x5uMtZSegKjlkxS-2FU-3D\" target=\"_blank\" rel=\"noreferrer noopener\">Feira comercial Innovate Textile &amp; Apparel (15 a 30 de outubro de 2020)<\/a>&nbsp;deste ano. \u00c0 semelhan\u00e7a do que acontece numa feira comercial tradicional, os participantes na exposi\u00e7\u00e3o virtual poder\u00e3o visitar o stand da Mimaki, ver a tecnologia em a\u00e7\u00e3o e conversar com a equipa sobre as mais recentes tend\u00eancias de mercado e as solu\u00e7\u00f5es que est\u00e3o a ajudar os clientes a dar resposta \u00e0s exig\u00eancias do momento presente. A ic\u00f3nica impressora de sublima\u00e7\u00e3o de tinta da empresa, a TS55-1800, e a nova impressora h\u00edbrida, a TX300P-1800 MkII, ocupar\u00e3o lugar de destaque no stand virtual interativo da Mimaki, onde os visitantes poder\u00e3o usufruir de in\u00fameras promo\u00e7\u00f5es exclusivas da exposi\u00e7\u00e3o, incluindo uma oferta especial para a TS55-1800 e a oportunidade de ganhar uma impressora de sublima\u00e7\u00e3o de entrada de gama.<\/p>\n\n\n\n<figure class=\"wp-block-image size-full\"><img fetchpriority=\"high\" decoding=\"async\" width=\"1520\" height=\"674\" src=\"https:\/\/projetopack.com.br\/wp-content\/uploads\/2020\/10\/ts55.jpg\" alt=\"\" class=\"wp-image-7479\" srcset=\"https:\/\/projetopack.com.br\/wp-content\/uploads\/2020\/10\/ts55.jpg 1520w, https:\/\/projetopack.com.br\/wp-content\/uploads\/2020\/10\/ts55-300x133.jpg 300w, https:\/\/projetopack.com.br\/wp-content\/uploads\/2020\/10\/ts55-600x266.jpg 600w, https:\/\/projetopack.com.br\/wp-content\/uploads\/2020\/10\/ts55-768x340.jpg 768w\" sizes=\"(max-width: 1520px) 100vw, 1520px\" \/><figcaption><em><strong>A impressora de sublima\u00e7\u00e3o de tinta Mimaki TS55-1800 ser\u00e1 apresentada no estande virtual da Mimaki na Feira comercial Innovate Textile &amp; Apparel Virtual Trade Show<\/strong><\/em><\/figcaption><\/figure>\n\n\n\n<p>A sublima\u00e7\u00e3o de tinta \u00e9 uma tecnologia revolucion\u00e1ria na impress\u00e3o t\u00eaxtil, proporcionando impress\u00f5es intensas e de alta qualidade numa diversidade de tecidos, tais como poli\u00e9ster ou elastano, tudo sob encomenda. A TS55-1800 da Mimaki combina esta tecnologia pioneira com as reconhecidas experi\u00eancia e inova\u00e7\u00e3o da Mimaki. A impressora oferece uma produ\u00e7\u00e3o de escala industrial e integra tecnologias nucleares da Mimaki, como o NCU (Nozzle Check System \u2013 Sistema de verifica\u00e7\u00e3o do bocal) e o NRS (Nozzle Recovery System \u2013 Sistema de recupera\u00e7\u00e3o do bocal), sistemas de controlo e restauro do bocal que asseguram a dete\u00e7\u00e3o autom\u00e1tica e a substitui\u00e7\u00e3o de bocais obstru\u00eddos sem interromper a produ\u00e7\u00e3o. Al\u00e9m disso, o MAPS (Mimaki Advanced Pass system), um sistema criado para evitar o efeito de banda, utiliza um algoritmo especial em cada passagem de impress\u00e3o e calcula a forma mais eficaz de ejetar as gotas de tintas de acordo com a cor, a cobertura e a velocidade.<\/p>\n\n\n\n<figure class=\"wp-block-image size-full\"><img decoding=\"async\" width=\"1520\" height=\"975\" src=\"https:\/\/projetopack.com.br\/wp-content\/uploads\/2020\/10\/tx300.jpg\" alt=\"\" class=\"wp-image-7480\" srcset=\"https:\/\/projetopack.com.br\/wp-content\/uploads\/2020\/10\/tx300.jpg 1520w, https:\/\/projetopack.com.br\/wp-content\/uploads\/2020\/10\/tx300-300x192.jpg 300w, https:\/\/projetopack.com.br\/wp-content\/uploads\/2020\/10\/tx300-600x385.jpg 600w, https:\/\/projetopack.com.br\/wp-content\/uploads\/2020\/10\/tx300-768x492.jpg 768w\" sizes=\"(max-width: 1520px) 100vw, 1520px\" \/><figcaption><em><strong>Outro produto em destaque na vitrine virtual da Mimaki ser\u00e1 a impressora t\u00eaxtil h\u00edbrida Mimaki Tx300P-1800 MkII<\/strong><\/em><\/figcaption><\/figure>\n\n\n\n<p>Dispon\u00edvel com a op\u00e7\u00e3o Mini Jumbo Roll, capaz de ajudar a poupar at\u00e9 25% nas despesas com papel, e um sistema de tinta em massa de 10L, a Mimaki TS55-1800 oferece o custo operacional mais baixo do mercado e \u00e9 o modelo de produ\u00e7\u00e3o ideal para pequenas a m\u00e9dias empresas. Na feira comercial Innovate Textile &amp; Apparel, a Mimaki ir\u00e1 lan\u00e7ar uma promo\u00e7\u00e3o especial para esta impressora, tornando-a ainda mais apelativa para as empresas que pretendam diversificar a respetiva atividade comercial durante estes tempos de grandes desafios.<\/p>\n\n\n\n<p>Apresentada no in\u00edcio deste ano, a Tx300P-1800 MkII permite imprimir tanto em t\u00eaxteis como em papel com uma \u00fanica m\u00e1quina, proporcionando uma flexibilidade incompar\u00e1vel e a abertura de novas portas de oportunidade para os prestadores de servi\u00e7os de impress\u00e3o. Esta impressora t\u00eaxtil h\u00edbrida faz uma transi\u00e7\u00e3o r\u00e1pida entre a impress\u00e3o diretamente no tecido e de transfer\u00eancia atrav\u00e9s de uma placa permut\u00e1vel. Desta forma, permite que os utilizadores selecionem entre tr\u00eas combina\u00e7\u00f5es de tinta diferentes para carregar na m\u00e1quina: pigmento t\u00eaxtil\/sublima\u00e7\u00e3o direta, pigmento t\u00eaxtil\/transfer\u00eancia por sublima\u00e7\u00e3o ou sublima\u00e7\u00e3o direta\/transfer\u00eancia por sublima\u00e7\u00e3o. Isto permite a produ\u00e7\u00e3o de uma s\u00e9rie de aplica\u00e7\u00f5es, desde t\u00eaxteis de moda at\u00e9 tecidos para interiores e pap\u00e9is de parede. Sendo simultaneamente econ\u00f3mica e vers\u00e1til, a Mimaki Tx300P-1800 MkII \u00e9 atrativa tanto para os prestadores de servi\u00e7os de impress\u00e3o mais pequenos como para as gr\u00e1ficas com maiores volumes de produ\u00e7\u00e3o, com a oferta de prazos de entrega mais r\u00e1pidos, bem como de pequenas tiragens mais baratas e amostras t\u00eaxteis.<\/p>\n\n\n\n<figure class=\"wp-block-image size-full\"><img decoding=\"async\" width=\"1520\" height=\"1013\" src=\"https:\/\/projetopack.com.br\/wp-content\/uploads\/2020\/10\/textil.jpg\" alt=\"\" class=\"wp-image-7481\" srcset=\"https:\/\/projetopack.com.br\/wp-content\/uploads\/2020\/10\/textil.jpg 1520w, https:\/\/projetopack.com.br\/wp-content\/uploads\/2020\/10\/textil-300x200.jpg 300w, https:\/\/projetopack.com.br\/wp-content\/uploads\/2020\/10\/textil-600x400.jpg 600w, https:\/\/projetopack.com.br\/wp-content\/uploads\/2020\/10\/textil-768x511.jpg 768w\" sizes=\"(max-width: 1520px) 100vw, 1520px\" \/><figcaption><em><strong>A tecnologia de impress\u00e3o t\u00eaxtil da Mimaki permite uma ampla gama de aplica\u00e7\u00f5es personalizadas atraentes<\/strong><\/em><\/figcaption><\/figure>\n\n\n\n<p>Os organizadores do evento, a World Textile Information Network (WTiN), criaram a feira comercial Innovate Textile &amp; Apparel com o intuito de reunir expositores e visitantes e estabelecer liga\u00e7\u00f5es nestes tempos sem precedentes. A Mimaki tamb\u00e9m acredita nesta vis\u00e3o e \u00e9 com grande entusiasmo com interage com os seus clientes, atuais e futuros, al\u00e9m de apoiar pr\u00f3ximos investimentos com promo\u00e7\u00f5es especiais para a exposi\u00e7\u00e3o, incluindo a oportunidade de ganhar uma impressora de sublima\u00e7\u00e3o de entrada de gama Mimaki TS30-1300<sup>(1)<\/sup>.<\/p>\n\n\n\n<p>\u201cA feira comercial Innovate Textile &amp; Apparel permite \u00e0 Mimaki refor\u00e7ar a sua posi\u00e7\u00e3o no mercado t\u00eaxtil, estar em contacto com os nossos clientes e partilhar experi\u00eancias com um leque mais abrangente da ind\u00fastria, extraindo um grande conhecimento,\u201d afirma Danna Drion, Diretora de Marketing, Mimaki Europe. \u201cTemos uma carteira de produtos abrangente que engloba diferentes tecnologias e \u00e9 com satisfa\u00e7\u00e3o que explicamos os benef\u00edcios destas impressoras e ajudamos os prestadores de servi\u00e7os de impress\u00e3o a encontrarem a tecnologia adequada para a respetiva atividade comercial. Nestes tempos desafiantes, tamb\u00e9m queremos garantir que os nossos clientes, atuais e futuros, compreendem perfeitamente as capacidades das nossas solu\u00e7\u00f5es e tiram proveito das ofertas promocionais na exposi\u00e7\u00e3o, para que possam fazer um investimento com confian\u00e7a e maximizar a respetiva linha de produ\u00e7\u00e3o de forma a manterem-se rent\u00e1veis e competitivos. Este evento ir\u00e1 proporcionar-nos exatamente isso e estamos ansiosos por aproveitar essa oportunidade.\u201d<\/p>\n\n\n\n<p>A Mimaki ir\u00e1 igualmente aproveitar a feira comercial Innovate Textile &amp; Apparel para contactar os visitantes atrav\u00e9s de reuni\u00f5es virtuais individuais, com os especialistas da empresa dispon\u00edveis para conversar virtualmente e em direto com os clientes, a qualquer hora. Em linha com o alcance global do evento, a Mimaki Europe ir\u00e1 fazer uma parceria com a Mimaki USA e a Mimaki Global para garantir que os visitantes de todo o mundo t\u00eam sempre acesso a porta-vozes regionais.<\/p>\n\n\n\n<p><sup>(1)&nbsp;<\/sup><em>&nbsp;Poder\u00e1 obter informa\u00e7\u00f5es detalhadas sobre este concurso junto do stand da Mimaki.<\/em><\/p>\n\n\n\n<p>Para obter mais informa\u00e7\u00f5es sobre produtos e servi\u00e7os da Mimaki, aceda a&nbsp;<a href=\"https:\/\/u7061146.ct.sendgrid.net\/ls\/click?upn=TeZUXWpUv-2B6TCY38pVLo9ks-2FG8umx8Ppv9Sc5j-2BW-2F-2F-2FdERClxEw11ekzP3GaKu400-Of_P7tsckuVms5y8Q1kNiV5GAbu-2FdoAkU8p-2F-2BjUmE8aqpPma7uiHf90sqS2kUhHEVJrAQg9FlIUuvDXKp0JM0mxi0uBjhY8nQ6tXc4q0KfRnpd9GUrJUAZexpeUoqhEqKRZl2f-2BHdivx-2FxZReGCwazkrP0V8GHiKtYPqIqBbNA6j3mWCpLMH0htocppw4lJTaofMv56EifcgizlbIl1Wfs7k1-2FkU2KY9U6g8ghxmR1h-2FuZYCiLCMlpvXjNh-2Fr40TNZXXh1KJt6QeeegNLO8TzbVV0VFax3oaVaqFmWBnnqCYMaaGFzfQ8BwdfOCRPCr7CDQV8XdfDiR8NiZAXDHWx2wHuO6gJNG3eKuPA3wyEYfT-2BY-3D\" target=\"_blank\" rel=\"noreferrer noopener\">www.mimakieurope.com<\/a>.<\/p>\n\n\n\n<p><\/p>\n\n\n\n<p><strong>Dados de contacto:<\/strong><\/p>\n\n\n\n<p class=\"has-background has-very-light-gray-background-color\">Clare Porter, Associate Director, Bespoke<\/p>\n\n\n\n<p class=\"has-background has-very-light-gray-background-color\">Tel: +44 1737 215200 e-mail: <a href=\"mailto:clare@bespoke.co.uk\">clare@bespoke.co.uk<\/a><\/p>","protected":false},"excerpt":{"rendered":"<p>A Mimaki Europe ir\u00e1 criar uma exposi\u00e7\u00e3o virtual das suas mais recentes solu\u00e7\u00f5es t\u00eaxteis na Feira comercial Innovate Textile &#038; Apparel (15 a 30 de outubro de 2020) deste ano.<\/p>","protected":false},"author":18,"featured_media":7491,"comment_status":"open","ping_status":"closed","sticky":false,"template":"","format":"standard","meta":{"footnotes":""},"categories":[458],"tags":[527,526],"class_list":["post-7478","post","type-post","status-publish","format-standard","has-post-thumbnail","hentry","category-lancamentos","tag-feira-comercial-innovate-textile-apparel","tag-mimaki"],"yoast_head":"<!-- This site is optimized with the Yoast SEO Premium plugin v27.1 (Yoast SEO v27.1.1) - https:\/\/yoast.com\/product\/yoast-seo-premium-wordpress\/ -->\n<title>A Mimaki Europe far\u00e1 a apresenta\u00e7\u00e3o de uma linha de solu\u00e7\u00f5es t\u00eaxteis digitais avan\u00e7adas na feira comercial virtual Innovate Textile &amp; Apparel - ProjetoPack<\/title>\n<meta name=\"description\" content=\"A Mimaki Europe ir\u00e1 criar uma exposi\u00e7\u00e3o virtual das suas mais recentes solu\u00e7\u00f5es t\u00eaxteis na Feira comercial Innovate Textile &amp; Apparel (15 a 30 de outubro de 2020) deste ano.\" \/>\n<meta name=\"robots\" content=\"index, follow, max-snippet:-1, max-image-preview:large, max-video-preview:-1\" \/>\n<link rel=\"canonical\" href=\"https:\/\/projetopack.com.br\/en\/a-mimaki-europe-fara-a-apresentacao-de-uma-linha-de-solucoes-texteis-digitais-avancadas-na-feira-comercial-virtual-innovate-textile-apparel\/\" \/>\n<meta property=\"og:locale\" content=\"en_US\" \/>\n<meta property=\"og:type\" content=\"article\" \/>\n<meta property=\"og:title\" content=\"A Mimaki Europe far\u00e1 a apresenta\u00e7\u00e3o de uma linha de solu\u00e7\u00f5es t\u00eaxteis digitais avan\u00e7adas na feira comercial virtual Innovate Textile &amp; Apparel\" \/>\n<meta property=\"og:description\" content=\"A Mimaki Europe ir\u00e1 criar uma exposi\u00e7\u00e3o virtual das suas mais recentes solu\u00e7\u00f5es t\u00eaxteis na Feira comercial Innovate Textile &amp; Apparel (15 a 30 de outubro de 2020) deste ano.\" \/>\n<meta property=\"og:url\" content=\"https:\/\/projetopack.com.br\/en\/a-mimaki-europe-fara-a-apresentacao-de-uma-linha-de-solucoes-texteis-digitais-avancadas-na-feira-comercial-virtual-innovate-textile-apparel\/\" \/>\n<meta property=\"og:site_name\" content=\"ProjetoPack\" \/>\n<meta property=\"article:published_time\" content=\"2020-10-07T19:40:36+00:00\" \/>\n<meta property=\"article:modified_time\" content=\"2020-10-07T20:04:05+00:00\" \/>\n<meta property=\"og:image\" content=\"https:\/\/projetopack.com.br\/wp-content\/uploads\/2020\/10\/Mimaki-novo.png\" \/>\n\t<meta property=\"og:image:width\" content=\"248\" \/>\n\t<meta property=\"og:image:height\" content=\"248\" \/>\n\t<meta property=\"og:image:type\" content=\"image\/png\" \/>\n<meta name=\"author\" content=\"Andrea\" \/>\n<meta name=\"twitter:card\" content=\"summary_large_image\" \/>\n<meta name=\"twitter:creator\" content=\"@ProjetoPack\" \/>\n<meta name=\"twitter:site\" content=\"@ProjetoPack\" \/>\n<meta name=\"twitter:label1\" content=\"Written by\" \/>\n\t<meta name=\"twitter:data1\" content=\"Andrea\" \/>\n\t<meta name=\"twitter:label2\" content=\"Est. reading time\" \/>\n\t<meta name=\"twitter:data2\" content=\"5 minutes\" \/>\n<script type=\"application\/ld+json\" class=\"yoast-schema-graph\">{\"@context\":\"https:\/\/schema.org\",\"@graph\":[{\"@type\":\"Article\",\"@id\":\"https:\/\/projetopack.com.br\/en\/a-mimaki-europe-fara-a-apresentacao-de-uma-linha-de-solucoes-texteis-digitais-avancadas-na-feira-comercial-virtual-innovate-textile-apparel\/#article\",\"isPartOf\":{\"@id\":\"https:\/\/projetopack.com.br\/en\/a-mimaki-europe-fara-a-apresentacao-de-uma-linha-de-solucoes-texteis-digitais-avancadas-na-feira-comercial-virtual-innovate-textile-apparel\/\"},\"author\":{\"name\":\"Andrea\",\"@id\":\"https:\/\/projetopack.com.br\/#\/schema\/person\/d17c72a4bc2b7e461496dd8a14d4cef1\"},\"headline\":\"A Mimaki Europe far\u00e1 a apresenta\u00e7\u00e3o de uma linha de solu\u00e7\u00f5es t\u00eaxteis digitais avan\u00e7adas na feira comercial virtual Innovate Textile &#038; Apparel\",\"datePublished\":\"2020-10-07T19:40:36+00:00\",\"dateModified\":\"2020-10-07T20:04:05+00:00\",\"mainEntityOfPage\":{\"@id\":\"https:\/\/projetopack.com.br\/en\/a-mimaki-europe-fara-a-apresentacao-de-uma-linha-de-solucoes-texteis-digitais-avancadas-na-feira-comercial-virtual-innovate-textile-apparel\/\"},\"wordCount\":1096,\"commentCount\":0,\"publisher\":{\"@id\":\"https:\/\/projetopack.com.br\/#organization\"},\"image\":{\"@id\":\"https:\/\/projetopack.com.br\/en\/a-mimaki-europe-fara-a-apresentacao-de-uma-linha-de-solucoes-texteis-digitais-avancadas-na-feira-comercial-virtual-innovate-textile-apparel\/#primaryimage\"},\"thumbnailUrl\":\"https:\/\/projetopack.com.br\/wp-content\/uploads\/2020\/10\/Mimaki-novo.png\",\"keywords\":[\"Feira comercial Innovate Textile &amp; Apparel\",\"mimaki\"],\"articleSection\":[\"Lan\u00e7amentos\"],\"inLanguage\":\"en-US\",\"potentialAction\":[{\"@type\":\"CommentAction\",\"name\":\"Comment\",\"target\":[\"https:\/\/projetopack.com.br\/en\/a-mimaki-europe-fara-a-apresentacao-de-uma-linha-de-solucoes-texteis-digitais-avancadas-na-feira-comercial-virtual-innovate-textile-apparel\/#respond\"]}]},{\"@type\":\"WebPage\",\"@id\":\"https:\/\/projetopack.com.br\/en\/a-mimaki-europe-fara-a-apresentacao-de-uma-linha-de-solucoes-texteis-digitais-avancadas-na-feira-comercial-virtual-innovate-textile-apparel\/\",\"url\":\"https:\/\/projetopack.com.br\/en\/a-mimaki-europe-fara-a-apresentacao-de-uma-linha-de-solucoes-texteis-digitais-avancadas-na-feira-comercial-virtual-innovate-textile-apparel\/\",\"name\":\"A Mimaki Europe far\u00e1 a apresenta\u00e7\u00e3o de uma linha de solu\u00e7\u00f5es t\u00eaxteis digitais avan\u00e7adas na feira comercial virtual Innovate Textile & Apparel - ProjetoPack\",\"isPartOf\":{\"@id\":\"https:\/\/projetopack.com.br\/#website\"},\"primaryImageOfPage\":{\"@id\":\"https:\/\/projetopack.com.br\/en\/a-mimaki-europe-fara-a-apresentacao-de-uma-linha-de-solucoes-texteis-digitais-avancadas-na-feira-comercial-virtual-innovate-textile-apparel\/#primaryimage\"},\"image\":{\"@id\":\"https:\/\/projetopack.com.br\/en\/a-mimaki-europe-fara-a-apresentacao-de-uma-linha-de-solucoes-texteis-digitais-avancadas-na-feira-comercial-virtual-innovate-textile-apparel\/#primaryimage\"},\"thumbnailUrl\":\"https:\/\/projetopack.com.br\/wp-content\/uploads\/2020\/10\/Mimaki-novo.png\",\"datePublished\":\"2020-10-07T19:40:36+00:00\",\"dateModified\":\"2020-10-07T20:04:05+00:00\",\"description\":\"A Mimaki Europe ir\u00e1 criar uma exposi\u00e7\u00e3o virtual das suas mais recentes solu\u00e7\u00f5es t\u00eaxteis na Feira comercial Innovate Textile & Apparel (15 a 30 de outubro de 2020) deste ano.\",\"breadcrumb\":{\"@id\":\"https:\/\/projetopack.com.br\/en\/a-mimaki-europe-fara-a-apresentacao-de-uma-linha-de-solucoes-texteis-digitais-avancadas-na-feira-comercial-virtual-innovate-textile-apparel\/#breadcrumb\"},\"inLanguage\":\"en-US\",\"potentialAction\":[{\"@type\":\"ReadAction\",\"target\":[\"https:\/\/projetopack.com.br\/en\/a-mimaki-europe-fara-a-apresentacao-de-uma-linha-de-solucoes-texteis-digitais-avancadas-na-feira-comercial-virtual-innovate-textile-apparel\/\"]}]},{\"@type\":\"ImageObject\",\"inLanguage\":\"en-US\",\"@id\":\"https:\/\/projetopack.com.br\/en\/a-mimaki-europe-fara-a-apresentacao-de-uma-linha-de-solucoes-texteis-digitais-avancadas-na-feira-comercial-virtual-innovate-textile-apparel\/#primaryimage\",\"url\":\"https:\/\/projetopack.com.br\/wp-content\/uploads\/2020\/10\/Mimaki-novo.png\",\"contentUrl\":\"https:\/\/projetopack.com.br\/wp-content\/uploads\/2020\/10\/Mimaki-novo.png\",\"width\":248,\"height\":248},{\"@type\":\"BreadcrumbList\",\"@id\":\"https:\/\/projetopack.com.br\/en\/a-mimaki-europe-fara-a-apresentacao-de-uma-linha-de-solucoes-texteis-digitais-avancadas-na-feira-comercial-virtual-innovate-textile-apparel\/#breadcrumb\",\"itemListElement\":[{\"@type\":\"ListItem\",\"position\":1,\"name\":\"P\u00e1gina Inicial\",\"item\":\"https:\/\/projetopack.com.br\/\"},{\"@type\":\"ListItem\",\"position\":2,\"name\":\"Lan\u00e7amentos\",\"item\":\"https:\/\/projetopack.com.br\/category\/lancamentos\/\"},{\"@type\":\"ListItem\",\"position\":3,\"name\":\"A Mimaki Europe far\u00e1 a apresenta\u00e7\u00e3o de uma linha de solu\u00e7\u00f5es t\u00eaxteis digitais avan\u00e7adas na feira comercial virtual Innovate Textile &#038; Apparel\"}]},{\"@type\":\"WebSite\",\"@id\":\"https:\/\/projetopack.com.br\/#website\",\"url\":\"https:\/\/projetopack.com.br\/\",\"name\":\"ProjetoPack\",\"description\":\"Consultoria e servi\u00e7os para embalagens, r\u00f3tulos, etiquetas e processos de impress\u00e3o\",\"publisher\":{\"@id\":\"https:\/\/projetopack.com.br\/#organization\"},\"potentialAction\":[{\"@type\":\"SearchAction\",\"target\":{\"@type\":\"EntryPoint\",\"urlTemplate\":\"https:\/\/projetopack.com.br\/?s={search_term_string}\"},\"query-input\":{\"@type\":\"PropertyValueSpecification\",\"valueRequired\":true,\"valueName\":\"search_term_string\"}}],\"inLanguage\":\"en-US\"},{\"@type\":\"Organization\",\"@id\":\"https:\/\/projetopack.com.br\/#organization\",\"name\":\"ProjetoPack & Associados\",\"url\":\"https:\/\/projetopack.com.br\/\",\"logo\":{\"@type\":\"ImageObject\",\"inLanguage\":\"en-US\",\"@id\":\"https:\/\/projetopack.com.br\/#\/schema\/logo\/image\/\",\"url\":\"https:\/\/projetopack.com.br\/wp-content\/uploads\/2020\/09\/projetopack.png\",\"contentUrl\":\"https:\/\/projetopack.com.br\/wp-content\/uploads\/2020\/09\/projetopack.png\",\"width\":200,\"height\":200,\"caption\":\"ProjetoPack & Associados\"},\"image\":{\"@id\":\"https:\/\/projetopack.com.br\/#\/schema\/logo\/image\/\"},\"sameAs\":[\"https:\/\/x.com\/ProjetoPack\",\"https:\/\/www.linkedin.com\/company\/projetopack\/\"]},{\"@type\":\"Person\",\"@id\":\"https:\/\/projetopack.com.br\/#\/schema\/person\/d17c72a4bc2b7e461496dd8a14d4cef1\",\"name\":\"Andrea\",\"image\":{\"@type\":\"ImageObject\",\"inLanguage\":\"en-US\",\"@id\":\"https:\/\/projetopack.com.br\/#\/schema\/person\/image\/\",\"url\":\"https:\/\/projetopack.com.br\/wp-content\/uploads\/2026\/03\/eu-150x150.jpg\",\"contentUrl\":\"https:\/\/projetopack.com.br\/wp-content\/uploads\/2026\/03\/eu-150x150.jpg\",\"caption\":\"Andrea\"},\"url\":\"https:\/\/projetopack.com.br\/en\/author\/andrea\/\"}]}<\/script>\n<!-- \/ Yoast SEO Premium plugin. -->","yoast_head_json":{"title":"A Mimaki Europe far\u00e1 a apresenta\u00e7\u00e3o de uma linha de solu\u00e7\u00f5es t\u00eaxteis digitais avan\u00e7adas na feira comercial virtual Innovate Textile & Apparel - ProjetoPack","description":"A Mimaki Europe ir\u00e1 criar uma exposi\u00e7\u00e3o virtual das suas mais recentes solu\u00e7\u00f5es t\u00eaxteis na Feira comercial Innovate Textile & Apparel (15 a 30 de outubro de 2020) deste ano.","robots":{"index":"index","follow":"follow","max-snippet":"max-snippet:-1","max-image-preview":"max-image-preview:large","max-video-preview":"max-video-preview:-1"},"canonical":"https:\/\/projetopack.com.br\/en\/a-mimaki-europe-fara-a-apresentacao-de-uma-linha-de-solucoes-texteis-digitais-avancadas-na-feira-comercial-virtual-innovate-textile-apparel\/","og_locale":"en_US","og_type":"article","og_title":"A Mimaki Europe far\u00e1 a apresenta\u00e7\u00e3o de uma linha de solu\u00e7\u00f5es t\u00eaxteis digitais avan\u00e7adas na feira comercial virtual Innovate Textile & Apparel","og_description":"A Mimaki Europe ir\u00e1 criar uma exposi\u00e7\u00e3o virtual das suas mais recentes solu\u00e7\u00f5es t\u00eaxteis na Feira comercial Innovate Textile & Apparel (15 a 30 de outubro de 2020) deste ano.","og_url":"https:\/\/projetopack.com.br\/en\/a-mimaki-europe-fara-a-apresentacao-de-uma-linha-de-solucoes-texteis-digitais-avancadas-na-feira-comercial-virtual-innovate-textile-apparel\/","og_site_name":"ProjetoPack","article_published_time":"2020-10-07T19:40:36+00:00","article_modified_time":"2020-10-07T20:04:05+00:00","og_image":[{"width":248,"height":248,"url":"https:\/\/projetopack.com.br\/wp-content\/uploads\/2020\/10\/Mimaki-novo.png","type":"image\/png"}],"author":"Andrea","twitter_card":"summary_large_image","twitter_creator":"@ProjetoPack","twitter_site":"@ProjetoPack","twitter_misc":{"Written by":"Andrea","Est. reading time":"5 minutes"},"schema":{"@context":"https:\/\/schema.org","@graph":[{"@type":"Article","@id":"https:\/\/projetopack.com.br\/en\/a-mimaki-europe-fara-a-apresentacao-de-uma-linha-de-solucoes-texteis-digitais-avancadas-na-feira-comercial-virtual-innovate-textile-apparel\/#article","isPartOf":{"@id":"https:\/\/projetopack.com.br\/en\/a-mimaki-europe-fara-a-apresentacao-de-uma-linha-de-solucoes-texteis-digitais-avancadas-na-feira-comercial-virtual-innovate-textile-apparel\/"},"author":{"name":"Andrea","@id":"https:\/\/projetopack.com.br\/#\/schema\/person\/d17c72a4bc2b7e461496dd8a14d4cef1"},"headline":"A Mimaki Europe far\u00e1 a apresenta\u00e7\u00e3o de uma linha de solu\u00e7\u00f5es t\u00eaxteis digitais avan\u00e7adas na feira comercial virtual Innovate Textile &#038; Apparel","datePublished":"2020-10-07T19:40:36+00:00","dateModified":"2020-10-07T20:04:05+00:00","mainEntityOfPage":{"@id":"https:\/\/projetopack.com.br\/en\/a-mimaki-europe-fara-a-apresentacao-de-uma-linha-de-solucoes-texteis-digitais-avancadas-na-feira-comercial-virtual-innovate-textile-apparel\/"},"wordCount":1096,"commentCount":0,"publisher":{"@id":"https:\/\/projetopack.com.br\/#organization"},"image":{"@id":"https:\/\/projetopack.com.br\/en\/a-mimaki-europe-fara-a-apresentacao-de-uma-linha-de-solucoes-texteis-digitais-avancadas-na-feira-comercial-virtual-innovate-textile-apparel\/#primaryimage"},"thumbnailUrl":"https:\/\/projetopack.com.br\/wp-content\/uploads\/2020\/10\/Mimaki-novo.png","keywords":["Feira comercial Innovate Textile &amp; Apparel","mimaki"],"articleSection":["Lan\u00e7amentos"],"inLanguage":"en-US","potentialAction":[{"@type":"CommentAction","name":"Comment","target":["https:\/\/projetopack.com.br\/en\/a-mimaki-europe-fara-a-apresentacao-de-uma-linha-de-solucoes-texteis-digitais-avancadas-na-feira-comercial-virtual-innovate-textile-apparel\/#respond"]}]},{"@type":"WebPage","@id":"https:\/\/projetopack.com.br\/en\/a-mimaki-europe-fara-a-apresentacao-de-uma-linha-de-solucoes-texteis-digitais-avancadas-na-feira-comercial-virtual-innovate-textile-apparel\/","url":"https:\/\/projetopack.com.br\/en\/a-mimaki-europe-fara-a-apresentacao-de-uma-linha-de-solucoes-texteis-digitais-avancadas-na-feira-comercial-virtual-innovate-textile-apparel\/","name":"A Mimaki Europe far\u00e1 a apresenta\u00e7\u00e3o de uma linha de solu\u00e7\u00f5es t\u00eaxteis digitais avan\u00e7adas na feira comercial virtual Innovate Textile & Apparel - ProjetoPack","isPartOf":{"@id":"https:\/\/projetopack.com.br\/#website"},"primaryImageOfPage":{"@id":"https:\/\/projetopack.com.br\/en\/a-mimaki-europe-fara-a-apresentacao-de-uma-linha-de-solucoes-texteis-digitais-avancadas-na-feira-comercial-virtual-innovate-textile-apparel\/#primaryimage"},"image":{"@id":"https:\/\/projetopack.com.br\/en\/a-mimaki-europe-fara-a-apresentacao-de-uma-linha-de-solucoes-texteis-digitais-avancadas-na-feira-comercial-virtual-innovate-textile-apparel\/#primaryimage"},"thumbnailUrl":"https:\/\/projetopack.com.br\/wp-content\/uploads\/2020\/10\/Mimaki-novo.png","datePublished":"2020-10-07T19:40:36+00:00","dateModified":"2020-10-07T20:04:05+00:00","description":"A Mimaki Europe ir\u00e1 criar uma exposi\u00e7\u00e3o virtual das suas mais recentes solu\u00e7\u00f5es t\u00eaxteis na Feira comercial Innovate Textile & Apparel (15 a 30 de outubro de 2020) deste ano.","breadcrumb":{"@id":"https:\/\/projetopack.com.br\/en\/a-mimaki-europe-fara-a-apresentacao-de-uma-linha-de-solucoes-texteis-digitais-avancadas-na-feira-comercial-virtual-innovate-textile-apparel\/#breadcrumb"},"inLanguage":"en-US","potentialAction":[{"@type":"ReadAction","target":["https:\/\/projetopack.com.br\/en\/a-mimaki-europe-fara-a-apresentacao-de-uma-linha-de-solucoes-texteis-digitais-avancadas-na-feira-comercial-virtual-innovate-textile-apparel\/"]}]},{"@type":"ImageObject","inLanguage":"en-US","@id":"https:\/\/projetopack.com.br\/en\/a-mimaki-europe-fara-a-apresentacao-de-uma-linha-de-solucoes-texteis-digitais-avancadas-na-feira-comercial-virtual-innovate-textile-apparel\/#primaryimage","url":"https:\/\/projetopack.com.br\/wp-content\/uploads\/2020\/10\/Mimaki-novo.png","contentUrl":"https:\/\/projetopack.com.br\/wp-content\/uploads\/2020\/10\/Mimaki-novo.png","width":248,"height":248},{"@type":"BreadcrumbList","@id":"https:\/\/projetopack.com.br\/en\/a-mimaki-europe-fara-a-apresentacao-de-uma-linha-de-solucoes-texteis-digitais-avancadas-na-feira-comercial-virtual-innovate-textile-apparel\/#breadcrumb","itemListElement":[{"@type":"ListItem","position":1,"name":"P\u00e1gina Inicial","item":"https:\/\/projetopack.com.br\/"},{"@type":"ListItem","position":2,"name":"Lan\u00e7amentos","item":"https:\/\/projetopack.com.br\/category\/lancamentos\/"},{"@type":"ListItem","position":3,"name":"A Mimaki Europe far\u00e1 a apresenta\u00e7\u00e3o de uma linha de solu\u00e7\u00f5es t\u00eaxteis digitais avan\u00e7adas na feira comercial virtual Innovate Textile &#038; Apparel"}]},{"@type":"WebSite","@id":"https:\/\/projetopack.com.br\/#website","url":"https:\/\/projetopack.com.br\/","name":"ProjetoPack","description":"Consultoria e servi\u00e7os para embalagens, r\u00f3tulos, etiquetas e processos de impress\u00e3o","publisher":{"@id":"https:\/\/projetopack.com.br\/#organization"},"potentialAction":[{"@type":"SearchAction","target":{"@type":"EntryPoint","urlTemplate":"https:\/\/projetopack.com.br\/?s={search_term_string}"},"query-input":{"@type":"PropertyValueSpecification","valueRequired":true,"valueName":"search_term_string"}}],"inLanguage":"en-US"},{"@type":"Organization","@id":"https:\/\/projetopack.com.br\/#organization","name":"ProjetoPack & Associados","url":"https:\/\/projetopack.com.br\/","logo":{"@type":"ImageObject","inLanguage":"en-US","@id":"https:\/\/projetopack.com.br\/#\/schema\/logo\/image\/","url":"https:\/\/projetopack.com.br\/wp-content\/uploads\/2020\/09\/projetopack.png","contentUrl":"https:\/\/projetopack.com.br\/wp-content\/uploads\/2020\/09\/projetopack.png","width":200,"height":200,"caption":"ProjetoPack & Associados"},"image":{"@id":"https:\/\/projetopack.com.br\/#\/schema\/logo\/image\/"},"sameAs":["https:\/\/x.com\/ProjetoPack","https:\/\/www.linkedin.com\/company\/projetopack\/"]},{"@type":"Person","@id":"https:\/\/projetopack.com.br\/#\/schema\/person\/d17c72a4bc2b7e461496dd8a14d4cef1","name":"Andrea","image":{"@type":"ImageObject","inLanguage":"en-US","@id":"https:\/\/projetopack.com.br\/#\/schema\/person\/image\/","url":"https:\/\/projetopack.com.br\/wp-content\/uploads\/2026\/03\/eu-150x150.jpg","contentUrl":"https:\/\/projetopack.com.br\/wp-content\/uploads\/2026\/03\/eu-150x150.jpg","caption":"Andrea"},"url":"https:\/\/projetopack.com.br\/en\/author\/andrea\/"}]}},"_links":{"self":[{"href":"https:\/\/projetopack.com.br\/en\/wp-json\/wp\/v2\/posts\/7478","targetHints":{"allow":["GET"]}}],"collection":[{"href":"https:\/\/projetopack.com.br\/en\/wp-json\/wp\/v2\/posts"}],"about":[{"href":"https:\/\/projetopack.com.br\/en\/wp-json\/wp\/v2\/types\/post"}],"author":[{"embeddable":true,"href":"https:\/\/projetopack.com.br\/en\/wp-json\/wp\/v2\/users\/18"}],"replies":[{"embeddable":true,"href":"https:\/\/projetopack.com.br\/en\/wp-json\/wp\/v2\/comments?post=7478"}],"version-history":[{"count":0,"href":"https:\/\/projetopack.com.br\/en\/wp-json\/wp\/v2\/posts\/7478\/revisions"}],"wp:featuredmedia":[{"embeddable":true,"href":"https:\/\/projetopack.com.br\/en\/wp-json\/wp\/v2\/media\/7491"}],"wp:attachment":[{"href":"https:\/\/projetopack.com.br\/en\/wp-json\/wp\/v2\/media?parent=7478"}],"wp:term":[{"taxonomy":"category","embeddable":true,"href":"https:\/\/projetopack.com.br\/en\/wp-json\/wp\/v2\/categories?post=7478"},{"taxonomy":"post_tag","embeddable":true,"href":"https:\/\/projetopack.com.br\/en\/wp-json\/wp\/v2\/tags?post=7478"}],"curies":[{"name":"wp","href":"https:\/\/api.w.org\/{rel}","templated":true}]}}