{"id":7607,"date":"2020-10-21T12:02:18","date_gmt":"2020-10-21T15:02:18","guid":{"rendered":"https:\/\/www.projetopack.com.br\/?p=7607"},"modified":"2020-10-21T12:02:20","modified_gmt":"2020-10-21T15:02:20","slug":"primeiro-caso-de-coronavirus-vivo-detectado-em-embalagens-de-alimentos-congelados-na-china","status":"publish","type":"post","link":"https:\/\/projetopack.com.br\/en\/primeiro-caso-de-coronavirus-vivo-detectado-em-embalagens-de-alimentos-congelados-na-china\/","title":{"rendered":"Primeiro caso de coronav\u00edrus vivo detectado em embalagens de alimentos congelados na China"},"content":{"rendered":"<p>O&nbsp;<strong>Centro de Preven\u00e7\u00e3o e Controle de Doen\u00e7as Chin\u00eas<\/strong>&nbsp;(<a href=\"http:\/\/www.chinacdc.cn\/en\/\" target=\"_blank\" rel=\"noreferrer noopener\">CDC<\/a>) anunciou hoje ter detectado e isolado na amostra de uma embalagem externa de comida congelada importada; virologistas chineses acreditam que isso poderia ajudar a acelerar as pesquisas acerca da origem do v\u00edrus, possivelmente advindo de uma criatura aqu\u00e1tica.<\/p>\n\n\n\n<p>O CDC fez a descoberta enquanto rastreava um novo pequeno surto da doen\u00e7a ocorrido em&nbsp;<em>Qingdao<\/em>, na prov\u00edncia de&nbsp;<em>Shangdong<\/em>, leste da China.<\/p>\n\n\n\n<p>Esta foi a primeira vez que foi confirmado, sob condi\u00e7\u00f5es especiais de transporte na cadeia do frio e fora do ambiente laboratorial,&nbsp;<strong>que o coronav\u00edrus pode, de fato, sobreviver na embalagem por um longo tempo<\/strong>, sinalizando que o v\u00edrus pode transitar nos bens importados e exportados, a longas dist\u00e2ncias e cruzar as fronteiras mesmo que se obede\u00e7a as condi\u00e7\u00f5es de baixa temperatura para conserva\u00e7\u00e3o dos alimentos embalados.<\/p>\n\n\n\n<p>Previamente, cientistas haviam apenas detectado \u00e1cido nucl\u00e9ico viral em embalagens refrigeradas. O coronav\u00edrus \u00e9 muito mais contagioso do que o \u00e1cido nucl\u00e9ico viral, e a descoberta tamb\u00e9m prova que a cadeia do frio oferece condi\u00e7\u00f5es adequadas para que o v\u00edrus se propague, afirmou&nbsp;<em>Yang Zhanqiu<\/em>, vice-diretor do departamento de biologia de pat\u00f3genos da&nbsp;<em>Universidade de Wuhan<\/em>&nbsp;aos&nbsp;<a href=\"https:\/\/news.cgtn.com\/news\/2020-10-18\/Living-coronavirus-found-on-frozen-food-packaging-in-Qingdao-UGcTuY3NV6\/index.html\" target=\"_blank\" rel=\"noreferrer noopener\">jornais chineses<\/a>&nbsp;ontem.<\/p>\n\n\n\n<figure class=\"wp-block-image\"><img decoding=\"async\" src=\"https:\/\/media-exp1.licdn.com\/dms\/image\/C4E12AQHWIChLszNV2w\/article-inline_image-shrink_1000_1488\/0?e=1608768000&amp;v=beta&amp;t=pGx4O_5g6uOdWyfzKcrMmr2Rw8HUEupBYv_tAgxzsXo\" alt=\"N\u00e3o foi fornecido texto alternativo para esta imagem\"\/><\/figure>\n\n\n\n<p>Ele complementou dizendo que &#8220;trabalhadores dos supermercados que atuam na sess\u00e3o de congelados (frutos do mar) est\u00e3o correndo um s\u00e9rio risco&#8221;, sugerindo que a China preste maior aten\u00e7\u00e3o ao risco de importar v\u00edrus em comida congelada.<\/p>\n\n\n\n<blockquote class=\"wp-block-quote is-layout-flow wp-block-quote-is-layout-flow\"><p>O CDC tamb\u00e9m adverte que o risco de infec\u00e7\u00e3o de alimentar-se com comida congelada \u00e9 bem baixo, uma vez que a Covid-19 n\u00e3o \u00e9 uma pandemia de origem alimentar e nenhum caso de infec\u00e7\u00e3o com origem no ato de comer foi diagnosticado at\u00e9 o momento.<\/p><\/blockquote>\n\n\n\n<p>O virologista de Wuhan informa que a detec\u00e7\u00e3o do v\u00edrus vivo nas embalagens expostas \u00e0 cadeia do frio ajudar\u00e1 a acelerar as pesquisas sobre a habilidade do v\u00edrus em sobreviver nestas condi\u00e7\u00f5es, sua estrutura viral e, o mais importante, a sua origem.<\/p>\n\n\n\n<figure class=\"wp-block-image\"><a href=\"https:\/\/projetopack.com.br\/\" target=\"_blank\" rel=\"noreferrer noopener\"><img decoding=\"async\" src=\"https:\/\/media-exp1.licdn.com\/dms\/image\/C4E12AQHLwJL4BJ-WNA\/article-inline_image-shrink_1000_1488\/0?e=1608768000&amp;v=beta&amp;t=L-WsnDxJy9kEWZyhsFWl9dFI76E6V9FFOEc6-KOeeAw\" alt=\"N\u00e3o foi fornecido texto alternativo para esta imagem\"\/><\/a><\/figure>\n\n\n\n<p>Se o mapeamento da sequencia gen\u00e9tica do coronav\u00edrus vivo isolado em Qingdao for equivalente ao encontrado em seres humanos infectados, isso pode ajudar a confirmar a hip\u00f3tese de que o v\u00edrus n\u00e3o se origina de morcegos ou pangolins, como se pensava, mas de criaturas aqu\u00e1ticas, disse Yang.<\/p>\n\n\n\n<p><\/p>\n\n\n\n<p><\/p>\n\n\n\n<p><strong>Publicado por:<\/strong><\/p>\n\n\n\n<p class=\"has-background has-very-light-gray-background-color\"><img decoding=\"async\" width=\"50\" height=\"50\" class=\"wp-image-6323\" style=\"width: 50px;\" src=\"https:\/\/projetopack.com.br\/wp-content\/uploads\/2020\/06\/aislan.jpg\" alt=\"\"><a href=\"https:\/\/www.linkedin.com\/in\/aislanbaer\/\">Aislan Baer<\/a> Fundador e CEO da ProjetoPack &amp; Associados; Co-fundador da Inovagraf; Especialista em impress\u00e3o e embalagens.<\/p>","protected":false},"excerpt":{"rendered":"<p>O Centro de Preven\u00e7\u00e3o e Controle de Doen\u00e7as Chin\u00eas (CDC) anunciou hoje ter detectado e isolado na amostra de uma embalagem externa de comida congelada importada; <\/p>","protected":false},"author":18,"featured_media":7608,"comment_status":"open","ping_status":"closed","sticky":false,"template":"","format":"standard","meta":{"footnotes":""},"categories":[458],"tags":[537,536,320],"class_list":["post-7607","post","type-post","status-publish","format-standard","has-post-thumbnail","hentry","category-lancamentos","tag-china","tag-coronavirus-2","tag-embalagens"],"yoast_head":"<!-- This site is optimized with the Yoast SEO Premium plugin v27.1 (Yoast SEO v27.1.1) - https:\/\/yoast.com\/product\/yoast-seo-premium-wordpress\/ -->\n<title>Primeiro caso de coronav\u00edrus vivo detectado em embalagens de alimentos congelados na China - ProjetoPack<\/title>\n<meta name=\"description\" content=\"O Centro de Preven\u00e7\u00e3o e Controle de Doen\u00e7as Chin\u00eas (CDC) anunciou hoje ter detectado e isolado na amostra de uma embalagem externa de comida congelada importada.\" \/>\n<meta name=\"robots\" content=\"index, follow, max-snippet:-1, max-image-preview:large, max-video-preview:-1\" \/>\n<link rel=\"canonical\" href=\"https:\/\/projetopack.com.br\/en\/primeiro-caso-de-coronavirus-vivo-detectado-em-embalagens-de-alimentos-congelados-na-china\/\" \/>\n<meta property=\"og:locale\" content=\"en_US\" \/>\n<meta property=\"og:type\" content=\"article\" \/>\n<meta property=\"og:title\" content=\"Primeiro caso de coronav\u00edrus vivo detectado em embalagens de alimentos congelados na China\" \/>\n<meta property=\"og:description\" content=\"O Centro de Preven\u00e7\u00e3o e Controle de Doen\u00e7as Chin\u00eas (CDC) anunciou hoje ter detectado e isolado na amostra de uma embalagem externa de comida congelada importada.\" \/>\n<meta property=\"og:url\" content=\"https:\/\/projetopack.com.br\/en\/primeiro-caso-de-coronavirus-vivo-detectado-em-embalagens-de-alimentos-congelados-na-china\/\" \/>\n<meta property=\"og:site_name\" content=\"ProjetoPack\" \/>\n<meta property=\"article:published_time\" content=\"2020-10-21T15:02:18+00:00\" \/>\n<meta property=\"article:modified_time\" content=\"2020-10-21T15:02:20+00:00\" \/>\n<meta property=\"og:image\" content=\"https:\/\/projetopack.com.br\/wp-content\/uploads\/2020\/10\/coronav\u00edrus.jpg\" \/>\n\t<meta property=\"og:image:width\" content=\"800\" \/>\n\t<meta property=\"og:image:height\" content=\"480\" \/>\n\t<meta property=\"og:image:type\" content=\"image\/jpeg\" \/>\n<meta name=\"author\" content=\"Andrea\" \/>\n<meta name=\"twitter:card\" content=\"summary_large_image\" \/>\n<meta name=\"twitter:creator\" content=\"@ProjetoPack\" \/>\n<meta name=\"twitter:site\" content=\"@ProjetoPack\" \/>\n<meta name=\"twitter:label1\" content=\"Written by\" \/>\n\t<meta name=\"twitter:data1\" content=\"Andrea\" \/>\n\t<meta name=\"twitter:label2\" content=\"Est. reading time\" \/>\n\t<meta name=\"twitter:data2\" content=\"2 minutes\" \/>\n<script type=\"application\/ld+json\" class=\"yoast-schema-graph\">{\"@context\":\"https:\/\/schema.org\",\"@graph\":[{\"@type\":\"Article\",\"@id\":\"https:\/\/projetopack.com.br\/en\/primeiro-caso-de-coronavirus-vivo-detectado-em-embalagens-de-alimentos-congelados-na-china\/#article\",\"isPartOf\":{\"@id\":\"https:\/\/projetopack.com.br\/en\/primeiro-caso-de-coronavirus-vivo-detectado-em-embalagens-de-alimentos-congelados-na-china\/\"},\"author\":{\"name\":\"Andrea\",\"@id\":\"https:\/\/projetopack.com.br\/#\/schema\/person\/d17c72a4bc2b7e461496dd8a14d4cef1\"},\"headline\":\"Primeiro caso de coronav\u00edrus vivo detectado em embalagens de alimentos congelados na China\",\"datePublished\":\"2020-10-21T15:02:18+00:00\",\"dateModified\":\"2020-10-21T15:02:20+00:00\",\"mainEntityOfPage\":{\"@id\":\"https:\/\/projetopack.com.br\/en\/primeiro-caso-de-coronavirus-vivo-detectado-em-embalagens-de-alimentos-congelados-na-china\/\"},\"wordCount\":448,\"commentCount\":0,\"publisher\":{\"@id\":\"https:\/\/projetopack.com.br\/#organization\"},\"image\":{\"@id\":\"https:\/\/projetopack.com.br\/en\/primeiro-caso-de-coronavirus-vivo-detectado-em-embalagens-de-alimentos-congelados-na-china\/#primaryimage\"},\"thumbnailUrl\":\"https:\/\/projetopack.com.br\/wp-content\/uploads\/2020\/10\/coronavirus.jpg\",\"keywords\":[\"China\",\"coronav\u00edrus\",\"embalagens\"],\"articleSection\":[\"Lan\u00e7amentos\"],\"inLanguage\":\"en-US\",\"potentialAction\":[{\"@type\":\"CommentAction\",\"name\":\"Comment\",\"target\":[\"https:\/\/projetopack.com.br\/en\/primeiro-caso-de-coronavirus-vivo-detectado-em-embalagens-de-alimentos-congelados-na-china\/#respond\"]}]},{\"@type\":\"WebPage\",\"@id\":\"https:\/\/projetopack.com.br\/en\/primeiro-caso-de-coronavirus-vivo-detectado-em-embalagens-de-alimentos-congelados-na-china\/\",\"url\":\"https:\/\/projetopack.com.br\/en\/primeiro-caso-de-coronavirus-vivo-detectado-em-embalagens-de-alimentos-congelados-na-china\/\",\"name\":\"Primeiro caso de coronav\u00edrus vivo detectado em embalagens de alimentos congelados na China - ProjetoPack\",\"isPartOf\":{\"@id\":\"https:\/\/projetopack.com.br\/#website\"},\"primaryImageOfPage\":{\"@id\":\"https:\/\/projetopack.com.br\/en\/primeiro-caso-de-coronavirus-vivo-detectado-em-embalagens-de-alimentos-congelados-na-china\/#primaryimage\"},\"image\":{\"@id\":\"https:\/\/projetopack.com.br\/en\/primeiro-caso-de-coronavirus-vivo-detectado-em-embalagens-de-alimentos-congelados-na-china\/#primaryimage\"},\"thumbnailUrl\":\"https:\/\/projetopack.com.br\/wp-content\/uploads\/2020\/10\/coronavirus.jpg\",\"datePublished\":\"2020-10-21T15:02:18+00:00\",\"dateModified\":\"2020-10-21T15:02:20+00:00\",\"description\":\"O Centro de Preven\u00e7\u00e3o e Controle de Doen\u00e7as Chin\u00eas (CDC) anunciou hoje ter detectado e isolado na amostra de uma embalagem externa de comida congelada importada.\",\"breadcrumb\":{\"@id\":\"https:\/\/projetopack.com.br\/en\/primeiro-caso-de-coronavirus-vivo-detectado-em-embalagens-de-alimentos-congelados-na-china\/#breadcrumb\"},\"inLanguage\":\"en-US\",\"potentialAction\":[{\"@type\":\"ReadAction\",\"target\":[\"https:\/\/projetopack.com.br\/en\/primeiro-caso-de-coronavirus-vivo-detectado-em-embalagens-de-alimentos-congelados-na-china\/\"]}]},{\"@type\":\"ImageObject\",\"inLanguage\":\"en-US\",\"@id\":\"https:\/\/projetopack.com.br\/en\/primeiro-caso-de-coronavirus-vivo-detectado-em-embalagens-de-alimentos-congelados-na-china\/#primaryimage\",\"url\":\"https:\/\/projetopack.com.br\/wp-content\/uploads\/2020\/10\/coronavirus.jpg\",\"contentUrl\":\"https:\/\/projetopack.com.br\/wp-content\/uploads\/2020\/10\/coronavirus.jpg\"},{\"@type\":\"BreadcrumbList\",\"@id\":\"https:\/\/projetopack.com.br\/en\/primeiro-caso-de-coronavirus-vivo-detectado-em-embalagens-de-alimentos-congelados-na-china\/#breadcrumb\",\"itemListElement\":[{\"@type\":\"ListItem\",\"position\":1,\"name\":\"P\u00e1gina Inicial\",\"item\":\"https:\/\/projetopack.com.br\/\"},{\"@type\":\"ListItem\",\"position\":2,\"name\":\"Lan\u00e7amentos\",\"item\":\"https:\/\/projetopack.com.br\/category\/lancamentos\/\"},{\"@type\":\"ListItem\",\"position\":3,\"name\":\"Primeiro caso de coronav\u00edrus vivo detectado em embalagens de alimentos congelados na China\"}]},{\"@type\":\"WebSite\",\"@id\":\"https:\/\/projetopack.com.br\/#website\",\"url\":\"https:\/\/projetopack.com.br\/\",\"name\":\"ProjetoPack\",\"description\":\"Consultoria e servi\u00e7os para embalagens, r\u00f3tulos, etiquetas e processos de impress\u00e3o\",\"publisher\":{\"@id\":\"https:\/\/projetopack.com.br\/#organization\"},\"potentialAction\":[{\"@type\":\"SearchAction\",\"target\":{\"@type\":\"EntryPoint\",\"urlTemplate\":\"https:\/\/projetopack.com.br\/?s={search_term_string}\"},\"query-input\":{\"@type\":\"PropertyValueSpecification\",\"valueRequired\":true,\"valueName\":\"search_term_string\"}}],\"inLanguage\":\"en-US\"},{\"@type\":\"Organization\",\"@id\":\"https:\/\/projetopack.com.br\/#organization\",\"name\":\"ProjetoPack & Associados\",\"url\":\"https:\/\/projetopack.com.br\/\",\"logo\":{\"@type\":\"ImageObject\",\"inLanguage\":\"en-US\",\"@id\":\"https:\/\/projetopack.com.br\/#\/schema\/logo\/image\/\",\"url\":\"https:\/\/projetopack.com.br\/wp-content\/uploads\/2020\/09\/projetopack.png\",\"contentUrl\":\"https:\/\/projetopack.com.br\/wp-content\/uploads\/2020\/09\/projetopack.png\",\"width\":200,\"height\":200,\"caption\":\"ProjetoPack & Associados\"},\"image\":{\"@id\":\"https:\/\/projetopack.com.br\/#\/schema\/logo\/image\/\"},\"sameAs\":[\"https:\/\/x.com\/ProjetoPack\",\"https:\/\/www.linkedin.com\/company\/projetopack\/\"]},{\"@type\":\"Person\",\"@id\":\"https:\/\/projetopack.com.br\/#\/schema\/person\/d17c72a4bc2b7e461496dd8a14d4cef1\",\"name\":\"Andrea\",\"image\":{\"@type\":\"ImageObject\",\"inLanguage\":\"en-US\",\"@id\":\"https:\/\/projetopack.com.br\/#\/schema\/person\/image\/\",\"url\":\"https:\/\/projetopack.com.br\/wp-content\/uploads\/2026\/03\/eu-150x150.jpg\",\"contentUrl\":\"https:\/\/projetopack.com.br\/wp-content\/uploads\/2026\/03\/eu-150x150.jpg\",\"caption\":\"Andrea\"},\"url\":\"https:\/\/projetopack.com.br\/en\/author\/andrea\/\"}]}<\/script>\n<!-- \/ Yoast SEO Premium plugin. -->","yoast_head_json":{"title":"Primeiro caso de coronav\u00edrus vivo detectado em embalagens de alimentos congelados na China - ProjetoPack","description":"O Centro de Preven\u00e7\u00e3o e Controle de Doen\u00e7as Chin\u00eas (CDC) anunciou hoje ter detectado e isolado na amostra de uma embalagem externa de comida congelada importada.","robots":{"index":"index","follow":"follow","max-snippet":"max-snippet:-1","max-image-preview":"max-image-preview:large","max-video-preview":"max-video-preview:-1"},"canonical":"https:\/\/projetopack.com.br\/en\/primeiro-caso-de-coronavirus-vivo-detectado-em-embalagens-de-alimentos-congelados-na-china\/","og_locale":"en_US","og_type":"article","og_title":"Primeiro caso de coronav\u00edrus vivo detectado em embalagens de alimentos congelados na China","og_description":"O Centro de Preven\u00e7\u00e3o e Controle de Doen\u00e7as Chin\u00eas (CDC) anunciou hoje ter detectado e isolado na amostra de uma embalagem externa de comida congelada importada.","og_url":"https:\/\/projetopack.com.br\/en\/primeiro-caso-de-coronavirus-vivo-detectado-em-embalagens-de-alimentos-congelados-na-china\/","og_site_name":"ProjetoPack","article_published_time":"2020-10-21T15:02:18+00:00","article_modified_time":"2020-10-21T15:02:20+00:00","og_image":[{"width":800,"height":480,"url":"https:\/\/projetopack.com.br\/wp-content\/uploads\/2020\/10\/coronav\u00edrus.jpg","type":"image\/jpeg"}],"author":"Andrea","twitter_card":"summary_large_image","twitter_creator":"@ProjetoPack","twitter_site":"@ProjetoPack","twitter_misc":{"Written by":"Andrea","Est. reading time":"2 minutes"},"schema":{"@context":"https:\/\/schema.org","@graph":[{"@type":"Article","@id":"https:\/\/projetopack.com.br\/en\/primeiro-caso-de-coronavirus-vivo-detectado-em-embalagens-de-alimentos-congelados-na-china\/#article","isPartOf":{"@id":"https:\/\/projetopack.com.br\/en\/primeiro-caso-de-coronavirus-vivo-detectado-em-embalagens-de-alimentos-congelados-na-china\/"},"author":{"name":"Andrea","@id":"https:\/\/projetopack.com.br\/#\/schema\/person\/d17c72a4bc2b7e461496dd8a14d4cef1"},"headline":"Primeiro caso de coronav\u00edrus vivo detectado em embalagens de alimentos congelados na China","datePublished":"2020-10-21T15:02:18+00:00","dateModified":"2020-10-21T15:02:20+00:00","mainEntityOfPage":{"@id":"https:\/\/projetopack.com.br\/en\/primeiro-caso-de-coronavirus-vivo-detectado-em-embalagens-de-alimentos-congelados-na-china\/"},"wordCount":448,"commentCount":0,"publisher":{"@id":"https:\/\/projetopack.com.br\/#organization"},"image":{"@id":"https:\/\/projetopack.com.br\/en\/primeiro-caso-de-coronavirus-vivo-detectado-em-embalagens-de-alimentos-congelados-na-china\/#primaryimage"},"thumbnailUrl":"https:\/\/projetopack.com.br\/wp-content\/uploads\/2020\/10\/coronavirus.jpg","keywords":["China","coronav\u00edrus","embalagens"],"articleSection":["Lan\u00e7amentos"],"inLanguage":"en-US","potentialAction":[{"@type":"CommentAction","name":"Comment","target":["https:\/\/projetopack.com.br\/en\/primeiro-caso-de-coronavirus-vivo-detectado-em-embalagens-de-alimentos-congelados-na-china\/#respond"]}]},{"@type":"WebPage","@id":"https:\/\/projetopack.com.br\/en\/primeiro-caso-de-coronavirus-vivo-detectado-em-embalagens-de-alimentos-congelados-na-china\/","url":"https:\/\/projetopack.com.br\/en\/primeiro-caso-de-coronavirus-vivo-detectado-em-embalagens-de-alimentos-congelados-na-china\/","name":"Primeiro caso de coronav\u00edrus vivo detectado em embalagens de alimentos congelados na China - ProjetoPack","isPartOf":{"@id":"https:\/\/projetopack.com.br\/#website"},"primaryImageOfPage":{"@id":"https:\/\/projetopack.com.br\/en\/primeiro-caso-de-coronavirus-vivo-detectado-em-embalagens-de-alimentos-congelados-na-china\/#primaryimage"},"image":{"@id":"https:\/\/projetopack.com.br\/en\/primeiro-caso-de-coronavirus-vivo-detectado-em-embalagens-de-alimentos-congelados-na-china\/#primaryimage"},"thumbnailUrl":"https:\/\/projetopack.com.br\/wp-content\/uploads\/2020\/10\/coronavirus.jpg","datePublished":"2020-10-21T15:02:18+00:00","dateModified":"2020-10-21T15:02:20+00:00","description":"O Centro de Preven\u00e7\u00e3o e Controle de Doen\u00e7as Chin\u00eas (CDC) anunciou hoje ter detectado e isolado na amostra de uma embalagem externa de comida congelada importada.","breadcrumb":{"@id":"https:\/\/projetopack.com.br\/en\/primeiro-caso-de-coronavirus-vivo-detectado-em-embalagens-de-alimentos-congelados-na-china\/#breadcrumb"},"inLanguage":"en-US","potentialAction":[{"@type":"ReadAction","target":["https:\/\/projetopack.com.br\/en\/primeiro-caso-de-coronavirus-vivo-detectado-em-embalagens-de-alimentos-congelados-na-china\/"]}]},{"@type":"ImageObject","inLanguage":"en-US","@id":"https:\/\/projetopack.com.br\/en\/primeiro-caso-de-coronavirus-vivo-detectado-em-embalagens-de-alimentos-congelados-na-china\/#primaryimage","url":"https:\/\/projetopack.com.br\/wp-content\/uploads\/2020\/10\/coronavirus.jpg","contentUrl":"https:\/\/projetopack.com.br\/wp-content\/uploads\/2020\/10\/coronavirus.jpg"},{"@type":"BreadcrumbList","@id":"https:\/\/projetopack.com.br\/en\/primeiro-caso-de-coronavirus-vivo-detectado-em-embalagens-de-alimentos-congelados-na-china\/#breadcrumb","itemListElement":[{"@type":"ListItem","position":1,"name":"P\u00e1gina Inicial","item":"https:\/\/projetopack.com.br\/"},{"@type":"ListItem","position":2,"name":"Lan\u00e7amentos","item":"https:\/\/projetopack.com.br\/category\/lancamentos\/"},{"@type":"ListItem","position":3,"name":"Primeiro caso de coronav\u00edrus vivo detectado em embalagens de alimentos congelados na China"}]},{"@type":"WebSite","@id":"https:\/\/projetopack.com.br\/#website","url":"https:\/\/projetopack.com.br\/","name":"ProjetoPack","description":"Consultoria e servi\u00e7os para embalagens, r\u00f3tulos, etiquetas e processos de impress\u00e3o","publisher":{"@id":"https:\/\/projetopack.com.br\/#organization"},"potentialAction":[{"@type":"SearchAction","target":{"@type":"EntryPoint","urlTemplate":"https:\/\/projetopack.com.br\/?s={search_term_string}"},"query-input":{"@type":"PropertyValueSpecification","valueRequired":true,"valueName":"search_term_string"}}],"inLanguage":"en-US"},{"@type":"Organization","@id":"https:\/\/projetopack.com.br\/#organization","name":"ProjetoPack & Associados","url":"https:\/\/projetopack.com.br\/","logo":{"@type":"ImageObject","inLanguage":"en-US","@id":"https:\/\/projetopack.com.br\/#\/schema\/logo\/image\/","url":"https:\/\/projetopack.com.br\/wp-content\/uploads\/2020\/09\/projetopack.png","contentUrl":"https:\/\/projetopack.com.br\/wp-content\/uploads\/2020\/09\/projetopack.png","width":200,"height":200,"caption":"ProjetoPack & Associados"},"image":{"@id":"https:\/\/projetopack.com.br\/#\/schema\/logo\/image\/"},"sameAs":["https:\/\/x.com\/ProjetoPack","https:\/\/www.linkedin.com\/company\/projetopack\/"]},{"@type":"Person","@id":"https:\/\/projetopack.com.br\/#\/schema\/person\/d17c72a4bc2b7e461496dd8a14d4cef1","name":"Andrea","image":{"@type":"ImageObject","inLanguage":"en-US","@id":"https:\/\/projetopack.com.br\/#\/schema\/person\/image\/","url":"https:\/\/projetopack.com.br\/wp-content\/uploads\/2026\/03\/eu-150x150.jpg","contentUrl":"https:\/\/projetopack.com.br\/wp-content\/uploads\/2026\/03\/eu-150x150.jpg","caption":"Andrea"},"url":"https:\/\/projetopack.com.br\/en\/author\/andrea\/"}]}},"_links":{"self":[{"href":"https:\/\/projetopack.com.br\/en\/wp-json\/wp\/v2\/posts\/7607","targetHints":{"allow":["GET"]}}],"collection":[{"href":"https:\/\/projetopack.com.br\/en\/wp-json\/wp\/v2\/posts"}],"about":[{"href":"https:\/\/projetopack.com.br\/en\/wp-json\/wp\/v2\/types\/post"}],"author":[{"embeddable":true,"href":"https:\/\/projetopack.com.br\/en\/wp-json\/wp\/v2\/users\/18"}],"replies":[{"embeddable":true,"href":"https:\/\/projetopack.com.br\/en\/wp-json\/wp\/v2\/comments?post=7607"}],"version-history":[{"count":0,"href":"https:\/\/projetopack.com.br\/en\/wp-json\/wp\/v2\/posts\/7607\/revisions"}],"wp:featuredmedia":[{"embeddable":true,"href":"https:\/\/projetopack.com.br\/en\/wp-json\/wp\/v2\/media\/7608"}],"wp:attachment":[{"href":"https:\/\/projetopack.com.br\/en\/wp-json\/wp\/v2\/media?parent=7607"}],"wp:term":[{"taxonomy":"category","embeddable":true,"href":"https:\/\/projetopack.com.br\/en\/wp-json\/wp\/v2\/categories?post=7607"},{"taxonomy":"post_tag","embeddable":true,"href":"https:\/\/projetopack.com.br\/en\/wp-json\/wp\/v2\/tags?post=7607"}],"curies":[{"name":"wp","href":"https:\/\/api.w.org\/{rel}","templated":true}]}}