{"id":7649,"date":"2020-10-26T15:48:18","date_gmt":"2020-10-26T18:48:18","guid":{"rendered":"https:\/\/www.projetopack.com.br\/?p=7649"},"modified":"2021-03-29T12:22:02","modified_gmt":"2021-03-29T15:22:02","slug":"o-que-aprendemos-na-quinta-entrevista-do-programa-packcast-com-a-landa","status":"publish","type":"post","link":"https:\/\/projetopack.com.br\/en\/o-que-aprendemos-na-quinta-entrevista-do-programa-packcast-com-a-landa\/","title":{"rendered":"O que aprendemos na quinta entrevista do programa PackCast com a Landa?"},"content":{"rendered":"<p>Esta semana, seguimos com mais uma entrevista do nosso podcast. E, mantendo o protocolo, aproveitamos o v\u00eddeo para o formato webcast em nosso canal do YouTube (convidamos a todos para se inscreverem em ambos, links no fim da postagem.<\/p>\n\n\n\n<p>Foi a segunda entrevista com um fabricante de m\u00e1quinas impressoras digitais para banda larga (embalagens flex\u00edveis, papel\u00e3o ondulado e cart\u00e3o) e impressos comerciais &#8211; a israelense&nbsp;<a href=\"https:\/\/www.landalabs.com\/\" target=\"_blank\" rel=\"noreferrer noopener\">Landa Digital Printing<\/a>, fundada pelo empreendedor e vision\u00e1rio&nbsp;<em>Benny Landa<\/em>, inventor da Eletrofotografia l\u00edquida (a Indigo, vendida em meados de 2001 para a HP) &#8211; na pessoa de seu representante para a Am\u00e9rica Latina,&nbsp;<strong>Heberto Pach\u00f3n<\/strong>.<\/p>\n\n\n\n<iframe title=\"PackLive com a Landa\" width=\"800\" height=\"450\" src=\"https:\/\/www.youtube.com\/embed\/okrcDkP4F1s?feature=oembed\" frameborder=\"0\" allow=\"accelerometer; autoplay; clipboard-write; encrypted-media; gyroscope; picture-in-picture\" allowfullscreen><\/iframe>\n\n\n\n<p><em>Desde o seu d\u00e9but na Drupa de 2012, a Landa tem trabalhado ostensivamente para entregar o que prometeu: um sistema de impress\u00e3o novo, base \u00e1gua, com velocidade de 200 m\/min e com o custo de m\u00b2 mais barato dentre todos os sistemas digitais.<\/em><\/p>\n\n\n\n<p>Durante um per\u00edodo importante, a empresa foi financiada com o capital pr\u00f3prio do Sr, Landa, at\u00e9 que passou a receber aportes de um fundo alem\u00e3o &#8211; que hoje det\u00e9m mais de 40% das a\u00e7\u00f5es da companhia e pertence \u00e0 dona da Altana, Susanne Klatten. Desde ent\u00e3o, quase 15 impressoras nanogr\u00e1ficas foram comercializadas em todo o mundo, mas a m\u00e1quina para filmes flex\u00edveis ainda n\u00e3o \u00e9 algo vend\u00e1vel.<\/p>\n\n\n\n<p>Em um bate-papo animado, Heberto dividiu conosco algumas perspectivas da Landa para o pr\u00f3ximo bi\u00eanio, algumas caracter\u00edsticas t\u00e9cnicas do sistema e a sua vis\u00e3o pessoal sobre o neg\u00f3cio de impress\u00e3o digital nos anos vindouros.<\/p>\n\n\n\n<p>Com Heberto e a Landa, aprendemos que:<\/p>\n\n\n\n<ul class=\"wp-block-list\"><li>Um dos maiores vetores de custo da impress\u00e3o digital \u00e9 a tinta. A nanografia se prop\u00f5e a reduzir este custo com tecnologia: a deposi\u00e7\u00e3o da pel\u00edcula filmog\u00eanica da tinta sobre uma esteira, onde ocorre uma pr\u00e9-secagem e o transporte desta para o substrato. Essa &#8220;lamina\u00e7\u00e3o&#8221; da tinta quase seca ao substrato e os benef\u00edcios colorim\u00e9tricos dos nano pigmentos permitem resultados superiores com uma camada \u00ednfima de tinta;<\/li><li>Mesmo a despeito da promessa de se imprimir tudo sem primer, a Landa ainda esbarra no desenvolvimento dos filmes flex\u00edveis. Evidentemente, alguns tem printabilidade que permite a impress\u00e3o sem primer, enquanto outros ainda n\u00e3o dispensam a ajuda qu\u00edmica para promover ou aumentar a compatibilidade entre as superf\u00edcies;<\/li><li>Ainda \u00e9 muito cedo para se falar de benchmark dos clientes da plataforma Landa. A primeira m\u00e1quina da Am\u00e9rica Latina foi instalada em meio \u00e0 pandemia, na cartongem Gondi, do M\u00e9xico. H\u00e1 conversas avan\u00e7adas com gr\u00e1ficas no Brasil e a Landa espera realizar uma primeira venda at\u00e9 2022;<\/li><li>Os aspectos t\u00e9cnicos da nanografia, depois da nossa conversa com Heberto, nos deu a impress\u00e3o de que o sistema deve ocupar uma fatia mais expressiva da impress\u00e3o offset do que dos demais sistemas digitais. O tempo dir\u00e1;<\/li><li>O ponto mais relevante da entrevista foi a experi\u00eancia de Heberto ao ser questionado sobre as frustra\u00e7\u00f5es comuns de alguns novos entrantes do digital para expectativa x realidade. Ele comenta que a venda de impressoras digitais assertiva precisa necessariamente come\u00e7ar de tr\u00e1s para frente, explanando aos potenciais clientes &#8220;o que a m\u00e1quina n\u00e3o \u00e9 capaz de fazer&#8221;. Honestamente, esta nos parece ser uma dica valiosa;<\/li><li>Continua \u00e1rdua a tarefa de entender mais minuciosamente o ROI do digital. Mas n\u00fameros mais cr\u00edveis passam a ser mencionados a partir desta entrevista (3 a 4 anos). Talvez o n\u00famero seja em parte a precau\u00e7\u00e3o e comedimento de quem est\u00e1 come\u00e7ando a vender m\u00e1quinas no mercado, ou a pr\u00f3pria natureza da nanografia, mais convergente em produzir impressos convencionais em tiragens intermedi\u00e1rias, mais pr\u00f3ximas \u00e0 offset. \u00c9 outra inc\u00f3gnita que, no caso espec\u00edfico da Landa, temos de esperar.<\/li><\/ul>\n\n\n\n<p>O modelo de neg\u00f3cios tamb\u00e9m est\u00e1 sendo constru\u00eddo, mas parece que a prefer\u00eancia \u00e9 por uma conex\u00e3o direta entre o cliente e a Landa, com um refor\u00e7o local em cada pa\u00eds ou regi\u00e3o para o provimento de servi\u00e7os de manuten\u00e7\u00e3o e p\u00f3s-venda. T\u00e3o cedo n\u00e3o veremos uma m\u00e1quina nanogr\u00e1fica imprimindo embalagens flex\u00edveis por aqui.<\/p>\n\n\n\n<p>Se voc\u00ea prefere ouvir a entrevista, corre l\u00e1 e j\u00e1 se inscreve no podcast&nbsp;<strong>PackCast<\/strong>&nbsp;no link:<\/p>\n\n\n\n<iframe class=\"wp-embedded-content\" sandbox=\"allow-scripts\" security=\"restricted\" title=\"PackCast\" src=\"https:\/\/anchor.fm\/pack-cast\/embed#?secret=I7pRiRSODD\" data-secret=\"I7pRiRSODD\" height=\"102px\" width=\"400px\" frameborder=\"0\" scrolling=\"no\"><\/iframe>\n\n\n\n<hr class=\"wp-block-separator\"\/>\n\n\n\n<p><strong>Publicado por:<\/strong><\/p>\n\n\n\n<p class=\"has-very-light-gray-background-color has-background\"><img decoding=\"async\" width=\"50\" height=\"50\" class=\"wp-image-6323\" style=\"width: 50px;\" src=\"https:\/\/projetopack.com.br\/wp-content\/uploads\/2020\/06\/aislan.jpg\" alt=\"\"><a href=\"https:\/\/www.linkedin.com\/in\/aislanbaer\/\">Aislan Baer<\/a> Fundador e CEO da ProjetoPack &amp; Associados; Co-fundador da Inovagraf; Especialista em impress\u00e3o e embalagens<\/p>","protected":false},"excerpt":{"rendered":"<p>Foi a segunda entrevista com um fabricante de m\u00e1quinas impressoras digitais para banda larga (embalagens flex\u00edveis, papel\u00e3o ondulado e cart\u00e3o) e impressos comerciais &#8211; a israelense Landa Digital Printing<\/p>","protected":false},"author":18,"featured_media":7666,"comment_status":"open","ping_status":"closed","sticky":false,"template":"","format":"standard","meta":{"footnotes":""},"categories":[632],"tags":[540,712,129,710,539,708,511],"class_list":["post-7649","post","type-post","status-publish","format-standard","has-post-thumbnail","hentry","category-entrevistas","tag-benny-landa","tag-imidia","tag-impressao-digital","tag-landa","tag-landa-digital-printing","tag-nanography","tag-packlive"],"yoast_head":"<!-- This site is optimized with the Yoast SEO Premium plugin v27.1 (Yoast SEO v27.1.1) - https:\/\/yoast.com\/product\/yoast-seo-premium-wordpress\/ -->\n<title>O que aprendemos na quinta entrevista do programa PackCast com a Landa? - ProjetoPack<\/title>\n<meta name=\"description\" content=\"Foi a segunda entrevista com um fabricante de m\u00e1quinas impressoras digitais para banda larga (embalagens flex\u00edveis, papel\u00e3o ondulado e cart\u00e3o) e impressos comerciais - a israelense Landa Digital Printing\" \/>\n<meta name=\"robots\" content=\"index, follow, max-snippet:-1, max-image-preview:large, max-video-preview:-1\" \/>\n<link rel=\"canonical\" href=\"https:\/\/projetopack.com.br\/en\/o-que-aprendemos-na-quinta-entrevista-do-programa-packcast-com-a-landa\/\" \/>\n<meta property=\"og:locale\" content=\"en_US\" \/>\n<meta property=\"og:type\" content=\"article\" \/>\n<meta property=\"og:title\" content=\"O que aprendemos na quinta entrevista do programa PackCast com a Landa?\" \/>\n<meta property=\"og:description\" content=\"Foi a segunda entrevista com um fabricante de m\u00e1quinas impressoras digitais para banda larga (embalagens flex\u00edveis, papel\u00e3o ondulado e cart\u00e3o) e impressos comerciais - a israelense Landa Digital Printing\" \/>\n<meta property=\"og:url\" content=\"https:\/\/projetopack.com.br\/en\/o-que-aprendemos-na-quinta-entrevista-do-programa-packcast-com-a-landa\/\" \/>\n<meta property=\"og:site_name\" content=\"ProjetoPack\" \/>\n<meta property=\"article:published_time\" content=\"2020-10-26T18:48:18+00:00\" \/>\n<meta property=\"article:modified_time\" content=\"2021-03-29T15:22:02+00:00\" \/>\n<meta property=\"og:image\" content=\"https:\/\/projetopack.com.br\/wp-content\/uploads\/2020\/10\/Capa-Podcast-05.png\" \/>\n\t<meta property=\"og:image:width\" content=\"1080\" \/>\n\t<meta property=\"og:image:height\" content=\"1080\" \/>\n\t<meta property=\"og:image:type\" content=\"image\/png\" \/>\n<meta name=\"author\" content=\"Andrea\" \/>\n<meta name=\"twitter:card\" content=\"summary_large_image\" \/>\n<meta name=\"twitter:creator\" content=\"@ProjetoPack\" \/>\n<meta name=\"twitter:site\" content=\"@ProjetoPack\" \/>\n<meta name=\"twitter:label1\" content=\"Written by\" \/>\n\t<meta name=\"twitter:data1\" content=\"Andrea\" \/>\n\t<meta name=\"twitter:label2\" content=\"Est. reading time\" \/>\n\t<meta name=\"twitter:data2\" content=\"4 minutes\" \/>\n<script type=\"application\/ld+json\" class=\"yoast-schema-graph\">{\"@context\":\"https:\/\/schema.org\",\"@graph\":[{\"@type\":\"Article\",\"@id\":\"https:\/\/projetopack.com.br\/en\/o-que-aprendemos-na-quinta-entrevista-do-programa-packcast-com-a-landa\/#article\",\"isPartOf\":{\"@id\":\"https:\/\/projetopack.com.br\/en\/o-que-aprendemos-na-quinta-entrevista-do-programa-packcast-com-a-landa\/\"},\"author\":{\"name\":\"Andrea\",\"@id\":\"https:\/\/projetopack.com.br\/#\/schema\/person\/d17c72a4bc2b7e461496dd8a14d4cef1\"},\"headline\":\"O que aprendemos na quinta entrevista do programa PackCast com a Landa?\",\"datePublished\":\"2020-10-26T18:48:18+00:00\",\"dateModified\":\"2021-03-29T15:22:02+00:00\",\"mainEntityOfPage\":{\"@id\":\"https:\/\/projetopack.com.br\/en\/o-que-aprendemos-na-quinta-entrevista-do-programa-packcast-com-a-landa\/\"},\"wordCount\":780,\"commentCount\":0,\"publisher\":{\"@id\":\"https:\/\/projetopack.com.br\/#organization\"},\"image\":{\"@id\":\"https:\/\/projetopack.com.br\/en\/o-que-aprendemos-na-quinta-entrevista-do-programa-packcast-com-a-landa\/#primaryimage\"},\"thumbnailUrl\":\"https:\/\/projetopack.com.br\/wp-content\/uploads\/2020\/10\/Capa-Podcast-05.png\",\"keywords\":[\"Benny Landa\",\"imidia\",\"impress\u00e3o digital\",\"landa\",\"Landa Digital Printing\",\"nanography\",\"packlive\"],\"articleSection\":[\"Entrevistas\"],\"inLanguage\":\"en-US\",\"potentialAction\":[{\"@type\":\"CommentAction\",\"name\":\"Comment\",\"target\":[\"https:\/\/projetopack.com.br\/en\/o-que-aprendemos-na-quinta-entrevista-do-programa-packcast-com-a-landa\/#respond\"]}]},{\"@type\":\"WebPage\",\"@id\":\"https:\/\/projetopack.com.br\/en\/o-que-aprendemos-na-quinta-entrevista-do-programa-packcast-com-a-landa\/\",\"url\":\"https:\/\/projetopack.com.br\/en\/o-que-aprendemos-na-quinta-entrevista-do-programa-packcast-com-a-landa\/\",\"name\":\"O que aprendemos na quinta entrevista do programa PackCast com a Landa? - ProjetoPack\",\"isPartOf\":{\"@id\":\"https:\/\/projetopack.com.br\/#website\"},\"primaryImageOfPage\":{\"@id\":\"https:\/\/projetopack.com.br\/en\/o-que-aprendemos-na-quinta-entrevista-do-programa-packcast-com-a-landa\/#primaryimage\"},\"image\":{\"@id\":\"https:\/\/projetopack.com.br\/en\/o-que-aprendemos-na-quinta-entrevista-do-programa-packcast-com-a-landa\/#primaryimage\"},\"thumbnailUrl\":\"https:\/\/projetopack.com.br\/wp-content\/uploads\/2020\/10\/Capa-Podcast-05.png\",\"datePublished\":\"2020-10-26T18:48:18+00:00\",\"dateModified\":\"2021-03-29T15:22:02+00:00\",\"description\":\"Foi a segunda entrevista com um fabricante de m\u00e1quinas impressoras digitais para banda larga (embalagens flex\u00edveis, papel\u00e3o ondulado e cart\u00e3o) e impressos comerciais - a israelense Landa Digital Printing\",\"breadcrumb\":{\"@id\":\"https:\/\/projetopack.com.br\/en\/o-que-aprendemos-na-quinta-entrevista-do-programa-packcast-com-a-landa\/#breadcrumb\"},\"inLanguage\":\"en-US\",\"potentialAction\":[{\"@type\":\"ReadAction\",\"target\":[\"https:\/\/projetopack.com.br\/en\/o-que-aprendemos-na-quinta-entrevista-do-programa-packcast-com-a-landa\/\"]}]},{\"@type\":\"ImageObject\",\"inLanguage\":\"en-US\",\"@id\":\"https:\/\/projetopack.com.br\/en\/o-que-aprendemos-na-quinta-entrevista-do-programa-packcast-com-a-landa\/#primaryimage\",\"url\":\"https:\/\/projetopack.com.br\/wp-content\/uploads\/2020\/10\/Capa-Podcast-05.png\",\"contentUrl\":\"https:\/\/projetopack.com.br\/wp-content\/uploads\/2020\/10\/Capa-Podcast-05.png\",\"width\":1080,\"height\":1080},{\"@type\":\"BreadcrumbList\",\"@id\":\"https:\/\/projetopack.com.br\/en\/o-que-aprendemos-na-quinta-entrevista-do-programa-packcast-com-a-landa\/#breadcrumb\",\"itemListElement\":[{\"@type\":\"ListItem\",\"position\":1,\"name\":\"P\u00e1gina Inicial\",\"item\":\"https:\/\/projetopack.com.br\/\"},{\"@type\":\"ListItem\",\"position\":2,\"name\":\"Entrevistas\",\"item\":\"https:\/\/projetopack.com.br\/category\/entrevistas\/\"},{\"@type\":\"ListItem\",\"position\":3,\"name\":\"O que aprendemos na quinta entrevista do programa PackCast com a Landa?\"}]},{\"@type\":\"WebSite\",\"@id\":\"https:\/\/projetopack.com.br\/#website\",\"url\":\"https:\/\/projetopack.com.br\/\",\"name\":\"ProjetoPack\",\"description\":\"Consultoria e servi\u00e7os para embalagens, r\u00f3tulos, etiquetas e processos de impress\u00e3o\",\"publisher\":{\"@id\":\"https:\/\/projetopack.com.br\/#organization\"},\"potentialAction\":[{\"@type\":\"SearchAction\",\"target\":{\"@type\":\"EntryPoint\",\"urlTemplate\":\"https:\/\/projetopack.com.br\/?s={search_term_string}\"},\"query-input\":{\"@type\":\"PropertyValueSpecification\",\"valueRequired\":true,\"valueName\":\"search_term_string\"}}],\"inLanguage\":\"en-US\"},{\"@type\":\"Organization\",\"@id\":\"https:\/\/projetopack.com.br\/#organization\",\"name\":\"ProjetoPack & Associados\",\"url\":\"https:\/\/projetopack.com.br\/\",\"logo\":{\"@type\":\"ImageObject\",\"inLanguage\":\"en-US\",\"@id\":\"https:\/\/projetopack.com.br\/#\/schema\/logo\/image\/\",\"url\":\"https:\/\/projetopack.com.br\/wp-content\/uploads\/2020\/09\/projetopack.png\",\"contentUrl\":\"https:\/\/projetopack.com.br\/wp-content\/uploads\/2020\/09\/projetopack.png\",\"width\":200,\"height\":200,\"caption\":\"ProjetoPack & Associados\"},\"image\":{\"@id\":\"https:\/\/projetopack.com.br\/#\/schema\/logo\/image\/\"},\"sameAs\":[\"https:\/\/x.com\/ProjetoPack\",\"https:\/\/www.linkedin.com\/company\/projetopack\/\"]},{\"@type\":\"Person\",\"@id\":\"https:\/\/projetopack.com.br\/#\/schema\/person\/d17c72a4bc2b7e461496dd8a14d4cef1\",\"name\":\"Andrea\",\"image\":{\"@type\":\"ImageObject\",\"inLanguage\":\"en-US\",\"@id\":\"https:\/\/projetopack.com.br\/#\/schema\/person\/image\/\",\"url\":\"https:\/\/projetopack.com.br\/wp-content\/uploads\/2026\/03\/eu-150x150.jpg\",\"contentUrl\":\"https:\/\/projetopack.com.br\/wp-content\/uploads\/2026\/03\/eu-150x150.jpg\",\"caption\":\"Andrea\"},\"url\":\"https:\/\/projetopack.com.br\/en\/author\/andrea\/\"}]}<\/script>\n<!-- \/ Yoast SEO Premium plugin. -->","yoast_head_json":{"title":"O que aprendemos na quinta entrevista do programa PackCast com a Landa? - ProjetoPack","description":"Foi a segunda entrevista com um fabricante de m\u00e1quinas impressoras digitais para banda larga (embalagens flex\u00edveis, papel\u00e3o ondulado e cart\u00e3o) e impressos comerciais - a israelense Landa Digital Printing","robots":{"index":"index","follow":"follow","max-snippet":"max-snippet:-1","max-image-preview":"max-image-preview:large","max-video-preview":"max-video-preview:-1"},"canonical":"https:\/\/projetopack.com.br\/en\/o-que-aprendemos-na-quinta-entrevista-do-programa-packcast-com-a-landa\/","og_locale":"en_US","og_type":"article","og_title":"O que aprendemos na quinta entrevista do programa PackCast com a Landa?","og_description":"Foi a segunda entrevista com um fabricante de m\u00e1quinas impressoras digitais para banda larga (embalagens flex\u00edveis, papel\u00e3o ondulado e cart\u00e3o) e impressos comerciais - a israelense Landa Digital Printing","og_url":"https:\/\/projetopack.com.br\/en\/o-que-aprendemos-na-quinta-entrevista-do-programa-packcast-com-a-landa\/","og_site_name":"ProjetoPack","article_published_time":"2020-10-26T18:48:18+00:00","article_modified_time":"2021-03-29T15:22:02+00:00","og_image":[{"width":1080,"height":1080,"url":"https:\/\/projetopack.com.br\/wp-content\/uploads\/2020\/10\/Capa-Podcast-05.png","type":"image\/png"}],"author":"Andrea","twitter_card":"summary_large_image","twitter_creator":"@ProjetoPack","twitter_site":"@ProjetoPack","twitter_misc":{"Written by":"Andrea","Est. reading time":"4 minutes"},"schema":{"@context":"https:\/\/schema.org","@graph":[{"@type":"Article","@id":"https:\/\/projetopack.com.br\/en\/o-que-aprendemos-na-quinta-entrevista-do-programa-packcast-com-a-landa\/#article","isPartOf":{"@id":"https:\/\/projetopack.com.br\/en\/o-que-aprendemos-na-quinta-entrevista-do-programa-packcast-com-a-landa\/"},"author":{"name":"Andrea","@id":"https:\/\/projetopack.com.br\/#\/schema\/person\/d17c72a4bc2b7e461496dd8a14d4cef1"},"headline":"O que aprendemos na quinta entrevista do programa PackCast com a Landa?","datePublished":"2020-10-26T18:48:18+00:00","dateModified":"2021-03-29T15:22:02+00:00","mainEntityOfPage":{"@id":"https:\/\/projetopack.com.br\/en\/o-que-aprendemos-na-quinta-entrevista-do-programa-packcast-com-a-landa\/"},"wordCount":780,"commentCount":0,"publisher":{"@id":"https:\/\/projetopack.com.br\/#organization"},"image":{"@id":"https:\/\/projetopack.com.br\/en\/o-que-aprendemos-na-quinta-entrevista-do-programa-packcast-com-a-landa\/#primaryimage"},"thumbnailUrl":"https:\/\/projetopack.com.br\/wp-content\/uploads\/2020\/10\/Capa-Podcast-05.png","keywords":["Benny Landa","imidia","impress\u00e3o digital","landa","Landa Digital Printing","nanography","packlive"],"articleSection":["Entrevistas"],"inLanguage":"en-US","potentialAction":[{"@type":"CommentAction","name":"Comment","target":["https:\/\/projetopack.com.br\/en\/o-que-aprendemos-na-quinta-entrevista-do-programa-packcast-com-a-landa\/#respond"]}]},{"@type":"WebPage","@id":"https:\/\/projetopack.com.br\/en\/o-que-aprendemos-na-quinta-entrevista-do-programa-packcast-com-a-landa\/","url":"https:\/\/projetopack.com.br\/en\/o-que-aprendemos-na-quinta-entrevista-do-programa-packcast-com-a-landa\/","name":"O que aprendemos na quinta entrevista do programa PackCast com a Landa? - ProjetoPack","isPartOf":{"@id":"https:\/\/projetopack.com.br\/#website"},"primaryImageOfPage":{"@id":"https:\/\/projetopack.com.br\/en\/o-que-aprendemos-na-quinta-entrevista-do-programa-packcast-com-a-landa\/#primaryimage"},"image":{"@id":"https:\/\/projetopack.com.br\/en\/o-que-aprendemos-na-quinta-entrevista-do-programa-packcast-com-a-landa\/#primaryimage"},"thumbnailUrl":"https:\/\/projetopack.com.br\/wp-content\/uploads\/2020\/10\/Capa-Podcast-05.png","datePublished":"2020-10-26T18:48:18+00:00","dateModified":"2021-03-29T15:22:02+00:00","description":"Foi a segunda entrevista com um fabricante de m\u00e1quinas impressoras digitais para banda larga (embalagens flex\u00edveis, papel\u00e3o ondulado e cart\u00e3o) e impressos comerciais - a israelense Landa Digital Printing","breadcrumb":{"@id":"https:\/\/projetopack.com.br\/en\/o-que-aprendemos-na-quinta-entrevista-do-programa-packcast-com-a-landa\/#breadcrumb"},"inLanguage":"en-US","potentialAction":[{"@type":"ReadAction","target":["https:\/\/projetopack.com.br\/en\/o-que-aprendemos-na-quinta-entrevista-do-programa-packcast-com-a-landa\/"]}]},{"@type":"ImageObject","inLanguage":"en-US","@id":"https:\/\/projetopack.com.br\/en\/o-que-aprendemos-na-quinta-entrevista-do-programa-packcast-com-a-landa\/#primaryimage","url":"https:\/\/projetopack.com.br\/wp-content\/uploads\/2020\/10\/Capa-Podcast-05.png","contentUrl":"https:\/\/projetopack.com.br\/wp-content\/uploads\/2020\/10\/Capa-Podcast-05.png","width":1080,"height":1080},{"@type":"BreadcrumbList","@id":"https:\/\/projetopack.com.br\/en\/o-que-aprendemos-na-quinta-entrevista-do-programa-packcast-com-a-landa\/#breadcrumb","itemListElement":[{"@type":"ListItem","position":1,"name":"P\u00e1gina Inicial","item":"https:\/\/projetopack.com.br\/"},{"@type":"ListItem","position":2,"name":"Entrevistas","item":"https:\/\/projetopack.com.br\/category\/entrevistas\/"},{"@type":"ListItem","position":3,"name":"O que aprendemos na quinta entrevista do programa PackCast com a Landa?"}]},{"@type":"WebSite","@id":"https:\/\/projetopack.com.br\/#website","url":"https:\/\/projetopack.com.br\/","name":"ProjetoPack","description":"Consultoria e servi\u00e7os para embalagens, r\u00f3tulos, etiquetas e processos de impress\u00e3o","publisher":{"@id":"https:\/\/projetopack.com.br\/#organization"},"potentialAction":[{"@type":"SearchAction","target":{"@type":"EntryPoint","urlTemplate":"https:\/\/projetopack.com.br\/?s={search_term_string}"},"query-input":{"@type":"PropertyValueSpecification","valueRequired":true,"valueName":"search_term_string"}}],"inLanguage":"en-US"},{"@type":"Organization","@id":"https:\/\/projetopack.com.br\/#organization","name":"ProjetoPack & Associados","url":"https:\/\/projetopack.com.br\/","logo":{"@type":"ImageObject","inLanguage":"en-US","@id":"https:\/\/projetopack.com.br\/#\/schema\/logo\/image\/","url":"https:\/\/projetopack.com.br\/wp-content\/uploads\/2020\/09\/projetopack.png","contentUrl":"https:\/\/projetopack.com.br\/wp-content\/uploads\/2020\/09\/projetopack.png","width":200,"height":200,"caption":"ProjetoPack & Associados"},"image":{"@id":"https:\/\/projetopack.com.br\/#\/schema\/logo\/image\/"},"sameAs":["https:\/\/x.com\/ProjetoPack","https:\/\/www.linkedin.com\/company\/projetopack\/"]},{"@type":"Person","@id":"https:\/\/projetopack.com.br\/#\/schema\/person\/d17c72a4bc2b7e461496dd8a14d4cef1","name":"Andrea","image":{"@type":"ImageObject","inLanguage":"en-US","@id":"https:\/\/projetopack.com.br\/#\/schema\/person\/image\/","url":"https:\/\/projetopack.com.br\/wp-content\/uploads\/2026\/03\/eu-150x150.jpg","contentUrl":"https:\/\/projetopack.com.br\/wp-content\/uploads\/2026\/03\/eu-150x150.jpg","caption":"Andrea"},"url":"https:\/\/projetopack.com.br\/en\/author\/andrea\/"}]}},"_links":{"self":[{"href":"https:\/\/projetopack.com.br\/en\/wp-json\/wp\/v2\/posts\/7649","targetHints":{"allow":["GET"]}}],"collection":[{"href":"https:\/\/projetopack.com.br\/en\/wp-json\/wp\/v2\/posts"}],"about":[{"href":"https:\/\/projetopack.com.br\/en\/wp-json\/wp\/v2\/types\/post"}],"author":[{"embeddable":true,"href":"https:\/\/projetopack.com.br\/en\/wp-json\/wp\/v2\/users\/18"}],"replies":[{"embeddable":true,"href":"https:\/\/projetopack.com.br\/en\/wp-json\/wp\/v2\/comments?post=7649"}],"version-history":[{"count":0,"href":"https:\/\/projetopack.com.br\/en\/wp-json\/wp\/v2\/posts\/7649\/revisions"}],"wp:featuredmedia":[{"embeddable":true,"href":"https:\/\/projetopack.com.br\/en\/wp-json\/wp\/v2\/media\/7666"}],"wp:attachment":[{"href":"https:\/\/projetopack.com.br\/en\/wp-json\/wp\/v2\/media?parent=7649"}],"wp:term":[{"taxonomy":"category","embeddable":true,"href":"https:\/\/projetopack.com.br\/en\/wp-json\/wp\/v2\/categories?post=7649"},{"taxonomy":"post_tag","embeddable":true,"href":"https:\/\/projetopack.com.br\/en\/wp-json\/wp\/v2\/tags?post=7649"}],"curies":[{"name":"wp","href":"https:\/\/api.w.org\/{rel}","templated":true}]}}