{"id":7660,"date":"2020-10-26T16:04:05","date_gmt":"2020-10-26T19:04:05","guid":{"rendered":"https:\/\/www.projetopack.com.br\/?p=7660"},"modified":"2020-10-26T16:17:24","modified_gmt":"2020-10-26T19:17:24","slug":"reciclagem-de-embalagens-de-nylon-e-uma-das-frentes-de-sustentabilidade-da-ube","status":"publish","type":"post","link":"https:\/\/projetopack.com.br\/en\/reciclagem-de-embalagens-de-nylon-e-uma-das-frentes-de-sustentabilidade-da-ube\/","title":{"rendered":"Reciclagem de embalagens de nylon \u00e9 uma das frentes de sustentabilidade da UBE"},"content":{"rendered":"<p><strong><em><\/em><\/strong>A <strong>UBE (<\/strong><strong><a href=\"http:\/\/www.ube.ind.br\">www.ube.ind.br<\/a><\/strong><strong>)<\/strong>, uma das l\u00edderes mundiais em poliamidas e copoliamidas, trabalha fortemente em desenvolvimentos que contemplem a reciclagem do nylon, al\u00e9m da redu\u00e7\u00e3o do peso das embalagens. A ideia, como explica Daniel Hernandes, gerente de vendas da UBE Am\u00e9rica Latina, \u00e9 nortear os novos desenvolvimentos pelo conceito de economia circular, tendo como foco a redu\u00e7\u00e3o do desperd\u00edcio de alimentos. \u201cSabemos que a circularidade das embalagens &#8211; e dos neg\u00f3cios &#8211; tamb\u00e9m passa pela sustentabilidade social. A boa embalagem \u00e9 a que garante o amplo acesso aos alimentos e reduz o seu desperd\u00edcio. \u201d<\/p>\n\n\n\n<p>E pensar de forma circular tamb\u00e9m implica em alavancar a reciclagem. Diferentemente do que muitos pensam, as estruturas que cont\u00eam nylon s\u00e3o recicl\u00e1veis, como os demais materiais de embalagem. Para ilustrar este potencial de reciclagem do nylon, Daniel cita um estudo recente conduzido pela <strong>UBE<\/strong> em parceria com a italiana Flextech. O resultado foi o desenvolvimento de uma estrutura de tr\u00eas camadas rPE\/PA (polietileno reciclado + poliamida) que apresentou melhor desempenho mec\u00e2nico que a estrutura convencional com mat\u00e9ria prima virgem. O filme j\u00e1 \u00e9 usado na Europa para embalar pe\u00e7as automotivas.<\/p>\n\n\n\n<p>\u201cAs embalagens de performance, com nylon, s\u00e3o recicl\u00e1veis e usam menos material que as demais alternativas, al\u00e9m de utilizarem menos energia na convers\u00e3o do filme em embalagem\u201d, explica Daniel. Outro caso de sucesso bem-sucedido com a reciclagem do nylon, mostrou que o material, mesmo em altas concentra\u00e7\u00f5es (&gt;10%), pode ser reciclado dentro do fluxo do PE (polietileno).<\/p>\n\n\n\n<p>Recentemente a <strong>UBE<\/strong> teve a oportunidade de apresentar seu trabalho com reciclagem de nylon no F\u00f3rum ABRE de Economia Circular. Jose Angel Prieto, engenheiro de P&amp;D, mostrou as diversas solu\u00e7\u00f5es sustent\u00e1veis, poss\u00edveis com o nylon, e enfatizou a versatilidade do material para embalagens recicl\u00e1veis. Segundo ele, a reciclagem e os materiais de fontes renov\u00e1veis s\u00e3o estrat\u00e9gicos para a \u00e1rea de Pesquisa e Desenvolvimento da <strong>UBE<\/strong>.<\/p>\n\n\n\n<p>Ele tamb\u00e9m defendeu que o desperd\u00edcio de alimentos pode comprometer a sustentabilidade social e, por isso, deve ser levado em considera\u00e7\u00e3o no projeto de uma embalagem. \u201c\u00c9 importante entender que a embalagem de nylon pode garantir a integridade do alimento e, consequentemente, reduzir o seu desperd\u00edcio, tornando a cadeia mais sustent\u00e1vel.\u201d A <strong>UBE<\/strong> tamb\u00e9m acredita que a integra\u00e7\u00e3o de todos os elos da cadeia de produ\u00e7\u00e3o de embalagem seja fundamental para promover e alavancar o desenvolvimento de solu\u00e7\u00f5es sustent\u00e1veis.<\/p>\n\n\n\n<p><strong>FONTE:<\/strong><\/p>\n\n\n\n<p class=\"has-background has-very-light-gray-background-color\">Liliam Benzi<\/p>\n\n\n\n<p class=\"has-background has-very-light-gray-background-color\"><a href=\"mailto:ldbcom@#uol.com.br\">ldbcom@#uol.com.br<\/a><\/p>\n\n\n\n<p class=\"has-background has-very-light-gray-background-color\"><img decoding=\"async\" src=\"blob:https:\/\/projetopack.com.br\/04893d92-c87b-424b-8c7c-ec106ea051e7\" alt=\"cid:image002.jpg@01D3BA14.A526C4D0\" class=\"\" width=\"28\" height=\"28\"><strong>(11) 99989-1597<\/strong><\/p>","protected":false},"excerpt":{"rendered":"<p>A UBE, uma das l\u00edderes mundiais em poliamidas e copoliamidas, trabalha fortemente em desenvolvimentos que contemplem a reciclagem do nylon, al\u00e9m da redu\u00e7\u00e3o do peso das embalagens.<\/p>","protected":false},"author":18,"featured_media":7662,"comment_status":"open","ping_status":"closed","sticky":false,"template":"","format":"standard","meta":{"footnotes":""},"categories":[458],"tags":[543,541],"class_list":["post-7660","post","type-post","status-publish","format-standard","has-post-thumbnail","hentry","category-lancamentos","tag-nylon","tag-ube"],"yoast_head":"<!-- This site is optimized with the Yoast SEO Premium plugin v27.1 (Yoast SEO v27.1.1) - https:\/\/yoast.com\/product\/yoast-seo-premium-wordpress\/ -->\n<title>Reciclagem de embalagens de nylon \u00e9 uma das frentes de sustentabilidade da UBE - ProjetoPack<\/title>\n<meta name=\"description\" content=\"A UBE, uma das l\u00edderes mundiais em poliamidas e copoliamidas, trabalha fortemente em desenvolvimentos que contemplem a reciclagem do nylon, al\u00e9m da redu\u00e7\u00e3o do peso das embalagens.\" \/>\n<meta name=\"robots\" content=\"index, follow, max-snippet:-1, max-image-preview:large, max-video-preview:-1\" \/>\n<link rel=\"canonical\" href=\"https:\/\/projetopack.com.br\/en\/reciclagem-de-embalagens-de-nylon-e-uma-das-frentes-de-sustentabilidade-da-ube\/\" \/>\n<meta property=\"og:locale\" content=\"en_US\" \/>\n<meta property=\"og:type\" content=\"article\" \/>\n<meta property=\"og:title\" content=\"Reciclagem de embalagens de nylon \u00e9 uma das frentes de sustentabilidade da UBE\" \/>\n<meta property=\"og:description\" content=\"A UBE, uma das l\u00edderes mundiais em poliamidas e copoliamidas, trabalha fortemente em desenvolvimentos que contemplem a reciclagem do nylon, al\u00e9m da redu\u00e7\u00e3o do peso das embalagens.\" \/>\n<meta property=\"og:url\" content=\"https:\/\/projetopack.com.br\/en\/reciclagem-de-embalagens-de-nylon-e-uma-das-frentes-de-sustentabilidade-da-ube\/\" \/>\n<meta property=\"og:site_name\" content=\"ProjetoPack\" \/>\n<meta property=\"article:published_time\" content=\"2020-10-26T19:04:05+00:00\" \/>\n<meta property=\"article:modified_time\" content=\"2020-10-26T19:17:24+00:00\" \/>\n<meta property=\"og:image\" content=\"https:\/\/projetopack.com.br\/wp-content\/uploads\/2020\/10\/logo-ube-1.png\" \/>\n\t<meta property=\"og:image:width\" content=\"225\" \/>\n\t<meta property=\"og:image:height\" content=\"225\" \/>\n\t<meta property=\"og:image:type\" content=\"image\/png\" \/>\n<meta name=\"author\" content=\"Andrea\" \/>\n<meta name=\"twitter:card\" content=\"summary_large_image\" \/>\n<meta name=\"twitter:creator\" content=\"@ProjetoPack\" \/>\n<meta name=\"twitter:site\" content=\"@ProjetoPack\" \/>\n<meta name=\"twitter:label1\" content=\"Written by\" \/>\n\t<meta name=\"twitter:data1\" content=\"Andrea\" \/>\n\t<meta name=\"twitter:label2\" content=\"Est. reading time\" \/>\n\t<meta name=\"twitter:data2\" content=\"2 minutes\" \/>\n<script type=\"application\/ld+json\" class=\"yoast-schema-graph\">{\"@context\":\"https:\/\/schema.org\",\"@graph\":[{\"@type\":\"Article\",\"@id\":\"https:\/\/projetopack.com.br\/en\/reciclagem-de-embalagens-de-nylon-e-uma-das-frentes-de-sustentabilidade-da-ube\/#article\",\"isPartOf\":{\"@id\":\"https:\/\/projetopack.com.br\/en\/reciclagem-de-embalagens-de-nylon-e-uma-das-frentes-de-sustentabilidade-da-ube\/\"},\"author\":{\"name\":\"Andrea\",\"@id\":\"https:\/\/projetopack.com.br\/#\/schema\/person\/d17c72a4bc2b7e461496dd8a14d4cef1\"},\"headline\":\"Reciclagem de embalagens de nylon \u00e9 uma das frentes de sustentabilidade da UBE\",\"datePublished\":\"2020-10-26T19:04:05+00:00\",\"dateModified\":\"2020-10-26T19:17:24+00:00\",\"mainEntityOfPage\":{\"@id\":\"https:\/\/projetopack.com.br\/en\/reciclagem-de-embalagens-de-nylon-e-uma-das-frentes-de-sustentabilidade-da-ube\/\"},\"wordCount\":446,\"commentCount\":1,\"publisher\":{\"@id\":\"https:\/\/projetopack.com.br\/#organization\"},\"image\":{\"@id\":\"https:\/\/projetopack.com.br\/en\/reciclagem-de-embalagens-de-nylon-e-uma-das-frentes-de-sustentabilidade-da-ube\/#primaryimage\"},\"thumbnailUrl\":\"https:\/\/projetopack.com.br\/wp-content\/uploads\/2020\/10\/logo-ube-1.png\",\"keywords\":[\"nylon\",\"ube\"],\"articleSection\":[\"Lan\u00e7amentos\"],\"inLanguage\":\"en-US\",\"potentialAction\":[{\"@type\":\"CommentAction\",\"name\":\"Comment\",\"target\":[\"https:\/\/projetopack.com.br\/en\/reciclagem-de-embalagens-de-nylon-e-uma-das-frentes-de-sustentabilidade-da-ube\/#respond\"]}]},{\"@type\":\"WebPage\",\"@id\":\"https:\/\/projetopack.com.br\/en\/reciclagem-de-embalagens-de-nylon-e-uma-das-frentes-de-sustentabilidade-da-ube\/\",\"url\":\"https:\/\/projetopack.com.br\/en\/reciclagem-de-embalagens-de-nylon-e-uma-das-frentes-de-sustentabilidade-da-ube\/\",\"name\":\"Reciclagem de embalagens de nylon \u00e9 uma das frentes de sustentabilidade da UBE - ProjetoPack\",\"isPartOf\":{\"@id\":\"https:\/\/projetopack.com.br\/#website\"},\"primaryImageOfPage\":{\"@id\":\"https:\/\/projetopack.com.br\/en\/reciclagem-de-embalagens-de-nylon-e-uma-das-frentes-de-sustentabilidade-da-ube\/#primaryimage\"},\"image\":{\"@id\":\"https:\/\/projetopack.com.br\/en\/reciclagem-de-embalagens-de-nylon-e-uma-das-frentes-de-sustentabilidade-da-ube\/#primaryimage\"},\"thumbnailUrl\":\"https:\/\/projetopack.com.br\/wp-content\/uploads\/2020\/10\/logo-ube-1.png\",\"datePublished\":\"2020-10-26T19:04:05+00:00\",\"dateModified\":\"2020-10-26T19:17:24+00:00\",\"description\":\"A UBE, uma das l\u00edderes mundiais em poliamidas e copoliamidas, trabalha fortemente em desenvolvimentos que contemplem a reciclagem do nylon, al\u00e9m da redu\u00e7\u00e3o do peso das embalagens.\",\"breadcrumb\":{\"@id\":\"https:\/\/projetopack.com.br\/en\/reciclagem-de-embalagens-de-nylon-e-uma-das-frentes-de-sustentabilidade-da-ube\/#breadcrumb\"},\"inLanguage\":\"en-US\",\"potentialAction\":[{\"@type\":\"ReadAction\",\"target\":[\"https:\/\/projetopack.com.br\/en\/reciclagem-de-embalagens-de-nylon-e-uma-das-frentes-de-sustentabilidade-da-ube\/\"]}]},{\"@type\":\"ImageObject\",\"inLanguage\":\"en-US\",\"@id\":\"https:\/\/projetopack.com.br\/en\/reciclagem-de-embalagens-de-nylon-e-uma-das-frentes-de-sustentabilidade-da-ube\/#primaryimage\",\"url\":\"https:\/\/projetopack.com.br\/wp-content\/uploads\/2020\/10\/logo-ube-1.png\",\"contentUrl\":\"https:\/\/projetopack.com.br\/wp-content\/uploads\/2020\/10\/logo-ube-1.png\",\"width\":225,\"height\":225},{\"@type\":\"BreadcrumbList\",\"@id\":\"https:\/\/projetopack.com.br\/en\/reciclagem-de-embalagens-de-nylon-e-uma-das-frentes-de-sustentabilidade-da-ube\/#breadcrumb\",\"itemListElement\":[{\"@type\":\"ListItem\",\"position\":1,\"name\":\"P\u00e1gina Inicial\",\"item\":\"https:\/\/projetopack.com.br\/\"},{\"@type\":\"ListItem\",\"position\":2,\"name\":\"Lan\u00e7amentos\",\"item\":\"https:\/\/projetopack.com.br\/category\/lancamentos\/\"},{\"@type\":\"ListItem\",\"position\":3,\"name\":\"Reciclagem de embalagens de nylon \u00e9 uma das frentes de sustentabilidade da UBE\"}]},{\"@type\":\"WebSite\",\"@id\":\"https:\/\/projetopack.com.br\/#website\",\"url\":\"https:\/\/projetopack.com.br\/\",\"name\":\"ProjetoPack\",\"description\":\"Consultoria e servi\u00e7os para embalagens, r\u00f3tulos, etiquetas e processos de impress\u00e3o\",\"publisher\":{\"@id\":\"https:\/\/projetopack.com.br\/#organization\"},\"potentialAction\":[{\"@type\":\"SearchAction\",\"target\":{\"@type\":\"EntryPoint\",\"urlTemplate\":\"https:\/\/projetopack.com.br\/?s={search_term_string}\"},\"query-input\":{\"@type\":\"PropertyValueSpecification\",\"valueRequired\":true,\"valueName\":\"search_term_string\"}}],\"inLanguage\":\"en-US\"},{\"@type\":\"Organization\",\"@id\":\"https:\/\/projetopack.com.br\/#organization\",\"name\":\"ProjetoPack & Associados\",\"url\":\"https:\/\/projetopack.com.br\/\",\"logo\":{\"@type\":\"ImageObject\",\"inLanguage\":\"en-US\",\"@id\":\"https:\/\/projetopack.com.br\/#\/schema\/logo\/image\/\",\"url\":\"https:\/\/projetopack.com.br\/wp-content\/uploads\/2020\/09\/projetopack.png\",\"contentUrl\":\"https:\/\/projetopack.com.br\/wp-content\/uploads\/2020\/09\/projetopack.png\",\"width\":200,\"height\":200,\"caption\":\"ProjetoPack & Associados\"},\"image\":{\"@id\":\"https:\/\/projetopack.com.br\/#\/schema\/logo\/image\/\"},\"sameAs\":[\"https:\/\/x.com\/ProjetoPack\",\"https:\/\/www.linkedin.com\/company\/projetopack\/\"]},{\"@type\":\"Person\",\"@id\":\"https:\/\/projetopack.com.br\/#\/schema\/person\/d17c72a4bc2b7e461496dd8a14d4cef1\",\"name\":\"Andrea\",\"image\":{\"@type\":\"ImageObject\",\"inLanguage\":\"en-US\",\"@id\":\"https:\/\/projetopack.com.br\/#\/schema\/person\/image\/\",\"url\":\"https:\/\/projetopack.com.br\/wp-content\/uploads\/2026\/03\/eu-150x150.jpg\",\"contentUrl\":\"https:\/\/projetopack.com.br\/wp-content\/uploads\/2026\/03\/eu-150x150.jpg\",\"caption\":\"Andrea\"},\"url\":\"https:\/\/projetopack.com.br\/en\/author\/andrea\/\"}]}<\/script>\n<!-- \/ Yoast SEO Premium plugin. -->","yoast_head_json":{"title":"Reciclagem de embalagens de nylon \u00e9 uma das frentes de sustentabilidade da UBE - ProjetoPack","description":"A UBE, uma das l\u00edderes mundiais em poliamidas e copoliamidas, trabalha fortemente em desenvolvimentos que contemplem a reciclagem do nylon, al\u00e9m da redu\u00e7\u00e3o do peso das embalagens.","robots":{"index":"index","follow":"follow","max-snippet":"max-snippet:-1","max-image-preview":"max-image-preview:large","max-video-preview":"max-video-preview:-1"},"canonical":"https:\/\/projetopack.com.br\/en\/reciclagem-de-embalagens-de-nylon-e-uma-das-frentes-de-sustentabilidade-da-ube\/","og_locale":"en_US","og_type":"article","og_title":"Reciclagem de embalagens de nylon \u00e9 uma das frentes de sustentabilidade da UBE","og_description":"A UBE, uma das l\u00edderes mundiais em poliamidas e copoliamidas, trabalha fortemente em desenvolvimentos que contemplem a reciclagem do nylon, al\u00e9m da redu\u00e7\u00e3o do peso das embalagens.","og_url":"https:\/\/projetopack.com.br\/en\/reciclagem-de-embalagens-de-nylon-e-uma-das-frentes-de-sustentabilidade-da-ube\/","og_site_name":"ProjetoPack","article_published_time":"2020-10-26T19:04:05+00:00","article_modified_time":"2020-10-26T19:17:24+00:00","og_image":[{"width":225,"height":225,"url":"https:\/\/projetopack.com.br\/wp-content\/uploads\/2020\/10\/logo-ube-1.png","type":"image\/png"}],"author":"Andrea","twitter_card":"summary_large_image","twitter_creator":"@ProjetoPack","twitter_site":"@ProjetoPack","twitter_misc":{"Written by":"Andrea","Est. reading time":"2 minutes"},"schema":{"@context":"https:\/\/schema.org","@graph":[{"@type":"Article","@id":"https:\/\/projetopack.com.br\/en\/reciclagem-de-embalagens-de-nylon-e-uma-das-frentes-de-sustentabilidade-da-ube\/#article","isPartOf":{"@id":"https:\/\/projetopack.com.br\/en\/reciclagem-de-embalagens-de-nylon-e-uma-das-frentes-de-sustentabilidade-da-ube\/"},"author":{"name":"Andrea","@id":"https:\/\/projetopack.com.br\/#\/schema\/person\/d17c72a4bc2b7e461496dd8a14d4cef1"},"headline":"Reciclagem de embalagens de nylon \u00e9 uma das frentes de sustentabilidade da UBE","datePublished":"2020-10-26T19:04:05+00:00","dateModified":"2020-10-26T19:17:24+00:00","mainEntityOfPage":{"@id":"https:\/\/projetopack.com.br\/en\/reciclagem-de-embalagens-de-nylon-e-uma-das-frentes-de-sustentabilidade-da-ube\/"},"wordCount":446,"commentCount":1,"publisher":{"@id":"https:\/\/projetopack.com.br\/#organization"},"image":{"@id":"https:\/\/projetopack.com.br\/en\/reciclagem-de-embalagens-de-nylon-e-uma-das-frentes-de-sustentabilidade-da-ube\/#primaryimage"},"thumbnailUrl":"https:\/\/projetopack.com.br\/wp-content\/uploads\/2020\/10\/logo-ube-1.png","keywords":["nylon","ube"],"articleSection":["Lan\u00e7amentos"],"inLanguage":"en-US","potentialAction":[{"@type":"CommentAction","name":"Comment","target":["https:\/\/projetopack.com.br\/en\/reciclagem-de-embalagens-de-nylon-e-uma-das-frentes-de-sustentabilidade-da-ube\/#respond"]}]},{"@type":"WebPage","@id":"https:\/\/projetopack.com.br\/en\/reciclagem-de-embalagens-de-nylon-e-uma-das-frentes-de-sustentabilidade-da-ube\/","url":"https:\/\/projetopack.com.br\/en\/reciclagem-de-embalagens-de-nylon-e-uma-das-frentes-de-sustentabilidade-da-ube\/","name":"Reciclagem de embalagens de nylon \u00e9 uma das frentes de sustentabilidade da UBE - ProjetoPack","isPartOf":{"@id":"https:\/\/projetopack.com.br\/#website"},"primaryImageOfPage":{"@id":"https:\/\/projetopack.com.br\/en\/reciclagem-de-embalagens-de-nylon-e-uma-das-frentes-de-sustentabilidade-da-ube\/#primaryimage"},"image":{"@id":"https:\/\/projetopack.com.br\/en\/reciclagem-de-embalagens-de-nylon-e-uma-das-frentes-de-sustentabilidade-da-ube\/#primaryimage"},"thumbnailUrl":"https:\/\/projetopack.com.br\/wp-content\/uploads\/2020\/10\/logo-ube-1.png","datePublished":"2020-10-26T19:04:05+00:00","dateModified":"2020-10-26T19:17:24+00:00","description":"A UBE, uma das l\u00edderes mundiais em poliamidas e copoliamidas, trabalha fortemente em desenvolvimentos que contemplem a reciclagem do nylon, al\u00e9m da redu\u00e7\u00e3o do peso das embalagens.","breadcrumb":{"@id":"https:\/\/projetopack.com.br\/en\/reciclagem-de-embalagens-de-nylon-e-uma-das-frentes-de-sustentabilidade-da-ube\/#breadcrumb"},"inLanguage":"en-US","potentialAction":[{"@type":"ReadAction","target":["https:\/\/projetopack.com.br\/en\/reciclagem-de-embalagens-de-nylon-e-uma-das-frentes-de-sustentabilidade-da-ube\/"]}]},{"@type":"ImageObject","inLanguage":"en-US","@id":"https:\/\/projetopack.com.br\/en\/reciclagem-de-embalagens-de-nylon-e-uma-das-frentes-de-sustentabilidade-da-ube\/#primaryimage","url":"https:\/\/projetopack.com.br\/wp-content\/uploads\/2020\/10\/logo-ube-1.png","contentUrl":"https:\/\/projetopack.com.br\/wp-content\/uploads\/2020\/10\/logo-ube-1.png","width":225,"height":225},{"@type":"BreadcrumbList","@id":"https:\/\/projetopack.com.br\/en\/reciclagem-de-embalagens-de-nylon-e-uma-das-frentes-de-sustentabilidade-da-ube\/#breadcrumb","itemListElement":[{"@type":"ListItem","position":1,"name":"P\u00e1gina Inicial","item":"https:\/\/projetopack.com.br\/"},{"@type":"ListItem","position":2,"name":"Lan\u00e7amentos","item":"https:\/\/projetopack.com.br\/category\/lancamentos\/"},{"@type":"ListItem","position":3,"name":"Reciclagem de embalagens de nylon \u00e9 uma das frentes de sustentabilidade da UBE"}]},{"@type":"WebSite","@id":"https:\/\/projetopack.com.br\/#website","url":"https:\/\/projetopack.com.br\/","name":"ProjetoPack","description":"Consultoria e servi\u00e7os para embalagens, r\u00f3tulos, etiquetas e processos de impress\u00e3o","publisher":{"@id":"https:\/\/projetopack.com.br\/#organization"},"potentialAction":[{"@type":"SearchAction","target":{"@type":"EntryPoint","urlTemplate":"https:\/\/projetopack.com.br\/?s={search_term_string}"},"query-input":{"@type":"PropertyValueSpecification","valueRequired":true,"valueName":"search_term_string"}}],"inLanguage":"en-US"},{"@type":"Organization","@id":"https:\/\/projetopack.com.br\/#organization","name":"ProjetoPack & Associados","url":"https:\/\/projetopack.com.br\/","logo":{"@type":"ImageObject","inLanguage":"en-US","@id":"https:\/\/projetopack.com.br\/#\/schema\/logo\/image\/","url":"https:\/\/projetopack.com.br\/wp-content\/uploads\/2020\/09\/projetopack.png","contentUrl":"https:\/\/projetopack.com.br\/wp-content\/uploads\/2020\/09\/projetopack.png","width":200,"height":200,"caption":"ProjetoPack & Associados"},"image":{"@id":"https:\/\/projetopack.com.br\/#\/schema\/logo\/image\/"},"sameAs":["https:\/\/x.com\/ProjetoPack","https:\/\/www.linkedin.com\/company\/projetopack\/"]},{"@type":"Person","@id":"https:\/\/projetopack.com.br\/#\/schema\/person\/d17c72a4bc2b7e461496dd8a14d4cef1","name":"Andrea","image":{"@type":"ImageObject","inLanguage":"en-US","@id":"https:\/\/projetopack.com.br\/#\/schema\/person\/image\/","url":"https:\/\/projetopack.com.br\/wp-content\/uploads\/2026\/03\/eu-150x150.jpg","contentUrl":"https:\/\/projetopack.com.br\/wp-content\/uploads\/2026\/03\/eu-150x150.jpg","caption":"Andrea"},"url":"https:\/\/projetopack.com.br\/en\/author\/andrea\/"}]}},"_links":{"self":[{"href":"https:\/\/projetopack.com.br\/en\/wp-json\/wp\/v2\/posts\/7660","targetHints":{"allow":["GET"]}}],"collection":[{"href":"https:\/\/projetopack.com.br\/en\/wp-json\/wp\/v2\/posts"}],"about":[{"href":"https:\/\/projetopack.com.br\/en\/wp-json\/wp\/v2\/types\/post"}],"author":[{"embeddable":true,"href":"https:\/\/projetopack.com.br\/en\/wp-json\/wp\/v2\/users\/18"}],"replies":[{"embeddable":true,"href":"https:\/\/projetopack.com.br\/en\/wp-json\/wp\/v2\/comments?post=7660"}],"version-history":[{"count":0,"href":"https:\/\/projetopack.com.br\/en\/wp-json\/wp\/v2\/posts\/7660\/revisions"}],"wp:featuredmedia":[{"embeddable":true,"href":"https:\/\/projetopack.com.br\/en\/wp-json\/wp\/v2\/media\/7662"}],"wp:attachment":[{"href":"https:\/\/projetopack.com.br\/en\/wp-json\/wp\/v2\/media?parent=7660"}],"wp:term":[{"taxonomy":"category","embeddable":true,"href":"https:\/\/projetopack.com.br\/en\/wp-json\/wp\/v2\/categories?post=7660"},{"taxonomy":"post_tag","embeddable":true,"href":"https:\/\/projetopack.com.br\/en\/wp-json\/wp\/v2\/tags?post=7660"}],"curies":[{"name":"wp","href":"https:\/\/api.w.org\/{rel}","templated":true}]}}