{"id":7846,"date":"2020-11-09T12:49:45","date_gmt":"2020-11-09T15:49:45","guid":{"rendered":"https:\/\/www.projetopack.com.br\/?p=7846"},"modified":"2020-11-09T12:49:46","modified_gmt":"2020-11-09T15:49:46","slug":"embalagens-plasticas-flexiveis-superam-expectativas-no-terceiro-trimestre-do-ano","status":"publish","type":"post","link":"https:\/\/projetopack.com.br\/en\/embalagens-plasticas-flexiveis-superam-expectativas-no-terceiro-trimestre-do-ano\/","title":{"rendered":"Embalagens pl\u00e1sticas flex\u00edveis superam expectativas no terceiro trimestre do ano"},"content":{"rendered":"<p>A&nbsp;<a href=\"http:\/\/abief.org.br\/home\" target=\"_blank\" rel=\"noreferrer noopener\">ABIEF<\/a>, Associa\u00e7\u00e3o Brasileira da Ind\u00fastria de Embalagens Flex\u00edveis &#8211; divulgou ontem por e-mail os resultados de um estudo exclusivo feito pela&nbsp;<strong>W4Chem<\/strong>, indicando que a ind\u00fastria de flex\u00edveis superou a ind\u00fastria como um todo neste terceiro trimestre do ano.<\/p>\n\n\n\n<figure class=\"wp-block-pullquote\"><blockquote><p>A justificativa central dessa grata surpresa \u00e9 o fato de que os g\u00eaneros de primeira necessidade, tais como alimentos, bebidas, produtos de higiene e cuidados pessoais dentre outros est\u00e3o intimamente relacionados com o emprego dos flex\u00edveis.<\/p><\/blockquote><\/figure>\n\n\n\n<p>Mesmo as pequenas indulg\u00eancias, como os doces e snacks, foram amplamente consumidos, conforme o presidente da entidade e empres\u00e1rio do setor,&nbsp;<strong>Rog\u00e9rio Mani<\/strong>, salientou em seu comunicado.<\/p>\n\n\n\n<figure class=\"wp-block-image\"><img decoding=\"async\" src=\"https:\/\/media-exp1.licdn.com\/dms\/image\/C4E12AQG3iUW9z0mlOg\/article-inline_image-shrink_1000_1488\/0?e=1610582400&amp;v=beta&amp;t=bzfenVQtzZjWZQTeXXObiuEzDNc9ZfQiZS_n9irBG7g\" alt=\"N\u00e3o foi fornecido texto alternativo para esta imagem\"\/><\/figure>\n\n\n\n<p>Foi registrada uma produ\u00e7\u00e3o de 562 mil toneladas, uma alta de 8,8% em compara\u00e7\u00e3o ao trimestre anterior. No acumulado de janeiro a setembro deste ano, atingiu-se o patamar de 1,588 milh\u00e3o de toneladas. As importa\u00e7\u00f5es chegaram a 50 mil toneladas e as exporta\u00e7\u00f5es, 94 mil toneladas &#8211; uma balan\u00e7a comercial, portanto, favor\u00e1vel.<\/p>\n\n\n\n<p>Como de costume, a ind\u00fastria aliment\u00edcia apresenta-se como a principal cliente dos flex\u00edveis, tendo absorvido 203 mil toneladas, seguida das aplica\u00e7\u00f5es de cunho industrial (98 mil tons), descart\u00e1veis (68 mil tons) e bebidas (56 mil tons).<\/p>\n\n\n\n<p>Embalagens multicamada ainda representam a maioria do universo dos flex\u00edveis, respondendo por 158 mil das 562 mil tons do trimestre. As monocamadas responderam com 154 mil tons e os filmes encolh\u00edveis do tipo shrink (embora monocamada, s\u00e3o categorizados como uma fam\u00edlia a parte), 75 mil tons.<\/p>\n\n\n\n<figure class=\"wp-block-pullquote\"><blockquote><p>O consumo de polietileno nas embalagens aumentou, com 10% mais embalagens em PEBD e PEBDL. Houve alta de 8,3% em PEAD e 3,7% em PP. Mat\u00e9rias-primas recicladas tiveram uma participa\u00e7\u00e3o de cerca de 5% (30 mil tons) no volume total de 562 mil tons.<\/p><\/blockquote><\/figure>\n\n\n\n<p>O cen\u00e1rio poderia ter sido ainda melhor, caso n\u00e3o estiv\u00e9ssemos vivenciando no per\u00edodo em quest\u00e3o uma escassez de mat\u00e9rias-primas b\u00e1sicas, como resinas termopl\u00e1sticas e at\u00e9 mesmo papel\u00e3o ondulado para a fabrica\u00e7\u00e3o de caixas, t\u00e3o necess\u00e1rias \u00e0 expedi\u00e7\u00e3o dos produtos acabados aos clientes.<\/p>\n\n\n\n<p><\/p>\n\n\n\n<p><\/p>\n\n\n\n<p><strong>FONTE:<\/strong><\/p>\n\n\n\n<p class=\"has-background has-very-light-gray-background-color\"><img decoding=\"async\" width=\"50\" height=\"50\" class=\"wp-image-6323\" style=\"width: 50px;\" src=\"https:\/\/projetopack.com.br\/wp-content\/uploads\/2020\/06\/aislan.jpg\" alt=\"\"><a href=\"https:\/\/www.linkedin.com\/in\/aislanbaer\/\">Aislan Baer<\/a>  Fundador e CEO da ProjetoPack &amp; Associados; Co-fundador da Inovagraf; Especialista em impress\u00e3o e embalagens<\/p>","protected":false},"excerpt":{"rendered":"<p>A ABIEF, Associa\u00e7\u00e3o Brasileira da Ind\u00fastria de Embalagens Flex\u00edveis &#8211; divulgou ontem por e-mail os resultados de um estudo exclusivo feito pela W4Chem, indicando que a ind\u00fastria de flex\u00edveis superou a ind\u00fastria como um todo neste terceiro trimestre do ano.<\/p>","protected":false},"author":18,"featured_media":7847,"comment_status":"open","ping_status":"closed","sticky":false,"template":"","format":"standard","meta":{"footnotes":""},"categories":[458],"tags":[393,548],"class_list":["post-7846","post","type-post","status-publish","format-standard","has-post-thumbnail","hentry","category-lancamentos","tag-abief","tag-embalagens-plasticas"],"yoast_head":"<!-- This site is optimized with the Yoast SEO Premium plugin v27.1 (Yoast SEO v27.1.1) - https:\/\/yoast.com\/product\/yoast-seo-premium-wordpress\/ -->\n<title>Embalagens pl\u00e1sticas flex\u00edveis superam expectativas no terceiro trimestre do ano - ProjetoPack<\/title>\n<meta name=\"description\" content=\"Confira o melhor conte\u00fado sobre tecnologia, design e gest\u00e3o de embalagens flex\u00edveis, r\u00f3tulos e impress\u00e3o.A ABIEF, Associa\u00e7\u00e3o Brasileira da Ind\u00fastria de Embalagens Flex\u00edveis - divulgou ontem por e-mail os resultados de um estudo exclusivo feito pela W4Chem, indicando que a ind\u00fastria de flex\u00edveis superou a ind\u00fastria como um todo neste terceiro trimestre do ano.\" \/>\n<meta name=\"robots\" content=\"index, follow, max-snippet:-1, max-image-preview:large, max-video-preview:-1\" \/>\n<link rel=\"canonical\" href=\"https:\/\/projetopack.com.br\/en\/embalagens-plasticas-flexiveis-superam-expectativas-no-terceiro-trimestre-do-ano\/\" \/>\n<meta property=\"og:locale\" content=\"en_US\" \/>\n<meta property=\"og:type\" content=\"article\" \/>\n<meta property=\"og:title\" content=\"Embalagens pl\u00e1sticas flex\u00edveis superam expectativas no terceiro trimestre do ano\" \/>\n<meta property=\"og:description\" content=\"Confira o melhor conte\u00fado sobre tecnologia, design e gest\u00e3o de embalagens flex\u00edveis, r\u00f3tulos e impress\u00e3o.A ABIEF, Associa\u00e7\u00e3o Brasileira da Ind\u00fastria de Embalagens Flex\u00edveis - divulgou ontem por e-mail os resultados de um estudo exclusivo feito pela W4Chem, indicando que a ind\u00fastria de flex\u00edveis superou a ind\u00fastria como um todo neste terceiro trimestre do ano.\" \/>\n<meta property=\"og:url\" content=\"https:\/\/projetopack.com.br\/en\/embalagens-plasticas-flexiveis-superam-expectativas-no-terceiro-trimestre-do-ano\/\" \/>\n<meta property=\"og:site_name\" content=\"ProjetoPack\" \/>\n<meta property=\"article:published_time\" content=\"2020-11-09T15:49:45+00:00\" \/>\n<meta property=\"article:modified_time\" content=\"2020-11-09T15:49:46+00:00\" \/>\n<meta property=\"og:image\" content=\"https:\/\/projetopack.com.br\/wp-content\/uploads\/2020\/11\/embalagens.jpg\" \/>\n\t<meta property=\"og:image:width\" content=\"800\" \/>\n\t<meta property=\"og:image:height\" content=\"571\" \/>\n\t<meta property=\"og:image:type\" content=\"image\/jpeg\" \/>\n<meta name=\"author\" content=\"Andrea\" \/>\n<meta name=\"twitter:card\" content=\"summary_large_image\" \/>\n<meta name=\"twitter:creator\" content=\"@ProjetoPack\" \/>\n<meta name=\"twitter:site\" content=\"@ProjetoPack\" \/>\n<meta name=\"twitter:label1\" content=\"Written by\" \/>\n\t<meta name=\"twitter:data1\" content=\"Andrea\" \/>\n\t<meta name=\"twitter:label2\" content=\"Est. reading time\" \/>\n\t<meta name=\"twitter:data2\" content=\"2 minutes\" \/>\n<script type=\"application\/ld+json\" class=\"yoast-schema-graph\">{\"@context\":\"https:\/\/schema.org\",\"@graph\":[{\"@type\":\"Article\",\"@id\":\"https:\/\/projetopack.com.br\/en\/embalagens-plasticas-flexiveis-superam-expectativas-no-terceiro-trimestre-do-ano\/#article\",\"isPartOf\":{\"@id\":\"https:\/\/projetopack.com.br\/en\/embalagens-plasticas-flexiveis-superam-expectativas-no-terceiro-trimestre-do-ano\/\"},\"author\":{\"name\":\"Andrea\",\"@id\":\"https:\/\/projetopack.com.br\/#\/schema\/person\/d17c72a4bc2b7e461496dd8a14d4cef1\"},\"headline\":\"Embalagens pl\u00e1sticas flex\u00edveis superam expectativas no terceiro trimestre do ano\",\"datePublished\":\"2020-11-09T15:49:45+00:00\",\"dateModified\":\"2020-11-09T15:49:46+00:00\",\"mainEntityOfPage\":{\"@id\":\"https:\/\/projetopack.com.br\/en\/embalagens-plasticas-flexiveis-superam-expectativas-no-terceiro-trimestre-do-ano\/\"},\"wordCount\":380,\"commentCount\":0,\"publisher\":{\"@id\":\"https:\/\/projetopack.com.br\/#organization\"},\"image\":{\"@id\":\"https:\/\/projetopack.com.br\/en\/embalagens-plasticas-flexiveis-superam-expectativas-no-terceiro-trimestre-do-ano\/#primaryimage\"},\"thumbnailUrl\":\"https:\/\/projetopack.com.br\/wp-content\/uploads\/2020\/11\/embalagens.jpg\",\"keywords\":[\"abief\",\"embalagens pl\u00e1sticas\"],\"articleSection\":[\"Lan\u00e7amentos\"],\"inLanguage\":\"en-US\",\"potentialAction\":[{\"@type\":\"CommentAction\",\"name\":\"Comment\",\"target\":[\"https:\/\/projetopack.com.br\/en\/embalagens-plasticas-flexiveis-superam-expectativas-no-terceiro-trimestre-do-ano\/#respond\"]}]},{\"@type\":\"WebPage\",\"@id\":\"https:\/\/projetopack.com.br\/en\/embalagens-plasticas-flexiveis-superam-expectativas-no-terceiro-trimestre-do-ano\/\",\"url\":\"https:\/\/projetopack.com.br\/en\/embalagens-plasticas-flexiveis-superam-expectativas-no-terceiro-trimestre-do-ano\/\",\"name\":\"Embalagens pl\u00e1sticas flex\u00edveis superam expectativas no terceiro trimestre do ano - ProjetoPack\",\"isPartOf\":{\"@id\":\"https:\/\/projetopack.com.br\/#website\"},\"primaryImageOfPage\":{\"@id\":\"https:\/\/projetopack.com.br\/en\/embalagens-plasticas-flexiveis-superam-expectativas-no-terceiro-trimestre-do-ano\/#primaryimage\"},\"image\":{\"@id\":\"https:\/\/projetopack.com.br\/en\/embalagens-plasticas-flexiveis-superam-expectativas-no-terceiro-trimestre-do-ano\/#primaryimage\"},\"thumbnailUrl\":\"https:\/\/projetopack.com.br\/wp-content\/uploads\/2020\/11\/embalagens.jpg\",\"datePublished\":\"2020-11-09T15:49:45+00:00\",\"dateModified\":\"2020-11-09T15:49:46+00:00\",\"description\":\"Confira o melhor conte\u00fado sobre tecnologia, design e gest\u00e3o de embalagens flex\u00edveis, r\u00f3tulos e impress\u00e3o.A ABIEF, Associa\u00e7\u00e3o Brasileira da Ind\u00fastria de Embalagens Flex\u00edveis - divulgou ontem por e-mail os resultados de um estudo exclusivo feito pela W4Chem, indicando que a ind\u00fastria de flex\u00edveis superou a ind\u00fastria como um todo neste terceiro trimestre do ano.\",\"breadcrumb\":{\"@id\":\"https:\/\/projetopack.com.br\/en\/embalagens-plasticas-flexiveis-superam-expectativas-no-terceiro-trimestre-do-ano\/#breadcrumb\"},\"inLanguage\":\"en-US\",\"potentialAction\":[{\"@type\":\"ReadAction\",\"target\":[\"https:\/\/projetopack.com.br\/en\/embalagens-plasticas-flexiveis-superam-expectativas-no-terceiro-trimestre-do-ano\/\"]}]},{\"@type\":\"ImageObject\",\"inLanguage\":\"en-US\",\"@id\":\"https:\/\/projetopack.com.br\/en\/embalagens-plasticas-flexiveis-superam-expectativas-no-terceiro-trimestre-do-ano\/#primaryimage\",\"url\":\"https:\/\/projetopack.com.br\/wp-content\/uploads\/2020\/11\/embalagens.jpg\",\"contentUrl\":\"https:\/\/projetopack.com.br\/wp-content\/uploads\/2020\/11\/embalagens.jpg\",\"width\":800,\"height\":571},{\"@type\":\"BreadcrumbList\",\"@id\":\"https:\/\/projetopack.com.br\/en\/embalagens-plasticas-flexiveis-superam-expectativas-no-terceiro-trimestre-do-ano\/#breadcrumb\",\"itemListElement\":[{\"@type\":\"ListItem\",\"position\":1,\"name\":\"P\u00e1gina Inicial\",\"item\":\"https:\/\/projetopack.com.br\/\"},{\"@type\":\"ListItem\",\"position\":2,\"name\":\"Lan\u00e7amentos\",\"item\":\"https:\/\/projetopack.com.br\/category\/lancamentos\/\"},{\"@type\":\"ListItem\",\"position\":3,\"name\":\"Embalagens pl\u00e1sticas flex\u00edveis superam expectativas no terceiro trimestre do ano\"}]},{\"@type\":\"WebSite\",\"@id\":\"https:\/\/projetopack.com.br\/#website\",\"url\":\"https:\/\/projetopack.com.br\/\",\"name\":\"ProjetoPack\",\"description\":\"Consultoria e servi\u00e7os para embalagens, r\u00f3tulos, etiquetas e processos de impress\u00e3o\",\"publisher\":{\"@id\":\"https:\/\/projetopack.com.br\/#organization\"},\"potentialAction\":[{\"@type\":\"SearchAction\",\"target\":{\"@type\":\"EntryPoint\",\"urlTemplate\":\"https:\/\/projetopack.com.br\/?s={search_term_string}\"},\"query-input\":{\"@type\":\"PropertyValueSpecification\",\"valueRequired\":true,\"valueName\":\"search_term_string\"}}],\"inLanguage\":\"en-US\"},{\"@type\":\"Organization\",\"@id\":\"https:\/\/projetopack.com.br\/#organization\",\"name\":\"ProjetoPack & Associados\",\"url\":\"https:\/\/projetopack.com.br\/\",\"logo\":{\"@type\":\"ImageObject\",\"inLanguage\":\"en-US\",\"@id\":\"https:\/\/projetopack.com.br\/#\/schema\/logo\/image\/\",\"url\":\"https:\/\/projetopack.com.br\/wp-content\/uploads\/2020\/09\/projetopack.png\",\"contentUrl\":\"https:\/\/projetopack.com.br\/wp-content\/uploads\/2020\/09\/projetopack.png\",\"width\":200,\"height\":200,\"caption\":\"ProjetoPack & Associados\"},\"image\":{\"@id\":\"https:\/\/projetopack.com.br\/#\/schema\/logo\/image\/\"},\"sameAs\":[\"https:\/\/x.com\/ProjetoPack\",\"https:\/\/www.linkedin.com\/company\/projetopack\/\"]},{\"@type\":\"Person\",\"@id\":\"https:\/\/projetopack.com.br\/#\/schema\/person\/d17c72a4bc2b7e461496dd8a14d4cef1\",\"name\":\"Andrea\",\"image\":{\"@type\":\"ImageObject\",\"inLanguage\":\"en-US\",\"@id\":\"https:\/\/projetopack.com.br\/#\/schema\/person\/image\/\",\"url\":\"https:\/\/projetopack.com.br\/wp-content\/uploads\/2026\/03\/eu-150x150.jpg\",\"contentUrl\":\"https:\/\/projetopack.com.br\/wp-content\/uploads\/2026\/03\/eu-150x150.jpg\",\"caption\":\"Andrea\"},\"url\":\"https:\/\/projetopack.com.br\/en\/author\/andrea\/\"}]}<\/script>\n<!-- \/ Yoast SEO Premium plugin. -->","yoast_head_json":{"title":"Embalagens pl\u00e1sticas flex\u00edveis superam expectativas no terceiro trimestre do ano - ProjetoPack","description":"Confira o melhor conte\u00fado sobre tecnologia, design e gest\u00e3o de embalagens flex\u00edveis, r\u00f3tulos e impress\u00e3o.A ABIEF, Associa\u00e7\u00e3o Brasileira da Ind\u00fastria de Embalagens Flex\u00edveis - divulgou ontem por e-mail os resultados de um estudo exclusivo feito pela W4Chem, indicando que a ind\u00fastria de flex\u00edveis superou a ind\u00fastria como um todo neste terceiro trimestre do ano.","robots":{"index":"index","follow":"follow","max-snippet":"max-snippet:-1","max-image-preview":"max-image-preview:large","max-video-preview":"max-video-preview:-1"},"canonical":"https:\/\/projetopack.com.br\/en\/embalagens-plasticas-flexiveis-superam-expectativas-no-terceiro-trimestre-do-ano\/","og_locale":"en_US","og_type":"article","og_title":"Embalagens pl\u00e1sticas flex\u00edveis superam expectativas no terceiro trimestre do ano","og_description":"Confira o melhor conte\u00fado sobre tecnologia, design e gest\u00e3o de embalagens flex\u00edveis, r\u00f3tulos e impress\u00e3o.A ABIEF, Associa\u00e7\u00e3o Brasileira da Ind\u00fastria de Embalagens Flex\u00edveis - divulgou ontem por e-mail os resultados de um estudo exclusivo feito pela W4Chem, indicando que a ind\u00fastria de flex\u00edveis superou a ind\u00fastria como um todo neste terceiro trimestre do ano.","og_url":"https:\/\/projetopack.com.br\/en\/embalagens-plasticas-flexiveis-superam-expectativas-no-terceiro-trimestre-do-ano\/","og_site_name":"ProjetoPack","article_published_time":"2020-11-09T15:49:45+00:00","article_modified_time":"2020-11-09T15:49:46+00:00","og_image":[{"width":800,"height":571,"url":"https:\/\/projetopack.com.br\/wp-content\/uploads\/2020\/11\/embalagens.jpg","type":"image\/jpeg"}],"author":"Andrea","twitter_card":"summary_large_image","twitter_creator":"@ProjetoPack","twitter_site":"@ProjetoPack","twitter_misc":{"Written by":"Andrea","Est. reading time":"2 minutes"},"schema":{"@context":"https:\/\/schema.org","@graph":[{"@type":"Article","@id":"https:\/\/projetopack.com.br\/en\/embalagens-plasticas-flexiveis-superam-expectativas-no-terceiro-trimestre-do-ano\/#article","isPartOf":{"@id":"https:\/\/projetopack.com.br\/en\/embalagens-plasticas-flexiveis-superam-expectativas-no-terceiro-trimestre-do-ano\/"},"author":{"name":"Andrea","@id":"https:\/\/projetopack.com.br\/#\/schema\/person\/d17c72a4bc2b7e461496dd8a14d4cef1"},"headline":"Embalagens pl\u00e1sticas flex\u00edveis superam expectativas no terceiro trimestre do ano","datePublished":"2020-11-09T15:49:45+00:00","dateModified":"2020-11-09T15:49:46+00:00","mainEntityOfPage":{"@id":"https:\/\/projetopack.com.br\/en\/embalagens-plasticas-flexiveis-superam-expectativas-no-terceiro-trimestre-do-ano\/"},"wordCount":380,"commentCount":0,"publisher":{"@id":"https:\/\/projetopack.com.br\/#organization"},"image":{"@id":"https:\/\/projetopack.com.br\/en\/embalagens-plasticas-flexiveis-superam-expectativas-no-terceiro-trimestre-do-ano\/#primaryimage"},"thumbnailUrl":"https:\/\/projetopack.com.br\/wp-content\/uploads\/2020\/11\/embalagens.jpg","keywords":["abief","embalagens pl\u00e1sticas"],"articleSection":["Lan\u00e7amentos"],"inLanguage":"en-US","potentialAction":[{"@type":"CommentAction","name":"Comment","target":["https:\/\/projetopack.com.br\/en\/embalagens-plasticas-flexiveis-superam-expectativas-no-terceiro-trimestre-do-ano\/#respond"]}]},{"@type":"WebPage","@id":"https:\/\/projetopack.com.br\/en\/embalagens-plasticas-flexiveis-superam-expectativas-no-terceiro-trimestre-do-ano\/","url":"https:\/\/projetopack.com.br\/en\/embalagens-plasticas-flexiveis-superam-expectativas-no-terceiro-trimestre-do-ano\/","name":"Embalagens pl\u00e1sticas flex\u00edveis superam expectativas no terceiro trimestre do ano - ProjetoPack","isPartOf":{"@id":"https:\/\/projetopack.com.br\/#website"},"primaryImageOfPage":{"@id":"https:\/\/projetopack.com.br\/en\/embalagens-plasticas-flexiveis-superam-expectativas-no-terceiro-trimestre-do-ano\/#primaryimage"},"image":{"@id":"https:\/\/projetopack.com.br\/en\/embalagens-plasticas-flexiveis-superam-expectativas-no-terceiro-trimestre-do-ano\/#primaryimage"},"thumbnailUrl":"https:\/\/projetopack.com.br\/wp-content\/uploads\/2020\/11\/embalagens.jpg","datePublished":"2020-11-09T15:49:45+00:00","dateModified":"2020-11-09T15:49:46+00:00","description":"Confira o melhor conte\u00fado sobre tecnologia, design e gest\u00e3o de embalagens flex\u00edveis, r\u00f3tulos e impress\u00e3o.A ABIEF, Associa\u00e7\u00e3o Brasileira da Ind\u00fastria de Embalagens Flex\u00edveis - divulgou ontem por e-mail os resultados de um estudo exclusivo feito pela W4Chem, indicando que a ind\u00fastria de flex\u00edveis superou a ind\u00fastria como um todo neste terceiro trimestre do ano.","breadcrumb":{"@id":"https:\/\/projetopack.com.br\/en\/embalagens-plasticas-flexiveis-superam-expectativas-no-terceiro-trimestre-do-ano\/#breadcrumb"},"inLanguage":"en-US","potentialAction":[{"@type":"ReadAction","target":["https:\/\/projetopack.com.br\/en\/embalagens-plasticas-flexiveis-superam-expectativas-no-terceiro-trimestre-do-ano\/"]}]},{"@type":"ImageObject","inLanguage":"en-US","@id":"https:\/\/projetopack.com.br\/en\/embalagens-plasticas-flexiveis-superam-expectativas-no-terceiro-trimestre-do-ano\/#primaryimage","url":"https:\/\/projetopack.com.br\/wp-content\/uploads\/2020\/11\/embalagens.jpg","contentUrl":"https:\/\/projetopack.com.br\/wp-content\/uploads\/2020\/11\/embalagens.jpg","width":800,"height":571},{"@type":"BreadcrumbList","@id":"https:\/\/projetopack.com.br\/en\/embalagens-plasticas-flexiveis-superam-expectativas-no-terceiro-trimestre-do-ano\/#breadcrumb","itemListElement":[{"@type":"ListItem","position":1,"name":"P\u00e1gina Inicial","item":"https:\/\/projetopack.com.br\/"},{"@type":"ListItem","position":2,"name":"Lan\u00e7amentos","item":"https:\/\/projetopack.com.br\/category\/lancamentos\/"},{"@type":"ListItem","position":3,"name":"Embalagens pl\u00e1sticas flex\u00edveis superam expectativas no terceiro trimestre do ano"}]},{"@type":"WebSite","@id":"https:\/\/projetopack.com.br\/#website","url":"https:\/\/projetopack.com.br\/","name":"ProjetoPack","description":"Consultoria e servi\u00e7os para embalagens, r\u00f3tulos, etiquetas e processos de impress\u00e3o","publisher":{"@id":"https:\/\/projetopack.com.br\/#organization"},"potentialAction":[{"@type":"SearchAction","target":{"@type":"EntryPoint","urlTemplate":"https:\/\/projetopack.com.br\/?s={search_term_string}"},"query-input":{"@type":"PropertyValueSpecification","valueRequired":true,"valueName":"search_term_string"}}],"inLanguage":"en-US"},{"@type":"Organization","@id":"https:\/\/projetopack.com.br\/#organization","name":"ProjetoPack & Associados","url":"https:\/\/projetopack.com.br\/","logo":{"@type":"ImageObject","inLanguage":"en-US","@id":"https:\/\/projetopack.com.br\/#\/schema\/logo\/image\/","url":"https:\/\/projetopack.com.br\/wp-content\/uploads\/2020\/09\/projetopack.png","contentUrl":"https:\/\/projetopack.com.br\/wp-content\/uploads\/2020\/09\/projetopack.png","width":200,"height":200,"caption":"ProjetoPack & Associados"},"image":{"@id":"https:\/\/projetopack.com.br\/#\/schema\/logo\/image\/"},"sameAs":["https:\/\/x.com\/ProjetoPack","https:\/\/www.linkedin.com\/company\/projetopack\/"]},{"@type":"Person","@id":"https:\/\/projetopack.com.br\/#\/schema\/person\/d17c72a4bc2b7e461496dd8a14d4cef1","name":"Andrea","image":{"@type":"ImageObject","inLanguage":"en-US","@id":"https:\/\/projetopack.com.br\/#\/schema\/person\/image\/","url":"https:\/\/projetopack.com.br\/wp-content\/uploads\/2026\/03\/eu-150x150.jpg","contentUrl":"https:\/\/projetopack.com.br\/wp-content\/uploads\/2026\/03\/eu-150x150.jpg","caption":"Andrea"},"url":"https:\/\/projetopack.com.br\/en\/author\/andrea\/"}]}},"_links":{"self":[{"href":"https:\/\/projetopack.com.br\/en\/wp-json\/wp\/v2\/posts\/7846","targetHints":{"allow":["GET"]}}],"collection":[{"href":"https:\/\/projetopack.com.br\/en\/wp-json\/wp\/v2\/posts"}],"about":[{"href":"https:\/\/projetopack.com.br\/en\/wp-json\/wp\/v2\/types\/post"}],"author":[{"embeddable":true,"href":"https:\/\/projetopack.com.br\/en\/wp-json\/wp\/v2\/users\/18"}],"replies":[{"embeddable":true,"href":"https:\/\/projetopack.com.br\/en\/wp-json\/wp\/v2\/comments?post=7846"}],"version-history":[{"count":0,"href":"https:\/\/projetopack.com.br\/en\/wp-json\/wp\/v2\/posts\/7846\/revisions"}],"wp:featuredmedia":[{"embeddable":true,"href":"https:\/\/projetopack.com.br\/en\/wp-json\/wp\/v2\/media\/7847"}],"wp:attachment":[{"href":"https:\/\/projetopack.com.br\/en\/wp-json\/wp\/v2\/media?parent=7846"}],"wp:term":[{"taxonomy":"category","embeddable":true,"href":"https:\/\/projetopack.com.br\/en\/wp-json\/wp\/v2\/categories?post=7846"},{"taxonomy":"post_tag","embeddable":true,"href":"https:\/\/projetopack.com.br\/en\/wp-json\/wp\/v2\/tags?post=7846"}],"curies":[{"name":"wp","href":"https:\/\/api.w.org\/{rel}","templated":true}]}}